{"id":90186,"date":"2017-12-12T14:38:58","date_gmt":"2017-12-12T13:38:58","guid":{"rendered":"https:\/\/www.iemj.org\/comptines-et-autres-chansons-enfantines-2\/"},"modified":"2025-06-19T16:45:56","modified_gmt":"2025-06-19T14:45:56","slug":"comptines-et-autres-chansons-enfantines-2","status":"publish","type":"post","link":"https:\/\/www.iemj.org\/it\/comptines-et-autres-chansons-enfantines-2\/","title":{"rendered":"<strong>Filastrocche ed altre canzoni per bambini 2<\/strong>"},"content":{"rendered":"<p><strong>Il repertorio di canzoni per bambini<\/strong><\/p>\n<p><!--more--><img decoding=\"async\" class=\"wp-image-17123 alignright\" src=\"https:\/\/www.iemj.org\/wp-content\/uploads\/2017\/12\/doc_1_comptines_2_500px_42.jpg\" alt=\"doc_1_comptines_2_500px_42.jpg\" width=\"125\" height=\"132\" align=\"middle\" \/>Sotto l&#8217;apparente semplicit\u00e0 melodica e ritmica delle canzoni per bambini, vi \u00e8 spesso anche uno scopo pedagogico.<\/p>\n<p>Le filastrocche sono solitamente trasmesse per tradizione orale proprio come i detti, i proverbi ed i racconti. In effetti, l&#8217;uso di un ritmo e di suoni scanditi facilita l&#8217;apprendimento.<\/p>\n<\/p>\n<p>In particolare, questa playlist presenta una registrazione dell&#8217;alfabeto ebraico cantato da dei bambini dello Yemen &#8220;Aleph-bet: Apprendimento cantato dell\u2019alfabeto, Yemen&#8221; dal libro (accompagnato da un CD) <a href=\"https:\/\/www.iemj.org\/it\/musiques-liturgiques-juives\/\">Musiques liturgiques juives : Parcours et escales de Herv\u00e9 Roten (<u><em>Musiche liturgiche ebraiche: Percorsi e scali di Herv\u00e9 Roten<\/em>)<\/u><\/a><\/p>\n<p><a href=\"https:\/\/www.iemj.org\/it\/comptines-et-autres-chansons-enfantines-1\/\" target=\"_blank\" rel=\"noopener\">Ascoltare la prima playlist : Filastrocche ed altre canzoni per bambini 1<\/a><\/p>\n<p><img fetchpriority=\"high\" decoding=\"async\" class=\"wp-image-17121 alignleft\" src=\"https:\/\/www.iemj.org\/wp-content\/uploads\/2017\/12\/doc_2_comptines_2_500px_45.jpg\" alt=\"doc_2_comptines_2_500px_45.jpg\" width=\"359\" height=\"427\" align=\"right\" \/><\/p>\n<\/p>\n\n\n<h2 class=\"wp-block-heading\"><\/h2>\n\n\n\n<div class=\"wp-block-file\"><a id=\"wp-block-file--media-7fb736de-40f2-4b5a-8bc1-dcf64bf51e03\" href=\"https:\/\/www.iemj.org\/wp-content\/uploads\/2017\/12\/a_family_extrait_-_ruth_rubin.mp3\">A family (EXTRAIT) &#8211; Ruth Rubin<\/a><\/div>\n\n\n\n<div class=\"wp-block-file\"><a id=\"wp-block-file--media-e484ae3e-27cc-4572-a711-354ce305e42d\" href=\"https:\/\/www.iemj.org\/wp-content\/uploads\/2017\/12\/adlakat_hanerot_extrait_-_chansons_de_hanouka.mp3\">Adlakat Hanerot (EXTRAIT) &#8211; Chansons de Hanouka<\/a><\/div>\n\n\n\n<div class=\"wp-block-file\"><a id=\"wp-block-file--media-cd626a2a-e727-4953-8079-671b363dc4dc\" href=\"https:\/\/www.iemj.org\/wp-content\/uploads\/2017\/12\/amavdil_extrait_-_chansons_de_shabbat.mp3\">Amavdil (EXTRAIT) &#8211; Chansons de Shabbat<\/a><\/div>\n\n\n\n<div class=\"wp-block-file\"><a id=\"wp-block-file--media-133be221-b129-45ff-a5d9-8766551dd914\" href=\"https:\/\/www.iemj.org\/wp-content\/uploads\/2017\/12\/ani_pourim_extrait_-_chansons_de_pourim.mp3\">Ani Pourim (EXTRAIT) &#8211; Chansons de Pourim<\/a><\/div>\n\n\n\n<div class=\"wp-block-file\"><a id=\"wp-block-file--media-40608ccf-7d06-4431-bb0a-5b0e22561ae2\" href=\"https:\/\/www.iemj.org\/wp-content\/uploads\/2017\/12\/comptine_les_israeliens-_peuples_d_israel.mp3\">Comptine les Isra\u00e9liens &#8211; Peuples d&#8217;Isra\u00ebl<\/a><\/div>\n\n\n\n<div class=\"wp-block-file\"><a id=\"wp-block-file--media-c02d44dd-d286-4433-aa30-523a2cb3d5a9\" href=\"https:\/\/www.iemj.org\/wp-content\/uploads\/2017\/12\/gam_gam_-_les_chevatim.mp3\">Gam Gam &#8211; Les Chevatim<\/a><\/div>\n\n\n\n<div class=\"wp-block-file\"><a id=\"wp-block-file--media-f2736d46-1609-42fb-83c3-6b796ac9bb20\" href=\"https:\/\/www.iemj.org\/wp-content\/uploads\/2017\/12\/i_ask_-_shoshik_shani.mp3\">I ask &#8211; Shoshik Shani<\/a><\/div>\n\n\n\n<div class=\"wp-block-file\"><a id=\"wp-block-file--media-6ce9a482-472a-43d8-b25e-ff014fa27c39\" href=\"https:\/\/www.iemj.org\/wp-content\/uploads\/2017\/12\/joyful_choir_-_chava_alberstein.mp3\">Joyful choir &#8211; Chava Alberstein<\/a><\/div>\n\n\n<div class=\"wp-block-image\">\n<figure class=\"aligncenter size-large\"><img decoding=\"async\" width=\"1024\" height=\"133\" src=\"https:\/\/www.iemj.org\/wp-content\/uploads\/2024\/03\/AUDIO-PLAYER-1024x133.png\" alt=\"\" class=\"wp-image-110609\" srcset=\"https:\/\/www.iemj.org\/wp-content\/uploads\/2024\/03\/AUDIO-PLAYER-1024x133.png 1024w, https:\/\/www.iemj.org\/wp-content\/uploads\/2024\/03\/AUDIO-PLAYER-300x39.png 300w, https:\/\/www.iemj.org\/wp-content\/uploads\/2024\/03\/AUDIO-PLAYER-768x100.png 768w, https:\/\/www.iemj.org\/wp-content\/uploads\/2024\/03\/AUDIO-PLAYER-600x78.png 600w, https:\/\/www.iemj.org\/wp-content\/uploads\/2024\/03\/AUDIO-PLAYER.png 1210w\" sizes=\"(max-width: 1024px) 100vw, 1024px\" \/><\/figure>\n<\/div>\n\n\n<div class=\"wp-block-file\"><a id=\"wp-block-file--media-f619df0d-2671-4b79-bbb1-3004ddd30267\" href=\"https:\/\/www.iemj.org\/wp-content\/uploads\/2017\/12\/lomir_zingen_a_yidish_lid_-_let_s_sing_a_yiddish_song_.mp3\">Lomir Zingen a Yidish Lid &#8211; Let\u2019s Sing a Yiddish Song !<\/a><\/div>\n\n\n\n<div class=\"wp-block-file\"><a id=\"wp-block-file--media-2f0b14d5-ea4f-48cb-8ac2-c4c76ae9dd24\" href=\"https:\/\/www.iemj.org\/wp-content\/uploads\/2017\/12\/orkhim_lakhag_-_happy_holidays.mp3\">Orkhim Lakhag &#8211; Happy Holidays<\/a><\/div>\n\n\n\n<div class=\"wp-block-file\"><a id=\"wp-block-file--media-4a05ee79-f536-4fdb-bd86-9f4e7afbd8e6\" href=\"https:\/\/www.iemj.org\/wp-content\/uploads\/2017\/12\/shtey_oyf_foyler_bokher_-_let_s_sing_a_yiddish_song_.mp3\">Shtey Oyf Foyler Bokher &#8211; Let\u2019s Sing a Yiddish Song !<\/a><\/div>\n\n\n\n<div class=\"wp-block-file\"><a id=\"wp-block-file--media-ea0a6cd2-9a1b-4282-b77d-1b551586f1cc\" href=\"https:\/\/www.iemj.org\/wp-content\/uploads\/2017\/12\/tu_peux_sourire_-_les_chevatim.mp3\">Tu peux sourire &#8211; Les Chevatim<\/a><\/div>\n\n\n\n<div class=\"wp-block-file\"><a id=\"wp-block-file--media-dcd2e0db-f7c8-492d-a101-96c88a0889e5\" href=\"https:\/\/www.iemj.org\/wp-content\/uploads\/2017\/12\/yassisse_alaih_-_les_chevatim.mp3\">Yassisse Ala\u00efh &#8211; Les Chevatim<\/a><\/div>\n","protected":false},"excerpt":{"rendered":"<p>Il repertorio di canzoni per bambini<\/p>\n","protected":false},"author":1052,"featured_media":90182,"comment_status":"closed","ping_status":"open","sticky":false,"template":"","format":"standard","meta":{"_acf_changed":false,"footnotes":""},"categories":[1536],"tags":[],"technique":[],"squelettes":[],"sujet":[],"formation":[],"genre":[],"fonds":[],"tradition":[],"type-de-contenu":[],"interprete-compositeur":[],"frise":[],"type-devenement":[],"tableaux-liens-externes":[],"class_list":["post-90186","post","type-post","status-publish","format-standard","has-post-thumbnail","hentry","category-playlist-it"],"acf":[],"yoast_head":"<!-- This site is optimized with the Yoast SEO plugin v27.3 - https:\/\/yoast.com\/product\/yoast-seo-wordpress\/ -->\n<title>Filastrocche ed altre canzoni per bambini 2 - Institut Europ\u00e9en des Musiques Juives<\/title>\n<meta name=\"robots\" content=\"index, follow, max-snippet:-1, max-image-preview:large, max-video-preview:-1\" \/>\n<link rel=\"canonical\" href=\"https:\/\/www.iemj.org\/it\/comptines-et-autres-chansons-enfantines-2\/\" \/>\n<meta property=\"og:locale\" content=\"it_IT\" \/>\n<meta property=\"og:type\" content=\"article\" \/>\n<meta property=\"og:title\" content=\"Filastrocche ed altre canzoni per bambini 2 - Institut Europ\u00e9en des Musiques Juives\" \/>\n<meta property=\"og:description\" content=\"Il repertorio di canzoni per bambini\" \/>\n<meta property=\"og:url\" content=\"https:\/\/www.iemj.org\/it\/comptines-et-autres-chansons-enfantines-2\/\" \/>\n<meta property=\"og:site_name\" content=\"Institut Europ\u00e9en des Musiques Juives\" \/>\n<meta property=\"article:publisher\" content=\"https:\/\/www.facebook.com\/MusiquesJuives\/\" \/>\n<meta property=\"article:published_time\" content=\"2017-12-12T13:38:58+00:00\" \/>\n<meta property=\"article:modified_time\" content=\"2025-06-19T14:45:56+00:00\" \/>\n<meta property=\"og:image\" content=\"https:\/\/www.iemj.org\/wp-content\/uploads\/2017\/12\/arton2875.jpg\" \/>\n\t<meta property=\"og:image:width\" content=\"500\" \/>\n\t<meta property=\"og:image:height\" content=\"252\" \/>\n\t<meta property=\"og:image:type\" content=\"image\/jpeg\" \/>\n<meta name=\"author\" content=\"Lea Couderc\" \/>\n<meta name=\"twitter:card\" content=\"summary_large_image\" \/>\n<meta name=\"twitter:label1\" content=\"Scritto da\" \/>\n\t<meta name=\"twitter:data1\" content=\"Lea Couderc\" \/>\n\t<meta name=\"twitter:label2\" content=\"Tempo di lettura stimato\" \/>\n\t<meta name=\"twitter:data2\" content=\"2 minuti\" \/>\n<script type=\"application\/ld+json\" class=\"yoast-schema-graph\">{\"@context\":\"https:\\\/\\\/schema.org\",\"@graph\":[{\"@type\":\"Article\",\"@id\":\"https:\\\/\\\/www.iemj.org\\\/it\\\/comptines-et-autres-chansons-enfantines-2\\\/#article\",\"isPartOf\":{\"@id\":\"https:\\\/\\\/www.iemj.org\\\/it\\\/comptines-et-autres-chansons-enfantines-2\\\/\"},\"author\":{\"name\":\"Lea Couderc\",\"@id\":\"https:\\\/\\\/www.iemj.org\\\/it\\\/#\\\/schema\\\/person\\\/e2ad57f2c4be119c7ed8ab79036807a9\"},\"headline\":\"Filastrocche ed altre canzoni per bambini 2\",\"datePublished\":\"2017-12-12T13:38:58+00:00\",\"dateModified\":\"2025-06-19T14:45:56+00:00\",\"mainEntityOfPage\":{\"@id\":\"https:\\\/\\\/www.iemj.org\\\/it\\\/comptines-et-autres-chansons-enfantines-2\\\/\"},\"wordCount\":206,\"publisher\":{\"@id\":\"https:\\\/\\\/www.iemj.org\\\/it\\\/#organization\"},\"image\":{\"@id\":\"https:\\\/\\\/www.iemj.org\\\/it\\\/comptines-et-autres-chansons-enfantines-2\\\/#primaryimage\"},\"thumbnailUrl\":\"https:\\\/\\\/www.iemj.org\\\/wp-content\\\/uploads\\\/2017\\\/12\\\/arton2875.jpg\",\"articleSection\":[\"Playlist\"],\"inLanguage\":\"it-IT\"},{\"@type\":\"WebPage\",\"@id\":\"https:\\\/\\\/www.iemj.org\\\/it\\\/comptines-et-autres-chansons-enfantines-2\\\/\",\"url\":\"https:\\\/\\\/www.iemj.org\\\/it\\\/comptines-et-autres-chansons-enfantines-2\\\/\",\"name\":\"Filastrocche ed altre canzoni per bambini 2 - Institut Europ\u00e9en des Musiques Juives\",\"isPartOf\":{\"@id\":\"https:\\\/\\\/www.iemj.org\\\/it\\\/#website\"},\"primaryImageOfPage\":{\"@id\":\"https:\\\/\\\/www.iemj.org\\\/it\\\/comptines-et-autres-chansons-enfantines-2\\\/#primaryimage\"},\"image\":{\"@id\":\"https:\\\/\\\/www.iemj.org\\\/it\\\/comptines-et-autres-chansons-enfantines-2\\\/#primaryimage\"},\"thumbnailUrl\":\"https:\\\/\\\/www.iemj.org\\\/wp-content\\\/uploads\\\/2017\\\/12\\\/arton2875.jpg\",\"datePublished\":\"2017-12-12T13:38:58+00:00\",\"dateModified\":\"2025-06-19T14:45:56+00:00\",\"breadcrumb\":{\"@id\":\"https:\\\/\\\/www.iemj.org\\\/it\\\/comptines-et-autres-chansons-enfantines-2\\\/#breadcrumb\"},\"inLanguage\":\"it-IT\",\"potentialAction\":[{\"@type\":\"ReadAction\",\"target\":[\"https:\\\/\\\/www.iemj.org\\\/it\\\/comptines-et-autres-chansons-enfantines-2\\\/\"]}]},{\"@type\":\"ImageObject\",\"inLanguage\":\"it-IT\",\"@id\":\"https:\\\/\\\/www.iemj.org\\\/it\\\/comptines-et-autres-chansons-enfantines-2\\\/#primaryimage\",\"url\":\"https:\\\/\\\/www.iemj.org\\\/wp-content\\\/uploads\\\/2017\\\/12\\\/arton2875.jpg\",\"contentUrl\":\"https:\\\/\\\/www.iemj.org\\\/wp-content\\\/uploads\\\/2017\\\/12\\\/arton2875.jpg\",\"width\":500,\"height\":252},{\"@type\":\"BreadcrumbList\",\"@id\":\"https:\\\/\\\/www.iemj.org\\\/it\\\/comptines-et-autres-chansons-enfantines-2\\\/#breadcrumb\",\"itemListElement\":[{\"@type\":\"ListItem\",\"position\":1,\"name\":\"Accueil\",\"item\":\"https:\\\/\\\/www.iemj.org\\\/it\\\/\"},{\"@type\":\"ListItem\",\"position\":2,\"name\":\"Filastrocche ed altre canzoni per bambini 2\"}]},{\"@type\":\"WebSite\",\"@id\":\"https:\\\/\\\/www.iemj.org\\\/it\\\/#website\",\"url\":\"https:\\\/\\\/www.iemj.org\\\/it\\\/\",\"name\":\"Institut Europ\u00e9en des Musiques Juives\",\"description\":\"Des traditions musicales \u00e0 la port\u00e9e de tous\",\"publisher\":{\"@id\":\"https:\\\/\\\/www.iemj.org\\\/it\\\/#organization\"},\"potentialAction\":[{\"@type\":\"SearchAction\",\"target\":{\"@type\":\"EntryPoint\",\"urlTemplate\":\"https:\\\/\\\/www.iemj.org\\\/it\\\/?s={search_term_string}\"},\"query-input\":{\"@type\":\"PropertyValueSpecification\",\"valueRequired\":true,\"valueName\":\"search_term_string\"}}],\"inLanguage\":\"it-IT\"},{\"@type\":\"Organization\",\"@id\":\"https:\\\/\\\/www.iemj.org\\\/it\\\/#organization\",\"name\":\"Institut Europ\u00e9en des Musiques Juives\",\"url\":\"https:\\\/\\\/www.iemj.org\\\/it\\\/\",\"logo\":{\"@type\":\"ImageObject\",\"inLanguage\":\"it-IT\",\"@id\":\"https:\\\/\\\/www.iemj.org\\\/it\\\/#\\\/schema\\\/logo\\\/image\\\/\",\"url\":\"https:\\\/\\\/www.iemj.org\\\/wp-content\\\/uploads\\\/2021\\\/09\\\/Logo-IEMJ-Paypal.jpg\",\"contentUrl\":\"https:\\\/\\\/www.iemj.org\\\/wp-content\\\/uploads\\\/2021\\\/09\\\/Logo-IEMJ-Paypal.jpg\",\"width\":150,\"height\":50,\"caption\":\"Institut Europ\u00e9en des Musiques Juives\"},\"image\":{\"@id\":\"https:\\\/\\\/www.iemj.org\\\/it\\\/#\\\/schema\\\/logo\\\/image\\\/\"},\"sameAs\":[\"https:\\\/\\\/www.facebook.com\\\/MusiquesJuives\\\/\",\"https:\\\/\\\/www.instagram.com\\\/musiquesjuives\\\/\",\"https:\\\/\\\/www.youtube.com\\\/user\\\/musiquesjuives\"]},{\"@type\":\"Person\",\"@id\":\"https:\\\/\\\/www.iemj.org\\\/it\\\/#\\\/schema\\\/person\\\/e2ad57f2c4be119c7ed8ab79036807a9\",\"name\":\"Lea Couderc\",\"image\":{\"@type\":\"ImageObject\",\"inLanguage\":\"it-IT\",\"@id\":\"https:\\\/\\\/secure.gravatar.com\\\/avatar\\\/46ee021475d60aeff17a7e490b79dea5a5684bb392ab7fd1494027411df8ba23?s=96&d=mm&r=g\",\"url\":\"https:\\\/\\\/secure.gravatar.com\\\/avatar\\\/46ee021475d60aeff17a7e490b79dea5a5684bb392ab7fd1494027411df8ba23?s=96&d=mm&r=g\",\"contentUrl\":\"https:\\\/\\\/secure.gravatar.com\\\/avatar\\\/46ee021475d60aeff17a7e490b79dea5a5684bb392ab7fd1494027411df8ba23?s=96&d=mm&r=g\",\"caption\":\"Lea Couderc\"}}]}<\/script>\n<!-- \/ Yoast SEO plugin. -->","yoast_head_json":{"title":"Filastrocche ed altre canzoni per bambini 2 - Institut Europ\u00e9en des Musiques Juives","robots":{"index":"index","follow":"follow","max-snippet":"max-snippet:-1","max-image-preview":"max-image-preview:large","max-video-preview":"max-video-preview:-1"},"canonical":"https:\/\/www.iemj.org\/it\/comptines-et-autres-chansons-enfantines-2\/","og_locale":"it_IT","og_type":"article","og_title":"Filastrocche ed altre canzoni per bambini 2 - Institut Europ\u00e9en des Musiques Juives","og_description":"Il repertorio di canzoni per bambini","og_url":"https:\/\/www.iemj.org\/it\/comptines-et-autres-chansons-enfantines-2\/","og_site_name":"Institut Europ\u00e9en des Musiques Juives","article_publisher":"https:\/\/www.facebook.com\/MusiquesJuives\/","article_published_time":"2017-12-12T13:38:58+00:00","article_modified_time":"2025-06-19T14:45:56+00:00","og_image":[{"width":500,"height":252,"url":"https:\/\/www.iemj.org\/wp-content\/uploads\/2017\/12\/arton2875.jpg","type":"image\/jpeg"}],"author":"Lea Couderc","twitter_card":"summary_large_image","twitter_misc":{"Scritto da":"Lea Couderc","Tempo di lettura stimato":"2 minuti"},"schema":{"@context":"https:\/\/schema.org","@graph":[{"@type":"Article","@id":"https:\/\/www.iemj.org\/it\/comptines-et-autres-chansons-enfantines-2\/#article","isPartOf":{"@id":"https:\/\/www.iemj.org\/it\/comptines-et-autres-chansons-enfantines-2\/"},"author":{"name":"Lea Couderc","@id":"https:\/\/www.iemj.org\/it\/#\/schema\/person\/e2ad57f2c4be119c7ed8ab79036807a9"},"headline":"Filastrocche ed altre canzoni per bambini 2","datePublished":"2017-12-12T13:38:58+00:00","dateModified":"2025-06-19T14:45:56+00:00","mainEntityOfPage":{"@id":"https:\/\/www.iemj.org\/it\/comptines-et-autres-chansons-enfantines-2\/"},"wordCount":206,"publisher":{"@id":"https:\/\/www.iemj.org\/it\/#organization"},"image":{"@id":"https:\/\/www.iemj.org\/it\/comptines-et-autres-chansons-enfantines-2\/#primaryimage"},"thumbnailUrl":"https:\/\/www.iemj.org\/wp-content\/uploads\/2017\/12\/arton2875.jpg","articleSection":["Playlist"],"inLanguage":"it-IT"},{"@type":"WebPage","@id":"https:\/\/www.iemj.org\/it\/comptines-et-autres-chansons-enfantines-2\/","url":"https:\/\/www.iemj.org\/it\/comptines-et-autres-chansons-enfantines-2\/","name":"Filastrocche ed altre canzoni per bambini 2 - Institut Europ\u00e9en des Musiques Juives","isPartOf":{"@id":"https:\/\/www.iemj.org\/it\/#website"},"primaryImageOfPage":{"@id":"https:\/\/www.iemj.org\/it\/comptines-et-autres-chansons-enfantines-2\/#primaryimage"},"image":{"@id":"https:\/\/www.iemj.org\/it\/comptines-et-autres-chansons-enfantines-2\/#primaryimage"},"thumbnailUrl":"https:\/\/www.iemj.org\/wp-content\/uploads\/2017\/12\/arton2875.jpg","datePublished":"2017-12-12T13:38:58+00:00","dateModified":"2025-06-19T14:45:56+00:00","breadcrumb":{"@id":"https:\/\/www.iemj.org\/it\/comptines-et-autres-chansons-enfantines-2\/#breadcrumb"},"inLanguage":"it-IT","potentialAction":[{"@type":"ReadAction","target":["https:\/\/www.iemj.org\/it\/comptines-et-autres-chansons-enfantines-2\/"]}]},{"@type":"ImageObject","inLanguage":"it-IT","@id":"https:\/\/www.iemj.org\/it\/comptines-et-autres-chansons-enfantines-2\/#primaryimage","url":"https:\/\/www.iemj.org\/wp-content\/uploads\/2017\/12\/arton2875.jpg","contentUrl":"https:\/\/www.iemj.org\/wp-content\/uploads\/2017\/12\/arton2875.jpg","width":500,"height":252},{"@type":"BreadcrumbList","@id":"https:\/\/www.iemj.org\/it\/comptines-et-autres-chansons-enfantines-2\/#breadcrumb","itemListElement":[{"@type":"ListItem","position":1,"name":"Accueil","item":"https:\/\/www.iemj.org\/it\/"},{"@type":"ListItem","position":2,"name":"Filastrocche ed altre canzoni per bambini 2"}]},{"@type":"WebSite","@id":"https:\/\/www.iemj.org\/it\/#website","url":"https:\/\/www.iemj.org\/it\/","name":"Institut Europ\u00e9en des Musiques Juives","description":"Des traditions musicales \u00e0 la port\u00e9e de tous","publisher":{"@id":"https:\/\/www.iemj.org\/it\/#organization"},"potentialAction":[{"@type":"SearchAction","target":{"@type":"EntryPoint","urlTemplate":"https:\/\/www.iemj.org\/it\/?s={search_term_string}"},"query-input":{"@type":"PropertyValueSpecification","valueRequired":true,"valueName":"search_term_string"}}],"inLanguage":"it-IT"},{"@type":"Organization","@id":"https:\/\/www.iemj.org\/it\/#organization","name":"Institut Europ\u00e9en des Musiques Juives","url":"https:\/\/www.iemj.org\/it\/","logo":{"@type":"ImageObject","inLanguage":"it-IT","@id":"https:\/\/www.iemj.org\/it\/#\/schema\/logo\/image\/","url":"https:\/\/www.iemj.org\/wp-content\/uploads\/2021\/09\/Logo-IEMJ-Paypal.jpg","contentUrl":"https:\/\/www.iemj.org\/wp-content\/uploads\/2021\/09\/Logo-IEMJ-Paypal.jpg","width":150,"height":50,"caption":"Institut Europ\u00e9en des Musiques Juives"},"image":{"@id":"https:\/\/www.iemj.org\/it\/#\/schema\/logo\/image\/"},"sameAs":["https:\/\/www.facebook.com\/MusiquesJuives\/","https:\/\/www.instagram.com\/musiquesjuives\/","https:\/\/www.youtube.com\/user\/musiquesjuives"]},{"@type":"Person","@id":"https:\/\/www.iemj.org\/it\/#\/schema\/person\/e2ad57f2c4be119c7ed8ab79036807a9","name":"Lea Couderc","image":{"@type":"ImageObject","inLanguage":"it-IT","@id":"https:\/\/secure.gravatar.com\/avatar\/46ee021475d60aeff17a7e490b79dea5a5684bb392ab7fd1494027411df8ba23?s=96&d=mm&r=g","url":"https:\/\/secure.gravatar.com\/avatar\/46ee021475d60aeff17a7e490b79dea5a5684bb392ab7fd1494027411df8ba23?s=96&d=mm&r=g","contentUrl":"https:\/\/secure.gravatar.com\/avatar\/46ee021475d60aeff17a7e490b79dea5a5684bb392ab7fd1494027411df8ba23?s=96&d=mm&r=g","caption":"Lea Couderc"}}]}},"_links":{"self":[{"href":"https:\/\/www.iemj.org\/it\/wp-json\/wp\/v2\/posts\/90186","targetHints":{"allow":["GET"]}}],"collection":[{"href":"https:\/\/www.iemj.org\/it\/wp-json\/wp\/v2\/posts"}],"about":[{"href":"https:\/\/www.iemj.org\/it\/wp-json\/wp\/v2\/types\/post"}],"author":[{"embeddable":true,"href":"https:\/\/www.iemj.org\/it\/wp-json\/wp\/v2\/users\/1052"}],"replies":[{"embeddable":true,"href":"https:\/\/www.iemj.org\/it\/wp-json\/wp\/v2\/comments?post=90186"}],"version-history":[{"count":0,"href":"https:\/\/www.iemj.org\/it\/wp-json\/wp\/v2\/posts\/90186\/revisions"}],"wp:featuredmedia":[{"embeddable":true,"href":"https:\/\/www.iemj.org\/it\/wp-json\/wp\/v2\/media\/90182"}],"wp:attachment":[{"href":"https:\/\/www.iemj.org\/it\/wp-json\/wp\/v2\/media?parent=90186"}],"wp:term":[{"taxonomy":"category","embeddable":true,"href":"https:\/\/www.iemj.org\/it\/wp-json\/wp\/v2\/categories?post=90186"},{"taxonomy":"post_tag","embeddable":true,"href":"https:\/\/www.iemj.org\/it\/wp-json\/wp\/v2\/tags?post=90186"},{"taxonomy":"technique","embeddable":true,"href":"https:\/\/www.iemj.org\/it\/wp-json\/wp\/v2\/technique?post=90186"},{"taxonomy":"squelettes","embeddable":true,"href":"https:\/\/www.iemj.org\/it\/wp-json\/wp\/v2\/squelettes?post=90186"},{"taxonomy":"sujet","embeddable":true,"href":"https:\/\/www.iemj.org\/it\/wp-json\/wp\/v2\/sujet?post=90186"},{"taxonomy":"formation","embeddable":true,"href":"https:\/\/www.iemj.org\/it\/wp-json\/wp\/v2\/formation?post=90186"},{"taxonomy":"genre","embeddable":true,"href":"https:\/\/www.iemj.org\/it\/wp-json\/wp\/v2\/genre?post=90186"},{"taxonomy":"fonds","embeddable":true,"href":"https:\/\/www.iemj.org\/it\/wp-json\/wp\/v2\/fonds?post=90186"},{"taxonomy":"tradition","embeddable":true,"href":"https:\/\/www.iemj.org\/it\/wp-json\/wp\/v2\/tradition?post=90186"},{"taxonomy":"type-de-contenu","embeddable":true,"href":"https:\/\/www.iemj.org\/it\/wp-json\/wp\/v2\/type-de-contenu?post=90186"},{"taxonomy":"interprete-compositeur","embeddable":true,"href":"https:\/\/www.iemj.org\/it\/wp-json\/wp\/v2\/interprete-compositeur?post=90186"},{"taxonomy":"frise","embeddable":true,"href":"https:\/\/www.iemj.org\/it\/wp-json\/wp\/v2\/frise?post=90186"},{"taxonomy":"type-devenement","embeddable":true,"href":"https:\/\/www.iemj.org\/it\/wp-json\/wp\/v2\/type-devenement?post=90186"},{"taxonomy":"tableaux-liens-externes","embeddable":true,"href":"https:\/\/www.iemj.org\/it\/wp-json\/wp\/v2\/tableaux-liens-externes?post=90186"}],"curies":[{"name":"wp","href":"https:\/\/api.w.org\/{rel}","templated":true}]}}