{"id":90208,"date":"2017-05-11T11:20:41","date_gmt":"2017-05-11T09:20:41","guid":{"rendered":"https:\/\/www.iemj.org\/lag-baomer\/"},"modified":"2025-06-19T13:08:11","modified_gmt":"2025-06-19T11:08:11","slug":"lag-baomer","status":"publish","type":"post","link":"https:\/\/www.iemj.org\/it\/lag-baomer\/","title":{"rendered":"Lag Baomer"},"content":{"rendered":"<p><strong>Lag Ba&#8217;omer (33\u00b0 giorno dell&#8217;Omer) \u00e8 una festa minore del calendario ebraico celebrata il 18 Iyyar, tra Pasqua e Shavuot<\/strong><\/p>\n<p><!--more--><\/p>\n<p>L&#8217;origine di questa festa rimane incerta e sono state avanzate diverse spiegazioni sul significato di questa festa:<\/p>\n<p><strong>&#8211; La fine dell&#8217;epidemia che colpisce i discepoli di Rabbi Aqiva<\/strong><\/p>\n<p>Secondo la credenza popolare, migliaia di seguaci di Rabbi Akiva \u2013 uno dei pi\u00f9 importanti insegnanti del periodo successivo alla distruzione del Secondo Tempio \u2013 morirono durante un&#8217;epidemia tra Pasqua e Shavuot. Questa epidemia termin\u00f2 dopo 33 giorni (Lag ba-Omer include le lettere ebraiche lamed e gimmel il cui valore numerico addizionato \u00e8 33).<\/p>\n<p><strong style=\"font-size: inherit;\">&#8211; <\/strong><strong>La vittoria militare di breve durata di Bar Kokhba su Roma<img fetchpriority=\"high\" decoding=\"async\" class=\" alignright size-full wp-image-14070\" src=\"https:\/\/www.iemj.org\/wp-content\/uploads\/2017\/05\/djerba_syna_la_ghriba_1994-09_500px55.jpg\" alt=\"djerba_syna_la_ghriba_1994-09_500px55.jpg\" width=\"275\" height=\"407\" align=\"right\" srcset=\"https:\/\/www.iemj.org\/wp-content\/uploads\/2017\/05\/djerba_syna_la_ghriba_1994-09_500px55.jpg 275w, https:\/\/www.iemj.org\/wp-content\/uploads\/2017\/05\/djerba_syna_la_ghriba_1994-09_500px55-203x300.jpg 203w\" sizes=\"(max-width: 275px) 100vw, 275px\" \/><\/strong><\/p>\n<p>Un&#8217;altra ipotesi relativa a questa festa \u00e8 che l&#8217;esercito di Bar Kokhba, dopo aver subito delle sconfitte per lungo tempo, abbia finalmente vinto contro l&#8217;esercito romano il 33\u00b0 giorno del periodo omer. Questa vittoria, seppur di breve durata, sollev\u00f2 il morale del popolo, al punto da essere oggetto di una commemorazione annuale nel giorno di Lag ba-Omer<\/p>\n<p><strong>&#8211; L&#8217;anniversario della morte di Rabbi Shimon bar Yoha\u00ef<\/strong><\/p>\n<p>Lag ba-Omer celebrerebbe l&#8217;anniversario della morte di Rabbi Shimon bar Yoha\u00ef, il grande Saggio a cui si attribuisce il trattato mistico dello Zohar, od almeno il suo nucleo.<\/p>\n<p><strong>&#8211; Celebrazione di Lag ba-Omer<\/strong><\/p>\n<p>Lag ba-Omer costituisce una pausa nel periodo di lutto dell&#8217;Omer, durante il quale gli ebrei religiosi evitano il taglio dei capelli e la rasatura, i matrimoni non vengono eseguiti, la musica non \u00e8 consentita e non sono consentite feste pubbliche.<\/p>\n<p>Tutte queste restrizioni sono temporaneamente revocate per Lag ba-Omer. \u00c8 consuetudine accendere fal\u00f2, fare dei picnic mentre i bambini giocano con archi e frecce<\/p>\n<div style=\"text-align: center;\">\n<div style=\"margin: 8px 0px 4px;\"><a href=\"http:\/\/www.calameo.com\/books\/00461274919584f1d43ef\" target=\"_blank\" rel=\"noopener noreferrer\">Programma della cerimonia di Lag Baomer<\/a><\/div>\n<p><iframe style=\"margin: 0 auto;\" src=\"\/\/v.calameo.com\/?bkcode=00461274919584f1d43ef&amp;mode=mini\" width=\"480\" height=\"300\" frameborder=\"0\" scrolling=\"no\" allowfullscreen=\"allowfullscreen\"><\/iframe><\/p>\n<div style=\"margin: 4px 0px 8px;\">\n<p><a href=\"http:\/\/www.calameo.com\/\">Leggere altre publicazioni su Calam\u00e9o<\/a><\/p>\n<\/div>\n<\/div>\n<p>La festa trova terreno particolarmente fertile tra gli ebrei del Nord Africa, dove il culto di Rabbi Shimon bar Yoha\u00ef si unisce a quello dei santi, tipico della cultura magrebina. Compaiono molte usanze come la veglia di studio, l&#8217;allestimento di un <em>pinat Rashb&#8221;i<\/em> (&#8220;l&#8217;angolo di Rabbi Shimon bar Yoha\u00ef&#8221;) nelle case, le processioni con candele e profumi ed i pellegrinaggi (come quello della Ghriba di Djerba). Questa festa \u00e8 anche un momento importante per i hassidim che si riuniscono a decine di migliaia sul monte Meron, nell&#8217;alta Galilea, dove riposano Shimon bar Yoha\u00ef, suo figlio El\u00e9azar bar Shimon e altri saggi come Hillel e Shamma\u00ef. Il pellegrinaggio di Meron \u00e8 caratterizzato da una forte attivit\u00e0 musicale, come \u00e8 consuetudine tra i hassidim.<\/p>\n<p>In Israele, infine, Lag Ba&#8217;omer \u00e8 diventata una delle principali festivit\u00e0 del calendario sionista. In questa data furono ufficialmente fondate importanti istituzioni, tra cui le Palmah, la forza armata d&#8217;\u00e9lite dell&#8217;Hagana, e la Gadna, brigate giovanili. Entrambe prendono come emblema i due grandi simboli della festa, ovvero rispettivamente i fuochi e l&#8217;arco per le frecce. I fuochi si sviluppano ovunque e fungono da punto di raduno, a simboleggiare la vita militare e la vittoria. L\u00ec vengono cantate canzoni appena composte, tra cui Bar Kokhba, che sostituisce Bar Yoha\u00ef.<\/p>\n<p><span style=\"color: #000000;\"><b>Herv\u00e9 Roten<\/b><\/span><\/p>\n<p><strong>Fonti:<\/strong><\/p>\n<p><span style=\"color: black;\">&#8211; <a href=\"https:\/\/fr.wikipedia.org\/wiki\/Lag_Ba%27omer\" target=\"_blank\" rel=\"noopener\">https:\/\/it.wikipedia.org\/wiki\/Lag_Ba%27omer<\/a><\/span><\/p>\n<p><span style=\"color: black;\">&#8211; <a href=\"http:\/\/icalendrier.fr\/religion\/fetes-juives\/lag-baomer\">http:\/\/icalendrier.fr\/religion\/fetes-juives\/lag-baomer<\/a><\/span><\/p>\n\n<div class=\"wp-block-image\">\n<figure class=\"aligncenter size-large\"><img decoding=\"async\" width=\"1024\" height=\"133\" src=\"https:\/\/www.iemj.org\/wp-content\/uploads\/2024\/03\/AUDIO-PLAYER-1024x133.png\" alt=\"\" class=\"wp-image-110609\" srcset=\"https:\/\/www.iemj.org\/wp-content\/uploads\/2024\/03\/AUDIO-PLAYER-1024x133.png 1024w, https:\/\/www.iemj.org\/wp-content\/uploads\/2024\/03\/AUDIO-PLAYER-300x39.png 300w, https:\/\/www.iemj.org\/wp-content\/uploads\/2024\/03\/AUDIO-PLAYER-768x100.png 768w, https:\/\/www.iemj.org\/wp-content\/uploads\/2024\/03\/AUDIO-PLAYER-600x78.png 600w, https:\/\/www.iemj.org\/wp-content\/uploads\/2024\/03\/AUDIO-PLAYER.png 1210w\" sizes=\"(max-width: 1024px) 100vw, 1024px\" \/><\/figure>\n<\/div>\n\n\n<div class=\"wp-block-file\"><a id=\"wp-block-file--media-7dee066e-d41f-4ab4-a6b2-dae4839045e3\" href=\"https:\/\/www.iemj.org\/wp-content\/uploads\/2017\/05\/amar_rabbi_akiva_-_wa_amartem_koh_le-hay_-_hassidic_tunes_of_dancing_rejoicing.mp3\">Amar Rabbi Akiva &#8211; Wa\u2019amartem Koh le-hay &#8211; Hassidic Tunes of Dancing &amp; Rejoicing<\/a><\/div>\n\n\n\n<div class=\"wp-block-file\"><a id=\"wp-block-file--media-fba6ddda-0aec-4d63-bf58-651fe858e2b0\" href=\"https:\/\/www.iemj.org\/wp-content\/uploads\/2017\/05\/bar_kokhba_-_an_anthology_of_100_israeli_nursery_rhymes.mp3\">Bar Kokhba &#8211; An anthology of 100 Israeli nursery rhymes<\/a><\/div>\n\n\n\n<div class=\"wp-block-file\"><a id=\"wp-block-file--media-8bb00c2d-eb57-4444-86fd-cdddf1cf4c99\" href=\"https:\/\/www.iemj.org\/wp-content\/uploads\/2017\/05\/bar_kokhba_helene_engel_extrait_.mp3\">Bar Kokhba_Helene Engel (EXTRAIT)<\/a><\/div>\n\n\n\n<div class=\"wp-block-file\"><a id=\"wp-block-file--media-115b704a-df14-42d6-a1df-6ce89106a657\" href=\"https:\/\/www.iemj.org\/wp-content\/uploads\/2017\/05\/bar_yoh_ai_-_musique_liturgiques_juives_extrait_du_livre_de_herve_roten_.mp3\">Bar Yoh\u2019a\u00ef &#8211; Musique liturgiques juives (EXTRAIT du livre de Herv\u00e9 Roten)<\/a><\/div>\n\n\n\n<div class=\"wp-block-file\"><a id=\"wp-block-file--media-7f069d76-4ce3-477f-9b4b-839e5dfbfba1\" href=\"https:\/\/www.iemj.org\/wp-content\/uploads\/2017\/05\/bar_yohay_rite_sefarade_.mp3\">Bar Yohay (Rite S\u00e9farade)<\/a><\/div>\n\n\n\n<div class=\"wp-block-file\"><a id=\"wp-block-file--media-51f04a74-830d-4611-97ee-dbf33d219f6e\" href=\"https:\/\/www.iemj.org\/wp-content\/uploads\/2017\/05\/efta_h_pi_berina_-_haik_georges_e._grand_rabbin_.mp3\">Efta\u2019h pi berina &#8211; Georges E Haik. [Grand Rabbin]<\/a><\/div>\n\n\n\n<div class=\"wp-block-file\"><a id=\"wp-block-file--media-aed1807c-b471-4113-af58-b91fe535ee91\" href=\"https:\/\/www.iemj.org\/wp-content\/uploads\/2017\/05\/kachtenu_al_chikhmenou_-_an_anthology_of_100_israeli_nursery_rhymes.mp3\">Kachtenu al chikhmenou &#8211; An anthology of 100 Israeli nursery rhymes<\/a><\/div>\n\n\n\n<div class=\"wp-block-file\"><a id=\"wp-block-file--media-ce9de523-8a3b-4ac5-83b0-7cdbbc54a40f\" href=\"https:\/\/www.iemj.org\/wp-content\/uploads\/2017\/05\/medley_of_meron_tunes_-_the_hasidic_niggun_as_sung_by_the_hassidim_extrait_.mp3\">Medley of Meron tunes &#8211; The Hasidic niggun as sung by the Hassidim (EXTRAIT)<\/a><\/div>\n\n\n\n<div class=\"wp-block-file\"><a id=\"wp-block-file--media-5e76efaa-c3fd-4a1c-a56b-b35c2dbbf369\" href=\"https:\/\/www.iemj.org\/wp-content\/uploads\/2017\/05\/un_diya_rite_sefarade_.mp3\">Un Diya (Rite S\u00e9farade)<\/a><\/div>\n","protected":false},"excerpt":{"rendered":"<p>Lag Ba&#8217;omer (33\u00b0 giorno dell&#8217;Omer) \u00e8 una festa minore del calendario ebraico celebrata il 18 Iyyar, tra Pasqua e Shavuot<\/p>\n","protected":false},"author":1052,"featured_media":90209,"comment_status":"closed","ping_status":"open","sticky":false,"template":"","format":"standard","meta":{"_acf_changed":false,"footnotes":""},"categories":[1536],"tags":[],"technique":[],"squelettes":[],"sujet":[],"formation":[],"genre":[1892],"fonds":[],"tradition":[],"type-de-contenu":[],"interprete-compositeur":[],"frise":[],"type-devenement":[],"tableaux-liens-externes":[],"class_list":["post-90208","post","type-post","status-publish","format-standard","has-post-thumbnail","hentry","category-playlist-it","genre-liturgia-it"],"acf":[],"yoast_head":"<!-- This site is optimized with the Yoast SEO plugin v27.3 - https:\/\/yoast.com\/product\/yoast-seo-wordpress\/ -->\n<title>Lag Baomer - Institut Europ\u00e9en des Musiques Juives<\/title>\n<meta name=\"robots\" content=\"index, follow, max-snippet:-1, max-image-preview:large, max-video-preview:-1\" \/>\n<link rel=\"canonical\" href=\"https:\/\/www.iemj.org\/it\/lag-baomer\/\" \/>\n<meta property=\"og:locale\" content=\"it_IT\" \/>\n<meta property=\"og:type\" content=\"article\" \/>\n<meta property=\"og:title\" content=\"Lag Baomer - Institut Europ\u00e9en des Musiques Juives\" \/>\n<meta property=\"og:description\" content=\"Lag Ba&#8217;omer (33\u00b0 giorno dell&#8217;Omer) \u00e8 una festa minore del calendario ebraico celebrata il 18 Iyyar, tra Pasqua e Shavuot\" \/>\n<meta property=\"og:url\" content=\"https:\/\/www.iemj.org\/it\/lag-baomer\/\" \/>\n<meta property=\"og:site_name\" content=\"Institut Europ\u00e9en des Musiques Juives\" \/>\n<meta property=\"article:publisher\" content=\"https:\/\/www.facebook.com\/MusiquesJuives\/\" \/>\n<meta property=\"article:published_time\" content=\"2017-05-11T09:20:41+00:00\" \/>\n<meta property=\"article:modified_time\" content=\"2025-06-19T11:08:11+00:00\" \/>\n<meta property=\"og:image\" content=\"https:\/\/www.iemj.org\/wp-content\/uploads\/2017\/05\/arton2294.jpg\" \/>\n\t<meta property=\"og:image:width\" content=\"500\" \/>\n\t<meta property=\"og:image:height\" content=\"451\" \/>\n\t<meta property=\"og:image:type\" content=\"image\/jpeg\" \/>\n<meta name=\"author\" content=\"Lea Couderc\" \/>\n<meta name=\"twitter:card\" content=\"summary_large_image\" \/>\n<meta name=\"twitter:label1\" content=\"Scritto da\" \/>\n\t<meta name=\"twitter:data1\" content=\"Lea Couderc\" \/>\n\t<meta name=\"twitter:label2\" content=\"Tempo di lettura stimato\" \/>\n\t<meta name=\"twitter:data2\" content=\"4 minuti\" \/>\n<script type=\"application\/ld+json\" class=\"yoast-schema-graph\">{\"@context\":\"https:\\\/\\\/schema.org\",\"@graph\":[{\"@type\":\"Article\",\"@id\":\"https:\\\/\\\/www.iemj.org\\\/it\\\/lag-baomer\\\/#article\",\"isPartOf\":{\"@id\":\"https:\\\/\\\/www.iemj.org\\\/it\\\/lag-baomer\\\/\"},\"author\":{\"name\":\"Lea Couderc\",\"@id\":\"https:\\\/\\\/www.iemj.org\\\/it\\\/#\\\/schema\\\/person\\\/e2ad57f2c4be119c7ed8ab79036807a9\"},\"headline\":\"Lag Baomer\",\"datePublished\":\"2017-05-11T09:20:41+00:00\",\"dateModified\":\"2025-06-19T11:08:11+00:00\",\"mainEntityOfPage\":{\"@id\":\"https:\\\/\\\/www.iemj.org\\\/it\\\/lag-baomer\\\/\"},\"wordCount\":610,\"publisher\":{\"@id\":\"https:\\\/\\\/www.iemj.org\\\/it\\\/#organization\"},\"image\":{\"@id\":\"https:\\\/\\\/www.iemj.org\\\/it\\\/lag-baomer\\\/#primaryimage\"},\"thumbnailUrl\":\"https:\\\/\\\/www.iemj.org\\\/wp-content\\\/uploads\\\/2017\\\/05\\\/arton2294.jpg\",\"articleSection\":[\"Playlist\"],\"inLanguage\":\"it-IT\"},{\"@type\":\"WebPage\",\"@id\":\"https:\\\/\\\/www.iemj.org\\\/it\\\/lag-baomer\\\/\",\"url\":\"https:\\\/\\\/www.iemj.org\\\/it\\\/lag-baomer\\\/\",\"name\":\"Lag Baomer - Institut Europ\u00e9en des Musiques Juives\",\"isPartOf\":{\"@id\":\"https:\\\/\\\/www.iemj.org\\\/it\\\/#website\"},\"primaryImageOfPage\":{\"@id\":\"https:\\\/\\\/www.iemj.org\\\/it\\\/lag-baomer\\\/#primaryimage\"},\"image\":{\"@id\":\"https:\\\/\\\/www.iemj.org\\\/it\\\/lag-baomer\\\/#primaryimage\"},\"thumbnailUrl\":\"https:\\\/\\\/www.iemj.org\\\/wp-content\\\/uploads\\\/2017\\\/05\\\/arton2294.jpg\",\"datePublished\":\"2017-05-11T09:20:41+00:00\",\"dateModified\":\"2025-06-19T11:08:11+00:00\",\"breadcrumb\":{\"@id\":\"https:\\\/\\\/www.iemj.org\\\/it\\\/lag-baomer\\\/#breadcrumb\"},\"inLanguage\":\"it-IT\",\"potentialAction\":[{\"@type\":\"ReadAction\",\"target\":[\"https:\\\/\\\/www.iemj.org\\\/it\\\/lag-baomer\\\/\"]}]},{\"@type\":\"ImageObject\",\"inLanguage\":\"it-IT\",\"@id\":\"https:\\\/\\\/www.iemj.org\\\/it\\\/lag-baomer\\\/#primaryimage\",\"url\":\"https:\\\/\\\/www.iemj.org\\\/wp-content\\\/uploads\\\/2017\\\/05\\\/arton2294.jpg\",\"contentUrl\":\"https:\\\/\\\/www.iemj.org\\\/wp-content\\\/uploads\\\/2017\\\/05\\\/arton2294.jpg\",\"width\":500,\"height\":451},{\"@type\":\"BreadcrumbList\",\"@id\":\"https:\\\/\\\/www.iemj.org\\\/it\\\/lag-baomer\\\/#breadcrumb\",\"itemListElement\":[{\"@type\":\"ListItem\",\"position\":1,\"name\":\"Accueil\",\"item\":\"https:\\\/\\\/www.iemj.org\\\/it\\\/\"},{\"@type\":\"ListItem\",\"position\":2,\"name\":\"Lag Baomer\"}]},{\"@type\":\"WebSite\",\"@id\":\"https:\\\/\\\/www.iemj.org\\\/it\\\/#website\",\"url\":\"https:\\\/\\\/www.iemj.org\\\/it\\\/\",\"name\":\"Institut Europ\u00e9en des Musiques Juives\",\"description\":\"Des traditions musicales \u00e0 la port\u00e9e de tous\",\"publisher\":{\"@id\":\"https:\\\/\\\/www.iemj.org\\\/it\\\/#organization\"},\"potentialAction\":[{\"@type\":\"SearchAction\",\"target\":{\"@type\":\"EntryPoint\",\"urlTemplate\":\"https:\\\/\\\/www.iemj.org\\\/it\\\/?s={search_term_string}\"},\"query-input\":{\"@type\":\"PropertyValueSpecification\",\"valueRequired\":true,\"valueName\":\"search_term_string\"}}],\"inLanguage\":\"it-IT\"},{\"@type\":\"Organization\",\"@id\":\"https:\\\/\\\/www.iemj.org\\\/it\\\/#organization\",\"name\":\"Institut Europ\u00e9en des Musiques Juives\",\"url\":\"https:\\\/\\\/www.iemj.org\\\/it\\\/\",\"logo\":{\"@type\":\"ImageObject\",\"inLanguage\":\"it-IT\",\"@id\":\"https:\\\/\\\/www.iemj.org\\\/it\\\/#\\\/schema\\\/logo\\\/image\\\/\",\"url\":\"https:\\\/\\\/www.iemj.org\\\/wp-content\\\/uploads\\\/2021\\\/09\\\/Logo-IEMJ-Paypal.jpg\",\"contentUrl\":\"https:\\\/\\\/www.iemj.org\\\/wp-content\\\/uploads\\\/2021\\\/09\\\/Logo-IEMJ-Paypal.jpg\",\"width\":150,\"height\":50,\"caption\":\"Institut Europ\u00e9en des Musiques Juives\"},\"image\":{\"@id\":\"https:\\\/\\\/www.iemj.org\\\/it\\\/#\\\/schema\\\/logo\\\/image\\\/\"},\"sameAs\":[\"https:\\\/\\\/www.facebook.com\\\/MusiquesJuives\\\/\",\"https:\\\/\\\/www.instagram.com\\\/musiquesjuives\\\/\",\"https:\\\/\\\/www.youtube.com\\\/user\\\/musiquesjuives\"]},{\"@type\":\"Person\",\"@id\":\"https:\\\/\\\/www.iemj.org\\\/it\\\/#\\\/schema\\\/person\\\/e2ad57f2c4be119c7ed8ab79036807a9\",\"name\":\"Lea Couderc\",\"image\":{\"@type\":\"ImageObject\",\"inLanguage\":\"it-IT\",\"@id\":\"https:\\\/\\\/secure.gravatar.com\\\/avatar\\\/46ee021475d60aeff17a7e490b79dea5a5684bb392ab7fd1494027411df8ba23?s=96&d=mm&r=g\",\"url\":\"https:\\\/\\\/secure.gravatar.com\\\/avatar\\\/46ee021475d60aeff17a7e490b79dea5a5684bb392ab7fd1494027411df8ba23?s=96&d=mm&r=g\",\"contentUrl\":\"https:\\\/\\\/secure.gravatar.com\\\/avatar\\\/46ee021475d60aeff17a7e490b79dea5a5684bb392ab7fd1494027411df8ba23?s=96&d=mm&r=g\",\"caption\":\"Lea Couderc\"}}]}<\/script>\n<!-- \/ Yoast SEO plugin. -->","yoast_head_json":{"title":"Lag Baomer - Institut Europ\u00e9en des Musiques Juives","robots":{"index":"index","follow":"follow","max-snippet":"max-snippet:-1","max-image-preview":"max-image-preview:large","max-video-preview":"max-video-preview:-1"},"canonical":"https:\/\/www.iemj.org\/it\/lag-baomer\/","og_locale":"it_IT","og_type":"article","og_title":"Lag Baomer - Institut Europ\u00e9en des Musiques Juives","og_description":"Lag Ba&#8217;omer (33\u00b0 giorno dell&#8217;Omer) \u00e8 una festa minore del calendario ebraico celebrata il 18 Iyyar, tra Pasqua e Shavuot","og_url":"https:\/\/www.iemj.org\/it\/lag-baomer\/","og_site_name":"Institut Europ\u00e9en des Musiques Juives","article_publisher":"https:\/\/www.facebook.com\/MusiquesJuives\/","article_published_time":"2017-05-11T09:20:41+00:00","article_modified_time":"2025-06-19T11:08:11+00:00","og_image":[{"width":500,"height":451,"url":"https:\/\/www.iemj.org\/wp-content\/uploads\/2017\/05\/arton2294.jpg","type":"image\/jpeg"}],"author":"Lea Couderc","twitter_card":"summary_large_image","twitter_misc":{"Scritto da":"Lea Couderc","Tempo di lettura stimato":"4 minuti"},"schema":{"@context":"https:\/\/schema.org","@graph":[{"@type":"Article","@id":"https:\/\/www.iemj.org\/it\/lag-baomer\/#article","isPartOf":{"@id":"https:\/\/www.iemj.org\/it\/lag-baomer\/"},"author":{"name":"Lea Couderc","@id":"https:\/\/www.iemj.org\/it\/#\/schema\/person\/e2ad57f2c4be119c7ed8ab79036807a9"},"headline":"Lag Baomer","datePublished":"2017-05-11T09:20:41+00:00","dateModified":"2025-06-19T11:08:11+00:00","mainEntityOfPage":{"@id":"https:\/\/www.iemj.org\/it\/lag-baomer\/"},"wordCount":610,"publisher":{"@id":"https:\/\/www.iemj.org\/it\/#organization"},"image":{"@id":"https:\/\/www.iemj.org\/it\/lag-baomer\/#primaryimage"},"thumbnailUrl":"https:\/\/www.iemj.org\/wp-content\/uploads\/2017\/05\/arton2294.jpg","articleSection":["Playlist"],"inLanguage":"it-IT"},{"@type":"WebPage","@id":"https:\/\/www.iemj.org\/it\/lag-baomer\/","url":"https:\/\/www.iemj.org\/it\/lag-baomer\/","name":"Lag Baomer - Institut Europ\u00e9en des Musiques Juives","isPartOf":{"@id":"https:\/\/www.iemj.org\/it\/#website"},"primaryImageOfPage":{"@id":"https:\/\/www.iemj.org\/it\/lag-baomer\/#primaryimage"},"image":{"@id":"https:\/\/www.iemj.org\/it\/lag-baomer\/#primaryimage"},"thumbnailUrl":"https:\/\/www.iemj.org\/wp-content\/uploads\/2017\/05\/arton2294.jpg","datePublished":"2017-05-11T09:20:41+00:00","dateModified":"2025-06-19T11:08:11+00:00","breadcrumb":{"@id":"https:\/\/www.iemj.org\/it\/lag-baomer\/#breadcrumb"},"inLanguage":"it-IT","potentialAction":[{"@type":"ReadAction","target":["https:\/\/www.iemj.org\/it\/lag-baomer\/"]}]},{"@type":"ImageObject","inLanguage":"it-IT","@id":"https:\/\/www.iemj.org\/it\/lag-baomer\/#primaryimage","url":"https:\/\/www.iemj.org\/wp-content\/uploads\/2017\/05\/arton2294.jpg","contentUrl":"https:\/\/www.iemj.org\/wp-content\/uploads\/2017\/05\/arton2294.jpg","width":500,"height":451},{"@type":"BreadcrumbList","@id":"https:\/\/www.iemj.org\/it\/lag-baomer\/#breadcrumb","itemListElement":[{"@type":"ListItem","position":1,"name":"Accueil","item":"https:\/\/www.iemj.org\/it\/"},{"@type":"ListItem","position":2,"name":"Lag Baomer"}]},{"@type":"WebSite","@id":"https:\/\/www.iemj.org\/it\/#website","url":"https:\/\/www.iemj.org\/it\/","name":"Institut Europ\u00e9en des Musiques Juives","description":"Des traditions musicales \u00e0 la port\u00e9e de tous","publisher":{"@id":"https:\/\/www.iemj.org\/it\/#organization"},"potentialAction":[{"@type":"SearchAction","target":{"@type":"EntryPoint","urlTemplate":"https:\/\/www.iemj.org\/it\/?s={search_term_string}"},"query-input":{"@type":"PropertyValueSpecification","valueRequired":true,"valueName":"search_term_string"}}],"inLanguage":"it-IT"},{"@type":"Organization","@id":"https:\/\/www.iemj.org\/it\/#organization","name":"Institut Europ\u00e9en des Musiques Juives","url":"https:\/\/www.iemj.org\/it\/","logo":{"@type":"ImageObject","inLanguage":"it-IT","@id":"https:\/\/www.iemj.org\/it\/#\/schema\/logo\/image\/","url":"https:\/\/www.iemj.org\/wp-content\/uploads\/2021\/09\/Logo-IEMJ-Paypal.jpg","contentUrl":"https:\/\/www.iemj.org\/wp-content\/uploads\/2021\/09\/Logo-IEMJ-Paypal.jpg","width":150,"height":50,"caption":"Institut Europ\u00e9en des Musiques Juives"},"image":{"@id":"https:\/\/www.iemj.org\/it\/#\/schema\/logo\/image\/"},"sameAs":["https:\/\/www.facebook.com\/MusiquesJuives\/","https:\/\/www.instagram.com\/musiquesjuives\/","https:\/\/www.youtube.com\/user\/musiquesjuives"]},{"@type":"Person","@id":"https:\/\/www.iemj.org\/it\/#\/schema\/person\/e2ad57f2c4be119c7ed8ab79036807a9","name":"Lea Couderc","image":{"@type":"ImageObject","inLanguage":"it-IT","@id":"https:\/\/secure.gravatar.com\/avatar\/46ee021475d60aeff17a7e490b79dea5a5684bb392ab7fd1494027411df8ba23?s=96&d=mm&r=g","url":"https:\/\/secure.gravatar.com\/avatar\/46ee021475d60aeff17a7e490b79dea5a5684bb392ab7fd1494027411df8ba23?s=96&d=mm&r=g","contentUrl":"https:\/\/secure.gravatar.com\/avatar\/46ee021475d60aeff17a7e490b79dea5a5684bb392ab7fd1494027411df8ba23?s=96&d=mm&r=g","caption":"Lea Couderc"}}]}},"_links":{"self":[{"href":"https:\/\/www.iemj.org\/it\/wp-json\/wp\/v2\/posts\/90208","targetHints":{"allow":["GET"]}}],"collection":[{"href":"https:\/\/www.iemj.org\/it\/wp-json\/wp\/v2\/posts"}],"about":[{"href":"https:\/\/www.iemj.org\/it\/wp-json\/wp\/v2\/types\/post"}],"author":[{"embeddable":true,"href":"https:\/\/www.iemj.org\/it\/wp-json\/wp\/v2\/users\/1052"}],"replies":[{"embeddable":true,"href":"https:\/\/www.iemj.org\/it\/wp-json\/wp\/v2\/comments?post=90208"}],"version-history":[{"count":0,"href":"https:\/\/www.iemj.org\/it\/wp-json\/wp\/v2\/posts\/90208\/revisions"}],"wp:featuredmedia":[{"embeddable":true,"href":"https:\/\/www.iemj.org\/it\/wp-json\/wp\/v2\/media\/90209"}],"wp:attachment":[{"href":"https:\/\/www.iemj.org\/it\/wp-json\/wp\/v2\/media?parent=90208"}],"wp:term":[{"taxonomy":"category","embeddable":true,"href":"https:\/\/www.iemj.org\/it\/wp-json\/wp\/v2\/categories?post=90208"},{"taxonomy":"post_tag","embeddable":true,"href":"https:\/\/www.iemj.org\/it\/wp-json\/wp\/v2\/tags?post=90208"},{"taxonomy":"technique","embeddable":true,"href":"https:\/\/www.iemj.org\/it\/wp-json\/wp\/v2\/technique?post=90208"},{"taxonomy":"squelettes","embeddable":true,"href":"https:\/\/www.iemj.org\/it\/wp-json\/wp\/v2\/squelettes?post=90208"},{"taxonomy":"sujet","embeddable":true,"href":"https:\/\/www.iemj.org\/it\/wp-json\/wp\/v2\/sujet?post=90208"},{"taxonomy":"formation","embeddable":true,"href":"https:\/\/www.iemj.org\/it\/wp-json\/wp\/v2\/formation?post=90208"},{"taxonomy":"genre","embeddable":true,"href":"https:\/\/www.iemj.org\/it\/wp-json\/wp\/v2\/genre?post=90208"},{"taxonomy":"fonds","embeddable":true,"href":"https:\/\/www.iemj.org\/it\/wp-json\/wp\/v2\/fonds?post=90208"},{"taxonomy":"tradition","embeddable":true,"href":"https:\/\/www.iemj.org\/it\/wp-json\/wp\/v2\/tradition?post=90208"},{"taxonomy":"type-de-contenu","embeddable":true,"href":"https:\/\/www.iemj.org\/it\/wp-json\/wp\/v2\/type-de-contenu?post=90208"},{"taxonomy":"interprete-compositeur","embeddable":true,"href":"https:\/\/www.iemj.org\/it\/wp-json\/wp\/v2\/interprete-compositeur?post=90208"},{"taxonomy":"frise","embeddable":true,"href":"https:\/\/www.iemj.org\/it\/wp-json\/wp\/v2\/frise?post=90208"},{"taxonomy":"type-devenement","embeddable":true,"href":"https:\/\/www.iemj.org\/it\/wp-json\/wp\/v2\/type-devenement?post=90208"},{"taxonomy":"tableaux-liens-externes","embeddable":true,"href":"https:\/\/www.iemj.org\/it\/wp-json\/wp\/v2\/tableaux-liens-externes?post=90208"}],"curies":[{"name":"wp","href":"https:\/\/api.w.org\/{rel}","templated":true}]}}