{"id":90214,"date":"2018-12-19T11:11:36","date_gmt":"2018-12-19T10:11:36","guid":{"rendered":"https:\/\/www.iemj.org\/la-hora-en-musique\/"},"modified":"2025-07-08T17:51:46","modified_gmt":"2025-07-08T15:51:46","slug":"la-hora-en-musique","status":"publish","type":"post","link":"https:\/\/www.iemj.org\/it\/la-hora-en-musique\/","title":{"rendered":"<strong>La Hora in musica<\/strong>"},"content":{"rendered":"<p><strong>Speciale hora israeliana<\/strong><\/p>\n<p><!--more--><\/p>\n<p>In origine <a href=\"https:\/\/www.iemj.org\/it\/la-hora\/\">la hora<\/a> (detta anche \u201chora rumena\u201d, \u201czhok\u201d, \u201cLondra\u201d, \u201cvolakh\u201d o \u201ckrimer\u201d) era una danza lenta comunemente praticata in Romania (Moldavia, Bessarabia, Bucovina) ed in alcune regioni della Ucraina, sia tra ebrei che non ebrei.<\/p>\n<p>\u00c8 una specie di carola contadina che riunisce l&#8217;intera assemblea in un grande cerchio chiuso od aperto. I ballerini e le ballerine si tengono per mano, fanno sia passi diagonali, che avanti od indietro, facendo contemporaneamente ruotare il cerchio, normalmente in senso orario. Tutti i partecipanti cantano il testo della canzone, accompagnati dai musicisti.<\/p>\n<p>Il zimbalom, la fisarmonica, il violino, la viola, il contrabbasso, il sassofono, la tromba e il flauto di Pan sono strumenti che tradizionalmente accompagnano una hora.<\/p>\n<p><a href=\"https:\/\/www.iemj.org\/it\/la-hora\/\" target=\"_blank\" rel=\"noopener\">Vedere l\u2019articolo di fondo sulla hora<\/a><\/p>\n<p><img fetchpriority=\"high\" decoding=\"async\" class=\" aligncenter size-full wp-image-22157\" src=\"https:\/\/www.iemj.org\/wp-content\/uploads\/2018\/12\/doc_1_hora_500px.jpg\" alt=\"doc_1_hora_500px.jpg\" width=\"650\" height=\"310\" align=\"middle\" srcset=\"https:\/\/www.iemj.org\/wp-content\/uploads\/2018\/12\/doc_1_hora_500px.jpg 650w, https:\/\/www.iemj.org\/wp-content\/uploads\/2018\/12\/doc_1_hora_500px-300x143.jpg 300w, https:\/\/www.iemj.org\/wp-content\/uploads\/2018\/12\/doc_1_hora_500px-600x286.jpg 600w\" sizes=\"(max-width: 650px) 100vw, 650px\" \/><\/p>\n\n\n<div class=\"wp-block-columns is-layout-flex wp-container-core-columns-is-layout-9d6595d7 wp-block-columns-is-layout-flex\">\n<div class=\"wp-block-column is-layout-flow wp-block-column-is-layout-flow\" style=\"flex-basis:100%\">\n<div class=\"wp-block-columns is-layout-flex wp-container-core-columns-is-layout-9d6595d7 wp-block-columns-is-layout-flex\">\n<div class=\"wp-block-column is-layout-flow wp-block-column-is-layout-flow\" style=\"flex-basis:100%\">\n<figure class=\"wp-block-gallery has-nested-images columns-default is-cropped wp-block-gallery-1 is-layout-flex wp-block-gallery-is-layout-flex\">\n<figure class=\"wp-block-image size-large\"><img decoding=\"async\" width=\"260\" height=\"270\" data-id=\"22160\" src=\"https:\/\/www.iemj.org\/wp-content\/uploads\/2018\/12\/d33-30_1613_couv_500px.jpg\" alt=\"d33-30_1613_couv_500px.jpg\" class=\"wp-image-22160\"\/><\/figure>\n\n\n\n<figure class=\"wp-block-image size-large\"><img decoding=\"async\" width=\"293\" height=\"303\" data-id=\"22155\" src=\"https:\/\/www.iemj.org\/wp-content\/uploads\/2018\/12\/d33-30_187_couv_500px.jpg\" alt=\"d33-30_187_couv_500px.jpg\" class=\"wp-image-22155\" srcset=\"https:\/\/www.iemj.org\/wp-content\/uploads\/2018\/12\/d33-30_187_couv_500px.jpg 293w, https:\/\/www.iemj.org\/wp-content\/uploads\/2018\/12\/d33-30_187_couv_500px-290x300.jpg 290w\" sizes=\"(max-width: 293px) 100vw, 293px\" \/><\/figure>\n\n\n\n<figure class=\"wp-block-image size-large\"><img loading=\"lazy\" decoding=\"async\" width=\"293\" height=\"302\" data-id=\"22153\" src=\"https:\/\/www.iemj.org\/wp-content\/uploads\/2018\/12\/d33-30_1496_couv_500px.jpg\" alt=\"d33-30_1496_couv_500px.jpg\" class=\"wp-image-22153\" srcset=\"https:\/\/www.iemj.org\/wp-content\/uploads\/2018\/12\/d33-30_1496_couv_500px.jpg 293w, https:\/\/www.iemj.org\/wp-content\/uploads\/2018\/12\/d33-30_1496_couv_500px-291x300.jpg 291w\" sizes=\"(max-width: 293px) 100vw, 293px\" \/><\/figure>\n<\/figure>\n<\/div>\n<\/div>\n<\/div>\n<\/div>\n\n\n<div class=\"wp-block-image\">\n<figure class=\"aligncenter size-large\"><img loading=\"lazy\" decoding=\"async\" width=\"1024\" height=\"133\" src=\"https:\/\/www.iemj.org\/wp-content\/uploads\/2024\/03\/AUDIO-PLAYER-1024x133.png\" alt=\"\" class=\"wp-image-110609\" srcset=\"https:\/\/www.iemj.org\/wp-content\/uploads\/2024\/03\/AUDIO-PLAYER-1024x133.png 1024w, https:\/\/www.iemj.org\/wp-content\/uploads\/2024\/03\/AUDIO-PLAYER-300x39.png 300w, https:\/\/www.iemj.org\/wp-content\/uploads\/2024\/03\/AUDIO-PLAYER-768x100.png 768w, https:\/\/www.iemj.org\/wp-content\/uploads\/2024\/03\/AUDIO-PLAYER-600x78.png 600w, https:\/\/www.iemj.org\/wp-content\/uploads\/2024\/03\/AUDIO-PLAYER.png 1210w\" sizes=\"(max-width: 1024px) 100vw, 1024px\" \/><\/figure>\n<\/div>\n\n\n<h2 class=\"wp-block-heading\"><\/h2>\n\n\n\n<div class=\"wp-block-file\"><a id=\"wp-block-file--media-7b8aa70d-62d4-4667-82a2-47f2a84b8307\" href=\"https:\/\/www.iemj.org\/wp-content\/uploads\/2018\/12\/ay_ay_hora_extrait_-_the_barry_sisters.mp3\">Ay Ay Hora (EXTRAIT) &#8211; The Barry Sisters<\/a><\/div>\n\n\n\n<div class=\"wp-block-file\"><a id=\"wp-block-file--media-836fa08b-2a0a-40fd-907e-c3c7f4edf7e9\" href=\"https:\/\/www.iemj.org\/wp-content\/uploads\/2018\/12\/hora_-_genia_feierman.mp3\">Hora &#8211; Genia Feierman<\/a><\/div>\n\n\n\n<div class=\"wp-block-file\"><a id=\"wp-block-file--media-c09f3cf9-2c93-4e2a-b8e4-1f2ea816c887\" href=\"https:\/\/www.iemj.org\/wp-content\/uploads\/2018\/12\/hora_agadati_-_nirkoda.mp3\">Hora agadati &#8211; Nirkoda<\/a><\/div>\n\n\n\n<div class=\"wp-block-file\"><a id=\"wp-block-file--media-4d15ce10-b4c8-417c-a29a-2468863447c4\" href=\"https:\/\/www.iemj.org\/wp-content\/uploads\/2018\/12\/hora_aviva_-_kol_aviv.mp3\">Hora aviva &#8211; Kol Aviv<\/a><\/div>\n\n\n\n<div class=\"wp-block-file\"><a id=\"wp-block-file--media-aed49e12-1cad-4687-8a83-8c4e3383c848\" href=\"https:\/\/www.iemj.org\/wp-content\/uploads\/2018\/12\/hora_chadera_extrait_-_mispacha._ensemble_et_chorale.mp3\">Hora chadera (EXTRAIT) &#8211; Mi\u0161pacha. Ensemble et chorale<\/a><\/div>\n\n\n\n<div class=\"wp-block-file\"><a id=\"wp-block-file--media-53c9ca7b-ffec-4766-882f-939c3d39748c\" href=\"https:\/\/www.iemj.org\/wp-content\/uploads\/2018\/12\/hora_medura_-_israeli_folk_dances.mp3\">Hora medura &#8211; Israeli Folk Dances<\/a><\/div>\n\n\n\n<div class=\"wp-block-file\"><a id=\"wp-block-file--media-a3ff85b9-b5c9-4642-aad2-0039f868b2a1\" href=\"https:\/\/www.iemj.org\/wp-content\/uploads\/2018\/12\/hora_neurim_-_sharona_aron.mp3\">Hora Neurim &#8211; Sharona Aron<\/a><\/div>\n\n\n\n<div class=\"wp-block-file\"><a id=\"wp-block-file--media-7ac89629-8389-4aa9-b862-1d7f31d79af3\" href=\"https:\/\/www.iemj.org\/wp-content\/uploads\/2018\/12\/hora_nuba_-_aliza_azikri.mp3\">Hora Nuba &#8211; Aliza Azikri<\/a><\/div>\n\n\n\n<div class=\"wp-block-file\"><a id=\"wp-block-file--media-7d2d371d-6f56-4829-8b81-9c746750a997\" href=\"https:\/\/www.iemj.org\/wp-content\/uploads\/2018\/12\/la_hora_des_hassydim_-_les_kibboutzniks.mp3\">La Hora des Hassydim &#8211; Les Kibboutzniks<\/a><\/div>\n\n\n\n<div class=\"wp-block-file\"><a id=\"wp-block-file--media-70367573-7455-4ee2-948e-61c2b795d2e8\" href=\"https:\/\/www.iemj.org\/wp-content\/uploads\/2018\/12\/usheavtem_mayin_-_les_chanteurs_de_sion.mp3\">Usheavtem Mayin &#8211; Les Chanteurs de Sion<\/a><\/div>\n","protected":false},"excerpt":{"rendered":"<p>Speciale hora israeliana<\/p>\n","protected":false},"author":1052,"featured_media":90215,"comment_status":"closed","ping_status":"open","sticky":false,"template":"","format":"standard","meta":{"_acf_changed":false,"footnotes":""},"categories":[1536],"tags":[],"technique":[],"squelettes":[],"sujet":[],"formation":[],"genre":[],"fonds":[],"tradition":[],"type-de-contenu":[],"interprete-compositeur":[],"frise":[],"type-devenement":[],"tableaux-liens-externes":[],"class_list":["post-90214","post","type-post","status-publish","format-standard","has-post-thumbnail","hentry","category-playlist-it"],"acf":[],"yoast_head":"<!-- This site is optimized with the Yoast SEO plugin v27.3 - https:\/\/yoast.com\/product\/yoast-seo-wordpress\/ -->\n<title>La Hora in musica - Institut Europ\u00e9en des Musiques Juives<\/title>\n<meta name=\"robots\" content=\"index, follow, max-snippet:-1, max-image-preview:large, max-video-preview:-1\" \/>\n<link rel=\"canonical\" href=\"https:\/\/www.iemj.org\/it\/la-hora-en-musique\/\" \/>\n<meta property=\"og:locale\" content=\"it_IT\" \/>\n<meta property=\"og:type\" content=\"article\" \/>\n<meta property=\"og:title\" content=\"La Hora in musica - Institut Europ\u00e9en des Musiques Juives\" \/>\n<meta property=\"og:description\" content=\"Speciale hora israeliana\" \/>\n<meta property=\"og:url\" content=\"https:\/\/www.iemj.org\/it\/la-hora-en-musique\/\" \/>\n<meta property=\"og:site_name\" content=\"Institut Europ\u00e9en des Musiques Juives\" \/>\n<meta property=\"article:publisher\" content=\"https:\/\/www.facebook.com\/MusiquesJuives\/\" \/>\n<meta property=\"article:published_time\" content=\"2018-12-19T10:11:36+00:00\" \/>\n<meta property=\"article:modified_time\" content=\"2025-07-08T15:51:46+00:00\" \/>\n<meta property=\"og:image\" content=\"https:\/\/www.iemj.org\/wp-content\/uploads\/2018\/12\/arton3846.jpg\" \/>\n\t<meta property=\"og:image:width\" content=\"370\" \/>\n\t<meta property=\"og:image:height\" content=\"350\" \/>\n\t<meta property=\"og:image:type\" content=\"image\/jpeg\" \/>\n<meta name=\"author\" content=\"Lea Couderc\" \/>\n<meta name=\"twitter:card\" content=\"summary_large_image\" \/>\n<meta name=\"twitter:label1\" content=\"Scritto da\" \/>\n\t<meta name=\"twitter:data1\" content=\"Lea Couderc\" \/>\n\t<meta name=\"twitter:label2\" content=\"Tempo di lettura stimato\" \/>\n\t<meta name=\"twitter:data2\" content=\"3 minuti\" \/>\n<script type=\"application\/ld+json\" class=\"yoast-schema-graph\">{\"@context\":\"https:\\\/\\\/schema.org\",\"@graph\":[{\"@type\":\"Article\",\"@id\":\"https:\\\/\\\/www.iemj.org\\\/it\\\/la-hora-en-musique\\\/#article\",\"isPartOf\":{\"@id\":\"https:\\\/\\\/www.iemj.org\\\/it\\\/la-hora-en-musique\\\/\"},\"author\":{\"name\":\"Lea Couderc\",\"@id\":\"https:\\\/\\\/www.iemj.org\\\/it\\\/#\\\/schema\\\/person\\\/e2ad57f2c4be119c7ed8ab79036807a9\"},\"headline\":\"La Hora in musica\",\"datePublished\":\"2018-12-19T10:11:36+00:00\",\"dateModified\":\"2025-07-08T15:51:46+00:00\",\"mainEntityOfPage\":{\"@id\":\"https:\\\/\\\/www.iemj.org\\\/it\\\/la-hora-en-musique\\\/\"},\"wordCount\":190,\"publisher\":{\"@id\":\"https:\\\/\\\/www.iemj.org\\\/it\\\/#organization\"},\"image\":{\"@id\":\"https:\\\/\\\/www.iemj.org\\\/it\\\/la-hora-en-musique\\\/#primaryimage\"},\"thumbnailUrl\":\"https:\\\/\\\/www.iemj.org\\\/wp-content\\\/uploads\\\/2018\\\/12\\\/arton3846.jpg\",\"articleSection\":[\"Playlist\"],\"inLanguage\":\"it-IT\"},{\"@type\":\"WebPage\",\"@id\":\"https:\\\/\\\/www.iemj.org\\\/it\\\/la-hora-en-musique\\\/\",\"url\":\"https:\\\/\\\/www.iemj.org\\\/it\\\/la-hora-en-musique\\\/\",\"name\":\"La Hora in musica - Institut Europ\u00e9en des Musiques Juives\",\"isPartOf\":{\"@id\":\"https:\\\/\\\/www.iemj.org\\\/it\\\/#website\"},\"primaryImageOfPage\":{\"@id\":\"https:\\\/\\\/www.iemj.org\\\/it\\\/la-hora-en-musique\\\/#primaryimage\"},\"image\":{\"@id\":\"https:\\\/\\\/www.iemj.org\\\/it\\\/la-hora-en-musique\\\/#primaryimage\"},\"thumbnailUrl\":\"https:\\\/\\\/www.iemj.org\\\/wp-content\\\/uploads\\\/2018\\\/12\\\/arton3846.jpg\",\"datePublished\":\"2018-12-19T10:11:36+00:00\",\"dateModified\":\"2025-07-08T15:51:46+00:00\",\"breadcrumb\":{\"@id\":\"https:\\\/\\\/www.iemj.org\\\/it\\\/la-hora-en-musique\\\/#breadcrumb\"},\"inLanguage\":\"it-IT\",\"potentialAction\":[{\"@type\":\"ReadAction\",\"target\":[\"https:\\\/\\\/www.iemj.org\\\/it\\\/la-hora-en-musique\\\/\"]}]},{\"@type\":\"ImageObject\",\"inLanguage\":\"it-IT\",\"@id\":\"https:\\\/\\\/www.iemj.org\\\/it\\\/la-hora-en-musique\\\/#primaryimage\",\"url\":\"https:\\\/\\\/www.iemj.org\\\/wp-content\\\/uploads\\\/2018\\\/12\\\/arton3846.jpg\",\"contentUrl\":\"https:\\\/\\\/www.iemj.org\\\/wp-content\\\/uploads\\\/2018\\\/12\\\/arton3846.jpg\",\"width\":370,\"height\":350},{\"@type\":\"BreadcrumbList\",\"@id\":\"https:\\\/\\\/www.iemj.org\\\/it\\\/la-hora-en-musique\\\/#breadcrumb\",\"itemListElement\":[{\"@type\":\"ListItem\",\"position\":1,\"name\":\"Accueil\",\"item\":\"https:\\\/\\\/www.iemj.org\\\/it\\\/\"},{\"@type\":\"ListItem\",\"position\":2,\"name\":\"La Hora in musica\"}]},{\"@type\":\"WebSite\",\"@id\":\"https:\\\/\\\/www.iemj.org\\\/it\\\/#website\",\"url\":\"https:\\\/\\\/www.iemj.org\\\/it\\\/\",\"name\":\"Institut Europ\u00e9en des Musiques Juives\",\"description\":\"Des traditions musicales \u00e0 la port\u00e9e de tous\",\"publisher\":{\"@id\":\"https:\\\/\\\/www.iemj.org\\\/it\\\/#organization\"},\"potentialAction\":[{\"@type\":\"SearchAction\",\"target\":{\"@type\":\"EntryPoint\",\"urlTemplate\":\"https:\\\/\\\/www.iemj.org\\\/it\\\/?s={search_term_string}\"},\"query-input\":{\"@type\":\"PropertyValueSpecification\",\"valueRequired\":true,\"valueName\":\"search_term_string\"}}],\"inLanguage\":\"it-IT\"},{\"@type\":\"Organization\",\"@id\":\"https:\\\/\\\/www.iemj.org\\\/it\\\/#organization\",\"name\":\"Institut Europ\u00e9en des Musiques Juives\",\"url\":\"https:\\\/\\\/www.iemj.org\\\/it\\\/\",\"logo\":{\"@type\":\"ImageObject\",\"inLanguage\":\"it-IT\",\"@id\":\"https:\\\/\\\/www.iemj.org\\\/it\\\/#\\\/schema\\\/logo\\\/image\\\/\",\"url\":\"https:\\\/\\\/www.iemj.org\\\/wp-content\\\/uploads\\\/2021\\\/09\\\/Logo-IEMJ-Paypal.jpg\",\"contentUrl\":\"https:\\\/\\\/www.iemj.org\\\/wp-content\\\/uploads\\\/2021\\\/09\\\/Logo-IEMJ-Paypal.jpg\",\"width\":150,\"height\":50,\"caption\":\"Institut Europ\u00e9en des Musiques Juives\"},\"image\":{\"@id\":\"https:\\\/\\\/www.iemj.org\\\/it\\\/#\\\/schema\\\/logo\\\/image\\\/\"},\"sameAs\":[\"https:\\\/\\\/www.facebook.com\\\/MusiquesJuives\\\/\",\"https:\\\/\\\/www.instagram.com\\\/musiquesjuives\\\/\",\"https:\\\/\\\/www.youtube.com\\\/user\\\/musiquesjuives\"]},{\"@type\":\"Person\",\"@id\":\"https:\\\/\\\/www.iemj.org\\\/it\\\/#\\\/schema\\\/person\\\/e2ad57f2c4be119c7ed8ab79036807a9\",\"name\":\"Lea Couderc\",\"image\":{\"@type\":\"ImageObject\",\"inLanguage\":\"it-IT\",\"@id\":\"https:\\\/\\\/secure.gravatar.com\\\/avatar\\\/46ee021475d60aeff17a7e490b79dea5a5684bb392ab7fd1494027411df8ba23?s=96&d=mm&r=g\",\"url\":\"https:\\\/\\\/secure.gravatar.com\\\/avatar\\\/46ee021475d60aeff17a7e490b79dea5a5684bb392ab7fd1494027411df8ba23?s=96&d=mm&r=g\",\"contentUrl\":\"https:\\\/\\\/secure.gravatar.com\\\/avatar\\\/46ee021475d60aeff17a7e490b79dea5a5684bb392ab7fd1494027411df8ba23?s=96&d=mm&r=g\",\"caption\":\"Lea Couderc\"}}]}<\/script>\n<!-- \/ Yoast SEO plugin. -->","yoast_head_json":{"title":"La Hora in musica - Institut Europ\u00e9en des Musiques Juives","robots":{"index":"index","follow":"follow","max-snippet":"max-snippet:-1","max-image-preview":"max-image-preview:large","max-video-preview":"max-video-preview:-1"},"canonical":"https:\/\/www.iemj.org\/it\/la-hora-en-musique\/","og_locale":"it_IT","og_type":"article","og_title":"La Hora in musica - Institut Europ\u00e9en des Musiques Juives","og_description":"Speciale hora israeliana","og_url":"https:\/\/www.iemj.org\/it\/la-hora-en-musique\/","og_site_name":"Institut Europ\u00e9en des Musiques Juives","article_publisher":"https:\/\/www.facebook.com\/MusiquesJuives\/","article_published_time":"2018-12-19T10:11:36+00:00","article_modified_time":"2025-07-08T15:51:46+00:00","og_image":[{"width":370,"height":350,"url":"https:\/\/www.iemj.org\/wp-content\/uploads\/2018\/12\/arton3846.jpg","type":"image\/jpeg"}],"author":"Lea Couderc","twitter_card":"summary_large_image","twitter_misc":{"Scritto da":"Lea Couderc","Tempo di lettura stimato":"3 minuti"},"schema":{"@context":"https:\/\/schema.org","@graph":[{"@type":"Article","@id":"https:\/\/www.iemj.org\/it\/la-hora-en-musique\/#article","isPartOf":{"@id":"https:\/\/www.iemj.org\/it\/la-hora-en-musique\/"},"author":{"name":"Lea Couderc","@id":"https:\/\/www.iemj.org\/it\/#\/schema\/person\/e2ad57f2c4be119c7ed8ab79036807a9"},"headline":"La Hora in musica","datePublished":"2018-12-19T10:11:36+00:00","dateModified":"2025-07-08T15:51:46+00:00","mainEntityOfPage":{"@id":"https:\/\/www.iemj.org\/it\/la-hora-en-musique\/"},"wordCount":190,"publisher":{"@id":"https:\/\/www.iemj.org\/it\/#organization"},"image":{"@id":"https:\/\/www.iemj.org\/it\/la-hora-en-musique\/#primaryimage"},"thumbnailUrl":"https:\/\/www.iemj.org\/wp-content\/uploads\/2018\/12\/arton3846.jpg","articleSection":["Playlist"],"inLanguage":"it-IT"},{"@type":"WebPage","@id":"https:\/\/www.iemj.org\/it\/la-hora-en-musique\/","url":"https:\/\/www.iemj.org\/it\/la-hora-en-musique\/","name":"La Hora in musica - Institut Europ\u00e9en des Musiques Juives","isPartOf":{"@id":"https:\/\/www.iemj.org\/it\/#website"},"primaryImageOfPage":{"@id":"https:\/\/www.iemj.org\/it\/la-hora-en-musique\/#primaryimage"},"image":{"@id":"https:\/\/www.iemj.org\/it\/la-hora-en-musique\/#primaryimage"},"thumbnailUrl":"https:\/\/www.iemj.org\/wp-content\/uploads\/2018\/12\/arton3846.jpg","datePublished":"2018-12-19T10:11:36+00:00","dateModified":"2025-07-08T15:51:46+00:00","breadcrumb":{"@id":"https:\/\/www.iemj.org\/it\/la-hora-en-musique\/#breadcrumb"},"inLanguage":"it-IT","potentialAction":[{"@type":"ReadAction","target":["https:\/\/www.iemj.org\/it\/la-hora-en-musique\/"]}]},{"@type":"ImageObject","inLanguage":"it-IT","@id":"https:\/\/www.iemj.org\/it\/la-hora-en-musique\/#primaryimage","url":"https:\/\/www.iemj.org\/wp-content\/uploads\/2018\/12\/arton3846.jpg","contentUrl":"https:\/\/www.iemj.org\/wp-content\/uploads\/2018\/12\/arton3846.jpg","width":370,"height":350},{"@type":"BreadcrumbList","@id":"https:\/\/www.iemj.org\/it\/la-hora-en-musique\/#breadcrumb","itemListElement":[{"@type":"ListItem","position":1,"name":"Accueil","item":"https:\/\/www.iemj.org\/it\/"},{"@type":"ListItem","position":2,"name":"La Hora in musica"}]},{"@type":"WebSite","@id":"https:\/\/www.iemj.org\/it\/#website","url":"https:\/\/www.iemj.org\/it\/","name":"Institut Europ\u00e9en des Musiques Juives","description":"Des traditions musicales \u00e0 la port\u00e9e de tous","publisher":{"@id":"https:\/\/www.iemj.org\/it\/#organization"},"potentialAction":[{"@type":"SearchAction","target":{"@type":"EntryPoint","urlTemplate":"https:\/\/www.iemj.org\/it\/?s={search_term_string}"},"query-input":{"@type":"PropertyValueSpecification","valueRequired":true,"valueName":"search_term_string"}}],"inLanguage":"it-IT"},{"@type":"Organization","@id":"https:\/\/www.iemj.org\/it\/#organization","name":"Institut Europ\u00e9en des Musiques Juives","url":"https:\/\/www.iemj.org\/it\/","logo":{"@type":"ImageObject","inLanguage":"it-IT","@id":"https:\/\/www.iemj.org\/it\/#\/schema\/logo\/image\/","url":"https:\/\/www.iemj.org\/wp-content\/uploads\/2021\/09\/Logo-IEMJ-Paypal.jpg","contentUrl":"https:\/\/www.iemj.org\/wp-content\/uploads\/2021\/09\/Logo-IEMJ-Paypal.jpg","width":150,"height":50,"caption":"Institut Europ\u00e9en des Musiques Juives"},"image":{"@id":"https:\/\/www.iemj.org\/it\/#\/schema\/logo\/image\/"},"sameAs":["https:\/\/www.facebook.com\/MusiquesJuives\/","https:\/\/www.instagram.com\/musiquesjuives\/","https:\/\/www.youtube.com\/user\/musiquesjuives"]},{"@type":"Person","@id":"https:\/\/www.iemj.org\/it\/#\/schema\/person\/e2ad57f2c4be119c7ed8ab79036807a9","name":"Lea Couderc","image":{"@type":"ImageObject","inLanguage":"it-IT","@id":"https:\/\/secure.gravatar.com\/avatar\/46ee021475d60aeff17a7e490b79dea5a5684bb392ab7fd1494027411df8ba23?s=96&d=mm&r=g","url":"https:\/\/secure.gravatar.com\/avatar\/46ee021475d60aeff17a7e490b79dea5a5684bb392ab7fd1494027411df8ba23?s=96&d=mm&r=g","contentUrl":"https:\/\/secure.gravatar.com\/avatar\/46ee021475d60aeff17a7e490b79dea5a5684bb392ab7fd1494027411df8ba23?s=96&d=mm&r=g","caption":"Lea Couderc"}}]}},"_links":{"self":[{"href":"https:\/\/www.iemj.org\/it\/wp-json\/wp\/v2\/posts\/90214","targetHints":{"allow":["GET"]}}],"collection":[{"href":"https:\/\/www.iemj.org\/it\/wp-json\/wp\/v2\/posts"}],"about":[{"href":"https:\/\/www.iemj.org\/it\/wp-json\/wp\/v2\/types\/post"}],"author":[{"embeddable":true,"href":"https:\/\/www.iemj.org\/it\/wp-json\/wp\/v2\/users\/1052"}],"replies":[{"embeddable":true,"href":"https:\/\/www.iemj.org\/it\/wp-json\/wp\/v2\/comments?post=90214"}],"version-history":[{"count":0,"href":"https:\/\/www.iemj.org\/it\/wp-json\/wp\/v2\/posts\/90214\/revisions"}],"wp:featuredmedia":[{"embeddable":true,"href":"https:\/\/www.iemj.org\/it\/wp-json\/wp\/v2\/media\/90215"}],"wp:attachment":[{"href":"https:\/\/www.iemj.org\/it\/wp-json\/wp\/v2\/media?parent=90214"}],"wp:term":[{"taxonomy":"category","embeddable":true,"href":"https:\/\/www.iemj.org\/it\/wp-json\/wp\/v2\/categories?post=90214"},{"taxonomy":"post_tag","embeddable":true,"href":"https:\/\/www.iemj.org\/it\/wp-json\/wp\/v2\/tags?post=90214"},{"taxonomy":"technique","embeddable":true,"href":"https:\/\/www.iemj.org\/it\/wp-json\/wp\/v2\/technique?post=90214"},{"taxonomy":"squelettes","embeddable":true,"href":"https:\/\/www.iemj.org\/it\/wp-json\/wp\/v2\/squelettes?post=90214"},{"taxonomy":"sujet","embeddable":true,"href":"https:\/\/www.iemj.org\/it\/wp-json\/wp\/v2\/sujet?post=90214"},{"taxonomy":"formation","embeddable":true,"href":"https:\/\/www.iemj.org\/it\/wp-json\/wp\/v2\/formation?post=90214"},{"taxonomy":"genre","embeddable":true,"href":"https:\/\/www.iemj.org\/it\/wp-json\/wp\/v2\/genre?post=90214"},{"taxonomy":"fonds","embeddable":true,"href":"https:\/\/www.iemj.org\/it\/wp-json\/wp\/v2\/fonds?post=90214"},{"taxonomy":"tradition","embeddable":true,"href":"https:\/\/www.iemj.org\/it\/wp-json\/wp\/v2\/tradition?post=90214"},{"taxonomy":"type-de-contenu","embeddable":true,"href":"https:\/\/www.iemj.org\/it\/wp-json\/wp\/v2\/type-de-contenu?post=90214"},{"taxonomy":"interprete-compositeur","embeddable":true,"href":"https:\/\/www.iemj.org\/it\/wp-json\/wp\/v2\/interprete-compositeur?post=90214"},{"taxonomy":"frise","embeddable":true,"href":"https:\/\/www.iemj.org\/it\/wp-json\/wp\/v2\/frise?post=90214"},{"taxonomy":"type-devenement","embeddable":true,"href":"https:\/\/www.iemj.org\/it\/wp-json\/wp\/v2\/type-devenement?post=90214"},{"taxonomy":"tableaux-liens-externes","embeddable":true,"href":"https:\/\/www.iemj.org\/it\/wp-json\/wp\/v2\/tableaux-liens-externes?post=90214"}],"curies":[{"name":"wp","href":"https:\/\/api.w.org\/{rel}","templated":true}]}}