{"id":90242,"date":"2017-06-05T17:46:16","date_gmt":"2017-06-05T15:46:16","guid":{"rendered":"https:\/\/www.iemj.org\/la-sequence-israelienne-par-avner-azoulay\/"},"modified":"2025-06-19T13:15:05","modified_gmt":"2025-06-19T11:15:05","slug":"la-sequence-israelienne-par-avner-azoulay","status":"publish","type":"post","link":"https:\/\/www.iemj.org\/it\/la-sequence-israelienne-par-avner-azoulay\/","title":{"rendered":"<strong>LA SEQUENZA ISRAELIANA DI AVNER AZOULAY<\/strong>"},"content":{"rendered":"<p><strong>Una presentazione della musica israeliana, al tempo stesso di colore sefardita, ashkenazita o mediorientale<\/strong><\/p>\n<p><!--more--><\/p>\n<p><strong>Definire la musica israeliana?<\/strong><\/p>\n<p>Un\u2019insalata mista composta da diverse musiche ebraiche provenienti da tutto il mondo e accumulate nei secoli, mescolate a colori sefarditi, ashkenaziti e mediorientali\u2026<\/p>\n<p>Vi invitiamo qui a scoprire una delle tante sfaccettature della musica israeliana, una sfaccettatura decisamente rivolta all\u2019Oriente ed alla musicalit\u00e0 speziata.<\/p>\n<p>Durante questo viaggio musicale inedito, ascolteremo i fondatori di questa musica, in particolare Zohar Argov, che viene considerato come il re della musica israelo-orientale.<\/p>\n\n<div class=\"wp-block-image\">\n<figure class=\"aligncenter size-large\"><img fetchpriority=\"high\" decoding=\"async\" width=\"1024\" height=\"133\" src=\"https:\/\/www.iemj.org\/wp-content\/uploads\/2024\/03\/AUDIO-PLAYER-1024x133.png\" alt=\"\" class=\"wp-image-110609\" srcset=\"https:\/\/www.iemj.org\/wp-content\/uploads\/2024\/03\/AUDIO-PLAYER-1024x133.png 1024w, https:\/\/www.iemj.org\/wp-content\/uploads\/2024\/03\/AUDIO-PLAYER-300x39.png 300w, https:\/\/www.iemj.org\/wp-content\/uploads\/2024\/03\/AUDIO-PLAYER-768x100.png 768w, https:\/\/www.iemj.org\/wp-content\/uploads\/2024\/03\/AUDIO-PLAYER-600x78.png 600w, https:\/\/www.iemj.org\/wp-content\/uploads\/2024\/03\/AUDIO-PLAYER.png 1210w\" sizes=\"(max-width: 1024px) 100vw, 1024px\" \/><\/figure>\n<\/div>\n\n\n<h2 class=\"wp-block-heading\"><\/h2>\n\n\n\n<div class=\"wp-block-file\"><a id=\"wp-block-file--media-3704a0f1-0fc0-4b7e-b547-f134e83475f7\" href=\"https:\/\/www.iemj.org\/wp-content\/uploads\/2017\/06\/bum_pam_-_aris_san.mp3\">Bum Pam &#8211; Aris San<\/a><\/div>\n\n\n\n<div class=\"wp-block-file\"><a id=\"wp-block-file--media-c1ab21f5-8798-412e-95c9-b898304cadf9\" href=\"https:\/\/www.iemj.org\/wp-content\/uploads\/2017\/06\/ezo_medina_-_eli_louzoun.mp3\">Ezo M\u00e9dina &#8211; Eli Louzoun<\/a><\/div>\n\n\n\n<div class=\"wp-block-file\"><a id=\"wp-block-file--media-6062070e-86ec-4ad2-8dd7-dde397e52378\" href=\"https:\/\/www.iemj.org\/wp-content\/uploads\/2017\/06\/inta_omri_-_sarit_hadad.mp3\">Inta Omri &#8211; Sarit Hadad<\/a><\/div>\n\n\n\n<div class=\"wp-block-file\"><a id=\"wp-block-file--media-2fcd7f8c-6764-43c6-84ff-96b4baf03254\" href=\"https:\/\/www.iemj.org\/wp-content\/uploads\/2017\/06\/kache_li_-_avi_perets.mp3\">Kache Li &#8211; Avi Perets<\/a><\/div>\n\n\n\n<div class=\"wp-block-file\"><a id=\"wp-block-file--media-9bb18792-006d-414c-8904-100cfce55969\" href=\"https:\/\/www.iemj.org\/wp-content\/uploads\/2017\/06\/kmo_shikor_-_eyal_golan.mp3\">Kmo Shikor &#8211; Eyal Golan<\/a><\/div>\n\n\n\n<div class=\"wp-block-file\"><a id=\"wp-block-file--media-859f85dd-db3d-47e0-a658-981850170d12\" href=\"https:\/\/www.iemj.org\/wp-content\/uploads\/2017\/06\/linda_linda_-_haim_moshe.mp3\">Linda Linda &#8211; Haim Moshe<\/a><\/div>\n\n\n\n<div class=\"wp-block-file\"><a id=\"wp-block-file--media-b9c77ff0-3ce6-4afb-904b-579e2c38751a\" href=\"https:\/\/www.iemj.org\/wp-content\/uploads\/2017\/06\/naara_shouva_elai_-_margol.mp3\">Naara Shouva Elai &#8211; Margol<\/a><\/div>\n\n\n\n<div class=\"wp-block-file\"><a id=\"wp-block-file--media-7c1871c6-3233-430a-8ffc-5fcf749bc4cc\" href=\"https:\/\/www.iemj.org\/wp-content\/uploads\/2017\/06\/rikdi_-_ichai_levi.mp3\">Rikdi &#8211; Ichai Levi<\/a><\/div>\n\n\n\n<div class=\"wp-block-file\"><a id=\"wp-block-file--media-f31b7467-e02d-405d-9047-ba1c063c7825\" href=\"https:\/\/www.iemj.org\/wp-content\/uploads\/2017\/06\/rona_-_samir_shukry.mp3\">Rona &#8211; Samir Shukry<\/a><\/div>\n\n\n\n<div class=\"wp-block-file\"><a id=\"wp-block-file--media-0e200b6b-3090-439a-97ad-9466eafa89d1\" href=\"https:\/\/www.iemj.org\/wp-content\/uploads\/2017\/06\/sod_hamazalot_-_zohar_argov.mp3\">Sod Hamazalot &#8211; Zohar Argov<\/a><\/div>\n\n\n\n<div class=\"wp-block-file\"><a id=\"wp-block-file--media-cc923a9c-6c3b-47da-825c-488167371eb5\" href=\"https:\/\/www.iemj.org\/wp-content\/uploads\/2017\/06\/tsiltsoulei_paamonim_-_ahouva_ozeri.mp3\">Tsiltsoulei Paamonim &#8211; Ahuva Ozeri<\/a><\/div>\n\n\n\n<div class=\"wp-block-file\"><a id=\"wp-block-file--media-7e6eccbd-8d8a-4361-be3f-ce06ce5fb82e\" href=\"https:\/\/www.iemj.org\/wp-content\/uploads\/2017\/06\/ya_habibi_-_zehava_ben.mp3\">Ya Habibi &#8211; Zehava Ben<\/a><\/div>\n\n\n\n<div class=\"wp-block-file\"><a id=\"wp-block-file--media-408de0eb-a218-4189-a32f-214b72111757\" href=\"https:\/\/www.iemj.org\/wp-content\/uploads\/2017\/06\/liyot_adam_live_-_liron_ramati.mp3\">Liyot adam (live) &#8211; Liron Ramati<\/a><\/div>\n","protected":false},"excerpt":{"rendered":"<p>Una presentazione della musica israeliana, al tempo stesso di colore sefardita, ashkenazita o mediorientale<\/p>\n","protected":false},"author":1052,"featured_media":90243,"comment_status":"closed","ping_status":"closed","sticky":false,"template":"","format":"standard","meta":{"_acf_changed":false,"footnotes":""},"categories":[1525,1536],"tags":[2085],"technique":[],"squelettes":[],"sujet":[],"formation":[],"genre":[1674],"fonds":[],"tradition":[],"type-de-contenu":[],"interprete-compositeur":[],"frise":[],"type-devenement":[],"tableaux-liens-externes":[],"class_list":["post-90242","post","type-post","status-publish","format-standard","has-post-thumbnail","hentry","category-ascoltare-guardare-it","category-playlist-it","tag-israele-it","genre-canzone-israeliena-it"],"acf":[],"yoast_head":"<!-- This site is optimized with the Yoast SEO plugin v27.3 - https:\/\/yoast.com\/product\/yoast-seo-wordpress\/ -->\n<title>LA SEQUENZA ISRAELIANA DI AVNER AZOULAY - Institut Europ\u00e9en des Musiques Juives<\/title>\n<meta name=\"robots\" content=\"index, follow, max-snippet:-1, max-image-preview:large, max-video-preview:-1\" \/>\n<link rel=\"canonical\" href=\"https:\/\/www.iemj.org\/it\/la-sequence-israelienne-par-avner-azoulay\/\" \/>\n<meta property=\"og:locale\" content=\"it_IT\" \/>\n<meta property=\"og:type\" content=\"article\" \/>\n<meta property=\"og:title\" content=\"LA SEQUENZA ISRAELIANA DI AVNER AZOULAY - Institut Europ\u00e9en des Musiques Juives\" \/>\n<meta property=\"og:description\" content=\"Una presentazione della musica israeliana, al tempo stesso di colore sefardita, ashkenazita o mediorientale\" \/>\n<meta property=\"og:url\" content=\"https:\/\/www.iemj.org\/it\/la-sequence-israelienne-par-avner-azoulay\/\" \/>\n<meta property=\"og:site_name\" content=\"Institut Europ\u00e9en des Musiques Juives\" \/>\n<meta property=\"article:publisher\" content=\"https:\/\/www.facebook.com\/MusiquesJuives\/\" \/>\n<meta property=\"article:published_time\" content=\"2017-06-05T15:46:16+00:00\" \/>\n<meta property=\"article:modified_time\" content=\"2025-06-19T11:15:05+00:00\" \/>\n<meta property=\"og:image\" content=\"https:\/\/www.iemj.org\/wp-content\/uploads\/2017\/06\/arton2346.jpg\" \/>\n\t<meta property=\"og:image:width\" content=\"276\" \/>\n\t<meta property=\"og:image:height\" content=\"277\" \/>\n\t<meta property=\"og:image:type\" content=\"image\/jpeg\" \/>\n<meta name=\"author\" content=\"Lea Couderc\" \/>\n<meta name=\"twitter:card\" content=\"summary_large_image\" \/>\n<meta name=\"twitter:label1\" content=\"Scritto da\" \/>\n\t<meta name=\"twitter:data1\" content=\"Lea Couderc\" \/>\n\t<meta name=\"twitter:label2\" content=\"Tempo di lettura stimato\" \/>\n\t<meta name=\"twitter:data2\" content=\"1 minuto\" \/>\n<script type=\"application\/ld+json\" class=\"yoast-schema-graph\">{\"@context\":\"https:\\\/\\\/schema.org\",\"@graph\":[{\"@type\":\"Article\",\"@id\":\"https:\\\/\\\/www.iemj.org\\\/it\\\/la-sequence-israelienne-par-avner-azoulay\\\/#article\",\"isPartOf\":{\"@id\":\"https:\\\/\\\/www.iemj.org\\\/it\\\/la-sequence-israelienne-par-avner-azoulay\\\/\"},\"author\":{\"name\":\"Lea Couderc\",\"@id\":\"https:\\\/\\\/www.iemj.org\\\/it\\\/#\\\/schema\\\/person\\\/e2ad57f2c4be119c7ed8ab79036807a9\"},\"headline\":\"LA SEQUENZA ISRAELIANA DI AVNER AZOULAY\",\"datePublished\":\"2017-06-05T15:46:16+00:00\",\"dateModified\":\"2025-06-19T11:15:05+00:00\",\"mainEntityOfPage\":{\"@id\":\"https:\\\/\\\/www.iemj.org\\\/it\\\/la-sequence-israelienne-par-avner-azoulay\\\/\"},\"wordCount\":159,\"publisher\":{\"@id\":\"https:\\\/\\\/www.iemj.org\\\/it\\\/#organization\"},\"image\":{\"@id\":\"https:\\\/\\\/www.iemj.org\\\/it\\\/la-sequence-israelienne-par-avner-azoulay\\\/#primaryimage\"},\"thumbnailUrl\":\"https:\\\/\\\/www.iemj.org\\\/wp-content\\\/uploads\\\/2017\\\/06\\\/arton2346.jpg\",\"keywords\":[\"Israele\"],\"articleSection\":[\"Ascoltare \\\/ Guardare\",\"Playlist\"],\"inLanguage\":\"it-IT\"},{\"@type\":\"WebPage\",\"@id\":\"https:\\\/\\\/www.iemj.org\\\/it\\\/la-sequence-israelienne-par-avner-azoulay\\\/\",\"url\":\"https:\\\/\\\/www.iemj.org\\\/it\\\/la-sequence-israelienne-par-avner-azoulay\\\/\",\"name\":\"LA SEQUENZA ISRAELIANA DI AVNER AZOULAY - Institut Europ\u00e9en des Musiques Juives\",\"isPartOf\":{\"@id\":\"https:\\\/\\\/www.iemj.org\\\/it\\\/#website\"},\"primaryImageOfPage\":{\"@id\":\"https:\\\/\\\/www.iemj.org\\\/it\\\/la-sequence-israelienne-par-avner-azoulay\\\/#primaryimage\"},\"image\":{\"@id\":\"https:\\\/\\\/www.iemj.org\\\/it\\\/la-sequence-israelienne-par-avner-azoulay\\\/#primaryimage\"},\"thumbnailUrl\":\"https:\\\/\\\/www.iemj.org\\\/wp-content\\\/uploads\\\/2017\\\/06\\\/arton2346.jpg\",\"datePublished\":\"2017-06-05T15:46:16+00:00\",\"dateModified\":\"2025-06-19T11:15:05+00:00\",\"breadcrumb\":{\"@id\":\"https:\\\/\\\/www.iemj.org\\\/it\\\/la-sequence-israelienne-par-avner-azoulay\\\/#breadcrumb\"},\"inLanguage\":\"it-IT\",\"potentialAction\":[{\"@type\":\"ReadAction\",\"target\":[\"https:\\\/\\\/www.iemj.org\\\/it\\\/la-sequence-israelienne-par-avner-azoulay\\\/\"]}]},{\"@type\":\"ImageObject\",\"inLanguage\":\"it-IT\",\"@id\":\"https:\\\/\\\/www.iemj.org\\\/it\\\/la-sequence-israelienne-par-avner-azoulay\\\/#primaryimage\",\"url\":\"https:\\\/\\\/www.iemj.org\\\/wp-content\\\/uploads\\\/2017\\\/06\\\/arton2346.jpg\",\"contentUrl\":\"https:\\\/\\\/www.iemj.org\\\/wp-content\\\/uploads\\\/2017\\\/06\\\/arton2346.jpg\",\"width\":276,\"height\":277},{\"@type\":\"BreadcrumbList\",\"@id\":\"https:\\\/\\\/www.iemj.org\\\/it\\\/la-sequence-israelienne-par-avner-azoulay\\\/#breadcrumb\",\"itemListElement\":[{\"@type\":\"ListItem\",\"position\":1,\"name\":\"Accueil\",\"item\":\"https:\\\/\\\/www.iemj.org\\\/it\\\/\"},{\"@type\":\"ListItem\",\"position\":2,\"name\":\"LA SEQUENZA ISRAELIANA DI AVNER AZOULAY\"}]},{\"@type\":\"WebSite\",\"@id\":\"https:\\\/\\\/www.iemj.org\\\/it\\\/#website\",\"url\":\"https:\\\/\\\/www.iemj.org\\\/it\\\/\",\"name\":\"Institut Europ\u00e9en des Musiques Juives\",\"description\":\"Des traditions musicales \u00e0 la port\u00e9e de tous\",\"publisher\":{\"@id\":\"https:\\\/\\\/www.iemj.org\\\/it\\\/#organization\"},\"potentialAction\":[{\"@type\":\"SearchAction\",\"target\":{\"@type\":\"EntryPoint\",\"urlTemplate\":\"https:\\\/\\\/www.iemj.org\\\/it\\\/?s={search_term_string}\"},\"query-input\":{\"@type\":\"PropertyValueSpecification\",\"valueRequired\":true,\"valueName\":\"search_term_string\"}}],\"inLanguage\":\"it-IT\"},{\"@type\":\"Organization\",\"@id\":\"https:\\\/\\\/www.iemj.org\\\/it\\\/#organization\",\"name\":\"Institut Europ\u00e9en des Musiques Juives\",\"url\":\"https:\\\/\\\/www.iemj.org\\\/it\\\/\",\"logo\":{\"@type\":\"ImageObject\",\"inLanguage\":\"it-IT\",\"@id\":\"https:\\\/\\\/www.iemj.org\\\/it\\\/#\\\/schema\\\/logo\\\/image\\\/\",\"url\":\"https:\\\/\\\/www.iemj.org\\\/wp-content\\\/uploads\\\/2021\\\/09\\\/Logo-IEMJ-Paypal.jpg\",\"contentUrl\":\"https:\\\/\\\/www.iemj.org\\\/wp-content\\\/uploads\\\/2021\\\/09\\\/Logo-IEMJ-Paypal.jpg\",\"width\":150,\"height\":50,\"caption\":\"Institut Europ\u00e9en des Musiques Juives\"},\"image\":{\"@id\":\"https:\\\/\\\/www.iemj.org\\\/it\\\/#\\\/schema\\\/logo\\\/image\\\/\"},\"sameAs\":[\"https:\\\/\\\/www.facebook.com\\\/MusiquesJuives\\\/\",\"https:\\\/\\\/www.instagram.com\\\/musiquesjuives\\\/\",\"https:\\\/\\\/www.youtube.com\\\/user\\\/musiquesjuives\"]},{\"@type\":\"Person\",\"@id\":\"https:\\\/\\\/www.iemj.org\\\/it\\\/#\\\/schema\\\/person\\\/e2ad57f2c4be119c7ed8ab79036807a9\",\"name\":\"Lea Couderc\",\"image\":{\"@type\":\"ImageObject\",\"inLanguage\":\"it-IT\",\"@id\":\"https:\\\/\\\/secure.gravatar.com\\\/avatar\\\/46ee021475d60aeff17a7e490b79dea5a5684bb392ab7fd1494027411df8ba23?s=96&d=mm&r=g\",\"url\":\"https:\\\/\\\/secure.gravatar.com\\\/avatar\\\/46ee021475d60aeff17a7e490b79dea5a5684bb392ab7fd1494027411df8ba23?s=96&d=mm&r=g\",\"contentUrl\":\"https:\\\/\\\/secure.gravatar.com\\\/avatar\\\/46ee021475d60aeff17a7e490b79dea5a5684bb392ab7fd1494027411df8ba23?s=96&d=mm&r=g\",\"caption\":\"Lea Couderc\"}}]}<\/script>\n<!-- \/ Yoast SEO plugin. -->","yoast_head_json":{"title":"LA SEQUENZA ISRAELIANA DI AVNER AZOULAY - Institut Europ\u00e9en des Musiques Juives","robots":{"index":"index","follow":"follow","max-snippet":"max-snippet:-1","max-image-preview":"max-image-preview:large","max-video-preview":"max-video-preview:-1"},"canonical":"https:\/\/www.iemj.org\/it\/la-sequence-israelienne-par-avner-azoulay\/","og_locale":"it_IT","og_type":"article","og_title":"LA SEQUENZA ISRAELIANA DI AVNER AZOULAY - Institut Europ\u00e9en des Musiques Juives","og_description":"Una presentazione della musica israeliana, al tempo stesso di colore sefardita, ashkenazita o mediorientale","og_url":"https:\/\/www.iemj.org\/it\/la-sequence-israelienne-par-avner-azoulay\/","og_site_name":"Institut Europ\u00e9en des Musiques Juives","article_publisher":"https:\/\/www.facebook.com\/MusiquesJuives\/","article_published_time":"2017-06-05T15:46:16+00:00","article_modified_time":"2025-06-19T11:15:05+00:00","og_image":[{"width":276,"height":277,"url":"https:\/\/www.iemj.org\/wp-content\/uploads\/2017\/06\/arton2346.jpg","type":"image\/jpeg"}],"author":"Lea Couderc","twitter_card":"summary_large_image","twitter_misc":{"Scritto da":"Lea Couderc","Tempo di lettura stimato":"1 minuto"},"schema":{"@context":"https:\/\/schema.org","@graph":[{"@type":"Article","@id":"https:\/\/www.iemj.org\/it\/la-sequence-israelienne-par-avner-azoulay\/#article","isPartOf":{"@id":"https:\/\/www.iemj.org\/it\/la-sequence-israelienne-par-avner-azoulay\/"},"author":{"name":"Lea Couderc","@id":"https:\/\/www.iemj.org\/it\/#\/schema\/person\/e2ad57f2c4be119c7ed8ab79036807a9"},"headline":"LA SEQUENZA ISRAELIANA DI AVNER AZOULAY","datePublished":"2017-06-05T15:46:16+00:00","dateModified":"2025-06-19T11:15:05+00:00","mainEntityOfPage":{"@id":"https:\/\/www.iemj.org\/it\/la-sequence-israelienne-par-avner-azoulay\/"},"wordCount":159,"publisher":{"@id":"https:\/\/www.iemj.org\/it\/#organization"},"image":{"@id":"https:\/\/www.iemj.org\/it\/la-sequence-israelienne-par-avner-azoulay\/#primaryimage"},"thumbnailUrl":"https:\/\/www.iemj.org\/wp-content\/uploads\/2017\/06\/arton2346.jpg","keywords":["Israele"],"articleSection":["Ascoltare \/ Guardare","Playlist"],"inLanguage":"it-IT"},{"@type":"WebPage","@id":"https:\/\/www.iemj.org\/it\/la-sequence-israelienne-par-avner-azoulay\/","url":"https:\/\/www.iemj.org\/it\/la-sequence-israelienne-par-avner-azoulay\/","name":"LA SEQUENZA ISRAELIANA DI AVNER AZOULAY - Institut Europ\u00e9en des Musiques Juives","isPartOf":{"@id":"https:\/\/www.iemj.org\/it\/#website"},"primaryImageOfPage":{"@id":"https:\/\/www.iemj.org\/it\/la-sequence-israelienne-par-avner-azoulay\/#primaryimage"},"image":{"@id":"https:\/\/www.iemj.org\/it\/la-sequence-israelienne-par-avner-azoulay\/#primaryimage"},"thumbnailUrl":"https:\/\/www.iemj.org\/wp-content\/uploads\/2017\/06\/arton2346.jpg","datePublished":"2017-06-05T15:46:16+00:00","dateModified":"2025-06-19T11:15:05+00:00","breadcrumb":{"@id":"https:\/\/www.iemj.org\/it\/la-sequence-israelienne-par-avner-azoulay\/#breadcrumb"},"inLanguage":"it-IT","potentialAction":[{"@type":"ReadAction","target":["https:\/\/www.iemj.org\/it\/la-sequence-israelienne-par-avner-azoulay\/"]}]},{"@type":"ImageObject","inLanguage":"it-IT","@id":"https:\/\/www.iemj.org\/it\/la-sequence-israelienne-par-avner-azoulay\/#primaryimage","url":"https:\/\/www.iemj.org\/wp-content\/uploads\/2017\/06\/arton2346.jpg","contentUrl":"https:\/\/www.iemj.org\/wp-content\/uploads\/2017\/06\/arton2346.jpg","width":276,"height":277},{"@type":"BreadcrumbList","@id":"https:\/\/www.iemj.org\/it\/la-sequence-israelienne-par-avner-azoulay\/#breadcrumb","itemListElement":[{"@type":"ListItem","position":1,"name":"Accueil","item":"https:\/\/www.iemj.org\/it\/"},{"@type":"ListItem","position":2,"name":"LA SEQUENZA ISRAELIANA DI AVNER AZOULAY"}]},{"@type":"WebSite","@id":"https:\/\/www.iemj.org\/it\/#website","url":"https:\/\/www.iemj.org\/it\/","name":"Institut Europ\u00e9en des Musiques Juives","description":"Des traditions musicales \u00e0 la port\u00e9e de tous","publisher":{"@id":"https:\/\/www.iemj.org\/it\/#organization"},"potentialAction":[{"@type":"SearchAction","target":{"@type":"EntryPoint","urlTemplate":"https:\/\/www.iemj.org\/it\/?s={search_term_string}"},"query-input":{"@type":"PropertyValueSpecification","valueRequired":true,"valueName":"search_term_string"}}],"inLanguage":"it-IT"},{"@type":"Organization","@id":"https:\/\/www.iemj.org\/it\/#organization","name":"Institut Europ\u00e9en des Musiques Juives","url":"https:\/\/www.iemj.org\/it\/","logo":{"@type":"ImageObject","inLanguage":"it-IT","@id":"https:\/\/www.iemj.org\/it\/#\/schema\/logo\/image\/","url":"https:\/\/www.iemj.org\/wp-content\/uploads\/2021\/09\/Logo-IEMJ-Paypal.jpg","contentUrl":"https:\/\/www.iemj.org\/wp-content\/uploads\/2021\/09\/Logo-IEMJ-Paypal.jpg","width":150,"height":50,"caption":"Institut Europ\u00e9en des Musiques Juives"},"image":{"@id":"https:\/\/www.iemj.org\/it\/#\/schema\/logo\/image\/"},"sameAs":["https:\/\/www.facebook.com\/MusiquesJuives\/","https:\/\/www.instagram.com\/musiquesjuives\/","https:\/\/www.youtube.com\/user\/musiquesjuives"]},{"@type":"Person","@id":"https:\/\/www.iemj.org\/it\/#\/schema\/person\/e2ad57f2c4be119c7ed8ab79036807a9","name":"Lea Couderc","image":{"@type":"ImageObject","inLanguage":"it-IT","@id":"https:\/\/secure.gravatar.com\/avatar\/46ee021475d60aeff17a7e490b79dea5a5684bb392ab7fd1494027411df8ba23?s=96&d=mm&r=g","url":"https:\/\/secure.gravatar.com\/avatar\/46ee021475d60aeff17a7e490b79dea5a5684bb392ab7fd1494027411df8ba23?s=96&d=mm&r=g","contentUrl":"https:\/\/secure.gravatar.com\/avatar\/46ee021475d60aeff17a7e490b79dea5a5684bb392ab7fd1494027411df8ba23?s=96&d=mm&r=g","caption":"Lea Couderc"}}]}},"_links":{"self":[{"href":"https:\/\/www.iemj.org\/it\/wp-json\/wp\/v2\/posts\/90242","targetHints":{"allow":["GET"]}}],"collection":[{"href":"https:\/\/www.iemj.org\/it\/wp-json\/wp\/v2\/posts"}],"about":[{"href":"https:\/\/www.iemj.org\/it\/wp-json\/wp\/v2\/types\/post"}],"author":[{"embeddable":true,"href":"https:\/\/www.iemj.org\/it\/wp-json\/wp\/v2\/users\/1052"}],"replies":[{"embeddable":true,"href":"https:\/\/www.iemj.org\/it\/wp-json\/wp\/v2\/comments?post=90242"}],"version-history":[{"count":0,"href":"https:\/\/www.iemj.org\/it\/wp-json\/wp\/v2\/posts\/90242\/revisions"}],"wp:featuredmedia":[{"embeddable":true,"href":"https:\/\/www.iemj.org\/it\/wp-json\/wp\/v2\/media\/90243"}],"wp:attachment":[{"href":"https:\/\/www.iemj.org\/it\/wp-json\/wp\/v2\/media?parent=90242"}],"wp:term":[{"taxonomy":"category","embeddable":true,"href":"https:\/\/www.iemj.org\/it\/wp-json\/wp\/v2\/categories?post=90242"},{"taxonomy":"post_tag","embeddable":true,"href":"https:\/\/www.iemj.org\/it\/wp-json\/wp\/v2\/tags?post=90242"},{"taxonomy":"technique","embeddable":true,"href":"https:\/\/www.iemj.org\/it\/wp-json\/wp\/v2\/technique?post=90242"},{"taxonomy":"squelettes","embeddable":true,"href":"https:\/\/www.iemj.org\/it\/wp-json\/wp\/v2\/squelettes?post=90242"},{"taxonomy":"sujet","embeddable":true,"href":"https:\/\/www.iemj.org\/it\/wp-json\/wp\/v2\/sujet?post=90242"},{"taxonomy":"formation","embeddable":true,"href":"https:\/\/www.iemj.org\/it\/wp-json\/wp\/v2\/formation?post=90242"},{"taxonomy":"genre","embeddable":true,"href":"https:\/\/www.iemj.org\/it\/wp-json\/wp\/v2\/genre?post=90242"},{"taxonomy":"fonds","embeddable":true,"href":"https:\/\/www.iemj.org\/it\/wp-json\/wp\/v2\/fonds?post=90242"},{"taxonomy":"tradition","embeddable":true,"href":"https:\/\/www.iemj.org\/it\/wp-json\/wp\/v2\/tradition?post=90242"},{"taxonomy":"type-de-contenu","embeddable":true,"href":"https:\/\/www.iemj.org\/it\/wp-json\/wp\/v2\/type-de-contenu?post=90242"},{"taxonomy":"interprete-compositeur","embeddable":true,"href":"https:\/\/www.iemj.org\/it\/wp-json\/wp\/v2\/interprete-compositeur?post=90242"},{"taxonomy":"frise","embeddable":true,"href":"https:\/\/www.iemj.org\/it\/wp-json\/wp\/v2\/frise?post=90242"},{"taxonomy":"type-devenement","embeddable":true,"href":"https:\/\/www.iemj.org\/it\/wp-json\/wp\/v2\/type-devenement?post=90242"},{"taxonomy":"tableaux-liens-externes","embeddable":true,"href":"https:\/\/www.iemj.org\/it\/wp-json\/wp\/v2\/tableaux-liens-externes?post=90242"}],"curies":[{"name":"wp","href":"https:\/\/api.w.org\/{rel}","templated":true}]}}