{"id":90248,"date":"2016-01-28T16:40:00","date_gmt":"2016-01-28T15:40:00","guid":{"rendered":"https:\/\/www.iemj.org\/le-mariage-traditionnel-juif-1\/"},"modified":"2025-05-08T11:21:20","modified_gmt":"2025-05-08T09:21:20","slug":"le-mariage-traditionnel-juif-1","status":"publish","type":"post","link":"https:\/\/www.iemj.org\/it\/le-mariage-traditionnel-juif-1\/","title":{"rendered":"<strong>Il matrimonio tradizionale ebraico 1<\/strong>"},"content":{"rendered":"<p><strong>Il matrimonio nella tradizione ebraica obbedisce a certe usanze, si tratta di celebrare l&#8217;unione di due persone ma anche la loro appartenenza alla vita religiosa<\/strong><\/p>\n<p>Il matrimonio si svolge in pi\u00f9 fasi. Circa due mesi prima della cerimonia, i futuri sposi studiano separatamente con un rabbino le cosiddette leggi della &#8220;purezza familiare&#8221; che portano a definire se sono idonei a sposarsi.<\/p>\n<p>Molto spesso gli sposi scelgono di non incontrarsi qualche giorno prima del loro matrimonio per meditare sull&#8217;importanza dell&#8217;atto che stanno per intraprendere.<\/p>\n<p><img decoding=\"async\" class=\" wp-image-9019 alignright\" src=\"https:\/\/www.iemj.org\/wp-content\/uploads\/2016\/01\/la_mariee_et_le_rabbin_2.jpg\" alt=\"la_mariee_et_le_rabbin_2.jpg\" width=\"181\" height=\"258\" align=\"left\" srcset=\"https:\/\/www.iemj.org\/wp-content\/uploads\/2016\/01\/la_mariee_et_le_rabbin_2.jpg 225w, https:\/\/www.iemj.org\/wp-content\/uploads\/2016\/01\/la_mariee_et_le_rabbin_2-210x300.jpg 210w\" sizes=\"(max-width: 181px) 100vw, 181px\" \/><\/p>\n<p>Essendo il giorno del matrimonio l&#8217;inizio di una nuova vita, a due nel rispetto delle tradizioni ebraiche, \u00e8 anche il giorno in cui i loro peccati vengono perdonati.<\/p>\n<p>La cerimonia religiosa si celebra sotto il baldacchino nuziale (<em>houpa<\/em>), simbolo della nuova casa coniugale, chiamato secondo il profeta Malachia, santuario dell&#8217;Eterno.<\/p>\n<p>L\u2019avanzata verso la Chupah assume forme molto diverse a seconda delle comunit\u00e0.<\/p>\n<p>Il marito (<em>Hatane<\/em>) regala alla sposa (<em>kala<\/em>) l&#8217;unico anello di unione sotto lo sguardo dei due testimoni presenti. La <em>kala <\/em>non deve in nessun caso rimuovere l&#8217;anello nuziale dalla sua mano per tutta la durata della cerimonia.<\/p>\n<p><img fetchpriority=\"high\" decoding=\"async\" class=\" aligncenter size-full wp-image-9021\" src=\"https:\/\/www.iemj.org\/wp-content\/uploads\/2016\/01\/la_hupa.jpg\" alt=\"la_hupa.jpg\" width=\"500\" height=\"353\" align=\"middle\" srcset=\"https:\/\/www.iemj.org\/wp-content\/uploads\/2016\/01\/la_hupa.jpg 500w, https:\/\/www.iemj.org\/wp-content\/uploads\/2016\/01\/la_hupa-300x212.jpg 300w\" sizes=\"(max-width: 500px) 100vw, 500px\" \/><br \/><img decoding=\"async\" class=\" alignright  wp-image-9017\" src=\"https:\/\/www.iemj.org\/wp-content\/uploads\/2016\/01\/photo_epouse_halphen3.jpg\" alt=\"photo_epouse_halphen3.jpg\" width=\"191\" height=\"392\" align=\"right\" srcset=\"https:\/\/www.iemj.org\/wp-content\/uploads\/2016\/01\/photo_epouse_halphen3.jpg 200w, https:\/\/www.iemj.org\/wp-content\/uploads\/2016\/01\/photo_epouse_halphen3-146x300.jpg 146w\" sizes=\"(max-width: 191px) 100vw, 191px\" \/><\/p>\n<p>Il rabbino officiante riempie in seguito un bicchiere di vino e legge la seguente benedizione:<\/p>\n<p>\u201cLode al Signore nostro Dio, Re dell&#8217;Universo, che ha creato il frutto della vite\u201d.<\/p>\n<p>La rottura del vetro da parte del <em>hatane<\/em> \u00e8 l&#8217;ultima fase della cerimonia. Questa azione simboleggiando la distruzione del Tempio di Gerusalemme. Il <em>hatane<\/em> recita la frase del Salmo 137: \u201cSe ti dimentico Gerusalemme, che la mia destra mi dimentichi. Che la mia lingua s\u2019incolli al mio palato se non ricordo la tua memoria, se non elevo Gerusalemme al di sopra della mia gioia\u201d e rompe poi il bicchiere con i suoi piedi.<\/p>\n<p>Al termine della cerimonia la coppia prende un momento per isolarsi. Questa situazione di intimit\u00e0 arriva in certo qual modo a concretizzare la loro unione. Si uniscono quindi ai loro ospiti per un pasto festivo accompagnato da musica e balli.<\/p>\n<ul>\n<li><a href=\"https:\/\/www.iemj.org\/yiddish-glik-le-bonheur-juif\/\" target=\"_blank\" rel=\"noopener\">Ascoltare l\u2019emissione radiofonica Yiddish Glik \/ Le Bonheur Juif, speciale matrimonio<\/a><\/li>\n<li><a href=\"https:\/\/www.iemj.org\/it\/le-mariage-traditionnel-juif-2\/\" target=\"_blank\" rel=\"noopener\">Ascoltare la playlist : Il tradizionale matrimonio ebraico 2<\/a><\/li>\n<li><a href=\"https:\/\/www.iemj.org\/it\/le-mariage-juif\/\" target=\"_blank\" rel=\"noopener\">Leggi l&#8217;articolo sul matrimonio<\/a><img loading=\"lazy\" decoding=\"async\" class=\" aligncenter size-full wp-image-9023\" src=\"https:\/\/www.iemj.org\/wp-content\/uploads\/2016\/01\/document_montage_comp.jpg\" alt=\"document_montage_comp.jpg\" width=\"500\" height=\"334\" align=\"middle\" srcset=\"https:\/\/www.iemj.org\/wp-content\/uploads\/2016\/01\/document_montage_comp.jpg 500w, https:\/\/www.iemj.org\/wp-content\/uploads\/2016\/01\/document_montage_comp-300x200.jpg 300w\" sizes=\"(max-width: 500px) 100vw, 500px\" \/><\/li>\n<\/ul>\n\n<div class=\"wp-block-image\">\n<figure class=\"aligncenter size-large\"><img loading=\"lazy\" decoding=\"async\" width=\"1024\" height=\"133\" src=\"https:\/\/www.iemj.org\/wp-content\/uploads\/2024\/03\/AUDIO-PLAYER-1024x133.png\" alt=\"\" class=\"wp-image-110609\" srcset=\"https:\/\/www.iemj.org\/wp-content\/uploads\/2024\/03\/AUDIO-PLAYER-1024x133.png 1024w, https:\/\/www.iemj.org\/wp-content\/uploads\/2024\/03\/AUDIO-PLAYER-300x39.png 300w, https:\/\/www.iemj.org\/wp-content\/uploads\/2024\/03\/AUDIO-PLAYER-768x100.png 768w, https:\/\/www.iemj.org\/wp-content\/uploads\/2024\/03\/AUDIO-PLAYER-600x78.png 600w, https:\/\/www.iemj.org\/wp-content\/uploads\/2024\/03\/AUDIO-PLAYER.png 1210w\" sizes=\"(max-width: 1024px) 100vw, 1024px\" \/><\/figure>\n<\/div>\n\n\n<h2 class=\"wp-block-heading\"><\/h2>\n\n\n\n<div class=\"wp-block-file\"><a id=\"wp-block-file--media-a196092e-a720-4e77-8407-bc1e17d564f1\" href=\"https:\/\/www.iemj.org\/wp-content\/uploads\/2016\/01\/les_voila_-_luc_cherki.mp3\">Les voila &#8211; Luc CHERKI<\/a><\/div>\n\n\n\n<div class=\"wp-block-file\"><a id=\"wp-block-file--media-5bc3e521-94f1-44e3-a568-21e2d2f37253\" href=\"https:\/\/www.iemj.org\/wp-content\/uploads\/2016\/01\/a_chasseneh_bei_yidden_-_henri_gerro.mp3\">A chasseneh bei yidden &#8211; Henri GERRO<\/a><\/div>\n\n\n\n<div class=\"wp-block-file\"><a id=\"wp-block-file--media-6b93c703-1a6f-4e22-a69d-2f3a745d0261\" href=\"https:\/\/www.iemj.org\/wp-content\/uploads\/2016\/01\/ad_halayla_-_starski_andreoli_orchestra.mp3\">Ad Halayla &#8211; STARSKI &amp; ANDREOLI Orchestra<\/a><\/div>\n\n\n\n<div class=\"wp-block-file\"><a id=\"wp-block-file--media-cc0e2f39-bb53-4792-ac1d-844cd094fda3\" href=\"https:\/\/www.iemj.org\/wp-content\/uploads\/2016\/01\/danses_de_mariage_-_jaro_schmied.mp3\">Danses de mariage &#8211; Jaro SCHMIED<\/a><\/div>\n\n\n\n<div class=\"wp-block-file\"><a id=\"wp-block-file--media-9b6a34ed-0b4c-4222-86f9-a43957a6558e\" href=\"https:\/\/www.iemj.org\/wp-content\/uploads\/2016\/01\/a_kalle_betetzen_1ere_partie_-_ensemble_ukrainien_rabinovitch.mp3\">A kalle bezetzen 1\u00e8re partie &#8211; Ensemble Ukrainien Rabinovitch<\/a><\/div>\n\n\n\n<div class=\"wp-block-file\"><a id=\"wp-block-file--media-b220fdd1-a236-4580-9274-2122fc55ba3d\" href=\"https:\/\/www.iemj.org\/wp-content\/uploads\/2016\/01\/a_kalle_betetzen_2ere_partie_-_ensemble_ukrainien_rabinovitch.mp3\">A kalle bezetzen 2\u00e8re partie &#8211; Ensemble Ukrainien Rabinovitch<\/a><\/div>\n\n\n\n<div class=\"wp-block-file\"><a id=\"wp-block-file--media-21e6eb59-f8b0-4d05-b95a-c2958c364a77\" href=\"https:\/\/www.iemj.org\/wp-content\/uploads\/2016\/01\/el-givat_ha-levona_-_ensemble_alla_francesca.mp3\">El-givat ha-levona &#8211; Ensemble Alla Francesca<\/a><\/div>\n\n\n\n<div class=\"wp-block-file\"><a id=\"wp-block-file--media-c8066295-1013-4044-96ca-94e1f124c3ab\" href=\"https:\/\/www.iemj.org\/wp-content\/uploads\/2016\/01\/kaleh_bazetsen_-_zev_feldman_andy_statman_.mp3\">Kaleh bazetsen &#8211; Zev FELDMAN &amp; Andy STATMAN <\/a><\/div>\n\n\n\n<div class=\"wp-block-file\"><a id=\"wp-block-file--media-cb9e0a7a-ed93-44c4-8ebe-3903c1a9e6c2\" href=\"https:\/\/www.iemj.org\/wp-content\/uploads\/2016\/01\/chasseneh_valse_-_chaim_towber.mp3\">Chasseneh valse &#8211; Cha\u00efm TOWBER<\/a><\/div>\n\n\n\n<div class=\"wp-block-file\"><a id=\"wp-block-file--media-66b28d2e-a72e-4fae-8e29-ad1e5f3a1c34\" href=\"https:\/\/www.iemj.org\/wp-content\/uploads\/2016\/01\/mazel_tov_-_starski_andreoli_orchestra.mp3\">Mazel Tov &#8211; STARSKI &amp; ANDREOLI Orchestra<\/a><\/div>\n\n\n\n<div class=\"wp-block-file\"><a id=\"wp-block-file--media-175347df-2c05-4a27-a943-e2decdaf14ed\" href=\"https:\/\/www.iemj.org\/wp-content\/uploads\/2016\/01\/nit_bei_motien_la_malice_de_motia_-_jacob_jacobs.mp3\">Nit bei Motien La malice de Motia &#8211; Jacob JACOBS<\/a><\/div>\n\n\n\n<div class=\"wp-block-file\"><a id=\"wp-block-file--media-70fd2c27-5fb6-43a3-96b5-031dabb21869\" href=\"https:\/\/www.iemj.org\/wp-content\/uploads\/2016\/01\/polka_mazurka_-_marty_levitt_.mp3\">Polka Mazurka &#8211; Marty LEVITT <\/a><\/div>\n\n\n\n<div class=\"wp-block-file\"><a id=\"wp-block-file--media-b17b83b0-93b9-4cb2-a3c9-dedc9ed98590\" href=\"https:\/\/www.iemj.org\/wp-content\/uploads\/2016\/01\/une_noce_juive_-_orchestre_kandel.mp3\">Une noce juive &#8211; Orchestre KANDEL<\/a><\/div>\n\n\n\n<div class=\"wp-block-file\"><a id=\"wp-block-file--media-99ee42af-6384-432b-ba4f-ed5090f22226\" href=\"https:\/\/www.iemj.org\/wp-content\/uploads\/2016\/01\/firn_di_mekhutonim_aheym_-_itzhak_perlman.mp3\">Firn Di Mekhutonim Aheym &#8211; Itzhak PERLMAN<\/a><\/div>\n","protected":false},"excerpt":{"rendered":"<p>Il matrimonio nella tradizione ebraica obbedisce a certe usanze, si tratta di celebrare l&#8217;unione di due persone ma anche la loro appartenenza alla vita religiosa Il matrimonio si svolge in<\/p>\n","protected":false},"author":1052,"featured_media":90249,"comment_status":"closed","ping_status":"open","sticky":false,"template":"","format":"standard","meta":{"_acf_changed":false,"footnotes":""},"categories":[1536],"tags":[],"technique":[],"squelettes":[],"sujet":[1767],"formation":[],"genre":[],"fonds":[],"tradition":[],"type-de-contenu":[],"interprete-compositeur":[],"frise":[],"type-devenement":[],"tableaux-liens-externes":[],"class_list":["post-90248","post","type-post","status-publish","format-standard","has-post-thumbnail","hentry","category-playlist-it","sujet-matrimonio"],"acf":[],"yoast_head":"<!-- This site is optimized with the Yoast SEO plugin v27.3 - https:\/\/yoast.com\/product\/yoast-seo-wordpress\/ -->\n<title>Il matrimonio tradizionale ebraico 1 - Institut Europ\u00e9en des Musiques Juives<\/title>\n<meta name=\"robots\" content=\"index, follow, max-snippet:-1, max-image-preview:large, max-video-preview:-1\" \/>\n<link rel=\"canonical\" href=\"https:\/\/www.iemj.org\/it\/le-mariage-traditionnel-juif-1\/\" \/>\n<meta property=\"og:locale\" content=\"it_IT\" \/>\n<meta property=\"og:type\" content=\"article\" \/>\n<meta property=\"og:title\" content=\"Il matrimonio tradizionale ebraico 1 - Institut Europ\u00e9en des Musiques Juives\" \/>\n<meta property=\"og:description\" content=\"Il matrimonio nella tradizione ebraica obbedisce a certe usanze, si tratta di celebrare l&#8217;unione di due persone ma anche la loro appartenenza alla vita religiosa Il matrimonio si svolge in\" \/>\n<meta property=\"og:url\" content=\"https:\/\/www.iemj.org\/it\/le-mariage-traditionnel-juif-1\/\" \/>\n<meta property=\"og:site_name\" content=\"Institut Europ\u00e9en des Musiques Juives\" \/>\n<meta property=\"article:publisher\" content=\"https:\/\/www.facebook.com\/MusiquesJuives\/\" \/>\n<meta property=\"article:published_time\" content=\"2016-01-28T15:40:00+00:00\" \/>\n<meta property=\"article:modified_time\" content=\"2025-05-08T09:21:20+00:00\" \/>\n<meta property=\"og:image\" content=\"https:\/\/www.iemj.org\/wp-content\/uploads\/2016\/01\/arton1427.jpg\" \/>\n\t<meta property=\"og:image:width\" content=\"500\" \/>\n\t<meta property=\"og:image:height\" content=\"493\" \/>\n\t<meta property=\"og:image:type\" content=\"image\/jpeg\" \/>\n<meta name=\"author\" content=\"Lea Couderc\" \/>\n<meta name=\"twitter:card\" content=\"summary_large_image\" \/>\n<meta name=\"twitter:label1\" content=\"Scritto da\" \/>\n\t<meta name=\"twitter:data1\" content=\"Lea Couderc\" \/>\n\t<meta name=\"twitter:label2\" content=\"Tempo di lettura stimato\" \/>\n\t<meta name=\"twitter:data2\" content=\"4 minuti\" \/>\n<script type=\"application\/ld+json\" class=\"yoast-schema-graph\">{\"@context\":\"https:\\\/\\\/schema.org\",\"@graph\":[{\"@type\":\"Article\",\"@id\":\"https:\\\/\\\/www.iemj.org\\\/it\\\/le-mariage-traditionnel-juif-1\\\/#article\",\"isPartOf\":{\"@id\":\"https:\\\/\\\/www.iemj.org\\\/it\\\/le-mariage-traditionnel-juif-1\\\/\"},\"author\":{\"name\":\"Lea Couderc\",\"@id\":\"https:\\\/\\\/www.iemj.org\\\/it\\\/#\\\/schema\\\/person\\\/e2ad57f2c4be119c7ed8ab79036807a9\"},\"headline\":\"Il matrimonio tradizionale ebraico 1\",\"datePublished\":\"2016-01-28T15:40:00+00:00\",\"dateModified\":\"2025-05-08T09:21:20+00:00\",\"mainEntityOfPage\":{\"@id\":\"https:\\\/\\\/www.iemj.org\\\/it\\\/le-mariage-traditionnel-juif-1\\\/\"},\"wordCount\":457,\"publisher\":{\"@id\":\"https:\\\/\\\/www.iemj.org\\\/it\\\/#organization\"},\"image\":{\"@id\":\"https:\\\/\\\/www.iemj.org\\\/it\\\/le-mariage-traditionnel-juif-1\\\/#primaryimage\"},\"thumbnailUrl\":\"https:\\\/\\\/www.iemj.org\\\/wp-content\\\/uploads\\\/2016\\\/01\\\/arton1427.jpg\",\"articleSection\":[\"Playlist\"],\"inLanguage\":\"it-IT\"},{\"@type\":\"WebPage\",\"@id\":\"https:\\\/\\\/www.iemj.org\\\/it\\\/le-mariage-traditionnel-juif-1\\\/\",\"url\":\"https:\\\/\\\/www.iemj.org\\\/it\\\/le-mariage-traditionnel-juif-1\\\/\",\"name\":\"Il matrimonio tradizionale ebraico 1 - Institut Europ\u00e9en des Musiques Juives\",\"isPartOf\":{\"@id\":\"https:\\\/\\\/www.iemj.org\\\/it\\\/#website\"},\"primaryImageOfPage\":{\"@id\":\"https:\\\/\\\/www.iemj.org\\\/it\\\/le-mariage-traditionnel-juif-1\\\/#primaryimage\"},\"image\":{\"@id\":\"https:\\\/\\\/www.iemj.org\\\/it\\\/le-mariage-traditionnel-juif-1\\\/#primaryimage\"},\"thumbnailUrl\":\"https:\\\/\\\/www.iemj.org\\\/wp-content\\\/uploads\\\/2016\\\/01\\\/arton1427.jpg\",\"datePublished\":\"2016-01-28T15:40:00+00:00\",\"dateModified\":\"2025-05-08T09:21:20+00:00\",\"breadcrumb\":{\"@id\":\"https:\\\/\\\/www.iemj.org\\\/it\\\/le-mariage-traditionnel-juif-1\\\/#breadcrumb\"},\"inLanguage\":\"it-IT\",\"potentialAction\":[{\"@type\":\"ReadAction\",\"target\":[\"https:\\\/\\\/www.iemj.org\\\/it\\\/le-mariage-traditionnel-juif-1\\\/\"]}]},{\"@type\":\"ImageObject\",\"inLanguage\":\"it-IT\",\"@id\":\"https:\\\/\\\/www.iemj.org\\\/it\\\/le-mariage-traditionnel-juif-1\\\/#primaryimage\",\"url\":\"https:\\\/\\\/www.iemj.org\\\/wp-content\\\/uploads\\\/2016\\\/01\\\/arton1427.jpg\",\"contentUrl\":\"https:\\\/\\\/www.iemj.org\\\/wp-content\\\/uploads\\\/2016\\\/01\\\/arton1427.jpg\",\"width\":500,\"height\":493},{\"@type\":\"BreadcrumbList\",\"@id\":\"https:\\\/\\\/www.iemj.org\\\/it\\\/le-mariage-traditionnel-juif-1\\\/#breadcrumb\",\"itemListElement\":[{\"@type\":\"ListItem\",\"position\":1,\"name\":\"Accueil\",\"item\":\"https:\\\/\\\/www.iemj.org\\\/it\\\/\"},{\"@type\":\"ListItem\",\"position\":2,\"name\":\"Il matrimonio tradizionale ebraico 1\"}]},{\"@type\":\"WebSite\",\"@id\":\"https:\\\/\\\/www.iemj.org\\\/it\\\/#website\",\"url\":\"https:\\\/\\\/www.iemj.org\\\/it\\\/\",\"name\":\"Institut Europ\u00e9en des Musiques Juives\",\"description\":\"Des traditions musicales \u00e0 la port\u00e9e de tous\",\"publisher\":{\"@id\":\"https:\\\/\\\/www.iemj.org\\\/it\\\/#organization\"},\"potentialAction\":[{\"@type\":\"SearchAction\",\"target\":{\"@type\":\"EntryPoint\",\"urlTemplate\":\"https:\\\/\\\/www.iemj.org\\\/it\\\/?s={search_term_string}\"},\"query-input\":{\"@type\":\"PropertyValueSpecification\",\"valueRequired\":true,\"valueName\":\"search_term_string\"}}],\"inLanguage\":\"it-IT\"},{\"@type\":\"Organization\",\"@id\":\"https:\\\/\\\/www.iemj.org\\\/it\\\/#organization\",\"name\":\"Institut Europ\u00e9en des Musiques Juives\",\"url\":\"https:\\\/\\\/www.iemj.org\\\/it\\\/\",\"logo\":{\"@type\":\"ImageObject\",\"inLanguage\":\"it-IT\",\"@id\":\"https:\\\/\\\/www.iemj.org\\\/it\\\/#\\\/schema\\\/logo\\\/image\\\/\",\"url\":\"https:\\\/\\\/www.iemj.org\\\/wp-content\\\/uploads\\\/2021\\\/09\\\/Logo-IEMJ-Paypal.jpg\",\"contentUrl\":\"https:\\\/\\\/www.iemj.org\\\/wp-content\\\/uploads\\\/2021\\\/09\\\/Logo-IEMJ-Paypal.jpg\",\"width\":150,\"height\":50,\"caption\":\"Institut Europ\u00e9en des Musiques Juives\"},\"image\":{\"@id\":\"https:\\\/\\\/www.iemj.org\\\/it\\\/#\\\/schema\\\/logo\\\/image\\\/\"},\"sameAs\":[\"https:\\\/\\\/www.facebook.com\\\/MusiquesJuives\\\/\",\"https:\\\/\\\/www.instagram.com\\\/musiquesjuives\\\/\",\"https:\\\/\\\/www.youtube.com\\\/user\\\/musiquesjuives\"]},{\"@type\":\"Person\",\"@id\":\"https:\\\/\\\/www.iemj.org\\\/it\\\/#\\\/schema\\\/person\\\/e2ad57f2c4be119c7ed8ab79036807a9\",\"name\":\"Lea Couderc\",\"image\":{\"@type\":\"ImageObject\",\"inLanguage\":\"it-IT\",\"@id\":\"https:\\\/\\\/secure.gravatar.com\\\/avatar\\\/46ee021475d60aeff17a7e490b79dea5a5684bb392ab7fd1494027411df8ba23?s=96&d=mm&r=g\",\"url\":\"https:\\\/\\\/secure.gravatar.com\\\/avatar\\\/46ee021475d60aeff17a7e490b79dea5a5684bb392ab7fd1494027411df8ba23?s=96&d=mm&r=g\",\"contentUrl\":\"https:\\\/\\\/secure.gravatar.com\\\/avatar\\\/46ee021475d60aeff17a7e490b79dea5a5684bb392ab7fd1494027411df8ba23?s=96&d=mm&r=g\",\"caption\":\"Lea Couderc\"}}]}<\/script>\n<!-- \/ Yoast SEO plugin. -->","yoast_head_json":{"title":"Il matrimonio tradizionale ebraico 1 - Institut Europ\u00e9en des Musiques Juives","robots":{"index":"index","follow":"follow","max-snippet":"max-snippet:-1","max-image-preview":"max-image-preview:large","max-video-preview":"max-video-preview:-1"},"canonical":"https:\/\/www.iemj.org\/it\/le-mariage-traditionnel-juif-1\/","og_locale":"it_IT","og_type":"article","og_title":"Il matrimonio tradizionale ebraico 1 - Institut Europ\u00e9en des Musiques Juives","og_description":"Il matrimonio nella tradizione ebraica obbedisce a certe usanze, si tratta di celebrare l&#8217;unione di due persone ma anche la loro appartenenza alla vita religiosa Il matrimonio si svolge in","og_url":"https:\/\/www.iemj.org\/it\/le-mariage-traditionnel-juif-1\/","og_site_name":"Institut Europ\u00e9en des Musiques Juives","article_publisher":"https:\/\/www.facebook.com\/MusiquesJuives\/","article_published_time":"2016-01-28T15:40:00+00:00","article_modified_time":"2025-05-08T09:21:20+00:00","og_image":[{"width":500,"height":493,"url":"https:\/\/www.iemj.org\/wp-content\/uploads\/2016\/01\/arton1427.jpg","type":"image\/jpeg"}],"author":"Lea Couderc","twitter_card":"summary_large_image","twitter_misc":{"Scritto da":"Lea Couderc","Tempo di lettura stimato":"4 minuti"},"schema":{"@context":"https:\/\/schema.org","@graph":[{"@type":"Article","@id":"https:\/\/www.iemj.org\/it\/le-mariage-traditionnel-juif-1\/#article","isPartOf":{"@id":"https:\/\/www.iemj.org\/it\/le-mariage-traditionnel-juif-1\/"},"author":{"name":"Lea Couderc","@id":"https:\/\/www.iemj.org\/it\/#\/schema\/person\/e2ad57f2c4be119c7ed8ab79036807a9"},"headline":"Il matrimonio tradizionale ebraico 1","datePublished":"2016-01-28T15:40:00+00:00","dateModified":"2025-05-08T09:21:20+00:00","mainEntityOfPage":{"@id":"https:\/\/www.iemj.org\/it\/le-mariage-traditionnel-juif-1\/"},"wordCount":457,"publisher":{"@id":"https:\/\/www.iemj.org\/it\/#organization"},"image":{"@id":"https:\/\/www.iemj.org\/it\/le-mariage-traditionnel-juif-1\/#primaryimage"},"thumbnailUrl":"https:\/\/www.iemj.org\/wp-content\/uploads\/2016\/01\/arton1427.jpg","articleSection":["Playlist"],"inLanguage":"it-IT"},{"@type":"WebPage","@id":"https:\/\/www.iemj.org\/it\/le-mariage-traditionnel-juif-1\/","url":"https:\/\/www.iemj.org\/it\/le-mariage-traditionnel-juif-1\/","name":"Il matrimonio tradizionale ebraico 1 - Institut Europ\u00e9en des Musiques Juives","isPartOf":{"@id":"https:\/\/www.iemj.org\/it\/#website"},"primaryImageOfPage":{"@id":"https:\/\/www.iemj.org\/it\/le-mariage-traditionnel-juif-1\/#primaryimage"},"image":{"@id":"https:\/\/www.iemj.org\/it\/le-mariage-traditionnel-juif-1\/#primaryimage"},"thumbnailUrl":"https:\/\/www.iemj.org\/wp-content\/uploads\/2016\/01\/arton1427.jpg","datePublished":"2016-01-28T15:40:00+00:00","dateModified":"2025-05-08T09:21:20+00:00","breadcrumb":{"@id":"https:\/\/www.iemj.org\/it\/le-mariage-traditionnel-juif-1\/#breadcrumb"},"inLanguage":"it-IT","potentialAction":[{"@type":"ReadAction","target":["https:\/\/www.iemj.org\/it\/le-mariage-traditionnel-juif-1\/"]}]},{"@type":"ImageObject","inLanguage":"it-IT","@id":"https:\/\/www.iemj.org\/it\/le-mariage-traditionnel-juif-1\/#primaryimage","url":"https:\/\/www.iemj.org\/wp-content\/uploads\/2016\/01\/arton1427.jpg","contentUrl":"https:\/\/www.iemj.org\/wp-content\/uploads\/2016\/01\/arton1427.jpg","width":500,"height":493},{"@type":"BreadcrumbList","@id":"https:\/\/www.iemj.org\/it\/le-mariage-traditionnel-juif-1\/#breadcrumb","itemListElement":[{"@type":"ListItem","position":1,"name":"Accueil","item":"https:\/\/www.iemj.org\/it\/"},{"@type":"ListItem","position":2,"name":"Il matrimonio tradizionale ebraico 1"}]},{"@type":"WebSite","@id":"https:\/\/www.iemj.org\/it\/#website","url":"https:\/\/www.iemj.org\/it\/","name":"Institut Europ\u00e9en des Musiques Juives","description":"Des traditions musicales \u00e0 la port\u00e9e de tous","publisher":{"@id":"https:\/\/www.iemj.org\/it\/#organization"},"potentialAction":[{"@type":"SearchAction","target":{"@type":"EntryPoint","urlTemplate":"https:\/\/www.iemj.org\/it\/?s={search_term_string}"},"query-input":{"@type":"PropertyValueSpecification","valueRequired":true,"valueName":"search_term_string"}}],"inLanguage":"it-IT"},{"@type":"Organization","@id":"https:\/\/www.iemj.org\/it\/#organization","name":"Institut Europ\u00e9en des Musiques Juives","url":"https:\/\/www.iemj.org\/it\/","logo":{"@type":"ImageObject","inLanguage":"it-IT","@id":"https:\/\/www.iemj.org\/it\/#\/schema\/logo\/image\/","url":"https:\/\/www.iemj.org\/wp-content\/uploads\/2021\/09\/Logo-IEMJ-Paypal.jpg","contentUrl":"https:\/\/www.iemj.org\/wp-content\/uploads\/2021\/09\/Logo-IEMJ-Paypal.jpg","width":150,"height":50,"caption":"Institut Europ\u00e9en des Musiques Juives"},"image":{"@id":"https:\/\/www.iemj.org\/it\/#\/schema\/logo\/image\/"},"sameAs":["https:\/\/www.facebook.com\/MusiquesJuives\/","https:\/\/www.instagram.com\/musiquesjuives\/","https:\/\/www.youtube.com\/user\/musiquesjuives"]},{"@type":"Person","@id":"https:\/\/www.iemj.org\/it\/#\/schema\/person\/e2ad57f2c4be119c7ed8ab79036807a9","name":"Lea Couderc","image":{"@type":"ImageObject","inLanguage":"it-IT","@id":"https:\/\/secure.gravatar.com\/avatar\/46ee021475d60aeff17a7e490b79dea5a5684bb392ab7fd1494027411df8ba23?s=96&d=mm&r=g","url":"https:\/\/secure.gravatar.com\/avatar\/46ee021475d60aeff17a7e490b79dea5a5684bb392ab7fd1494027411df8ba23?s=96&d=mm&r=g","contentUrl":"https:\/\/secure.gravatar.com\/avatar\/46ee021475d60aeff17a7e490b79dea5a5684bb392ab7fd1494027411df8ba23?s=96&d=mm&r=g","caption":"Lea Couderc"}}]}},"_links":{"self":[{"href":"https:\/\/www.iemj.org\/it\/wp-json\/wp\/v2\/posts\/90248","targetHints":{"allow":["GET"]}}],"collection":[{"href":"https:\/\/www.iemj.org\/it\/wp-json\/wp\/v2\/posts"}],"about":[{"href":"https:\/\/www.iemj.org\/it\/wp-json\/wp\/v2\/types\/post"}],"author":[{"embeddable":true,"href":"https:\/\/www.iemj.org\/it\/wp-json\/wp\/v2\/users\/1052"}],"replies":[{"embeddable":true,"href":"https:\/\/www.iemj.org\/it\/wp-json\/wp\/v2\/comments?post=90248"}],"version-history":[{"count":0,"href":"https:\/\/www.iemj.org\/it\/wp-json\/wp\/v2\/posts\/90248\/revisions"}],"wp:featuredmedia":[{"embeddable":true,"href":"https:\/\/www.iemj.org\/it\/wp-json\/wp\/v2\/media\/90249"}],"wp:attachment":[{"href":"https:\/\/www.iemj.org\/it\/wp-json\/wp\/v2\/media?parent=90248"}],"wp:term":[{"taxonomy":"category","embeddable":true,"href":"https:\/\/www.iemj.org\/it\/wp-json\/wp\/v2\/categories?post=90248"},{"taxonomy":"post_tag","embeddable":true,"href":"https:\/\/www.iemj.org\/it\/wp-json\/wp\/v2\/tags?post=90248"},{"taxonomy":"technique","embeddable":true,"href":"https:\/\/www.iemj.org\/it\/wp-json\/wp\/v2\/technique?post=90248"},{"taxonomy":"squelettes","embeddable":true,"href":"https:\/\/www.iemj.org\/it\/wp-json\/wp\/v2\/squelettes?post=90248"},{"taxonomy":"sujet","embeddable":true,"href":"https:\/\/www.iemj.org\/it\/wp-json\/wp\/v2\/sujet?post=90248"},{"taxonomy":"formation","embeddable":true,"href":"https:\/\/www.iemj.org\/it\/wp-json\/wp\/v2\/formation?post=90248"},{"taxonomy":"genre","embeddable":true,"href":"https:\/\/www.iemj.org\/it\/wp-json\/wp\/v2\/genre?post=90248"},{"taxonomy":"fonds","embeddable":true,"href":"https:\/\/www.iemj.org\/it\/wp-json\/wp\/v2\/fonds?post=90248"},{"taxonomy":"tradition","embeddable":true,"href":"https:\/\/www.iemj.org\/it\/wp-json\/wp\/v2\/tradition?post=90248"},{"taxonomy":"type-de-contenu","embeddable":true,"href":"https:\/\/www.iemj.org\/it\/wp-json\/wp\/v2\/type-de-contenu?post=90248"},{"taxonomy":"interprete-compositeur","embeddable":true,"href":"https:\/\/www.iemj.org\/it\/wp-json\/wp\/v2\/interprete-compositeur?post=90248"},{"taxonomy":"frise","embeddable":true,"href":"https:\/\/www.iemj.org\/it\/wp-json\/wp\/v2\/frise?post=90248"},{"taxonomy":"type-devenement","embeddable":true,"href":"https:\/\/www.iemj.org\/it\/wp-json\/wp\/v2\/type-devenement?post=90248"},{"taxonomy":"tableaux-liens-externes","embeddable":true,"href":"https:\/\/www.iemj.org\/it\/wp-json\/wp\/v2\/tableaux-liens-externes?post=90248"}],"curies":[{"name":"wp","href":"https:\/\/api.w.org\/{rel}","templated":true}]}}