{"id":90258,"date":"2017-10-26T09:31:43","date_gmt":"2017-10-26T07:31:43","guid":{"rendered":"https:\/\/www.iemj.org\/le-mariage-traditionnel-juif-2\/"},"modified":"2025-05-08T11:24:41","modified_gmt":"2025-05-08T09:24:41","slug":"le-mariage-traditionnel-juif-2","status":"publish","type":"post","link":"https:\/\/www.iemj.org\/it\/le-mariage-traditionnel-juif-2\/","title":{"rendered":"<strong>Il matrimonio tradizionale ebraico 2<\/strong>"},"content":{"rendered":"<p><strong>Il matrimonio nella tradizione ebraica obbedisce a certe usanze, si tratta di celebrare l&#8217;unione di due persone ma anche la loro appartenenza alla vita religiosa<\/strong><\/p>\n<p><!--more--><\/p>\n<p>Il matrimonio si svolge in pi\u00f9 fasi. Circa due mesi prima della cerimonia, i futuri sposi studiano separatamente con un rabbino le cosiddette leggi della &#8220;purezza familiare&#8221; che portano a definire se sono idonei a sposarsi.<\/p>\n<p>Molto spesso gli sposi scelgono di non incontrarsi qualche giorno prima del loro matrimonio per meditare sull&#8217;importanza dell&#8217;atto che stanno per intraprendere.<\/p>\n<p>Essendo il giorno del matrimonio l&#8217;inizio di una nuova vita, a due nel rispetto delle tradizioni ebraiche, \u00e8 anche il giorno in cui i loro peccati vengono perdonati.<\/p>\n<p><span style=\"font-size: inherit;\"><img fetchpriority=\"high\" decoding=\"async\" class=\" alignright size-full wp-image-15900\" src=\"https:\/\/www.iemj.org\/wp-content\/uploads\/2017\/10\/doc_1_mariage_2_500px.jpg\" alt=\"doc_1_mariage_2_500px.jpg\" width=\"240\" height=\"370\" align=\"right\" srcset=\"https:\/\/www.iemj.org\/wp-content\/uploads\/2017\/10\/doc_1_mariage_2_500px.jpg 240w, https:\/\/www.iemj.org\/wp-content\/uploads\/2017\/10\/doc_1_mariage_2_500px-195x300.jpg 195w\" sizes=\"(max-width: 240px) 100vw, 240px\" \/><\/span><\/p>\n<p>La cerimonia religiosa si celebra sotto il baldacchino nuziale (<em>houpa<\/em>), simbolo della nuova casa coniugale, chiamato secondo il profeta Malachia, santuario dell&#8217;Eterno.<\/p>\n<p>L\u2019avanzata verso la Chupah assume forme molto diverse a seconda delle comunit\u00e0.<\/p>\n<p>Il marito (<em>Hatane<\/em>) regala alla sposa (<em>kala<\/em>) l&#8217;unico anello di unione sotto lo sguardo dei due testimoni presenti. La <em>kala <\/em>non deve in nessun caso rimuovere l&#8217;anello nuziale dalla sua mano per tutta la durata della cerimonia.<\/p>\n<p>Il rabbino officiante riempie in seguito un bicchiere di vino e legge la seguente benedizione:<\/p>\n<p>\u201cLode al Signore nostro Dio, Re dell&#8217;Universo, che ha creato il frutto della vite\u201d.<\/p>\n<p>La rottura del vetro da parte del <em>hatane<\/em> \u00e8 l&#8217;ultima fase della cerimonia. Questa azione simboleggiando la distruzione del Tempio di Gerusalemme. Il <em>hatane<\/em> recita la frase del Salmo 137: \u201cSe ti dimentico Gerusalemme, che la mia destra mi dimentichi. Che la mia lingua s\u2019incolli al mio palato se non ricordo la tua memoria, se non elevo Gerusalemme al di sopra della mia gioia\u201d e rompe poi il bicchiere con i suoi piedi.<\/p>\n<p>Al termine della cerimonia la coppia prende un momento per isolarsi. Questa situazione di intimit\u00e0 arriva in certo qual modo a concretizzare la loro unione. Si uniscono quindi ai loro ospiti per un pasto festivo accompagnato da musica e balli.<\/p>\n<ul>\n<li><a href=\"https:\/\/www.iemj.org\/yiddish-glik-le-bonheur-juif\/\" target=\"_blank\" rel=\"noopener\">Ascoltare l\u2019emissione radiofonica Yiddish Glik \/ Le Bonheur Juif, speciale matrimonio <\/a><a href=\"https:\/\/www.iemj.org\/yiddish-glik-le-bonheur-juif\/\" target=\"_blank\" rel=\"noopener\">(<em>in francese<\/em>)<\/a><\/li>\n<li><a href=\"https:\/\/www.iemj.org\/it\/le-mariage-traditionnel-juif-1\/\" target=\"_blank\" rel=\"noopener\">Ascoltare la playlist : Il tradizionale matrimonio ebraico 1<\/a><\/li>\n<li><a href=\"https:\/\/www.iemj.org\/it\/le-mariage-juif\/\" target=\"_blank\" rel=\"noopener\">Leggi l\u2019articolo sul matrimonio<\/a><\/li>\n<\/ul>\n<p><img decoding=\"async\" class=\" aligncenter size-full wp-image-15902\" src=\"https:\/\/www.iemj.org\/wp-content\/uploads\/2017\/10\/doc_2_mariage2_500px.jpg\" alt=\"doc_2_mariage2_500px.jpg\" width=\"400\" height=\"487\" align=\"middle\" srcset=\"https:\/\/www.iemj.org\/wp-content\/uploads\/2017\/10\/doc_2_mariage2_500px.jpg 400w, https:\/\/www.iemj.org\/wp-content\/uploads\/2017\/10\/doc_2_mariage2_500px-246x300.jpg 246w\" sizes=\"(max-width: 400px) 100vw, 400px\" \/><\/p>\n\n<div class=\"wp-block-image\">\n<figure class=\"aligncenter size-large\"><img decoding=\"async\" width=\"1024\" height=\"133\" src=\"https:\/\/www.iemj.org\/wp-content\/uploads\/2024\/03\/AUDIO-PLAYER-1024x133.png\" alt=\"\" class=\"wp-image-110609\" srcset=\"https:\/\/www.iemj.org\/wp-content\/uploads\/2024\/03\/AUDIO-PLAYER-1024x133.png 1024w, https:\/\/www.iemj.org\/wp-content\/uploads\/2024\/03\/AUDIO-PLAYER-300x39.png 300w, https:\/\/www.iemj.org\/wp-content\/uploads\/2024\/03\/AUDIO-PLAYER-768x100.png 768w, https:\/\/www.iemj.org\/wp-content\/uploads\/2024\/03\/AUDIO-PLAYER-600x78.png 600w, https:\/\/www.iemj.org\/wp-content\/uploads\/2024\/03\/AUDIO-PLAYER.png 1210w\" sizes=\"(max-width: 1024px) 100vw, 1024px\" \/><\/figure>\n<\/div>\n\n\n<h2 class=\"wp-block-heading\"><\/h2>\n\n\n\n<div class=\"wp-block-file\"><a id=\"wp-block-file--media-625ca1a9-089b-48b8-a5cd-5c2fff82bfee\" href=\"https:\/\/www.iemj.org\/wp-content\/uploads\/2017\/10\/ansi_se_me_arrimo_extrait_-_judith_cohen_eduardo_paniagua.mp3\">Ansi se me arrimo (EXTRAIT) &#8211; Judith Cohen &amp; Eduardo Paniagua<\/a><\/div>\n\n\n\n<div class=\"wp-block-file\"><a id=\"wp-block-file--media-740568d8-7946-4d16-8124-178532534826\" href=\"https:\/\/www.iemj.org\/wp-content\/uploads\/2017\/10\/bonni_polka_-_marty_levitt.mp3\">Bonni Polka &#8211; Marty Levitt<\/a><\/div>\n\n\n\n<div class=\"wp-block-file\"><a id=\"wp-block-file--media-5e743765-539e-4c02-aaf1-28b4c4615665\" href=\"https:\/\/www.iemj.org\/wp-content\/uploads\/2017\/10\/ceremonie_nuptiale_-_emile_kacmann.mp3\">C\u00e9r\u00e9monie Nuptiale &#8211; Emile Ka\u00e7mann<\/a><\/div>\n\n\n\n<div class=\"wp-block-file\"><a id=\"wp-block-file--media-0be20b58-a850-4118-95dc-662c4841261d\" href=\"https:\/\/www.iemj.org\/wp-content\/uploads\/2017\/10\/fihren_di_makhetonim_aheim_-_zev_eldman_andy_statman.mp3\">Fihren di Makhetonim aheim &#8211; Zev Eldman &amp; Andy Statman<\/a><\/div>\n\n\n\n<div class=\"wp-block-file\"><a id=\"wp-block-file--media-b508f096-7c37-4dc9-826c-63f02e4cc485\" href=\"https:\/\/www.iemj.org\/wp-content\/uploads\/2017\/10\/la_hora_du_bonheur_-_luc_cherki.mp3\">La hora du bonheur &#8211; Luc Cherki<\/a><\/div>\n\n\n\n<div class=\"wp-block-file\"><a id=\"wp-block-file--media-f1e6b54c-fd03-4ebe-ac9d-22fdbb58ceb0\" href=\"https:\/\/www.iemj.org\/wp-content\/uploads\/2017\/10\/le_mariage_extrait_-_lili_boniche.mp3\">Le mariage (EXTRAIT) &#8211; Lili Boniche<\/a><\/div>\n\n\n\n<div class=\"wp-block-file\"><a id=\"wp-block-file--media-8ba38cad-e513-42a8-866d-18154e1a5ae5\" href=\"https:\/\/www.iemj.org\/wp-content\/uploads\/2017\/10\/les_7_benedictions_du_mariage_1ere_et_7eme_extrait_-_michel_heymann.mp3\">Les 7 b\u00e9n\u00e9dictions du mariage (EXTRAIT) &#8211; Michel Heymann<\/a><\/div>\n\n\n\n<div class=\"wp-block-file\"><a id=\"wp-block-file--media-669055bc-9b29-43e9-b7dc-577371e04b27\" href=\"https:\/\/www.iemj.org\/wp-content\/uploads\/2017\/10\/marche_nuptiale_-_dany_delmin.mp3\">Marche nuptiale &#8211; Dany Delmin<\/a><\/div>\n\n\n\n<div class=\"wp-block-file\"><a id=\"wp-block-file--media-06c8bf86-e691-4383-912a-749548f057fa\" href=\"https:\/\/www.iemj.org\/wp-content\/uploads\/2017\/10\/mariage_dans_l_oasis_-_scharif_alaoui.mp3\">Mariage dans l\u2019oasis &#8211; Scharif Alaoui<\/a><\/div>\n\n\n\n<div class=\"wp-block-file\"><a id=\"wp-block-file--media-8bb542c9-91ba-492a-865c-4c55e7a0be6d\" href=\"https:\/\/www.iemj.org\/wp-content\/uploads\/2017\/10\/marriage_contract_from_the_torah_-_jewish_music_unesco_.mp3\">Marriage Contract from the Torah &#8211; Jewish Music (UNESCO)<\/a><\/div>\n\n\n\n<div class=\"wp-block-file\"><a id=\"wp-block-file--media-55ecdba9-7808-4ba5-84c0-b2323a5cbf7d\" href=\"https:\/\/www.iemj.org\/wp-content\/uploads\/2017\/10\/song_of_the_henna_-_jewish_music_unesco_.mp3\">Song of the Henna &#8211; Jewish Music (UNESCO)<\/a><\/div>\n\n\n\n<div class=\"wp-block-file\"><a id=\"wp-block-file--media-2aa7914b-0a4e-4e95-b838-6de244015d73\" href=\"https:\/\/www.iemj.org\/wp-content\/uploads\/2017\/10\/uri_liqr_a_ti_yafah_-_ensemble_alla_francesca.mp3\">Uri liqr&#8217;a ti yafah &#8211; Ensemble Alla Francesca<\/a><\/div>\n\n\n\n<div class=\"wp-block-file\"><a id=\"wp-block-file--media-da725ace-729b-411a-9763-ad19773f35de\" href=\"https:\/\/www.iemj.org\/wp-content\/uploads\/2017\/10\/vahalleluya_extrait_-_anthology_of_music_traditions_in_israel.mp3\">Vahalleluya (EXTRAIT) &#8211; Anthology of Music Traditions in Isra\u00ebl<\/a><\/div>\n\n\n\n<div class=\"wp-block-file\"><a id=\"wp-block-file--media-6d1c579c-0206-4326-b83d-5ebe09bd3274\" href=\"https:\/\/www.iemj.org\/wp-content\/uploads\/2017\/10\/wedding_march_-_zev_eldman_andy_statman.mp3\">Wedding march &#8211; Zev Eldman &amp; Andy Statman<\/a><\/div>\n","protected":false},"excerpt":{"rendered":"<p>Il matrimonio nella tradizione ebraica obbedisce a certe usanze, si tratta di celebrare l&#8217;unione di due persone ma anche la loro appartenenza alla vita religiosa<\/p>\n","protected":false},"author":1052,"featured_media":90255,"comment_status":"closed","ping_status":"open","sticky":false,"template":"","format":"standard","meta":{"_acf_changed":false,"footnotes":""},"categories":[1536],"tags":[],"technique":[],"squelettes":[],"sujet":[1767],"formation":[],"genre":[],"fonds":[],"tradition":[],"type-de-contenu":[],"interprete-compositeur":[],"frise":[],"type-devenement":[],"tableaux-liens-externes":[],"class_list":["post-90258","post","type-post","status-publish","format-standard","has-post-thumbnail","hentry","category-playlist-it","sujet-matrimonio"],"acf":[],"yoast_head":"<!-- This site is optimized with the Yoast SEO plugin v27.3 - https:\/\/yoast.com\/product\/yoast-seo-wordpress\/ -->\n<title>Il matrimonio tradizionale ebraico 2 - Institut Europ\u00e9en des Musiques Juives<\/title>\n<meta name=\"robots\" content=\"index, follow, max-snippet:-1, max-image-preview:large, max-video-preview:-1\" \/>\n<link rel=\"canonical\" href=\"https:\/\/www.iemj.org\/it\/le-mariage-traditionnel-juif-2\/\" \/>\n<meta property=\"og:locale\" content=\"it_IT\" \/>\n<meta property=\"og:type\" content=\"article\" \/>\n<meta property=\"og:title\" content=\"Il matrimonio tradizionale ebraico 2 - Institut Europ\u00e9en des Musiques Juives\" \/>\n<meta property=\"og:description\" content=\"Il matrimonio nella tradizione ebraica obbedisce a certe usanze, si tratta di celebrare l&#8217;unione di due persone ma anche la loro appartenenza alla vita religiosa\" \/>\n<meta property=\"og:url\" content=\"https:\/\/www.iemj.org\/it\/le-mariage-traditionnel-juif-2\/\" \/>\n<meta property=\"og:site_name\" content=\"Institut Europ\u00e9en des Musiques Juives\" \/>\n<meta property=\"article:publisher\" content=\"https:\/\/www.facebook.com\/MusiquesJuives\/\" \/>\n<meta property=\"article:published_time\" content=\"2017-10-26T07:31:43+00:00\" \/>\n<meta property=\"article:modified_time\" content=\"2025-05-08T09:24:41+00:00\" \/>\n<meta property=\"og:image\" content=\"https:\/\/www.iemj.org\/wp-content\/uploads\/2017\/10\/arton2582.jpg\" \/>\n\t<meta property=\"og:image:width\" content=\"236\" \/>\n\t<meta property=\"og:image:height\" content=\"237\" \/>\n\t<meta property=\"og:image:type\" content=\"image\/jpeg\" \/>\n<meta name=\"author\" content=\"Lea Couderc\" \/>\n<meta name=\"twitter:card\" content=\"summary_large_image\" \/>\n<meta name=\"twitter:label1\" content=\"Scritto da\" \/>\n\t<meta name=\"twitter:data1\" content=\"Lea Couderc\" \/>\n\t<meta name=\"twitter:label2\" content=\"Tempo di lettura stimato\" \/>\n\t<meta name=\"twitter:data2\" content=\"3 minuti\" \/>\n<script type=\"application\/ld+json\" class=\"yoast-schema-graph\">{\"@context\":\"https:\\\/\\\/schema.org\",\"@graph\":[{\"@type\":\"Article\",\"@id\":\"https:\\\/\\\/www.iemj.org\\\/it\\\/le-mariage-traditionnel-juif-2\\\/#article\",\"isPartOf\":{\"@id\":\"https:\\\/\\\/www.iemj.org\\\/it\\\/le-mariage-traditionnel-juif-2\\\/\"},\"author\":{\"name\":\"Lea Couderc\",\"@id\":\"https:\\\/\\\/www.iemj.org\\\/it\\\/#\\\/schema\\\/person\\\/e2ad57f2c4be119c7ed8ab79036807a9\"},\"headline\":\"Il matrimonio tradizionale ebraico 2\",\"datePublished\":\"2017-10-26T07:31:43+00:00\",\"dateModified\":\"2025-05-08T09:24:41+00:00\",\"mainEntityOfPage\":{\"@id\":\"https:\\\/\\\/www.iemj.org\\\/it\\\/le-mariage-traditionnel-juif-2\\\/\"},\"wordCount\":474,\"publisher\":{\"@id\":\"https:\\\/\\\/www.iemj.org\\\/it\\\/#organization\"},\"image\":{\"@id\":\"https:\\\/\\\/www.iemj.org\\\/it\\\/le-mariage-traditionnel-juif-2\\\/#primaryimage\"},\"thumbnailUrl\":\"https:\\\/\\\/www.iemj.org\\\/wp-content\\\/uploads\\\/2017\\\/10\\\/arton2582.jpg\",\"articleSection\":[\"Playlist\"],\"inLanguage\":\"it-IT\"},{\"@type\":\"WebPage\",\"@id\":\"https:\\\/\\\/www.iemj.org\\\/it\\\/le-mariage-traditionnel-juif-2\\\/\",\"url\":\"https:\\\/\\\/www.iemj.org\\\/it\\\/le-mariage-traditionnel-juif-2\\\/\",\"name\":\"Il matrimonio tradizionale ebraico 2 - Institut Europ\u00e9en des Musiques Juives\",\"isPartOf\":{\"@id\":\"https:\\\/\\\/www.iemj.org\\\/it\\\/#website\"},\"primaryImageOfPage\":{\"@id\":\"https:\\\/\\\/www.iemj.org\\\/it\\\/le-mariage-traditionnel-juif-2\\\/#primaryimage\"},\"image\":{\"@id\":\"https:\\\/\\\/www.iemj.org\\\/it\\\/le-mariage-traditionnel-juif-2\\\/#primaryimage\"},\"thumbnailUrl\":\"https:\\\/\\\/www.iemj.org\\\/wp-content\\\/uploads\\\/2017\\\/10\\\/arton2582.jpg\",\"datePublished\":\"2017-10-26T07:31:43+00:00\",\"dateModified\":\"2025-05-08T09:24:41+00:00\",\"breadcrumb\":{\"@id\":\"https:\\\/\\\/www.iemj.org\\\/it\\\/le-mariage-traditionnel-juif-2\\\/#breadcrumb\"},\"inLanguage\":\"it-IT\",\"potentialAction\":[{\"@type\":\"ReadAction\",\"target\":[\"https:\\\/\\\/www.iemj.org\\\/it\\\/le-mariage-traditionnel-juif-2\\\/\"]}]},{\"@type\":\"ImageObject\",\"inLanguage\":\"it-IT\",\"@id\":\"https:\\\/\\\/www.iemj.org\\\/it\\\/le-mariage-traditionnel-juif-2\\\/#primaryimage\",\"url\":\"https:\\\/\\\/www.iemj.org\\\/wp-content\\\/uploads\\\/2017\\\/10\\\/arton2582.jpg\",\"contentUrl\":\"https:\\\/\\\/www.iemj.org\\\/wp-content\\\/uploads\\\/2017\\\/10\\\/arton2582.jpg\",\"width\":236,\"height\":237},{\"@type\":\"BreadcrumbList\",\"@id\":\"https:\\\/\\\/www.iemj.org\\\/it\\\/le-mariage-traditionnel-juif-2\\\/#breadcrumb\",\"itemListElement\":[{\"@type\":\"ListItem\",\"position\":1,\"name\":\"Accueil\",\"item\":\"https:\\\/\\\/www.iemj.org\\\/it\\\/\"},{\"@type\":\"ListItem\",\"position\":2,\"name\":\"Il matrimonio tradizionale ebraico 2\"}]},{\"@type\":\"WebSite\",\"@id\":\"https:\\\/\\\/www.iemj.org\\\/it\\\/#website\",\"url\":\"https:\\\/\\\/www.iemj.org\\\/it\\\/\",\"name\":\"Institut Europ\u00e9en des Musiques Juives\",\"description\":\"Des traditions musicales \u00e0 la port\u00e9e de tous\",\"publisher\":{\"@id\":\"https:\\\/\\\/www.iemj.org\\\/it\\\/#organization\"},\"potentialAction\":[{\"@type\":\"SearchAction\",\"target\":{\"@type\":\"EntryPoint\",\"urlTemplate\":\"https:\\\/\\\/www.iemj.org\\\/it\\\/?s={search_term_string}\"},\"query-input\":{\"@type\":\"PropertyValueSpecification\",\"valueRequired\":true,\"valueName\":\"search_term_string\"}}],\"inLanguage\":\"it-IT\"},{\"@type\":\"Organization\",\"@id\":\"https:\\\/\\\/www.iemj.org\\\/it\\\/#organization\",\"name\":\"Institut Europ\u00e9en des Musiques Juives\",\"url\":\"https:\\\/\\\/www.iemj.org\\\/it\\\/\",\"logo\":{\"@type\":\"ImageObject\",\"inLanguage\":\"it-IT\",\"@id\":\"https:\\\/\\\/www.iemj.org\\\/it\\\/#\\\/schema\\\/logo\\\/image\\\/\",\"url\":\"https:\\\/\\\/www.iemj.org\\\/wp-content\\\/uploads\\\/2021\\\/09\\\/Logo-IEMJ-Paypal.jpg\",\"contentUrl\":\"https:\\\/\\\/www.iemj.org\\\/wp-content\\\/uploads\\\/2021\\\/09\\\/Logo-IEMJ-Paypal.jpg\",\"width\":150,\"height\":50,\"caption\":\"Institut Europ\u00e9en des Musiques Juives\"},\"image\":{\"@id\":\"https:\\\/\\\/www.iemj.org\\\/it\\\/#\\\/schema\\\/logo\\\/image\\\/\"},\"sameAs\":[\"https:\\\/\\\/www.facebook.com\\\/MusiquesJuives\\\/\",\"https:\\\/\\\/www.instagram.com\\\/musiquesjuives\\\/\",\"https:\\\/\\\/www.youtube.com\\\/user\\\/musiquesjuives\"]},{\"@type\":\"Person\",\"@id\":\"https:\\\/\\\/www.iemj.org\\\/it\\\/#\\\/schema\\\/person\\\/e2ad57f2c4be119c7ed8ab79036807a9\",\"name\":\"Lea Couderc\",\"image\":{\"@type\":\"ImageObject\",\"inLanguage\":\"it-IT\",\"@id\":\"https:\\\/\\\/secure.gravatar.com\\\/avatar\\\/46ee021475d60aeff17a7e490b79dea5a5684bb392ab7fd1494027411df8ba23?s=96&d=mm&r=g\",\"url\":\"https:\\\/\\\/secure.gravatar.com\\\/avatar\\\/46ee021475d60aeff17a7e490b79dea5a5684bb392ab7fd1494027411df8ba23?s=96&d=mm&r=g\",\"contentUrl\":\"https:\\\/\\\/secure.gravatar.com\\\/avatar\\\/46ee021475d60aeff17a7e490b79dea5a5684bb392ab7fd1494027411df8ba23?s=96&d=mm&r=g\",\"caption\":\"Lea Couderc\"}}]}<\/script>\n<!-- \/ Yoast SEO plugin. -->","yoast_head_json":{"title":"Il matrimonio tradizionale ebraico 2 - Institut Europ\u00e9en des Musiques Juives","robots":{"index":"index","follow":"follow","max-snippet":"max-snippet:-1","max-image-preview":"max-image-preview:large","max-video-preview":"max-video-preview:-1"},"canonical":"https:\/\/www.iemj.org\/it\/le-mariage-traditionnel-juif-2\/","og_locale":"it_IT","og_type":"article","og_title":"Il matrimonio tradizionale ebraico 2 - Institut Europ\u00e9en des Musiques Juives","og_description":"Il matrimonio nella tradizione ebraica obbedisce a certe usanze, si tratta di celebrare l&#8217;unione di due persone ma anche la loro appartenenza alla vita religiosa","og_url":"https:\/\/www.iemj.org\/it\/le-mariage-traditionnel-juif-2\/","og_site_name":"Institut Europ\u00e9en des Musiques Juives","article_publisher":"https:\/\/www.facebook.com\/MusiquesJuives\/","article_published_time":"2017-10-26T07:31:43+00:00","article_modified_time":"2025-05-08T09:24:41+00:00","og_image":[{"width":236,"height":237,"url":"https:\/\/www.iemj.org\/wp-content\/uploads\/2017\/10\/arton2582.jpg","type":"image\/jpeg"}],"author":"Lea Couderc","twitter_card":"summary_large_image","twitter_misc":{"Scritto da":"Lea Couderc","Tempo di lettura stimato":"3 minuti"},"schema":{"@context":"https:\/\/schema.org","@graph":[{"@type":"Article","@id":"https:\/\/www.iemj.org\/it\/le-mariage-traditionnel-juif-2\/#article","isPartOf":{"@id":"https:\/\/www.iemj.org\/it\/le-mariage-traditionnel-juif-2\/"},"author":{"name":"Lea Couderc","@id":"https:\/\/www.iemj.org\/it\/#\/schema\/person\/e2ad57f2c4be119c7ed8ab79036807a9"},"headline":"Il matrimonio tradizionale ebraico 2","datePublished":"2017-10-26T07:31:43+00:00","dateModified":"2025-05-08T09:24:41+00:00","mainEntityOfPage":{"@id":"https:\/\/www.iemj.org\/it\/le-mariage-traditionnel-juif-2\/"},"wordCount":474,"publisher":{"@id":"https:\/\/www.iemj.org\/it\/#organization"},"image":{"@id":"https:\/\/www.iemj.org\/it\/le-mariage-traditionnel-juif-2\/#primaryimage"},"thumbnailUrl":"https:\/\/www.iemj.org\/wp-content\/uploads\/2017\/10\/arton2582.jpg","articleSection":["Playlist"],"inLanguage":"it-IT"},{"@type":"WebPage","@id":"https:\/\/www.iemj.org\/it\/le-mariage-traditionnel-juif-2\/","url":"https:\/\/www.iemj.org\/it\/le-mariage-traditionnel-juif-2\/","name":"Il matrimonio tradizionale ebraico 2 - Institut Europ\u00e9en des Musiques Juives","isPartOf":{"@id":"https:\/\/www.iemj.org\/it\/#website"},"primaryImageOfPage":{"@id":"https:\/\/www.iemj.org\/it\/le-mariage-traditionnel-juif-2\/#primaryimage"},"image":{"@id":"https:\/\/www.iemj.org\/it\/le-mariage-traditionnel-juif-2\/#primaryimage"},"thumbnailUrl":"https:\/\/www.iemj.org\/wp-content\/uploads\/2017\/10\/arton2582.jpg","datePublished":"2017-10-26T07:31:43+00:00","dateModified":"2025-05-08T09:24:41+00:00","breadcrumb":{"@id":"https:\/\/www.iemj.org\/it\/le-mariage-traditionnel-juif-2\/#breadcrumb"},"inLanguage":"it-IT","potentialAction":[{"@type":"ReadAction","target":["https:\/\/www.iemj.org\/it\/le-mariage-traditionnel-juif-2\/"]}]},{"@type":"ImageObject","inLanguage":"it-IT","@id":"https:\/\/www.iemj.org\/it\/le-mariage-traditionnel-juif-2\/#primaryimage","url":"https:\/\/www.iemj.org\/wp-content\/uploads\/2017\/10\/arton2582.jpg","contentUrl":"https:\/\/www.iemj.org\/wp-content\/uploads\/2017\/10\/arton2582.jpg","width":236,"height":237},{"@type":"BreadcrumbList","@id":"https:\/\/www.iemj.org\/it\/le-mariage-traditionnel-juif-2\/#breadcrumb","itemListElement":[{"@type":"ListItem","position":1,"name":"Accueil","item":"https:\/\/www.iemj.org\/it\/"},{"@type":"ListItem","position":2,"name":"Il matrimonio tradizionale ebraico 2"}]},{"@type":"WebSite","@id":"https:\/\/www.iemj.org\/it\/#website","url":"https:\/\/www.iemj.org\/it\/","name":"Institut Europ\u00e9en des Musiques Juives","description":"Des traditions musicales \u00e0 la port\u00e9e de tous","publisher":{"@id":"https:\/\/www.iemj.org\/it\/#organization"},"potentialAction":[{"@type":"SearchAction","target":{"@type":"EntryPoint","urlTemplate":"https:\/\/www.iemj.org\/it\/?s={search_term_string}"},"query-input":{"@type":"PropertyValueSpecification","valueRequired":true,"valueName":"search_term_string"}}],"inLanguage":"it-IT"},{"@type":"Organization","@id":"https:\/\/www.iemj.org\/it\/#organization","name":"Institut Europ\u00e9en des Musiques Juives","url":"https:\/\/www.iemj.org\/it\/","logo":{"@type":"ImageObject","inLanguage":"it-IT","@id":"https:\/\/www.iemj.org\/it\/#\/schema\/logo\/image\/","url":"https:\/\/www.iemj.org\/wp-content\/uploads\/2021\/09\/Logo-IEMJ-Paypal.jpg","contentUrl":"https:\/\/www.iemj.org\/wp-content\/uploads\/2021\/09\/Logo-IEMJ-Paypal.jpg","width":150,"height":50,"caption":"Institut Europ\u00e9en des Musiques Juives"},"image":{"@id":"https:\/\/www.iemj.org\/it\/#\/schema\/logo\/image\/"},"sameAs":["https:\/\/www.facebook.com\/MusiquesJuives\/","https:\/\/www.instagram.com\/musiquesjuives\/","https:\/\/www.youtube.com\/user\/musiquesjuives"]},{"@type":"Person","@id":"https:\/\/www.iemj.org\/it\/#\/schema\/person\/e2ad57f2c4be119c7ed8ab79036807a9","name":"Lea Couderc","image":{"@type":"ImageObject","inLanguage":"it-IT","@id":"https:\/\/secure.gravatar.com\/avatar\/46ee021475d60aeff17a7e490b79dea5a5684bb392ab7fd1494027411df8ba23?s=96&d=mm&r=g","url":"https:\/\/secure.gravatar.com\/avatar\/46ee021475d60aeff17a7e490b79dea5a5684bb392ab7fd1494027411df8ba23?s=96&d=mm&r=g","contentUrl":"https:\/\/secure.gravatar.com\/avatar\/46ee021475d60aeff17a7e490b79dea5a5684bb392ab7fd1494027411df8ba23?s=96&d=mm&r=g","caption":"Lea Couderc"}}]}},"_links":{"self":[{"href":"https:\/\/www.iemj.org\/it\/wp-json\/wp\/v2\/posts\/90258","targetHints":{"allow":["GET"]}}],"collection":[{"href":"https:\/\/www.iemj.org\/it\/wp-json\/wp\/v2\/posts"}],"about":[{"href":"https:\/\/www.iemj.org\/it\/wp-json\/wp\/v2\/types\/post"}],"author":[{"embeddable":true,"href":"https:\/\/www.iemj.org\/it\/wp-json\/wp\/v2\/users\/1052"}],"replies":[{"embeddable":true,"href":"https:\/\/www.iemj.org\/it\/wp-json\/wp\/v2\/comments?post=90258"}],"version-history":[{"count":0,"href":"https:\/\/www.iemj.org\/it\/wp-json\/wp\/v2\/posts\/90258\/revisions"}],"wp:featuredmedia":[{"embeddable":true,"href":"https:\/\/www.iemj.org\/it\/wp-json\/wp\/v2\/media\/90255"}],"wp:attachment":[{"href":"https:\/\/www.iemj.org\/it\/wp-json\/wp\/v2\/media?parent=90258"}],"wp:term":[{"taxonomy":"category","embeddable":true,"href":"https:\/\/www.iemj.org\/it\/wp-json\/wp\/v2\/categories?post=90258"},{"taxonomy":"post_tag","embeddable":true,"href":"https:\/\/www.iemj.org\/it\/wp-json\/wp\/v2\/tags?post=90258"},{"taxonomy":"technique","embeddable":true,"href":"https:\/\/www.iemj.org\/it\/wp-json\/wp\/v2\/technique?post=90258"},{"taxonomy":"squelettes","embeddable":true,"href":"https:\/\/www.iemj.org\/it\/wp-json\/wp\/v2\/squelettes?post=90258"},{"taxonomy":"sujet","embeddable":true,"href":"https:\/\/www.iemj.org\/it\/wp-json\/wp\/v2\/sujet?post=90258"},{"taxonomy":"formation","embeddable":true,"href":"https:\/\/www.iemj.org\/it\/wp-json\/wp\/v2\/formation?post=90258"},{"taxonomy":"genre","embeddable":true,"href":"https:\/\/www.iemj.org\/it\/wp-json\/wp\/v2\/genre?post=90258"},{"taxonomy":"fonds","embeddable":true,"href":"https:\/\/www.iemj.org\/it\/wp-json\/wp\/v2\/fonds?post=90258"},{"taxonomy":"tradition","embeddable":true,"href":"https:\/\/www.iemj.org\/it\/wp-json\/wp\/v2\/tradition?post=90258"},{"taxonomy":"type-de-contenu","embeddable":true,"href":"https:\/\/www.iemj.org\/it\/wp-json\/wp\/v2\/type-de-contenu?post=90258"},{"taxonomy":"interprete-compositeur","embeddable":true,"href":"https:\/\/www.iemj.org\/it\/wp-json\/wp\/v2\/interprete-compositeur?post=90258"},{"taxonomy":"frise","embeddable":true,"href":"https:\/\/www.iemj.org\/it\/wp-json\/wp\/v2\/frise?post=90258"},{"taxonomy":"type-devenement","embeddable":true,"href":"https:\/\/www.iemj.org\/it\/wp-json\/wp\/v2\/type-devenement?post=90258"},{"taxonomy":"tableaux-liens-externes","embeddable":true,"href":"https:\/\/www.iemj.org\/it\/wp-json\/wp\/v2\/tableaux-liens-externes?post=90258"}],"curies":[{"name":"wp","href":"https:\/\/api.w.org\/{rel}","templated":true}]}}