{"id":90293,"date":"2017-10-17T16:30:56","date_gmt":"2017-10-17T14:30:56","guid":{"rendered":"https:\/\/www.iemj.org\/les-meres-juives-2\/"},"modified":"2025-06-19T15:24:53","modified_gmt":"2025-06-19T13:24:53","slug":"les-meres-juives-2","status":"publish","type":"post","link":"https:\/\/www.iemj.org\/it\/les-meres-juives-2\/","title":{"rendered":"<strong>Le madri ebree 2<\/strong>"},"content":{"rendered":"<p><strong>Lo stereotipo della madre ebrea ha nutrito generazioni di psicoanalisti ed ispirato molti libri autobiografici o satirici. La playlist qui proposta rende omaggio alle madri ebree. La madre ebrea vista attraverso gli occhi di suo figlio<\/strong><\/p>\n<p><!--more--><\/p>\n<p>La madre \u00e8 onnipresente nell&#8217;immaginario ebraico.<\/p>\n<p>\u201cLa madre ebrea \u00e8 davvero un&#8217;istituzione come le Tavole della legge. Si dice, inoltre, che quando Mos\u00e8 riport\u00f2 queste famose tavole dal monte Sinai, sua moglie Sephora verific\u00f2 ci\u00f2 che Dio aveva istituito come legge e quando vide che il quinto comandamento prevedeva &#8220;rispetta o onora tuo padre e tua madre&#8221; aggiunse dopo quest&#8217;ultimo: soprattutto tua madre, figlio mio\u201d.<\/p>\n<p><img fetchpriority=\"high\" decoding=\"async\" class=\" aligncenter size-full wp-image-15666\" src=\"https:\/\/www.iemj.org\/wp-content\/uploads\/2017\/10\/doc_1_mere_2_500px_65.jpg\" alt=\"doc_1_mere_2_500px_65.jpg\" width=\"325\" height=\"177\" align=\"middle\" srcset=\"https:\/\/www.iemj.org\/wp-content\/uploads\/2017\/10\/doc_1_mere_2_500px_65.jpg 325w, https:\/\/www.iemj.org\/wp-content\/uploads\/2017\/10\/doc_1_mere_2_500px_65-300x163.jpg 300w\" sizes=\"(max-width: 325px) 100vw, 325px\" \/><\/p>\n<p><a href=\"https:\/\/www.iemj.org\/it\/les-meres-juives-1\/\" target=\"_blank\" rel=\"noopener\">Ascoltare ugualmente la playlist \u201cLe madri ebree 1\u201d<\/a><\/p>\n\n<div class=\"wp-block-image\">\n<figure class=\"aligncenter size-large\"><img decoding=\"async\" width=\"1024\" height=\"133\" src=\"https:\/\/www.iemj.org\/wp-content\/uploads\/2024\/03\/AUDIO-PLAYER-1024x133.png\" alt=\"\" class=\"wp-image-110609\" srcset=\"https:\/\/www.iemj.org\/wp-content\/uploads\/2024\/03\/AUDIO-PLAYER-1024x133.png 1024w, https:\/\/www.iemj.org\/wp-content\/uploads\/2024\/03\/AUDIO-PLAYER-300x39.png 300w, https:\/\/www.iemj.org\/wp-content\/uploads\/2024\/03\/AUDIO-PLAYER-768x100.png 768w, https:\/\/www.iemj.org\/wp-content\/uploads\/2024\/03\/AUDIO-PLAYER-600x78.png 600w, https:\/\/www.iemj.org\/wp-content\/uploads\/2024\/03\/AUDIO-PLAYER.png 1210w\" sizes=\"(max-width: 1024px) 100vw, 1024px\" \/><\/figure>\n<\/div>\n\n\n<h2 class=\"wp-block-heading\"><\/h2>\n\n\n\n<div class=\"wp-block-file\"><a id=\"wp-block-file--media-b2fa2d6b-453c-46d0-805c-fdd4a7bc71d8\" href=\"https:\/\/www.iemj.org\/wp-content\/uploads\/2017\/10\/au_clair_de_ma_mere_-_adama.mp3\">Au clair de ma m\u00e8re &#8211; Adama<\/a><\/div>\n\n\n\n<div class=\"wp-block-file\"><a id=\"wp-block-file--media-b2c15d0d-f6b2-4203-8185-53ad7d4f3fee\" href=\"https:\/\/www.iemj.org\/wp-content\/uploads\/2017\/10\/chanson_de_la_mere_-_nehama_lifschitz.mp3\">Chanson de la M\u00e8re &#8211; Nehama Lifschitz<\/a><\/div>\n\n\n\n<div class=\"wp-block-file\"><a id=\"wp-block-file--media-9000c548-bba9-4a58-a259-e40c1dfe04c8\" href=\"https:\/\/www.iemj.org\/wp-content\/uploads\/2017\/10\/list_od_matki_une_lettre_de_mere_-_abraham_samuel_rettig.mp3\">List Od Matki (Une lettre de m\u00e8re) &#8211; Abraham Samuel Rettig<\/a><\/div>\n\n\n\n<div class=\"wp-block-file\"><a id=\"wp-block-file--media-7681390b-183f-421a-826c-08a445529f1c\" href=\"https:\/\/www.iemj.org\/wp-content\/uploads\/2017\/10\/mama_-_barry_sisters.mp3\">Mama &#8211; Barry Sisters<\/a><\/div>\n\n\n\n<div class=\"wp-block-file\"><a id=\"wp-block-file--media-6b6ed129-9c21-4539-8d61-deec45c8f70e\" href=\"https:\/\/www.iemj.org\/wp-content\/uploads\/2017\/10\/mamme_shlog_micht_nit_-_nehama_lifschitz.mp3\">Mamme, Shlog Micht Nit &#8211; Nehama Lifschitz<\/a><\/div>\n\n\n\n<div class=\"wp-block-file\"><a id=\"wp-block-file--media-8ce61977-a732-4a55-8869-878d9a9e4cd2\" href=\"https:\/\/www.iemj.org\/wp-content\/uploads\/2017\/10\/mein_mammes_schabbes_licht_-_richard_inger_collection_archives_.mp3\">Mein mammes schabbes licht &#8211; Richard Inger (Collection Archives)<\/a><\/div>\n\n\n\n<div class=\"wp-block-file\"><a id=\"wp-block-file--media-51380a1a-ec0f-4be0-b3e2-dd6ab9e8c116\" href=\"https:\/\/www.iemj.org\/wp-content\/uploads\/2017\/10\/my_yiddishe_mamme_version_disco_-_j._yellen.mp3\">My Yiddishe Mamme (Version disco) &#8211; J. Yellen<\/a><\/div>\n\n\n\n<div class=\"wp-block-file\"><a id=\"wp-block-file--media-28e90121-c59f-4314-9b80-991fa8f62e1a\" href=\"https:\/\/www.iemj.org\/wp-content\/uploads\/2017\/10\/nor_a_mame_extrait_-_jacinta.mp3\">Nor a mame (EXTRAIT) &#8211; Jacinta<\/a><\/div>\n\n\n\n<div class=\"wp-block-file\"><a id=\"wp-block-file--media-61fd1142-8eb4-4b2c-a9e7-a6e17db35131\" href=\"https:\/\/www.iemj.org\/wp-content\/uploads\/2017\/10\/tourments_d_une_mere_-_zelda_snowska.mp3\">Tourments d\u2019une m\u00e8re &#8211; Zelda Snowska<\/a><\/div>\n","protected":false},"excerpt":{"rendered":"<p>Lo stereotipo della madre ebrea ha nutrito generazioni di psicoanalisti ed ispirato molti libri autobiografici o satirici. La playlist qui proposta rende omaggio alle madri ebree. La madre ebrea vista<\/p>\n","protected":false},"author":1052,"featured_media":90294,"comment_status":"closed","ping_status":"open","sticky":false,"template":"","format":"standard","meta":{"_acf_changed":false,"footnotes":""},"categories":[1536],"tags":[],"technique":[],"squelettes":[],"sujet":[],"formation":[],"genre":[],"fonds":[],"tradition":[],"type-de-contenu":[],"interprete-compositeur":[],"frise":[],"type-devenement":[],"tableaux-liens-externes":[],"class_list":["post-90293","post","type-post","status-publish","format-standard","has-post-thumbnail","hentry","category-playlist-it"],"acf":[],"yoast_head":"<!-- This site is optimized with the Yoast SEO plugin v27.3 - https:\/\/yoast.com\/product\/yoast-seo-wordpress\/ -->\n<title>Le madri ebree 2 - Institut Europ\u00e9en des Musiques Juives<\/title>\n<meta name=\"robots\" content=\"index, follow, max-snippet:-1, max-image-preview:large, max-video-preview:-1\" \/>\n<link rel=\"canonical\" href=\"https:\/\/www.iemj.org\/it\/les-meres-juives-2\/\" \/>\n<meta property=\"og:locale\" content=\"it_IT\" \/>\n<meta property=\"og:type\" content=\"article\" \/>\n<meta property=\"og:title\" content=\"Le madri ebree 2 - Institut Europ\u00e9en des Musiques Juives\" \/>\n<meta property=\"og:description\" content=\"Lo stereotipo della madre ebrea ha nutrito generazioni di psicoanalisti ed ispirato molti libri autobiografici o satirici. La playlist qui proposta rende omaggio alle madri ebree. La madre ebrea vista\" \/>\n<meta property=\"og:url\" content=\"https:\/\/www.iemj.org\/it\/les-meres-juives-2\/\" \/>\n<meta property=\"og:site_name\" content=\"Institut Europ\u00e9en des Musiques Juives\" \/>\n<meta property=\"article:publisher\" content=\"https:\/\/www.facebook.com\/MusiquesJuives\/\" \/>\n<meta property=\"article:published_time\" content=\"2017-10-17T14:30:56+00:00\" \/>\n<meta property=\"article:modified_time\" content=\"2025-06-19T13:24:53+00:00\" \/>\n<meta property=\"og:image\" content=\"https:\/\/www.iemj.org\/wp-content\/uploads\/2017\/10\/arton2519.jpg\" \/>\n\t<meta property=\"og:image:width\" content=\"500\" \/>\n\t<meta property=\"og:image:height\" content=\"671\" \/>\n\t<meta property=\"og:image:type\" content=\"image\/jpeg\" \/>\n<meta name=\"author\" content=\"Lea Couderc\" \/>\n<meta name=\"twitter:card\" content=\"summary_large_image\" \/>\n<meta name=\"twitter:label1\" content=\"Scritto da\" \/>\n\t<meta name=\"twitter:data1\" content=\"Lea Couderc\" \/>\n\t<meta name=\"twitter:label2\" content=\"Tempo di lettura stimato\" \/>\n\t<meta name=\"twitter:data2\" content=\"2 minuti\" \/>\n<script type=\"application\/ld+json\" class=\"yoast-schema-graph\">{\"@context\":\"https:\\\/\\\/schema.org\",\"@graph\":[{\"@type\":\"Article\",\"@id\":\"https:\\\/\\\/www.iemj.org\\\/it\\\/les-meres-juives-2\\\/#article\",\"isPartOf\":{\"@id\":\"https:\\\/\\\/www.iemj.org\\\/it\\\/les-meres-juives-2\\\/\"},\"author\":{\"name\":\"Lea Couderc\",\"@id\":\"https:\\\/\\\/www.iemj.org\\\/it\\\/#\\\/schema\\\/person\\\/e2ad57f2c4be119c7ed8ab79036807a9\"},\"headline\":\"Le madri ebree 2\",\"datePublished\":\"2017-10-17T14:30:56+00:00\",\"dateModified\":\"2025-06-19T13:24:53+00:00\",\"mainEntityOfPage\":{\"@id\":\"https:\\\/\\\/www.iemj.org\\\/it\\\/les-meres-juives-2\\\/\"},\"wordCount\":182,\"publisher\":{\"@id\":\"https:\\\/\\\/www.iemj.org\\\/it\\\/#organization\"},\"image\":{\"@id\":\"https:\\\/\\\/www.iemj.org\\\/it\\\/les-meres-juives-2\\\/#primaryimage\"},\"thumbnailUrl\":\"https:\\\/\\\/www.iemj.org\\\/wp-content\\\/uploads\\\/2017\\\/10\\\/arton2519.jpg\",\"articleSection\":[\"Playlist\"],\"inLanguage\":\"it-IT\"},{\"@type\":\"WebPage\",\"@id\":\"https:\\\/\\\/www.iemj.org\\\/it\\\/les-meres-juives-2\\\/\",\"url\":\"https:\\\/\\\/www.iemj.org\\\/it\\\/les-meres-juives-2\\\/\",\"name\":\"Le madri ebree 2 - Institut Europ\u00e9en des Musiques Juives\",\"isPartOf\":{\"@id\":\"https:\\\/\\\/www.iemj.org\\\/it\\\/#website\"},\"primaryImageOfPage\":{\"@id\":\"https:\\\/\\\/www.iemj.org\\\/it\\\/les-meres-juives-2\\\/#primaryimage\"},\"image\":{\"@id\":\"https:\\\/\\\/www.iemj.org\\\/it\\\/les-meres-juives-2\\\/#primaryimage\"},\"thumbnailUrl\":\"https:\\\/\\\/www.iemj.org\\\/wp-content\\\/uploads\\\/2017\\\/10\\\/arton2519.jpg\",\"datePublished\":\"2017-10-17T14:30:56+00:00\",\"dateModified\":\"2025-06-19T13:24:53+00:00\",\"breadcrumb\":{\"@id\":\"https:\\\/\\\/www.iemj.org\\\/it\\\/les-meres-juives-2\\\/#breadcrumb\"},\"inLanguage\":\"it-IT\",\"potentialAction\":[{\"@type\":\"ReadAction\",\"target\":[\"https:\\\/\\\/www.iemj.org\\\/it\\\/les-meres-juives-2\\\/\"]}]},{\"@type\":\"ImageObject\",\"inLanguage\":\"it-IT\",\"@id\":\"https:\\\/\\\/www.iemj.org\\\/it\\\/les-meres-juives-2\\\/#primaryimage\",\"url\":\"https:\\\/\\\/www.iemj.org\\\/wp-content\\\/uploads\\\/2017\\\/10\\\/arton2519.jpg\",\"contentUrl\":\"https:\\\/\\\/www.iemj.org\\\/wp-content\\\/uploads\\\/2017\\\/10\\\/arton2519.jpg\",\"width\":500,\"height\":671},{\"@type\":\"BreadcrumbList\",\"@id\":\"https:\\\/\\\/www.iemj.org\\\/it\\\/les-meres-juives-2\\\/#breadcrumb\",\"itemListElement\":[{\"@type\":\"ListItem\",\"position\":1,\"name\":\"Accueil\",\"item\":\"https:\\\/\\\/www.iemj.org\\\/it\\\/\"},{\"@type\":\"ListItem\",\"position\":2,\"name\":\"Le madri ebree 2\"}]},{\"@type\":\"WebSite\",\"@id\":\"https:\\\/\\\/www.iemj.org\\\/it\\\/#website\",\"url\":\"https:\\\/\\\/www.iemj.org\\\/it\\\/\",\"name\":\"Institut Europ\u00e9en des Musiques Juives\",\"description\":\"Des traditions musicales \u00e0 la port\u00e9e de tous\",\"publisher\":{\"@id\":\"https:\\\/\\\/www.iemj.org\\\/it\\\/#organization\"},\"potentialAction\":[{\"@type\":\"SearchAction\",\"target\":{\"@type\":\"EntryPoint\",\"urlTemplate\":\"https:\\\/\\\/www.iemj.org\\\/it\\\/?s={search_term_string}\"},\"query-input\":{\"@type\":\"PropertyValueSpecification\",\"valueRequired\":true,\"valueName\":\"search_term_string\"}}],\"inLanguage\":\"it-IT\"},{\"@type\":\"Organization\",\"@id\":\"https:\\\/\\\/www.iemj.org\\\/it\\\/#organization\",\"name\":\"Institut Europ\u00e9en des Musiques Juives\",\"url\":\"https:\\\/\\\/www.iemj.org\\\/it\\\/\",\"logo\":{\"@type\":\"ImageObject\",\"inLanguage\":\"it-IT\",\"@id\":\"https:\\\/\\\/www.iemj.org\\\/it\\\/#\\\/schema\\\/logo\\\/image\\\/\",\"url\":\"https:\\\/\\\/www.iemj.org\\\/wp-content\\\/uploads\\\/2021\\\/09\\\/Logo-IEMJ-Paypal.jpg\",\"contentUrl\":\"https:\\\/\\\/www.iemj.org\\\/wp-content\\\/uploads\\\/2021\\\/09\\\/Logo-IEMJ-Paypal.jpg\",\"width\":150,\"height\":50,\"caption\":\"Institut Europ\u00e9en des Musiques Juives\"},\"image\":{\"@id\":\"https:\\\/\\\/www.iemj.org\\\/it\\\/#\\\/schema\\\/logo\\\/image\\\/\"},\"sameAs\":[\"https:\\\/\\\/www.facebook.com\\\/MusiquesJuives\\\/\",\"https:\\\/\\\/www.instagram.com\\\/musiquesjuives\\\/\",\"https:\\\/\\\/www.youtube.com\\\/user\\\/musiquesjuives\"]},{\"@type\":\"Person\",\"@id\":\"https:\\\/\\\/www.iemj.org\\\/it\\\/#\\\/schema\\\/person\\\/e2ad57f2c4be119c7ed8ab79036807a9\",\"name\":\"Lea Couderc\",\"image\":{\"@type\":\"ImageObject\",\"inLanguage\":\"it-IT\",\"@id\":\"https:\\\/\\\/secure.gravatar.com\\\/avatar\\\/46ee021475d60aeff17a7e490b79dea5a5684bb392ab7fd1494027411df8ba23?s=96&d=mm&r=g\",\"url\":\"https:\\\/\\\/secure.gravatar.com\\\/avatar\\\/46ee021475d60aeff17a7e490b79dea5a5684bb392ab7fd1494027411df8ba23?s=96&d=mm&r=g\",\"contentUrl\":\"https:\\\/\\\/secure.gravatar.com\\\/avatar\\\/46ee021475d60aeff17a7e490b79dea5a5684bb392ab7fd1494027411df8ba23?s=96&d=mm&r=g\",\"caption\":\"Lea Couderc\"}}]}<\/script>\n<!-- \/ Yoast SEO plugin. -->","yoast_head_json":{"title":"Le madri ebree 2 - Institut Europ\u00e9en des Musiques Juives","robots":{"index":"index","follow":"follow","max-snippet":"max-snippet:-1","max-image-preview":"max-image-preview:large","max-video-preview":"max-video-preview:-1"},"canonical":"https:\/\/www.iemj.org\/it\/les-meres-juives-2\/","og_locale":"it_IT","og_type":"article","og_title":"Le madri ebree 2 - Institut Europ\u00e9en des Musiques Juives","og_description":"Lo stereotipo della madre ebrea ha nutrito generazioni di psicoanalisti ed ispirato molti libri autobiografici o satirici. La playlist qui proposta rende omaggio alle madri ebree. La madre ebrea vista","og_url":"https:\/\/www.iemj.org\/it\/les-meres-juives-2\/","og_site_name":"Institut Europ\u00e9en des Musiques Juives","article_publisher":"https:\/\/www.facebook.com\/MusiquesJuives\/","article_published_time":"2017-10-17T14:30:56+00:00","article_modified_time":"2025-06-19T13:24:53+00:00","og_image":[{"width":500,"height":671,"url":"https:\/\/www.iemj.org\/wp-content\/uploads\/2017\/10\/arton2519.jpg","type":"image\/jpeg"}],"author":"Lea Couderc","twitter_card":"summary_large_image","twitter_misc":{"Scritto da":"Lea Couderc","Tempo di lettura stimato":"2 minuti"},"schema":{"@context":"https:\/\/schema.org","@graph":[{"@type":"Article","@id":"https:\/\/www.iemj.org\/it\/les-meres-juives-2\/#article","isPartOf":{"@id":"https:\/\/www.iemj.org\/it\/les-meres-juives-2\/"},"author":{"name":"Lea Couderc","@id":"https:\/\/www.iemj.org\/it\/#\/schema\/person\/e2ad57f2c4be119c7ed8ab79036807a9"},"headline":"Le madri ebree 2","datePublished":"2017-10-17T14:30:56+00:00","dateModified":"2025-06-19T13:24:53+00:00","mainEntityOfPage":{"@id":"https:\/\/www.iemj.org\/it\/les-meres-juives-2\/"},"wordCount":182,"publisher":{"@id":"https:\/\/www.iemj.org\/it\/#organization"},"image":{"@id":"https:\/\/www.iemj.org\/it\/les-meres-juives-2\/#primaryimage"},"thumbnailUrl":"https:\/\/www.iemj.org\/wp-content\/uploads\/2017\/10\/arton2519.jpg","articleSection":["Playlist"],"inLanguage":"it-IT"},{"@type":"WebPage","@id":"https:\/\/www.iemj.org\/it\/les-meres-juives-2\/","url":"https:\/\/www.iemj.org\/it\/les-meres-juives-2\/","name":"Le madri ebree 2 - Institut Europ\u00e9en des Musiques Juives","isPartOf":{"@id":"https:\/\/www.iemj.org\/it\/#website"},"primaryImageOfPage":{"@id":"https:\/\/www.iemj.org\/it\/les-meres-juives-2\/#primaryimage"},"image":{"@id":"https:\/\/www.iemj.org\/it\/les-meres-juives-2\/#primaryimage"},"thumbnailUrl":"https:\/\/www.iemj.org\/wp-content\/uploads\/2017\/10\/arton2519.jpg","datePublished":"2017-10-17T14:30:56+00:00","dateModified":"2025-06-19T13:24:53+00:00","breadcrumb":{"@id":"https:\/\/www.iemj.org\/it\/les-meres-juives-2\/#breadcrumb"},"inLanguage":"it-IT","potentialAction":[{"@type":"ReadAction","target":["https:\/\/www.iemj.org\/it\/les-meres-juives-2\/"]}]},{"@type":"ImageObject","inLanguage":"it-IT","@id":"https:\/\/www.iemj.org\/it\/les-meres-juives-2\/#primaryimage","url":"https:\/\/www.iemj.org\/wp-content\/uploads\/2017\/10\/arton2519.jpg","contentUrl":"https:\/\/www.iemj.org\/wp-content\/uploads\/2017\/10\/arton2519.jpg","width":500,"height":671},{"@type":"BreadcrumbList","@id":"https:\/\/www.iemj.org\/it\/les-meres-juives-2\/#breadcrumb","itemListElement":[{"@type":"ListItem","position":1,"name":"Accueil","item":"https:\/\/www.iemj.org\/it\/"},{"@type":"ListItem","position":2,"name":"Le madri ebree 2"}]},{"@type":"WebSite","@id":"https:\/\/www.iemj.org\/it\/#website","url":"https:\/\/www.iemj.org\/it\/","name":"Institut Europ\u00e9en des Musiques Juives","description":"Des traditions musicales \u00e0 la port\u00e9e de tous","publisher":{"@id":"https:\/\/www.iemj.org\/it\/#organization"},"potentialAction":[{"@type":"SearchAction","target":{"@type":"EntryPoint","urlTemplate":"https:\/\/www.iemj.org\/it\/?s={search_term_string}"},"query-input":{"@type":"PropertyValueSpecification","valueRequired":true,"valueName":"search_term_string"}}],"inLanguage":"it-IT"},{"@type":"Organization","@id":"https:\/\/www.iemj.org\/it\/#organization","name":"Institut Europ\u00e9en des Musiques Juives","url":"https:\/\/www.iemj.org\/it\/","logo":{"@type":"ImageObject","inLanguage":"it-IT","@id":"https:\/\/www.iemj.org\/it\/#\/schema\/logo\/image\/","url":"https:\/\/www.iemj.org\/wp-content\/uploads\/2021\/09\/Logo-IEMJ-Paypal.jpg","contentUrl":"https:\/\/www.iemj.org\/wp-content\/uploads\/2021\/09\/Logo-IEMJ-Paypal.jpg","width":150,"height":50,"caption":"Institut Europ\u00e9en des Musiques Juives"},"image":{"@id":"https:\/\/www.iemj.org\/it\/#\/schema\/logo\/image\/"},"sameAs":["https:\/\/www.facebook.com\/MusiquesJuives\/","https:\/\/www.instagram.com\/musiquesjuives\/","https:\/\/www.youtube.com\/user\/musiquesjuives"]},{"@type":"Person","@id":"https:\/\/www.iemj.org\/it\/#\/schema\/person\/e2ad57f2c4be119c7ed8ab79036807a9","name":"Lea Couderc","image":{"@type":"ImageObject","inLanguage":"it-IT","@id":"https:\/\/secure.gravatar.com\/avatar\/46ee021475d60aeff17a7e490b79dea5a5684bb392ab7fd1494027411df8ba23?s=96&d=mm&r=g","url":"https:\/\/secure.gravatar.com\/avatar\/46ee021475d60aeff17a7e490b79dea5a5684bb392ab7fd1494027411df8ba23?s=96&d=mm&r=g","contentUrl":"https:\/\/secure.gravatar.com\/avatar\/46ee021475d60aeff17a7e490b79dea5a5684bb392ab7fd1494027411df8ba23?s=96&d=mm&r=g","caption":"Lea Couderc"}}]}},"_links":{"self":[{"href":"https:\/\/www.iemj.org\/it\/wp-json\/wp\/v2\/posts\/90293","targetHints":{"allow":["GET"]}}],"collection":[{"href":"https:\/\/www.iemj.org\/it\/wp-json\/wp\/v2\/posts"}],"about":[{"href":"https:\/\/www.iemj.org\/it\/wp-json\/wp\/v2\/types\/post"}],"author":[{"embeddable":true,"href":"https:\/\/www.iemj.org\/it\/wp-json\/wp\/v2\/users\/1052"}],"replies":[{"embeddable":true,"href":"https:\/\/www.iemj.org\/it\/wp-json\/wp\/v2\/comments?post=90293"}],"version-history":[{"count":0,"href":"https:\/\/www.iemj.org\/it\/wp-json\/wp\/v2\/posts\/90293\/revisions"}],"wp:featuredmedia":[{"embeddable":true,"href":"https:\/\/www.iemj.org\/it\/wp-json\/wp\/v2\/media\/90294"}],"wp:attachment":[{"href":"https:\/\/www.iemj.org\/it\/wp-json\/wp\/v2\/media?parent=90293"}],"wp:term":[{"taxonomy":"category","embeddable":true,"href":"https:\/\/www.iemj.org\/it\/wp-json\/wp\/v2\/categories?post=90293"},{"taxonomy":"post_tag","embeddable":true,"href":"https:\/\/www.iemj.org\/it\/wp-json\/wp\/v2\/tags?post=90293"},{"taxonomy":"technique","embeddable":true,"href":"https:\/\/www.iemj.org\/it\/wp-json\/wp\/v2\/technique?post=90293"},{"taxonomy":"squelettes","embeddable":true,"href":"https:\/\/www.iemj.org\/it\/wp-json\/wp\/v2\/squelettes?post=90293"},{"taxonomy":"sujet","embeddable":true,"href":"https:\/\/www.iemj.org\/it\/wp-json\/wp\/v2\/sujet?post=90293"},{"taxonomy":"formation","embeddable":true,"href":"https:\/\/www.iemj.org\/it\/wp-json\/wp\/v2\/formation?post=90293"},{"taxonomy":"genre","embeddable":true,"href":"https:\/\/www.iemj.org\/it\/wp-json\/wp\/v2\/genre?post=90293"},{"taxonomy":"fonds","embeddable":true,"href":"https:\/\/www.iemj.org\/it\/wp-json\/wp\/v2\/fonds?post=90293"},{"taxonomy":"tradition","embeddable":true,"href":"https:\/\/www.iemj.org\/it\/wp-json\/wp\/v2\/tradition?post=90293"},{"taxonomy":"type-de-contenu","embeddable":true,"href":"https:\/\/www.iemj.org\/it\/wp-json\/wp\/v2\/type-de-contenu?post=90293"},{"taxonomy":"interprete-compositeur","embeddable":true,"href":"https:\/\/www.iemj.org\/it\/wp-json\/wp\/v2\/interprete-compositeur?post=90293"},{"taxonomy":"frise","embeddable":true,"href":"https:\/\/www.iemj.org\/it\/wp-json\/wp\/v2\/frise?post=90293"},{"taxonomy":"type-devenement","embeddable":true,"href":"https:\/\/www.iemj.org\/it\/wp-json\/wp\/v2\/type-devenement?post=90293"},{"taxonomy":"tableaux-liens-externes","embeddable":true,"href":"https:\/\/www.iemj.org\/it\/wp-json\/wp\/v2\/tableaux-liens-externes?post=90293"}],"curies":[{"name":"wp","href":"https:\/\/api.w.org\/{rel}","templated":true}]}}