{"id":90352,"date":"2016-02-05T16:13:00","date_gmt":"2016-02-05T15:13:00","guid":{"rendered":"https:\/\/www.iemj.org\/yossele-josef-rosenblatt\/"},"modified":"2025-04-27T18:59:44","modified_gmt":"2025-04-27T16:59:44","slug":"yossele-josef-rosenblatt","status":"publish","type":"post","link":"https:\/\/www.iemj.org\/it\/yossele-josef-rosenblatt\/","title":{"rendered":"Yossele (Josef) Rosenblatt"},"content":{"rendered":"<p><strong>Una grande voce dell&#8217;arte cantoriale<\/strong><\/p>\n<p><!--more--><\/p>\n<p>E\u2019 a Bila Tserka in Ucraina che Rosenblatt inizia la sua carriera come membro del coro della sinagoga&#8230;<\/p>\n<p>All&#8217;et\u00e0 di 18 anni diventa Hazan ed emigra negli Stati Uniti nel 1912 dove officia in una sinagoga ortodossa ad Harlem.<\/p>\n<p>Considerato il pi\u00f9 grande cantore del suo tempo, la sua abilit\u00e0 vocale va oltre le sinagoghe e la comunit\u00e0 ebraica.<\/p>\n<p>Possiamo notare una delle caratteristiche del suo stile: il &#8220;krekhtz&#8221;, una specie di singhiozzo cantato, molto emotivo.<\/p>\n<p><img fetchpriority=\"high\" decoding=\"async\" class=\" aligncenter size-full wp-image-6263\" src=\"https:\/\/www.iemj.org\/wp-content\/uploads\/2016\/02\/doc_rosenblatt_500px.jpg\" alt=\"doc_rosenblatt_500px.jpg\" width=\"500\" height=\"477\" align=\"middle\" srcset=\"https:\/\/www.iemj.org\/wp-content\/uploads\/2016\/02\/doc_rosenblatt_500px.jpg 500w, https:\/\/www.iemj.org\/wp-content\/uploads\/2016\/02\/doc_rosenblatt_500px-300x286.jpg 300w\" sizes=\"(max-width: 500px) 100vw, 500px\" \/><\/p>\n\n<div class=\"wp-block-image\">\n<figure class=\"aligncenter size-large\"><img decoding=\"async\" width=\"1024\" height=\"133\" src=\"https:\/\/www.iemj.org\/wp-content\/uploads\/2024\/03\/AUDIO-PLAYER-1024x133.png\" alt=\"\" class=\"wp-image-110609\" srcset=\"https:\/\/www.iemj.org\/wp-content\/uploads\/2024\/03\/AUDIO-PLAYER-1024x133.png 1024w, https:\/\/www.iemj.org\/wp-content\/uploads\/2024\/03\/AUDIO-PLAYER-300x39.png 300w, https:\/\/www.iemj.org\/wp-content\/uploads\/2024\/03\/AUDIO-PLAYER-768x100.png 768w, https:\/\/www.iemj.org\/wp-content\/uploads\/2024\/03\/AUDIO-PLAYER-600x78.png 600w, https:\/\/www.iemj.org\/wp-content\/uploads\/2024\/03\/AUDIO-PLAYER.png 1210w\" sizes=\"(max-width: 1024px) 100vw, 1024px\" \/><\/figure>\n<\/div>\n\n\n<h2 class=\"wp-block-heading\"><\/h2>\n\n\n\n<div class=\"wp-block-file\"><a id=\"wp-block-file--media-9ef89a6c-a124-4f92-b4c0-bd536d1e634e\" href=\"https:\/\/www.iemj.org\/wp-content\/uploads\/2013\/10\/rosenblatt_hineni_heani.mp3\">Hineni heani &#8211; Yossele ROSENBLATT<\/a><\/div>\n\n\n\n<div class=\"wp-block-file\"><a id=\"wp-block-file--media-4ca2c468-5cd9-4991-84ec-c534b48593b5\" href=\"https:\/\/www.iemj.org\/wp-content\/uploads\/2016\/02\/aheim_aheim_-_yossele_rosenblatt.mp3\">Aheim, Aheim &#8211; Yossele ROSENBLATT<\/a><\/div>\n\n\n\n<div class=\"wp-block-file\"><a id=\"wp-block-file--media-4a2ac4a8-9659-430e-a4a5-0be8bae73064\" href=\"https:\/\/www.iemj.org\/wp-content\/uploads\/2016\/02\/my_yiddishe_mom_me_-_yossele_rosenblatt.mp3\">My yiddishe mom&#8217;me &#8211; Yossele ROSENBLATT<\/a><\/div>\n\n\n\n<div class=\"wp-block-file\"><a id=\"wp-block-file--media-815c4530-b683-4922-bd1c-3d01f632d579\" href=\"https:\/\/www.iemj.org\/wp-content\/uploads\/2016\/02\/shlof_in_sisser_ruh_-_yossele_rosenblatt.mp3\">Shlof in sisser ruh &#8211; Yossele ROSENBLATT<\/a><\/div>\n\n\n\n<div class=\"wp-block-file\"><a id=\"wp-block-file--media-36c4ddb7-9a9a-4e02-a5c5-c227bac7e86e\" href=\"https:\/\/www.iemj.org\/wp-content\/uploads\/2016\/02\/tikanto_shabbos_-_yossele_rosenblatt.mp3\">Tikanto shabbos &#8211; Yossele ROSENBLATT<\/a><\/div>\n\n\n\n<div class=\"wp-block-file\"><a id=\"wp-block-file--media-59316f36-28bf-4229-b26d-eaee94c865dc\" href=\"https:\/\/www.iemj.org\/wp-content\/uploads\/2016\/02\/umip_ne_chatoenu_-_yossele_rosenblatt.mp3\">Umip&#8217;ne chatoenu &#8211; Yossele ROSENBLATT<\/a><\/div>\n\n\n\n<div class=\"wp-block-file\"><a id=\"wp-block-file--media-03a8d5c1-db07-472c-bb36-fd7b2d932a56\" href=\"https:\/\/www.iemj.org\/wp-content\/uploads\/2016\/02\/v_korev_pesurenu_-_yossele_rosenblatt.mp3\">V&#8217;korev pesurenu &#8211; Yossele ROSENBLATT<\/a><\/div>\n\n\n\n<div class=\"wp-block-file\"><a id=\"wp-block-file--media-ab442977-dfe7-43a6-8104-7f8f9cd8290c\" href=\"https:\/\/www.iemj.org\/wp-content\/uploads\/2016\/02\/yohrzeit_-_yossele_rosenblatt.mp3\">Yohrzeit &#8211; Yossele ROSENBLATT<\/a><\/div>\n\n\n\n<div class=\"wp-block-file\"><a id=\"wp-block-file--media-d390221a-f6a6-4c12-89e9-ecf43963a71f\" href=\"https:\/\/www.iemj.org\/wp-content\/uploads\/2016\/02\/yhi_rozon_milifne_ovinu_-_yossele_rosenblatt.mp3\">Yhi rozon milifne ovinu &#8211; Yossele ROSENBLATT<\/a><\/div>\n\n\n\n<div class=\"wp-block-file\"><a id=\"wp-block-file--media-0ba67b51-1226-49b2-b9c6-0862744f9275\" href=\"https:\/\/www.iemj.org\/wp-content\/uploads\/2016\/02\/wehu_rachum_-_yossele_rosenblatt.mp3\">Wehu rachum &#8211; Yossele ROSENBLATT<\/a><\/div>\n","protected":false},"excerpt":{"rendered":"<p>Una grande voce dell&#8217;arte cantoriale<\/p>\n","protected":false},"author":1045,"featured_media":90354,"comment_status":"closed","ping_status":"open","sticky":false,"template":"","format":"standard","meta":{"_acf_changed":false,"footnotes":""},"categories":[1536],"tags":[],"technique":[],"squelettes":[],"sujet":[2106],"formation":[],"genre":[1892],"fonds":[],"tradition":[1984],"type-de-contenu":[],"interprete-compositeur":[],"frise":[],"type-devenement":[],"tableaux-liens-externes":[],"class_list":["post-90352","post","type-post","status-publish","format-standard","has-post-thumbnail","hentry","category-playlist-it","sujet-il-cantore-hazzan-it","genre-liturgia-it","tradition-rito-ashkenazita-it"],"acf":[],"yoast_head":"<!-- This site is optimized with the Yoast SEO plugin v27.3 - https:\/\/yoast.com\/product\/yoast-seo-wordpress\/ -->\n<title>Yossele (Josef) Rosenblatt - Institut Europ\u00e9en des Musiques Juives<\/title>\n<meta name=\"robots\" content=\"index, follow, max-snippet:-1, max-image-preview:large, max-video-preview:-1\" \/>\n<link rel=\"canonical\" href=\"https:\/\/www.iemj.org\/it\/yossele-josef-rosenblatt\/\" \/>\n<meta property=\"og:locale\" content=\"it_IT\" \/>\n<meta property=\"og:type\" content=\"article\" \/>\n<meta property=\"og:title\" content=\"Yossele (Josef) Rosenblatt - Institut Europ\u00e9en des Musiques Juives\" \/>\n<meta property=\"og:description\" content=\"Una grande voce dell&#8217;arte cantoriale\" \/>\n<meta property=\"og:url\" content=\"https:\/\/www.iemj.org\/it\/yossele-josef-rosenblatt\/\" \/>\n<meta property=\"og:site_name\" content=\"Institut Europ\u00e9en des Musiques Juives\" \/>\n<meta property=\"article:publisher\" content=\"https:\/\/www.facebook.com\/MusiquesJuives\/\" \/>\n<meta property=\"article:published_time\" content=\"2016-02-05T15:13:00+00:00\" \/>\n<meta property=\"article:modified_time\" content=\"2025-04-27T16:59:44+00:00\" \/>\n<meta property=\"og:image\" content=\"https:\/\/www.iemj.org\/wp-content\/uploads\/2016\/02\/arton773.jpg\" \/>\n\t<meta property=\"og:image:width\" content=\"500\" \/>\n\t<meta property=\"og:image:height\" content=\"360\" \/>\n\t<meta property=\"og:image:type\" content=\"image\/jpeg\" \/>\n<meta name=\"author\" content=\"Herv\u00e9 Roten\" \/>\n<meta name=\"twitter:card\" content=\"summary_large_image\" \/>\n<meta name=\"twitter:label1\" content=\"Scritto da\" \/>\n\t<meta name=\"twitter:data1\" content=\"Herv\u00e9 Roten\" \/>\n\t<meta name=\"twitter:label2\" content=\"Tempo di lettura stimato\" \/>\n\t<meta name=\"twitter:data2\" content=\"2 minuti\" \/>\n<script type=\"application\/ld+json\" class=\"yoast-schema-graph\">{\"@context\":\"https:\\\/\\\/schema.org\",\"@graph\":[{\"@type\":\"Article\",\"@id\":\"https:\\\/\\\/www.iemj.org\\\/it\\\/yossele-josef-rosenblatt\\\/#article\",\"isPartOf\":{\"@id\":\"https:\\\/\\\/www.iemj.org\\\/it\\\/yossele-josef-rosenblatt\\\/\"},\"author\":{\"name\":\"Herv\u00e9 Roten\",\"@id\":\"https:\\\/\\\/www.iemj.org\\\/it\\\/#\\\/schema\\\/person\\\/906134402c29d5c76e7b726261dd4bbd\"},\"headline\":\"Yossele (Josef) Rosenblatt\",\"datePublished\":\"2016-02-05T15:13:00+00:00\",\"dateModified\":\"2025-04-27T16:59:44+00:00\",\"mainEntityOfPage\":{\"@id\":\"https:\\\/\\\/www.iemj.org\\\/it\\\/yossele-josef-rosenblatt\\\/\"},\"wordCount\":141,\"publisher\":{\"@id\":\"https:\\\/\\\/www.iemj.org\\\/it\\\/#organization\"},\"image\":{\"@id\":\"https:\\\/\\\/www.iemj.org\\\/it\\\/yossele-josef-rosenblatt\\\/#primaryimage\"},\"thumbnailUrl\":\"https:\\\/\\\/www.iemj.org\\\/wp-content\\\/uploads\\\/2016\\\/02\\\/arton773.jpg\",\"articleSection\":[\"Playlist\"],\"inLanguage\":\"it-IT\"},{\"@type\":\"WebPage\",\"@id\":\"https:\\\/\\\/www.iemj.org\\\/it\\\/yossele-josef-rosenblatt\\\/\",\"url\":\"https:\\\/\\\/www.iemj.org\\\/it\\\/yossele-josef-rosenblatt\\\/\",\"name\":\"Yossele (Josef) Rosenblatt - Institut Europ\u00e9en des Musiques Juives\",\"isPartOf\":{\"@id\":\"https:\\\/\\\/www.iemj.org\\\/it\\\/#website\"},\"primaryImageOfPage\":{\"@id\":\"https:\\\/\\\/www.iemj.org\\\/it\\\/yossele-josef-rosenblatt\\\/#primaryimage\"},\"image\":{\"@id\":\"https:\\\/\\\/www.iemj.org\\\/it\\\/yossele-josef-rosenblatt\\\/#primaryimage\"},\"thumbnailUrl\":\"https:\\\/\\\/www.iemj.org\\\/wp-content\\\/uploads\\\/2016\\\/02\\\/arton773.jpg\",\"datePublished\":\"2016-02-05T15:13:00+00:00\",\"dateModified\":\"2025-04-27T16:59:44+00:00\",\"breadcrumb\":{\"@id\":\"https:\\\/\\\/www.iemj.org\\\/it\\\/yossele-josef-rosenblatt\\\/#breadcrumb\"},\"inLanguage\":\"it-IT\",\"potentialAction\":[{\"@type\":\"ReadAction\",\"target\":[\"https:\\\/\\\/www.iemj.org\\\/it\\\/yossele-josef-rosenblatt\\\/\"]}]},{\"@type\":\"ImageObject\",\"inLanguage\":\"it-IT\",\"@id\":\"https:\\\/\\\/www.iemj.org\\\/it\\\/yossele-josef-rosenblatt\\\/#primaryimage\",\"url\":\"https:\\\/\\\/www.iemj.org\\\/wp-content\\\/uploads\\\/2016\\\/02\\\/arton773.jpg\",\"contentUrl\":\"https:\\\/\\\/www.iemj.org\\\/wp-content\\\/uploads\\\/2016\\\/02\\\/arton773.jpg\",\"width\":500,\"height\":360},{\"@type\":\"BreadcrumbList\",\"@id\":\"https:\\\/\\\/www.iemj.org\\\/it\\\/yossele-josef-rosenblatt\\\/#breadcrumb\",\"itemListElement\":[{\"@type\":\"ListItem\",\"position\":1,\"name\":\"Accueil\",\"item\":\"https:\\\/\\\/www.iemj.org\\\/it\\\/\"},{\"@type\":\"ListItem\",\"position\":2,\"name\":\"Yossele (Josef) Rosenblatt\"}]},{\"@type\":\"WebSite\",\"@id\":\"https:\\\/\\\/www.iemj.org\\\/it\\\/#website\",\"url\":\"https:\\\/\\\/www.iemj.org\\\/it\\\/\",\"name\":\"Institut Europ\u00e9en des Musiques Juives\",\"description\":\"Des traditions musicales \u00e0 la port\u00e9e de tous\",\"publisher\":{\"@id\":\"https:\\\/\\\/www.iemj.org\\\/it\\\/#organization\"},\"potentialAction\":[{\"@type\":\"SearchAction\",\"target\":{\"@type\":\"EntryPoint\",\"urlTemplate\":\"https:\\\/\\\/www.iemj.org\\\/it\\\/?s={search_term_string}\"},\"query-input\":{\"@type\":\"PropertyValueSpecification\",\"valueRequired\":true,\"valueName\":\"search_term_string\"}}],\"inLanguage\":\"it-IT\"},{\"@type\":\"Organization\",\"@id\":\"https:\\\/\\\/www.iemj.org\\\/it\\\/#organization\",\"name\":\"Institut Europ\u00e9en des Musiques Juives\",\"url\":\"https:\\\/\\\/www.iemj.org\\\/it\\\/\",\"logo\":{\"@type\":\"ImageObject\",\"inLanguage\":\"it-IT\",\"@id\":\"https:\\\/\\\/www.iemj.org\\\/it\\\/#\\\/schema\\\/logo\\\/image\\\/\",\"url\":\"https:\\\/\\\/www.iemj.org\\\/wp-content\\\/uploads\\\/2021\\\/09\\\/Logo-IEMJ-Paypal.jpg\",\"contentUrl\":\"https:\\\/\\\/www.iemj.org\\\/wp-content\\\/uploads\\\/2021\\\/09\\\/Logo-IEMJ-Paypal.jpg\",\"width\":150,\"height\":50,\"caption\":\"Institut Europ\u00e9en des Musiques Juives\"},\"image\":{\"@id\":\"https:\\\/\\\/www.iemj.org\\\/it\\\/#\\\/schema\\\/logo\\\/image\\\/\"},\"sameAs\":[\"https:\\\/\\\/www.facebook.com\\\/MusiquesJuives\\\/\",\"https:\\\/\\\/www.instagram.com\\\/musiquesjuives\\\/\",\"https:\\\/\\\/www.youtube.com\\\/user\\\/musiquesjuives\"]},{\"@type\":\"Person\",\"@id\":\"https:\\\/\\\/www.iemj.org\\\/it\\\/#\\\/schema\\\/person\\\/906134402c29d5c76e7b726261dd4bbd\",\"name\":\"Herv\u00e9 Roten\",\"image\":{\"@type\":\"ImageObject\",\"inLanguage\":\"it-IT\",\"@id\":\"https:\\\/\\\/secure.gravatar.com\\\/avatar\\\/f96ad2db538a26481f18384936b5cd0610c92d390c4dc382209216d455f685ff?s=96&d=mm&r=g\",\"url\":\"https:\\\/\\\/secure.gravatar.com\\\/avatar\\\/f96ad2db538a26481f18384936b5cd0610c92d390c4dc382209216d455f685ff?s=96&d=mm&r=g\",\"contentUrl\":\"https:\\\/\\\/secure.gravatar.com\\\/avatar\\\/f96ad2db538a26481f18384936b5cd0610c92d390c4dc382209216d455f685ff?s=96&d=mm&r=g\",\"caption\":\"Herv\u00e9 Roten\"}}]}<\/script>\n<!-- \/ Yoast SEO plugin. -->","yoast_head_json":{"title":"Yossele (Josef) Rosenblatt - Institut Europ\u00e9en des Musiques Juives","robots":{"index":"index","follow":"follow","max-snippet":"max-snippet:-1","max-image-preview":"max-image-preview:large","max-video-preview":"max-video-preview:-1"},"canonical":"https:\/\/www.iemj.org\/it\/yossele-josef-rosenblatt\/","og_locale":"it_IT","og_type":"article","og_title":"Yossele (Josef) Rosenblatt - Institut Europ\u00e9en des Musiques Juives","og_description":"Una grande voce dell&#8217;arte cantoriale","og_url":"https:\/\/www.iemj.org\/it\/yossele-josef-rosenblatt\/","og_site_name":"Institut Europ\u00e9en des Musiques Juives","article_publisher":"https:\/\/www.facebook.com\/MusiquesJuives\/","article_published_time":"2016-02-05T15:13:00+00:00","article_modified_time":"2025-04-27T16:59:44+00:00","og_image":[{"width":500,"height":360,"url":"https:\/\/www.iemj.org\/wp-content\/uploads\/2016\/02\/arton773.jpg","type":"image\/jpeg"}],"author":"Herv\u00e9 Roten","twitter_card":"summary_large_image","twitter_misc":{"Scritto da":"Herv\u00e9 Roten","Tempo di lettura stimato":"2 minuti"},"schema":{"@context":"https:\/\/schema.org","@graph":[{"@type":"Article","@id":"https:\/\/www.iemj.org\/it\/yossele-josef-rosenblatt\/#article","isPartOf":{"@id":"https:\/\/www.iemj.org\/it\/yossele-josef-rosenblatt\/"},"author":{"name":"Herv\u00e9 Roten","@id":"https:\/\/www.iemj.org\/it\/#\/schema\/person\/906134402c29d5c76e7b726261dd4bbd"},"headline":"Yossele (Josef) Rosenblatt","datePublished":"2016-02-05T15:13:00+00:00","dateModified":"2025-04-27T16:59:44+00:00","mainEntityOfPage":{"@id":"https:\/\/www.iemj.org\/it\/yossele-josef-rosenblatt\/"},"wordCount":141,"publisher":{"@id":"https:\/\/www.iemj.org\/it\/#organization"},"image":{"@id":"https:\/\/www.iemj.org\/it\/yossele-josef-rosenblatt\/#primaryimage"},"thumbnailUrl":"https:\/\/www.iemj.org\/wp-content\/uploads\/2016\/02\/arton773.jpg","articleSection":["Playlist"],"inLanguage":"it-IT"},{"@type":"WebPage","@id":"https:\/\/www.iemj.org\/it\/yossele-josef-rosenblatt\/","url":"https:\/\/www.iemj.org\/it\/yossele-josef-rosenblatt\/","name":"Yossele (Josef) Rosenblatt - Institut Europ\u00e9en des Musiques Juives","isPartOf":{"@id":"https:\/\/www.iemj.org\/it\/#website"},"primaryImageOfPage":{"@id":"https:\/\/www.iemj.org\/it\/yossele-josef-rosenblatt\/#primaryimage"},"image":{"@id":"https:\/\/www.iemj.org\/it\/yossele-josef-rosenblatt\/#primaryimage"},"thumbnailUrl":"https:\/\/www.iemj.org\/wp-content\/uploads\/2016\/02\/arton773.jpg","datePublished":"2016-02-05T15:13:00+00:00","dateModified":"2025-04-27T16:59:44+00:00","breadcrumb":{"@id":"https:\/\/www.iemj.org\/it\/yossele-josef-rosenblatt\/#breadcrumb"},"inLanguage":"it-IT","potentialAction":[{"@type":"ReadAction","target":["https:\/\/www.iemj.org\/it\/yossele-josef-rosenblatt\/"]}]},{"@type":"ImageObject","inLanguage":"it-IT","@id":"https:\/\/www.iemj.org\/it\/yossele-josef-rosenblatt\/#primaryimage","url":"https:\/\/www.iemj.org\/wp-content\/uploads\/2016\/02\/arton773.jpg","contentUrl":"https:\/\/www.iemj.org\/wp-content\/uploads\/2016\/02\/arton773.jpg","width":500,"height":360},{"@type":"BreadcrumbList","@id":"https:\/\/www.iemj.org\/it\/yossele-josef-rosenblatt\/#breadcrumb","itemListElement":[{"@type":"ListItem","position":1,"name":"Accueil","item":"https:\/\/www.iemj.org\/it\/"},{"@type":"ListItem","position":2,"name":"Yossele (Josef) Rosenblatt"}]},{"@type":"WebSite","@id":"https:\/\/www.iemj.org\/it\/#website","url":"https:\/\/www.iemj.org\/it\/","name":"Institut Europ\u00e9en des Musiques Juives","description":"Des traditions musicales \u00e0 la port\u00e9e de tous","publisher":{"@id":"https:\/\/www.iemj.org\/it\/#organization"},"potentialAction":[{"@type":"SearchAction","target":{"@type":"EntryPoint","urlTemplate":"https:\/\/www.iemj.org\/it\/?s={search_term_string}"},"query-input":{"@type":"PropertyValueSpecification","valueRequired":true,"valueName":"search_term_string"}}],"inLanguage":"it-IT"},{"@type":"Organization","@id":"https:\/\/www.iemj.org\/it\/#organization","name":"Institut Europ\u00e9en des Musiques Juives","url":"https:\/\/www.iemj.org\/it\/","logo":{"@type":"ImageObject","inLanguage":"it-IT","@id":"https:\/\/www.iemj.org\/it\/#\/schema\/logo\/image\/","url":"https:\/\/www.iemj.org\/wp-content\/uploads\/2021\/09\/Logo-IEMJ-Paypal.jpg","contentUrl":"https:\/\/www.iemj.org\/wp-content\/uploads\/2021\/09\/Logo-IEMJ-Paypal.jpg","width":150,"height":50,"caption":"Institut Europ\u00e9en des Musiques Juives"},"image":{"@id":"https:\/\/www.iemj.org\/it\/#\/schema\/logo\/image\/"},"sameAs":["https:\/\/www.facebook.com\/MusiquesJuives\/","https:\/\/www.instagram.com\/musiquesjuives\/","https:\/\/www.youtube.com\/user\/musiquesjuives"]},{"@type":"Person","@id":"https:\/\/www.iemj.org\/it\/#\/schema\/person\/906134402c29d5c76e7b726261dd4bbd","name":"Herv\u00e9 Roten","image":{"@type":"ImageObject","inLanguage":"it-IT","@id":"https:\/\/secure.gravatar.com\/avatar\/f96ad2db538a26481f18384936b5cd0610c92d390c4dc382209216d455f685ff?s=96&d=mm&r=g","url":"https:\/\/secure.gravatar.com\/avatar\/f96ad2db538a26481f18384936b5cd0610c92d390c4dc382209216d455f685ff?s=96&d=mm&r=g","contentUrl":"https:\/\/secure.gravatar.com\/avatar\/f96ad2db538a26481f18384936b5cd0610c92d390c4dc382209216d455f685ff?s=96&d=mm&r=g","caption":"Herv\u00e9 Roten"}}]}},"_links":{"self":[{"href":"https:\/\/www.iemj.org\/it\/wp-json\/wp\/v2\/posts\/90352","targetHints":{"allow":["GET"]}}],"collection":[{"href":"https:\/\/www.iemj.org\/it\/wp-json\/wp\/v2\/posts"}],"about":[{"href":"https:\/\/www.iemj.org\/it\/wp-json\/wp\/v2\/types\/post"}],"author":[{"embeddable":true,"href":"https:\/\/www.iemj.org\/it\/wp-json\/wp\/v2\/users\/1045"}],"replies":[{"embeddable":true,"href":"https:\/\/www.iemj.org\/it\/wp-json\/wp\/v2\/comments?post=90352"}],"version-history":[{"count":0,"href":"https:\/\/www.iemj.org\/it\/wp-json\/wp\/v2\/posts\/90352\/revisions"}],"wp:featuredmedia":[{"embeddable":true,"href":"https:\/\/www.iemj.org\/it\/wp-json\/wp\/v2\/media\/90354"}],"wp:attachment":[{"href":"https:\/\/www.iemj.org\/it\/wp-json\/wp\/v2\/media?parent=90352"}],"wp:term":[{"taxonomy":"category","embeddable":true,"href":"https:\/\/www.iemj.org\/it\/wp-json\/wp\/v2\/categories?post=90352"},{"taxonomy":"post_tag","embeddable":true,"href":"https:\/\/www.iemj.org\/it\/wp-json\/wp\/v2\/tags?post=90352"},{"taxonomy":"technique","embeddable":true,"href":"https:\/\/www.iemj.org\/it\/wp-json\/wp\/v2\/technique?post=90352"},{"taxonomy":"squelettes","embeddable":true,"href":"https:\/\/www.iemj.org\/it\/wp-json\/wp\/v2\/squelettes?post=90352"},{"taxonomy":"sujet","embeddable":true,"href":"https:\/\/www.iemj.org\/it\/wp-json\/wp\/v2\/sujet?post=90352"},{"taxonomy":"formation","embeddable":true,"href":"https:\/\/www.iemj.org\/it\/wp-json\/wp\/v2\/formation?post=90352"},{"taxonomy":"genre","embeddable":true,"href":"https:\/\/www.iemj.org\/it\/wp-json\/wp\/v2\/genre?post=90352"},{"taxonomy":"fonds","embeddable":true,"href":"https:\/\/www.iemj.org\/it\/wp-json\/wp\/v2\/fonds?post=90352"},{"taxonomy":"tradition","embeddable":true,"href":"https:\/\/www.iemj.org\/it\/wp-json\/wp\/v2\/tradition?post=90352"},{"taxonomy":"type-de-contenu","embeddable":true,"href":"https:\/\/www.iemj.org\/it\/wp-json\/wp\/v2\/type-de-contenu?post=90352"},{"taxonomy":"interprete-compositeur","embeddable":true,"href":"https:\/\/www.iemj.org\/it\/wp-json\/wp\/v2\/interprete-compositeur?post=90352"},{"taxonomy":"frise","embeddable":true,"href":"https:\/\/www.iemj.org\/it\/wp-json\/wp\/v2\/frise?post=90352"},{"taxonomy":"type-devenement","embeddable":true,"href":"https:\/\/www.iemj.org\/it\/wp-json\/wp\/v2\/type-devenement?post=90352"},{"taxonomy":"tableaux-liens-externes","embeddable":true,"href":"https:\/\/www.iemj.org\/it\/wp-json\/wp\/v2\/tableaux-liens-externes?post=90352"}],"curies":[{"name":"wp","href":"https:\/\/api.w.org\/{rel}","templated":true}]}}