{"id":90396,"date":"2018-06-27T11:20:42","date_gmt":"2018-06-27T09:20:42","guid":{"rendered":"https:\/\/www.iemj.org\/musique-et-cuisine-dans-la-tradition-juive-2\/"},"modified":"2025-07-08T15:08:48","modified_gmt":"2025-07-08T13:08:48","slug":"musique-et-cuisine-dans-la-tradition-juive-2","status":"publish","type":"post","link":"https:\/\/www.iemj.org\/it\/musique-et-cuisine-dans-la-tradition-juive-2\/","title":{"rendered":"Musica e cucina nella tradizione ebraica"},"content":{"rendered":"<p><!--more--><br \/>La cucina nell&#8217;ebraismo \u00e8 una vera e propria istituzione. Pertanto, le abitudini culinarie associate alle festivit\u00e0 ebraiche, e generalmente trasmesse di madre in figlia, sono antiche quasi quanto la stessa storia ebraica. \u00c8 interessante notare che la musica e la cucina sono spesso intimamente legate. Tradizionalmente, ogni pasto inizia e termina con il canto delle benedizioni.<\/p>\n<p><img fetchpriority=\"high\" decoding=\"async\" class=\" alignright size-full wp-image-20240\" src=\"https:\/\/www.iemj.org\/wp-content\/uploads\/2018\/06\/doc_3_cuisine_et_musique_500px.jpg\" alt=\"doc_3_cuisine_et_musique_500px.jpg\" width=\"263\" height=\"262\" align=\"right\" srcset=\"https:\/\/www.iemj.org\/wp-content\/uploads\/2018\/06\/doc_3_cuisine_et_musique_500px.jpg 263w, https:\/\/www.iemj.org\/wp-content\/uploads\/2018\/06\/doc_3_cuisine_et_musique_500px-150x150.jpg 150w, https:\/\/www.iemj.org\/wp-content\/uploads\/2018\/06\/doc_3_cuisine_et_musique_500px-100x100.jpg 100w\" sizes=\"(max-width: 263px) 100vw, 263px\" \/><\/p>\n<p>La particolarit\u00e0 della cucina ebraica sta nella sua capacit\u00e0 di integrare le cucine dei Paesi che la ospitano.<\/p>\n<p>Dal couscous al Gefilte Fish, l&#8217;arte culinaria ebraica \u00e8 cantata da molti artisti con umorismo e nostalgia.<\/p>\n<p>\u00c8 cos\u00ec che la musica e la cucina ebraica si trasmettono di generazione in generazione.<\/p>\n<p><img decoding=\"async\" class=\" aligncenter size-full wp-image-20242\" src=\"https:\/\/www.iemj.org\/wp-content\/uploads\/2018\/06\/doc_1_cuisine_et_musique.jpg\" alt=\"doc_1_cuisine_et_musique.jpg\" width=\"397\" height=\"240\" align=\"middle\" srcset=\"https:\/\/www.iemj.org\/wp-content\/uploads\/2018\/06\/doc_1_cuisine_et_musique.jpg 397w, https:\/\/www.iemj.org\/wp-content\/uploads\/2018\/06\/doc_1_cuisine_et_musique-300x181.jpg 300w\" sizes=\"(max-width: 397px) 100vw, 397px\" \/><\/p>\n<p><strong>Sources :<\/strong><br \/>&#8211; <a href=\"https:\/\/www.cclj.be\/actu\/judaisme-culture\/cuisine-juive-ingredient-memoire\" target=\"_blank\" rel=\"noopener\">La cuisine juive, ingr\u00e9dient de la m\u00e9moire<\/a><br \/>&#8211; <a href=\"https:\/\/www.bbfrance.org\/Cuisine-et-Tradition_a195.html\" target=\"_blank\" rel=\"noopener\">Cucina e tradizione, sito ufficiale del B&#8217;nai Brith Francia<\/a><\/p>\n<p><a href=\"https:\/\/www.iemj.org\/it\/musique-et-cuisine-dans-la-tradition-juive\/\" target=\"_blank\" rel=\"noopener\">Ascoltare i programmi radiofonici: Musica e cucina ebraica, presentati da Herv\u00e9 Roten<\/a><\/p>\n\n<div class=\"wp-block-image\">\n<figure class=\"aligncenter size-large\"><img decoding=\"async\" width=\"1024\" height=\"133\" src=\"https:\/\/www.iemj.org\/wp-content\/uploads\/2024\/03\/AUDIO-PLAYER-1024x133.png\" alt=\"\" class=\"wp-image-110609\" srcset=\"https:\/\/www.iemj.org\/wp-content\/uploads\/2024\/03\/AUDIO-PLAYER-1024x133.png 1024w, https:\/\/www.iemj.org\/wp-content\/uploads\/2024\/03\/AUDIO-PLAYER-300x39.png 300w, https:\/\/www.iemj.org\/wp-content\/uploads\/2024\/03\/AUDIO-PLAYER-768x100.png 768w, https:\/\/www.iemj.org\/wp-content\/uploads\/2024\/03\/AUDIO-PLAYER-600x78.png 600w, https:\/\/www.iemj.org\/wp-content\/uploads\/2024\/03\/AUDIO-PLAYER.png 1210w\" sizes=\"(max-width: 1024px) 100vw, 1024px\" \/><\/figure>\n<\/div>\n\n\n<h2 class=\"wp-block-heading\"><\/h2>\n\n\n\n<div class=\"wp-block-file\"><a id=\"wp-block-file--media-5d1e6af5-f190-483d-8cb7-41c4cdcfcb35\" href=\"https:\/\/www.iemj.org\/wp-content\/uploads\/2018\/06\/birkat_hamazon_-_rahem_muller.mp3\">Birkat hamazon &#8211; Rahem Muller<\/a><\/div>\n\n\n\n<div class=\"wp-block-file\"><a id=\"wp-block-file--media-8760f95e-21d5-48d1-ac2f-8fc190f9c447\" href=\"https:\/\/www.iemj.org\/wp-content\/uploads\/2018\/06\/di_mame_-_kocht_warenikes.mp3\">Di Mame &#8211; Kocht Warenikes<\/a><\/div>\n\n\n\n<div class=\"wp-block-file\"><a id=\"wp-block-file--media-26e8f65e-eac1-48c2-b2ce-68633f350164\" href=\"https:\/\/www.iemj.org\/wp-content\/uploads\/2018\/06\/drink_a_glayzele_wayn_-_pourimspil.mp3\">Drink a glayzele wayn &#8211; Pourimspil<\/a><\/div>\n\n\n\n<div class=\"wp-block-file\"><a id=\"wp-block-file--media-559344e6-e818-4f0b-9d76-c62738d11aaa\" href=\"https:\/\/www.iemj.org\/wp-content\/uploads\/2018\/06\/erets_avat_halav_-_yaffa_yarkoni.mp3\">Erets avat halav &#8211; Yaffa Yarkoni<\/a><\/div>\n\n\n\n<div class=\"wp-block-file\"><a id=\"wp-block-file--media-b92b8c88-f52d-4e92-a5f2-f990ebc3dc8a\" href=\"https:\/\/www.iemj.org\/wp-content\/uploads\/2018\/06\/fais_moi_du_couscous_cheri_-_bob_azzam.mp3\">Fais moi du couscous cheri &#8211; Bob Azzam<\/a><\/div>\n\n\n\n<div class=\"wp-block-file\"><a id=\"wp-block-file--media-e9615164-92ff-4085-8fd0-1122cc3ccf88\" href=\"https:\/\/www.iemj.org\/wp-content\/uploads\/2018\/06\/gefilte_fish_-_henri_gerro.mp3\">Gefilte fish &#8211; Henri Gerro<\/a><\/div>\n\n\n\n<div class=\"wp-block-file\"><a id=\"wp-block-file--media-ee950e7e-47a1-4df1-a440-315db7900133\" href=\"https:\/\/www.iemj.org\/wp-content\/uploads\/2018\/06\/le_couscous_du_vendredi_soir_-_astride_ruff.mp3\">Le couscous du vendredi soir &#8211; Astride Ruff<\/a><\/div>\n\n\n\n<div class=\"wp-block-file\"><a id=\"wp-block-file--media-5c3f379c-8488-4307-9b4c-da5dfd2b1465\" href=\"https:\/\/www.iemj.org\/wp-content\/uploads\/2018\/06\/velanou_iech_falafel_-_barukh_nadav.mp3\">Velanou iech falafel &#8211; Barukh Nadav<\/a><\/div>\n\n\n\n<div class=\"wp-block-file\"><a id=\"wp-block-file--media-a48e80a0-089a-43fa-b906-094f707295f6\" href=\"https:\/\/www.iemj.org\/wp-content\/uploads\/2018\/06\/les_merguez_-_blond-blond.mp3\">Les merguez &#8211; Blond-Blond<\/a><\/div>\n","protected":false},"excerpt":{"rendered":"","protected":false},"author":1052,"featured_media":90397,"comment_status":"closed","ping_status":"open","sticky":false,"template":"","format":"standard","meta":{"_acf_changed":false,"footnotes":""},"categories":[1536],"tags":[],"technique":[],"squelettes":[],"sujet":[],"formation":[],"genre":[],"fonds":[],"tradition":[],"type-de-contenu":[],"interprete-compositeur":[],"frise":[],"type-devenement":[],"tableaux-liens-externes":[],"class_list":["post-90396","post","type-post","status-publish","format-standard","has-post-thumbnail","hentry","category-playlist-it"],"acf":[],"yoast_head":"<!-- This site is optimized with the Yoast SEO plugin v27.3 - https:\/\/yoast.com\/product\/yoast-seo-wordpress\/ -->\n<title>Musica e cucina nella tradizione ebraica - Institut Europ\u00e9en des Musiques Juives<\/title>\n<meta name=\"robots\" content=\"index, follow, max-snippet:-1, max-image-preview:large, max-video-preview:-1\" \/>\n<link rel=\"canonical\" href=\"https:\/\/www.iemj.org\/it\/musique-et-cuisine-dans-la-tradition-juive-2\/\" \/>\n<meta property=\"og:locale\" content=\"it_IT\" \/>\n<meta property=\"og:type\" content=\"article\" \/>\n<meta property=\"og:title\" content=\"Musica e cucina nella tradizione ebraica - Institut Europ\u00e9en des Musiques Juives\" \/>\n<meta property=\"og:url\" content=\"https:\/\/www.iemj.org\/it\/musique-et-cuisine-dans-la-tradition-juive-2\/\" \/>\n<meta property=\"og:site_name\" content=\"Institut Europ\u00e9en des Musiques Juives\" \/>\n<meta property=\"article:publisher\" content=\"https:\/\/www.facebook.com\/MusiquesJuives\/\" \/>\n<meta property=\"article:published_time\" content=\"2018-06-27T09:20:42+00:00\" \/>\n<meta property=\"article:modified_time\" content=\"2025-07-08T13:08:48+00:00\" \/>\n<meta property=\"og:image\" content=\"https:\/\/www.iemj.org\/wp-content\/uploads\/2018\/06\/arton3530.jpg\" \/>\n\t<meta property=\"og:image:width\" content=\"500\" \/>\n\t<meta property=\"og:image:height\" content=\"500\" \/>\n\t<meta property=\"og:image:type\" content=\"image\/jpeg\" \/>\n<meta name=\"author\" content=\"Lea Couderc\" \/>\n<meta name=\"twitter:card\" content=\"summary_large_image\" \/>\n<meta name=\"twitter:label1\" content=\"Scritto da\" \/>\n\t<meta name=\"twitter:data1\" content=\"Lea Couderc\" \/>\n\t<meta name=\"twitter:label2\" content=\"Tempo di lettura stimato\" \/>\n\t<meta name=\"twitter:data2\" content=\"2 minuti\" \/>\n<script type=\"application\/ld+json\" class=\"yoast-schema-graph\">{\"@context\":\"https:\\\/\\\/schema.org\",\"@graph\":[{\"@type\":\"Article\",\"@id\":\"https:\\\/\\\/www.iemj.org\\\/it\\\/musique-et-cuisine-dans-la-tradition-juive-2\\\/#article\",\"isPartOf\":{\"@id\":\"https:\\\/\\\/www.iemj.org\\\/it\\\/musique-et-cuisine-dans-la-tradition-juive-2\\\/\"},\"author\":{\"name\":\"Lea Couderc\",\"@id\":\"https:\\\/\\\/www.iemj.org\\\/it\\\/#\\\/schema\\\/person\\\/e2ad57f2c4be119c7ed8ab79036807a9\"},\"headline\":\"Musica e cucina nella tradizione ebraica\",\"datePublished\":\"2018-06-27T09:20:42+00:00\",\"dateModified\":\"2025-07-08T13:08:48+00:00\",\"mainEntityOfPage\":{\"@id\":\"https:\\\/\\\/www.iemj.org\\\/it\\\/musique-et-cuisine-dans-la-tradition-juive-2\\\/\"},\"wordCount\":197,\"publisher\":{\"@id\":\"https:\\\/\\\/www.iemj.org\\\/it\\\/#organization\"},\"image\":{\"@id\":\"https:\\\/\\\/www.iemj.org\\\/it\\\/musique-et-cuisine-dans-la-tradition-juive-2\\\/#primaryimage\"},\"thumbnailUrl\":\"https:\\\/\\\/www.iemj.org\\\/wp-content\\\/uploads\\\/2018\\\/06\\\/arton3530.jpg\",\"articleSection\":[\"Playlist\"],\"inLanguage\":\"it-IT\"},{\"@type\":\"WebPage\",\"@id\":\"https:\\\/\\\/www.iemj.org\\\/it\\\/musique-et-cuisine-dans-la-tradition-juive-2\\\/\",\"url\":\"https:\\\/\\\/www.iemj.org\\\/it\\\/musique-et-cuisine-dans-la-tradition-juive-2\\\/\",\"name\":\"Musica e cucina nella tradizione ebraica - Institut Europ\u00e9en des Musiques Juives\",\"isPartOf\":{\"@id\":\"https:\\\/\\\/www.iemj.org\\\/it\\\/#website\"},\"primaryImageOfPage\":{\"@id\":\"https:\\\/\\\/www.iemj.org\\\/it\\\/musique-et-cuisine-dans-la-tradition-juive-2\\\/#primaryimage\"},\"image\":{\"@id\":\"https:\\\/\\\/www.iemj.org\\\/it\\\/musique-et-cuisine-dans-la-tradition-juive-2\\\/#primaryimage\"},\"thumbnailUrl\":\"https:\\\/\\\/www.iemj.org\\\/wp-content\\\/uploads\\\/2018\\\/06\\\/arton3530.jpg\",\"datePublished\":\"2018-06-27T09:20:42+00:00\",\"dateModified\":\"2025-07-08T13:08:48+00:00\",\"breadcrumb\":{\"@id\":\"https:\\\/\\\/www.iemj.org\\\/it\\\/musique-et-cuisine-dans-la-tradition-juive-2\\\/#breadcrumb\"},\"inLanguage\":\"it-IT\",\"potentialAction\":[{\"@type\":\"ReadAction\",\"target\":[\"https:\\\/\\\/www.iemj.org\\\/it\\\/musique-et-cuisine-dans-la-tradition-juive-2\\\/\"]}]},{\"@type\":\"ImageObject\",\"inLanguage\":\"it-IT\",\"@id\":\"https:\\\/\\\/www.iemj.org\\\/it\\\/musique-et-cuisine-dans-la-tradition-juive-2\\\/#primaryimage\",\"url\":\"https:\\\/\\\/www.iemj.org\\\/wp-content\\\/uploads\\\/2018\\\/06\\\/arton3530.jpg\",\"contentUrl\":\"https:\\\/\\\/www.iemj.org\\\/wp-content\\\/uploads\\\/2018\\\/06\\\/arton3530.jpg\",\"width\":500,\"height\":500},{\"@type\":\"BreadcrumbList\",\"@id\":\"https:\\\/\\\/www.iemj.org\\\/it\\\/musique-et-cuisine-dans-la-tradition-juive-2\\\/#breadcrumb\",\"itemListElement\":[{\"@type\":\"ListItem\",\"position\":1,\"name\":\"Accueil\",\"item\":\"https:\\\/\\\/www.iemj.org\\\/it\\\/\"},{\"@type\":\"ListItem\",\"position\":2,\"name\":\"Musica e cucina nella tradizione ebraica\"}]},{\"@type\":\"WebSite\",\"@id\":\"https:\\\/\\\/www.iemj.org\\\/it\\\/#website\",\"url\":\"https:\\\/\\\/www.iemj.org\\\/it\\\/\",\"name\":\"Institut Europ\u00e9en des Musiques Juives\",\"description\":\"Des traditions musicales \u00e0 la port\u00e9e de tous\",\"publisher\":{\"@id\":\"https:\\\/\\\/www.iemj.org\\\/it\\\/#organization\"},\"potentialAction\":[{\"@type\":\"SearchAction\",\"target\":{\"@type\":\"EntryPoint\",\"urlTemplate\":\"https:\\\/\\\/www.iemj.org\\\/it\\\/?s={search_term_string}\"},\"query-input\":{\"@type\":\"PropertyValueSpecification\",\"valueRequired\":true,\"valueName\":\"search_term_string\"}}],\"inLanguage\":\"it-IT\"},{\"@type\":\"Organization\",\"@id\":\"https:\\\/\\\/www.iemj.org\\\/it\\\/#organization\",\"name\":\"Institut Europ\u00e9en des Musiques Juives\",\"url\":\"https:\\\/\\\/www.iemj.org\\\/it\\\/\",\"logo\":{\"@type\":\"ImageObject\",\"inLanguage\":\"it-IT\",\"@id\":\"https:\\\/\\\/www.iemj.org\\\/it\\\/#\\\/schema\\\/logo\\\/image\\\/\",\"url\":\"https:\\\/\\\/www.iemj.org\\\/wp-content\\\/uploads\\\/2021\\\/09\\\/Logo-IEMJ-Paypal.jpg\",\"contentUrl\":\"https:\\\/\\\/www.iemj.org\\\/wp-content\\\/uploads\\\/2021\\\/09\\\/Logo-IEMJ-Paypal.jpg\",\"width\":150,\"height\":50,\"caption\":\"Institut Europ\u00e9en des Musiques Juives\"},\"image\":{\"@id\":\"https:\\\/\\\/www.iemj.org\\\/it\\\/#\\\/schema\\\/logo\\\/image\\\/\"},\"sameAs\":[\"https:\\\/\\\/www.facebook.com\\\/MusiquesJuives\\\/\",\"https:\\\/\\\/www.instagram.com\\\/musiquesjuives\\\/\",\"https:\\\/\\\/www.youtube.com\\\/user\\\/musiquesjuives\"]},{\"@type\":\"Person\",\"@id\":\"https:\\\/\\\/www.iemj.org\\\/it\\\/#\\\/schema\\\/person\\\/e2ad57f2c4be119c7ed8ab79036807a9\",\"name\":\"Lea Couderc\",\"image\":{\"@type\":\"ImageObject\",\"inLanguage\":\"it-IT\",\"@id\":\"https:\\\/\\\/secure.gravatar.com\\\/avatar\\\/46ee021475d60aeff17a7e490b79dea5a5684bb392ab7fd1494027411df8ba23?s=96&d=mm&r=g\",\"url\":\"https:\\\/\\\/secure.gravatar.com\\\/avatar\\\/46ee021475d60aeff17a7e490b79dea5a5684bb392ab7fd1494027411df8ba23?s=96&d=mm&r=g\",\"contentUrl\":\"https:\\\/\\\/secure.gravatar.com\\\/avatar\\\/46ee021475d60aeff17a7e490b79dea5a5684bb392ab7fd1494027411df8ba23?s=96&d=mm&r=g\",\"caption\":\"Lea Couderc\"}}]}<\/script>\n<!-- \/ Yoast SEO plugin. -->","yoast_head_json":{"title":"Musica e cucina nella tradizione ebraica - Institut Europ\u00e9en des Musiques Juives","robots":{"index":"index","follow":"follow","max-snippet":"max-snippet:-1","max-image-preview":"max-image-preview:large","max-video-preview":"max-video-preview:-1"},"canonical":"https:\/\/www.iemj.org\/it\/musique-et-cuisine-dans-la-tradition-juive-2\/","og_locale":"it_IT","og_type":"article","og_title":"Musica e cucina nella tradizione ebraica - Institut Europ\u00e9en des Musiques Juives","og_url":"https:\/\/www.iemj.org\/it\/musique-et-cuisine-dans-la-tradition-juive-2\/","og_site_name":"Institut Europ\u00e9en des Musiques Juives","article_publisher":"https:\/\/www.facebook.com\/MusiquesJuives\/","article_published_time":"2018-06-27T09:20:42+00:00","article_modified_time":"2025-07-08T13:08:48+00:00","og_image":[{"width":500,"height":500,"url":"https:\/\/www.iemj.org\/wp-content\/uploads\/2018\/06\/arton3530.jpg","type":"image\/jpeg"}],"author":"Lea Couderc","twitter_card":"summary_large_image","twitter_misc":{"Scritto da":"Lea Couderc","Tempo di lettura stimato":"2 minuti"},"schema":{"@context":"https:\/\/schema.org","@graph":[{"@type":"Article","@id":"https:\/\/www.iemj.org\/it\/musique-et-cuisine-dans-la-tradition-juive-2\/#article","isPartOf":{"@id":"https:\/\/www.iemj.org\/it\/musique-et-cuisine-dans-la-tradition-juive-2\/"},"author":{"name":"Lea Couderc","@id":"https:\/\/www.iemj.org\/it\/#\/schema\/person\/e2ad57f2c4be119c7ed8ab79036807a9"},"headline":"Musica e cucina nella tradizione ebraica","datePublished":"2018-06-27T09:20:42+00:00","dateModified":"2025-07-08T13:08:48+00:00","mainEntityOfPage":{"@id":"https:\/\/www.iemj.org\/it\/musique-et-cuisine-dans-la-tradition-juive-2\/"},"wordCount":197,"publisher":{"@id":"https:\/\/www.iemj.org\/it\/#organization"},"image":{"@id":"https:\/\/www.iemj.org\/it\/musique-et-cuisine-dans-la-tradition-juive-2\/#primaryimage"},"thumbnailUrl":"https:\/\/www.iemj.org\/wp-content\/uploads\/2018\/06\/arton3530.jpg","articleSection":["Playlist"],"inLanguage":"it-IT"},{"@type":"WebPage","@id":"https:\/\/www.iemj.org\/it\/musique-et-cuisine-dans-la-tradition-juive-2\/","url":"https:\/\/www.iemj.org\/it\/musique-et-cuisine-dans-la-tradition-juive-2\/","name":"Musica e cucina nella tradizione ebraica - Institut Europ\u00e9en des Musiques Juives","isPartOf":{"@id":"https:\/\/www.iemj.org\/it\/#website"},"primaryImageOfPage":{"@id":"https:\/\/www.iemj.org\/it\/musique-et-cuisine-dans-la-tradition-juive-2\/#primaryimage"},"image":{"@id":"https:\/\/www.iemj.org\/it\/musique-et-cuisine-dans-la-tradition-juive-2\/#primaryimage"},"thumbnailUrl":"https:\/\/www.iemj.org\/wp-content\/uploads\/2018\/06\/arton3530.jpg","datePublished":"2018-06-27T09:20:42+00:00","dateModified":"2025-07-08T13:08:48+00:00","breadcrumb":{"@id":"https:\/\/www.iemj.org\/it\/musique-et-cuisine-dans-la-tradition-juive-2\/#breadcrumb"},"inLanguage":"it-IT","potentialAction":[{"@type":"ReadAction","target":["https:\/\/www.iemj.org\/it\/musique-et-cuisine-dans-la-tradition-juive-2\/"]}]},{"@type":"ImageObject","inLanguage":"it-IT","@id":"https:\/\/www.iemj.org\/it\/musique-et-cuisine-dans-la-tradition-juive-2\/#primaryimage","url":"https:\/\/www.iemj.org\/wp-content\/uploads\/2018\/06\/arton3530.jpg","contentUrl":"https:\/\/www.iemj.org\/wp-content\/uploads\/2018\/06\/arton3530.jpg","width":500,"height":500},{"@type":"BreadcrumbList","@id":"https:\/\/www.iemj.org\/it\/musique-et-cuisine-dans-la-tradition-juive-2\/#breadcrumb","itemListElement":[{"@type":"ListItem","position":1,"name":"Accueil","item":"https:\/\/www.iemj.org\/it\/"},{"@type":"ListItem","position":2,"name":"Musica e cucina nella tradizione ebraica"}]},{"@type":"WebSite","@id":"https:\/\/www.iemj.org\/it\/#website","url":"https:\/\/www.iemj.org\/it\/","name":"Institut Europ\u00e9en des Musiques Juives","description":"Des traditions musicales \u00e0 la port\u00e9e de tous","publisher":{"@id":"https:\/\/www.iemj.org\/it\/#organization"},"potentialAction":[{"@type":"SearchAction","target":{"@type":"EntryPoint","urlTemplate":"https:\/\/www.iemj.org\/it\/?s={search_term_string}"},"query-input":{"@type":"PropertyValueSpecification","valueRequired":true,"valueName":"search_term_string"}}],"inLanguage":"it-IT"},{"@type":"Organization","@id":"https:\/\/www.iemj.org\/it\/#organization","name":"Institut Europ\u00e9en des Musiques Juives","url":"https:\/\/www.iemj.org\/it\/","logo":{"@type":"ImageObject","inLanguage":"it-IT","@id":"https:\/\/www.iemj.org\/it\/#\/schema\/logo\/image\/","url":"https:\/\/www.iemj.org\/wp-content\/uploads\/2021\/09\/Logo-IEMJ-Paypal.jpg","contentUrl":"https:\/\/www.iemj.org\/wp-content\/uploads\/2021\/09\/Logo-IEMJ-Paypal.jpg","width":150,"height":50,"caption":"Institut Europ\u00e9en des Musiques Juives"},"image":{"@id":"https:\/\/www.iemj.org\/it\/#\/schema\/logo\/image\/"},"sameAs":["https:\/\/www.facebook.com\/MusiquesJuives\/","https:\/\/www.instagram.com\/musiquesjuives\/","https:\/\/www.youtube.com\/user\/musiquesjuives"]},{"@type":"Person","@id":"https:\/\/www.iemj.org\/it\/#\/schema\/person\/e2ad57f2c4be119c7ed8ab79036807a9","name":"Lea Couderc","image":{"@type":"ImageObject","inLanguage":"it-IT","@id":"https:\/\/secure.gravatar.com\/avatar\/46ee021475d60aeff17a7e490b79dea5a5684bb392ab7fd1494027411df8ba23?s=96&d=mm&r=g","url":"https:\/\/secure.gravatar.com\/avatar\/46ee021475d60aeff17a7e490b79dea5a5684bb392ab7fd1494027411df8ba23?s=96&d=mm&r=g","contentUrl":"https:\/\/secure.gravatar.com\/avatar\/46ee021475d60aeff17a7e490b79dea5a5684bb392ab7fd1494027411df8ba23?s=96&d=mm&r=g","caption":"Lea Couderc"}}]}},"_links":{"self":[{"href":"https:\/\/www.iemj.org\/it\/wp-json\/wp\/v2\/posts\/90396","targetHints":{"allow":["GET"]}}],"collection":[{"href":"https:\/\/www.iemj.org\/it\/wp-json\/wp\/v2\/posts"}],"about":[{"href":"https:\/\/www.iemj.org\/it\/wp-json\/wp\/v2\/types\/post"}],"author":[{"embeddable":true,"href":"https:\/\/www.iemj.org\/it\/wp-json\/wp\/v2\/users\/1052"}],"replies":[{"embeddable":true,"href":"https:\/\/www.iemj.org\/it\/wp-json\/wp\/v2\/comments?post=90396"}],"version-history":[{"count":0,"href":"https:\/\/www.iemj.org\/it\/wp-json\/wp\/v2\/posts\/90396\/revisions"}],"wp:featuredmedia":[{"embeddable":true,"href":"https:\/\/www.iemj.org\/it\/wp-json\/wp\/v2\/media\/90397"}],"wp:attachment":[{"href":"https:\/\/www.iemj.org\/it\/wp-json\/wp\/v2\/media?parent=90396"}],"wp:term":[{"taxonomy":"category","embeddable":true,"href":"https:\/\/www.iemj.org\/it\/wp-json\/wp\/v2\/categories?post=90396"},{"taxonomy":"post_tag","embeddable":true,"href":"https:\/\/www.iemj.org\/it\/wp-json\/wp\/v2\/tags?post=90396"},{"taxonomy":"technique","embeddable":true,"href":"https:\/\/www.iemj.org\/it\/wp-json\/wp\/v2\/technique?post=90396"},{"taxonomy":"squelettes","embeddable":true,"href":"https:\/\/www.iemj.org\/it\/wp-json\/wp\/v2\/squelettes?post=90396"},{"taxonomy":"sujet","embeddable":true,"href":"https:\/\/www.iemj.org\/it\/wp-json\/wp\/v2\/sujet?post=90396"},{"taxonomy":"formation","embeddable":true,"href":"https:\/\/www.iemj.org\/it\/wp-json\/wp\/v2\/formation?post=90396"},{"taxonomy":"genre","embeddable":true,"href":"https:\/\/www.iemj.org\/it\/wp-json\/wp\/v2\/genre?post=90396"},{"taxonomy":"fonds","embeddable":true,"href":"https:\/\/www.iemj.org\/it\/wp-json\/wp\/v2\/fonds?post=90396"},{"taxonomy":"tradition","embeddable":true,"href":"https:\/\/www.iemj.org\/it\/wp-json\/wp\/v2\/tradition?post=90396"},{"taxonomy":"type-de-contenu","embeddable":true,"href":"https:\/\/www.iemj.org\/it\/wp-json\/wp\/v2\/type-de-contenu?post=90396"},{"taxonomy":"interprete-compositeur","embeddable":true,"href":"https:\/\/www.iemj.org\/it\/wp-json\/wp\/v2\/interprete-compositeur?post=90396"},{"taxonomy":"frise","embeddable":true,"href":"https:\/\/www.iemj.org\/it\/wp-json\/wp\/v2\/frise?post=90396"},{"taxonomy":"type-devenement","embeddable":true,"href":"https:\/\/www.iemj.org\/it\/wp-json\/wp\/v2\/type-devenement?post=90396"},{"taxonomy":"tableaux-liens-externes","embeddable":true,"href":"https:\/\/www.iemj.org\/it\/wp-json\/wp\/v2\/tableaux-liens-externes?post=90396"}],"curies":[{"name":"wp","href":"https:\/\/api.w.org\/{rel}","templated":true}]}}