{"id":90405,"date":"2017-07-04T16:45:07","date_gmt":"2017-07-04T14:45:07","guid":{"rendered":"https:\/\/www.iemj.org\/playlist-speciale-helene-engel\/"},"modified":"2026-02-18T14:32:11","modified_gmt":"2026-02-18T13:32:11","slug":"playlist-speciale-helene-engel","status":"publish","type":"post","link":"https:\/\/www.iemj.org\/it\/playlist-speciale-helene-engel\/","title":{"rendered":"Playlist speciale H\u00e9l\u00e8ne Engel"},"content":{"rendered":"<p><strong>Una selezione dei pezzi pi\u00f9 belli di H\u00e9l\u00e8ne Engel<\/strong><\/p>\n<p><!--more--><\/p>\n<p><u><a href=\"https:\/\/www.iemj.org\/it\/engel-helene\/\" target=\"_blank\" rel=\"noopener\">H\u00e9l\u00e8ne<\/a> Engel<\/u> ha inciso, dal 1985 ad oggi, 5 dischi.<\/p>\n<p>Il suo primo disco <em>Chansons Traditionelles Juives<\/em> (1985) \u00e8 un&#8217;esplorazione delle diverse tradizioni musicali ebraiche.<\/p>\n<p>Nel suo secondo album <em>La Serena<\/em> (1988) canta in giudeo-spagnolo delle canzoni del Marocco, della Turchia, del Medio Oriente e di Salonicco.<\/p>\n<p>Nel 1992 \u00e8 pubblicato l&#8217;album <em>Errance, De Tol\u00e8de \u2026 \u00e0 Brooklyn<\/em>, che mette in parallelo l&#8217;arrivo dei migranti negli Stati Uniti di fronte agli emigranti dalla Spagna.<\/p>\n<p>L&#8217;album <em>Ay Lu Lu <\/em>(1995) offre ninnenanne e rime in yiddish, francese ed inglese che riflettono la nostalgia per il passato, l&#8217;infanzia perduta ma anche la trasmissione di una tradizione da una generazione all&#8217;altra.<\/p>\n<p><em>Voyag<\/em>e, pubblicato nel 2007, \u00e8 un&#8217;istantanea dello spettacolo \u201cVoyage\u201d prodotto da H\u00e9l\u00e8ne Engel e dai suoi musicisti nel corso di diversi anni. Come lo suggerisce il nome dello spettacolo, l&#8217;ascoltatore viaggia attraverso il mondo della musica ebraica, le sue diverse lingue\u00a0: yiddish, ebraico, francese, giudeo-spagnolo ed inglese, ed i suoi diversi paesi: Polonia, Ucraina, Marocco, Spagna, Francia, Russia, Israele e Nord America.<\/p>\n<p><a href=\"http:\/\/www.helene-engel.com\/fr\/discography\">Ritrovate od ordinate i CD di H\u00e9l\u00e8ne Engel<\/a><\/p>\n<p><a href=\"-&gt;http:\/\/www.helene-engel.com\/fr\/discography\"><img fetchpriority=\"high\" decoding=\"async\" class=\" aligncenter size-full wp-image-14602\" src=\"https:\/\/www.iemj.org\/wp-content\/uploads\/2017\/07\/doc_1_h_engel_500px60.jpg\" alt=\"doc_1_h_engel_500px60.jpg\" width=\"340\" height=\"217\" align=\"middle\" srcset=\"https:\/\/www.iemj.org\/wp-content\/uploads\/2017\/07\/doc_1_h_engel_500px60.jpg 340w, https:\/\/www.iemj.org\/wp-content\/uploads\/2017\/07\/doc_1_h_engel_500px60-300x191.jpg 300w\" sizes=\"(max-width: 340px) 100vw, 340px\" \/><\/a><\/p>\n\n<div class=\"wp-block-image\">\n<figure class=\"aligncenter size-large\"><img decoding=\"async\" width=\"1024\" height=\"133\" src=\"https:\/\/www.iemj.org\/wp-content\/uploads\/2024\/03\/AUDIO-PLAYER-1024x133.png\" alt=\"\" class=\"wp-image-110609\" srcset=\"https:\/\/www.iemj.org\/wp-content\/uploads\/2024\/03\/AUDIO-PLAYER-1024x133.png 1024w, https:\/\/www.iemj.org\/wp-content\/uploads\/2024\/03\/AUDIO-PLAYER-300x39.png 300w, https:\/\/www.iemj.org\/wp-content\/uploads\/2024\/03\/AUDIO-PLAYER-768x100.png 768w, https:\/\/www.iemj.org\/wp-content\/uploads\/2024\/03\/AUDIO-PLAYER-600x78.png 600w, https:\/\/www.iemj.org\/wp-content\/uploads\/2024\/03\/AUDIO-PLAYER.png 1210w\" sizes=\"(max-width: 1024px) 100vw, 1024px\" \/><\/figure>\n<\/div>\n\n\n<h2 class=\"wp-block-heading\"><\/h2>\n\n\n\n<div class=\"wp-block-file\"><a id=\"wp-block-file--media-9135b563-efd2-4dca-a9d0-dd771a959560\" href=\"https:\/\/www.iemj.org\/wp-content\/uploads\/2017\/07\/cd_31_11_yo_m_enamori_d_un_aire_stereo.mp3\">Yo m\u2019enamori d\u2019un aire (Orient) &#8211; H\u00e9l\u00e8ne Engel<\/a><\/div>\n\n\n\n<div class=\"wp-block-file\"><a id=\"wp-block-file--media-f1a82d2a-eb47-4a3a-aef6-ccfccfab4cad\" href=\"https:\/\/www.iemj.org\/wp-content\/uploads\/2017\/07\/cd_632_01_adonenu.mp3\">Adonenu &#8211; H\u00e9l\u00e8ne Engel<\/a><\/div>\n\n\n\n<div class=\"wp-block-file\"><a id=\"wp-block-file--media-71a410bf-b306-4853-b059-aac458b24b8f\" href=\"https:\/\/www.iemj.org\/wp-content\/uploads\/2017\/07\/cd_632_05_van_y_vienen_havadizes.mp3\">Van y vienen havadizes &#8211; H\u00e9l\u00e8ne Engel<\/a><\/div>\n\n\n\n<div class=\"wp-block-file\"><a id=\"wp-block-file--media-b8d80e1e-bc29-4120-8a71-4e108a865b2c\" href=\"https:\/\/www.iemj.org\/wp-content\/uploads\/2017\/07\/cd_632_07_en_la_eskola_de_la_alianza.mp3\">En la eskola de la alianza &#8211; H\u00e9l\u00e8ne Engel<\/a><\/div>\n\n\n\n<div class=\"wp-block-file\"><a id=\"wp-block-file--media-42da3934-1b99-436b-a38a-bc0d8c9c55f8\" href=\"https:\/\/www.iemj.org\/wp-content\/uploads\/2017\/07\/cd_632_11_zog_maran.mp3\">Zog Maran &#8211; H\u00e9l\u00e8ne Engel<\/a><\/div>\n\n\n\n<div class=\"wp-block-file\"><a id=\"wp-block-file--media-3effda79-ddaa-45f2-b0c1-c1ea3783d684\" href=\"https:\/\/www.iemj.org\/wp-content\/uploads\/2017\/07\/cd_632_12_eyn_zack.mp3\">Eyn Zack &#8211; H\u00e9l\u00e8ne Engel<\/a><\/div>\n\n\n\n<div class=\"wp-block-file\"><a id=\"wp-block-file--media-bc3bbe06-9012-4885-9a4c-58e9ed26ff26\" href=\"https:\/\/www.iemj.org\/wp-content\/uploads\/2017\/07\/cd_633_03_le_petit_juif.mp3\">Le petit juif &#8211; H\u00e9l\u00e8ne Engel<\/a><\/div>\n\n\n\n<div class=\"wp-block-file\"><a id=\"wp-block-file--media-824ef1e9-dede-4cf3-af12-471648fe8538\" href=\"https:\/\/www.iemj.org\/wp-content\/uploads\/2017\/07\/cd_633_17_nigun_d_helene.mp3\">Nigun d&#8217;H\u00e9l\u00e8ne &#8211; H\u00e9l\u00e8ne Engel<\/a><\/div>\n\n\n\n<div class=\"wp-block-file\"><a id=\"wp-block-file--media-a0ec2956-90ee-465f-8bb6-779a08f92a4c\" href=\"https:\/\/www.iemj.org\/wp-content\/uploads\/2017\/07\/cd_634_13_le_grand_cerf.mp3\">Le grand cerf &#8211; H\u00e9l\u00e8ne Engel<\/a><\/div>\n\n\n\n<div class=\"wp-block-file\"><a id=\"wp-block-file--media-38068c42-cf1c-48d0-9dd3-25a45e8cd976\" href=\"https:\/\/www.iemj.org\/wp-content\/uploads\/2017\/07\/cd_634_24_rozhinkes_mit_mandlen.mp3\">Rozhinkes mit mandlen &#8211; H\u00e9l\u00e8ne Engel<\/a><\/div>\n\n\n\n<div class=\"wp-block-file\"><a id=\"wp-block-file--media-00cad5de-0171-4ae4-9a18-ae4d0abb1d1c\" href=\"https:\/\/www.iemj.org\/wp-content\/uploads\/2017\/07\/cd_850_14_der_filozof.mp3\">Der filozof- H\u00e9l\u00e8ne Engel<\/a><\/div>\n\n\n\n<div class=\"wp-block-file\"><a id=\"wp-block-file--media-df65b1ad-45fc-42a4-b07c-833fb9789181\" href=\"https:\/\/www.iemj.org\/wp-content\/uploads\/2017\/07\/d33-30_1158_01_hungerik_dein_ketzele.mp3\">Hungerik dein Ketzele &#8211; H\u00e9l\u00e8ne Engel<\/a><\/div>\n\n\n\n<div class=\"wp-block-file\"><a id=\"wp-block-file--media-f79afbe7-37c4-4ad5-beb8-e20c6521a3af\" href=\"https:\/\/www.iemj.org\/wp-content\/uploads\/2017\/07\/d33-30_1158_03_beer_bassadeh.mp3\">Beer bassadeh &#8211; H\u00e9l\u00e8ne Engel<\/a><\/div>\n\n\n\n<div class=\"wp-block-file\"><a id=\"wp-block-file--media-7143dc50-db53-400f-8147-c19268988c11\" href=\"https:\/\/www.iemj.org\/wp-content\/uploads\/2017\/07\/cd_31_09.mp3\">Adio querida &#8211; H\u00e9l\u00e8ne Engel<\/a><\/div>\n","protected":false},"excerpt":{"rendered":"<p>Una selezione dei pezzi pi\u00f9 belli di H\u00e9l\u00e8ne Engel<\/p>\n","protected":false},"author":1052,"featured_media":90406,"comment_status":"closed","ping_status":"closed","sticky":false,"template":"","format":"standard","meta":{"_acf_changed":false,"footnotes":""},"categories":[1536],"tags":[],"technique":[],"squelettes":[],"sujet":[],"formation":[],"genre":[1675,1676],"fonds":[],"tradition":[],"type-de-contenu":[],"interprete-compositeur":[],"frise":[],"type-devenement":[],"tableaux-liens-externes":[],"class_list":["post-90405","post","type-post","status-publish","format-standard","has-post-thumbnail","hentry","category-playlist-it","genre-giudeo-spagnolo-it","genre-yiddish-it-2"],"acf":[],"yoast_head":"<!-- This site is optimized with the Yoast SEO plugin v27.3 - https:\/\/yoast.com\/product\/yoast-seo-wordpress\/ -->\n<title>Playlist speciale H\u00e9l\u00e8ne Engel - Institut Europ\u00e9en des Musiques Juives<\/title>\n<meta name=\"robots\" content=\"index, follow, max-snippet:-1, max-image-preview:large, max-video-preview:-1\" \/>\n<link rel=\"canonical\" href=\"https:\/\/www.iemj.org\/it\/playlist-speciale-helene-engel\/\" \/>\n<meta property=\"og:locale\" content=\"it_IT\" \/>\n<meta property=\"og:type\" content=\"article\" \/>\n<meta property=\"og:title\" content=\"Playlist speciale H\u00e9l\u00e8ne Engel - Institut Europ\u00e9en des Musiques Juives\" \/>\n<meta property=\"og:description\" content=\"Una selezione dei pezzi pi\u00f9 belli di H\u00e9l\u00e8ne Engel\" \/>\n<meta property=\"og:url\" content=\"https:\/\/www.iemj.org\/it\/playlist-speciale-helene-engel\/\" \/>\n<meta property=\"og:site_name\" content=\"Institut Europ\u00e9en des Musiques Juives\" \/>\n<meta property=\"article:publisher\" content=\"https:\/\/www.facebook.com\/MusiquesJuives\/\" \/>\n<meta property=\"article:published_time\" content=\"2017-07-04T14:45:07+00:00\" \/>\n<meta property=\"article:modified_time\" content=\"2026-02-18T13:32:11+00:00\" \/>\n<meta property=\"og:image\" content=\"https:\/\/www.iemj.org\/wp-content\/uploads\/2017\/07\/arton2387.jpg\" \/>\n\t<meta property=\"og:image:width\" content=\"500\" \/>\n\t<meta property=\"og:image:height\" content=\"474\" \/>\n\t<meta property=\"og:image:type\" content=\"image\/jpeg\" \/>\n<meta name=\"author\" content=\"Lea Couderc\" \/>\n<meta name=\"twitter:card\" content=\"summary_large_image\" \/>\n<meta name=\"twitter:label1\" content=\"Scritto da\" \/>\n\t<meta name=\"twitter:data1\" content=\"Lea Couderc\" \/>\n\t<meta name=\"twitter:label2\" content=\"Tempo di lettura stimato\" \/>\n\t<meta name=\"twitter:data2\" content=\"2 minuti\" \/>\n<script type=\"application\/ld+json\" class=\"yoast-schema-graph\">{\"@context\":\"https:\\\/\\\/schema.org\",\"@graph\":[{\"@type\":\"Article\",\"@id\":\"https:\\\/\\\/www.iemj.org\\\/it\\\/playlist-speciale-helene-engel\\\/#article\",\"isPartOf\":{\"@id\":\"https:\\\/\\\/www.iemj.org\\\/it\\\/playlist-speciale-helene-engel\\\/\"},\"author\":{\"name\":\"Lea Couderc\",\"@id\":\"https:\\\/\\\/www.iemj.org\\\/it\\\/#\\\/schema\\\/person\\\/e2ad57f2c4be119c7ed8ab79036807a9\"},\"headline\":\"Playlist speciale H\u00e9l\u00e8ne Engel\",\"datePublished\":\"2017-07-04T14:45:07+00:00\",\"dateModified\":\"2026-02-18T13:32:11+00:00\",\"mainEntityOfPage\":{\"@id\":\"https:\\\/\\\/www.iemj.org\\\/it\\\/playlist-speciale-helene-engel\\\/\"},\"wordCount\":312,\"publisher\":{\"@id\":\"https:\\\/\\\/www.iemj.org\\\/it\\\/#organization\"},\"image\":{\"@id\":\"https:\\\/\\\/www.iemj.org\\\/it\\\/playlist-speciale-helene-engel\\\/#primaryimage\"},\"thumbnailUrl\":\"https:\\\/\\\/www.iemj.org\\\/wp-content\\\/uploads\\\/2017\\\/07\\\/arton2387.jpg\",\"articleSection\":[\"Playlist\"],\"inLanguage\":\"it-IT\"},{\"@type\":\"WebPage\",\"@id\":\"https:\\\/\\\/www.iemj.org\\\/it\\\/playlist-speciale-helene-engel\\\/\",\"url\":\"https:\\\/\\\/www.iemj.org\\\/it\\\/playlist-speciale-helene-engel\\\/\",\"name\":\"Playlist speciale H\u00e9l\u00e8ne Engel - Institut Europ\u00e9en des Musiques Juives\",\"isPartOf\":{\"@id\":\"https:\\\/\\\/www.iemj.org\\\/it\\\/#website\"},\"primaryImageOfPage\":{\"@id\":\"https:\\\/\\\/www.iemj.org\\\/it\\\/playlist-speciale-helene-engel\\\/#primaryimage\"},\"image\":{\"@id\":\"https:\\\/\\\/www.iemj.org\\\/it\\\/playlist-speciale-helene-engel\\\/#primaryimage\"},\"thumbnailUrl\":\"https:\\\/\\\/www.iemj.org\\\/wp-content\\\/uploads\\\/2017\\\/07\\\/arton2387.jpg\",\"datePublished\":\"2017-07-04T14:45:07+00:00\",\"dateModified\":\"2026-02-18T13:32:11+00:00\",\"breadcrumb\":{\"@id\":\"https:\\\/\\\/www.iemj.org\\\/it\\\/playlist-speciale-helene-engel\\\/#breadcrumb\"},\"inLanguage\":\"it-IT\",\"potentialAction\":[{\"@type\":\"ReadAction\",\"target\":[\"https:\\\/\\\/www.iemj.org\\\/it\\\/playlist-speciale-helene-engel\\\/\"]}]},{\"@type\":\"ImageObject\",\"inLanguage\":\"it-IT\",\"@id\":\"https:\\\/\\\/www.iemj.org\\\/it\\\/playlist-speciale-helene-engel\\\/#primaryimage\",\"url\":\"https:\\\/\\\/www.iemj.org\\\/wp-content\\\/uploads\\\/2017\\\/07\\\/arton2387.jpg\",\"contentUrl\":\"https:\\\/\\\/www.iemj.org\\\/wp-content\\\/uploads\\\/2017\\\/07\\\/arton2387.jpg\",\"width\":500,\"height\":474},{\"@type\":\"BreadcrumbList\",\"@id\":\"https:\\\/\\\/www.iemj.org\\\/it\\\/playlist-speciale-helene-engel\\\/#breadcrumb\",\"itemListElement\":[{\"@type\":\"ListItem\",\"position\":1,\"name\":\"Accueil\",\"item\":\"https:\\\/\\\/www.iemj.org\\\/it\\\/\"},{\"@type\":\"ListItem\",\"position\":2,\"name\":\"Playlist speciale H\u00e9l\u00e8ne Engel\"}]},{\"@type\":\"WebSite\",\"@id\":\"https:\\\/\\\/www.iemj.org\\\/it\\\/#website\",\"url\":\"https:\\\/\\\/www.iemj.org\\\/it\\\/\",\"name\":\"Institut Europ\u00e9en des Musiques Juives\",\"description\":\"Des traditions musicales \u00e0 la port\u00e9e de tous\",\"publisher\":{\"@id\":\"https:\\\/\\\/www.iemj.org\\\/it\\\/#organization\"},\"potentialAction\":[{\"@type\":\"SearchAction\",\"target\":{\"@type\":\"EntryPoint\",\"urlTemplate\":\"https:\\\/\\\/www.iemj.org\\\/it\\\/?s={search_term_string}\"},\"query-input\":{\"@type\":\"PropertyValueSpecification\",\"valueRequired\":true,\"valueName\":\"search_term_string\"}}],\"inLanguage\":\"it-IT\"},{\"@type\":\"Organization\",\"@id\":\"https:\\\/\\\/www.iemj.org\\\/it\\\/#organization\",\"name\":\"Institut Europ\u00e9en des Musiques Juives\",\"url\":\"https:\\\/\\\/www.iemj.org\\\/it\\\/\",\"logo\":{\"@type\":\"ImageObject\",\"inLanguage\":\"it-IT\",\"@id\":\"https:\\\/\\\/www.iemj.org\\\/it\\\/#\\\/schema\\\/logo\\\/image\\\/\",\"url\":\"https:\\\/\\\/www.iemj.org\\\/wp-content\\\/uploads\\\/2021\\\/09\\\/Logo-IEMJ-Paypal.jpg\",\"contentUrl\":\"https:\\\/\\\/www.iemj.org\\\/wp-content\\\/uploads\\\/2021\\\/09\\\/Logo-IEMJ-Paypal.jpg\",\"width\":150,\"height\":50,\"caption\":\"Institut Europ\u00e9en des Musiques Juives\"},\"image\":{\"@id\":\"https:\\\/\\\/www.iemj.org\\\/it\\\/#\\\/schema\\\/logo\\\/image\\\/\"},\"sameAs\":[\"https:\\\/\\\/www.facebook.com\\\/MusiquesJuives\\\/\",\"https:\\\/\\\/www.instagram.com\\\/musiquesjuives\\\/\",\"https:\\\/\\\/www.youtube.com\\\/user\\\/musiquesjuives\"]},{\"@type\":\"Person\",\"@id\":\"https:\\\/\\\/www.iemj.org\\\/it\\\/#\\\/schema\\\/person\\\/e2ad57f2c4be119c7ed8ab79036807a9\",\"name\":\"Lea Couderc\",\"image\":{\"@type\":\"ImageObject\",\"inLanguage\":\"it-IT\",\"@id\":\"https:\\\/\\\/secure.gravatar.com\\\/avatar\\\/46ee021475d60aeff17a7e490b79dea5a5684bb392ab7fd1494027411df8ba23?s=96&d=mm&r=g\",\"url\":\"https:\\\/\\\/secure.gravatar.com\\\/avatar\\\/46ee021475d60aeff17a7e490b79dea5a5684bb392ab7fd1494027411df8ba23?s=96&d=mm&r=g\",\"contentUrl\":\"https:\\\/\\\/secure.gravatar.com\\\/avatar\\\/46ee021475d60aeff17a7e490b79dea5a5684bb392ab7fd1494027411df8ba23?s=96&d=mm&r=g\",\"caption\":\"Lea Couderc\"}}]}<\/script>\n<!-- \/ Yoast SEO plugin. -->","yoast_head_json":{"title":"Playlist speciale H\u00e9l\u00e8ne Engel - Institut Europ\u00e9en des Musiques Juives","robots":{"index":"index","follow":"follow","max-snippet":"max-snippet:-1","max-image-preview":"max-image-preview:large","max-video-preview":"max-video-preview:-1"},"canonical":"https:\/\/www.iemj.org\/it\/playlist-speciale-helene-engel\/","og_locale":"it_IT","og_type":"article","og_title":"Playlist speciale H\u00e9l\u00e8ne Engel - Institut Europ\u00e9en des Musiques Juives","og_description":"Una selezione dei pezzi pi\u00f9 belli di H\u00e9l\u00e8ne Engel","og_url":"https:\/\/www.iemj.org\/it\/playlist-speciale-helene-engel\/","og_site_name":"Institut Europ\u00e9en des Musiques Juives","article_publisher":"https:\/\/www.facebook.com\/MusiquesJuives\/","article_published_time":"2017-07-04T14:45:07+00:00","article_modified_time":"2026-02-18T13:32:11+00:00","og_image":[{"width":500,"height":474,"url":"https:\/\/www.iemj.org\/wp-content\/uploads\/2017\/07\/arton2387.jpg","type":"image\/jpeg"}],"author":"Lea Couderc","twitter_card":"summary_large_image","twitter_misc":{"Scritto da":"Lea Couderc","Tempo di lettura stimato":"2 minuti"},"schema":{"@context":"https:\/\/schema.org","@graph":[{"@type":"Article","@id":"https:\/\/www.iemj.org\/it\/playlist-speciale-helene-engel\/#article","isPartOf":{"@id":"https:\/\/www.iemj.org\/it\/playlist-speciale-helene-engel\/"},"author":{"name":"Lea Couderc","@id":"https:\/\/www.iemj.org\/it\/#\/schema\/person\/e2ad57f2c4be119c7ed8ab79036807a9"},"headline":"Playlist speciale H\u00e9l\u00e8ne Engel","datePublished":"2017-07-04T14:45:07+00:00","dateModified":"2026-02-18T13:32:11+00:00","mainEntityOfPage":{"@id":"https:\/\/www.iemj.org\/it\/playlist-speciale-helene-engel\/"},"wordCount":312,"publisher":{"@id":"https:\/\/www.iemj.org\/it\/#organization"},"image":{"@id":"https:\/\/www.iemj.org\/it\/playlist-speciale-helene-engel\/#primaryimage"},"thumbnailUrl":"https:\/\/www.iemj.org\/wp-content\/uploads\/2017\/07\/arton2387.jpg","articleSection":["Playlist"],"inLanguage":"it-IT"},{"@type":"WebPage","@id":"https:\/\/www.iemj.org\/it\/playlist-speciale-helene-engel\/","url":"https:\/\/www.iemj.org\/it\/playlist-speciale-helene-engel\/","name":"Playlist speciale H\u00e9l\u00e8ne Engel - Institut Europ\u00e9en des Musiques Juives","isPartOf":{"@id":"https:\/\/www.iemj.org\/it\/#website"},"primaryImageOfPage":{"@id":"https:\/\/www.iemj.org\/it\/playlist-speciale-helene-engel\/#primaryimage"},"image":{"@id":"https:\/\/www.iemj.org\/it\/playlist-speciale-helene-engel\/#primaryimage"},"thumbnailUrl":"https:\/\/www.iemj.org\/wp-content\/uploads\/2017\/07\/arton2387.jpg","datePublished":"2017-07-04T14:45:07+00:00","dateModified":"2026-02-18T13:32:11+00:00","breadcrumb":{"@id":"https:\/\/www.iemj.org\/it\/playlist-speciale-helene-engel\/#breadcrumb"},"inLanguage":"it-IT","potentialAction":[{"@type":"ReadAction","target":["https:\/\/www.iemj.org\/it\/playlist-speciale-helene-engel\/"]}]},{"@type":"ImageObject","inLanguage":"it-IT","@id":"https:\/\/www.iemj.org\/it\/playlist-speciale-helene-engel\/#primaryimage","url":"https:\/\/www.iemj.org\/wp-content\/uploads\/2017\/07\/arton2387.jpg","contentUrl":"https:\/\/www.iemj.org\/wp-content\/uploads\/2017\/07\/arton2387.jpg","width":500,"height":474},{"@type":"BreadcrumbList","@id":"https:\/\/www.iemj.org\/it\/playlist-speciale-helene-engel\/#breadcrumb","itemListElement":[{"@type":"ListItem","position":1,"name":"Accueil","item":"https:\/\/www.iemj.org\/it\/"},{"@type":"ListItem","position":2,"name":"Playlist speciale H\u00e9l\u00e8ne Engel"}]},{"@type":"WebSite","@id":"https:\/\/www.iemj.org\/it\/#website","url":"https:\/\/www.iemj.org\/it\/","name":"Institut Europ\u00e9en des Musiques Juives","description":"Des traditions musicales \u00e0 la port\u00e9e de tous","publisher":{"@id":"https:\/\/www.iemj.org\/it\/#organization"},"potentialAction":[{"@type":"SearchAction","target":{"@type":"EntryPoint","urlTemplate":"https:\/\/www.iemj.org\/it\/?s={search_term_string}"},"query-input":{"@type":"PropertyValueSpecification","valueRequired":true,"valueName":"search_term_string"}}],"inLanguage":"it-IT"},{"@type":"Organization","@id":"https:\/\/www.iemj.org\/it\/#organization","name":"Institut Europ\u00e9en des Musiques Juives","url":"https:\/\/www.iemj.org\/it\/","logo":{"@type":"ImageObject","inLanguage":"it-IT","@id":"https:\/\/www.iemj.org\/it\/#\/schema\/logo\/image\/","url":"https:\/\/www.iemj.org\/wp-content\/uploads\/2021\/09\/Logo-IEMJ-Paypal.jpg","contentUrl":"https:\/\/www.iemj.org\/wp-content\/uploads\/2021\/09\/Logo-IEMJ-Paypal.jpg","width":150,"height":50,"caption":"Institut Europ\u00e9en des Musiques Juives"},"image":{"@id":"https:\/\/www.iemj.org\/it\/#\/schema\/logo\/image\/"},"sameAs":["https:\/\/www.facebook.com\/MusiquesJuives\/","https:\/\/www.instagram.com\/musiquesjuives\/","https:\/\/www.youtube.com\/user\/musiquesjuives"]},{"@type":"Person","@id":"https:\/\/www.iemj.org\/it\/#\/schema\/person\/e2ad57f2c4be119c7ed8ab79036807a9","name":"Lea Couderc","image":{"@type":"ImageObject","inLanguage":"it-IT","@id":"https:\/\/secure.gravatar.com\/avatar\/46ee021475d60aeff17a7e490b79dea5a5684bb392ab7fd1494027411df8ba23?s=96&d=mm&r=g","url":"https:\/\/secure.gravatar.com\/avatar\/46ee021475d60aeff17a7e490b79dea5a5684bb392ab7fd1494027411df8ba23?s=96&d=mm&r=g","contentUrl":"https:\/\/secure.gravatar.com\/avatar\/46ee021475d60aeff17a7e490b79dea5a5684bb392ab7fd1494027411df8ba23?s=96&d=mm&r=g","caption":"Lea Couderc"}}]}},"_links":{"self":[{"href":"https:\/\/www.iemj.org\/it\/wp-json\/wp\/v2\/posts\/90405","targetHints":{"allow":["GET"]}}],"collection":[{"href":"https:\/\/www.iemj.org\/it\/wp-json\/wp\/v2\/posts"}],"about":[{"href":"https:\/\/www.iemj.org\/it\/wp-json\/wp\/v2\/types\/post"}],"author":[{"embeddable":true,"href":"https:\/\/www.iemj.org\/it\/wp-json\/wp\/v2\/users\/1052"}],"replies":[{"embeddable":true,"href":"https:\/\/www.iemj.org\/it\/wp-json\/wp\/v2\/comments?post=90405"}],"version-history":[{"count":1,"href":"https:\/\/www.iemj.org\/it\/wp-json\/wp\/v2\/posts\/90405\/revisions"}],"predecessor-version":[{"id":130355,"href":"https:\/\/www.iemj.org\/it\/wp-json\/wp\/v2\/posts\/90405\/revisions\/130355"}],"wp:featuredmedia":[{"embeddable":true,"href":"https:\/\/www.iemj.org\/it\/wp-json\/wp\/v2\/media\/90406"}],"wp:attachment":[{"href":"https:\/\/www.iemj.org\/it\/wp-json\/wp\/v2\/media?parent=90405"}],"wp:term":[{"taxonomy":"category","embeddable":true,"href":"https:\/\/www.iemj.org\/it\/wp-json\/wp\/v2\/categories?post=90405"},{"taxonomy":"post_tag","embeddable":true,"href":"https:\/\/www.iemj.org\/it\/wp-json\/wp\/v2\/tags?post=90405"},{"taxonomy":"technique","embeddable":true,"href":"https:\/\/www.iemj.org\/it\/wp-json\/wp\/v2\/technique?post=90405"},{"taxonomy":"squelettes","embeddable":true,"href":"https:\/\/www.iemj.org\/it\/wp-json\/wp\/v2\/squelettes?post=90405"},{"taxonomy":"sujet","embeddable":true,"href":"https:\/\/www.iemj.org\/it\/wp-json\/wp\/v2\/sujet?post=90405"},{"taxonomy":"formation","embeddable":true,"href":"https:\/\/www.iemj.org\/it\/wp-json\/wp\/v2\/formation?post=90405"},{"taxonomy":"genre","embeddable":true,"href":"https:\/\/www.iemj.org\/it\/wp-json\/wp\/v2\/genre?post=90405"},{"taxonomy":"fonds","embeddable":true,"href":"https:\/\/www.iemj.org\/it\/wp-json\/wp\/v2\/fonds?post=90405"},{"taxonomy":"tradition","embeddable":true,"href":"https:\/\/www.iemj.org\/it\/wp-json\/wp\/v2\/tradition?post=90405"},{"taxonomy":"type-de-contenu","embeddable":true,"href":"https:\/\/www.iemj.org\/it\/wp-json\/wp\/v2\/type-de-contenu?post=90405"},{"taxonomy":"interprete-compositeur","embeddable":true,"href":"https:\/\/www.iemj.org\/it\/wp-json\/wp\/v2\/interprete-compositeur?post=90405"},{"taxonomy":"frise","embeddable":true,"href":"https:\/\/www.iemj.org\/it\/wp-json\/wp\/v2\/frise?post=90405"},{"taxonomy":"type-devenement","embeddable":true,"href":"https:\/\/www.iemj.org\/it\/wp-json\/wp\/v2\/type-devenement?post=90405"},{"taxonomy":"tableaux-liens-externes","embeddable":true,"href":"https:\/\/www.iemj.org\/it\/wp-json\/wp\/v2\/tableaux-liens-externes?post=90405"}],"curies":[{"name":"wp","href":"https:\/\/api.w.org\/{rel}","templated":true}]}}