{"id":90416,"date":"2017-05-31T15:58:19","date_gmt":"2017-05-31T13:58:19","guid":{"rendered":"https:\/\/www.iemj.org\/musiques-liturgiques-de-la-synagogue-de-la-victoire\/"},"modified":"2025-10-30T15:31:27","modified_gmt":"2025-10-30T14:31:27","slug":"musiques-liturgiques-de-la-synagogue-de-la-victoire-2","status":"publish","type":"post","link":"https:\/\/www.iemj.org\/it\/musiques-liturgiques-de-la-synagogue-de-la-victoire-2\/","title":{"rendered":"MUSICHE LITURGICHE DELLA SINAGOGA DELLA VICTOIRE"},"content":{"rendered":"<p><strong>Dedicata alle musiche della Sinagoga de la Victoire, questa playlist ci trasporta sulle orme dei grandi personaggi musicali che hanno segnato la storia di questa sinagoga e dell\u2019ebraismo francese in generale, come Shalom Berlinski, Adolphe Attia, Emile Ka\u00e7man e Aron Hayoun<\/strong><\/p>\n<p><!--more--><\/p>\n<p>Il Tempio della Vittoria \u00e8 inaugurato il 9 settembre 1874, dopo 7 anni di lavori. Situato al 44 rue de la Victoire, nel 9\u00b0 arrondissement di Parigi, questo imponente edificio, che pu\u00f2 ospitare fino a 1.800 fedeli, diventa in pochi anni l\u2019emblema di un giudaismo francese riconosciuto e integrato.<\/p>\n<p>Per conferire a tale monumento il lustro che merita, le autorit\u00e0 concistoriali dal 1870 prestarono un\u2019attenzione tutta particolare al culto musicale che vi si sarebbe svolto. Con la presenza di un imponente coro, di due organi (uno portatile ed un grande organo) e di ministri-officianti dalle voci possenti, la musica si afferma come un elemento essenziale del culto ebraico francese, di cui il Tempio della Vittoria \u00e8 lo stendardo.<\/p>\n<p><span style=\"font-size: inherit;\"><img fetchpriority=\"high\" decoding=\"async\" class=\" alignright size-full wp-image-14291\" src=\"https:\/\/www.iemj.org\/wp-content\/uploads\/2017\/05\/doc_victoire_500px65.jpg\" alt=\"doc_victoire_500px65.jpg\" width=\"281\" height=\"200\" align=\"right\" \/>In occasione dell\u2019uscita di un monumentale libro dedicato alla Sinagoga della Vittoria, questa playlist ci porta sulle orme dei grandi personaggi musicali che hanno segnato la storia di questa sinagoga, e dell\u2019ebraismo francese in generale<\/span><br \/>Ascolteremo cos\u00ec le voci commoventi di <a href=\"https:\/\/www.iemj.org\/it\/berlinski-shalom-1918-2008\/\">Shalom Berlinski<\/a>, <a href=\"https:\/\/www.iemj.org\/it\/attia-adolphe-1937\/\" target=\"_blank\" rel=\"noopener\">Adolphe Attia<\/a>, Emile Ka\u00e7man, Aron Hayoun.<\/p>\n<ul>\n<li><a href=\"https:\/\/www.iemj.org\/la-victoire-en-chantant\/\">Ascoltare il programma radiofonico:\u00a0<em>La Victoire en chantant<\/em>\u00a0presentato da Herv\u00e9 Roten<\/a><\/li>\n<li><a href=\"https:\/\/www.iemj.org\/it\/produit\/shalom-berlinski-la-voix-de-la-ferveur\/\">Acquistare il CD Shalom Berlinski \u2013 La voce del fervore (doppio album)<\/a><\/li>\n<li><a href=\"https:\/\/www.iemj.org\/it\/produit\/musiques-de-la-synagogue-de-bordeaux\/\">Acquistare il CD Adolphe Attia \u2013 Musiche giudeo-francesi del 18\u00b0 e 19\u00b0 secolo<\/a><\/li>\n<li><a href=\"http:\/\/www.lavictoire.org\/\">Consultare il sito web della Sinagoga della Vittoria<\/a><\/li>\n<li><a href=\"https:\/\/www.iemj.org\/it\/fonds-des-archives-musicales-de-la-grande-synagogue-de-la-victoire-paris\/\">Consultare l\u2019archivio musicale della Sinagoga della Vittoria<\/a><\/li>\n<\/ul>\n<div style=\"text-align: center;\">\n<div style=\"margin: 8px 0px 4px;\"><a href=\"http:\/\/www.calameo.com\/books\/004612749a28b0cd945e4\" target=\"_blank\" rel=\"noopener noreferrer\">Aschkiv\u00e9nu<\/a><\/div>\n<p><iframe style=\"margin: 0 auto;\" src=\"\/\/v.calameo.com\/?bkcode=004612749a28b0cd945e4&amp;mode=mini\" width=\"480\" height=\"300\" frameborder=\"0\" scrolling=\"no\" allowfullscreen=\"allowfullscreen\"><\/iframe><\/p>\n<div style=\"margin: 4px 0px 8px;\">\u00a0<\/div>\n<\/div>\n\n\n<figure class=\"wp-block-image alignwide size-large\"><img decoding=\"async\" width=\"1024\" height=\"133\" src=\"https:\/\/www.iemj.org\/wp-content\/uploads\/2024\/03\/AUDIO-PLAYER-1024x133.png\" alt=\"\" class=\"wp-image-110608\" srcset=\"https:\/\/www.iemj.org\/wp-content\/uploads\/2024\/03\/AUDIO-PLAYER-1024x133.png 1024w, https:\/\/www.iemj.org\/wp-content\/uploads\/2024\/03\/AUDIO-PLAYER-300x39.png 300w, https:\/\/www.iemj.org\/wp-content\/uploads\/2024\/03\/AUDIO-PLAYER-768x100.png 768w, https:\/\/www.iemj.org\/wp-content\/uploads\/2024\/03\/AUDIO-PLAYER-600x78.png 600w, https:\/\/www.iemj.org\/wp-content\/uploads\/2024\/03\/AUDIO-PLAYER.png 1210w\" sizes=\"(max-width: 1024px) 100vw, 1024px\" \/><\/figure>\n\n\n\n<div class=\"wp-block-file\"><a id=\"wp-block-file--media-6c3309f9-013a-4aa0-8d49-5cf4fe224d41\" href=\"https:\/\/www.iemj.org\/wp-content\/uploads\/2017\/05\/mus1__veshomerou_-_shalom_berlinski.mp3\">Veshomerou &#8211; Shalom Berlinski<\/a><\/div>\n\n\n\n<div class=\"wp-block-file\"><a id=\"wp-block-file--media-2104353f-c434-4121-8136-1c556b419c20\" href=\"https:\/\/www.iemj.org\/wp-content\/uploads\/2017\/05\/mus3_kevakoras_-_adolphe_attia.mp3\">Kevakoras &#8211; Adolphe Attia<\/a><\/div>\n\n\n\n<div class=\"wp-block-file\"><a id=\"wp-block-file--media-c0180656-7dc2-4f24-9690-de6b10156987\" href=\"https:\/\/www.iemj.org\/wp-content\/uploads\/2017\/05\/mus4_col_nidre_-_leon_algazi.mp3\">Col nidre &#8211; L\u00e9on Algazi<\/a><\/div>\n\n\n\n<div class=\"wp-block-file\"><a id=\"wp-block-file--media-512f0bc7-35ae-4b04-b44a-6129334453fc\" href=\"https:\/\/www.iemj.org\/wp-content\/uploads\/2017\/05\/mus5_adirey_hayoumo_-_adolphe_attia.mp3\">Adirey hayoumo &#8211; Adolphe Attia<\/a><\/div>\n\n\n\n<div class=\"wp-block-file\"><a id=\"wp-block-file--media-94d9b235-9d7f-47d8-8842-94443e691599\" href=\"https:\/\/www.iemj.org\/wp-content\/uploads\/2017\/05\/mus7_ono_tovo_-_shalom_berlinski.mp3\">Ono tovo &#8211; Shalom Berlinski<\/a><\/div>\n\n\n\n<div class=\"wp-block-file\"><a id=\"wp-block-file--media-9eb247cb-fd5c-4d07-a765-d9538cbdb191\" href=\"https:\/\/www.iemj.org\/wp-content\/uploads\/2017\/05\/mus7_vehakohanim_-_leon_algazi.mp3\">Vehakohanim &#8211; Leon Algazi<\/a><\/div>\n\n\n\n<div class=\"wp-block-file\"><a id=\"wp-block-file--media-3afbc205-91d7-4143-83e1-e901941205e5\" href=\"https:\/\/www.iemj.org\/wp-content\/uploads\/2017\/05\/mus8_kidoush_-_shalom_berlinski_jules_franck_.mp3\">Kidoush &#8211; compos\u00e9 par Jules Franck, interpr\u00e9t\u00e9 par Shalom Berlinski<\/a><\/div>\n\n\n\n<div class=\"wp-block-file\"><a id=\"wp-block-file--media-12e62501-4e9a-4fbf-89ee-77b6784a7a6e\" href=\"https:\/\/www.iemj.org\/wp-content\/uploads\/2017\/05\/mus9_veal_yede_avadeikha_zakharti_lakh_-_adolphe_attia_louis_lewandovski_.mp3\">Veal yede avadeikha, Zakharti lakh &#8211; compos\u00e9 par Louis Lewandovski et interpr\u00e9t\u00e9 par Adolphe Attia <\/a><\/div>\n\n\n\n<div class=\"wp-block-file\"><a id=\"wp-block-file--media-21f563a8-3fb1-4e0e-91fc-d5b821aa6fa5\" href=\"https:\/\/www.iemj.org\/wp-content\/uploads\/2017\/05\/kadish_-_aron_david_hayoun_et_choeur_synagogue_victoire_2011.mp3\">Kadish &#8211; Aron David Hayoun et choeur synagogue victoire 2011<\/a><\/div>\n","protected":false},"excerpt":{"rendered":"<p>Dedicata alle musiche della Sinagoga de la Victoire, questa playlist ci trasporta sulle orme dei grandi personaggi musicali che hanno segnato la storia di questa sinagoga e dell\u2019ebraismo francese in<\/p>\n","protected":false},"author":1052,"featured_media":90418,"comment_status":"closed","ping_status":"closed","sticky":false,"template":"","format":"standard","meta":{"_acf_changed":false,"footnotes":""},"categories":[1536],"tags":[],"technique":[],"squelettes":[],"sujet":[2113],"formation":[],"genre":[1892],"fonds":[],"tradition":[1984],"type-de-contenu":[],"interprete-compositeur":[],"frise":[],"type-devenement":[],"tableaux-liens-externes":[],"class_list":["post-90416","post","type-post","status-publish","format-standard","has-post-thumbnail","hentry","category-playlist-it","sujet-musica-della-sinagoga-it","genre-liturgia-it","tradition-rito-ashkenazita-it"],"acf":[],"yoast_head":"<!-- This site is optimized with the Yoast SEO plugin v27.3 - https:\/\/yoast.com\/product\/yoast-seo-wordpress\/ -->\n<title>MUSICHE LITURGICHE DELLA SINAGOGA DELLA VICTOIRE - Institut Europ\u00e9en des Musiques Juives<\/title>\n<meta name=\"robots\" content=\"index, follow, max-snippet:-1, max-image-preview:large, max-video-preview:-1\" \/>\n<link rel=\"canonical\" href=\"https:\/\/www.iemj.org\/it\/musiques-liturgiques-de-la-synagogue-de-la-victoire-2\/\" \/>\n<meta property=\"og:locale\" content=\"it_IT\" \/>\n<meta property=\"og:type\" content=\"article\" \/>\n<meta property=\"og:title\" content=\"MUSICHE LITURGICHE DELLA SINAGOGA DELLA VICTOIRE - Institut Europ\u00e9en des Musiques Juives\" \/>\n<meta property=\"og:description\" content=\"Dedicata alle musiche della Sinagoga de la Victoire, questa playlist ci trasporta sulle orme dei grandi personaggi musicali che hanno segnato la storia di questa sinagoga e dell\u2019ebraismo francese in\" \/>\n<meta property=\"og:url\" content=\"https:\/\/www.iemj.org\/it\/musiques-liturgiques-de-la-synagogue-de-la-victoire-2\/\" \/>\n<meta property=\"og:site_name\" content=\"Institut Europ\u00e9en des Musiques Juives\" \/>\n<meta property=\"article:publisher\" content=\"https:\/\/www.facebook.com\/MusiquesJuives\/\" \/>\n<meta property=\"article:published_time\" content=\"2017-05-31T13:58:19+00:00\" \/>\n<meta property=\"article:modified_time\" content=\"2025-10-30T14:31:27+00:00\" \/>\n<meta property=\"og:image\" content=\"https:\/\/www.iemj.org\/wp-content\/uploads\/2017\/05\/arton2333.jpg\" \/>\n\t<meta property=\"og:image:width\" content=\"350\" \/>\n\t<meta property=\"og:image:height\" content=\"502\" \/>\n\t<meta property=\"og:image:type\" content=\"image\/jpeg\" \/>\n<meta name=\"author\" content=\"Lea Couderc\" \/>\n<meta name=\"twitter:card\" content=\"summary_large_image\" \/>\n<meta name=\"twitter:label1\" content=\"Scritto da\" \/>\n\t<meta name=\"twitter:data1\" content=\"Lea Couderc\" \/>\n\t<meta name=\"twitter:label2\" content=\"Tempo di lettura stimato\" \/>\n\t<meta name=\"twitter:data2\" content=\"3 minuti\" \/>\n<script type=\"application\/ld+json\" class=\"yoast-schema-graph\">{\"@context\":\"https:\\\/\\\/schema.org\",\"@graph\":[{\"@type\":\"Article\",\"@id\":\"https:\\\/\\\/www.iemj.org\\\/it\\\/musiques-liturgiques-de-la-synagogue-de-la-victoire-2\\\/#article\",\"isPartOf\":{\"@id\":\"https:\\\/\\\/www.iemj.org\\\/it\\\/musiques-liturgiques-de-la-synagogue-de-la-victoire-2\\\/\"},\"author\":{\"name\":\"Lea Couderc\",\"@id\":\"https:\\\/\\\/www.iemj.org\\\/it\\\/#\\\/schema\\\/person\\\/e2ad57f2c4be119c7ed8ab79036807a9\"},\"headline\":\"MUSICHE LITURGICHE DELLA SINAGOGA DELLA VICTOIRE\",\"datePublished\":\"2017-05-31T13:58:19+00:00\",\"dateModified\":\"2025-10-30T14:31:27+00:00\",\"mainEntityOfPage\":{\"@id\":\"https:\\\/\\\/www.iemj.org\\\/it\\\/musiques-liturgiques-de-la-synagogue-de-la-victoire-2\\\/\"},\"wordCount\":327,\"publisher\":{\"@id\":\"https:\\\/\\\/www.iemj.org\\\/it\\\/#organization\"},\"image\":{\"@id\":\"https:\\\/\\\/www.iemj.org\\\/it\\\/musiques-liturgiques-de-la-synagogue-de-la-victoire-2\\\/#primaryimage\"},\"thumbnailUrl\":\"https:\\\/\\\/www.iemj.org\\\/wp-content\\\/uploads\\\/2017\\\/05\\\/arton2333.jpg\",\"articleSection\":[\"Playlist\"],\"inLanguage\":\"it-IT\"},{\"@type\":\"WebPage\",\"@id\":\"https:\\\/\\\/www.iemj.org\\\/it\\\/musiques-liturgiques-de-la-synagogue-de-la-victoire-2\\\/\",\"url\":\"https:\\\/\\\/www.iemj.org\\\/it\\\/musiques-liturgiques-de-la-synagogue-de-la-victoire-2\\\/\",\"name\":\"MUSICHE LITURGICHE DELLA SINAGOGA DELLA VICTOIRE - Institut Europ\u00e9en des Musiques Juives\",\"isPartOf\":{\"@id\":\"https:\\\/\\\/www.iemj.org\\\/it\\\/#website\"},\"primaryImageOfPage\":{\"@id\":\"https:\\\/\\\/www.iemj.org\\\/it\\\/musiques-liturgiques-de-la-synagogue-de-la-victoire-2\\\/#primaryimage\"},\"image\":{\"@id\":\"https:\\\/\\\/www.iemj.org\\\/it\\\/musiques-liturgiques-de-la-synagogue-de-la-victoire-2\\\/#primaryimage\"},\"thumbnailUrl\":\"https:\\\/\\\/www.iemj.org\\\/wp-content\\\/uploads\\\/2017\\\/05\\\/arton2333.jpg\",\"datePublished\":\"2017-05-31T13:58:19+00:00\",\"dateModified\":\"2025-10-30T14:31:27+00:00\",\"breadcrumb\":{\"@id\":\"https:\\\/\\\/www.iemj.org\\\/it\\\/musiques-liturgiques-de-la-synagogue-de-la-victoire-2\\\/#breadcrumb\"},\"inLanguage\":\"it-IT\",\"potentialAction\":[{\"@type\":\"ReadAction\",\"target\":[\"https:\\\/\\\/www.iemj.org\\\/it\\\/musiques-liturgiques-de-la-synagogue-de-la-victoire-2\\\/\"]}]},{\"@type\":\"ImageObject\",\"inLanguage\":\"it-IT\",\"@id\":\"https:\\\/\\\/www.iemj.org\\\/it\\\/musiques-liturgiques-de-la-synagogue-de-la-victoire-2\\\/#primaryimage\",\"url\":\"https:\\\/\\\/www.iemj.org\\\/wp-content\\\/uploads\\\/2017\\\/05\\\/arton2333.jpg\",\"contentUrl\":\"https:\\\/\\\/www.iemj.org\\\/wp-content\\\/uploads\\\/2017\\\/05\\\/arton2333.jpg\",\"width\":350,\"height\":502},{\"@type\":\"BreadcrumbList\",\"@id\":\"https:\\\/\\\/www.iemj.org\\\/it\\\/musiques-liturgiques-de-la-synagogue-de-la-victoire-2\\\/#breadcrumb\",\"itemListElement\":[{\"@type\":\"ListItem\",\"position\":1,\"name\":\"Accueil\",\"item\":\"https:\\\/\\\/www.iemj.org\\\/it\\\/\"},{\"@type\":\"ListItem\",\"position\":2,\"name\":\"MUSICHE LITURGICHE DELLA SINAGOGA DELLA VICTOIRE\"}]},{\"@type\":\"WebSite\",\"@id\":\"https:\\\/\\\/www.iemj.org\\\/it\\\/#website\",\"url\":\"https:\\\/\\\/www.iemj.org\\\/it\\\/\",\"name\":\"Institut Europ\u00e9en des Musiques Juives\",\"description\":\"Des traditions musicales \u00e0 la port\u00e9e de tous\",\"publisher\":{\"@id\":\"https:\\\/\\\/www.iemj.org\\\/it\\\/#organization\"},\"potentialAction\":[{\"@type\":\"SearchAction\",\"target\":{\"@type\":\"EntryPoint\",\"urlTemplate\":\"https:\\\/\\\/www.iemj.org\\\/it\\\/?s={search_term_string}\"},\"query-input\":{\"@type\":\"PropertyValueSpecification\",\"valueRequired\":true,\"valueName\":\"search_term_string\"}}],\"inLanguage\":\"it-IT\"},{\"@type\":\"Organization\",\"@id\":\"https:\\\/\\\/www.iemj.org\\\/it\\\/#organization\",\"name\":\"Institut Europ\u00e9en des Musiques Juives\",\"url\":\"https:\\\/\\\/www.iemj.org\\\/it\\\/\",\"logo\":{\"@type\":\"ImageObject\",\"inLanguage\":\"it-IT\",\"@id\":\"https:\\\/\\\/www.iemj.org\\\/it\\\/#\\\/schema\\\/logo\\\/image\\\/\",\"url\":\"https:\\\/\\\/www.iemj.org\\\/wp-content\\\/uploads\\\/2021\\\/09\\\/Logo-IEMJ-Paypal.jpg\",\"contentUrl\":\"https:\\\/\\\/www.iemj.org\\\/wp-content\\\/uploads\\\/2021\\\/09\\\/Logo-IEMJ-Paypal.jpg\",\"width\":150,\"height\":50,\"caption\":\"Institut Europ\u00e9en des Musiques Juives\"},\"image\":{\"@id\":\"https:\\\/\\\/www.iemj.org\\\/it\\\/#\\\/schema\\\/logo\\\/image\\\/\"},\"sameAs\":[\"https:\\\/\\\/www.facebook.com\\\/MusiquesJuives\\\/\",\"https:\\\/\\\/www.instagram.com\\\/musiquesjuives\\\/\",\"https:\\\/\\\/www.youtube.com\\\/user\\\/musiquesjuives\"]},{\"@type\":\"Person\",\"@id\":\"https:\\\/\\\/www.iemj.org\\\/it\\\/#\\\/schema\\\/person\\\/e2ad57f2c4be119c7ed8ab79036807a9\",\"name\":\"Lea Couderc\",\"image\":{\"@type\":\"ImageObject\",\"inLanguage\":\"it-IT\",\"@id\":\"https:\\\/\\\/secure.gravatar.com\\\/avatar\\\/46ee021475d60aeff17a7e490b79dea5a5684bb392ab7fd1494027411df8ba23?s=96&d=mm&r=g\",\"url\":\"https:\\\/\\\/secure.gravatar.com\\\/avatar\\\/46ee021475d60aeff17a7e490b79dea5a5684bb392ab7fd1494027411df8ba23?s=96&d=mm&r=g\",\"contentUrl\":\"https:\\\/\\\/secure.gravatar.com\\\/avatar\\\/46ee021475d60aeff17a7e490b79dea5a5684bb392ab7fd1494027411df8ba23?s=96&d=mm&r=g\",\"caption\":\"Lea Couderc\"}}]}<\/script>\n<!-- \/ Yoast SEO plugin. -->","yoast_head_json":{"title":"MUSICHE LITURGICHE DELLA SINAGOGA DELLA VICTOIRE - Institut Europ\u00e9en des Musiques Juives","robots":{"index":"index","follow":"follow","max-snippet":"max-snippet:-1","max-image-preview":"max-image-preview:large","max-video-preview":"max-video-preview:-1"},"canonical":"https:\/\/www.iemj.org\/it\/musiques-liturgiques-de-la-synagogue-de-la-victoire-2\/","og_locale":"it_IT","og_type":"article","og_title":"MUSICHE LITURGICHE DELLA SINAGOGA DELLA VICTOIRE - Institut Europ\u00e9en des Musiques Juives","og_description":"Dedicata alle musiche della Sinagoga de la Victoire, questa playlist ci trasporta sulle orme dei grandi personaggi musicali che hanno segnato la storia di questa sinagoga e dell\u2019ebraismo francese in","og_url":"https:\/\/www.iemj.org\/it\/musiques-liturgiques-de-la-synagogue-de-la-victoire-2\/","og_site_name":"Institut Europ\u00e9en des Musiques Juives","article_publisher":"https:\/\/www.facebook.com\/MusiquesJuives\/","article_published_time":"2017-05-31T13:58:19+00:00","article_modified_time":"2025-10-30T14:31:27+00:00","og_image":[{"width":350,"height":502,"url":"https:\/\/www.iemj.org\/wp-content\/uploads\/2017\/05\/arton2333.jpg","type":"image\/jpeg"}],"author":"Lea Couderc","twitter_card":"summary_large_image","twitter_misc":{"Scritto da":"Lea Couderc","Tempo di lettura stimato":"3 minuti"},"schema":{"@context":"https:\/\/schema.org","@graph":[{"@type":"Article","@id":"https:\/\/www.iemj.org\/it\/musiques-liturgiques-de-la-synagogue-de-la-victoire-2\/#article","isPartOf":{"@id":"https:\/\/www.iemj.org\/it\/musiques-liturgiques-de-la-synagogue-de-la-victoire-2\/"},"author":{"name":"Lea Couderc","@id":"https:\/\/www.iemj.org\/it\/#\/schema\/person\/e2ad57f2c4be119c7ed8ab79036807a9"},"headline":"MUSICHE LITURGICHE DELLA SINAGOGA DELLA VICTOIRE","datePublished":"2017-05-31T13:58:19+00:00","dateModified":"2025-10-30T14:31:27+00:00","mainEntityOfPage":{"@id":"https:\/\/www.iemj.org\/it\/musiques-liturgiques-de-la-synagogue-de-la-victoire-2\/"},"wordCount":327,"publisher":{"@id":"https:\/\/www.iemj.org\/it\/#organization"},"image":{"@id":"https:\/\/www.iemj.org\/it\/musiques-liturgiques-de-la-synagogue-de-la-victoire-2\/#primaryimage"},"thumbnailUrl":"https:\/\/www.iemj.org\/wp-content\/uploads\/2017\/05\/arton2333.jpg","articleSection":["Playlist"],"inLanguage":"it-IT"},{"@type":"WebPage","@id":"https:\/\/www.iemj.org\/it\/musiques-liturgiques-de-la-synagogue-de-la-victoire-2\/","url":"https:\/\/www.iemj.org\/it\/musiques-liturgiques-de-la-synagogue-de-la-victoire-2\/","name":"MUSICHE LITURGICHE DELLA SINAGOGA DELLA VICTOIRE - Institut Europ\u00e9en des Musiques Juives","isPartOf":{"@id":"https:\/\/www.iemj.org\/it\/#website"},"primaryImageOfPage":{"@id":"https:\/\/www.iemj.org\/it\/musiques-liturgiques-de-la-synagogue-de-la-victoire-2\/#primaryimage"},"image":{"@id":"https:\/\/www.iemj.org\/it\/musiques-liturgiques-de-la-synagogue-de-la-victoire-2\/#primaryimage"},"thumbnailUrl":"https:\/\/www.iemj.org\/wp-content\/uploads\/2017\/05\/arton2333.jpg","datePublished":"2017-05-31T13:58:19+00:00","dateModified":"2025-10-30T14:31:27+00:00","breadcrumb":{"@id":"https:\/\/www.iemj.org\/it\/musiques-liturgiques-de-la-synagogue-de-la-victoire-2\/#breadcrumb"},"inLanguage":"it-IT","potentialAction":[{"@type":"ReadAction","target":["https:\/\/www.iemj.org\/it\/musiques-liturgiques-de-la-synagogue-de-la-victoire-2\/"]}]},{"@type":"ImageObject","inLanguage":"it-IT","@id":"https:\/\/www.iemj.org\/it\/musiques-liturgiques-de-la-synagogue-de-la-victoire-2\/#primaryimage","url":"https:\/\/www.iemj.org\/wp-content\/uploads\/2017\/05\/arton2333.jpg","contentUrl":"https:\/\/www.iemj.org\/wp-content\/uploads\/2017\/05\/arton2333.jpg","width":350,"height":502},{"@type":"BreadcrumbList","@id":"https:\/\/www.iemj.org\/it\/musiques-liturgiques-de-la-synagogue-de-la-victoire-2\/#breadcrumb","itemListElement":[{"@type":"ListItem","position":1,"name":"Accueil","item":"https:\/\/www.iemj.org\/it\/"},{"@type":"ListItem","position":2,"name":"MUSICHE LITURGICHE DELLA SINAGOGA DELLA VICTOIRE"}]},{"@type":"WebSite","@id":"https:\/\/www.iemj.org\/it\/#website","url":"https:\/\/www.iemj.org\/it\/","name":"Institut Europ\u00e9en des Musiques Juives","description":"Des traditions musicales \u00e0 la port\u00e9e de tous","publisher":{"@id":"https:\/\/www.iemj.org\/it\/#organization"},"potentialAction":[{"@type":"SearchAction","target":{"@type":"EntryPoint","urlTemplate":"https:\/\/www.iemj.org\/it\/?s={search_term_string}"},"query-input":{"@type":"PropertyValueSpecification","valueRequired":true,"valueName":"search_term_string"}}],"inLanguage":"it-IT"},{"@type":"Organization","@id":"https:\/\/www.iemj.org\/it\/#organization","name":"Institut Europ\u00e9en des Musiques Juives","url":"https:\/\/www.iemj.org\/it\/","logo":{"@type":"ImageObject","inLanguage":"it-IT","@id":"https:\/\/www.iemj.org\/it\/#\/schema\/logo\/image\/","url":"https:\/\/www.iemj.org\/wp-content\/uploads\/2021\/09\/Logo-IEMJ-Paypal.jpg","contentUrl":"https:\/\/www.iemj.org\/wp-content\/uploads\/2021\/09\/Logo-IEMJ-Paypal.jpg","width":150,"height":50,"caption":"Institut Europ\u00e9en des Musiques Juives"},"image":{"@id":"https:\/\/www.iemj.org\/it\/#\/schema\/logo\/image\/"},"sameAs":["https:\/\/www.facebook.com\/MusiquesJuives\/","https:\/\/www.instagram.com\/musiquesjuives\/","https:\/\/www.youtube.com\/user\/musiquesjuives"]},{"@type":"Person","@id":"https:\/\/www.iemj.org\/it\/#\/schema\/person\/e2ad57f2c4be119c7ed8ab79036807a9","name":"Lea Couderc","image":{"@type":"ImageObject","inLanguage":"it-IT","@id":"https:\/\/secure.gravatar.com\/avatar\/46ee021475d60aeff17a7e490b79dea5a5684bb392ab7fd1494027411df8ba23?s=96&d=mm&r=g","url":"https:\/\/secure.gravatar.com\/avatar\/46ee021475d60aeff17a7e490b79dea5a5684bb392ab7fd1494027411df8ba23?s=96&d=mm&r=g","contentUrl":"https:\/\/secure.gravatar.com\/avatar\/46ee021475d60aeff17a7e490b79dea5a5684bb392ab7fd1494027411df8ba23?s=96&d=mm&r=g","caption":"Lea Couderc"}}]}},"_links":{"self":[{"href":"https:\/\/www.iemj.org\/it\/wp-json\/wp\/v2\/posts\/90416","targetHints":{"allow":["GET"]}}],"collection":[{"href":"https:\/\/www.iemj.org\/it\/wp-json\/wp\/v2\/posts"}],"about":[{"href":"https:\/\/www.iemj.org\/it\/wp-json\/wp\/v2\/types\/post"}],"author":[{"embeddable":true,"href":"https:\/\/www.iemj.org\/it\/wp-json\/wp\/v2\/users\/1052"}],"replies":[{"embeddable":true,"href":"https:\/\/www.iemj.org\/it\/wp-json\/wp\/v2\/comments?post=90416"}],"version-history":[{"count":2,"href":"https:\/\/www.iemj.org\/it\/wp-json\/wp\/v2\/posts\/90416\/revisions"}],"predecessor-version":[{"id":127839,"href":"https:\/\/www.iemj.org\/it\/wp-json\/wp\/v2\/posts\/90416\/revisions\/127839"}],"wp:featuredmedia":[{"embeddable":true,"href":"https:\/\/www.iemj.org\/it\/wp-json\/wp\/v2\/media\/90418"}],"wp:attachment":[{"href":"https:\/\/www.iemj.org\/it\/wp-json\/wp\/v2\/media?parent=90416"}],"wp:term":[{"taxonomy":"category","embeddable":true,"href":"https:\/\/www.iemj.org\/it\/wp-json\/wp\/v2\/categories?post=90416"},{"taxonomy":"post_tag","embeddable":true,"href":"https:\/\/www.iemj.org\/it\/wp-json\/wp\/v2\/tags?post=90416"},{"taxonomy":"technique","embeddable":true,"href":"https:\/\/www.iemj.org\/it\/wp-json\/wp\/v2\/technique?post=90416"},{"taxonomy":"squelettes","embeddable":true,"href":"https:\/\/www.iemj.org\/it\/wp-json\/wp\/v2\/squelettes?post=90416"},{"taxonomy":"sujet","embeddable":true,"href":"https:\/\/www.iemj.org\/it\/wp-json\/wp\/v2\/sujet?post=90416"},{"taxonomy":"formation","embeddable":true,"href":"https:\/\/www.iemj.org\/it\/wp-json\/wp\/v2\/formation?post=90416"},{"taxonomy":"genre","embeddable":true,"href":"https:\/\/www.iemj.org\/it\/wp-json\/wp\/v2\/genre?post=90416"},{"taxonomy":"fonds","embeddable":true,"href":"https:\/\/www.iemj.org\/it\/wp-json\/wp\/v2\/fonds?post=90416"},{"taxonomy":"tradition","embeddable":true,"href":"https:\/\/www.iemj.org\/it\/wp-json\/wp\/v2\/tradition?post=90416"},{"taxonomy":"type-de-contenu","embeddable":true,"href":"https:\/\/www.iemj.org\/it\/wp-json\/wp\/v2\/type-de-contenu?post=90416"},{"taxonomy":"interprete-compositeur","embeddable":true,"href":"https:\/\/www.iemj.org\/it\/wp-json\/wp\/v2\/interprete-compositeur?post=90416"},{"taxonomy":"frise","embeddable":true,"href":"https:\/\/www.iemj.org\/it\/wp-json\/wp\/v2\/frise?post=90416"},{"taxonomy":"type-devenement","embeddable":true,"href":"https:\/\/www.iemj.org\/it\/wp-json\/wp\/v2\/type-devenement?post=90416"},{"taxonomy":"tableaux-liens-externes","embeddable":true,"href":"https:\/\/www.iemj.org\/it\/wp-json\/wp\/v2\/tableaux-liens-externes?post=90416"}],"curies":[{"name":"wp","href":"https:\/\/api.w.org\/{rel}","templated":true}]}}