{"id":90501,"date":"2022-11-29T10:52:42","date_gmt":"2022-11-29T09:52:42","guid":{"rendered":"https:\/\/www.iemj.org\/publication-de-3-nouvelles-oeuvres-du-compositeur-serge-kaufmann\/"},"modified":"2025-04-16T15:29:27","modified_gmt":"2025-04-16T13:29:27","slug":"publication-de-3-nouvelles-oeuvres-du-compositeur-serge-kaufmann","status":"publish","type":"post","link":"https:\/\/www.iemj.org\/it\/publication-de-3-nouvelles-oeuvres-du-compositeur-serge-kaufmann\/","title":{"rendered":"Pubblicazione di 3 nuove opere del compositore Serge Kaufmann"},"content":{"rendered":"<p>Le Edizioni dell&#8217;IEMJ sono liete di annunciare la pubblicazione di tre nuovi spartiti di <a href=\"https:\/\/www.iemj.org\/it\/kaufmann-serge-1930\/\">Serge Kaufmann<\/a>:<\/p>\n<p style=\"padding-left: 40px;\"><strong><em>Ima ou la M\u00e8re d\u00e9poss\u00e9d\u00e9e<\/em><\/strong><strong>, Cantata per mezzosoprano solo, recitante, coro misto, pianoforte, clarinetto, violoncello e percussioni<\/strong><\/p>\n<p style=\"padding-left: 40px;\"><strong><em>Dix duos pour deux violons (<\/em><\/strong><strong><em>Dieci duetti per due violini)<\/em><\/strong><\/p>\n<p style=\"padding-left: 40px;\"><strong><em>Dix duos pour deux violoncelles (<\/em><\/strong><strong><em>Dieci duetti per due violoncelli)<\/em><\/strong><\/p>\n<\/p>\n<hr \/>\n<p>Come lo descrive Alain Duault<span class=\"footnote_referrer\"><a role=\"button\" tabindex=\"0\" onclick=\"footnote_moveToReference_90501_1('footnote_plugin_reference_90501_1_1');\" onkeypress=\"footnote_moveToReference_90501_1('footnote_plugin_reference_90501_1_1');\" ><sup id=\"footnote_plugin_tooltip_90501_1_1\" class=\"footnote_plugin_tooltip_text\">[1]<\/sup><\/a><span id=\"footnote_plugin_tooltip_text_90501_1_1\" class=\"footnote_tooltip\">Alain Duault \u00e8 uno scrittore, poeta, conduttore radiofonico e televisivo francese specializzato nel campo della musica classica e dell&#8217;opera, nato l&#8217;11 gennaio 1949 a Parigi<\/span><\/span><script type=\"text\/javascript\"> jQuery('#footnote_plugin_tooltip_90501_1_1').tooltip({ tip: '#footnote_plugin_tooltip_text_90501_1_1', tipClass: 'footnote_tooltip', effect: 'fade', predelay: 0, fadeInSpeed: 200, delay: 400, fadeOutSpeed: 200, position: 'top center', relative: true, offset: [-7, 0], });<\/script>, Serge Kaufmann non \u00e8 solo &#8220;un compositore, ma un compositore ebreo che ci offre (&#8230;) brandelli di una memoria frammentata di cui si sente uno dei portatori &#8211; come se queste pagine di spartito si arrotolassero e diventassero un&#8217;altra Torah,\u00a0 simbolica, quella in cui un Dio senza nome parla in modo luminoso, che gli permette appunto di essere ascoltato proprio nella notte&#8230;&#8221;.<\/p>\n<p>La cantata <strong><em>Ima ou la m\u00e8re d\u00e9poss\u00e9d\u00e9e (Ima o la madre spossessata)<\/em><\/strong>, composta nel 2003, \u00e8 una delle opere maggiori di Serge Kaufmann. Essa testimonia dell\u2019importante attaccamento dell&#8217;autore alla propria madre e di un sentimento di fraternit\u00e0 con il popolo ebraico che gli si rivel\u00f2 in particolare quando scopr\u00ec, nel 1950, al suo arrivo a Parigi, la portata di ci\u00f2 che realmente era accaduto durante la seconda guerra mondiale.<\/p>\n<p>Questo lavoro terrificante \u00e8 il risultato di un ordine di Patrick de Chir\u00e9e, direttore del Festival \u00c9clat de voix di Auch, che desiderava che Serge Kaufmann scrivesse uno Stabat Mater. A questa richiesta, il compositore fece questa battuta rivelatrice: \u201cPiuttosto che scriverti uno Stabat Mater, preferirei scrivere uno Shabat Mater!\u201d, proposta che fu accettata da Patrick de Chir\u00e9e. <em>Ima<\/em> \u00e8 questa madre ebrea che fino allo stremo delle sue forze vuole salvare suo figlio dalla morte, essere innocente, che le viene strappato per essere condotto alle camere a gas.<\/p>\n<p>Come lo afferma lo stesso Serge Kaufmann, nato da un padre ebreo che aveva abbandonato la famiglia, e da una madre custode del Tempio, ebrea nel cuore e protestante nella carne, \u00ab\u00a0Ima, (\u2026), \u00e8 quello che sarebbe potuto arrivare a me stesso\u00a0\u00bb.<\/p>\n<p><strong>Ascoltare un estratto di <em>Ima ou la M\u00e8re d\u00e9poss\u00e9d\u00e9e<\/em> (CD Coll. PMJF n\u00b0 8 &#8211; Le Edizioni dell&#8217;IEMJ, 2009), Ensemble vocal Unit\u00e9, dir. C. Nadalet<\/strong><\/p>\n<audio class=\"wp-audio-shortcode\" id=\"audio-90501-1\" preload=\"none\" style=\"width: 100%;\" controls=\"controls\"><source type=\"audio\/mpeg\" src=\"https:\/\/www.iemj.org\/wp-content\/uploads\/2011\/10\/vl8__ima_ou_la_mere_depossedee-ext.mp3?_=1\" \/><a href=\"https:\/\/www.iemj.org\/wp-content\/uploads\/2011\/10\/vl8__ima_ou_la_mere_depossedee-ext.mp3\">https:\/\/www.iemj.org\/wp-content\/uploads\/2011\/10\/vl8__ima_ou_la_mere_depossedee-ext.mp3<\/a><\/audio>\n<\/p>\n<p>Quanto ai <em><strong>Dieci duetti per due violini <\/strong><\/em>e <em><strong>Dieci duetti per due violoncelli<\/strong><\/em>, la cui consonanza (o risonanza) ebraica \u00e8 innegabile, sono stati composti nel 1997 e non fanno eccezione alla ricerca identitaria del compositore ed al suo rapporto\/contributo con l&#8217;ebraismo.<\/p>\n<p><strong>Ascoltare un estratto del Duo n\u00b0 7 (CD Coll. Classiques n\u00b0 3, Le Edizioni dell&#8217;IEMJ, 2017) eseguito da V. Constant e K. Alemany<\/strong><\/p>\n<audio class=\"wp-audio-shortcode\" id=\"audio-90501-2\" preload=\"none\" style=\"width: 100%;\" controls=\"controls\"><source type=\"audio\/mpeg\" src=\"https:\/\/www.iemj.org\/wp-content\/uploads\/2022\/11\/Duo-n\u00b07-Extrait_S-Kaufmann_interprete-par-V-Constant-et-K-Alemany.mp3?_=2\" \/><a href=\"https:\/\/www.iemj.org\/wp-content\/uploads\/2022\/11\/Duo-n\u00b07-Extrait_S-Kaufmann_interprete-par-V-Constant-et-K-Alemany.mp3\">https:\/\/www.iemj.org\/wp-content\/uploads\/2022\/11\/Duo-n\u00b07-Extrait_S-Kaufmann_interprete-par-V-Constant-et-K-Alemany.mp3<\/a><\/audio>\n<p><strong>Ascoltare il Duo n\u00b010 (CD Coll. Classiques n\u00b03, Le Edizioni dell&#8217;IEMJ, 2017) eseguito da V. Constant e K. Alemany<\/strong><\/p>\n<audio class=\"wp-audio-shortcode\" id=\"audio-90501-3\" preload=\"none\" style=\"width: 100%;\" controls=\"controls\"><source type=\"audio\/mpeg\" src=\"https:\/\/www.iemj.org\/wp-content\/uploads\/2022\/11\/Duo-n\u00b010_S-Kaufmann_interprete-par-V-Constant-et-K-Alemany.mp3?_=3\" \/><a href=\"https:\/\/www.iemj.org\/wp-content\/uploads\/2022\/11\/Duo-n\u00b010_S-Kaufmann_interprete-par-V-Constant-et-K-Alemany.mp3\">https:\/\/www.iemj.org\/wp-content\/uploads\/2022\/11\/Duo-n\u00b010_S-Kaufmann_interprete-par-V-Constant-et-K-Alemany.mp3<\/a><\/audio>\n<\/p>\n<p><strong>Ordinare gli spartiti online:<\/strong><\/p>\n<ul>\n<li>\n<h2><a href=\"https:\/\/www.iemj.org\/it\/produit\/kaufmann-ima-ou-la-mere-depossedee\/\"><strong>IMA OU LA M\u00c8RE D\u00c9POSS\u00c9D\u00c9E<\/strong><\/a><\/h2>\n<\/li>\n<li>\n<h2><a href=\"https:\/\/www.iemj.org\/it\/produit\/kaufmann-dix-duos-pour-deux-violoncelles\/\"><strong>DIX DUOS POUR DEUX VIOLONCELLES<\/strong><\/a><\/h2>\n<\/li>\n<li>\n<h2><a href=\"https:\/\/www.iemj.org\/it\/produit\/kaufmann-dix-duos-pour-deux-violons\/\"><strong>DIX DUOS POUR DEUX VIOLONS<\/strong><\/a><\/h2>\n<\/li>\n<\/ul>\n\n\n<hr class=\"wp-block-separator has-alpha-channel-opacity\"\/>\n\n\n<h3><strong>Consultare la lista delle <a href=\"https:\/\/www.iemj.org\/it\/categorie-produit\/spartiti-it\/compositori-it\/kaufmann-serge-it\/\" target=\"_blank\" rel=\"noopener\">opere di Serge Kaufmann nel negozio online dell&#8217;IEMJ<\/a><\/strong><\/h3>\n\n\n<hr class=\"wp-block-separator has-alpha-channel-opacity\"\/>\n\n\n\n<div class=\"wp-block-columns is-layout-flex wp-container-core-columns-is-layout-9d6595d7 wp-block-columns-is-layout-flex\">\n<div class=\"wp-block-column is-layout-flow wp-block-column-is-layout-flow\" style=\"flex-basis:33.33%\"><div class=\"wp-block-image\">\n<figure class=\"aligncenter size-large\"><a href=\"https:\/\/www.iemj.org\/it\/produit\/serge-kaufmann-ima-ou-la-mere-depossedee\/\"><img decoding=\"async\" src=\"https:\/\/www.iemj.org\/wp-content\/uploads\/2021\/12\/CD-Ima-ou-la-mere-depossedee-e1639396169596.jpg\" alt=\"\"\/><\/a><\/figure>\n<\/div><\/div>\n\n\n\n<div class=\"wp-block-column is-vertically-aligned-center is-layout-flow wp-block-column-is-layout-flow\" style=\"flex-basis:66.66%\">\n<div class=\"wp-block-buttons alignfull is-content-justification-space-between is-layout-flex wp-container-core-buttons-is-layout-3d213aab wp-block-buttons-is-layout-flex\">\n<div class=\"wp-block-button\"><a class=\"wp-block-button__link has-background wp-element-button\" href=\"https:\/\/www.iemj.org\/it\/produit\/serge-kaufmann-ima-ou-la-mere-depossedee\/\" style=\"background-color:#e1645a\" target=\"_blank\" rel=\"noreferrer noopener\">Ordinare il CD di Serge Kaufmann, <strong>Ima ou la m\u00e8re&nbsp;d\u00e9poss\u00e9d\u00e9e<\/strong><\/a><\/div>\n<\/div>\n<\/div>\n<\/div>\n\n\n\n<figure class=\"wp-block-video\"><video controls poster=\"https:\/\/www.iemj.org\/wp-content\/uploads\/2022\/11\/Ima-Couv-Video.jpg\" src=\"https:\/\/www.iemj.org\/wp-content\/uploads\/2022\/11\/Extrait-concert-hommage-Kaufmann.mp4\"><\/video><figcaption class=\"wp-element-caption\"><strong>Estratto di <em>Ima ou la M\u00e8re d\u00e9poss\u00e9d\u00e9e<\/em>, durante il concerto in omaggio a Serge Kaufmann (2010)<\/strong><\/figcaption><\/figure>\n\n\n<div class=\"wp-block-image\">\n<figure class=\"aligncenter size-large\"><img fetchpriority=\"high\" decoding=\"async\" width=\"1024\" height=\"133\" src=\"https:\/\/www.iemj.org\/wp-content\/uploads\/2024\/03\/AUDIO-PLAYER-1024x133.png\" alt=\"\" class=\"wp-image-110609\" srcset=\"https:\/\/www.iemj.org\/wp-content\/uploads\/2024\/03\/AUDIO-PLAYER-1024x133.png 1024w, https:\/\/www.iemj.org\/wp-content\/uploads\/2024\/03\/AUDIO-PLAYER-300x39.png 300w, https:\/\/www.iemj.org\/wp-content\/uploads\/2024\/03\/AUDIO-PLAYER-768x100.png 768w, https:\/\/www.iemj.org\/wp-content\/uploads\/2024\/03\/AUDIO-PLAYER-600x78.png 600w, https:\/\/www.iemj.org\/wp-content\/uploads\/2024\/03\/AUDIO-PLAYER.png 1210w\" sizes=\"(max-width: 1024px) 100vw, 1024px\" \/><\/figure>\n<\/div><div class=\"speaker-mute footnotes_reference_container\"> <div class=\"footnote_container_prepare\"><p><span role=\"button\" tabindex=\"0\" class=\"footnote_reference_container_label pointer\" onclick=\"footnote_expand_collapse_reference_container_90501_1();\">&#x202F;<\/span><span role=\"button\" tabindex=\"0\" class=\"footnote_reference_container_collapse_button\" style=\"display: none;\" onclick=\"footnote_expand_collapse_reference_container_90501_1();\">[<a id=\"footnote_reference_container_collapse_button_90501_1\">+<\/a>]<\/span><\/p><\/div> <div id=\"footnote_references_container_90501_1\" style=\"\"><table class=\"footnotes_table footnote-reference-container\"><caption class=\"accessibility\">References<\/caption> <tbody> \r\n\r\n<tr class=\"footnotes_plugin_reference_row\"> <th scope=\"row\" class=\"footnote_plugin_index_combi pointer\"  onclick=\"footnote_moveToAnchor_90501_1('footnote_plugin_tooltip_90501_1_1');\"><a id=\"footnote_plugin_reference_90501_1_1\" class=\"footnote_backlink\">1<\/a><\/th> <td class=\"footnote_plugin_text\">Alain Duault \u00e8 uno scrittore, poeta, conduttore radiofonico e televisivo francese specializzato nel campo della musica classica e dell&#8217;opera, nato l&#8217;11 gennaio 1949 a Parigi<\/td><\/tr>\r\n\r\n <\/tbody> <\/table> <\/div><\/div><script type=\"text\/javascript\"> function footnote_expand_reference_container_90501_1() { jQuery('#footnote_references_container_90501_1').show(); jQuery('#footnote_reference_container_collapse_button_90501_1').text('\u2212'); } function footnote_collapse_reference_container_90501_1() { jQuery('#footnote_references_container_90501_1').hide(); jQuery('#footnote_reference_container_collapse_button_90501_1').text('+'); } function footnote_expand_collapse_reference_container_90501_1() { if (jQuery('#footnote_references_container_90501_1').is(':hidden')) { footnote_expand_reference_container_90501_1(); } else { footnote_collapse_reference_container_90501_1(); } } function footnote_moveToReference_90501_1(p_str_TargetID) { footnote_expand_reference_container_90501_1(); var l_obj_Target = jQuery('#' + p_str_TargetID); if (l_obj_Target.length) { jQuery( 'html, body' ).delay( 0 ); jQuery('html, body').animate({ scrollTop: l_obj_Target.offset().top - window.innerHeight * 0.2 }, 380); } } function footnote_moveToAnchor_90501_1(p_str_TargetID) { footnote_expand_reference_container_90501_1(); var l_obj_Target = jQuery('#' + p_str_TargetID); if (l_obj_Target.length) { jQuery( 'html, body' ).delay( 0 ); jQuery('html, body').animate({ scrollTop: l_obj_Target.offset().top - window.innerHeight * 0.2 }, 380); } }<\/script>","protected":false},"excerpt":{"rendered":"<p>Le Edizioni dell&#8217;IEMJ sono liete di annunciare la pubblicazione di tre nuovi spartiti di Serge Kaufmann: Ima ou la M\u00e8re d\u00e9poss\u00e9d\u00e9e, Cantata per mezzosoprano solo, recitante, coro misto, pianoforte, clarinetto,<\/p>\n","protected":false},"author":5,"featured_media":90444,"comment_status":"closed","ping_status":"closed","sticky":false,"template":"","format":"standard","meta":{"_acf_changed":false,"footnotes":""},"categories":[1361,1397],"tags":[],"technique":[],"squelettes":[],"sujet":[1804],"formation":[],"genre":[1901],"fonds":[],"tradition":[],"type-de-contenu":[],"interprete-compositeur":[3290],"frise":[],"type-devenement":[],"tableaux-liens-externes":[],"class_list":["post-90501","post","type-post","status-publish","format-standard","has-post-thumbnail","hentry","category-pubblicazioni-it","category-spartiti-iemj-it","sujet-shoah-it","genre-musica-classica-it","interprete-compositeur-serge-kaufmann-it"],"acf":[],"yoast_head":"<!-- This site is optimized with the Yoast SEO plugin v27.3 - https:\/\/yoast.com\/product\/yoast-seo-wordpress\/ -->\n<title>Pubblicazione di 3 nuove opere del compositore Serge Kaufmann - Institut Europ\u00e9en des Musiques Juives<\/title>\n<meta name=\"robots\" content=\"index, follow, max-snippet:-1, max-image-preview:large, max-video-preview:-1\" \/>\n<link rel=\"canonical\" href=\"https:\/\/www.iemj.org\/it\/publication-de-3-nouvelles-oeuvres-du-compositeur-serge-kaufmann\/\" \/>\n<meta property=\"og:locale\" content=\"it_IT\" \/>\n<meta property=\"og:type\" content=\"article\" \/>\n<meta property=\"og:title\" content=\"Pubblicazione di 3 nuove opere del compositore Serge Kaufmann - Institut Europ\u00e9en des Musiques Juives\" \/>\n<meta property=\"og:description\" content=\"Le Edizioni dell&#8217;IEMJ sono liete di annunciare la pubblicazione di tre nuovi spartiti di Serge Kaufmann: Ima ou la M\u00e8re d\u00e9poss\u00e9d\u00e9e, Cantata per mezzosoprano solo, recitante, coro misto, pianoforte, clarinetto,\" \/>\n<meta property=\"og:url\" content=\"https:\/\/www.iemj.org\/it\/publication-de-3-nouvelles-oeuvres-du-compositeur-serge-kaufmann\/\" \/>\n<meta property=\"og:site_name\" content=\"Institut Europ\u00e9en des Musiques Juives\" \/>\n<meta property=\"article:publisher\" content=\"https:\/\/www.facebook.com\/MusiquesJuives\/\" \/>\n<meta property=\"article:published_time\" content=\"2022-11-29T09:52:42+00:00\" \/>\n<meta property=\"article:modified_time\" content=\"2025-04-16T13:29:27+00:00\" \/>\n<meta property=\"og:image\" content=\"https:\/\/www.iemj.org\/wp-content\/uploads\/2022\/11\/Logo-3-partitions-Kaufmann.jpg\" \/>\n\t<meta property=\"og:image:width\" content=\"500\" \/>\n\t<meta property=\"og:image:height\" content=\"500\" \/>\n\t<meta property=\"og:image:type\" content=\"image\/jpeg\" \/>\n<meta name=\"author\" content=\"Jacqueline ROTEN\" \/>\n<meta name=\"twitter:card\" content=\"summary_large_image\" \/>\n<meta name=\"twitter:label1\" content=\"Scritto da\" \/>\n\t<meta name=\"twitter:data1\" content=\"Jacqueline ROTEN\" \/>\n\t<meta name=\"twitter:label2\" content=\"Tempo di lettura stimato\" \/>\n\t<meta name=\"twitter:data2\" content=\"4 minuti\" \/>\n<script type=\"application\/ld+json\" class=\"yoast-schema-graph\">{\"@context\":\"https:\\\/\\\/schema.org\",\"@graph\":[{\"@type\":\"Article\",\"@id\":\"https:\\\/\\\/www.iemj.org\\\/it\\\/publication-de-3-nouvelles-oeuvres-du-compositeur-serge-kaufmann\\\/#article\",\"isPartOf\":{\"@id\":\"https:\\\/\\\/www.iemj.org\\\/it\\\/publication-de-3-nouvelles-oeuvres-du-compositeur-serge-kaufmann\\\/\"},\"author\":{\"name\":\"Jacqueline ROTEN\",\"@id\":\"https:\\\/\\\/www.iemj.org\\\/it\\\/#\\\/schema\\\/person\\\/358e26c18aca017fcc4cc15437f7279c\"},\"headline\":\"Pubblicazione di 3 nuove opere del compositore Serge Kaufmann\",\"datePublished\":\"2022-11-29T09:52:42+00:00\",\"dateModified\":\"2025-04-16T13:29:27+00:00\",\"mainEntityOfPage\":{\"@id\":\"https:\\\/\\\/www.iemj.org\\\/it\\\/publication-de-3-nouvelles-oeuvres-du-compositeur-serge-kaufmann\\\/\"},\"wordCount\":579,\"publisher\":{\"@id\":\"https:\\\/\\\/www.iemj.org\\\/it\\\/#organization\"},\"image\":{\"@id\":\"https:\\\/\\\/www.iemj.org\\\/it\\\/publication-de-3-nouvelles-oeuvres-du-compositeur-serge-kaufmann\\\/#primaryimage\"},\"thumbnailUrl\":\"https:\\\/\\\/www.iemj.org\\\/wp-content\\\/uploads\\\/2022\\\/11\\\/Logo-3-partitions-Kaufmann.jpg\",\"articleSection\":[\"Pubblicazioni\",\"Spartiti IEMJ\"],\"inLanguage\":\"it-IT\"},{\"@type\":\"WebPage\",\"@id\":\"https:\\\/\\\/www.iemj.org\\\/it\\\/publication-de-3-nouvelles-oeuvres-du-compositeur-serge-kaufmann\\\/\",\"url\":\"https:\\\/\\\/www.iemj.org\\\/it\\\/publication-de-3-nouvelles-oeuvres-du-compositeur-serge-kaufmann\\\/\",\"name\":\"Pubblicazione di 3 nuove opere del compositore Serge Kaufmann - Institut Europ\u00e9en des Musiques Juives\",\"isPartOf\":{\"@id\":\"https:\\\/\\\/www.iemj.org\\\/it\\\/#website\"},\"primaryImageOfPage\":{\"@id\":\"https:\\\/\\\/www.iemj.org\\\/it\\\/publication-de-3-nouvelles-oeuvres-du-compositeur-serge-kaufmann\\\/#primaryimage\"},\"image\":{\"@id\":\"https:\\\/\\\/www.iemj.org\\\/it\\\/publication-de-3-nouvelles-oeuvres-du-compositeur-serge-kaufmann\\\/#primaryimage\"},\"thumbnailUrl\":\"https:\\\/\\\/www.iemj.org\\\/wp-content\\\/uploads\\\/2022\\\/11\\\/Logo-3-partitions-Kaufmann.jpg\",\"datePublished\":\"2022-11-29T09:52:42+00:00\",\"dateModified\":\"2025-04-16T13:29:27+00:00\",\"breadcrumb\":{\"@id\":\"https:\\\/\\\/www.iemj.org\\\/it\\\/publication-de-3-nouvelles-oeuvres-du-compositeur-serge-kaufmann\\\/#breadcrumb\"},\"inLanguage\":\"it-IT\",\"potentialAction\":[{\"@type\":\"ReadAction\",\"target\":[\"https:\\\/\\\/www.iemj.org\\\/it\\\/publication-de-3-nouvelles-oeuvres-du-compositeur-serge-kaufmann\\\/\"]}]},{\"@type\":\"ImageObject\",\"inLanguage\":\"it-IT\",\"@id\":\"https:\\\/\\\/www.iemj.org\\\/it\\\/publication-de-3-nouvelles-oeuvres-du-compositeur-serge-kaufmann\\\/#primaryimage\",\"url\":\"https:\\\/\\\/www.iemj.org\\\/wp-content\\\/uploads\\\/2022\\\/11\\\/Logo-3-partitions-Kaufmann.jpg\",\"contentUrl\":\"https:\\\/\\\/www.iemj.org\\\/wp-content\\\/uploads\\\/2022\\\/11\\\/Logo-3-partitions-Kaufmann.jpg\",\"width\":500,\"height\":500},{\"@type\":\"BreadcrumbList\",\"@id\":\"https:\\\/\\\/www.iemj.org\\\/it\\\/publication-de-3-nouvelles-oeuvres-du-compositeur-serge-kaufmann\\\/#breadcrumb\",\"itemListElement\":[{\"@type\":\"ListItem\",\"position\":1,\"name\":\"Accueil\",\"item\":\"https:\\\/\\\/www.iemj.org\\\/it\\\/\"},{\"@type\":\"ListItem\",\"position\":2,\"name\":\"Pubblicazione di 3 nuove opere del compositore Serge Kaufmann\"}]},{\"@type\":\"WebSite\",\"@id\":\"https:\\\/\\\/www.iemj.org\\\/it\\\/#website\",\"url\":\"https:\\\/\\\/www.iemj.org\\\/it\\\/\",\"name\":\"Institut Europ\u00e9en des Musiques Juives\",\"description\":\"Des traditions musicales \u00e0 la port\u00e9e de tous\",\"publisher\":{\"@id\":\"https:\\\/\\\/www.iemj.org\\\/it\\\/#organization\"},\"potentialAction\":[{\"@type\":\"SearchAction\",\"target\":{\"@type\":\"EntryPoint\",\"urlTemplate\":\"https:\\\/\\\/www.iemj.org\\\/it\\\/?s={search_term_string}\"},\"query-input\":{\"@type\":\"PropertyValueSpecification\",\"valueRequired\":true,\"valueName\":\"search_term_string\"}}],\"inLanguage\":\"it-IT\"},{\"@type\":\"Organization\",\"@id\":\"https:\\\/\\\/www.iemj.org\\\/it\\\/#organization\",\"name\":\"Institut Europ\u00e9en des Musiques Juives\",\"url\":\"https:\\\/\\\/www.iemj.org\\\/it\\\/\",\"logo\":{\"@type\":\"ImageObject\",\"inLanguage\":\"it-IT\",\"@id\":\"https:\\\/\\\/www.iemj.org\\\/it\\\/#\\\/schema\\\/logo\\\/image\\\/\",\"url\":\"https:\\\/\\\/www.iemj.org\\\/wp-content\\\/uploads\\\/2021\\\/09\\\/Logo-IEMJ-Paypal.jpg\",\"contentUrl\":\"https:\\\/\\\/www.iemj.org\\\/wp-content\\\/uploads\\\/2021\\\/09\\\/Logo-IEMJ-Paypal.jpg\",\"width\":150,\"height\":50,\"caption\":\"Institut Europ\u00e9en des Musiques Juives\"},\"image\":{\"@id\":\"https:\\\/\\\/www.iemj.org\\\/it\\\/#\\\/schema\\\/logo\\\/image\\\/\"},\"sameAs\":[\"https:\\\/\\\/www.facebook.com\\\/MusiquesJuives\\\/\",\"https:\\\/\\\/www.instagram.com\\\/musiquesjuives\\\/\",\"https:\\\/\\\/www.youtube.com\\\/user\\\/musiquesjuives\"]},{\"@type\":\"Person\",\"@id\":\"https:\\\/\\\/www.iemj.org\\\/it\\\/#\\\/schema\\\/person\\\/358e26c18aca017fcc4cc15437f7279c\",\"name\":\"Jacqueline ROTEN\",\"image\":{\"@type\":\"ImageObject\",\"inLanguage\":\"it-IT\",\"@id\":\"https:\\\/\\\/secure.gravatar.com\\\/avatar\\\/5964256d6c6957de3a3505278957e0fb2a35119ac47ea41827a65301213c810b?s=96&d=mm&r=g\",\"url\":\"https:\\\/\\\/secure.gravatar.com\\\/avatar\\\/5964256d6c6957de3a3505278957e0fb2a35119ac47ea41827a65301213c810b?s=96&d=mm&r=g\",\"contentUrl\":\"https:\\\/\\\/secure.gravatar.com\\\/avatar\\\/5964256d6c6957de3a3505278957e0fb2a35119ac47ea41827a65301213c810b?s=96&d=mm&r=g\",\"caption\":\"Jacqueline ROTEN\"}}]}<\/script>\n<!-- \/ Yoast SEO plugin. -->","yoast_head_json":{"title":"Pubblicazione di 3 nuove opere del compositore Serge Kaufmann - Institut Europ\u00e9en des Musiques Juives","robots":{"index":"index","follow":"follow","max-snippet":"max-snippet:-1","max-image-preview":"max-image-preview:large","max-video-preview":"max-video-preview:-1"},"canonical":"https:\/\/www.iemj.org\/it\/publication-de-3-nouvelles-oeuvres-du-compositeur-serge-kaufmann\/","og_locale":"it_IT","og_type":"article","og_title":"Pubblicazione di 3 nuove opere del compositore Serge Kaufmann - Institut Europ\u00e9en des Musiques Juives","og_description":"Le Edizioni dell&#8217;IEMJ sono liete di annunciare la pubblicazione di tre nuovi spartiti di Serge Kaufmann: Ima ou la M\u00e8re d\u00e9poss\u00e9d\u00e9e, Cantata per mezzosoprano solo, recitante, coro misto, pianoforte, clarinetto,","og_url":"https:\/\/www.iemj.org\/it\/publication-de-3-nouvelles-oeuvres-du-compositeur-serge-kaufmann\/","og_site_name":"Institut Europ\u00e9en des Musiques Juives","article_publisher":"https:\/\/www.facebook.com\/MusiquesJuives\/","article_published_time":"2022-11-29T09:52:42+00:00","article_modified_time":"2025-04-16T13:29:27+00:00","og_image":[{"width":500,"height":500,"url":"https:\/\/www.iemj.org\/wp-content\/uploads\/2022\/11\/Logo-3-partitions-Kaufmann.jpg","type":"image\/jpeg"}],"author":"Jacqueline ROTEN","twitter_card":"summary_large_image","twitter_misc":{"Scritto da":"Jacqueline ROTEN","Tempo di lettura stimato":"4 minuti"},"schema":{"@context":"https:\/\/schema.org","@graph":[{"@type":"Article","@id":"https:\/\/www.iemj.org\/it\/publication-de-3-nouvelles-oeuvres-du-compositeur-serge-kaufmann\/#article","isPartOf":{"@id":"https:\/\/www.iemj.org\/it\/publication-de-3-nouvelles-oeuvres-du-compositeur-serge-kaufmann\/"},"author":{"name":"Jacqueline ROTEN","@id":"https:\/\/www.iemj.org\/it\/#\/schema\/person\/358e26c18aca017fcc4cc15437f7279c"},"headline":"Pubblicazione di 3 nuove opere del compositore Serge Kaufmann","datePublished":"2022-11-29T09:52:42+00:00","dateModified":"2025-04-16T13:29:27+00:00","mainEntityOfPage":{"@id":"https:\/\/www.iemj.org\/it\/publication-de-3-nouvelles-oeuvres-du-compositeur-serge-kaufmann\/"},"wordCount":579,"publisher":{"@id":"https:\/\/www.iemj.org\/it\/#organization"},"image":{"@id":"https:\/\/www.iemj.org\/it\/publication-de-3-nouvelles-oeuvres-du-compositeur-serge-kaufmann\/#primaryimage"},"thumbnailUrl":"https:\/\/www.iemj.org\/wp-content\/uploads\/2022\/11\/Logo-3-partitions-Kaufmann.jpg","articleSection":["Pubblicazioni","Spartiti IEMJ"],"inLanguage":"it-IT"},{"@type":"WebPage","@id":"https:\/\/www.iemj.org\/it\/publication-de-3-nouvelles-oeuvres-du-compositeur-serge-kaufmann\/","url":"https:\/\/www.iemj.org\/it\/publication-de-3-nouvelles-oeuvres-du-compositeur-serge-kaufmann\/","name":"Pubblicazione di 3 nuove opere del compositore Serge Kaufmann - Institut Europ\u00e9en des Musiques Juives","isPartOf":{"@id":"https:\/\/www.iemj.org\/it\/#website"},"primaryImageOfPage":{"@id":"https:\/\/www.iemj.org\/it\/publication-de-3-nouvelles-oeuvres-du-compositeur-serge-kaufmann\/#primaryimage"},"image":{"@id":"https:\/\/www.iemj.org\/it\/publication-de-3-nouvelles-oeuvres-du-compositeur-serge-kaufmann\/#primaryimage"},"thumbnailUrl":"https:\/\/www.iemj.org\/wp-content\/uploads\/2022\/11\/Logo-3-partitions-Kaufmann.jpg","datePublished":"2022-11-29T09:52:42+00:00","dateModified":"2025-04-16T13:29:27+00:00","breadcrumb":{"@id":"https:\/\/www.iemj.org\/it\/publication-de-3-nouvelles-oeuvres-du-compositeur-serge-kaufmann\/#breadcrumb"},"inLanguage":"it-IT","potentialAction":[{"@type":"ReadAction","target":["https:\/\/www.iemj.org\/it\/publication-de-3-nouvelles-oeuvres-du-compositeur-serge-kaufmann\/"]}]},{"@type":"ImageObject","inLanguage":"it-IT","@id":"https:\/\/www.iemj.org\/it\/publication-de-3-nouvelles-oeuvres-du-compositeur-serge-kaufmann\/#primaryimage","url":"https:\/\/www.iemj.org\/wp-content\/uploads\/2022\/11\/Logo-3-partitions-Kaufmann.jpg","contentUrl":"https:\/\/www.iemj.org\/wp-content\/uploads\/2022\/11\/Logo-3-partitions-Kaufmann.jpg","width":500,"height":500},{"@type":"BreadcrumbList","@id":"https:\/\/www.iemj.org\/it\/publication-de-3-nouvelles-oeuvres-du-compositeur-serge-kaufmann\/#breadcrumb","itemListElement":[{"@type":"ListItem","position":1,"name":"Accueil","item":"https:\/\/www.iemj.org\/it\/"},{"@type":"ListItem","position":2,"name":"Pubblicazione di 3 nuove opere del compositore Serge Kaufmann"}]},{"@type":"WebSite","@id":"https:\/\/www.iemj.org\/it\/#website","url":"https:\/\/www.iemj.org\/it\/","name":"Institut Europ\u00e9en des Musiques Juives","description":"Des traditions musicales \u00e0 la port\u00e9e de tous","publisher":{"@id":"https:\/\/www.iemj.org\/it\/#organization"},"potentialAction":[{"@type":"SearchAction","target":{"@type":"EntryPoint","urlTemplate":"https:\/\/www.iemj.org\/it\/?s={search_term_string}"},"query-input":{"@type":"PropertyValueSpecification","valueRequired":true,"valueName":"search_term_string"}}],"inLanguage":"it-IT"},{"@type":"Organization","@id":"https:\/\/www.iemj.org\/it\/#organization","name":"Institut Europ\u00e9en des Musiques Juives","url":"https:\/\/www.iemj.org\/it\/","logo":{"@type":"ImageObject","inLanguage":"it-IT","@id":"https:\/\/www.iemj.org\/it\/#\/schema\/logo\/image\/","url":"https:\/\/www.iemj.org\/wp-content\/uploads\/2021\/09\/Logo-IEMJ-Paypal.jpg","contentUrl":"https:\/\/www.iemj.org\/wp-content\/uploads\/2021\/09\/Logo-IEMJ-Paypal.jpg","width":150,"height":50,"caption":"Institut Europ\u00e9en des Musiques Juives"},"image":{"@id":"https:\/\/www.iemj.org\/it\/#\/schema\/logo\/image\/"},"sameAs":["https:\/\/www.facebook.com\/MusiquesJuives\/","https:\/\/www.instagram.com\/musiquesjuives\/","https:\/\/www.youtube.com\/user\/musiquesjuives"]},{"@type":"Person","@id":"https:\/\/www.iemj.org\/it\/#\/schema\/person\/358e26c18aca017fcc4cc15437f7279c","name":"Jacqueline ROTEN","image":{"@type":"ImageObject","inLanguage":"it-IT","@id":"https:\/\/secure.gravatar.com\/avatar\/5964256d6c6957de3a3505278957e0fb2a35119ac47ea41827a65301213c810b?s=96&d=mm&r=g","url":"https:\/\/secure.gravatar.com\/avatar\/5964256d6c6957de3a3505278957e0fb2a35119ac47ea41827a65301213c810b?s=96&d=mm&r=g","contentUrl":"https:\/\/secure.gravatar.com\/avatar\/5964256d6c6957de3a3505278957e0fb2a35119ac47ea41827a65301213c810b?s=96&d=mm&r=g","caption":"Jacqueline ROTEN"}}]}},"_links":{"self":[{"href":"https:\/\/www.iemj.org\/it\/wp-json\/wp\/v2\/posts\/90501","targetHints":{"allow":["GET"]}}],"collection":[{"href":"https:\/\/www.iemj.org\/it\/wp-json\/wp\/v2\/posts"}],"about":[{"href":"https:\/\/www.iemj.org\/it\/wp-json\/wp\/v2\/types\/post"}],"author":[{"embeddable":true,"href":"https:\/\/www.iemj.org\/it\/wp-json\/wp\/v2\/users\/5"}],"replies":[{"embeddable":true,"href":"https:\/\/www.iemj.org\/it\/wp-json\/wp\/v2\/comments?post=90501"}],"version-history":[{"count":0,"href":"https:\/\/www.iemj.org\/it\/wp-json\/wp\/v2\/posts\/90501\/revisions"}],"wp:featuredmedia":[{"embeddable":true,"href":"https:\/\/www.iemj.org\/it\/wp-json\/wp\/v2\/media\/90444"}],"wp:attachment":[{"href":"https:\/\/www.iemj.org\/it\/wp-json\/wp\/v2\/media?parent=90501"}],"wp:term":[{"taxonomy":"category","embeddable":true,"href":"https:\/\/www.iemj.org\/it\/wp-json\/wp\/v2\/categories?post=90501"},{"taxonomy":"post_tag","embeddable":true,"href":"https:\/\/www.iemj.org\/it\/wp-json\/wp\/v2\/tags?post=90501"},{"taxonomy":"technique","embeddable":true,"href":"https:\/\/www.iemj.org\/it\/wp-json\/wp\/v2\/technique?post=90501"},{"taxonomy":"squelettes","embeddable":true,"href":"https:\/\/www.iemj.org\/it\/wp-json\/wp\/v2\/squelettes?post=90501"},{"taxonomy":"sujet","embeddable":true,"href":"https:\/\/www.iemj.org\/it\/wp-json\/wp\/v2\/sujet?post=90501"},{"taxonomy":"formation","embeddable":true,"href":"https:\/\/www.iemj.org\/it\/wp-json\/wp\/v2\/formation?post=90501"},{"taxonomy":"genre","embeddable":true,"href":"https:\/\/www.iemj.org\/it\/wp-json\/wp\/v2\/genre?post=90501"},{"taxonomy":"fonds","embeddable":true,"href":"https:\/\/www.iemj.org\/it\/wp-json\/wp\/v2\/fonds?post=90501"},{"taxonomy":"tradition","embeddable":true,"href":"https:\/\/www.iemj.org\/it\/wp-json\/wp\/v2\/tradition?post=90501"},{"taxonomy":"type-de-contenu","embeddable":true,"href":"https:\/\/www.iemj.org\/it\/wp-json\/wp\/v2\/type-de-contenu?post=90501"},{"taxonomy":"interprete-compositeur","embeddable":true,"href":"https:\/\/www.iemj.org\/it\/wp-json\/wp\/v2\/interprete-compositeur?post=90501"},{"taxonomy":"frise","embeddable":true,"href":"https:\/\/www.iemj.org\/it\/wp-json\/wp\/v2\/frise?post=90501"},{"taxonomy":"type-devenement","embeddable":true,"href":"https:\/\/www.iemj.org\/it\/wp-json\/wp\/v2\/type-devenement?post=90501"},{"taxonomy":"tableaux-liens-externes","embeddable":true,"href":"https:\/\/www.iemj.org\/it\/wp-json\/wp\/v2\/tableaux-liens-externes?post=90501"}],"curies":[{"name":"wp","href":"https:\/\/api.w.org\/{rel}","templated":true}]}}