{"id":90702,"date":"2016-09-07T11:38:50","date_gmt":"2016-09-07T09:38:50","guid":{"rendered":"https:\/\/www.iemj.org\/musique-savante-2eme-partie\/"},"modified":"2025-05-27T17:56:14","modified_gmt":"2025-05-27T15:56:14","slug":"musique-savante-2eme-partie","status":"publish","type":"post","link":"https:\/\/www.iemj.org\/it\/musique-savante-2eme-partie\/","title":{"rendered":"Musica erudita parte 2"},"content":{"rendered":"<p><strong>Dal periodo barocco ai giorni nostri, molti compositori ebrei hanno scritto opere, a volte ispirate all\u2019ebraismo e a volte in linea con i loro tempi.<\/strong><\/p>\n<p><strong>Vi proponiamo una selezione delle opere di compositori come <a href=\"https:\/\/www.iemj.org\/it\/hahn-reynaldo-1874-1947\/\" target=\"_blank\" rel=\"noopener\">Reynaldo Hahn<\/a>,\u00a0<a href=\"https:\/\/www.iemj.org\/it\/halphen-fernand-1872-1917\/\" target=\"_blank\" rel=\"noopener\">Fernand Halphen<\/a>,\u00a0<a href=\"https:\/\/www.iemj.org\/it\/kaufmann-serge-1930\/\" target=\"_blank\" rel=\"noopener\">Serge Kaufmann<\/a>, Frank Pelleg, Mendi Rodan, Ami Maayani,\u00a0 Mark Kopytman, Jacob Gilboa e Moshe Kilon.<\/strong><\/p>\n<p><!--more--><\/p>\n<p><a href=\"https:\/\/www.iemj.org\/it\/musique-savante-1\/\" target=\"_blank\" rel=\"noopener\">Ascolta la playlist Musica erudita 1<\/a><\/p>\n<ul>\n<li><a href=\"https:\/\/www.iemj.org\/en\/?search_type=product&amp;s=Fernand+Halphen&amp;submit=Search\" target=\"_blank\" rel=\"noopener\">Consultare ed ordinare gli spartiti ed il disco di Fernand Halphen<\/a><\/li>\n<li><a href=\"https:\/\/www.iemj.org\/en\/?search_type=product&amp;s=Serge+Kaufmann&amp;submit=Search\" target=\"_blank\" rel=\"noopener\">Consultare ed ordinare gli spartiti ed il disco di Serge Kaufmann<\/a><\/li>\n<li><a href=\"https:\/\/www.iemj.org\/en\/?search_type=product&amp;s=Alberto+Hemsi&amp;submit=Search\" target=\"_blank\" rel=\"noopener\">Consultare ed ordinare gli spartiti ed il disco di Alberto Hemsi<\/a><\/li>\n<li><a href=\"https:\/\/www.iemj.org\/it\/produit\/reynaldo-hahn-petit-nocturne-pour-violon-et-piano-printed-score\/\" target=\"_blank\" rel=\"noopener\">Consultare ed ordinare il <em>Petit nocturne pour violon et piano<\/em> di Reynaldo Hahn<\/a><\/li>\n<li><a href=\"https:\/\/www.iemj.org\/charles-valentin-alkan-de-la-foi-juive-a-la-modernite\/\" target=\"_blank\" rel=\"noopener\">Ascoltarel\u2019emissione radiofonica : Charles-Valentin Alkan, dalla fede ebraica alla modernit<\/a><u>\u00e0<\/u><\/li>\n<li><a href=\"https:\/\/www.iemj.org\/serge-kaufmann-un-compositeur-en-quete-de-ses-racines\/\" target=\"_blank\" rel=\"noopener\">Ascoltare l\u2019emissione radiofonica : Serge Kaufmann, un compositore alla ricerca delle sue radici<\/a><\/li>\n<\/ul>\n<p><span style=\"font-size: medium;\"><a href=\" http:\/\/boutique.iemj.org\/fr\/recherche?controller=search&amp;orderby=position&amp;orderway=desc&amp;search_query=halphen&amp;submit_search=\"><img fetchpriority=\"high\" decoding=\"async\" class=\"wp-image-11506 aligncenter\" src=\"https:\/\/www.iemj.org\/wp-content\/uploads\/2016\/09\/doc_musique_classique_2500px80.jpg\" alt=\"doc_musique_classique_2500px80.jpg\" width=\"624\" height=\"375\" align=\"middle\" srcset=\"https:\/\/www.iemj.org\/wp-content\/uploads\/2016\/09\/doc_musique_classique_2500px80.jpg 400w, https:\/\/www.iemj.org\/wp-content\/uploads\/2016\/09\/doc_musique_classique_2500px80-300x180.jpg 300w\" sizes=\"(max-width: 624px) 100vw, 624px\" \/><\/a><\/span><\/p>\n\n\n<figure class=\"wp-block-image is-resized\"><a href=\" http:\/\/boutique.iemj.org\/fr\/recherche?controller=search&amp;orderby=position&amp;orderway=desc&amp;search_query=halphen&amp;submit_search=\"><img decoding=\"async\" width=\"300\" height=\"39\" src=\"https:\/\/www.iemj.org\/wp-content\/uploads\/2024\/03\/AUDIO-PLAYER-300x39.png\" alt=\"\" class=\"wp-image-110609\" style=\"width:663px;height:auto\" srcset=\"https:\/\/www.iemj.org\/wp-content\/uploads\/2024\/03\/AUDIO-PLAYER-300x39.png 300w, https:\/\/www.iemj.org\/wp-content\/uploads\/2024\/03\/AUDIO-PLAYER-1024x133.png 1024w, https:\/\/www.iemj.org\/wp-content\/uploads\/2024\/03\/AUDIO-PLAYER-768x100.png 768w, https:\/\/www.iemj.org\/wp-content\/uploads\/2024\/03\/AUDIO-PLAYER-600x78.png 600w, https:\/\/www.iemj.org\/wp-content\/uploads\/2024\/03\/AUDIO-PLAYER.png 1210w\" sizes=\"(max-width: 300px) 100vw, 300px\" \/><\/a><\/figure>\n\n\n\n<div class=\"wp-block-file\"><a id=\"wp-block-file--media-04a4c2e3-98d4-4df8-8cad-1fa58da88467\" href=\"https:\/\/www.iemj.org\/wp-content\/uploads\/2016\/09\/capriccio_for_piano_ram_da-oz_extrait_-_frank_pelleg.mp3\">Capriccio for piano  Ram Da-Oz (Extrait) &#8211; Frank PELLEG<\/a><\/div>\n\n\n\n<div class=\"wp-block-file\"><a id=\"wp-block-file--media-6ad984f8-4e63-4c34-b925-441fb19c4946\" href=\"https:\/\/www.iemj.org\/wp-content\/uploads\/2016\/09\/concerto_pour_violon_orchestre_i_extrait_-_mendi_rodan.mp3\">Concerto pour violon &amp; orchestre I (Extrait) &#8211;  Mendi RODAN<\/a><\/div>\n\n\n\n<div class=\"wp-block-file\"><a id=\"wp-block-file--media-1ec0b739-2e26-4db1-829c-df6769466ddc\" href=\"https:\/\/www.iemj.org\/wp-content\/uploads\/2016\/09\/impromptu_no_1_pour_piano_extrait_-_ami_maayani.mp3\">Impromptu n\u00b0 1 pour Piano (Extrait) &#8211; Ami MAAYANI<\/a><\/div>\n\n\n\n<div class=\"wp-block-file\"><a id=\"wp-block-file--media-e488ab43-7c6b-4a92-86c0-de1f3d841cf8\" href=\"https:\/\/www.iemj.org\/wp-content\/uploads\/2016\/09\/lamentation_extrait_-_mark_kopytman.mp3\">Lamentation (Extrait) &#8211; Mark KOPYTMAN<\/a><\/div>\n\n\n\n<div class=\"wp-block-file\"><a id=\"wp-block-file--media-6d068120-c96a-4a2f-b8aa-b795daa025c9\" href=\"https:\/\/www.iemj.org\/wp-content\/uploads\/2016\/09\/lento_calmo_extrait_-_kaminsky_quartet.mp3\">Lento Calmo (Extrait) &#8211; Kaminsky Quartet<\/a><\/div>\n\n\n\n<div class=\"wp-block-file\"><a id=\"wp-block-file--media-95468a4d-3588-4b61-ab87-c8bd339624a6\" href=\"https:\/\/www.iemj.org\/wp-content\/uploads\/2016\/09\/neshama_-_serge_kaufmann.mp3\">Neshama &#8211; Serge KAUFMANN<\/a><\/div>\n\n\n\n<div class=\"wp-block-file\"><a id=\"wp-block-file--media-a47b367e-f97d-421c-b4ac-8aed57cc8be3\" href=\"https:\/\/www.iemj.org\/wp-content\/uploads\/2016\/09\/romance_en_mi_majeur_-_fernand_halphen.mp3\">Romance En Mi Majeur &#8211; Fernand HALPHEN<\/a><\/div>\n\n\n\n<div class=\"wp-block-file\"><a id=\"wp-block-file--media-00c6558e-6e66-45ac-971b-9278533199ab\" href=\"https:\/\/www.iemj.org\/wp-content\/uploads\/2016\/09\/the_beth_alpha_mosaic_-_jacob_gilboa-2.mp3\">The Beth Alpha Mosaic &#8211; Jacob GILBOA<\/a><\/div>\n\n\n\n<div class=\"wp-block-file\"><a id=\"wp-block-file--media-1a71084f-267d-47c3-bce1-d1e47a4a6c13\" href=\"https:\/\/www.iemj.org\/wp-content\/uploads\/2016\/09\/triptich_extrait_-_moshe_kilon.mp3\">Triptich (Extrait) &#8211; Moshe KILON<\/a><\/div>\n\n\n\n<div class=\"wp-block-file\"><a id=\"wp-block-file--media-f214489b-3e03-4e55-a602-82f897b47072\" href=\"https:\/\/www.iemj.org\/wp-content\/uploads\/2016\/09\/trois_mouvements_pour_flute_solo_extrait_-_yenezkiel_braun.mp3\">Trois Mouvements pour fl\u00fbte solo (Extrait)- Y\u00e9nezkiel BRAUN<\/a><\/div>\n\n\n\n<div class=\"wp-block-file\"><a id=\"wp-block-file--media-ed71f1f0-0275-4d4c-9db0-4172cce2f5b6\" href=\"https:\/\/www.iemj.org\/wp-content\/uploads\/2016\/09\/les_jeunes_lauriers_extrait_-_reynaldo_hahn.mp3\">Les jeunes lauriers (Extrait) &#8211; Reynaldo HAHN<\/a><\/div>\n","protected":false},"excerpt":{"rendered":"<p>Dal periodo barocco ai giorni nostri, molti compositori ebrei hanno scritto opere, a volte ispirate all\u2019ebraismo e a volte in linea con i loro tempi. Vi proponiamo una selezione delle<\/p>\n","protected":false},"author":1052,"featured_media":90703,"comment_status":"closed","ping_status":"open","sticky":false,"template":"","format":"standard","meta":{"_acf_changed":false,"footnotes":""},"categories":[1536],"tags":[],"technique":[],"squelettes":[],"sujet":[],"formation":[],"genre":[1901],"fonds":[],"tradition":[],"type-de-contenu":[],"interprete-compositeur":[3082,3086,3114,3160,3229],"frise":[],"type-devenement":[],"tableaux-liens-externes":[],"class_list":["post-90702","post","type-post","status-publish","format-standard","has-post-thumbnail","hentry","category-playlist-it","genre-musica-classica-it","interprete-compositeur-alberto-hemsi-it","interprete-compositeur-alexandre-tansman-it","interprete-compositeur-charles-valentin-alkan-it","interprete-compositeur-fernand-halphen-it","interprete-compositeur-kurt-weill-it-2"],"acf":[],"yoast_head":"<!-- This site is optimized with the Yoast SEO plugin v27.3 - https:\/\/yoast.com\/product\/yoast-seo-wordpress\/ -->\n<title>Musica erudita parte 2 - Institut Europ\u00e9en des Musiques Juives<\/title>\n<meta name=\"robots\" content=\"index, follow, max-snippet:-1, max-image-preview:large, max-video-preview:-1\" \/>\n<link rel=\"canonical\" href=\"https:\/\/www.iemj.org\/it\/musique-savante-2eme-partie\/\" \/>\n<meta property=\"og:locale\" content=\"it_IT\" \/>\n<meta property=\"og:type\" content=\"article\" \/>\n<meta property=\"og:title\" content=\"Musica erudita parte 2 - Institut Europ\u00e9en des Musiques Juives\" \/>\n<meta property=\"og:description\" content=\"Dal periodo barocco ai giorni nostri, molti compositori ebrei hanno scritto opere, a volte ispirate all\u2019ebraismo e a volte in linea con i loro tempi. Vi proponiamo una selezione delle\" \/>\n<meta property=\"og:url\" content=\"https:\/\/www.iemj.org\/it\/musique-savante-2eme-partie\/\" \/>\n<meta property=\"og:site_name\" content=\"Institut Europ\u00e9en des Musiques Juives\" \/>\n<meta property=\"article:publisher\" content=\"https:\/\/www.facebook.com\/MusiquesJuives\/\" \/>\n<meta property=\"article:published_time\" content=\"2016-09-07T09:38:50+00:00\" \/>\n<meta property=\"article:modified_time\" content=\"2025-05-27T15:56:14+00:00\" \/>\n<meta property=\"og:image\" content=\"https:\/\/www.iemj.org\/wp-content\/uploads\/2016\/09\/arton1832.jpg\" \/>\n\t<meta property=\"og:image:width\" content=\"500\" \/>\n\t<meta property=\"og:image:height\" content=\"311\" \/>\n\t<meta property=\"og:image:type\" content=\"image\/jpeg\" \/>\n<meta name=\"author\" content=\"Lea Couderc\" \/>\n<meta name=\"twitter:card\" content=\"summary_large_image\" \/>\n<meta name=\"twitter:label1\" content=\"Scritto da\" \/>\n\t<meta name=\"twitter:data1\" content=\"Lea Couderc\" \/>\n\t<meta name=\"twitter:label2\" content=\"Tempo di lettura stimato\" \/>\n\t<meta name=\"twitter:data2\" content=\"2 minuti\" \/>\n<script type=\"application\/ld+json\" class=\"yoast-schema-graph\">{\"@context\":\"https:\\\/\\\/schema.org\",\"@graph\":[{\"@type\":\"Article\",\"@id\":\"https:\\\/\\\/www.iemj.org\\\/it\\\/musique-savante-2eme-partie\\\/#article\",\"isPartOf\":{\"@id\":\"https:\\\/\\\/www.iemj.org\\\/it\\\/musique-savante-2eme-partie\\\/\"},\"author\":{\"name\":\"Lea Couderc\",\"@id\":\"https:\\\/\\\/www.iemj.org\\\/it\\\/#\\\/schema\\\/person\\\/e2ad57f2c4be119c7ed8ab79036807a9\"},\"headline\":\"Musica erudita parte 2\",\"datePublished\":\"2016-09-07T09:38:50+00:00\",\"dateModified\":\"2025-05-27T15:56:14+00:00\",\"mainEntityOfPage\":{\"@id\":\"https:\\\/\\\/www.iemj.org\\\/it\\\/musique-savante-2eme-partie\\\/\"},\"wordCount\":210,\"publisher\":{\"@id\":\"https:\\\/\\\/www.iemj.org\\\/it\\\/#organization\"},\"image\":{\"@id\":\"https:\\\/\\\/www.iemj.org\\\/it\\\/musique-savante-2eme-partie\\\/#primaryimage\"},\"thumbnailUrl\":\"https:\\\/\\\/www.iemj.org\\\/wp-content\\\/uploads\\\/2016\\\/09\\\/arton1832.jpg\",\"articleSection\":[\"Playlist\"],\"inLanguage\":\"it-IT\"},{\"@type\":\"WebPage\",\"@id\":\"https:\\\/\\\/www.iemj.org\\\/it\\\/musique-savante-2eme-partie\\\/\",\"url\":\"https:\\\/\\\/www.iemj.org\\\/it\\\/musique-savante-2eme-partie\\\/\",\"name\":\"Musica erudita parte 2 - Institut Europ\u00e9en des Musiques Juives\",\"isPartOf\":{\"@id\":\"https:\\\/\\\/www.iemj.org\\\/it\\\/#website\"},\"primaryImageOfPage\":{\"@id\":\"https:\\\/\\\/www.iemj.org\\\/it\\\/musique-savante-2eme-partie\\\/#primaryimage\"},\"image\":{\"@id\":\"https:\\\/\\\/www.iemj.org\\\/it\\\/musique-savante-2eme-partie\\\/#primaryimage\"},\"thumbnailUrl\":\"https:\\\/\\\/www.iemj.org\\\/wp-content\\\/uploads\\\/2016\\\/09\\\/arton1832.jpg\",\"datePublished\":\"2016-09-07T09:38:50+00:00\",\"dateModified\":\"2025-05-27T15:56:14+00:00\",\"breadcrumb\":{\"@id\":\"https:\\\/\\\/www.iemj.org\\\/it\\\/musique-savante-2eme-partie\\\/#breadcrumb\"},\"inLanguage\":\"it-IT\",\"potentialAction\":[{\"@type\":\"ReadAction\",\"target\":[\"https:\\\/\\\/www.iemj.org\\\/it\\\/musique-savante-2eme-partie\\\/\"]}]},{\"@type\":\"ImageObject\",\"inLanguage\":\"it-IT\",\"@id\":\"https:\\\/\\\/www.iemj.org\\\/it\\\/musique-savante-2eme-partie\\\/#primaryimage\",\"url\":\"https:\\\/\\\/www.iemj.org\\\/wp-content\\\/uploads\\\/2016\\\/09\\\/arton1832.jpg\",\"contentUrl\":\"https:\\\/\\\/www.iemj.org\\\/wp-content\\\/uploads\\\/2016\\\/09\\\/arton1832.jpg\",\"width\":500,\"height\":311},{\"@type\":\"BreadcrumbList\",\"@id\":\"https:\\\/\\\/www.iemj.org\\\/it\\\/musique-savante-2eme-partie\\\/#breadcrumb\",\"itemListElement\":[{\"@type\":\"ListItem\",\"position\":1,\"name\":\"Accueil\",\"item\":\"https:\\\/\\\/www.iemj.org\\\/it\\\/\"},{\"@type\":\"ListItem\",\"position\":2,\"name\":\"Musica erudita parte 2\"}]},{\"@type\":\"WebSite\",\"@id\":\"https:\\\/\\\/www.iemj.org\\\/it\\\/#website\",\"url\":\"https:\\\/\\\/www.iemj.org\\\/it\\\/\",\"name\":\"Institut Europ\u00e9en des Musiques Juives\",\"description\":\"Des traditions musicales \u00e0 la port\u00e9e de tous\",\"publisher\":{\"@id\":\"https:\\\/\\\/www.iemj.org\\\/it\\\/#organization\"},\"potentialAction\":[{\"@type\":\"SearchAction\",\"target\":{\"@type\":\"EntryPoint\",\"urlTemplate\":\"https:\\\/\\\/www.iemj.org\\\/it\\\/?s={search_term_string}\"},\"query-input\":{\"@type\":\"PropertyValueSpecification\",\"valueRequired\":true,\"valueName\":\"search_term_string\"}}],\"inLanguage\":\"it-IT\"},{\"@type\":\"Organization\",\"@id\":\"https:\\\/\\\/www.iemj.org\\\/it\\\/#organization\",\"name\":\"Institut Europ\u00e9en des Musiques Juives\",\"url\":\"https:\\\/\\\/www.iemj.org\\\/it\\\/\",\"logo\":{\"@type\":\"ImageObject\",\"inLanguage\":\"it-IT\",\"@id\":\"https:\\\/\\\/www.iemj.org\\\/it\\\/#\\\/schema\\\/logo\\\/image\\\/\",\"url\":\"https:\\\/\\\/www.iemj.org\\\/wp-content\\\/uploads\\\/2021\\\/09\\\/Logo-IEMJ-Paypal.jpg\",\"contentUrl\":\"https:\\\/\\\/www.iemj.org\\\/wp-content\\\/uploads\\\/2021\\\/09\\\/Logo-IEMJ-Paypal.jpg\",\"width\":150,\"height\":50,\"caption\":\"Institut Europ\u00e9en des Musiques Juives\"},\"image\":{\"@id\":\"https:\\\/\\\/www.iemj.org\\\/it\\\/#\\\/schema\\\/logo\\\/image\\\/\"},\"sameAs\":[\"https:\\\/\\\/www.facebook.com\\\/MusiquesJuives\\\/\",\"https:\\\/\\\/www.instagram.com\\\/musiquesjuives\\\/\",\"https:\\\/\\\/www.youtube.com\\\/user\\\/musiquesjuives\"]},{\"@type\":\"Person\",\"@id\":\"https:\\\/\\\/www.iemj.org\\\/it\\\/#\\\/schema\\\/person\\\/e2ad57f2c4be119c7ed8ab79036807a9\",\"name\":\"Lea Couderc\",\"image\":{\"@type\":\"ImageObject\",\"inLanguage\":\"it-IT\",\"@id\":\"https:\\\/\\\/secure.gravatar.com\\\/avatar\\\/46ee021475d60aeff17a7e490b79dea5a5684bb392ab7fd1494027411df8ba23?s=96&d=mm&r=g\",\"url\":\"https:\\\/\\\/secure.gravatar.com\\\/avatar\\\/46ee021475d60aeff17a7e490b79dea5a5684bb392ab7fd1494027411df8ba23?s=96&d=mm&r=g\",\"contentUrl\":\"https:\\\/\\\/secure.gravatar.com\\\/avatar\\\/46ee021475d60aeff17a7e490b79dea5a5684bb392ab7fd1494027411df8ba23?s=96&d=mm&r=g\",\"caption\":\"Lea Couderc\"}}]}<\/script>\n<!-- \/ Yoast SEO plugin. -->","yoast_head_json":{"title":"Musica erudita parte 2 - Institut Europ\u00e9en des Musiques Juives","robots":{"index":"index","follow":"follow","max-snippet":"max-snippet:-1","max-image-preview":"max-image-preview:large","max-video-preview":"max-video-preview:-1"},"canonical":"https:\/\/www.iemj.org\/it\/musique-savante-2eme-partie\/","og_locale":"it_IT","og_type":"article","og_title":"Musica erudita parte 2 - Institut Europ\u00e9en des Musiques Juives","og_description":"Dal periodo barocco ai giorni nostri, molti compositori ebrei hanno scritto opere, a volte ispirate all\u2019ebraismo e a volte in linea con i loro tempi. Vi proponiamo una selezione delle","og_url":"https:\/\/www.iemj.org\/it\/musique-savante-2eme-partie\/","og_site_name":"Institut Europ\u00e9en des Musiques Juives","article_publisher":"https:\/\/www.facebook.com\/MusiquesJuives\/","article_published_time":"2016-09-07T09:38:50+00:00","article_modified_time":"2025-05-27T15:56:14+00:00","og_image":[{"width":500,"height":311,"url":"https:\/\/www.iemj.org\/wp-content\/uploads\/2016\/09\/arton1832.jpg","type":"image\/jpeg"}],"author":"Lea Couderc","twitter_card":"summary_large_image","twitter_misc":{"Scritto da":"Lea Couderc","Tempo di lettura stimato":"2 minuti"},"schema":{"@context":"https:\/\/schema.org","@graph":[{"@type":"Article","@id":"https:\/\/www.iemj.org\/it\/musique-savante-2eme-partie\/#article","isPartOf":{"@id":"https:\/\/www.iemj.org\/it\/musique-savante-2eme-partie\/"},"author":{"name":"Lea Couderc","@id":"https:\/\/www.iemj.org\/it\/#\/schema\/person\/e2ad57f2c4be119c7ed8ab79036807a9"},"headline":"Musica erudita parte 2","datePublished":"2016-09-07T09:38:50+00:00","dateModified":"2025-05-27T15:56:14+00:00","mainEntityOfPage":{"@id":"https:\/\/www.iemj.org\/it\/musique-savante-2eme-partie\/"},"wordCount":210,"publisher":{"@id":"https:\/\/www.iemj.org\/it\/#organization"},"image":{"@id":"https:\/\/www.iemj.org\/it\/musique-savante-2eme-partie\/#primaryimage"},"thumbnailUrl":"https:\/\/www.iemj.org\/wp-content\/uploads\/2016\/09\/arton1832.jpg","articleSection":["Playlist"],"inLanguage":"it-IT"},{"@type":"WebPage","@id":"https:\/\/www.iemj.org\/it\/musique-savante-2eme-partie\/","url":"https:\/\/www.iemj.org\/it\/musique-savante-2eme-partie\/","name":"Musica erudita parte 2 - Institut Europ\u00e9en des Musiques Juives","isPartOf":{"@id":"https:\/\/www.iemj.org\/it\/#website"},"primaryImageOfPage":{"@id":"https:\/\/www.iemj.org\/it\/musique-savante-2eme-partie\/#primaryimage"},"image":{"@id":"https:\/\/www.iemj.org\/it\/musique-savante-2eme-partie\/#primaryimage"},"thumbnailUrl":"https:\/\/www.iemj.org\/wp-content\/uploads\/2016\/09\/arton1832.jpg","datePublished":"2016-09-07T09:38:50+00:00","dateModified":"2025-05-27T15:56:14+00:00","breadcrumb":{"@id":"https:\/\/www.iemj.org\/it\/musique-savante-2eme-partie\/#breadcrumb"},"inLanguage":"it-IT","potentialAction":[{"@type":"ReadAction","target":["https:\/\/www.iemj.org\/it\/musique-savante-2eme-partie\/"]}]},{"@type":"ImageObject","inLanguage":"it-IT","@id":"https:\/\/www.iemj.org\/it\/musique-savante-2eme-partie\/#primaryimage","url":"https:\/\/www.iemj.org\/wp-content\/uploads\/2016\/09\/arton1832.jpg","contentUrl":"https:\/\/www.iemj.org\/wp-content\/uploads\/2016\/09\/arton1832.jpg","width":500,"height":311},{"@type":"BreadcrumbList","@id":"https:\/\/www.iemj.org\/it\/musique-savante-2eme-partie\/#breadcrumb","itemListElement":[{"@type":"ListItem","position":1,"name":"Accueil","item":"https:\/\/www.iemj.org\/it\/"},{"@type":"ListItem","position":2,"name":"Musica erudita parte 2"}]},{"@type":"WebSite","@id":"https:\/\/www.iemj.org\/it\/#website","url":"https:\/\/www.iemj.org\/it\/","name":"Institut Europ\u00e9en des Musiques Juives","description":"Des traditions musicales \u00e0 la port\u00e9e de tous","publisher":{"@id":"https:\/\/www.iemj.org\/it\/#organization"},"potentialAction":[{"@type":"SearchAction","target":{"@type":"EntryPoint","urlTemplate":"https:\/\/www.iemj.org\/it\/?s={search_term_string}"},"query-input":{"@type":"PropertyValueSpecification","valueRequired":true,"valueName":"search_term_string"}}],"inLanguage":"it-IT"},{"@type":"Organization","@id":"https:\/\/www.iemj.org\/it\/#organization","name":"Institut Europ\u00e9en des Musiques Juives","url":"https:\/\/www.iemj.org\/it\/","logo":{"@type":"ImageObject","inLanguage":"it-IT","@id":"https:\/\/www.iemj.org\/it\/#\/schema\/logo\/image\/","url":"https:\/\/www.iemj.org\/wp-content\/uploads\/2021\/09\/Logo-IEMJ-Paypal.jpg","contentUrl":"https:\/\/www.iemj.org\/wp-content\/uploads\/2021\/09\/Logo-IEMJ-Paypal.jpg","width":150,"height":50,"caption":"Institut Europ\u00e9en des Musiques Juives"},"image":{"@id":"https:\/\/www.iemj.org\/it\/#\/schema\/logo\/image\/"},"sameAs":["https:\/\/www.facebook.com\/MusiquesJuives\/","https:\/\/www.instagram.com\/musiquesjuives\/","https:\/\/www.youtube.com\/user\/musiquesjuives"]},{"@type":"Person","@id":"https:\/\/www.iemj.org\/it\/#\/schema\/person\/e2ad57f2c4be119c7ed8ab79036807a9","name":"Lea Couderc","image":{"@type":"ImageObject","inLanguage":"it-IT","@id":"https:\/\/secure.gravatar.com\/avatar\/46ee021475d60aeff17a7e490b79dea5a5684bb392ab7fd1494027411df8ba23?s=96&d=mm&r=g","url":"https:\/\/secure.gravatar.com\/avatar\/46ee021475d60aeff17a7e490b79dea5a5684bb392ab7fd1494027411df8ba23?s=96&d=mm&r=g","contentUrl":"https:\/\/secure.gravatar.com\/avatar\/46ee021475d60aeff17a7e490b79dea5a5684bb392ab7fd1494027411df8ba23?s=96&d=mm&r=g","caption":"Lea Couderc"}}]}},"_links":{"self":[{"href":"https:\/\/www.iemj.org\/it\/wp-json\/wp\/v2\/posts\/90702","targetHints":{"allow":["GET"]}}],"collection":[{"href":"https:\/\/www.iemj.org\/it\/wp-json\/wp\/v2\/posts"}],"about":[{"href":"https:\/\/www.iemj.org\/it\/wp-json\/wp\/v2\/types\/post"}],"author":[{"embeddable":true,"href":"https:\/\/www.iemj.org\/it\/wp-json\/wp\/v2\/users\/1052"}],"replies":[{"embeddable":true,"href":"https:\/\/www.iemj.org\/it\/wp-json\/wp\/v2\/comments?post=90702"}],"version-history":[{"count":0,"href":"https:\/\/www.iemj.org\/it\/wp-json\/wp\/v2\/posts\/90702\/revisions"}],"wp:featuredmedia":[{"embeddable":true,"href":"https:\/\/www.iemj.org\/it\/wp-json\/wp\/v2\/media\/90703"}],"wp:attachment":[{"href":"https:\/\/www.iemj.org\/it\/wp-json\/wp\/v2\/media?parent=90702"}],"wp:term":[{"taxonomy":"category","embeddable":true,"href":"https:\/\/www.iemj.org\/it\/wp-json\/wp\/v2\/categories?post=90702"},{"taxonomy":"post_tag","embeddable":true,"href":"https:\/\/www.iemj.org\/it\/wp-json\/wp\/v2\/tags?post=90702"},{"taxonomy":"technique","embeddable":true,"href":"https:\/\/www.iemj.org\/it\/wp-json\/wp\/v2\/technique?post=90702"},{"taxonomy":"squelettes","embeddable":true,"href":"https:\/\/www.iemj.org\/it\/wp-json\/wp\/v2\/squelettes?post=90702"},{"taxonomy":"sujet","embeddable":true,"href":"https:\/\/www.iemj.org\/it\/wp-json\/wp\/v2\/sujet?post=90702"},{"taxonomy":"formation","embeddable":true,"href":"https:\/\/www.iemj.org\/it\/wp-json\/wp\/v2\/formation?post=90702"},{"taxonomy":"genre","embeddable":true,"href":"https:\/\/www.iemj.org\/it\/wp-json\/wp\/v2\/genre?post=90702"},{"taxonomy":"fonds","embeddable":true,"href":"https:\/\/www.iemj.org\/it\/wp-json\/wp\/v2\/fonds?post=90702"},{"taxonomy":"tradition","embeddable":true,"href":"https:\/\/www.iemj.org\/it\/wp-json\/wp\/v2\/tradition?post=90702"},{"taxonomy":"type-de-contenu","embeddable":true,"href":"https:\/\/www.iemj.org\/it\/wp-json\/wp\/v2\/type-de-contenu?post=90702"},{"taxonomy":"interprete-compositeur","embeddable":true,"href":"https:\/\/www.iemj.org\/it\/wp-json\/wp\/v2\/interprete-compositeur?post=90702"},{"taxonomy":"frise","embeddable":true,"href":"https:\/\/www.iemj.org\/it\/wp-json\/wp\/v2\/frise?post=90702"},{"taxonomy":"type-devenement","embeddable":true,"href":"https:\/\/www.iemj.org\/it\/wp-json\/wp\/v2\/type-devenement?post=90702"},{"taxonomy":"tableaux-liens-externes","embeddable":true,"href":"https:\/\/www.iemj.org\/it\/wp-json\/wp\/v2\/tableaux-liens-externes?post=90702"}],"curies":[{"name":"wp","href":"https:\/\/api.w.org\/{rel}","templated":true}]}}