{"id":90709,"date":"2016-03-30T16:25:35","date_gmt":"2016-03-30T14:25:35","guid":{"rendered":"https:\/\/www.iemj.org\/musiques-des-theatres-et-cabarets-yiddish-1\/"},"modified":"2025-05-27T11:00:16","modified_gmt":"2025-05-27T09:00:16","slug":"musiques-des-theatres-et-cabarets-yiddish-1","status":"publish","type":"post","link":"https:\/\/www.iemj.org\/it\/musiques-des-theatres-et-cabarets-yiddish-1\/","title":{"rendered":"<strong>Musiche dei teatri e cabaret yiddish 1<\/strong>"},"content":{"rendered":"<p><strong>Una panoramica delle numerose attivit\u00e0 culturali e musicali yiddish a Parigi, dall&#8217;inizio del XIX secolo<\/strong><\/p>\n<p><!--more--><\/p>\n<p>Per diversi decenni, caff\u00e8, teatri e cabaret, spesso effimeri, hanno fatto appello ad attori, cantanti e strumentisti, attirando una clientela prevalentemente di lingua yiddish.<\/p>\n<p>I cantanti interpretavano delle canzoni folcloristiche e delle parodie. Spesso andavano da un tavolo all&#8217;altro ed incoraggiavano il pubblico a ridere, cantare e ballare, diffondendo cos\u00ec lo spirito delle canzoni yiddish.<\/p>\n<\/p>\n<p><a href=\"https:\/\/www.iemj.org\/it\/musiques-des-theatres-et-cabarets-yiddish-2eme-partie\/\" target=\"_blank\" rel=\"noopener\"><u>Ascoltare la playlist Musiche dei teatri e cabaret yiddish 2a parte<\/u><\/a><\/p>\n<p><a href=\"https:\/\/www.iemj.org\/les-cabarets-yiddish-a-paris-de-1948-a-1970\/\" target=\"_blank\" rel=\"noopener\">Ascoltare il programma radiofonico I cabaret yiddish a Parigi, dal 1948 al 1970<\/a><\/p>\n<p><a href=\"https:\/\/www.iemj.org\/it\/produit\/casket-of-the-jewish-musics-in-paris-in-the-aftermath-of-ww-ii\/\" target=\"_blank\" rel=\"noopener\">Acquistare il cofanetto Musiche ebraiche nella Parigi del dopoguerra \u2013 Elesdisc 1948-1953<\/a><\/p>\n<p><img fetchpriority=\"high\" decoding=\"async\" class=\" aligncenter size-full wp-image-9911\" src=\"https:\/\/www.iemj.org\/wp-content\/uploads\/2016\/03\/doc_cabaret500px.jpg\" alt=\"doc_cabaret500px.jpg\" width=\"500\" height=\"270\" align=\"middle\" srcset=\"https:\/\/www.iemj.org\/wp-content\/uploads\/2016\/03\/doc_cabaret500px.jpg 500w, https:\/\/www.iemj.org\/wp-content\/uploads\/2016\/03\/doc_cabaret500px-300x162.jpg 300w\" sizes=\"(max-width: 500px) 100vw, 500px\" \/><\/p>\n\n<div class=\"wp-block-image\">\n<figure class=\"aligncenter size-large\"><img decoding=\"async\" width=\"1024\" height=\"133\" src=\"https:\/\/www.iemj.org\/wp-content\/uploads\/2024\/03\/AUDIO-PLAYER-1024x133.png\" alt=\"\" class=\"wp-image-110609\" srcset=\"https:\/\/www.iemj.org\/wp-content\/uploads\/2024\/03\/AUDIO-PLAYER-1024x133.png 1024w, https:\/\/www.iemj.org\/wp-content\/uploads\/2024\/03\/AUDIO-PLAYER-300x39.png 300w, https:\/\/www.iemj.org\/wp-content\/uploads\/2024\/03\/AUDIO-PLAYER-768x100.png 768w, https:\/\/www.iemj.org\/wp-content\/uploads\/2024\/03\/AUDIO-PLAYER-600x78.png 600w, https:\/\/www.iemj.org\/wp-content\/uploads\/2024\/03\/AUDIO-PLAYER.png 1210w\" sizes=\"(max-width: 1024px) 100vw, 1024px\" \/><\/figure>\n<\/div>\n\n\n<h2 class=\"wp-block-heading\"><\/h2>\n\n\n\n<div class=\"wp-block-file\"><a id=\"wp-block-file--media-72a46972-b655-4791-8a88-6b10d860e5bb\" href=\"https:\/\/www.iemj.org\/wp-content\/uploads\/2016\/03\/a_finf_un_tsvantsiger_-_theodore_bikel.mp3\">A finf un tsvantsiger &#8211; Th\u00e9odore BIKEL<\/a><\/div>\n\n\n\n<div class=\"wp-block-file\"><a id=\"wp-block-file--media-3dc94f41-5873-46c7-b1dd-74eb6a55eba5\" href=\"https:\/\/www.iemj.org\/wp-content\/uploads\/2016\/03\/a_nar_-_ludwig_satz.mp3\">A nar &#8211; Ludwig SATZ<\/a><\/div>\n\n\n\n<div class=\"wp-block-file\"><a id=\"wp-block-file--media-4ccb9338-cf37-424e-9fb4-77c8da882cab\" href=\"https:\/\/www.iemj.org\/wp-content\/uploads\/2016\/03\/a_nigndl_in_yiddish_-_ben_zimet.mp3\">A Nigndl in Yiddish &#8211; Ben ZIMET<\/a><\/div>\n\n\n\n<div class=\"wp-block-file\"><a id=\"wp-block-file--media-4311c659-7ae6-4bd6-8e94-316707203155\" href=\"https:\/\/www.iemj.org\/wp-content\/uploads\/2016\/03\/a_pintale_-_theodore_bikel.mp3\">A Pintale &#8211; Th\u00e9odore BIKEL<\/a><\/div>\n\n\n\n<div class=\"wp-block-file\"><a id=\"wp-block-file--media-086a09a7-dfdc-4c18-a3e8-5d2793dd9c02\" href=\"https:\/\/www.iemj.org\/wp-content\/uploads\/2016\/03\/der_feuierlescher_-_dave_cash.mp3\">Der Feuierlescher &#8211; Dave CASH<\/a><\/div>\n\n\n\n<div class=\"wp-block-file\"><a id=\"wp-block-file--media-0d58bd38-2b39-47dc-8a36-5da28b6a392b\" href=\"https:\/\/www.iemj.org\/wp-content\/uploads\/2016\/03\/die_freiliche_kabtzounim_-_elvira_boczkowka_max_neufeld.mp3\">Die Freiliche Kabtzounim &#8211; Elvira BOCZKOWKA, Max NEUFELD<\/a><\/div>\n\n\n\n<div class=\"wp-block-file\"><a id=\"wp-block-file--media-006492ee-315a-41b9-9eac-93f5a09b7d88\" href=\"https:\/\/www.iemj.org\/wp-content\/uploads\/2016\/03\/die_pchoire_-_henri_gerro.mp3\">Die Pchoire &#8211; Henri GERRO<\/a><\/div>\n\n\n\n<div class=\"wp-block-file\"><a id=\"wp-block-file--media-a3fbc1c6-0995-46a6-8e3f-9dbef75bebfb\" href=\"https:\/\/www.iemj.org\/wp-content\/uploads\/2016\/03\/mazel_tov_yiden_-_aaron_lebedeff.mp3\">Mazel tov yiden &#8211; Aaron LEBEDEFF<\/a><\/div>\n\n\n\n<div class=\"wp-block-file\"><a id=\"wp-block-file--media-d733979d-95ad-4494-857c-e4e5da036bfd\" href=\"https:\/\/www.iemj.org\/wp-content\/uploads\/2016\/03\/nadir_meins_-_henri_gerro.mp3\">Nadir Meins &#8211; Henri GERRO<\/a><\/div>\n\n\n\n<div class=\"wp-block-file\"><a id=\"wp-block-file--media-e094b871-d80b-4015-b68f-507865c932ff\" href=\"https:\/\/www.iemj.org\/wp-content\/uploads\/2016\/03\/perestroyke_-_jacques_grober.mp3\">Perestroyke &#8211; Jacques GROBER<\/a><\/div>\n\n\n\n<div class=\"wp-block-file\"><a id=\"wp-block-file--media-10313724-d849-4cc7-ab6c-b6e3fe5f6729\" href=\"https:\/\/www.iemj.org\/wp-content\/uploads\/2016\/03\/scha_schtill_-_lionel_rocheman.mp3\">Scha Schtill &#8211; Lionel ROCHEMAN<\/a><\/div>\n\n\n\n<div class=\"wp-block-file\"><a id=\"wp-block-file--media-af533337-5cb5-4d8a-a506-92cad7283dc6\" href=\"https:\/\/www.iemj.org\/wp-content\/uploads\/2016\/03\/yosel_und_zlate_-_sarah_gorby.mp3\">Yosel Und Zlate &#8211; Sarah GORBY<\/a><\/div>\n","protected":false},"excerpt":{"rendered":"<p>Una panoramica delle numerose attivit\u00e0 culturali e musicali yiddish a Parigi, dall&#8217;inizio del XIX secolo<\/p>\n","protected":false},"author":1052,"featured_media":90710,"comment_status":"closed","ping_status":"open","sticky":false,"template":"","format":"standard","meta":{"_acf_changed":false,"footnotes":""},"categories":[1536],"tags":[],"technique":[],"squelettes":[],"sujet":[],"formation":[],"genre":[],"fonds":[],"tradition":[],"type-de-contenu":[],"interprete-compositeur":[],"frise":[],"type-devenement":[],"tableaux-liens-externes":[],"class_list":["post-90709","post","type-post","status-publish","format-standard","has-post-thumbnail","hentry","category-playlist-it"],"acf":[],"yoast_head":"<!-- This site is optimized with the Yoast SEO plugin v27.3 - https:\/\/yoast.com\/product\/yoast-seo-wordpress\/ -->\n<title>Musiche dei teatri e cabaret yiddish 1 - Institut Europ\u00e9en des Musiques Juives<\/title>\n<meta name=\"robots\" content=\"index, follow, max-snippet:-1, max-image-preview:large, max-video-preview:-1\" \/>\n<link rel=\"canonical\" href=\"https:\/\/www.iemj.org\/it\/musiques-des-theatres-et-cabarets-yiddish-1\/\" \/>\n<meta property=\"og:locale\" content=\"it_IT\" \/>\n<meta property=\"og:type\" content=\"article\" \/>\n<meta property=\"og:title\" content=\"Musiche dei teatri e cabaret yiddish 1 - Institut Europ\u00e9en des Musiques Juives\" \/>\n<meta property=\"og:description\" content=\"Una panoramica delle numerose attivit\u00e0 culturali e musicali yiddish a Parigi, dall&#8217;inizio del XIX secolo\" \/>\n<meta property=\"og:url\" content=\"https:\/\/www.iemj.org\/it\/musiques-des-theatres-et-cabarets-yiddish-1\/\" \/>\n<meta property=\"og:site_name\" content=\"Institut Europ\u00e9en des Musiques Juives\" \/>\n<meta property=\"article:publisher\" content=\"https:\/\/www.facebook.com\/MusiquesJuives\/\" \/>\n<meta property=\"article:published_time\" content=\"2016-03-30T14:25:35+00:00\" \/>\n<meta property=\"article:modified_time\" content=\"2025-05-27T09:00:16+00:00\" \/>\n<meta property=\"og:image\" content=\"https:\/\/www.iemj.org\/wp-content\/uploads\/2016\/03\/arton1568.jpg\" \/>\n\t<meta property=\"og:image:width\" content=\"500\" \/>\n\t<meta property=\"og:image:height\" content=\"472\" \/>\n\t<meta property=\"og:image:type\" content=\"image\/jpeg\" \/>\n<meta name=\"author\" content=\"Lea Couderc\" \/>\n<meta name=\"twitter:card\" content=\"summary_large_image\" \/>\n<meta name=\"twitter:label1\" content=\"Scritto da\" \/>\n\t<meta name=\"twitter:data1\" content=\"Lea Couderc\" \/>\n\t<meta name=\"twitter:label2\" content=\"Tempo di lettura stimato\" \/>\n\t<meta name=\"twitter:data2\" content=\"2 minuti\" \/>\n<script type=\"application\/ld+json\" class=\"yoast-schema-graph\">{\"@context\":\"https:\\\/\\\/schema.org\",\"@graph\":[{\"@type\":\"Article\",\"@id\":\"https:\\\/\\\/www.iemj.org\\\/it\\\/musiques-des-theatres-et-cabarets-yiddish-1\\\/#article\",\"isPartOf\":{\"@id\":\"https:\\\/\\\/www.iemj.org\\\/it\\\/musiques-des-theatres-et-cabarets-yiddish-1\\\/\"},\"author\":{\"name\":\"Lea Couderc\",\"@id\":\"https:\\\/\\\/www.iemj.org\\\/it\\\/#\\\/schema\\\/person\\\/e2ad57f2c4be119c7ed8ab79036807a9\"},\"headline\":\"Musiche dei teatri e cabaret yiddish 1\",\"datePublished\":\"2016-03-30T14:25:35+00:00\",\"dateModified\":\"2025-05-27T09:00:16+00:00\",\"mainEntityOfPage\":{\"@id\":\"https:\\\/\\\/www.iemj.org\\\/it\\\/musiques-des-theatres-et-cabarets-yiddish-1\\\/\"},\"wordCount\":181,\"publisher\":{\"@id\":\"https:\\\/\\\/www.iemj.org\\\/it\\\/#organization\"},\"image\":{\"@id\":\"https:\\\/\\\/www.iemj.org\\\/it\\\/musiques-des-theatres-et-cabarets-yiddish-1\\\/#primaryimage\"},\"thumbnailUrl\":\"https:\\\/\\\/www.iemj.org\\\/wp-content\\\/uploads\\\/2016\\\/03\\\/arton1568.jpg\",\"articleSection\":[\"Playlist\"],\"inLanguage\":\"it-IT\"},{\"@type\":\"WebPage\",\"@id\":\"https:\\\/\\\/www.iemj.org\\\/it\\\/musiques-des-theatres-et-cabarets-yiddish-1\\\/\",\"url\":\"https:\\\/\\\/www.iemj.org\\\/it\\\/musiques-des-theatres-et-cabarets-yiddish-1\\\/\",\"name\":\"Musiche dei teatri e cabaret yiddish 1 - Institut Europ\u00e9en des Musiques Juives\",\"isPartOf\":{\"@id\":\"https:\\\/\\\/www.iemj.org\\\/it\\\/#website\"},\"primaryImageOfPage\":{\"@id\":\"https:\\\/\\\/www.iemj.org\\\/it\\\/musiques-des-theatres-et-cabarets-yiddish-1\\\/#primaryimage\"},\"image\":{\"@id\":\"https:\\\/\\\/www.iemj.org\\\/it\\\/musiques-des-theatres-et-cabarets-yiddish-1\\\/#primaryimage\"},\"thumbnailUrl\":\"https:\\\/\\\/www.iemj.org\\\/wp-content\\\/uploads\\\/2016\\\/03\\\/arton1568.jpg\",\"datePublished\":\"2016-03-30T14:25:35+00:00\",\"dateModified\":\"2025-05-27T09:00:16+00:00\",\"breadcrumb\":{\"@id\":\"https:\\\/\\\/www.iemj.org\\\/it\\\/musiques-des-theatres-et-cabarets-yiddish-1\\\/#breadcrumb\"},\"inLanguage\":\"it-IT\",\"potentialAction\":[{\"@type\":\"ReadAction\",\"target\":[\"https:\\\/\\\/www.iemj.org\\\/it\\\/musiques-des-theatres-et-cabarets-yiddish-1\\\/\"]}]},{\"@type\":\"ImageObject\",\"inLanguage\":\"it-IT\",\"@id\":\"https:\\\/\\\/www.iemj.org\\\/it\\\/musiques-des-theatres-et-cabarets-yiddish-1\\\/#primaryimage\",\"url\":\"https:\\\/\\\/www.iemj.org\\\/wp-content\\\/uploads\\\/2016\\\/03\\\/arton1568.jpg\",\"contentUrl\":\"https:\\\/\\\/www.iemj.org\\\/wp-content\\\/uploads\\\/2016\\\/03\\\/arton1568.jpg\",\"width\":500,\"height\":472},{\"@type\":\"BreadcrumbList\",\"@id\":\"https:\\\/\\\/www.iemj.org\\\/it\\\/musiques-des-theatres-et-cabarets-yiddish-1\\\/#breadcrumb\",\"itemListElement\":[{\"@type\":\"ListItem\",\"position\":1,\"name\":\"Accueil\",\"item\":\"https:\\\/\\\/www.iemj.org\\\/it\\\/\"},{\"@type\":\"ListItem\",\"position\":2,\"name\":\"Musiche dei teatri e cabaret yiddish 1\"}]},{\"@type\":\"WebSite\",\"@id\":\"https:\\\/\\\/www.iemj.org\\\/it\\\/#website\",\"url\":\"https:\\\/\\\/www.iemj.org\\\/it\\\/\",\"name\":\"Institut Europ\u00e9en des Musiques Juives\",\"description\":\"Des traditions musicales \u00e0 la port\u00e9e de tous\",\"publisher\":{\"@id\":\"https:\\\/\\\/www.iemj.org\\\/it\\\/#organization\"},\"potentialAction\":[{\"@type\":\"SearchAction\",\"target\":{\"@type\":\"EntryPoint\",\"urlTemplate\":\"https:\\\/\\\/www.iemj.org\\\/it\\\/?s={search_term_string}\"},\"query-input\":{\"@type\":\"PropertyValueSpecification\",\"valueRequired\":true,\"valueName\":\"search_term_string\"}}],\"inLanguage\":\"it-IT\"},{\"@type\":\"Organization\",\"@id\":\"https:\\\/\\\/www.iemj.org\\\/it\\\/#organization\",\"name\":\"Institut Europ\u00e9en des Musiques Juives\",\"url\":\"https:\\\/\\\/www.iemj.org\\\/it\\\/\",\"logo\":{\"@type\":\"ImageObject\",\"inLanguage\":\"it-IT\",\"@id\":\"https:\\\/\\\/www.iemj.org\\\/it\\\/#\\\/schema\\\/logo\\\/image\\\/\",\"url\":\"https:\\\/\\\/www.iemj.org\\\/wp-content\\\/uploads\\\/2021\\\/09\\\/Logo-IEMJ-Paypal.jpg\",\"contentUrl\":\"https:\\\/\\\/www.iemj.org\\\/wp-content\\\/uploads\\\/2021\\\/09\\\/Logo-IEMJ-Paypal.jpg\",\"width\":150,\"height\":50,\"caption\":\"Institut Europ\u00e9en des Musiques Juives\"},\"image\":{\"@id\":\"https:\\\/\\\/www.iemj.org\\\/it\\\/#\\\/schema\\\/logo\\\/image\\\/\"},\"sameAs\":[\"https:\\\/\\\/www.facebook.com\\\/MusiquesJuives\\\/\",\"https:\\\/\\\/www.instagram.com\\\/musiquesjuives\\\/\",\"https:\\\/\\\/www.youtube.com\\\/user\\\/musiquesjuives\"]},{\"@type\":\"Person\",\"@id\":\"https:\\\/\\\/www.iemj.org\\\/it\\\/#\\\/schema\\\/person\\\/e2ad57f2c4be119c7ed8ab79036807a9\",\"name\":\"Lea Couderc\",\"image\":{\"@type\":\"ImageObject\",\"inLanguage\":\"it-IT\",\"@id\":\"https:\\\/\\\/secure.gravatar.com\\\/avatar\\\/46ee021475d60aeff17a7e490b79dea5a5684bb392ab7fd1494027411df8ba23?s=96&d=mm&r=g\",\"url\":\"https:\\\/\\\/secure.gravatar.com\\\/avatar\\\/46ee021475d60aeff17a7e490b79dea5a5684bb392ab7fd1494027411df8ba23?s=96&d=mm&r=g\",\"contentUrl\":\"https:\\\/\\\/secure.gravatar.com\\\/avatar\\\/46ee021475d60aeff17a7e490b79dea5a5684bb392ab7fd1494027411df8ba23?s=96&d=mm&r=g\",\"caption\":\"Lea Couderc\"}}]}<\/script>\n<!-- \/ Yoast SEO plugin. -->","yoast_head_json":{"title":"Musiche dei teatri e cabaret yiddish 1 - Institut Europ\u00e9en des Musiques Juives","robots":{"index":"index","follow":"follow","max-snippet":"max-snippet:-1","max-image-preview":"max-image-preview:large","max-video-preview":"max-video-preview:-1"},"canonical":"https:\/\/www.iemj.org\/it\/musiques-des-theatres-et-cabarets-yiddish-1\/","og_locale":"it_IT","og_type":"article","og_title":"Musiche dei teatri e cabaret yiddish 1 - Institut Europ\u00e9en des Musiques Juives","og_description":"Una panoramica delle numerose attivit\u00e0 culturali e musicali yiddish a Parigi, dall&#8217;inizio del XIX secolo","og_url":"https:\/\/www.iemj.org\/it\/musiques-des-theatres-et-cabarets-yiddish-1\/","og_site_name":"Institut Europ\u00e9en des Musiques Juives","article_publisher":"https:\/\/www.facebook.com\/MusiquesJuives\/","article_published_time":"2016-03-30T14:25:35+00:00","article_modified_time":"2025-05-27T09:00:16+00:00","og_image":[{"width":500,"height":472,"url":"https:\/\/www.iemj.org\/wp-content\/uploads\/2016\/03\/arton1568.jpg","type":"image\/jpeg"}],"author":"Lea Couderc","twitter_card":"summary_large_image","twitter_misc":{"Scritto da":"Lea Couderc","Tempo di lettura stimato":"2 minuti"},"schema":{"@context":"https:\/\/schema.org","@graph":[{"@type":"Article","@id":"https:\/\/www.iemj.org\/it\/musiques-des-theatres-et-cabarets-yiddish-1\/#article","isPartOf":{"@id":"https:\/\/www.iemj.org\/it\/musiques-des-theatres-et-cabarets-yiddish-1\/"},"author":{"name":"Lea Couderc","@id":"https:\/\/www.iemj.org\/it\/#\/schema\/person\/e2ad57f2c4be119c7ed8ab79036807a9"},"headline":"Musiche dei teatri e cabaret yiddish 1","datePublished":"2016-03-30T14:25:35+00:00","dateModified":"2025-05-27T09:00:16+00:00","mainEntityOfPage":{"@id":"https:\/\/www.iemj.org\/it\/musiques-des-theatres-et-cabarets-yiddish-1\/"},"wordCount":181,"publisher":{"@id":"https:\/\/www.iemj.org\/it\/#organization"},"image":{"@id":"https:\/\/www.iemj.org\/it\/musiques-des-theatres-et-cabarets-yiddish-1\/#primaryimage"},"thumbnailUrl":"https:\/\/www.iemj.org\/wp-content\/uploads\/2016\/03\/arton1568.jpg","articleSection":["Playlist"],"inLanguage":"it-IT"},{"@type":"WebPage","@id":"https:\/\/www.iemj.org\/it\/musiques-des-theatres-et-cabarets-yiddish-1\/","url":"https:\/\/www.iemj.org\/it\/musiques-des-theatres-et-cabarets-yiddish-1\/","name":"Musiche dei teatri e cabaret yiddish 1 - Institut Europ\u00e9en des Musiques Juives","isPartOf":{"@id":"https:\/\/www.iemj.org\/it\/#website"},"primaryImageOfPage":{"@id":"https:\/\/www.iemj.org\/it\/musiques-des-theatres-et-cabarets-yiddish-1\/#primaryimage"},"image":{"@id":"https:\/\/www.iemj.org\/it\/musiques-des-theatres-et-cabarets-yiddish-1\/#primaryimage"},"thumbnailUrl":"https:\/\/www.iemj.org\/wp-content\/uploads\/2016\/03\/arton1568.jpg","datePublished":"2016-03-30T14:25:35+00:00","dateModified":"2025-05-27T09:00:16+00:00","breadcrumb":{"@id":"https:\/\/www.iemj.org\/it\/musiques-des-theatres-et-cabarets-yiddish-1\/#breadcrumb"},"inLanguage":"it-IT","potentialAction":[{"@type":"ReadAction","target":["https:\/\/www.iemj.org\/it\/musiques-des-theatres-et-cabarets-yiddish-1\/"]}]},{"@type":"ImageObject","inLanguage":"it-IT","@id":"https:\/\/www.iemj.org\/it\/musiques-des-theatres-et-cabarets-yiddish-1\/#primaryimage","url":"https:\/\/www.iemj.org\/wp-content\/uploads\/2016\/03\/arton1568.jpg","contentUrl":"https:\/\/www.iemj.org\/wp-content\/uploads\/2016\/03\/arton1568.jpg","width":500,"height":472},{"@type":"BreadcrumbList","@id":"https:\/\/www.iemj.org\/it\/musiques-des-theatres-et-cabarets-yiddish-1\/#breadcrumb","itemListElement":[{"@type":"ListItem","position":1,"name":"Accueil","item":"https:\/\/www.iemj.org\/it\/"},{"@type":"ListItem","position":2,"name":"Musiche dei teatri e cabaret yiddish 1"}]},{"@type":"WebSite","@id":"https:\/\/www.iemj.org\/it\/#website","url":"https:\/\/www.iemj.org\/it\/","name":"Institut Europ\u00e9en des Musiques Juives","description":"Des traditions musicales \u00e0 la port\u00e9e de tous","publisher":{"@id":"https:\/\/www.iemj.org\/it\/#organization"},"potentialAction":[{"@type":"SearchAction","target":{"@type":"EntryPoint","urlTemplate":"https:\/\/www.iemj.org\/it\/?s={search_term_string}"},"query-input":{"@type":"PropertyValueSpecification","valueRequired":true,"valueName":"search_term_string"}}],"inLanguage":"it-IT"},{"@type":"Organization","@id":"https:\/\/www.iemj.org\/it\/#organization","name":"Institut Europ\u00e9en des Musiques Juives","url":"https:\/\/www.iemj.org\/it\/","logo":{"@type":"ImageObject","inLanguage":"it-IT","@id":"https:\/\/www.iemj.org\/it\/#\/schema\/logo\/image\/","url":"https:\/\/www.iemj.org\/wp-content\/uploads\/2021\/09\/Logo-IEMJ-Paypal.jpg","contentUrl":"https:\/\/www.iemj.org\/wp-content\/uploads\/2021\/09\/Logo-IEMJ-Paypal.jpg","width":150,"height":50,"caption":"Institut Europ\u00e9en des Musiques Juives"},"image":{"@id":"https:\/\/www.iemj.org\/it\/#\/schema\/logo\/image\/"},"sameAs":["https:\/\/www.facebook.com\/MusiquesJuives\/","https:\/\/www.instagram.com\/musiquesjuives\/","https:\/\/www.youtube.com\/user\/musiquesjuives"]},{"@type":"Person","@id":"https:\/\/www.iemj.org\/it\/#\/schema\/person\/e2ad57f2c4be119c7ed8ab79036807a9","name":"Lea Couderc","image":{"@type":"ImageObject","inLanguage":"it-IT","@id":"https:\/\/secure.gravatar.com\/avatar\/46ee021475d60aeff17a7e490b79dea5a5684bb392ab7fd1494027411df8ba23?s=96&d=mm&r=g","url":"https:\/\/secure.gravatar.com\/avatar\/46ee021475d60aeff17a7e490b79dea5a5684bb392ab7fd1494027411df8ba23?s=96&d=mm&r=g","contentUrl":"https:\/\/secure.gravatar.com\/avatar\/46ee021475d60aeff17a7e490b79dea5a5684bb392ab7fd1494027411df8ba23?s=96&d=mm&r=g","caption":"Lea Couderc"}}]}},"_links":{"self":[{"href":"https:\/\/www.iemj.org\/it\/wp-json\/wp\/v2\/posts\/90709","targetHints":{"allow":["GET"]}}],"collection":[{"href":"https:\/\/www.iemj.org\/it\/wp-json\/wp\/v2\/posts"}],"about":[{"href":"https:\/\/www.iemj.org\/it\/wp-json\/wp\/v2\/types\/post"}],"author":[{"embeddable":true,"href":"https:\/\/www.iemj.org\/it\/wp-json\/wp\/v2\/users\/1052"}],"replies":[{"embeddable":true,"href":"https:\/\/www.iemj.org\/it\/wp-json\/wp\/v2\/comments?post=90709"}],"version-history":[{"count":0,"href":"https:\/\/www.iemj.org\/it\/wp-json\/wp\/v2\/posts\/90709\/revisions"}],"wp:featuredmedia":[{"embeddable":true,"href":"https:\/\/www.iemj.org\/it\/wp-json\/wp\/v2\/media\/90710"}],"wp:attachment":[{"href":"https:\/\/www.iemj.org\/it\/wp-json\/wp\/v2\/media?parent=90709"}],"wp:term":[{"taxonomy":"category","embeddable":true,"href":"https:\/\/www.iemj.org\/it\/wp-json\/wp\/v2\/categories?post=90709"},{"taxonomy":"post_tag","embeddable":true,"href":"https:\/\/www.iemj.org\/it\/wp-json\/wp\/v2\/tags?post=90709"},{"taxonomy":"technique","embeddable":true,"href":"https:\/\/www.iemj.org\/it\/wp-json\/wp\/v2\/technique?post=90709"},{"taxonomy":"squelettes","embeddable":true,"href":"https:\/\/www.iemj.org\/it\/wp-json\/wp\/v2\/squelettes?post=90709"},{"taxonomy":"sujet","embeddable":true,"href":"https:\/\/www.iemj.org\/it\/wp-json\/wp\/v2\/sujet?post=90709"},{"taxonomy":"formation","embeddable":true,"href":"https:\/\/www.iemj.org\/it\/wp-json\/wp\/v2\/formation?post=90709"},{"taxonomy":"genre","embeddable":true,"href":"https:\/\/www.iemj.org\/it\/wp-json\/wp\/v2\/genre?post=90709"},{"taxonomy":"fonds","embeddable":true,"href":"https:\/\/www.iemj.org\/it\/wp-json\/wp\/v2\/fonds?post=90709"},{"taxonomy":"tradition","embeddable":true,"href":"https:\/\/www.iemj.org\/it\/wp-json\/wp\/v2\/tradition?post=90709"},{"taxonomy":"type-de-contenu","embeddable":true,"href":"https:\/\/www.iemj.org\/it\/wp-json\/wp\/v2\/type-de-contenu?post=90709"},{"taxonomy":"interprete-compositeur","embeddable":true,"href":"https:\/\/www.iemj.org\/it\/wp-json\/wp\/v2\/interprete-compositeur?post=90709"},{"taxonomy":"frise","embeddable":true,"href":"https:\/\/www.iemj.org\/it\/wp-json\/wp\/v2\/frise?post=90709"},{"taxonomy":"type-devenement","embeddable":true,"href":"https:\/\/www.iemj.org\/it\/wp-json\/wp\/v2\/type-devenement?post=90709"},{"taxonomy":"tableaux-liens-externes","embeddable":true,"href":"https:\/\/www.iemj.org\/it\/wp-json\/wp\/v2\/tableaux-liens-externes?post=90709"}],"curies":[{"name":"wp","href":"https:\/\/api.w.org\/{rel}","templated":true}]}}