{"id":90728,"date":"2016-06-30T11:34:24","date_gmt":"2016-06-30T09:34:24","guid":{"rendered":"https:\/\/www.iemj.org\/musiques-hassidiques-2eme-partie\/"},"modified":"2025-05-27T12:54:54","modified_gmt":"2025-05-27T10:54:54","slug":"musiques-hassidiques-2eme-partie","status":"publish","type":"post","link":"https:\/\/www.iemj.org\/it\/musiques-hassidiques-2eme-partie\/","title":{"rendered":"<strong>Musiche hassidiche 2nda parte<\/strong>"},"content":{"rendered":"<p><strong>L&#8217;emergere del movimento hassidico in Podolia, nella seconda met\u00e0 del 18\u00b0 secolo, fu accompagnato dalla creazione di un nuovo tipo di canto, a met\u00e0 strada tra la musica religiosa e la musica popolare. Vi invitiamo ad ascoltare qui una selezione di alcuni di questi brani.<\/strong><\/p>\n<p><!--more--><\/p>\n<p>Nei canti hassidici prevale il tema melodico, spesso accompagnato da brevi onomatopee come &#8220;doy doy doy&#8221; o &#8220;ya-ba-bam&#8221; generalmente ripetute pi\u00f9 volte. Dei movimenti del corpo possono anche accompagnare i nigunim (lett. &#8220;arie&#8221;).<\/p>\n<p><span style=\"font-size: inherit;\"><img decoding=\"async\" class=\" wp-image-8778 alignright\" src=\"https:\/\/www.iemj.org\/wp-content\/uploads\/2015\/12\/doc_hassidique_500px_65.jpg\" alt=\"doc_hassidique_500px_65.jpg\" width=\"150\" height=\"260\" align=\"left\" \/><\/span><\/p>\n<p>Secondo il Baal Shem Tov, non \u00e8 esclusivamente lo studio dei testi sacri che permette di avvicinarsi a D., ma si pu\u00f2 anche assaporare l&#8217;essenza divina attraverso il canto e la danza.<\/p>\n<p>I nigunim sono eseguiti in uno stile vocale espressivo. \u00c8 nella kavanah (l&#8217;intenzione) che risiede l&#8217;essenza del nigun, come dimostra un proverbio hassidico: &#8220;Il silenzio \u00e8 meglio della parola, ma il canto \u00e8 meglio del silenzio&#8221;.<\/p>\n<p><a href=\"https:\/\/www.iemj.org\/it\/musiques-hassidiques-1\/\" target=\"_blank\" rel=\"noopener\">Ascoltare la playlist Musiche hassidiche 1<\/a><\/p>\n<p><a href=\"https:\/\/www.iemj.org\/it\/musiques-hassidiques-3eme-partie\/\" target=\"_blank\" rel=\"noopener\">Ascoltare la playlist Musiche hassidiche 3<\/a><\/p>\n\n<div class=\"wp-block-image\">\n<figure class=\"aligncenter size-large\"><img fetchpriority=\"high\" decoding=\"async\" width=\"1024\" height=\"133\" src=\"https:\/\/www.iemj.org\/wp-content\/uploads\/2024\/03\/AUDIO-PLAYER-1024x133.png\" alt=\"\" class=\"wp-image-110609\" srcset=\"https:\/\/www.iemj.org\/wp-content\/uploads\/2024\/03\/AUDIO-PLAYER-1024x133.png 1024w, https:\/\/www.iemj.org\/wp-content\/uploads\/2024\/03\/AUDIO-PLAYER-300x39.png 300w, https:\/\/www.iemj.org\/wp-content\/uploads\/2024\/03\/AUDIO-PLAYER-768x100.png 768w, https:\/\/www.iemj.org\/wp-content\/uploads\/2024\/03\/AUDIO-PLAYER-600x78.png 600w, https:\/\/www.iemj.org\/wp-content\/uploads\/2024\/03\/AUDIO-PLAYER.png 1210w\" sizes=\"(max-width: 1024px) 100vw, 1024px\" \/><\/figure>\n<\/div>\n\n\n<h2 class=\"wp-block-heading\"><\/h2>\n\n\n\n<div class=\"wp-block-file\"><a id=\"wp-block-file--media-d5cbbfce-7db9-44f6-bf62-210b14c9e7fa\" href=\"https:\/\/www.iemj.org\/wp-content\/uploads\/2016\/06\/s_iz_nito_keyn_nekhtn_-_jacques_grober.mp3\">S&#8217;iz nito keyn nekhtn &#8211; Jacques GROBER<\/a><\/div>\n\n\n\n<div class=\"wp-block-file\"><a id=\"wp-block-file--media-cfb9b877-4f5c-46f4-be60-fe740481fe7f\" href=\"https:\/\/www.iemj.org\/wp-content\/uploads\/2016\/06\/hashto_baagolo_-_leibele_waldman.mp3\">Hashto Baagolo &#8211; Leibele WALDMAN<\/a><\/div>\n\n\n\n<div class=\"wp-block-file\"><a id=\"wp-block-file--media-aa562d29-646a-450b-b373-5ad4a86136ca\" href=\"https:\/\/www.iemj.org\/wp-content\/uploads\/2016\/06\/buhsher_khosid_-_yiddishe_fantazye_.mp3\">Buhsher Khosid &#8211; Yiddishe Fantazye <\/a><\/div>\n\n\n\n<div class=\"wp-block-file\"><a id=\"wp-block-file--media-94ee3cc6-594c-4f6f-b0d0-f9e0c32615a0\" href=\"https:\/\/www.iemj.org\/wp-content\/uploads\/2016\/06\/v_hi_sheomdoh_-_ben_zion_shenker.mp3\">V&#8217;hi Sheomdoh &#8211; Ben Zion Shenker<\/a><\/div>\n\n\n\n<div class=\"wp-block-file\"><a id=\"wp-block-file--media-ffb786b0-1d7f-4b91-b136-48e2407afdcf\" href=\"https:\/\/www.iemj.org\/wp-content\/uploads\/2016\/06\/bimbam_-_shalom_berlinski.mp3\">Bimbam &#8211; Shalom BERLINSKI<\/a><\/div>\n\n\n\n<div class=\"wp-block-file\"><a id=\"wp-block-file--media-3ae1321b-7548-480b-8643-bad534f4d6a9\" href=\"https:\/\/www.iemj.org\/wp-content\/uploads\/2016\/06\/ha_el_hamoshia_-_tzvika_pick.mp3\">Ha&#8217;el Hamoshia &#8211; Tzvika PICK<\/a><\/div>\n\n\n\n<div class=\"wp-block-file\"><a id=\"wp-block-file--media-75711412-4ef4-42c4-8521-1f683d921a7b\" href=\"https:\/\/www.iemj.org\/wp-content\/uploads\/2016\/06\/lechu_neranena_-_esthi_katz.mp3\">Lechu Neranena &#8211; Esthi KATZ<\/a><\/div>\n\n\n\n<div class=\"wp-block-file\"><a id=\"wp-block-file--media-06988048-bc6c-47c6-869b-dd825906e9ac\" href=\"https:\/\/www.iemj.org\/wp-content\/uploads\/2016\/06\/yedid_nefesh_-_ben_zion_shenker.mp3\">Yedid Nefesh &#8211; Ben Zion Shenker<\/a><\/div>\n\n\n\n<div class=\"wp-block-file\"><a id=\"wp-block-file--media-403379f2-d290-44fd-84fb-b98fc15c4727\" href=\"https:\/\/www.iemj.org\/wp-content\/uploads\/2016\/06\/khsidishe_hopke_-_yiddishe_fantazye.mp3\">Khsidishe Hopke &#8211; Yiddishe Fantazye<\/a><\/div>\n\n\n\n<div class=\"wp-block-file\"><a id=\"wp-block-file--media-8de00f10-6e4c-4c25-b33e-8fee9a4df86b\" href=\"https:\/\/www.iemj.org\/wp-content\/uploads\/2016\/06\/tzam_a_nafshi_-_effi_netzer_singers.mp3\">Tzam\u2019a Nafshi &#8211; Effi Netzer Singers<\/a><\/div>\n","protected":false},"excerpt":{"rendered":"<p>L&#8217;emergere del movimento hassidico in Podolia, nella seconda met\u00e0 del 18\u00b0 secolo, fu accompagnato dalla creazione di un nuovo tipo di canto, a met\u00e0 strada tra la musica religiosa e<\/p>\n","protected":false},"author":1052,"featured_media":90729,"comment_status":"closed","ping_status":"open","sticky":false,"template":"","format":"standard","meta":{"_acf_changed":false,"footnotes":""},"categories":[1536],"tags":[],"technique":[],"squelettes":[],"sujet":[],"formation":[],"genre":[],"fonds":[],"tradition":[],"type-de-contenu":[],"interprete-compositeur":[],"frise":[],"type-devenement":[],"tableaux-liens-externes":[],"class_list":["post-90728","post","type-post","status-publish","format-standard","has-post-thumbnail","hentry","category-playlist-it"],"acf":[],"yoast_head":"<!-- This site is optimized with the Yoast SEO plugin v27.3 - https:\/\/yoast.com\/product\/yoast-seo-wordpress\/ -->\n<title>Musiche hassidiche 2nda parte - Institut Europ\u00e9en des Musiques Juives<\/title>\n<meta name=\"robots\" content=\"index, follow, max-snippet:-1, max-image-preview:large, max-video-preview:-1\" \/>\n<link rel=\"canonical\" href=\"https:\/\/www.iemj.org\/it\/musiques-hassidiques-2eme-partie\/\" \/>\n<meta property=\"og:locale\" content=\"it_IT\" \/>\n<meta property=\"og:type\" content=\"article\" \/>\n<meta property=\"og:title\" content=\"Musiche hassidiche 2nda parte - Institut Europ\u00e9en des Musiques Juives\" \/>\n<meta property=\"og:description\" content=\"L&#8217;emergere del movimento hassidico in Podolia, nella seconda met\u00e0 del 18\u00b0 secolo, fu accompagnato dalla creazione di un nuovo tipo di canto, a met\u00e0 strada tra la musica religiosa e\" \/>\n<meta property=\"og:url\" content=\"https:\/\/www.iemj.org\/it\/musiques-hassidiques-2eme-partie\/\" \/>\n<meta property=\"og:site_name\" content=\"Institut Europ\u00e9en des Musiques Juives\" \/>\n<meta property=\"article:publisher\" content=\"https:\/\/www.facebook.com\/MusiquesJuives\/\" \/>\n<meta property=\"article:published_time\" content=\"2016-06-30T09:34:24+00:00\" \/>\n<meta property=\"article:modified_time\" content=\"2025-05-27T10:54:54+00:00\" \/>\n<meta property=\"og:image\" content=\"https:\/\/www.iemj.org\/wp-content\/uploads\/2016\/06\/arton1806.jpg\" \/>\n\t<meta property=\"og:image:width\" content=\"500\" \/>\n\t<meta property=\"og:image:height\" content=\"332\" \/>\n\t<meta property=\"og:image:type\" content=\"image\/jpeg\" \/>\n<meta name=\"author\" content=\"Lea Couderc\" \/>\n<meta name=\"twitter:card\" content=\"summary_large_image\" \/>\n<meta name=\"twitter:label1\" content=\"Scritto da\" \/>\n\t<meta name=\"twitter:data1\" content=\"Lea Couderc\" \/>\n\t<meta name=\"twitter:label2\" content=\"Tempo di lettura stimato\" \/>\n\t<meta name=\"twitter:data2\" content=\"2 minuti\" \/>\n<script type=\"application\/ld+json\" class=\"yoast-schema-graph\">{\"@context\":\"https:\\\/\\\/schema.org\",\"@graph\":[{\"@type\":\"Article\",\"@id\":\"https:\\\/\\\/www.iemj.org\\\/it\\\/musiques-hassidiques-2eme-partie\\\/#article\",\"isPartOf\":{\"@id\":\"https:\\\/\\\/www.iemj.org\\\/it\\\/musiques-hassidiques-2eme-partie\\\/\"},\"author\":{\"name\":\"Lea Couderc\",\"@id\":\"https:\\\/\\\/www.iemj.org\\\/it\\\/#\\\/schema\\\/person\\\/e2ad57f2c4be119c7ed8ab79036807a9\"},\"headline\":\"Musiche hassidiche 2nda parte\",\"datePublished\":\"2016-06-30T09:34:24+00:00\",\"dateModified\":\"2025-05-27T10:54:54+00:00\",\"mainEntityOfPage\":{\"@id\":\"https:\\\/\\\/www.iemj.org\\\/it\\\/musiques-hassidiques-2eme-partie\\\/\"},\"wordCount\":217,\"publisher\":{\"@id\":\"https:\\\/\\\/www.iemj.org\\\/it\\\/#organization\"},\"image\":{\"@id\":\"https:\\\/\\\/www.iemj.org\\\/it\\\/musiques-hassidiques-2eme-partie\\\/#primaryimage\"},\"thumbnailUrl\":\"https:\\\/\\\/www.iemj.org\\\/wp-content\\\/uploads\\\/2016\\\/06\\\/arton1806.jpg\",\"articleSection\":[\"Playlist\"],\"inLanguage\":\"it-IT\"},{\"@type\":\"WebPage\",\"@id\":\"https:\\\/\\\/www.iemj.org\\\/it\\\/musiques-hassidiques-2eme-partie\\\/\",\"url\":\"https:\\\/\\\/www.iemj.org\\\/it\\\/musiques-hassidiques-2eme-partie\\\/\",\"name\":\"Musiche hassidiche 2nda parte - Institut Europ\u00e9en des Musiques Juives\",\"isPartOf\":{\"@id\":\"https:\\\/\\\/www.iemj.org\\\/it\\\/#website\"},\"primaryImageOfPage\":{\"@id\":\"https:\\\/\\\/www.iemj.org\\\/it\\\/musiques-hassidiques-2eme-partie\\\/#primaryimage\"},\"image\":{\"@id\":\"https:\\\/\\\/www.iemj.org\\\/it\\\/musiques-hassidiques-2eme-partie\\\/#primaryimage\"},\"thumbnailUrl\":\"https:\\\/\\\/www.iemj.org\\\/wp-content\\\/uploads\\\/2016\\\/06\\\/arton1806.jpg\",\"datePublished\":\"2016-06-30T09:34:24+00:00\",\"dateModified\":\"2025-05-27T10:54:54+00:00\",\"breadcrumb\":{\"@id\":\"https:\\\/\\\/www.iemj.org\\\/it\\\/musiques-hassidiques-2eme-partie\\\/#breadcrumb\"},\"inLanguage\":\"it-IT\",\"potentialAction\":[{\"@type\":\"ReadAction\",\"target\":[\"https:\\\/\\\/www.iemj.org\\\/it\\\/musiques-hassidiques-2eme-partie\\\/\"]}]},{\"@type\":\"ImageObject\",\"inLanguage\":\"it-IT\",\"@id\":\"https:\\\/\\\/www.iemj.org\\\/it\\\/musiques-hassidiques-2eme-partie\\\/#primaryimage\",\"url\":\"https:\\\/\\\/www.iemj.org\\\/wp-content\\\/uploads\\\/2016\\\/06\\\/arton1806.jpg\",\"contentUrl\":\"https:\\\/\\\/www.iemj.org\\\/wp-content\\\/uploads\\\/2016\\\/06\\\/arton1806.jpg\",\"width\":500,\"height\":332},{\"@type\":\"BreadcrumbList\",\"@id\":\"https:\\\/\\\/www.iemj.org\\\/it\\\/musiques-hassidiques-2eme-partie\\\/#breadcrumb\",\"itemListElement\":[{\"@type\":\"ListItem\",\"position\":1,\"name\":\"Accueil\",\"item\":\"https:\\\/\\\/www.iemj.org\\\/it\\\/\"},{\"@type\":\"ListItem\",\"position\":2,\"name\":\"Musiche hassidiche 2nda parte\"}]},{\"@type\":\"WebSite\",\"@id\":\"https:\\\/\\\/www.iemj.org\\\/it\\\/#website\",\"url\":\"https:\\\/\\\/www.iemj.org\\\/it\\\/\",\"name\":\"Institut Europ\u00e9en des Musiques Juives\",\"description\":\"Des traditions musicales \u00e0 la port\u00e9e de tous\",\"publisher\":{\"@id\":\"https:\\\/\\\/www.iemj.org\\\/it\\\/#organization\"},\"potentialAction\":[{\"@type\":\"SearchAction\",\"target\":{\"@type\":\"EntryPoint\",\"urlTemplate\":\"https:\\\/\\\/www.iemj.org\\\/it\\\/?s={search_term_string}\"},\"query-input\":{\"@type\":\"PropertyValueSpecification\",\"valueRequired\":true,\"valueName\":\"search_term_string\"}}],\"inLanguage\":\"it-IT\"},{\"@type\":\"Organization\",\"@id\":\"https:\\\/\\\/www.iemj.org\\\/it\\\/#organization\",\"name\":\"Institut Europ\u00e9en des Musiques Juives\",\"url\":\"https:\\\/\\\/www.iemj.org\\\/it\\\/\",\"logo\":{\"@type\":\"ImageObject\",\"inLanguage\":\"it-IT\",\"@id\":\"https:\\\/\\\/www.iemj.org\\\/it\\\/#\\\/schema\\\/logo\\\/image\\\/\",\"url\":\"https:\\\/\\\/www.iemj.org\\\/wp-content\\\/uploads\\\/2021\\\/09\\\/Logo-IEMJ-Paypal.jpg\",\"contentUrl\":\"https:\\\/\\\/www.iemj.org\\\/wp-content\\\/uploads\\\/2021\\\/09\\\/Logo-IEMJ-Paypal.jpg\",\"width\":150,\"height\":50,\"caption\":\"Institut Europ\u00e9en des Musiques Juives\"},\"image\":{\"@id\":\"https:\\\/\\\/www.iemj.org\\\/it\\\/#\\\/schema\\\/logo\\\/image\\\/\"},\"sameAs\":[\"https:\\\/\\\/www.facebook.com\\\/MusiquesJuives\\\/\",\"https:\\\/\\\/www.instagram.com\\\/musiquesjuives\\\/\",\"https:\\\/\\\/www.youtube.com\\\/user\\\/musiquesjuives\"]},{\"@type\":\"Person\",\"@id\":\"https:\\\/\\\/www.iemj.org\\\/it\\\/#\\\/schema\\\/person\\\/e2ad57f2c4be119c7ed8ab79036807a9\",\"name\":\"Lea Couderc\",\"image\":{\"@type\":\"ImageObject\",\"inLanguage\":\"it-IT\",\"@id\":\"https:\\\/\\\/secure.gravatar.com\\\/avatar\\\/46ee021475d60aeff17a7e490b79dea5a5684bb392ab7fd1494027411df8ba23?s=96&d=mm&r=g\",\"url\":\"https:\\\/\\\/secure.gravatar.com\\\/avatar\\\/46ee021475d60aeff17a7e490b79dea5a5684bb392ab7fd1494027411df8ba23?s=96&d=mm&r=g\",\"contentUrl\":\"https:\\\/\\\/secure.gravatar.com\\\/avatar\\\/46ee021475d60aeff17a7e490b79dea5a5684bb392ab7fd1494027411df8ba23?s=96&d=mm&r=g\",\"caption\":\"Lea Couderc\"}}]}<\/script>\n<!-- \/ Yoast SEO plugin. -->","yoast_head_json":{"title":"Musiche hassidiche 2nda parte - Institut Europ\u00e9en des Musiques Juives","robots":{"index":"index","follow":"follow","max-snippet":"max-snippet:-1","max-image-preview":"max-image-preview:large","max-video-preview":"max-video-preview:-1"},"canonical":"https:\/\/www.iemj.org\/it\/musiques-hassidiques-2eme-partie\/","og_locale":"it_IT","og_type":"article","og_title":"Musiche hassidiche 2nda parte - Institut Europ\u00e9en des Musiques Juives","og_description":"L&#8217;emergere del movimento hassidico in Podolia, nella seconda met\u00e0 del 18\u00b0 secolo, fu accompagnato dalla creazione di un nuovo tipo di canto, a met\u00e0 strada tra la musica religiosa e","og_url":"https:\/\/www.iemj.org\/it\/musiques-hassidiques-2eme-partie\/","og_site_name":"Institut Europ\u00e9en des Musiques Juives","article_publisher":"https:\/\/www.facebook.com\/MusiquesJuives\/","article_published_time":"2016-06-30T09:34:24+00:00","article_modified_time":"2025-05-27T10:54:54+00:00","og_image":[{"width":500,"height":332,"url":"https:\/\/www.iemj.org\/wp-content\/uploads\/2016\/06\/arton1806.jpg","type":"image\/jpeg"}],"author":"Lea Couderc","twitter_card":"summary_large_image","twitter_misc":{"Scritto da":"Lea Couderc","Tempo di lettura stimato":"2 minuti"},"schema":{"@context":"https:\/\/schema.org","@graph":[{"@type":"Article","@id":"https:\/\/www.iemj.org\/it\/musiques-hassidiques-2eme-partie\/#article","isPartOf":{"@id":"https:\/\/www.iemj.org\/it\/musiques-hassidiques-2eme-partie\/"},"author":{"name":"Lea Couderc","@id":"https:\/\/www.iemj.org\/it\/#\/schema\/person\/e2ad57f2c4be119c7ed8ab79036807a9"},"headline":"Musiche hassidiche 2nda parte","datePublished":"2016-06-30T09:34:24+00:00","dateModified":"2025-05-27T10:54:54+00:00","mainEntityOfPage":{"@id":"https:\/\/www.iemj.org\/it\/musiques-hassidiques-2eme-partie\/"},"wordCount":217,"publisher":{"@id":"https:\/\/www.iemj.org\/it\/#organization"},"image":{"@id":"https:\/\/www.iemj.org\/it\/musiques-hassidiques-2eme-partie\/#primaryimage"},"thumbnailUrl":"https:\/\/www.iemj.org\/wp-content\/uploads\/2016\/06\/arton1806.jpg","articleSection":["Playlist"],"inLanguage":"it-IT"},{"@type":"WebPage","@id":"https:\/\/www.iemj.org\/it\/musiques-hassidiques-2eme-partie\/","url":"https:\/\/www.iemj.org\/it\/musiques-hassidiques-2eme-partie\/","name":"Musiche hassidiche 2nda parte - Institut Europ\u00e9en des Musiques Juives","isPartOf":{"@id":"https:\/\/www.iemj.org\/it\/#website"},"primaryImageOfPage":{"@id":"https:\/\/www.iemj.org\/it\/musiques-hassidiques-2eme-partie\/#primaryimage"},"image":{"@id":"https:\/\/www.iemj.org\/it\/musiques-hassidiques-2eme-partie\/#primaryimage"},"thumbnailUrl":"https:\/\/www.iemj.org\/wp-content\/uploads\/2016\/06\/arton1806.jpg","datePublished":"2016-06-30T09:34:24+00:00","dateModified":"2025-05-27T10:54:54+00:00","breadcrumb":{"@id":"https:\/\/www.iemj.org\/it\/musiques-hassidiques-2eme-partie\/#breadcrumb"},"inLanguage":"it-IT","potentialAction":[{"@type":"ReadAction","target":["https:\/\/www.iemj.org\/it\/musiques-hassidiques-2eme-partie\/"]}]},{"@type":"ImageObject","inLanguage":"it-IT","@id":"https:\/\/www.iemj.org\/it\/musiques-hassidiques-2eme-partie\/#primaryimage","url":"https:\/\/www.iemj.org\/wp-content\/uploads\/2016\/06\/arton1806.jpg","contentUrl":"https:\/\/www.iemj.org\/wp-content\/uploads\/2016\/06\/arton1806.jpg","width":500,"height":332},{"@type":"BreadcrumbList","@id":"https:\/\/www.iemj.org\/it\/musiques-hassidiques-2eme-partie\/#breadcrumb","itemListElement":[{"@type":"ListItem","position":1,"name":"Accueil","item":"https:\/\/www.iemj.org\/it\/"},{"@type":"ListItem","position":2,"name":"Musiche hassidiche 2nda parte"}]},{"@type":"WebSite","@id":"https:\/\/www.iemj.org\/it\/#website","url":"https:\/\/www.iemj.org\/it\/","name":"Institut Europ\u00e9en des Musiques Juives","description":"Des traditions musicales \u00e0 la port\u00e9e de tous","publisher":{"@id":"https:\/\/www.iemj.org\/it\/#organization"},"potentialAction":[{"@type":"SearchAction","target":{"@type":"EntryPoint","urlTemplate":"https:\/\/www.iemj.org\/it\/?s={search_term_string}"},"query-input":{"@type":"PropertyValueSpecification","valueRequired":true,"valueName":"search_term_string"}}],"inLanguage":"it-IT"},{"@type":"Organization","@id":"https:\/\/www.iemj.org\/it\/#organization","name":"Institut Europ\u00e9en des Musiques Juives","url":"https:\/\/www.iemj.org\/it\/","logo":{"@type":"ImageObject","inLanguage":"it-IT","@id":"https:\/\/www.iemj.org\/it\/#\/schema\/logo\/image\/","url":"https:\/\/www.iemj.org\/wp-content\/uploads\/2021\/09\/Logo-IEMJ-Paypal.jpg","contentUrl":"https:\/\/www.iemj.org\/wp-content\/uploads\/2021\/09\/Logo-IEMJ-Paypal.jpg","width":150,"height":50,"caption":"Institut Europ\u00e9en des Musiques Juives"},"image":{"@id":"https:\/\/www.iemj.org\/it\/#\/schema\/logo\/image\/"},"sameAs":["https:\/\/www.facebook.com\/MusiquesJuives\/","https:\/\/www.instagram.com\/musiquesjuives\/","https:\/\/www.youtube.com\/user\/musiquesjuives"]},{"@type":"Person","@id":"https:\/\/www.iemj.org\/it\/#\/schema\/person\/e2ad57f2c4be119c7ed8ab79036807a9","name":"Lea Couderc","image":{"@type":"ImageObject","inLanguage":"it-IT","@id":"https:\/\/secure.gravatar.com\/avatar\/46ee021475d60aeff17a7e490b79dea5a5684bb392ab7fd1494027411df8ba23?s=96&d=mm&r=g","url":"https:\/\/secure.gravatar.com\/avatar\/46ee021475d60aeff17a7e490b79dea5a5684bb392ab7fd1494027411df8ba23?s=96&d=mm&r=g","contentUrl":"https:\/\/secure.gravatar.com\/avatar\/46ee021475d60aeff17a7e490b79dea5a5684bb392ab7fd1494027411df8ba23?s=96&d=mm&r=g","caption":"Lea Couderc"}}]}},"_links":{"self":[{"href":"https:\/\/www.iemj.org\/it\/wp-json\/wp\/v2\/posts\/90728","targetHints":{"allow":["GET"]}}],"collection":[{"href":"https:\/\/www.iemj.org\/it\/wp-json\/wp\/v2\/posts"}],"about":[{"href":"https:\/\/www.iemj.org\/it\/wp-json\/wp\/v2\/types\/post"}],"author":[{"embeddable":true,"href":"https:\/\/www.iemj.org\/it\/wp-json\/wp\/v2\/users\/1052"}],"replies":[{"embeddable":true,"href":"https:\/\/www.iemj.org\/it\/wp-json\/wp\/v2\/comments?post=90728"}],"version-history":[{"count":0,"href":"https:\/\/www.iemj.org\/it\/wp-json\/wp\/v2\/posts\/90728\/revisions"}],"wp:featuredmedia":[{"embeddable":true,"href":"https:\/\/www.iemj.org\/it\/wp-json\/wp\/v2\/media\/90729"}],"wp:attachment":[{"href":"https:\/\/www.iemj.org\/it\/wp-json\/wp\/v2\/media?parent=90728"}],"wp:term":[{"taxonomy":"category","embeddable":true,"href":"https:\/\/www.iemj.org\/it\/wp-json\/wp\/v2\/categories?post=90728"},{"taxonomy":"post_tag","embeddable":true,"href":"https:\/\/www.iemj.org\/it\/wp-json\/wp\/v2\/tags?post=90728"},{"taxonomy":"technique","embeddable":true,"href":"https:\/\/www.iemj.org\/it\/wp-json\/wp\/v2\/technique?post=90728"},{"taxonomy":"squelettes","embeddable":true,"href":"https:\/\/www.iemj.org\/it\/wp-json\/wp\/v2\/squelettes?post=90728"},{"taxonomy":"sujet","embeddable":true,"href":"https:\/\/www.iemj.org\/it\/wp-json\/wp\/v2\/sujet?post=90728"},{"taxonomy":"formation","embeddable":true,"href":"https:\/\/www.iemj.org\/it\/wp-json\/wp\/v2\/formation?post=90728"},{"taxonomy":"genre","embeddable":true,"href":"https:\/\/www.iemj.org\/it\/wp-json\/wp\/v2\/genre?post=90728"},{"taxonomy":"fonds","embeddable":true,"href":"https:\/\/www.iemj.org\/it\/wp-json\/wp\/v2\/fonds?post=90728"},{"taxonomy":"tradition","embeddable":true,"href":"https:\/\/www.iemj.org\/it\/wp-json\/wp\/v2\/tradition?post=90728"},{"taxonomy":"type-de-contenu","embeddable":true,"href":"https:\/\/www.iemj.org\/it\/wp-json\/wp\/v2\/type-de-contenu?post=90728"},{"taxonomy":"interprete-compositeur","embeddable":true,"href":"https:\/\/www.iemj.org\/it\/wp-json\/wp\/v2\/interprete-compositeur?post=90728"},{"taxonomy":"frise","embeddable":true,"href":"https:\/\/www.iemj.org\/it\/wp-json\/wp\/v2\/frise?post=90728"},{"taxonomy":"type-devenement","embeddable":true,"href":"https:\/\/www.iemj.org\/it\/wp-json\/wp\/v2\/type-devenement?post=90728"},{"taxonomy":"tableaux-liens-externes","embeddable":true,"href":"https:\/\/www.iemj.org\/it\/wp-json\/wp\/v2\/tableaux-liens-externes?post=90728"}],"curies":[{"name":"wp","href":"https:\/\/api.w.org\/{rel}","templated":true}]}}