{"id":90819,"date":"2011-04-14T19:47:09","date_gmt":"2011-04-14T17:47:09","guid":{"rendered":"https:\/\/www.iemj.org\/formation-des-maitres-de-musique-de-la-ville-de-paris-2011\/"},"modified":"2023-05-25T13:11:23","modified_gmt":"2023-05-25T11:11:23","slug":"formation-des-maitres-de-musique-de-la-ville-de-paris-2011","status":"publish","type":"post","link":"https:\/\/www.iemj.org\/it\/formation-des-maitres-de-musique-de-la-ville-de-paris-2011\/","title":{"rendered":"Formazione degli Insegnanti di Musica della Citt\u00e0 di Parigi 2011"},"content":{"rendered":"\n<p><strong>Una giornata di formazione che offre un ampio panorama della storia delle musiche ebraiche con una conferenza di Herv\u00e9 Roten seguita da un atelier d\u2019improvvisazione vocale e\/o strumentale (Niggun hassidici, klezmer) condotto da David Lefebvre del gruppo <a href=\"http:\/\/www.glik.fr\/Glik.html\" target=\"_blank\" rel=\"noreferrer noopener\">Glik<\/a>.<\/strong><\/p>\n\n\n\n<!--more-->\n\n\n\n<p>Il CFMJ (ora <em>Istituto Europeo di Musiche Ebraiche<\/em>) continua la sua azione educativa organizzando quest&#8217;anno un&#8217;altra giornata di formazione per insegnanti di musica della citt\u00e0 di Parigi.<\/p>\n\n\n\n<p>Il patrimonio musicale ebraico \u2013 sia in ambito liturgico (cantillazione, salmodia, poesia religiosa\u2026), che profano (klezmer, canti yiddish, giudeo-arabo, giudeo-spagnolo\u2026) \u2013 \u00e8 tanto vasto quanto composito. \u00c8 caratterizzato dall&#8217;esperienza della diaspora, luogo di incontro e confronto di idee ma anche di culture. Non vi \u00e8 quindi una, ma delle musiche ebraiche, ognuna delle quali risulta da una storia e da un ambiente culturale specifico.<\/p>\n\n\n\n<p>Comprendere, ascoltare e praticare queste musiche nella sua dimensione storica e culturale, questo \u00e8 l&#8217;obiettivo di questo atelier-formazione che propone un viaggio sonoro e audiovisivo nello spazio tempo attraverso 3.700 anni di musiche ebraiche.<\/p>\n\n\n<p><strong>Programma della giornata del 17 gennaio 2011:<\/strong><\/p>\n<p><strong>Mattina (9:00-12:00)<\/strong><\/p>\n<ul>\n<li>9:00: Accoglienza dei partecipanti e proiezione di un breve filmato di presentazione del Centro Francese per la Musiche Ebraiche<\/li>\n<li>9:30: Conferenza \u201cAlla scoperta delle musiche ebraiche\u201d di Herv\u00e9 Roten<\/li>\n<li>11:30: Domande \/ scambi sulle musiche ebraiche<\/li>\n<\/ul>\n<p><strong>Pomeriggio (13:30-16:30)<\/strong><\/p>\n<p><strong>Atelier \u201cMusiche ebraiche dell&#8217;Europa orientale (Klezmer e canto hassidico)\u201d<\/strong><\/p>\n<ul>\n<li>13:30: Introduzione alla musica klezmer, musica strumentale degli ebrei dell&#8217;Europa orientale (Herv\u00e9 Roten)<\/li>\n<li>14:30: Atelier sulle pratiche vocali e\/o strumentali (Niggoun hassidico, klezmer) (David Lefebvre)<\/li>\n<li>16:30: fine della formazione<\/li>\n<\/ul>\n<h2><a href=\"https:\/\/www.iemj.org\/it\/formation-des-maitres-de-musique-de-la-ville-de-paris-2011-2\/\" target=\"_blank\" rel=\"noopener\">Visionare un estratto dell\u2019atelier klezmer condotto da David Lefebvre<\/a><\/h2>","protected":false},"excerpt":{"rendered":"<p>Una giornata di formazione che offre un ampio panorama della storia delle musiche ebraiche con una conferenza di Herv\u00e9 Roten seguita da un atelier d\u2019improvvisazione vocale e\/o strumentale (Niggun hassidici,<\/p>\n","protected":false},"author":1047,"featured_media":90820,"comment_status":"closed","ping_status":"closed","sticky":false,"template":"","format":"standard","meta":{"_acf_changed":false,"footnotes":""},"categories":[1388,1371],"tags":[2224],"technique":[],"squelettes":[],"sujet":[],"formation":[],"genre":[],"fonds":[],"tradition":[],"type-de-contenu":[],"interprete-compositeur":[],"frise":[],"type-devenement":[],"tableaux-liens-externes":[],"class_list":["post-90819","post","type-post","status-publish","format-standard","has-post-thumbnail","hentry","category-laboratorio-di-musica-it","category-manifestazioni-it","tag-eventi-iemj-it"],"acf":[],"yoast_head":"<!-- This site is optimized with the Yoast SEO plugin v27.3 - https:\/\/yoast.com\/product\/yoast-seo-wordpress\/ -->\n<title>Formazione degli Insegnanti di Musica della Citt\u00e0 di Parigi 2011 - Institut Europ\u00e9en des Musiques Juives<\/title>\n<meta name=\"robots\" content=\"index, follow, max-snippet:-1, max-image-preview:large, max-video-preview:-1\" \/>\n<link rel=\"canonical\" href=\"https:\/\/www.iemj.org\/it\/formation-des-maitres-de-musique-de-la-ville-de-paris-2011\/\" \/>\n<meta property=\"og:locale\" content=\"it_IT\" \/>\n<meta property=\"og:type\" content=\"article\" \/>\n<meta property=\"og:title\" content=\"Formazione degli Insegnanti di Musica della Citt\u00e0 di Parigi 2011 - Institut Europ\u00e9en des Musiques Juives\" \/>\n<meta property=\"og:description\" content=\"Una giornata di formazione che offre un ampio panorama della storia delle musiche ebraiche con una conferenza di Herv\u00e9 Roten seguita da un atelier d\u2019improvvisazione vocale e\/o strumentale (Niggun hassidici,\" \/>\n<meta property=\"og:url\" content=\"https:\/\/www.iemj.org\/it\/formation-des-maitres-de-musique-de-la-ville-de-paris-2011\/\" \/>\n<meta property=\"og:site_name\" content=\"Institut Europ\u00e9en des Musiques Juives\" \/>\n<meta property=\"article:publisher\" content=\"https:\/\/www.facebook.com\/MusiquesJuives\/\" \/>\n<meta property=\"article:published_time\" content=\"2011-04-14T17:47:09+00:00\" \/>\n<meta property=\"article:modified_time\" content=\"2023-05-25T11:11:23+00:00\" \/>\n<meta property=\"og:image\" content=\"https:\/\/www.iemj.org\/wp-content\/uploads\/2011\/04\/arton172-e1620148887608.jpg\" \/>\n\t<meta property=\"og:image:width\" content=\"350\" \/>\n\t<meta property=\"og:image:height\" content=\"337\" \/>\n\t<meta property=\"og:image:type\" content=\"image\/jpeg\" \/>\n<meta name=\"author\" content=\"Nicolas Fevre\" \/>\n<meta name=\"twitter:card\" content=\"summary_large_image\" \/>\n<meta name=\"twitter:label1\" content=\"Scritto da\" \/>\n\t<meta name=\"twitter:data1\" content=\"Nicolas Fevre\" \/>\n\t<meta name=\"twitter:label2\" content=\"Tempo di lettura stimato\" \/>\n\t<meta name=\"twitter:data2\" content=\"2 minuti\" \/>\n<script type=\"application\/ld+json\" class=\"yoast-schema-graph\">{\"@context\":\"https:\\\/\\\/schema.org\",\"@graph\":[{\"@type\":\"Article\",\"@id\":\"https:\\\/\\\/www.iemj.org\\\/it\\\/formation-des-maitres-de-musique-de-la-ville-de-paris-2011\\\/#article\",\"isPartOf\":{\"@id\":\"https:\\\/\\\/www.iemj.org\\\/it\\\/formation-des-maitres-de-musique-de-la-ville-de-paris-2011\\\/\"},\"author\":{\"name\":\"Nicolas Fevre\",\"@id\":\"https:\\\/\\\/www.iemj.org\\\/it\\\/#\\\/schema\\\/person\\\/0dfc8632809ec10c9e7d4daf4f4b9f1c\"},\"headline\":\"Formazione degli Insegnanti di Musica della Citt\u00e0 di Parigi 2011\",\"datePublished\":\"2011-04-14T17:47:09+00:00\",\"dateModified\":\"2023-05-25T11:11:23+00:00\",\"mainEntityOfPage\":{\"@id\":\"https:\\\/\\\/www.iemj.org\\\/it\\\/formation-des-maitres-de-musique-de-la-ville-de-paris-2011\\\/\"},\"wordCount\":260,\"publisher\":{\"@id\":\"https:\\\/\\\/www.iemj.org\\\/it\\\/#organization\"},\"image\":{\"@id\":\"https:\\\/\\\/www.iemj.org\\\/it\\\/formation-des-maitres-de-musique-de-la-ville-de-paris-2011\\\/#primaryimage\"},\"thumbnailUrl\":\"https:\\\/\\\/www.iemj.org\\\/wp-content\\\/uploads\\\/2011\\\/04\\\/arton172-e1620148887608.jpg\",\"keywords\":[\"Eventi IEMJ\"],\"articleSection\":[\"Laboratorio di musica\",\"Manifestazioni\"],\"inLanguage\":\"it-IT\"},{\"@type\":\"WebPage\",\"@id\":\"https:\\\/\\\/www.iemj.org\\\/it\\\/formation-des-maitres-de-musique-de-la-ville-de-paris-2011\\\/\",\"url\":\"https:\\\/\\\/www.iemj.org\\\/it\\\/formation-des-maitres-de-musique-de-la-ville-de-paris-2011\\\/\",\"name\":\"Formazione degli Insegnanti di Musica della Citt\u00e0 di Parigi 2011 - Institut Europ\u00e9en des Musiques Juives\",\"isPartOf\":{\"@id\":\"https:\\\/\\\/www.iemj.org\\\/it\\\/#website\"},\"primaryImageOfPage\":{\"@id\":\"https:\\\/\\\/www.iemj.org\\\/it\\\/formation-des-maitres-de-musique-de-la-ville-de-paris-2011\\\/#primaryimage\"},\"image\":{\"@id\":\"https:\\\/\\\/www.iemj.org\\\/it\\\/formation-des-maitres-de-musique-de-la-ville-de-paris-2011\\\/#primaryimage\"},\"thumbnailUrl\":\"https:\\\/\\\/www.iemj.org\\\/wp-content\\\/uploads\\\/2011\\\/04\\\/arton172-e1620148887608.jpg\",\"datePublished\":\"2011-04-14T17:47:09+00:00\",\"dateModified\":\"2023-05-25T11:11:23+00:00\",\"breadcrumb\":{\"@id\":\"https:\\\/\\\/www.iemj.org\\\/it\\\/formation-des-maitres-de-musique-de-la-ville-de-paris-2011\\\/#breadcrumb\"},\"inLanguage\":\"it-IT\",\"potentialAction\":[{\"@type\":\"ReadAction\",\"target\":[\"https:\\\/\\\/www.iemj.org\\\/it\\\/formation-des-maitres-de-musique-de-la-ville-de-paris-2011\\\/\"]}]},{\"@type\":\"ImageObject\",\"inLanguage\":\"it-IT\",\"@id\":\"https:\\\/\\\/www.iemj.org\\\/it\\\/formation-des-maitres-de-musique-de-la-ville-de-paris-2011\\\/#primaryimage\",\"url\":\"https:\\\/\\\/www.iemj.org\\\/wp-content\\\/uploads\\\/2011\\\/04\\\/arton172-e1620148887608.jpg\",\"contentUrl\":\"https:\\\/\\\/www.iemj.org\\\/wp-content\\\/uploads\\\/2011\\\/04\\\/arton172-e1620148887608.jpg\",\"width\":350,\"height\":337},{\"@type\":\"BreadcrumbList\",\"@id\":\"https:\\\/\\\/www.iemj.org\\\/it\\\/formation-des-maitres-de-musique-de-la-ville-de-paris-2011\\\/#breadcrumb\",\"itemListElement\":[{\"@type\":\"ListItem\",\"position\":1,\"name\":\"Accueil\",\"item\":\"https:\\\/\\\/www.iemj.org\\\/it\\\/\"},{\"@type\":\"ListItem\",\"position\":2,\"name\":\"Formazione degli Insegnanti di Musica della Citt\u00e0 di Parigi 2011\"}]},{\"@type\":\"WebSite\",\"@id\":\"https:\\\/\\\/www.iemj.org\\\/it\\\/#website\",\"url\":\"https:\\\/\\\/www.iemj.org\\\/it\\\/\",\"name\":\"Institut Europ\u00e9en des Musiques Juives\",\"description\":\"Des traditions musicales \u00e0 la port\u00e9e de tous\",\"publisher\":{\"@id\":\"https:\\\/\\\/www.iemj.org\\\/it\\\/#organization\"},\"potentialAction\":[{\"@type\":\"SearchAction\",\"target\":{\"@type\":\"EntryPoint\",\"urlTemplate\":\"https:\\\/\\\/www.iemj.org\\\/it\\\/?s={search_term_string}\"},\"query-input\":{\"@type\":\"PropertyValueSpecification\",\"valueRequired\":true,\"valueName\":\"search_term_string\"}}],\"inLanguage\":\"it-IT\"},{\"@type\":\"Organization\",\"@id\":\"https:\\\/\\\/www.iemj.org\\\/it\\\/#organization\",\"name\":\"Institut Europ\u00e9en des Musiques Juives\",\"url\":\"https:\\\/\\\/www.iemj.org\\\/it\\\/\",\"logo\":{\"@type\":\"ImageObject\",\"inLanguage\":\"it-IT\",\"@id\":\"https:\\\/\\\/www.iemj.org\\\/it\\\/#\\\/schema\\\/logo\\\/image\\\/\",\"url\":\"https:\\\/\\\/www.iemj.org\\\/wp-content\\\/uploads\\\/2021\\\/09\\\/Logo-IEMJ-Paypal.jpg\",\"contentUrl\":\"https:\\\/\\\/www.iemj.org\\\/wp-content\\\/uploads\\\/2021\\\/09\\\/Logo-IEMJ-Paypal.jpg\",\"width\":150,\"height\":50,\"caption\":\"Institut Europ\u00e9en des Musiques Juives\"},\"image\":{\"@id\":\"https:\\\/\\\/www.iemj.org\\\/it\\\/#\\\/schema\\\/logo\\\/image\\\/\"},\"sameAs\":[\"https:\\\/\\\/www.facebook.com\\\/MusiquesJuives\\\/\",\"https:\\\/\\\/www.instagram.com\\\/musiquesjuives\\\/\",\"https:\\\/\\\/www.youtube.com\\\/user\\\/musiquesjuives\"]},{\"@type\":\"Person\",\"@id\":\"https:\\\/\\\/www.iemj.org\\\/it\\\/#\\\/schema\\\/person\\\/0dfc8632809ec10c9e7d4daf4f4b9f1c\",\"name\":\"Nicolas Fevre\",\"image\":{\"@type\":\"ImageObject\",\"inLanguage\":\"it-IT\",\"@id\":\"https:\\\/\\\/secure.gravatar.com\\\/avatar\\\/d879fd262de3ba26caa7035b34c65f320aa09cf4c96889ac41d9325e287ccb7b?s=96&d=mm&r=g\",\"url\":\"https:\\\/\\\/secure.gravatar.com\\\/avatar\\\/d879fd262de3ba26caa7035b34c65f320aa09cf4c96889ac41d9325e287ccb7b?s=96&d=mm&r=g\",\"contentUrl\":\"https:\\\/\\\/secure.gravatar.com\\\/avatar\\\/d879fd262de3ba26caa7035b34c65f320aa09cf4c96889ac41d9325e287ccb7b?s=96&d=mm&r=g\",\"caption\":\"Nicolas Fevre\"}}]}<\/script>\n<!-- \/ Yoast SEO plugin. -->","yoast_head_json":{"title":"Formazione degli Insegnanti di Musica della Citt\u00e0 di Parigi 2011 - Institut Europ\u00e9en des Musiques Juives","robots":{"index":"index","follow":"follow","max-snippet":"max-snippet:-1","max-image-preview":"max-image-preview:large","max-video-preview":"max-video-preview:-1"},"canonical":"https:\/\/www.iemj.org\/it\/formation-des-maitres-de-musique-de-la-ville-de-paris-2011\/","og_locale":"it_IT","og_type":"article","og_title":"Formazione degli Insegnanti di Musica della Citt\u00e0 di Parigi 2011 - Institut Europ\u00e9en des Musiques Juives","og_description":"Una giornata di formazione che offre un ampio panorama della storia delle musiche ebraiche con una conferenza di Herv\u00e9 Roten seguita da un atelier d\u2019improvvisazione vocale e\/o strumentale (Niggun hassidici,","og_url":"https:\/\/www.iemj.org\/it\/formation-des-maitres-de-musique-de-la-ville-de-paris-2011\/","og_site_name":"Institut Europ\u00e9en des Musiques Juives","article_publisher":"https:\/\/www.facebook.com\/MusiquesJuives\/","article_published_time":"2011-04-14T17:47:09+00:00","article_modified_time":"2023-05-25T11:11:23+00:00","og_image":[{"width":350,"height":337,"url":"https:\/\/www.iemj.org\/wp-content\/uploads\/2011\/04\/arton172-e1620148887608.jpg","type":"image\/jpeg"}],"author":"Nicolas Fevre","twitter_card":"summary_large_image","twitter_misc":{"Scritto da":"Nicolas Fevre","Tempo di lettura stimato":"2 minuti"},"schema":{"@context":"https:\/\/schema.org","@graph":[{"@type":"Article","@id":"https:\/\/www.iemj.org\/it\/formation-des-maitres-de-musique-de-la-ville-de-paris-2011\/#article","isPartOf":{"@id":"https:\/\/www.iemj.org\/it\/formation-des-maitres-de-musique-de-la-ville-de-paris-2011\/"},"author":{"name":"Nicolas Fevre","@id":"https:\/\/www.iemj.org\/it\/#\/schema\/person\/0dfc8632809ec10c9e7d4daf4f4b9f1c"},"headline":"Formazione degli Insegnanti di Musica della Citt\u00e0 di Parigi 2011","datePublished":"2011-04-14T17:47:09+00:00","dateModified":"2023-05-25T11:11:23+00:00","mainEntityOfPage":{"@id":"https:\/\/www.iemj.org\/it\/formation-des-maitres-de-musique-de-la-ville-de-paris-2011\/"},"wordCount":260,"publisher":{"@id":"https:\/\/www.iemj.org\/it\/#organization"},"image":{"@id":"https:\/\/www.iemj.org\/it\/formation-des-maitres-de-musique-de-la-ville-de-paris-2011\/#primaryimage"},"thumbnailUrl":"https:\/\/www.iemj.org\/wp-content\/uploads\/2011\/04\/arton172-e1620148887608.jpg","keywords":["Eventi IEMJ"],"articleSection":["Laboratorio di musica","Manifestazioni"],"inLanguage":"it-IT"},{"@type":"WebPage","@id":"https:\/\/www.iemj.org\/it\/formation-des-maitres-de-musique-de-la-ville-de-paris-2011\/","url":"https:\/\/www.iemj.org\/it\/formation-des-maitres-de-musique-de-la-ville-de-paris-2011\/","name":"Formazione degli Insegnanti di Musica della Citt\u00e0 di Parigi 2011 - Institut Europ\u00e9en des Musiques Juives","isPartOf":{"@id":"https:\/\/www.iemj.org\/it\/#website"},"primaryImageOfPage":{"@id":"https:\/\/www.iemj.org\/it\/formation-des-maitres-de-musique-de-la-ville-de-paris-2011\/#primaryimage"},"image":{"@id":"https:\/\/www.iemj.org\/it\/formation-des-maitres-de-musique-de-la-ville-de-paris-2011\/#primaryimage"},"thumbnailUrl":"https:\/\/www.iemj.org\/wp-content\/uploads\/2011\/04\/arton172-e1620148887608.jpg","datePublished":"2011-04-14T17:47:09+00:00","dateModified":"2023-05-25T11:11:23+00:00","breadcrumb":{"@id":"https:\/\/www.iemj.org\/it\/formation-des-maitres-de-musique-de-la-ville-de-paris-2011\/#breadcrumb"},"inLanguage":"it-IT","potentialAction":[{"@type":"ReadAction","target":["https:\/\/www.iemj.org\/it\/formation-des-maitres-de-musique-de-la-ville-de-paris-2011\/"]}]},{"@type":"ImageObject","inLanguage":"it-IT","@id":"https:\/\/www.iemj.org\/it\/formation-des-maitres-de-musique-de-la-ville-de-paris-2011\/#primaryimage","url":"https:\/\/www.iemj.org\/wp-content\/uploads\/2011\/04\/arton172-e1620148887608.jpg","contentUrl":"https:\/\/www.iemj.org\/wp-content\/uploads\/2011\/04\/arton172-e1620148887608.jpg","width":350,"height":337},{"@type":"BreadcrumbList","@id":"https:\/\/www.iemj.org\/it\/formation-des-maitres-de-musique-de-la-ville-de-paris-2011\/#breadcrumb","itemListElement":[{"@type":"ListItem","position":1,"name":"Accueil","item":"https:\/\/www.iemj.org\/it\/"},{"@type":"ListItem","position":2,"name":"Formazione degli Insegnanti di Musica della Citt\u00e0 di Parigi 2011"}]},{"@type":"WebSite","@id":"https:\/\/www.iemj.org\/it\/#website","url":"https:\/\/www.iemj.org\/it\/","name":"Institut Europ\u00e9en des Musiques Juives","description":"Des traditions musicales \u00e0 la port\u00e9e de tous","publisher":{"@id":"https:\/\/www.iemj.org\/it\/#organization"},"potentialAction":[{"@type":"SearchAction","target":{"@type":"EntryPoint","urlTemplate":"https:\/\/www.iemj.org\/it\/?s={search_term_string}"},"query-input":{"@type":"PropertyValueSpecification","valueRequired":true,"valueName":"search_term_string"}}],"inLanguage":"it-IT"},{"@type":"Organization","@id":"https:\/\/www.iemj.org\/it\/#organization","name":"Institut Europ\u00e9en des Musiques Juives","url":"https:\/\/www.iemj.org\/it\/","logo":{"@type":"ImageObject","inLanguage":"it-IT","@id":"https:\/\/www.iemj.org\/it\/#\/schema\/logo\/image\/","url":"https:\/\/www.iemj.org\/wp-content\/uploads\/2021\/09\/Logo-IEMJ-Paypal.jpg","contentUrl":"https:\/\/www.iemj.org\/wp-content\/uploads\/2021\/09\/Logo-IEMJ-Paypal.jpg","width":150,"height":50,"caption":"Institut Europ\u00e9en des Musiques Juives"},"image":{"@id":"https:\/\/www.iemj.org\/it\/#\/schema\/logo\/image\/"},"sameAs":["https:\/\/www.facebook.com\/MusiquesJuives\/","https:\/\/www.instagram.com\/musiquesjuives\/","https:\/\/www.youtube.com\/user\/musiquesjuives"]},{"@type":"Person","@id":"https:\/\/www.iemj.org\/it\/#\/schema\/person\/0dfc8632809ec10c9e7d4daf4f4b9f1c","name":"Nicolas Fevre","image":{"@type":"ImageObject","inLanguage":"it-IT","@id":"https:\/\/secure.gravatar.com\/avatar\/d879fd262de3ba26caa7035b34c65f320aa09cf4c96889ac41d9325e287ccb7b?s=96&d=mm&r=g","url":"https:\/\/secure.gravatar.com\/avatar\/d879fd262de3ba26caa7035b34c65f320aa09cf4c96889ac41d9325e287ccb7b?s=96&d=mm&r=g","contentUrl":"https:\/\/secure.gravatar.com\/avatar\/d879fd262de3ba26caa7035b34c65f320aa09cf4c96889ac41d9325e287ccb7b?s=96&d=mm&r=g","caption":"Nicolas Fevre"}}]}},"_links":{"self":[{"href":"https:\/\/www.iemj.org\/it\/wp-json\/wp\/v2\/posts\/90819","targetHints":{"allow":["GET"]}}],"collection":[{"href":"https:\/\/www.iemj.org\/it\/wp-json\/wp\/v2\/posts"}],"about":[{"href":"https:\/\/www.iemj.org\/it\/wp-json\/wp\/v2\/types\/post"}],"author":[{"embeddable":true,"href":"https:\/\/www.iemj.org\/it\/wp-json\/wp\/v2\/users\/1047"}],"replies":[{"embeddable":true,"href":"https:\/\/www.iemj.org\/it\/wp-json\/wp\/v2\/comments?post=90819"}],"version-history":[{"count":0,"href":"https:\/\/www.iemj.org\/it\/wp-json\/wp\/v2\/posts\/90819\/revisions"}],"wp:featuredmedia":[{"embeddable":true,"href":"https:\/\/www.iemj.org\/it\/wp-json\/wp\/v2\/media\/90820"}],"wp:attachment":[{"href":"https:\/\/www.iemj.org\/it\/wp-json\/wp\/v2\/media?parent=90819"}],"wp:term":[{"taxonomy":"category","embeddable":true,"href":"https:\/\/www.iemj.org\/it\/wp-json\/wp\/v2\/categories?post=90819"},{"taxonomy":"post_tag","embeddable":true,"href":"https:\/\/www.iemj.org\/it\/wp-json\/wp\/v2\/tags?post=90819"},{"taxonomy":"technique","embeddable":true,"href":"https:\/\/www.iemj.org\/it\/wp-json\/wp\/v2\/technique?post=90819"},{"taxonomy":"squelettes","embeddable":true,"href":"https:\/\/www.iemj.org\/it\/wp-json\/wp\/v2\/squelettes?post=90819"},{"taxonomy":"sujet","embeddable":true,"href":"https:\/\/www.iemj.org\/it\/wp-json\/wp\/v2\/sujet?post=90819"},{"taxonomy":"formation","embeddable":true,"href":"https:\/\/www.iemj.org\/it\/wp-json\/wp\/v2\/formation?post=90819"},{"taxonomy":"genre","embeddable":true,"href":"https:\/\/www.iemj.org\/it\/wp-json\/wp\/v2\/genre?post=90819"},{"taxonomy":"fonds","embeddable":true,"href":"https:\/\/www.iemj.org\/it\/wp-json\/wp\/v2\/fonds?post=90819"},{"taxonomy":"tradition","embeddable":true,"href":"https:\/\/www.iemj.org\/it\/wp-json\/wp\/v2\/tradition?post=90819"},{"taxonomy":"type-de-contenu","embeddable":true,"href":"https:\/\/www.iemj.org\/it\/wp-json\/wp\/v2\/type-de-contenu?post=90819"},{"taxonomy":"interprete-compositeur","embeddable":true,"href":"https:\/\/www.iemj.org\/it\/wp-json\/wp\/v2\/interprete-compositeur?post=90819"},{"taxonomy":"frise","embeddable":true,"href":"https:\/\/www.iemj.org\/it\/wp-json\/wp\/v2\/frise?post=90819"},{"taxonomy":"type-devenement","embeddable":true,"href":"https:\/\/www.iemj.org\/it\/wp-json\/wp\/v2\/type-devenement?post=90819"},{"taxonomy":"tableaux-liens-externes","embeddable":true,"href":"https:\/\/www.iemj.org\/it\/wp-json\/wp\/v2\/tableaux-liens-externes?post=90819"}],"curies":[{"name":"wp","href":"https:\/\/api.w.org\/{rel}","templated":true}]}}