{"id":91185,"date":"2022-12-15T11:56:40","date_gmt":"2022-12-15T10:56:40","guid":{"rendered":"https:\/\/www.iemj.org\/michel-heymann-confie-lensemble-de-ses-archives-musicales-a-liemj\/"},"modified":"2025-03-27T15:34:06","modified_gmt":"2025-03-27T14:34:06","slug":"michel-heymann-confie-lensemble-de-ses-archives-musicales-a-liemj","status":"publish","type":"post","link":"https:\/\/www.iemj.org\/it\/michel-heymann-confie-lensemble-de-ses-archives-musicales-a-liemj\/","title":{"rendered":"Michel Heymann ha confidato tutti i suoi archivi musicali all&#8217;IEMJ"},"content":{"rendered":"<p><a href=\"https:\/\/www.iemj.org\/it\/heymann-michel-1952\/\">Michel Heymann<\/a> \u00e8 uno degli ultimi detentori della liturgia achkenazita della Valle del Reno. Nato nel 1952 a Strasburgo, ha imparato la liturgia da Bertrand Joseph, ex ministro officiante di Strasburgo. \u00c8 stato poi uno degli ultimi studenti della sezione di Pedagogia e Liturgia del S\u00e9minaire Isra\u00e9lite de France prima della sua definitiva chiusura nel 1973. All&#8217;et\u00e0 di 21 anni, nel settembre 1973, \u00e8 stato nominato responsabile di Haguenau, carica che ha lasciato per Mulhouse nel 1980. Ha officiato per dodici anni in questa citt\u00e0 ed ha registrato delle cassette e dei compact disc con l&#8217;obiettivo di preservare la liturgia dell&#8217;Alsazia, prima di essere assunto dalla Comunit\u00e0 di Lussemburgo, nella quale ha creato un coro che talvolta lo ha accompagnato durante le celebrazioni dello Shabbat e delle festivit\u00e0 durante i suoi 30 anni di mandato.<\/p>\n<figure id=\"attachment_91121\" aria-describedby=\"caption-attachment-91121\" style=\"width: 300px\" class=\"wp-caption alignright\"><img fetchpriority=\"high\" decoding=\"async\" class=\"wp-image-91121 size-medium\" src=\"https:\/\/www.iemj.org\/wp-content\/uploads\/2022\/12\/Facade-Synagogue-Luxembourg-300x169.jpg\" alt=\"\" width=\"300\" height=\"169\" srcset=\"https:\/\/www.iemj.org\/wp-content\/uploads\/2022\/12\/Facade-Synagogue-Luxembourg-300x169.jpg 300w, https:\/\/www.iemj.org\/wp-content\/uploads\/2022\/12\/Facade-Synagogue-Luxembourg.jpg 500w\" sizes=\"(max-width: 300px) 100vw, 300px\" \/><figcaption id=\"caption-attachment-91121\" class=\"wp-caption-text\"><strong>Facciata della Sinagoga di Lussemburgo<\/strong><\/figcaption><\/figure>\n<p>In pensione dal 2017, Michel Heymann ha voluto donare all&#8217;IEMJ tutti i suoi archivi musicali accumulati nel corso della sua lunga carriera. Questa importantissima collezione comprende diverse centinaia di documenti rari e preziosi, tra cui raccolte di spartiti stampati e manoscritti risalenti al XIX secolo, centinaia di registrazioni di musica (concerti liturgici, cerimonie, servizi, ecc.) e decine di videocassette.<\/p>\n<p>Gli archivi di Michel Heymann, che abbiamo riportato dal Lussemburgo all&#8217;IEMJ, sono arrivati l&#8217;8 dicembre 2022. Questa collezione, attualmente in fase di inventario, richieder\u00e0 probabilmente un anno di lavoro prima di poter essere resa disponibile online.<\/p>\n<p>Consegnandoci il lavoro di tutta una vita, Michel Heymann non solo ci ha dimostrato la sua fiducia, ma ci ha anche implicitamente affidato il compito di trasmettere alle generazioni future la liturgia alsaziana, che oggi purtroppo tende a scomparire.<\/p>\n<ul>\n<li><a href=\"https:\/\/www.iemj.org\/it\/fonds-michel-heymann\/\" target=\"_blank\" rel=\"noopener\">Consultare la collezione di Michel Heymann<\/a><\/li>\n<li><a href=\"https:\/\/www.iemj.org\/it\/heymann-michel-1952\/\" target=\"_blank\" rel=\"noopener\">Leggere la biografia di Michel Heymann<\/a><\/li>\n<li><a href=\"https:\/\/www.iemj.org\/it\/michel-heymann-liturgie-juive-achkenaze-traditionnelle\/\" target=\"_blank\" rel=\"noopener\">Ascoltare alcuni estratti della liturgia di Rosh Hashanah cantata da Michel Heymann<\/a><\/li>\n<li><a href=\"http:\/\/www.judaisme-alsalor.fr\/histoire\/rabbins\/hazanim\/heyman.htm\" target=\"_blank\" rel=\"noopener\">Saperne di pi\u00f9 su Michel Heymann ed ascoltare altri brani online<\/a><\/li>\n<li><a href=\"https:\/\/www.iemj.org\/it\/michel-heymann-et-la-liturgie-ashkenaze-de-la-vallee-du-rhin\/\" target=\"_blank\" rel=\"noopener\">Guarda il video\u00a0<em>Michel Heymann e la liturgia ashkenazita della Valle del Reno<\/em>\u00a0<\/a><\/li>\n<\/ul>\n<div id='gallery-1' class='gallery galleryid-91185 gallery-columns-1 gallery-size-full'><figure class='gallery-item'>\n\t\t\t<div class='gallery-icon landscape'>\n\t\t\t\t<a href='https:\/\/www.iemj.org\/it\/michel-heymann-confie-lensemble-de-ses-archives-musicales-a-liemj\/un-apercu-des-archives-de-michel-heymann1-2\/'><img decoding=\"async\" width=\"800\" height=\"359\" src=\"https:\/\/www.iemj.org\/wp-content\/uploads\/2022\/12\/Un-apercu-des-archives-de-Michel-Heymann1.jpg\" class=\"attachment-full size-full\" alt=\"\" srcset=\"https:\/\/www.iemj.org\/wp-content\/uploads\/2022\/12\/Un-apercu-des-archives-de-Michel-Heymann1.jpg 800w, https:\/\/www.iemj.org\/wp-content\/uploads\/2022\/12\/Un-apercu-des-archives-de-Michel-Heymann1-300x135.jpg 300w, https:\/\/www.iemj.org\/wp-content\/uploads\/2022\/12\/Un-apercu-des-archives-de-Michel-Heymann1-768x345.jpg 768w, https:\/\/www.iemj.org\/wp-content\/uploads\/2022\/12\/Un-apercu-des-archives-de-Michel-Heymann1-600x269.jpg 600w\" sizes=\"(max-width: 800px) 100vw, 800px\" \/><\/a>\n\t\t\t<\/div><\/figure>\n\t\t<\/div>\n\n<p style=\"text-align: center;\"><strong>Una rassegna degli archivi di Michel Heymann<\/strong><\/p>\n\n\n<div class=\"wp-block-columns is-layout-flex wp-container-core-columns-is-layout-9d6595d7 wp-block-columns-is-layout-flex\">\n<div class=\"wp-block-column is-layout-flow wp-block-column-is-layout-flow\">\n<div class=\"wp-block-columns is-layout-flex wp-container-core-columns-is-layout-9d6595d7 wp-block-columns-is-layout-flex\">\n<div class=\"wp-block-column is-layout-flow wp-block-column-is-layout-flow\">\n<figure class=\"wp-block-image size-full is-resized\"><img decoding=\"async\" width=\"333\" height=\"500\" src=\"https:\/\/www.iemj.org\/wp-content\/uploads\/2022\/12\/Un-apercu-des-archives-de-Michel-Heymann4.jpg\" alt=\"\" class=\"wp-image-91158\" style=\"width:183px;height:274px\" srcset=\"https:\/\/www.iemj.org\/wp-content\/uploads\/2022\/12\/Un-apercu-des-archives-de-Michel-Heymann4.jpg 333w, https:\/\/www.iemj.org\/wp-content\/uploads\/2022\/12\/Un-apercu-des-archives-de-Michel-Heymann4-200x300.jpg 200w\" sizes=\"(max-width: 333px) 100vw, 333px\" \/><\/figure>\n<\/div>\n\n\n\n<div class=\"wp-block-column is-layout-flow wp-block-column-is-layout-flow\">\n<figure class=\"wp-block-image size-full is-resized\"><img loading=\"lazy\" decoding=\"async\" width=\"225\" height=\"500\" src=\"https:\/\/www.iemj.org\/wp-content\/uploads\/2022\/12\/Un-apercu-des-archives-de-Michel-Heymann2.jpg\" alt=\"\" class=\"wp-image-91141\" style=\"width:159px;height:321px\" srcset=\"https:\/\/www.iemj.org\/wp-content\/uploads\/2022\/12\/Un-apercu-des-archives-de-Michel-Heymann2.jpg 225w, https:\/\/www.iemj.org\/wp-content\/uploads\/2022\/12\/Un-apercu-des-archives-de-Michel-Heymann2-135x300.jpg 135w\" sizes=\"(max-width: 225px) 100vw, 225px\" \/><\/figure>\n<\/div>\n<\/div>\n<\/div>\n\n\n\n<div class=\"wp-block-column is-layout-flow wp-block-column-is-layout-flow\">\n<div class=\"wp-block-columns is-layout-flex wp-container-core-columns-is-layout-9d6595d7 wp-block-columns-is-layout-flex\">\n<div class=\"wp-block-column is-layout-flow wp-block-column-is-layout-flow\">\n<figure class=\"wp-block-image size-full is-resized\"><img loading=\"lazy\" decoding=\"async\" width=\"225\" height=\"500\" src=\"https:\/\/www.iemj.org\/wp-content\/uploads\/2022\/12\/Un-apercu-des-archives-de-Michel-Heymann3.jpg\" alt=\"\" class=\"wp-image-91146\" style=\"width:159px;height:321px\" srcset=\"https:\/\/www.iemj.org\/wp-content\/uploads\/2022\/12\/Un-apercu-des-archives-de-Michel-Heymann3.jpg 225w, https:\/\/www.iemj.org\/wp-content\/uploads\/2022\/12\/Un-apercu-des-archives-de-Michel-Heymann3-135x300.jpg 135w\" sizes=\"(max-width: 225px) 100vw, 225px\" \/><\/figure>\n<\/div>\n\n\n\n<div class=\"wp-block-column is-layout-flow wp-block-column-is-layout-flow\">\n<figure class=\"wp-block-image size-full is-resized\"><img loading=\"lazy\" decoding=\"async\" width=\"337\" height=\"500\" src=\"https:\/\/www.iemj.org\/wp-content\/uploads\/2022\/12\/Un-apercu-des-archives-de-Michel-Heymann5.jpg\" alt=\"\" class=\"wp-image-91153\" style=\"width:183px;height:274px\" srcset=\"https:\/\/www.iemj.org\/wp-content\/uploads\/2022\/12\/Un-apercu-des-archives-de-Michel-Heymann5.jpg 337w, https:\/\/www.iemj.org\/wp-content\/uploads\/2022\/12\/Un-apercu-des-archives-de-Michel-Heymann5-202x300.jpg 202w\" sizes=\"(max-width: 337px) 100vw, 337px\" \/><\/figure>\n<\/div>\n<\/div>\n<\/div>\n<\/div>\n","protected":false},"excerpt":{"rendered":"<p>Michel Heymann \u00e8 uno degli ultimi detentori della liturgia achkenazita della Valle del Reno. Nato nel 1952 a Strasburgo, ha imparato la liturgia da Bertrand Joseph, ex ministro officiante di<\/p>\n","protected":false},"author":5,"featured_media":91119,"comment_status":"closed","ping_status":"closed","sticky":false,"template":"","format":"standard","meta":{"_acf_changed":false,"footnotes":""},"categories":[1343],"tags":[],"technique":[],"squelettes":[],"sujet":[2098,2106],"formation":[],"genre":[],"fonds":[],"tradition":[],"type-de-contenu":[],"interprete-compositeur":[3271],"frise":[],"type-devenement":[],"tableaux-liens-externes":[],"class_list":["post-91185","post","type-post","status-publish","format-standard","has-post-thumbnail","hentry","category-attualita-it","sujet-alsazia-lorena-it","sujet-il-cantore-hazzan-it","interprete-compositeur-michel-heymann-it"],"acf":[],"yoast_head":"<!-- This site is optimized with the Yoast SEO plugin v27.3 - https:\/\/yoast.com\/product\/yoast-seo-wordpress\/ -->\n<title>Michel Heymann ha confidato tutti i suoi archivi musicali all&#039;IEMJ - Institut Europ\u00e9en des Musiques Juives<\/title>\n<meta name=\"robots\" content=\"index, follow, max-snippet:-1, max-image-preview:large, max-video-preview:-1\" \/>\n<link rel=\"canonical\" href=\"https:\/\/www.iemj.org\/it\/michel-heymann-confie-lensemble-de-ses-archives-musicales-a-liemj\/\" \/>\n<meta property=\"og:locale\" content=\"it_IT\" \/>\n<meta property=\"og:type\" content=\"article\" \/>\n<meta property=\"og:title\" content=\"Michel Heymann ha confidato tutti i suoi archivi musicali all&#039;IEMJ - Institut Europ\u00e9en des Musiques Juives\" \/>\n<meta property=\"og:description\" content=\"Michel Heymann \u00e8 uno degli ultimi detentori della liturgia achkenazita della Valle del Reno. Nato nel 1952 a Strasburgo, ha imparato la liturgia da Bertrand Joseph, ex ministro officiante di\" \/>\n<meta property=\"og:url\" content=\"https:\/\/www.iemj.org\/it\/michel-heymann-confie-lensemble-de-ses-archives-musicales-a-liemj\/\" \/>\n<meta property=\"og:site_name\" content=\"Institut Europ\u00e9en des Musiques Juives\" \/>\n<meta property=\"article:publisher\" content=\"https:\/\/www.facebook.com\/MusiquesJuives\/\" \/>\n<meta property=\"article:published_time\" content=\"2022-12-15T10:56:40+00:00\" \/>\n<meta property=\"article:modified_time\" content=\"2025-03-27T14:34:06+00:00\" \/>\n<meta property=\"og:image\" content=\"https:\/\/www.iemj.org\/wp-content\/uploads\/2022\/12\/Logo-article-2.jpg\" \/>\n\t<meta property=\"og:image:width\" content=\"500\" \/>\n\t<meta property=\"og:image:height\" content=\"500\" \/>\n\t<meta property=\"og:image:type\" content=\"image\/jpeg\" \/>\n<meta name=\"author\" content=\"Jacqueline ROTEN\" \/>\n<meta name=\"twitter:card\" content=\"summary_large_image\" \/>\n<meta name=\"twitter:label1\" content=\"Scritto da\" \/>\n\t<meta name=\"twitter:data1\" content=\"Jacqueline ROTEN\" \/>\n\t<meta name=\"twitter:label2\" content=\"Tempo di lettura stimato\" \/>\n\t<meta name=\"twitter:data2\" content=\"3 minuti\" \/>\n<script type=\"application\/ld+json\" class=\"yoast-schema-graph\">{\"@context\":\"https:\\\/\\\/schema.org\",\"@graph\":[{\"@type\":\"Article\",\"@id\":\"https:\\\/\\\/www.iemj.org\\\/it\\\/michel-heymann-confie-lensemble-de-ses-archives-musicales-a-liemj\\\/#article\",\"isPartOf\":{\"@id\":\"https:\\\/\\\/www.iemj.org\\\/it\\\/michel-heymann-confie-lensemble-de-ses-archives-musicales-a-liemj\\\/\"},\"author\":{\"name\":\"Jacqueline ROTEN\",\"@id\":\"https:\\\/\\\/www.iemj.org\\\/it\\\/#\\\/schema\\\/person\\\/358e26c18aca017fcc4cc15437f7279c\"},\"headline\":\"Michel Heymann ha confidato tutti i suoi archivi musicali all&#8217;IEMJ\",\"datePublished\":\"2022-12-15T10:56:40+00:00\",\"dateModified\":\"2025-03-27T14:34:06+00:00\",\"mainEntityOfPage\":{\"@id\":\"https:\\\/\\\/www.iemj.org\\\/it\\\/michel-heymann-confie-lensemble-de-ses-archives-musicales-a-liemj\\\/\"},\"wordCount\":348,\"publisher\":{\"@id\":\"https:\\\/\\\/www.iemj.org\\\/it\\\/#organization\"},\"image\":{\"@id\":\"https:\\\/\\\/www.iemj.org\\\/it\\\/michel-heymann-confie-lensemble-de-ses-archives-musicales-a-liemj\\\/#primaryimage\"},\"thumbnailUrl\":\"https:\\\/\\\/www.iemj.org\\\/wp-content\\\/uploads\\\/2022\\\/12\\\/Logo-article-2.jpg\",\"articleSection\":[\"Atttualit\u00e0\"],\"inLanguage\":\"it-IT\"},{\"@type\":\"WebPage\",\"@id\":\"https:\\\/\\\/www.iemj.org\\\/it\\\/michel-heymann-confie-lensemble-de-ses-archives-musicales-a-liemj\\\/\",\"url\":\"https:\\\/\\\/www.iemj.org\\\/it\\\/michel-heymann-confie-lensemble-de-ses-archives-musicales-a-liemj\\\/\",\"name\":\"Michel Heymann ha confidato tutti i suoi archivi musicali all'IEMJ - Institut Europ\u00e9en des Musiques Juives\",\"isPartOf\":{\"@id\":\"https:\\\/\\\/www.iemj.org\\\/it\\\/#website\"},\"primaryImageOfPage\":{\"@id\":\"https:\\\/\\\/www.iemj.org\\\/it\\\/michel-heymann-confie-lensemble-de-ses-archives-musicales-a-liemj\\\/#primaryimage\"},\"image\":{\"@id\":\"https:\\\/\\\/www.iemj.org\\\/it\\\/michel-heymann-confie-lensemble-de-ses-archives-musicales-a-liemj\\\/#primaryimage\"},\"thumbnailUrl\":\"https:\\\/\\\/www.iemj.org\\\/wp-content\\\/uploads\\\/2022\\\/12\\\/Logo-article-2.jpg\",\"datePublished\":\"2022-12-15T10:56:40+00:00\",\"dateModified\":\"2025-03-27T14:34:06+00:00\",\"breadcrumb\":{\"@id\":\"https:\\\/\\\/www.iemj.org\\\/it\\\/michel-heymann-confie-lensemble-de-ses-archives-musicales-a-liemj\\\/#breadcrumb\"},\"inLanguage\":\"it-IT\",\"potentialAction\":[{\"@type\":\"ReadAction\",\"target\":[\"https:\\\/\\\/www.iemj.org\\\/it\\\/michel-heymann-confie-lensemble-de-ses-archives-musicales-a-liemj\\\/\"]}]},{\"@type\":\"ImageObject\",\"inLanguage\":\"it-IT\",\"@id\":\"https:\\\/\\\/www.iemj.org\\\/it\\\/michel-heymann-confie-lensemble-de-ses-archives-musicales-a-liemj\\\/#primaryimage\",\"url\":\"https:\\\/\\\/www.iemj.org\\\/wp-content\\\/uploads\\\/2022\\\/12\\\/Logo-article-2.jpg\",\"contentUrl\":\"https:\\\/\\\/www.iemj.org\\\/wp-content\\\/uploads\\\/2022\\\/12\\\/Logo-article-2.jpg\",\"width\":500,\"height\":500},{\"@type\":\"BreadcrumbList\",\"@id\":\"https:\\\/\\\/www.iemj.org\\\/it\\\/michel-heymann-confie-lensemble-de-ses-archives-musicales-a-liemj\\\/#breadcrumb\",\"itemListElement\":[{\"@type\":\"ListItem\",\"position\":1,\"name\":\"Accueil\",\"item\":\"https:\\\/\\\/www.iemj.org\\\/it\\\/\"},{\"@type\":\"ListItem\",\"position\":2,\"name\":\"Michel Heymann ha confidato tutti i suoi archivi musicali all&#8217;IEMJ\"}]},{\"@type\":\"WebSite\",\"@id\":\"https:\\\/\\\/www.iemj.org\\\/it\\\/#website\",\"url\":\"https:\\\/\\\/www.iemj.org\\\/it\\\/\",\"name\":\"Institut Europ\u00e9en des Musiques Juives\",\"description\":\"Des traditions musicales \u00e0 la port\u00e9e de tous\",\"publisher\":{\"@id\":\"https:\\\/\\\/www.iemj.org\\\/it\\\/#organization\"},\"potentialAction\":[{\"@type\":\"SearchAction\",\"target\":{\"@type\":\"EntryPoint\",\"urlTemplate\":\"https:\\\/\\\/www.iemj.org\\\/it\\\/?s={search_term_string}\"},\"query-input\":{\"@type\":\"PropertyValueSpecification\",\"valueRequired\":true,\"valueName\":\"search_term_string\"}}],\"inLanguage\":\"it-IT\"},{\"@type\":\"Organization\",\"@id\":\"https:\\\/\\\/www.iemj.org\\\/it\\\/#organization\",\"name\":\"Institut Europ\u00e9en des Musiques Juives\",\"url\":\"https:\\\/\\\/www.iemj.org\\\/it\\\/\",\"logo\":{\"@type\":\"ImageObject\",\"inLanguage\":\"it-IT\",\"@id\":\"https:\\\/\\\/www.iemj.org\\\/it\\\/#\\\/schema\\\/logo\\\/image\\\/\",\"url\":\"https:\\\/\\\/www.iemj.org\\\/wp-content\\\/uploads\\\/2021\\\/09\\\/Logo-IEMJ-Paypal.jpg\",\"contentUrl\":\"https:\\\/\\\/www.iemj.org\\\/wp-content\\\/uploads\\\/2021\\\/09\\\/Logo-IEMJ-Paypal.jpg\",\"width\":150,\"height\":50,\"caption\":\"Institut Europ\u00e9en des Musiques Juives\"},\"image\":{\"@id\":\"https:\\\/\\\/www.iemj.org\\\/it\\\/#\\\/schema\\\/logo\\\/image\\\/\"},\"sameAs\":[\"https:\\\/\\\/www.facebook.com\\\/MusiquesJuives\\\/\",\"https:\\\/\\\/www.instagram.com\\\/musiquesjuives\\\/\",\"https:\\\/\\\/www.youtube.com\\\/user\\\/musiquesjuives\"]},{\"@type\":\"Person\",\"@id\":\"https:\\\/\\\/www.iemj.org\\\/it\\\/#\\\/schema\\\/person\\\/358e26c18aca017fcc4cc15437f7279c\",\"name\":\"Jacqueline ROTEN\",\"image\":{\"@type\":\"ImageObject\",\"inLanguage\":\"it-IT\",\"@id\":\"https:\\\/\\\/secure.gravatar.com\\\/avatar\\\/5964256d6c6957de3a3505278957e0fb2a35119ac47ea41827a65301213c810b?s=96&d=mm&r=g\",\"url\":\"https:\\\/\\\/secure.gravatar.com\\\/avatar\\\/5964256d6c6957de3a3505278957e0fb2a35119ac47ea41827a65301213c810b?s=96&d=mm&r=g\",\"contentUrl\":\"https:\\\/\\\/secure.gravatar.com\\\/avatar\\\/5964256d6c6957de3a3505278957e0fb2a35119ac47ea41827a65301213c810b?s=96&d=mm&r=g\",\"caption\":\"Jacqueline ROTEN\"}}]}<\/script>\n<!-- \/ Yoast SEO plugin. -->","yoast_head_json":{"title":"Michel Heymann ha confidato tutti i suoi archivi musicali all'IEMJ - Institut Europ\u00e9en des Musiques Juives","robots":{"index":"index","follow":"follow","max-snippet":"max-snippet:-1","max-image-preview":"max-image-preview:large","max-video-preview":"max-video-preview:-1"},"canonical":"https:\/\/www.iemj.org\/it\/michel-heymann-confie-lensemble-de-ses-archives-musicales-a-liemj\/","og_locale":"it_IT","og_type":"article","og_title":"Michel Heymann ha confidato tutti i suoi archivi musicali all'IEMJ - Institut Europ\u00e9en des Musiques Juives","og_description":"Michel Heymann \u00e8 uno degli ultimi detentori della liturgia achkenazita della Valle del Reno. Nato nel 1952 a Strasburgo, ha imparato la liturgia da Bertrand Joseph, ex ministro officiante di","og_url":"https:\/\/www.iemj.org\/it\/michel-heymann-confie-lensemble-de-ses-archives-musicales-a-liemj\/","og_site_name":"Institut Europ\u00e9en des Musiques Juives","article_publisher":"https:\/\/www.facebook.com\/MusiquesJuives\/","article_published_time":"2022-12-15T10:56:40+00:00","article_modified_time":"2025-03-27T14:34:06+00:00","og_image":[{"width":500,"height":500,"url":"https:\/\/www.iemj.org\/wp-content\/uploads\/2022\/12\/Logo-article-2.jpg","type":"image\/jpeg"}],"author":"Jacqueline ROTEN","twitter_card":"summary_large_image","twitter_misc":{"Scritto da":"Jacqueline ROTEN","Tempo di lettura stimato":"3 minuti"},"schema":{"@context":"https:\/\/schema.org","@graph":[{"@type":"Article","@id":"https:\/\/www.iemj.org\/it\/michel-heymann-confie-lensemble-de-ses-archives-musicales-a-liemj\/#article","isPartOf":{"@id":"https:\/\/www.iemj.org\/it\/michel-heymann-confie-lensemble-de-ses-archives-musicales-a-liemj\/"},"author":{"name":"Jacqueline ROTEN","@id":"https:\/\/www.iemj.org\/it\/#\/schema\/person\/358e26c18aca017fcc4cc15437f7279c"},"headline":"Michel Heymann ha confidato tutti i suoi archivi musicali all&#8217;IEMJ","datePublished":"2022-12-15T10:56:40+00:00","dateModified":"2025-03-27T14:34:06+00:00","mainEntityOfPage":{"@id":"https:\/\/www.iemj.org\/it\/michel-heymann-confie-lensemble-de-ses-archives-musicales-a-liemj\/"},"wordCount":348,"publisher":{"@id":"https:\/\/www.iemj.org\/it\/#organization"},"image":{"@id":"https:\/\/www.iemj.org\/it\/michel-heymann-confie-lensemble-de-ses-archives-musicales-a-liemj\/#primaryimage"},"thumbnailUrl":"https:\/\/www.iemj.org\/wp-content\/uploads\/2022\/12\/Logo-article-2.jpg","articleSection":["Atttualit\u00e0"],"inLanguage":"it-IT"},{"@type":"WebPage","@id":"https:\/\/www.iemj.org\/it\/michel-heymann-confie-lensemble-de-ses-archives-musicales-a-liemj\/","url":"https:\/\/www.iemj.org\/it\/michel-heymann-confie-lensemble-de-ses-archives-musicales-a-liemj\/","name":"Michel Heymann ha confidato tutti i suoi archivi musicali all'IEMJ - Institut Europ\u00e9en des Musiques Juives","isPartOf":{"@id":"https:\/\/www.iemj.org\/it\/#website"},"primaryImageOfPage":{"@id":"https:\/\/www.iemj.org\/it\/michel-heymann-confie-lensemble-de-ses-archives-musicales-a-liemj\/#primaryimage"},"image":{"@id":"https:\/\/www.iemj.org\/it\/michel-heymann-confie-lensemble-de-ses-archives-musicales-a-liemj\/#primaryimage"},"thumbnailUrl":"https:\/\/www.iemj.org\/wp-content\/uploads\/2022\/12\/Logo-article-2.jpg","datePublished":"2022-12-15T10:56:40+00:00","dateModified":"2025-03-27T14:34:06+00:00","breadcrumb":{"@id":"https:\/\/www.iemj.org\/it\/michel-heymann-confie-lensemble-de-ses-archives-musicales-a-liemj\/#breadcrumb"},"inLanguage":"it-IT","potentialAction":[{"@type":"ReadAction","target":["https:\/\/www.iemj.org\/it\/michel-heymann-confie-lensemble-de-ses-archives-musicales-a-liemj\/"]}]},{"@type":"ImageObject","inLanguage":"it-IT","@id":"https:\/\/www.iemj.org\/it\/michel-heymann-confie-lensemble-de-ses-archives-musicales-a-liemj\/#primaryimage","url":"https:\/\/www.iemj.org\/wp-content\/uploads\/2022\/12\/Logo-article-2.jpg","contentUrl":"https:\/\/www.iemj.org\/wp-content\/uploads\/2022\/12\/Logo-article-2.jpg","width":500,"height":500},{"@type":"BreadcrumbList","@id":"https:\/\/www.iemj.org\/it\/michel-heymann-confie-lensemble-de-ses-archives-musicales-a-liemj\/#breadcrumb","itemListElement":[{"@type":"ListItem","position":1,"name":"Accueil","item":"https:\/\/www.iemj.org\/it\/"},{"@type":"ListItem","position":2,"name":"Michel Heymann ha confidato tutti i suoi archivi musicali all&#8217;IEMJ"}]},{"@type":"WebSite","@id":"https:\/\/www.iemj.org\/it\/#website","url":"https:\/\/www.iemj.org\/it\/","name":"Institut Europ\u00e9en des Musiques Juives","description":"Des traditions musicales \u00e0 la port\u00e9e de tous","publisher":{"@id":"https:\/\/www.iemj.org\/it\/#organization"},"potentialAction":[{"@type":"SearchAction","target":{"@type":"EntryPoint","urlTemplate":"https:\/\/www.iemj.org\/it\/?s={search_term_string}"},"query-input":{"@type":"PropertyValueSpecification","valueRequired":true,"valueName":"search_term_string"}}],"inLanguage":"it-IT"},{"@type":"Organization","@id":"https:\/\/www.iemj.org\/it\/#organization","name":"Institut Europ\u00e9en des Musiques Juives","url":"https:\/\/www.iemj.org\/it\/","logo":{"@type":"ImageObject","inLanguage":"it-IT","@id":"https:\/\/www.iemj.org\/it\/#\/schema\/logo\/image\/","url":"https:\/\/www.iemj.org\/wp-content\/uploads\/2021\/09\/Logo-IEMJ-Paypal.jpg","contentUrl":"https:\/\/www.iemj.org\/wp-content\/uploads\/2021\/09\/Logo-IEMJ-Paypal.jpg","width":150,"height":50,"caption":"Institut Europ\u00e9en des Musiques Juives"},"image":{"@id":"https:\/\/www.iemj.org\/it\/#\/schema\/logo\/image\/"},"sameAs":["https:\/\/www.facebook.com\/MusiquesJuives\/","https:\/\/www.instagram.com\/musiquesjuives\/","https:\/\/www.youtube.com\/user\/musiquesjuives"]},{"@type":"Person","@id":"https:\/\/www.iemj.org\/it\/#\/schema\/person\/358e26c18aca017fcc4cc15437f7279c","name":"Jacqueline ROTEN","image":{"@type":"ImageObject","inLanguage":"it-IT","@id":"https:\/\/secure.gravatar.com\/avatar\/5964256d6c6957de3a3505278957e0fb2a35119ac47ea41827a65301213c810b?s=96&d=mm&r=g","url":"https:\/\/secure.gravatar.com\/avatar\/5964256d6c6957de3a3505278957e0fb2a35119ac47ea41827a65301213c810b?s=96&d=mm&r=g","contentUrl":"https:\/\/secure.gravatar.com\/avatar\/5964256d6c6957de3a3505278957e0fb2a35119ac47ea41827a65301213c810b?s=96&d=mm&r=g","caption":"Jacqueline ROTEN"}}]}},"_links":{"self":[{"href":"https:\/\/www.iemj.org\/it\/wp-json\/wp\/v2\/posts\/91185","targetHints":{"allow":["GET"]}}],"collection":[{"href":"https:\/\/www.iemj.org\/it\/wp-json\/wp\/v2\/posts"}],"about":[{"href":"https:\/\/www.iemj.org\/it\/wp-json\/wp\/v2\/types\/post"}],"author":[{"embeddable":true,"href":"https:\/\/www.iemj.org\/it\/wp-json\/wp\/v2\/users\/5"}],"replies":[{"embeddable":true,"href":"https:\/\/www.iemj.org\/it\/wp-json\/wp\/v2\/comments?post=91185"}],"version-history":[{"count":0,"href":"https:\/\/www.iemj.org\/it\/wp-json\/wp\/v2\/posts\/91185\/revisions"}],"wp:featuredmedia":[{"embeddable":true,"href":"https:\/\/www.iemj.org\/it\/wp-json\/wp\/v2\/media\/91119"}],"wp:attachment":[{"href":"https:\/\/www.iemj.org\/it\/wp-json\/wp\/v2\/media?parent=91185"}],"wp:term":[{"taxonomy":"category","embeddable":true,"href":"https:\/\/www.iemj.org\/it\/wp-json\/wp\/v2\/categories?post=91185"},{"taxonomy":"post_tag","embeddable":true,"href":"https:\/\/www.iemj.org\/it\/wp-json\/wp\/v2\/tags?post=91185"},{"taxonomy":"technique","embeddable":true,"href":"https:\/\/www.iemj.org\/it\/wp-json\/wp\/v2\/technique?post=91185"},{"taxonomy":"squelettes","embeddable":true,"href":"https:\/\/www.iemj.org\/it\/wp-json\/wp\/v2\/squelettes?post=91185"},{"taxonomy":"sujet","embeddable":true,"href":"https:\/\/www.iemj.org\/it\/wp-json\/wp\/v2\/sujet?post=91185"},{"taxonomy":"formation","embeddable":true,"href":"https:\/\/www.iemj.org\/it\/wp-json\/wp\/v2\/formation?post=91185"},{"taxonomy":"genre","embeddable":true,"href":"https:\/\/www.iemj.org\/it\/wp-json\/wp\/v2\/genre?post=91185"},{"taxonomy":"fonds","embeddable":true,"href":"https:\/\/www.iemj.org\/it\/wp-json\/wp\/v2\/fonds?post=91185"},{"taxonomy":"tradition","embeddable":true,"href":"https:\/\/www.iemj.org\/it\/wp-json\/wp\/v2\/tradition?post=91185"},{"taxonomy":"type-de-contenu","embeddable":true,"href":"https:\/\/www.iemj.org\/it\/wp-json\/wp\/v2\/type-de-contenu?post=91185"},{"taxonomy":"interprete-compositeur","embeddable":true,"href":"https:\/\/www.iemj.org\/it\/wp-json\/wp\/v2\/interprete-compositeur?post=91185"},{"taxonomy":"frise","embeddable":true,"href":"https:\/\/www.iemj.org\/it\/wp-json\/wp\/v2\/frise?post=91185"},{"taxonomy":"type-devenement","embeddable":true,"href":"https:\/\/www.iemj.org\/it\/wp-json\/wp\/v2\/type-devenement?post=91185"},{"taxonomy":"tableaux-liens-externes","embeddable":true,"href":"https:\/\/www.iemj.org\/it\/wp-json\/wp\/v2\/tableaux-liens-externes?post=91185"}],"curies":[{"name":"wp","href":"https:\/\/api.w.org\/{rel}","templated":true}]}}