{"id":91357,"date":"2022-12-27T17:17:47","date_gmt":"2022-12-27T16:17:47","guid":{"rendered":"https:\/\/www.iemj.org\/les-affiches-de-concert-de-jacques-chalude-dit-ben-baruch\/"},"modified":"2023-01-30T11:33:49","modified_gmt":"2023-01-30T10:33:49","slug":"les-affiches-de-concert-de-jacques-chalude-dit-ben-baruch","status":"publish","type":"post","link":"https:\/\/www.iemj.org\/it\/les-affiches-de-concert-de-jacques-chalude-dit-ben-baruch\/","title":{"rendered":"I manifesti dei concerti di Jacques Chalude, noto come Ben Baruch"},"content":{"rendered":"\n<p><\/p>\n\n\n\n<p>Donati all&#8217;IEMJ nel 2015 dal figlio Jo\u00ebl Chalude, <a href=\"https:\/\/www.iemj.org\/it\/fonds-jacques-chalude-dit-ben-baruch\/\">gli archivi di Jacques Ch<\/a><a href=\"https:\/\/www.iemj.org\/it\/fonds-jacques-chalude-dit-ben-baruch\/\" target=\"_blank\" rel=\"noreferrer noopener\">alude, detto Ben Baruch<\/a>, comprendono pi\u00f9 di 440 documenti, tra cui magnifici dischi a 78 giri dipinti, spartiti di canzoni yiddish e liturgie, oltre a quasi un centinaio di manifesti di concerti e ritagli di giornale dagli anni &#8217;30 agli anni &#8217;80.<\/p>\n\n\n\n<p>N\u00e9 le 20 septembre 1914 \u00e0 Staeiszyn, dans la r\u00e9gion de Kalisz (Pologne), au sein d\u2019une famille religieuse, Yitshak Zaludkowski et sa famille s\u2019installent \u00e0 Bruxelles en 1919. En 1940, peu de temps apr\u00e8s l\u2019invasion allemande de la Belgique, il s\u2019exile en France et prend alors le nom de Jacques Chalude. Durant la guerre, il poursuit ses \u00e9tudes de chant lyrique et se produit sur diff\u00e9rentes sc\u00e8nes. A la fin de la guerre, de retour \u00e0 Paris, il devient&nbsp;soliste \u00e0 la Radiodiffusion fran\u00e7aise.<\/p>\n\n\n\n<p>Nato il 20 settembre 1914 a Staeiszyn, nella regione polacca di Kalisz, da una famiglia di religiosi, Yitshak Zaludkowski e la sua famiglia si trasferirono a Bruxelles nel 1919. Nel 1940, poco dopo l&#8217;invasione tedesca del Belgio, si ritir\u00f2 in esilio in Francia e prese il nome di Jacques Chalude. Durante la guerra, ha proseguito gli studi di canto lirico e si \u00e8 esibito su vari palcoscenici. Alla fine della guerra, tornato a Parigi, divenne solista alla Radiodiffusion fran\u00e7aise (Radio Broadcasting Company francese).<\/p>\n\n\n\n<p>Nel corso della sua carriera, Ben Baruch ha sperimentato una variet\u00e0 di stili musicali: dall&#8217;opera alle canzoni di cabaret yiddish, dalla liturgia ebraica polacca alle melodie del concistoro ashkenazita.<\/p>\n\n\n\n<p>Il montaggio video &#8220;Ben Baruch on the billboard&#8221;, che vi proponiamo di seguito, ripercorre la carriera di questo straordinario cantante attraverso una selezione di manifesti, musiche e fotografie.<\/p>\n\n\n\n<p><a href=\"https:\/\/www.iemj.org\/it\/chalude-jacques-dit-ben-baruch-1914-1997\/\" target=\"_blank\" rel=\"noreferrer noopener\">Leggere la <\/a><a href=\"https:\/\/www.iemj.org\/it\/chalude-jacques-dit-ben-baruch-1914-1997\/\">b<\/a><a href=\"https:\/\/www.iemj.org\/it\/chalude-jacques-dit-ben-baruch-1914-1997\/\" target=\"_blank\" rel=\"noreferrer noopener\">iografia di Ben Baruch<\/a><\/p>\n\n\n\n<p><a href=\"https:\/\/www.iemj.org\/it\/fonds-jacques-chalude-dit-ben-baruch\/\" target=\"_blank\" rel=\"noreferrer noopener\">Per accedere agli archivi di Jacques Chalude, noto come Ben Baruch<\/a><\/p>\n\n\n\n<p><a href=\"https:\/\/www.iemj.org\/it\/les-disques-78-tours-peints-de-ben-baruch\/\" target=\"_blank\" rel=\"noreferrer noopener\">Scoprire i dischi dipinti di Ben Baruch<\/a><\/p>\n\n\n\n<p><a href=\"https:\/\/www.iemj.org\/jacques-chalude-dit-ben-baruch-lartiste-aux-multiples-facettes\/\" target=\"_blank\" rel=\"noreferrer noopener\">Ascoltare il programma radiofonico Jacques Chalude, noto come Ben Baruch: l&#8217;artista dalle molteplici sfaccettature (in francese)<\/a><\/p>\n\n\n\n<p><a href=\"https:\/\/www.iemj.org\/it\/produit\/casket-of-the-jewish-musics-in-paris-in-the-aftermath-of-ww-ii\/\">Comprare il cofanetto &#8220;Musica ebraica nella Parigi del dopoguerra &#8211; Elesdisc 1948-1953, coll Archives, vol. 1 \u00e0 6.<\/a><\/p>\n\n\n\n<figure class=\"wp-block-embed is-type-video is-provider-youtube wp-block-embed-youtube wp-embed-aspect-4-3 wp-has-aspect-ratio\"><div class=\"wp-block-embed__wrapper\">\n<iframe title=\"LES AFFICHES DE CONCERTS DE JACQUES CHALUDE, DIT BEN BARUCH\" width=\"640\" height=\"480\" src=\"https:\/\/www.youtube.com\/embed\/UpSRw9UbGrM?feature=oembed\" frameborder=\"0\" allow=\"accelerometer; autoplay; clipboard-write; encrypted-media; gyroscope; picture-in-picture; web-share\" referrerpolicy=\"strict-origin-when-cross-origin\" allowfullscreen><\/iframe>\n<\/div><figcaption class=\"wp-element-caption\"><strong>Ben Baruch \u00e0 l\u2019affiche<\/strong> <em><strong>(Ben Baruch sotto i riflettori)<\/strong><\/em><\/figcaption><\/figure>\n","protected":false},"excerpt":{"rendered":"<p>Donati all&#8217;IEMJ nel 2015 dal figlio Jo\u00ebl Chalude, gli archivi di Jacques Chalude, detto Ben Baruch, comprendono pi\u00f9 di 440 documenti, tra cui magnifici dischi a 78 giri dipinti, spartiti<\/p>\n","protected":false},"author":5,"featured_media":91353,"comment_status":"closed","ping_status":"closed","sticky":false,"template":"","format":"standard","meta":{"_acf_changed":false,"footnotes":""},"categories":[1567],"tags":[],"technique":[],"squelettes":[],"sujet":[],"formation":[],"genre":[],"fonds":[],"tradition":[],"type-de-contenu":[],"interprete-compositeur":[3100],"frise":[],"type-devenement":[],"tableaux-liens-externes":[],"class_list":["post-91357","post","type-post","status-publish","format-standard","has-post-thumbnail","hentry","category-indispensabili-it","interprete-compositeur-ben-baruch-it"],"acf":[],"yoast_head":"<!-- This site is optimized with the Yoast SEO plugin v27.3 - https:\/\/yoast.com\/product\/yoast-seo-wordpress\/ -->\n<title>I manifesti dei concerti di Jacques Chalude, noto come Ben Baruch - Institut Europ\u00e9en des Musiques Juives<\/title>\n<meta name=\"robots\" content=\"index, follow, max-snippet:-1, max-image-preview:large, max-video-preview:-1\" \/>\n<link rel=\"canonical\" href=\"https:\/\/www.iemj.org\/it\/les-affiches-de-concert-de-jacques-chalude-dit-ben-baruch\/\" \/>\n<meta property=\"og:locale\" content=\"it_IT\" \/>\n<meta property=\"og:type\" content=\"article\" \/>\n<meta property=\"og:title\" content=\"I manifesti dei concerti di Jacques Chalude, noto come Ben Baruch - Institut Europ\u00e9en des Musiques Juives\" \/>\n<meta property=\"og:description\" content=\"Donati all&#8217;IEMJ nel 2015 dal figlio Jo\u00ebl Chalude, gli archivi di Jacques Chalude, detto Ben Baruch, comprendono pi\u00f9 di 440 documenti, tra cui magnifici dischi a 78 giri dipinti, spartiti\" \/>\n<meta property=\"og:url\" content=\"https:\/\/www.iemj.org\/it\/les-affiches-de-concert-de-jacques-chalude-dit-ben-baruch\/\" \/>\n<meta property=\"og:site_name\" content=\"Institut Europ\u00e9en des Musiques Juives\" \/>\n<meta property=\"article:publisher\" content=\"https:\/\/www.facebook.com\/MusiquesJuives\/\" \/>\n<meta property=\"article:published_time\" content=\"2022-12-27T16:17:47+00:00\" \/>\n<meta property=\"article:modified_time\" content=\"2023-01-30T10:33:49+00:00\" \/>\n<meta property=\"og:image\" content=\"https:\/\/www.iemj.org\/wp-content\/uploads\/2022\/12\/Logo-article-3.jpg\" \/>\n\t<meta property=\"og:image:width\" content=\"500\" \/>\n\t<meta property=\"og:image:height\" content=\"500\" \/>\n\t<meta property=\"og:image:type\" content=\"image\/jpeg\" \/>\n<meta name=\"author\" content=\"Jacqueline ROTEN\" \/>\n<meta name=\"twitter:card\" content=\"summary_large_image\" \/>\n<meta name=\"twitter:label1\" content=\"Scritto da\" \/>\n\t<meta name=\"twitter:data1\" content=\"Jacqueline ROTEN\" \/>\n\t<meta name=\"twitter:label2\" content=\"Tempo di lettura stimato\" \/>\n\t<meta name=\"twitter:data2\" content=\"2 minuti\" \/>\n<script type=\"application\/ld+json\" class=\"yoast-schema-graph\">{\"@context\":\"https:\\\/\\\/schema.org\",\"@graph\":[{\"@type\":\"Article\",\"@id\":\"https:\\\/\\\/www.iemj.org\\\/it\\\/les-affiches-de-concert-de-jacques-chalude-dit-ben-baruch\\\/#article\",\"isPartOf\":{\"@id\":\"https:\\\/\\\/www.iemj.org\\\/it\\\/les-affiches-de-concert-de-jacques-chalude-dit-ben-baruch\\\/\"},\"author\":{\"name\":\"Jacqueline ROTEN\",\"@id\":\"https:\\\/\\\/www.iemj.org\\\/it\\\/#\\\/schema\\\/person\\\/358e26c18aca017fcc4cc15437f7279c\"},\"headline\":\"I manifesti dei concerti di Jacques Chalude, noto come Ben Baruch\",\"datePublished\":\"2022-12-27T16:17:47+00:00\",\"dateModified\":\"2023-01-30T10:33:49+00:00\",\"mainEntityOfPage\":{\"@id\":\"https:\\\/\\\/www.iemj.org\\\/it\\\/les-affiches-de-concert-de-jacques-chalude-dit-ben-baruch\\\/\"},\"wordCount\":368,\"publisher\":{\"@id\":\"https:\\\/\\\/www.iemj.org\\\/it\\\/#organization\"},\"image\":{\"@id\":\"https:\\\/\\\/www.iemj.org\\\/it\\\/les-affiches-de-concert-de-jacques-chalude-dit-ben-baruch\\\/#primaryimage\"},\"thumbnailUrl\":\"https:\\\/\\\/www.iemj.org\\\/wp-content\\\/uploads\\\/2022\\\/12\\\/Logo-article-3.jpg\",\"articleSection\":[\"Indispensabili\"],\"inLanguage\":\"it-IT\"},{\"@type\":\"WebPage\",\"@id\":\"https:\\\/\\\/www.iemj.org\\\/it\\\/les-affiches-de-concert-de-jacques-chalude-dit-ben-baruch\\\/\",\"url\":\"https:\\\/\\\/www.iemj.org\\\/it\\\/les-affiches-de-concert-de-jacques-chalude-dit-ben-baruch\\\/\",\"name\":\"I manifesti dei concerti di Jacques Chalude, noto come Ben Baruch - Institut Europ\u00e9en des Musiques Juives\",\"isPartOf\":{\"@id\":\"https:\\\/\\\/www.iemj.org\\\/it\\\/#website\"},\"primaryImageOfPage\":{\"@id\":\"https:\\\/\\\/www.iemj.org\\\/it\\\/les-affiches-de-concert-de-jacques-chalude-dit-ben-baruch\\\/#primaryimage\"},\"image\":{\"@id\":\"https:\\\/\\\/www.iemj.org\\\/it\\\/les-affiches-de-concert-de-jacques-chalude-dit-ben-baruch\\\/#primaryimage\"},\"thumbnailUrl\":\"https:\\\/\\\/www.iemj.org\\\/wp-content\\\/uploads\\\/2022\\\/12\\\/Logo-article-3.jpg\",\"datePublished\":\"2022-12-27T16:17:47+00:00\",\"dateModified\":\"2023-01-30T10:33:49+00:00\",\"breadcrumb\":{\"@id\":\"https:\\\/\\\/www.iemj.org\\\/it\\\/les-affiches-de-concert-de-jacques-chalude-dit-ben-baruch\\\/#breadcrumb\"},\"inLanguage\":\"it-IT\",\"potentialAction\":[{\"@type\":\"ReadAction\",\"target\":[\"https:\\\/\\\/www.iemj.org\\\/it\\\/les-affiches-de-concert-de-jacques-chalude-dit-ben-baruch\\\/\"]}]},{\"@type\":\"ImageObject\",\"inLanguage\":\"it-IT\",\"@id\":\"https:\\\/\\\/www.iemj.org\\\/it\\\/les-affiches-de-concert-de-jacques-chalude-dit-ben-baruch\\\/#primaryimage\",\"url\":\"https:\\\/\\\/www.iemj.org\\\/wp-content\\\/uploads\\\/2022\\\/12\\\/Logo-article-3.jpg\",\"contentUrl\":\"https:\\\/\\\/www.iemj.org\\\/wp-content\\\/uploads\\\/2022\\\/12\\\/Logo-article-3.jpg\",\"width\":500,\"height\":500},{\"@type\":\"BreadcrumbList\",\"@id\":\"https:\\\/\\\/www.iemj.org\\\/it\\\/les-affiches-de-concert-de-jacques-chalude-dit-ben-baruch\\\/#breadcrumb\",\"itemListElement\":[{\"@type\":\"ListItem\",\"position\":1,\"name\":\"Accueil\",\"item\":\"https:\\\/\\\/www.iemj.org\\\/it\\\/\"},{\"@type\":\"ListItem\",\"position\":2,\"name\":\"I manifesti dei concerti di Jacques Chalude, noto come Ben Baruch\"}]},{\"@type\":\"WebSite\",\"@id\":\"https:\\\/\\\/www.iemj.org\\\/it\\\/#website\",\"url\":\"https:\\\/\\\/www.iemj.org\\\/it\\\/\",\"name\":\"Institut Europ\u00e9en des Musiques Juives\",\"description\":\"Des traditions musicales \u00e0 la port\u00e9e de tous\",\"publisher\":{\"@id\":\"https:\\\/\\\/www.iemj.org\\\/it\\\/#organization\"},\"potentialAction\":[{\"@type\":\"SearchAction\",\"target\":{\"@type\":\"EntryPoint\",\"urlTemplate\":\"https:\\\/\\\/www.iemj.org\\\/it\\\/?s={search_term_string}\"},\"query-input\":{\"@type\":\"PropertyValueSpecification\",\"valueRequired\":true,\"valueName\":\"search_term_string\"}}],\"inLanguage\":\"it-IT\"},{\"@type\":\"Organization\",\"@id\":\"https:\\\/\\\/www.iemj.org\\\/it\\\/#organization\",\"name\":\"Institut Europ\u00e9en des Musiques Juives\",\"url\":\"https:\\\/\\\/www.iemj.org\\\/it\\\/\",\"logo\":{\"@type\":\"ImageObject\",\"inLanguage\":\"it-IT\",\"@id\":\"https:\\\/\\\/www.iemj.org\\\/it\\\/#\\\/schema\\\/logo\\\/image\\\/\",\"url\":\"https:\\\/\\\/www.iemj.org\\\/wp-content\\\/uploads\\\/2021\\\/09\\\/Logo-IEMJ-Paypal.jpg\",\"contentUrl\":\"https:\\\/\\\/www.iemj.org\\\/wp-content\\\/uploads\\\/2021\\\/09\\\/Logo-IEMJ-Paypal.jpg\",\"width\":150,\"height\":50,\"caption\":\"Institut Europ\u00e9en des Musiques Juives\"},\"image\":{\"@id\":\"https:\\\/\\\/www.iemj.org\\\/it\\\/#\\\/schema\\\/logo\\\/image\\\/\"},\"sameAs\":[\"https:\\\/\\\/www.facebook.com\\\/MusiquesJuives\\\/\",\"https:\\\/\\\/www.instagram.com\\\/musiquesjuives\\\/\",\"https:\\\/\\\/www.youtube.com\\\/user\\\/musiquesjuives\"]},{\"@type\":\"Person\",\"@id\":\"https:\\\/\\\/www.iemj.org\\\/it\\\/#\\\/schema\\\/person\\\/358e26c18aca017fcc4cc15437f7279c\",\"name\":\"Jacqueline ROTEN\",\"image\":{\"@type\":\"ImageObject\",\"inLanguage\":\"it-IT\",\"@id\":\"https:\\\/\\\/secure.gravatar.com\\\/avatar\\\/5964256d6c6957de3a3505278957e0fb2a35119ac47ea41827a65301213c810b?s=96&d=mm&r=g\",\"url\":\"https:\\\/\\\/secure.gravatar.com\\\/avatar\\\/5964256d6c6957de3a3505278957e0fb2a35119ac47ea41827a65301213c810b?s=96&d=mm&r=g\",\"contentUrl\":\"https:\\\/\\\/secure.gravatar.com\\\/avatar\\\/5964256d6c6957de3a3505278957e0fb2a35119ac47ea41827a65301213c810b?s=96&d=mm&r=g\",\"caption\":\"Jacqueline ROTEN\"}}]}<\/script>\n<!-- \/ Yoast SEO plugin. -->","yoast_head_json":{"title":"I manifesti dei concerti di Jacques Chalude, noto come Ben Baruch - Institut Europ\u00e9en des Musiques Juives","robots":{"index":"index","follow":"follow","max-snippet":"max-snippet:-1","max-image-preview":"max-image-preview:large","max-video-preview":"max-video-preview:-1"},"canonical":"https:\/\/www.iemj.org\/it\/les-affiches-de-concert-de-jacques-chalude-dit-ben-baruch\/","og_locale":"it_IT","og_type":"article","og_title":"I manifesti dei concerti di Jacques Chalude, noto come Ben Baruch - Institut Europ\u00e9en des Musiques Juives","og_description":"Donati all&#8217;IEMJ nel 2015 dal figlio Jo\u00ebl Chalude, gli archivi di Jacques Chalude, detto Ben Baruch, comprendono pi\u00f9 di 440 documenti, tra cui magnifici dischi a 78 giri dipinti, spartiti","og_url":"https:\/\/www.iemj.org\/it\/les-affiches-de-concert-de-jacques-chalude-dit-ben-baruch\/","og_site_name":"Institut Europ\u00e9en des Musiques Juives","article_publisher":"https:\/\/www.facebook.com\/MusiquesJuives\/","article_published_time":"2022-12-27T16:17:47+00:00","article_modified_time":"2023-01-30T10:33:49+00:00","og_image":[{"width":500,"height":500,"url":"https:\/\/www.iemj.org\/wp-content\/uploads\/2022\/12\/Logo-article-3.jpg","type":"image\/jpeg"}],"author":"Jacqueline ROTEN","twitter_card":"summary_large_image","twitter_misc":{"Scritto da":"Jacqueline ROTEN","Tempo di lettura stimato":"2 minuti"},"schema":{"@context":"https:\/\/schema.org","@graph":[{"@type":"Article","@id":"https:\/\/www.iemj.org\/it\/les-affiches-de-concert-de-jacques-chalude-dit-ben-baruch\/#article","isPartOf":{"@id":"https:\/\/www.iemj.org\/it\/les-affiches-de-concert-de-jacques-chalude-dit-ben-baruch\/"},"author":{"name":"Jacqueline ROTEN","@id":"https:\/\/www.iemj.org\/it\/#\/schema\/person\/358e26c18aca017fcc4cc15437f7279c"},"headline":"I manifesti dei concerti di Jacques Chalude, noto come Ben Baruch","datePublished":"2022-12-27T16:17:47+00:00","dateModified":"2023-01-30T10:33:49+00:00","mainEntityOfPage":{"@id":"https:\/\/www.iemj.org\/it\/les-affiches-de-concert-de-jacques-chalude-dit-ben-baruch\/"},"wordCount":368,"publisher":{"@id":"https:\/\/www.iemj.org\/it\/#organization"},"image":{"@id":"https:\/\/www.iemj.org\/it\/les-affiches-de-concert-de-jacques-chalude-dit-ben-baruch\/#primaryimage"},"thumbnailUrl":"https:\/\/www.iemj.org\/wp-content\/uploads\/2022\/12\/Logo-article-3.jpg","articleSection":["Indispensabili"],"inLanguage":"it-IT"},{"@type":"WebPage","@id":"https:\/\/www.iemj.org\/it\/les-affiches-de-concert-de-jacques-chalude-dit-ben-baruch\/","url":"https:\/\/www.iemj.org\/it\/les-affiches-de-concert-de-jacques-chalude-dit-ben-baruch\/","name":"I manifesti dei concerti di Jacques Chalude, noto come Ben Baruch - Institut Europ\u00e9en des Musiques Juives","isPartOf":{"@id":"https:\/\/www.iemj.org\/it\/#website"},"primaryImageOfPage":{"@id":"https:\/\/www.iemj.org\/it\/les-affiches-de-concert-de-jacques-chalude-dit-ben-baruch\/#primaryimage"},"image":{"@id":"https:\/\/www.iemj.org\/it\/les-affiches-de-concert-de-jacques-chalude-dit-ben-baruch\/#primaryimage"},"thumbnailUrl":"https:\/\/www.iemj.org\/wp-content\/uploads\/2022\/12\/Logo-article-3.jpg","datePublished":"2022-12-27T16:17:47+00:00","dateModified":"2023-01-30T10:33:49+00:00","breadcrumb":{"@id":"https:\/\/www.iemj.org\/it\/les-affiches-de-concert-de-jacques-chalude-dit-ben-baruch\/#breadcrumb"},"inLanguage":"it-IT","potentialAction":[{"@type":"ReadAction","target":["https:\/\/www.iemj.org\/it\/les-affiches-de-concert-de-jacques-chalude-dit-ben-baruch\/"]}]},{"@type":"ImageObject","inLanguage":"it-IT","@id":"https:\/\/www.iemj.org\/it\/les-affiches-de-concert-de-jacques-chalude-dit-ben-baruch\/#primaryimage","url":"https:\/\/www.iemj.org\/wp-content\/uploads\/2022\/12\/Logo-article-3.jpg","contentUrl":"https:\/\/www.iemj.org\/wp-content\/uploads\/2022\/12\/Logo-article-3.jpg","width":500,"height":500},{"@type":"BreadcrumbList","@id":"https:\/\/www.iemj.org\/it\/les-affiches-de-concert-de-jacques-chalude-dit-ben-baruch\/#breadcrumb","itemListElement":[{"@type":"ListItem","position":1,"name":"Accueil","item":"https:\/\/www.iemj.org\/it\/"},{"@type":"ListItem","position":2,"name":"I manifesti dei concerti di Jacques Chalude, noto come Ben Baruch"}]},{"@type":"WebSite","@id":"https:\/\/www.iemj.org\/it\/#website","url":"https:\/\/www.iemj.org\/it\/","name":"Institut Europ\u00e9en des Musiques Juives","description":"Des traditions musicales \u00e0 la port\u00e9e de tous","publisher":{"@id":"https:\/\/www.iemj.org\/it\/#organization"},"potentialAction":[{"@type":"SearchAction","target":{"@type":"EntryPoint","urlTemplate":"https:\/\/www.iemj.org\/it\/?s={search_term_string}"},"query-input":{"@type":"PropertyValueSpecification","valueRequired":true,"valueName":"search_term_string"}}],"inLanguage":"it-IT"},{"@type":"Organization","@id":"https:\/\/www.iemj.org\/it\/#organization","name":"Institut Europ\u00e9en des Musiques Juives","url":"https:\/\/www.iemj.org\/it\/","logo":{"@type":"ImageObject","inLanguage":"it-IT","@id":"https:\/\/www.iemj.org\/it\/#\/schema\/logo\/image\/","url":"https:\/\/www.iemj.org\/wp-content\/uploads\/2021\/09\/Logo-IEMJ-Paypal.jpg","contentUrl":"https:\/\/www.iemj.org\/wp-content\/uploads\/2021\/09\/Logo-IEMJ-Paypal.jpg","width":150,"height":50,"caption":"Institut Europ\u00e9en des Musiques Juives"},"image":{"@id":"https:\/\/www.iemj.org\/it\/#\/schema\/logo\/image\/"},"sameAs":["https:\/\/www.facebook.com\/MusiquesJuives\/","https:\/\/www.instagram.com\/musiquesjuives\/","https:\/\/www.youtube.com\/user\/musiquesjuives"]},{"@type":"Person","@id":"https:\/\/www.iemj.org\/it\/#\/schema\/person\/358e26c18aca017fcc4cc15437f7279c","name":"Jacqueline ROTEN","image":{"@type":"ImageObject","inLanguage":"it-IT","@id":"https:\/\/secure.gravatar.com\/avatar\/5964256d6c6957de3a3505278957e0fb2a35119ac47ea41827a65301213c810b?s=96&d=mm&r=g","url":"https:\/\/secure.gravatar.com\/avatar\/5964256d6c6957de3a3505278957e0fb2a35119ac47ea41827a65301213c810b?s=96&d=mm&r=g","contentUrl":"https:\/\/secure.gravatar.com\/avatar\/5964256d6c6957de3a3505278957e0fb2a35119ac47ea41827a65301213c810b?s=96&d=mm&r=g","caption":"Jacqueline ROTEN"}}]}},"_links":{"self":[{"href":"https:\/\/www.iemj.org\/it\/wp-json\/wp\/v2\/posts\/91357","targetHints":{"allow":["GET"]}}],"collection":[{"href":"https:\/\/www.iemj.org\/it\/wp-json\/wp\/v2\/posts"}],"about":[{"href":"https:\/\/www.iemj.org\/it\/wp-json\/wp\/v2\/types\/post"}],"author":[{"embeddable":true,"href":"https:\/\/www.iemj.org\/it\/wp-json\/wp\/v2\/users\/5"}],"replies":[{"embeddable":true,"href":"https:\/\/www.iemj.org\/it\/wp-json\/wp\/v2\/comments?post=91357"}],"version-history":[{"count":0,"href":"https:\/\/www.iemj.org\/it\/wp-json\/wp\/v2\/posts\/91357\/revisions"}],"wp:featuredmedia":[{"embeddable":true,"href":"https:\/\/www.iemj.org\/it\/wp-json\/wp\/v2\/media\/91353"}],"wp:attachment":[{"href":"https:\/\/www.iemj.org\/it\/wp-json\/wp\/v2\/media?parent=91357"}],"wp:term":[{"taxonomy":"category","embeddable":true,"href":"https:\/\/www.iemj.org\/it\/wp-json\/wp\/v2\/categories?post=91357"},{"taxonomy":"post_tag","embeddable":true,"href":"https:\/\/www.iemj.org\/it\/wp-json\/wp\/v2\/tags?post=91357"},{"taxonomy":"technique","embeddable":true,"href":"https:\/\/www.iemj.org\/it\/wp-json\/wp\/v2\/technique?post=91357"},{"taxonomy":"squelettes","embeddable":true,"href":"https:\/\/www.iemj.org\/it\/wp-json\/wp\/v2\/squelettes?post=91357"},{"taxonomy":"sujet","embeddable":true,"href":"https:\/\/www.iemj.org\/it\/wp-json\/wp\/v2\/sujet?post=91357"},{"taxonomy":"formation","embeddable":true,"href":"https:\/\/www.iemj.org\/it\/wp-json\/wp\/v2\/formation?post=91357"},{"taxonomy":"genre","embeddable":true,"href":"https:\/\/www.iemj.org\/it\/wp-json\/wp\/v2\/genre?post=91357"},{"taxonomy":"fonds","embeddable":true,"href":"https:\/\/www.iemj.org\/it\/wp-json\/wp\/v2\/fonds?post=91357"},{"taxonomy":"tradition","embeddable":true,"href":"https:\/\/www.iemj.org\/it\/wp-json\/wp\/v2\/tradition?post=91357"},{"taxonomy":"type-de-contenu","embeddable":true,"href":"https:\/\/www.iemj.org\/it\/wp-json\/wp\/v2\/type-de-contenu?post=91357"},{"taxonomy":"interprete-compositeur","embeddable":true,"href":"https:\/\/www.iemj.org\/it\/wp-json\/wp\/v2\/interprete-compositeur?post=91357"},{"taxonomy":"frise","embeddable":true,"href":"https:\/\/www.iemj.org\/it\/wp-json\/wp\/v2\/frise?post=91357"},{"taxonomy":"type-devenement","embeddable":true,"href":"https:\/\/www.iemj.org\/it\/wp-json\/wp\/v2\/type-devenement?post=91357"},{"taxonomy":"tableaux-liens-externes","embeddable":true,"href":"https:\/\/www.iemj.org\/it\/wp-json\/wp\/v2\/tableaux-liens-externes?post=91357"}],"curies":[{"name":"wp","href":"https:\/\/api.w.org\/{rel}","templated":true}]}}