{"id":92010,"date":"2019-02-05T12:15:23","date_gmt":"2019-02-05T11:15:23","guid":{"rendered":"https:\/\/www.iemj.org\/m-offenbach-nous-ecrit\/"},"modified":"2023-01-11T14:58:30","modified_gmt":"2023-01-11T13:58:30","slug":"m-offenbach-nous-ecrit","status":"publish","type":"post","link":"https:\/\/www.iemj.org\/it\/m-offenbach-nous-ecrit\/","title":{"rendered":"M. Offenbach nous \u00e9crit"},"content":{"rendered":"<p>Pubblicato in gennaio 2019 dalle edizioni Actes Sud Beaux-Arts\/Palazzetto Bru Zane, questo libro di Jean-Claude Yon, basato sulla corrispondenza di Offenbach con il fondatore del quotidiano Le Figaro, ci offre un accesso privilegiato al modo di pensare ed alla personalit\u00e0 di un musicista tanto a suo agio con le parole quanto con le note.<\/p>\n<p><!--more--><\/p>\n<p>Offenbach, celebrato nel 2019 per il bicentenario della nascita (1819), appare come sempre: immancabile sul palcoscenico dello spettacolo lirico, ma cospirato, snaturato, parodiato&#8230; Le lettere qui raccolte, annotate, commentate, analizzate, mostrano l&#8217;intelligenza di un autore dei boulevard che aveva gi\u00e0 capito tutto della nostra mediatica nel XXI: una coscienza affilata, quella di un comunicatore molto rilevante.<\/p>\n<p>Dal 1854 fino alla sua morte, Jacques Offenbach spedisce al <strong><em>Figaro<\/em> <\/strong>decine di lettere da pubblicare: difese contro gli attacchi a lui rivolti, informazioni divertenti e piccanti tipiche di una mente impertinente e fantasiosa: un artista delirante che anche esercita una critica maliziosa ed irriverente contro ogni forma di potere. <strong>Jean-Claude Yon<\/strong>*, grande storico del teatro francese del XIX secolo ed autore di una magistrale biografia di Jacques Offenbach, \u00e8 l&#8217;iniziatore di questa raccolta epistolare di prim&#8217;ordine, che ci porta nel cuore del pensiero mediatico dell&#8217;autore de La Belle H\u00e9l\u00e8ne, La P\u00e9richole e Les Contes d&#8217;Hoffmann.<\/p>\n<p>&#8220;Posso dire che abbiamo ciascuno avuto successo nel genere che abbiamo creato, lui nell&#8217;operetta-bouffe, io nel piccolo giornalismo; i nostri successi sono stati fratelli, perch\u00e9 chi va a sentire la musica di Offenbach legge il Figaro e viceversa&#8221;, scriveva Hippolyte de Villemessant nel 1873. Infatti, dal 1854 fino alla sua morte nel 1880, Jacques Offenbach, grazie all&#8217;amicizia con il fondatore di Le Figaro, fece di quest&#8217;ultimo il suo giornale, pubblicando numerose lettere aperte ed una grande variet\u00e0 di testi. Raccogliendo e commentando questo corpus originale di quasi centoventi testi, Jean-Claude Yon ci trasporta nel cuore dell&#8217;aura mediatica dell&#8217;autore de La Belle H\u00e9l\u00e8ne e ci offre un accesso privilegiato al pensiero ed alla personalit\u00e0 di un musicista che si trovava a suo agio tanto con le parole quanto con le note.<\/p>\n<p><em>* <a href=\"https:\/\/fr.wikipedia.org\/wiki\/Jean-Claude_Yon\">Jean-Claude Yon<\/a> \u00e8 professore di storia contemporanea all&#8217;Universit\u00e0 di Versailles Saint-Quentin-en-Yvelines. \u00c8 uno specialista della storia degli spettacoli del XIX secolo ed \u00e8 direttore del Centre d\u2019Histoire Culturelle des Soci\u00e9t\u00e9s Contemporaines (CHCSC). \u00c8 anche direttore degli studi presso l&#8217;\u00c9cole Pratique des Hautes \u00c9tudes (EPHE).<\/em><\/p>\n<p><a href=\"https:\/\/www.iemj.org\/it\/offenbach-jacques-1819-1880\/\" target=\"_blank\" rel=\"noopener\">Leggere la biografia di Jacques Offenbach<\/a><br \/>\n<a href=\"https:\/\/www.iemj.org\/classique-vous-avez-dit-classique-deux-emissions-consacrees-a-jacques-offenbach\/\" target=\"_blank\" rel=\"noopener\">Ascoltare i programmi radiofonici di Laure Schnapper del 16 e del 30 gennaio 2019 su Juda\u00efques FM a proposito di Jacques Offenbach<\/a><br \/>\n<a href=\"https:\/\/www.actes-sud.fr\/node\/66955\" target=\"_blank\" rel=\"noopener\">Link al libro &#8211; \u00c9ditions Actes Sud<\/a><\/p>\n<p><iframe style=\"border: none; width: 100%; height: 500px;\" src=\"https:\/\/e.issuu.com\/anonymous-embed.html?u=actes_sud&amp;d=m._offenbach_nous__crit_extrait\" allowfullscreen=\"allowfullscreen\"><\/iframe><\/p>\n","protected":false},"excerpt":{"rendered":"<p>Pubblicato in gennaio 2019 dalle edizioni Actes Sud Beaux-Arts\/Palazzetto Bru Zane, questo libro di Jean-Claude Yon, basato sulla corrispondenza di Offenbach con il fondatore del quotidiano Le Figaro, ci offre<\/p>\n","protected":false},"author":5,"featured_media":92011,"comment_status":"closed","ping_status":"open","sticky":false,"template":"","format":"standard","meta":{"_acf_changed":false,"footnotes":""},"categories":[1576,1564],"tags":[],"technique":[],"squelettes":[],"sujet":[],"formation":[],"genre":[],"fonds":[],"tradition":[],"type-de-contenu":[],"interprete-compositeur":[],"frise":[],"type-devenement":[],"tableaux-liens-externes":[],"class_list":["post-92010","post","type-post","status-publish","format-standard","has-post-thumbnail","hentry","category-libri-articoli-it","category-ultimi-acquisti-it"],"acf":[],"yoast_head":"<!-- This site is optimized with the Yoast SEO plugin v27.3 - https:\/\/yoast.com\/product\/yoast-seo-wordpress\/ -->\n<title>M. Offenbach nous \u00e9crit - Institut Europ\u00e9en des Musiques Juives<\/title>\n<meta name=\"robots\" content=\"index, follow, max-snippet:-1, max-image-preview:large, max-video-preview:-1\" \/>\n<link rel=\"canonical\" href=\"https:\/\/www.iemj.org\/it\/m-offenbach-nous-ecrit\/\" \/>\n<meta property=\"og:locale\" content=\"it_IT\" \/>\n<meta property=\"og:type\" content=\"article\" \/>\n<meta property=\"og:title\" content=\"M. Offenbach nous \u00e9crit - Institut Europ\u00e9en des Musiques Juives\" \/>\n<meta property=\"og:description\" content=\"Pubblicato in gennaio 2019 dalle edizioni Actes Sud Beaux-Arts\/Palazzetto Bru Zane, questo libro di Jean-Claude Yon, basato sulla corrispondenza di Offenbach con il fondatore del quotidiano Le Figaro, ci offre\" \/>\n<meta property=\"og:url\" content=\"https:\/\/www.iemj.org\/it\/m-offenbach-nous-ecrit\/\" \/>\n<meta property=\"og:site_name\" content=\"Institut Europ\u00e9en des Musiques Juives\" \/>\n<meta property=\"article:publisher\" content=\"https:\/\/www.facebook.com\/MusiquesJuives\/\" \/>\n<meta property=\"article:published_time\" content=\"2019-02-05T11:15:23+00:00\" \/>\n<meta property=\"article:modified_time\" content=\"2023-01-11T13:58:30+00:00\" \/>\n<meta property=\"og:image\" content=\"https:\/\/www.iemj.org\/wp-content\/uploads\/2019\/02\/arton3927-e1619100791277.jpg\" \/>\n\t<meta property=\"og:image:width\" content=\"350\" \/>\n\t<meta property=\"og:image:height\" content=\"546\" \/>\n\t<meta property=\"og:image:type\" content=\"image\/jpeg\" \/>\n<meta name=\"author\" content=\"Jacqueline ROTEN\" \/>\n<meta name=\"twitter:card\" content=\"summary_large_image\" \/>\n<meta name=\"twitter:label1\" content=\"Scritto da\" \/>\n\t<meta name=\"twitter:data1\" content=\"Jacqueline ROTEN\" \/>\n\t<meta name=\"twitter:label2\" content=\"Tempo di lettura stimato\" \/>\n\t<meta name=\"twitter:data2\" content=\"3 minuti\" \/>\n<script type=\"application\/ld+json\" class=\"yoast-schema-graph\">{\"@context\":\"https:\\\/\\\/schema.org\",\"@graph\":[{\"@type\":\"Article\",\"@id\":\"https:\\\/\\\/www.iemj.org\\\/it\\\/m-offenbach-nous-ecrit\\\/#article\",\"isPartOf\":{\"@id\":\"https:\\\/\\\/www.iemj.org\\\/it\\\/m-offenbach-nous-ecrit\\\/\"},\"author\":{\"name\":\"Jacqueline ROTEN\",\"@id\":\"https:\\\/\\\/www.iemj.org\\\/it\\\/#\\\/schema\\\/person\\\/358e26c18aca017fcc4cc15437f7279c\"},\"headline\":\"M. Offenbach nous \u00e9crit\",\"datePublished\":\"2019-02-05T11:15:23+00:00\",\"dateModified\":\"2023-01-11T13:58:30+00:00\",\"mainEntityOfPage\":{\"@id\":\"https:\\\/\\\/www.iemj.org\\\/it\\\/m-offenbach-nous-ecrit\\\/\"},\"wordCount\":426,\"publisher\":{\"@id\":\"https:\\\/\\\/www.iemj.org\\\/it\\\/#organization\"},\"image\":{\"@id\":\"https:\\\/\\\/www.iemj.org\\\/it\\\/m-offenbach-nous-ecrit\\\/#primaryimage\"},\"thumbnailUrl\":\"https:\\\/\\\/www.iemj.org\\\/wp-content\\\/uploads\\\/2019\\\/02\\\/arton3927-e1619100791277.jpg\",\"articleSection\":[\"Libri, articoli\",\"Ultimi acquisti\"],\"inLanguage\":\"it-IT\"},{\"@type\":\"WebPage\",\"@id\":\"https:\\\/\\\/www.iemj.org\\\/it\\\/m-offenbach-nous-ecrit\\\/\",\"url\":\"https:\\\/\\\/www.iemj.org\\\/it\\\/m-offenbach-nous-ecrit\\\/\",\"name\":\"M. Offenbach nous \u00e9crit - Institut Europ\u00e9en des Musiques Juives\",\"isPartOf\":{\"@id\":\"https:\\\/\\\/www.iemj.org\\\/it\\\/#website\"},\"primaryImageOfPage\":{\"@id\":\"https:\\\/\\\/www.iemj.org\\\/it\\\/m-offenbach-nous-ecrit\\\/#primaryimage\"},\"image\":{\"@id\":\"https:\\\/\\\/www.iemj.org\\\/it\\\/m-offenbach-nous-ecrit\\\/#primaryimage\"},\"thumbnailUrl\":\"https:\\\/\\\/www.iemj.org\\\/wp-content\\\/uploads\\\/2019\\\/02\\\/arton3927-e1619100791277.jpg\",\"datePublished\":\"2019-02-05T11:15:23+00:00\",\"dateModified\":\"2023-01-11T13:58:30+00:00\",\"breadcrumb\":{\"@id\":\"https:\\\/\\\/www.iemj.org\\\/it\\\/m-offenbach-nous-ecrit\\\/#breadcrumb\"},\"inLanguage\":\"it-IT\",\"potentialAction\":[{\"@type\":\"ReadAction\",\"target\":[\"https:\\\/\\\/www.iemj.org\\\/it\\\/m-offenbach-nous-ecrit\\\/\"]}]},{\"@type\":\"ImageObject\",\"inLanguage\":\"it-IT\",\"@id\":\"https:\\\/\\\/www.iemj.org\\\/it\\\/m-offenbach-nous-ecrit\\\/#primaryimage\",\"url\":\"https:\\\/\\\/www.iemj.org\\\/wp-content\\\/uploads\\\/2019\\\/02\\\/arton3927-e1619100791277.jpg\",\"contentUrl\":\"https:\\\/\\\/www.iemj.org\\\/wp-content\\\/uploads\\\/2019\\\/02\\\/arton3927-e1619100791277.jpg\",\"width\":350,\"height\":546},{\"@type\":\"BreadcrumbList\",\"@id\":\"https:\\\/\\\/www.iemj.org\\\/it\\\/m-offenbach-nous-ecrit\\\/#breadcrumb\",\"itemListElement\":[{\"@type\":\"ListItem\",\"position\":1,\"name\":\"Accueil\",\"item\":\"https:\\\/\\\/www.iemj.org\\\/it\\\/\"},{\"@type\":\"ListItem\",\"position\":2,\"name\":\"M. Offenbach nous \u00e9crit\"}]},{\"@type\":\"WebSite\",\"@id\":\"https:\\\/\\\/www.iemj.org\\\/it\\\/#website\",\"url\":\"https:\\\/\\\/www.iemj.org\\\/it\\\/\",\"name\":\"Institut Europ\u00e9en des Musiques Juives\",\"description\":\"Des traditions musicales \u00e0 la port\u00e9e de tous\",\"publisher\":{\"@id\":\"https:\\\/\\\/www.iemj.org\\\/it\\\/#organization\"},\"potentialAction\":[{\"@type\":\"SearchAction\",\"target\":{\"@type\":\"EntryPoint\",\"urlTemplate\":\"https:\\\/\\\/www.iemj.org\\\/it\\\/?s={search_term_string}\"},\"query-input\":{\"@type\":\"PropertyValueSpecification\",\"valueRequired\":true,\"valueName\":\"search_term_string\"}}],\"inLanguage\":\"it-IT\"},{\"@type\":\"Organization\",\"@id\":\"https:\\\/\\\/www.iemj.org\\\/it\\\/#organization\",\"name\":\"Institut Europ\u00e9en des Musiques Juives\",\"url\":\"https:\\\/\\\/www.iemj.org\\\/it\\\/\",\"logo\":{\"@type\":\"ImageObject\",\"inLanguage\":\"it-IT\",\"@id\":\"https:\\\/\\\/www.iemj.org\\\/it\\\/#\\\/schema\\\/logo\\\/image\\\/\",\"url\":\"https:\\\/\\\/www.iemj.org\\\/wp-content\\\/uploads\\\/2021\\\/09\\\/Logo-IEMJ-Paypal.jpg\",\"contentUrl\":\"https:\\\/\\\/www.iemj.org\\\/wp-content\\\/uploads\\\/2021\\\/09\\\/Logo-IEMJ-Paypal.jpg\",\"width\":150,\"height\":50,\"caption\":\"Institut Europ\u00e9en des Musiques Juives\"},\"image\":{\"@id\":\"https:\\\/\\\/www.iemj.org\\\/it\\\/#\\\/schema\\\/logo\\\/image\\\/\"},\"sameAs\":[\"https:\\\/\\\/www.facebook.com\\\/MusiquesJuives\\\/\",\"https:\\\/\\\/www.instagram.com\\\/musiquesjuives\\\/\",\"https:\\\/\\\/www.youtube.com\\\/user\\\/musiquesjuives\"]},{\"@type\":\"Person\",\"@id\":\"https:\\\/\\\/www.iemj.org\\\/it\\\/#\\\/schema\\\/person\\\/358e26c18aca017fcc4cc15437f7279c\",\"name\":\"Jacqueline ROTEN\",\"image\":{\"@type\":\"ImageObject\",\"inLanguage\":\"it-IT\",\"@id\":\"https:\\\/\\\/secure.gravatar.com\\\/avatar\\\/5964256d6c6957de3a3505278957e0fb2a35119ac47ea41827a65301213c810b?s=96&d=mm&r=g\",\"url\":\"https:\\\/\\\/secure.gravatar.com\\\/avatar\\\/5964256d6c6957de3a3505278957e0fb2a35119ac47ea41827a65301213c810b?s=96&d=mm&r=g\",\"contentUrl\":\"https:\\\/\\\/secure.gravatar.com\\\/avatar\\\/5964256d6c6957de3a3505278957e0fb2a35119ac47ea41827a65301213c810b?s=96&d=mm&r=g\",\"caption\":\"Jacqueline ROTEN\"}}]}<\/script>\n<!-- \/ Yoast SEO plugin. -->","yoast_head_json":{"title":"M. Offenbach nous \u00e9crit - Institut Europ\u00e9en des Musiques Juives","robots":{"index":"index","follow":"follow","max-snippet":"max-snippet:-1","max-image-preview":"max-image-preview:large","max-video-preview":"max-video-preview:-1"},"canonical":"https:\/\/www.iemj.org\/it\/m-offenbach-nous-ecrit\/","og_locale":"it_IT","og_type":"article","og_title":"M. Offenbach nous \u00e9crit - Institut Europ\u00e9en des Musiques Juives","og_description":"Pubblicato in gennaio 2019 dalle edizioni Actes Sud Beaux-Arts\/Palazzetto Bru Zane, questo libro di Jean-Claude Yon, basato sulla corrispondenza di Offenbach con il fondatore del quotidiano Le Figaro, ci offre","og_url":"https:\/\/www.iemj.org\/it\/m-offenbach-nous-ecrit\/","og_site_name":"Institut Europ\u00e9en des Musiques Juives","article_publisher":"https:\/\/www.facebook.com\/MusiquesJuives\/","article_published_time":"2019-02-05T11:15:23+00:00","article_modified_time":"2023-01-11T13:58:30+00:00","og_image":[{"width":350,"height":546,"url":"https:\/\/www.iemj.org\/wp-content\/uploads\/2019\/02\/arton3927-e1619100791277.jpg","type":"image\/jpeg"}],"author":"Jacqueline ROTEN","twitter_card":"summary_large_image","twitter_misc":{"Scritto da":"Jacqueline ROTEN","Tempo di lettura stimato":"3 minuti"},"schema":{"@context":"https:\/\/schema.org","@graph":[{"@type":"Article","@id":"https:\/\/www.iemj.org\/it\/m-offenbach-nous-ecrit\/#article","isPartOf":{"@id":"https:\/\/www.iemj.org\/it\/m-offenbach-nous-ecrit\/"},"author":{"name":"Jacqueline ROTEN","@id":"https:\/\/www.iemj.org\/it\/#\/schema\/person\/358e26c18aca017fcc4cc15437f7279c"},"headline":"M. Offenbach nous \u00e9crit","datePublished":"2019-02-05T11:15:23+00:00","dateModified":"2023-01-11T13:58:30+00:00","mainEntityOfPage":{"@id":"https:\/\/www.iemj.org\/it\/m-offenbach-nous-ecrit\/"},"wordCount":426,"publisher":{"@id":"https:\/\/www.iemj.org\/it\/#organization"},"image":{"@id":"https:\/\/www.iemj.org\/it\/m-offenbach-nous-ecrit\/#primaryimage"},"thumbnailUrl":"https:\/\/www.iemj.org\/wp-content\/uploads\/2019\/02\/arton3927-e1619100791277.jpg","articleSection":["Libri, articoli","Ultimi acquisti"],"inLanguage":"it-IT"},{"@type":"WebPage","@id":"https:\/\/www.iemj.org\/it\/m-offenbach-nous-ecrit\/","url":"https:\/\/www.iemj.org\/it\/m-offenbach-nous-ecrit\/","name":"M. Offenbach nous \u00e9crit - Institut Europ\u00e9en des Musiques Juives","isPartOf":{"@id":"https:\/\/www.iemj.org\/it\/#website"},"primaryImageOfPage":{"@id":"https:\/\/www.iemj.org\/it\/m-offenbach-nous-ecrit\/#primaryimage"},"image":{"@id":"https:\/\/www.iemj.org\/it\/m-offenbach-nous-ecrit\/#primaryimage"},"thumbnailUrl":"https:\/\/www.iemj.org\/wp-content\/uploads\/2019\/02\/arton3927-e1619100791277.jpg","datePublished":"2019-02-05T11:15:23+00:00","dateModified":"2023-01-11T13:58:30+00:00","breadcrumb":{"@id":"https:\/\/www.iemj.org\/it\/m-offenbach-nous-ecrit\/#breadcrumb"},"inLanguage":"it-IT","potentialAction":[{"@type":"ReadAction","target":["https:\/\/www.iemj.org\/it\/m-offenbach-nous-ecrit\/"]}]},{"@type":"ImageObject","inLanguage":"it-IT","@id":"https:\/\/www.iemj.org\/it\/m-offenbach-nous-ecrit\/#primaryimage","url":"https:\/\/www.iemj.org\/wp-content\/uploads\/2019\/02\/arton3927-e1619100791277.jpg","contentUrl":"https:\/\/www.iemj.org\/wp-content\/uploads\/2019\/02\/arton3927-e1619100791277.jpg","width":350,"height":546},{"@type":"BreadcrumbList","@id":"https:\/\/www.iemj.org\/it\/m-offenbach-nous-ecrit\/#breadcrumb","itemListElement":[{"@type":"ListItem","position":1,"name":"Accueil","item":"https:\/\/www.iemj.org\/it\/"},{"@type":"ListItem","position":2,"name":"M. Offenbach nous \u00e9crit"}]},{"@type":"WebSite","@id":"https:\/\/www.iemj.org\/it\/#website","url":"https:\/\/www.iemj.org\/it\/","name":"Institut Europ\u00e9en des Musiques Juives","description":"Des traditions musicales \u00e0 la port\u00e9e de tous","publisher":{"@id":"https:\/\/www.iemj.org\/it\/#organization"},"potentialAction":[{"@type":"SearchAction","target":{"@type":"EntryPoint","urlTemplate":"https:\/\/www.iemj.org\/it\/?s={search_term_string}"},"query-input":{"@type":"PropertyValueSpecification","valueRequired":true,"valueName":"search_term_string"}}],"inLanguage":"it-IT"},{"@type":"Organization","@id":"https:\/\/www.iemj.org\/it\/#organization","name":"Institut Europ\u00e9en des Musiques Juives","url":"https:\/\/www.iemj.org\/it\/","logo":{"@type":"ImageObject","inLanguage":"it-IT","@id":"https:\/\/www.iemj.org\/it\/#\/schema\/logo\/image\/","url":"https:\/\/www.iemj.org\/wp-content\/uploads\/2021\/09\/Logo-IEMJ-Paypal.jpg","contentUrl":"https:\/\/www.iemj.org\/wp-content\/uploads\/2021\/09\/Logo-IEMJ-Paypal.jpg","width":150,"height":50,"caption":"Institut Europ\u00e9en des Musiques Juives"},"image":{"@id":"https:\/\/www.iemj.org\/it\/#\/schema\/logo\/image\/"},"sameAs":["https:\/\/www.facebook.com\/MusiquesJuives\/","https:\/\/www.instagram.com\/musiquesjuives\/","https:\/\/www.youtube.com\/user\/musiquesjuives"]},{"@type":"Person","@id":"https:\/\/www.iemj.org\/it\/#\/schema\/person\/358e26c18aca017fcc4cc15437f7279c","name":"Jacqueline ROTEN","image":{"@type":"ImageObject","inLanguage":"it-IT","@id":"https:\/\/secure.gravatar.com\/avatar\/5964256d6c6957de3a3505278957e0fb2a35119ac47ea41827a65301213c810b?s=96&d=mm&r=g","url":"https:\/\/secure.gravatar.com\/avatar\/5964256d6c6957de3a3505278957e0fb2a35119ac47ea41827a65301213c810b?s=96&d=mm&r=g","contentUrl":"https:\/\/secure.gravatar.com\/avatar\/5964256d6c6957de3a3505278957e0fb2a35119ac47ea41827a65301213c810b?s=96&d=mm&r=g","caption":"Jacqueline ROTEN"}}]}},"_links":{"self":[{"href":"https:\/\/www.iemj.org\/it\/wp-json\/wp\/v2\/posts\/92010","targetHints":{"allow":["GET"]}}],"collection":[{"href":"https:\/\/www.iemj.org\/it\/wp-json\/wp\/v2\/posts"}],"about":[{"href":"https:\/\/www.iemj.org\/it\/wp-json\/wp\/v2\/types\/post"}],"author":[{"embeddable":true,"href":"https:\/\/www.iemj.org\/it\/wp-json\/wp\/v2\/users\/5"}],"replies":[{"embeddable":true,"href":"https:\/\/www.iemj.org\/it\/wp-json\/wp\/v2\/comments?post=92010"}],"version-history":[{"count":0,"href":"https:\/\/www.iemj.org\/it\/wp-json\/wp\/v2\/posts\/92010\/revisions"}],"wp:featuredmedia":[{"embeddable":true,"href":"https:\/\/www.iemj.org\/it\/wp-json\/wp\/v2\/media\/92011"}],"wp:attachment":[{"href":"https:\/\/www.iemj.org\/it\/wp-json\/wp\/v2\/media?parent=92010"}],"wp:term":[{"taxonomy":"category","embeddable":true,"href":"https:\/\/www.iemj.org\/it\/wp-json\/wp\/v2\/categories?post=92010"},{"taxonomy":"post_tag","embeddable":true,"href":"https:\/\/www.iemj.org\/it\/wp-json\/wp\/v2\/tags?post=92010"},{"taxonomy":"technique","embeddable":true,"href":"https:\/\/www.iemj.org\/it\/wp-json\/wp\/v2\/technique?post=92010"},{"taxonomy":"squelettes","embeddable":true,"href":"https:\/\/www.iemj.org\/it\/wp-json\/wp\/v2\/squelettes?post=92010"},{"taxonomy":"sujet","embeddable":true,"href":"https:\/\/www.iemj.org\/it\/wp-json\/wp\/v2\/sujet?post=92010"},{"taxonomy":"formation","embeddable":true,"href":"https:\/\/www.iemj.org\/it\/wp-json\/wp\/v2\/formation?post=92010"},{"taxonomy":"genre","embeddable":true,"href":"https:\/\/www.iemj.org\/it\/wp-json\/wp\/v2\/genre?post=92010"},{"taxonomy":"fonds","embeddable":true,"href":"https:\/\/www.iemj.org\/it\/wp-json\/wp\/v2\/fonds?post=92010"},{"taxonomy":"tradition","embeddable":true,"href":"https:\/\/www.iemj.org\/it\/wp-json\/wp\/v2\/tradition?post=92010"},{"taxonomy":"type-de-contenu","embeddable":true,"href":"https:\/\/www.iemj.org\/it\/wp-json\/wp\/v2\/type-de-contenu?post=92010"},{"taxonomy":"interprete-compositeur","embeddable":true,"href":"https:\/\/www.iemj.org\/it\/wp-json\/wp\/v2\/interprete-compositeur?post=92010"},{"taxonomy":"frise","embeddable":true,"href":"https:\/\/www.iemj.org\/it\/wp-json\/wp\/v2\/frise?post=92010"},{"taxonomy":"type-devenement","embeddable":true,"href":"https:\/\/www.iemj.org\/it\/wp-json\/wp\/v2\/type-devenement?post=92010"},{"taxonomy":"tableaux-liens-externes","embeddable":true,"href":"https:\/\/www.iemj.org\/it\/wp-json\/wp\/v2\/tableaux-liens-externes?post=92010"}],"curies":[{"name":"wp","href":"https:\/\/api.w.org\/{rel}","templated":true}]}}