{"id":92263,"date":"2019-03-05T16:23:32","date_gmt":"2019-03-05T15:23:32","guid":{"rendered":"https:\/\/www.iemj.org\/kurt-weill\/"},"modified":"2023-01-12T17:55:38","modified_gmt":"2023-01-12T16:55:38","slug":"kurt-weill","status":"publish","type":"post","link":"https:\/\/www.iemj.org\/it\/kurt-weill\/","title":{"rendered":"Kurt Weill"},"content":{"rendered":"<p>Bleu nuit \u00e9diteur, sett. 2018, 176 p.<\/p>\n<p>Questo libro ci porta in un viaggio dalla musica atonale del primo Novecento alle canzoni tipicamente americane ed alle melodie facili, a lungo sostenute e registrate dalla moglie, ma ancora di moda perch\u00e9 cos\u00ec accattivanti.<\/p>\n<p>Questa biografia, accompagnata da numerose illustrazioni ed esempi musicali, \u00e8 la prima ad essere pubblicata in francese da oltre quindici anni.<\/p>\n<p><!--more--><\/p>\n<p>Il compositore americano di origine tedesca Kurt Weill (1900-1950) studia composizione, contrappunto e direzione d&#8217;orchestra alla Hochschule f\u00fcr Musik di Berlino. Nel 1920 lavora con Busoni e nel 1921 compone la sua prima sinfonia.<\/p>\n<p>Sempre alla ricerca di un linguaggio che si possa rivolgere al pi\u00f9 ampio pubblico possibile, il suo linguaggio fonde le tecniche della musica moderna (atonalit\u00e0, politonalit\u00e0, jazz, ecc.), che si ritrovano nelle sue prime opere: <em>Der Protagonist, Royal Palace<\/em>. La sua prima collaborazione con Brecht d\u00e0 vita all&#8217;opera <em>Mahagonny-Songspiel<\/em> nel 1927. L&#8217;anno successivo, da questo lavoro a quattro mani nasce <em>L&#8217;opera da tre soldi<\/em>, che rivoluziona il teatro musicale prendendo di mira il capitalismo e l&#8217;ordine costituito.<\/p>\n<p><img fetchpriority=\"high\" decoding=\"async\" class=\" alignright size-full wp-image-23015\" src=\"https:\/\/www.iemj.org\/wp-content\/uploads\/2019\/03\/l_829_couv4_remim_450px_vertic.jpg\" alt=\"l_829_couv4_remim_450px_vertic.jpg\" width=\"319\" height=\"450\" align=\"right\" srcset=\"https:\/\/www.iemj.org\/wp-content\/uploads\/2019\/03\/l_829_couv4_remim_450px_vertic.jpg 319w, https:\/\/www.iemj.org\/wp-content\/uploads\/2019\/03\/l_829_couv4_remim_450px_vertic-213x300.jpg 213w\" sizes=\"(max-width: 319px) 100vw, 319px\" \/>Autore di un&#8217;opera prolifica e proteiforme, Weill si esilia in Francia nel 1933 e presenta diverse opere a Parigi, tra cui <em>I sette peccati capitali<\/em> al Th\u00e9\u00e2tre des Champs \u00c9lys\u00e9es, prima di sfuggire definitivamente al regime nazista per trasferirsi negli Stati Uniti, dove trascorre il resto della sua vita come cittadino americano.<\/p>\n<p>L&#8217;autore, Bruno Giner*, presenta un panorama della copiosa produzione musicale del compositore dotato di una fenomenale capacit\u00e0 di lavoro in cui appaiono in filigrana i grandi temi di un pensiero estremamente coerente: pacifismo, antimilitarismo, satira della dittatura, critica del capitalismo, del materialismo e della segregazione razziale.<br \/>\nLa sua musica \u00e8 fortemente influenzata dalla variet\u00e0 americana e dai ritmi del jazz: <em>Happy End,<\/em> <em>Silverlake<\/em>, <em>Railroads<\/em>, <em>Lady in the Dark<\/em>, creando cos\u00ec un ponte tra la cultura musicale tedesca e quella americana. Il suo lavoro ha influenzato notevolmente il musical americano.<\/p>\n<p>*<em>Bruno Giner ha gi\u00e0 pubblicato due volumi nella collezione Orizzonti:<\/em> Satie <em>e<\/em> Entartete Musik,<em> in cui ha presentato Kurt Weill.<\/em><\/p>\n<p><a href=\"https:\/\/www.iemj.org\/it\/weill-kurt-1900-1950\/\" target=\"_blank\" rel=\"noopener\">Leggere la biografia di Kurt Weill<\/a><br \/>\n<a href=\"https:\/\/www.iemj.org\/it\/kurt-weill-1900-1950\/\" target=\"_blank\" rel=\"noopener\">Ascoltare la playlist dedicata a Kurt Weill<\/a><br \/>\n<a href=\"https:\/\/www.iemj.org\/kurt-weill-de-la-republique-de-weimar-a-broadway-histoire-dun-genie-musical\/\" target=\"_blank\" rel=\"noopener\">Ascoltare il programma radiofonico su Kurt Weill, con Bruno Giner (in francese)<\/a><\/p>\n<p><a href=\"http:\/\/www.bne.fr\/page182.html\" target=\"_blank\" rel=\"noopener\">Ordinare il libro<\/a><\/p>\n","protected":false},"excerpt":{"rendered":"<p>Bleu nuit \u00e9diteur, sett. 2018, 176 p. Questo libro ci porta in un viaggio dalla musica atonale del primo Novecento alle canzoni tipicamente americane ed alle melodie facili, a lungo<\/p>\n","protected":false},"author":5,"featured_media":92264,"comment_status":"closed","ping_status":"open","sticky":false,"template":"","format":"standard","meta":{"_acf_changed":false,"footnotes":""},"categories":[1576,1564],"tags":[],"technique":[],"squelettes":[],"sujet":[],"formation":[],"genre":[1901],"fonds":[],"tradition":[],"type-de-contenu":[],"interprete-compositeur":[3229],"frise":[],"type-devenement":[],"tableaux-liens-externes":[],"class_list":["post-92263","post","type-post","status-publish","format-standard","has-post-thumbnail","hentry","category-libri-articoli-it","category-ultimi-acquisti-it","genre-musica-classica-it","interprete-compositeur-kurt-weill-it-2"],"acf":[],"yoast_head":"<!-- This site is optimized with the Yoast SEO plugin v27.3 - https:\/\/yoast.com\/product\/yoast-seo-wordpress\/ -->\n<title>Kurt Weill - Institut Europ\u00e9en des Musiques Juives<\/title>\n<meta name=\"robots\" content=\"index, follow, max-snippet:-1, max-image-preview:large, max-video-preview:-1\" \/>\n<link rel=\"canonical\" href=\"https:\/\/www.iemj.org\/it\/kurt-weill\/\" \/>\n<meta property=\"og:locale\" content=\"it_IT\" \/>\n<meta property=\"og:type\" content=\"article\" \/>\n<meta property=\"og:title\" content=\"Kurt Weill - Institut Europ\u00e9en des Musiques Juives\" \/>\n<meta property=\"og:description\" content=\"Bleu nuit \u00e9diteur, sett. 2018, 176 p. Questo libro ci porta in un viaggio dalla musica atonale del primo Novecento alle canzoni tipicamente americane ed alle melodie facili, a lungo\" \/>\n<meta property=\"og:url\" content=\"https:\/\/www.iemj.org\/it\/kurt-weill\/\" \/>\n<meta property=\"og:site_name\" content=\"Institut Europ\u00e9en des Musiques Juives\" \/>\n<meta property=\"article:publisher\" content=\"https:\/\/www.facebook.com\/MusiquesJuives\/\" \/>\n<meta property=\"article:published_time\" content=\"2019-03-05T15:23:32+00:00\" \/>\n<meta property=\"article:modified_time\" content=\"2023-01-12T16:55:38+00:00\" \/>\n<meta property=\"og:image\" content=\"https:\/\/www.iemj.org\/wp-content\/uploads\/2019\/03\/arton3991.jpg\" \/>\n\t<meta property=\"og:image:width\" content=\"335\" \/>\n\t<meta property=\"og:image:height\" content=\"468\" \/>\n\t<meta property=\"og:image:type\" content=\"image\/jpeg\" \/>\n<meta name=\"author\" content=\"Jacqueline ROTEN\" \/>\n<meta name=\"twitter:card\" content=\"summary_large_image\" \/>\n<meta name=\"twitter:label1\" content=\"Scritto da\" \/>\n\t<meta name=\"twitter:data1\" content=\"Jacqueline ROTEN\" \/>\n\t<meta name=\"twitter:label2\" content=\"Tempo di lettura stimato\" \/>\n\t<meta name=\"twitter:data2\" content=\"3 minuti\" \/>\n<script type=\"application\/ld+json\" class=\"yoast-schema-graph\">{\"@context\":\"https:\\\/\\\/schema.org\",\"@graph\":[{\"@type\":\"Article\",\"@id\":\"https:\\\/\\\/www.iemj.org\\\/it\\\/kurt-weill\\\/#article\",\"isPartOf\":{\"@id\":\"https:\\\/\\\/www.iemj.org\\\/it\\\/kurt-weill\\\/\"},\"author\":{\"name\":\"Jacqueline ROTEN\",\"@id\":\"https:\\\/\\\/www.iemj.org\\\/it\\\/#\\\/schema\\\/person\\\/358e26c18aca017fcc4cc15437f7279c\"},\"headline\":\"Kurt Weill\",\"datePublished\":\"2019-03-05T15:23:32+00:00\",\"dateModified\":\"2023-01-12T16:55:38+00:00\",\"mainEntityOfPage\":{\"@id\":\"https:\\\/\\\/www.iemj.org\\\/it\\\/kurt-weill\\\/\"},\"wordCount\":367,\"publisher\":{\"@id\":\"https:\\\/\\\/www.iemj.org\\\/it\\\/#organization\"},\"image\":{\"@id\":\"https:\\\/\\\/www.iemj.org\\\/it\\\/kurt-weill\\\/#primaryimage\"},\"thumbnailUrl\":\"https:\\\/\\\/www.iemj.org\\\/wp-content\\\/uploads\\\/2019\\\/03\\\/arton3991.jpg\",\"articleSection\":[\"Libri, articoli\",\"Ultimi acquisti\"],\"inLanguage\":\"it-IT\"},{\"@type\":\"WebPage\",\"@id\":\"https:\\\/\\\/www.iemj.org\\\/it\\\/kurt-weill\\\/\",\"url\":\"https:\\\/\\\/www.iemj.org\\\/it\\\/kurt-weill\\\/\",\"name\":\"Kurt Weill - Institut Europ\u00e9en des Musiques Juives\",\"isPartOf\":{\"@id\":\"https:\\\/\\\/www.iemj.org\\\/it\\\/#website\"},\"primaryImageOfPage\":{\"@id\":\"https:\\\/\\\/www.iemj.org\\\/it\\\/kurt-weill\\\/#primaryimage\"},\"image\":{\"@id\":\"https:\\\/\\\/www.iemj.org\\\/it\\\/kurt-weill\\\/#primaryimage\"},\"thumbnailUrl\":\"https:\\\/\\\/www.iemj.org\\\/wp-content\\\/uploads\\\/2019\\\/03\\\/arton3991.jpg\",\"datePublished\":\"2019-03-05T15:23:32+00:00\",\"dateModified\":\"2023-01-12T16:55:38+00:00\",\"breadcrumb\":{\"@id\":\"https:\\\/\\\/www.iemj.org\\\/it\\\/kurt-weill\\\/#breadcrumb\"},\"inLanguage\":\"it-IT\",\"potentialAction\":[{\"@type\":\"ReadAction\",\"target\":[\"https:\\\/\\\/www.iemj.org\\\/it\\\/kurt-weill\\\/\"]}]},{\"@type\":\"ImageObject\",\"inLanguage\":\"it-IT\",\"@id\":\"https:\\\/\\\/www.iemj.org\\\/it\\\/kurt-weill\\\/#primaryimage\",\"url\":\"https:\\\/\\\/www.iemj.org\\\/wp-content\\\/uploads\\\/2019\\\/03\\\/arton3991.jpg\",\"contentUrl\":\"https:\\\/\\\/www.iemj.org\\\/wp-content\\\/uploads\\\/2019\\\/03\\\/arton3991.jpg\",\"width\":335,\"height\":468},{\"@type\":\"BreadcrumbList\",\"@id\":\"https:\\\/\\\/www.iemj.org\\\/it\\\/kurt-weill\\\/#breadcrumb\",\"itemListElement\":[{\"@type\":\"ListItem\",\"position\":1,\"name\":\"Accueil\",\"item\":\"https:\\\/\\\/www.iemj.org\\\/it\\\/\"},{\"@type\":\"ListItem\",\"position\":2,\"name\":\"Kurt Weill\"}]},{\"@type\":\"WebSite\",\"@id\":\"https:\\\/\\\/www.iemj.org\\\/it\\\/#website\",\"url\":\"https:\\\/\\\/www.iemj.org\\\/it\\\/\",\"name\":\"Institut Europ\u00e9en des Musiques Juives\",\"description\":\"Des traditions musicales \u00e0 la port\u00e9e de tous\",\"publisher\":{\"@id\":\"https:\\\/\\\/www.iemj.org\\\/it\\\/#organization\"},\"potentialAction\":[{\"@type\":\"SearchAction\",\"target\":{\"@type\":\"EntryPoint\",\"urlTemplate\":\"https:\\\/\\\/www.iemj.org\\\/it\\\/?s={search_term_string}\"},\"query-input\":{\"@type\":\"PropertyValueSpecification\",\"valueRequired\":true,\"valueName\":\"search_term_string\"}}],\"inLanguage\":\"it-IT\"},{\"@type\":\"Organization\",\"@id\":\"https:\\\/\\\/www.iemj.org\\\/it\\\/#organization\",\"name\":\"Institut Europ\u00e9en des Musiques Juives\",\"url\":\"https:\\\/\\\/www.iemj.org\\\/it\\\/\",\"logo\":{\"@type\":\"ImageObject\",\"inLanguage\":\"it-IT\",\"@id\":\"https:\\\/\\\/www.iemj.org\\\/it\\\/#\\\/schema\\\/logo\\\/image\\\/\",\"url\":\"https:\\\/\\\/www.iemj.org\\\/wp-content\\\/uploads\\\/2021\\\/09\\\/Logo-IEMJ-Paypal.jpg\",\"contentUrl\":\"https:\\\/\\\/www.iemj.org\\\/wp-content\\\/uploads\\\/2021\\\/09\\\/Logo-IEMJ-Paypal.jpg\",\"width\":150,\"height\":50,\"caption\":\"Institut Europ\u00e9en des Musiques Juives\"},\"image\":{\"@id\":\"https:\\\/\\\/www.iemj.org\\\/it\\\/#\\\/schema\\\/logo\\\/image\\\/\"},\"sameAs\":[\"https:\\\/\\\/www.facebook.com\\\/MusiquesJuives\\\/\",\"https:\\\/\\\/www.instagram.com\\\/musiquesjuives\\\/\",\"https:\\\/\\\/www.youtube.com\\\/user\\\/musiquesjuives\"]},{\"@type\":\"Person\",\"@id\":\"https:\\\/\\\/www.iemj.org\\\/it\\\/#\\\/schema\\\/person\\\/358e26c18aca017fcc4cc15437f7279c\",\"name\":\"Jacqueline ROTEN\",\"image\":{\"@type\":\"ImageObject\",\"inLanguage\":\"it-IT\",\"@id\":\"https:\\\/\\\/secure.gravatar.com\\\/avatar\\\/5964256d6c6957de3a3505278957e0fb2a35119ac47ea41827a65301213c810b?s=96&d=mm&r=g\",\"url\":\"https:\\\/\\\/secure.gravatar.com\\\/avatar\\\/5964256d6c6957de3a3505278957e0fb2a35119ac47ea41827a65301213c810b?s=96&d=mm&r=g\",\"contentUrl\":\"https:\\\/\\\/secure.gravatar.com\\\/avatar\\\/5964256d6c6957de3a3505278957e0fb2a35119ac47ea41827a65301213c810b?s=96&d=mm&r=g\",\"caption\":\"Jacqueline ROTEN\"}}]}<\/script>\n<!-- \/ Yoast SEO plugin. -->","yoast_head_json":{"title":"Kurt Weill - Institut Europ\u00e9en des Musiques Juives","robots":{"index":"index","follow":"follow","max-snippet":"max-snippet:-1","max-image-preview":"max-image-preview:large","max-video-preview":"max-video-preview:-1"},"canonical":"https:\/\/www.iemj.org\/it\/kurt-weill\/","og_locale":"it_IT","og_type":"article","og_title":"Kurt Weill - Institut Europ\u00e9en des Musiques Juives","og_description":"Bleu nuit \u00e9diteur, sett. 2018, 176 p. Questo libro ci porta in un viaggio dalla musica atonale del primo Novecento alle canzoni tipicamente americane ed alle melodie facili, a lungo","og_url":"https:\/\/www.iemj.org\/it\/kurt-weill\/","og_site_name":"Institut Europ\u00e9en des Musiques Juives","article_publisher":"https:\/\/www.facebook.com\/MusiquesJuives\/","article_published_time":"2019-03-05T15:23:32+00:00","article_modified_time":"2023-01-12T16:55:38+00:00","og_image":[{"width":335,"height":468,"url":"https:\/\/www.iemj.org\/wp-content\/uploads\/2019\/03\/arton3991.jpg","type":"image\/jpeg"}],"author":"Jacqueline ROTEN","twitter_card":"summary_large_image","twitter_misc":{"Scritto da":"Jacqueline ROTEN","Tempo di lettura stimato":"3 minuti"},"schema":{"@context":"https:\/\/schema.org","@graph":[{"@type":"Article","@id":"https:\/\/www.iemj.org\/it\/kurt-weill\/#article","isPartOf":{"@id":"https:\/\/www.iemj.org\/it\/kurt-weill\/"},"author":{"name":"Jacqueline ROTEN","@id":"https:\/\/www.iemj.org\/it\/#\/schema\/person\/358e26c18aca017fcc4cc15437f7279c"},"headline":"Kurt Weill","datePublished":"2019-03-05T15:23:32+00:00","dateModified":"2023-01-12T16:55:38+00:00","mainEntityOfPage":{"@id":"https:\/\/www.iemj.org\/it\/kurt-weill\/"},"wordCount":367,"publisher":{"@id":"https:\/\/www.iemj.org\/it\/#organization"},"image":{"@id":"https:\/\/www.iemj.org\/it\/kurt-weill\/#primaryimage"},"thumbnailUrl":"https:\/\/www.iemj.org\/wp-content\/uploads\/2019\/03\/arton3991.jpg","articleSection":["Libri, articoli","Ultimi acquisti"],"inLanguage":"it-IT"},{"@type":"WebPage","@id":"https:\/\/www.iemj.org\/it\/kurt-weill\/","url":"https:\/\/www.iemj.org\/it\/kurt-weill\/","name":"Kurt Weill - Institut Europ\u00e9en des Musiques Juives","isPartOf":{"@id":"https:\/\/www.iemj.org\/it\/#website"},"primaryImageOfPage":{"@id":"https:\/\/www.iemj.org\/it\/kurt-weill\/#primaryimage"},"image":{"@id":"https:\/\/www.iemj.org\/it\/kurt-weill\/#primaryimage"},"thumbnailUrl":"https:\/\/www.iemj.org\/wp-content\/uploads\/2019\/03\/arton3991.jpg","datePublished":"2019-03-05T15:23:32+00:00","dateModified":"2023-01-12T16:55:38+00:00","breadcrumb":{"@id":"https:\/\/www.iemj.org\/it\/kurt-weill\/#breadcrumb"},"inLanguage":"it-IT","potentialAction":[{"@type":"ReadAction","target":["https:\/\/www.iemj.org\/it\/kurt-weill\/"]}]},{"@type":"ImageObject","inLanguage":"it-IT","@id":"https:\/\/www.iemj.org\/it\/kurt-weill\/#primaryimage","url":"https:\/\/www.iemj.org\/wp-content\/uploads\/2019\/03\/arton3991.jpg","contentUrl":"https:\/\/www.iemj.org\/wp-content\/uploads\/2019\/03\/arton3991.jpg","width":335,"height":468},{"@type":"BreadcrumbList","@id":"https:\/\/www.iemj.org\/it\/kurt-weill\/#breadcrumb","itemListElement":[{"@type":"ListItem","position":1,"name":"Accueil","item":"https:\/\/www.iemj.org\/it\/"},{"@type":"ListItem","position":2,"name":"Kurt Weill"}]},{"@type":"WebSite","@id":"https:\/\/www.iemj.org\/it\/#website","url":"https:\/\/www.iemj.org\/it\/","name":"Institut Europ\u00e9en des Musiques Juives","description":"Des traditions musicales \u00e0 la port\u00e9e de tous","publisher":{"@id":"https:\/\/www.iemj.org\/it\/#organization"},"potentialAction":[{"@type":"SearchAction","target":{"@type":"EntryPoint","urlTemplate":"https:\/\/www.iemj.org\/it\/?s={search_term_string}"},"query-input":{"@type":"PropertyValueSpecification","valueRequired":true,"valueName":"search_term_string"}}],"inLanguage":"it-IT"},{"@type":"Organization","@id":"https:\/\/www.iemj.org\/it\/#organization","name":"Institut Europ\u00e9en des Musiques Juives","url":"https:\/\/www.iemj.org\/it\/","logo":{"@type":"ImageObject","inLanguage":"it-IT","@id":"https:\/\/www.iemj.org\/it\/#\/schema\/logo\/image\/","url":"https:\/\/www.iemj.org\/wp-content\/uploads\/2021\/09\/Logo-IEMJ-Paypal.jpg","contentUrl":"https:\/\/www.iemj.org\/wp-content\/uploads\/2021\/09\/Logo-IEMJ-Paypal.jpg","width":150,"height":50,"caption":"Institut Europ\u00e9en des Musiques Juives"},"image":{"@id":"https:\/\/www.iemj.org\/it\/#\/schema\/logo\/image\/"},"sameAs":["https:\/\/www.facebook.com\/MusiquesJuives\/","https:\/\/www.instagram.com\/musiquesjuives\/","https:\/\/www.youtube.com\/user\/musiquesjuives"]},{"@type":"Person","@id":"https:\/\/www.iemj.org\/it\/#\/schema\/person\/358e26c18aca017fcc4cc15437f7279c","name":"Jacqueline ROTEN","image":{"@type":"ImageObject","inLanguage":"it-IT","@id":"https:\/\/secure.gravatar.com\/avatar\/5964256d6c6957de3a3505278957e0fb2a35119ac47ea41827a65301213c810b?s=96&d=mm&r=g","url":"https:\/\/secure.gravatar.com\/avatar\/5964256d6c6957de3a3505278957e0fb2a35119ac47ea41827a65301213c810b?s=96&d=mm&r=g","contentUrl":"https:\/\/secure.gravatar.com\/avatar\/5964256d6c6957de3a3505278957e0fb2a35119ac47ea41827a65301213c810b?s=96&d=mm&r=g","caption":"Jacqueline ROTEN"}}]}},"_links":{"self":[{"href":"https:\/\/www.iemj.org\/it\/wp-json\/wp\/v2\/posts\/92263","targetHints":{"allow":["GET"]}}],"collection":[{"href":"https:\/\/www.iemj.org\/it\/wp-json\/wp\/v2\/posts"}],"about":[{"href":"https:\/\/www.iemj.org\/it\/wp-json\/wp\/v2\/types\/post"}],"author":[{"embeddable":true,"href":"https:\/\/www.iemj.org\/it\/wp-json\/wp\/v2\/users\/5"}],"replies":[{"embeddable":true,"href":"https:\/\/www.iemj.org\/it\/wp-json\/wp\/v2\/comments?post=92263"}],"version-history":[{"count":0,"href":"https:\/\/www.iemj.org\/it\/wp-json\/wp\/v2\/posts\/92263\/revisions"}],"wp:featuredmedia":[{"embeddable":true,"href":"https:\/\/www.iemj.org\/it\/wp-json\/wp\/v2\/media\/92264"}],"wp:attachment":[{"href":"https:\/\/www.iemj.org\/it\/wp-json\/wp\/v2\/media?parent=92263"}],"wp:term":[{"taxonomy":"category","embeddable":true,"href":"https:\/\/www.iemj.org\/it\/wp-json\/wp\/v2\/categories?post=92263"},{"taxonomy":"post_tag","embeddable":true,"href":"https:\/\/www.iemj.org\/it\/wp-json\/wp\/v2\/tags?post=92263"},{"taxonomy":"technique","embeddable":true,"href":"https:\/\/www.iemj.org\/it\/wp-json\/wp\/v2\/technique?post=92263"},{"taxonomy":"squelettes","embeddable":true,"href":"https:\/\/www.iemj.org\/it\/wp-json\/wp\/v2\/squelettes?post=92263"},{"taxonomy":"sujet","embeddable":true,"href":"https:\/\/www.iemj.org\/it\/wp-json\/wp\/v2\/sujet?post=92263"},{"taxonomy":"formation","embeddable":true,"href":"https:\/\/www.iemj.org\/it\/wp-json\/wp\/v2\/formation?post=92263"},{"taxonomy":"genre","embeddable":true,"href":"https:\/\/www.iemj.org\/it\/wp-json\/wp\/v2\/genre?post=92263"},{"taxonomy":"fonds","embeddable":true,"href":"https:\/\/www.iemj.org\/it\/wp-json\/wp\/v2\/fonds?post=92263"},{"taxonomy":"tradition","embeddable":true,"href":"https:\/\/www.iemj.org\/it\/wp-json\/wp\/v2\/tradition?post=92263"},{"taxonomy":"type-de-contenu","embeddable":true,"href":"https:\/\/www.iemj.org\/it\/wp-json\/wp\/v2\/type-de-contenu?post=92263"},{"taxonomy":"interprete-compositeur","embeddable":true,"href":"https:\/\/www.iemj.org\/it\/wp-json\/wp\/v2\/interprete-compositeur?post=92263"},{"taxonomy":"frise","embeddable":true,"href":"https:\/\/www.iemj.org\/it\/wp-json\/wp\/v2\/frise?post=92263"},{"taxonomy":"type-devenement","embeddable":true,"href":"https:\/\/www.iemj.org\/it\/wp-json\/wp\/v2\/type-devenement?post=92263"},{"taxonomy":"tableaux-liens-externes","embeddable":true,"href":"https:\/\/www.iemj.org\/it\/wp-json\/wp\/v2\/tableaux-liens-externes?post=92263"}],"curies":[{"name":"wp","href":"https:\/\/api.w.org\/{rel}","templated":true}]}}