{"id":92358,"date":"2010-06-16T09:45:46","date_gmt":"2010-06-16T07:45:46","guid":{"rendered":"https:\/\/www.iemj.org\/concert-musiques-juives-baroques-venise-mantoue-amsterdam\/"},"modified":"2023-01-16T16:29:11","modified_gmt":"2023-01-16T15:29:11","slug":"concert-musiques-juives-baroques-venise-mantoue-amsterdam","status":"publish","type":"post","link":"https:\/\/www.iemj.org\/it\/concert-musiques-juives-baroques-venise-mantoue-amsterdam\/","title":{"rendered":"Concerto Musiche barocche ebraiche &#8211; Venezia, Mantova, Amsterdam"},"content":{"rendered":"<p>Il 14 aprile 2010, quasi 200 spettatori hanno assistito al concerto &#8221; Musiche ebraiche barocche&#8221; tenuto dall&#8217;ensemble <em>Les folastries<\/em> diretto da David Klein.<\/p>\n<p>Organizzato dall&#8217;Associazione Yuval, con il sostegno dell&#8217;Istituto Alain de Rothschild e della Fondation du Juda\u00efsme Fran\u00e7ais, questo concerto \u00e8 stato l&#8217;occasione per evocare la memoria del musicologo Israel Adler, scomparso nell&#8217;agosto 2009.<\/p>\n\n\n<div data-wp-interactive=\"core\/file\" class=\"wp-block-file\"><object data-wp-bind--hidden=\"!state.hasPdfPreview\" hidden class=\"wp-block-file__embed\" data=\"https:\/\/www.iemj.org\/wp-content\/uploads\/2010\/06\/musique_juive_baroque.pdf\" type=\"application\/pdf\" style=\"width:100%;height:600px\" aria-label=\"Incorporamento di musique_juive_baroque.pdf.\"><\/object><a id=\"wp-block-file--media-721ff776-01a9-44ac-af16-8568ba2b404c\" href=\"https:\/\/www.iemj.org\/wp-content\/uploads\/2010\/06\/musique_juive_baroque.pdf\">musique_juive_baroque.pdf<\/a><a href=\"https:\/\/www.iemj.org\/wp-content\/uploads\/2010\/06\/musique_juive_baroque.pdf\" class=\"wp-block-file__button wp-element-button\" download aria-describedby=\"wp-block-file--media-721ff776-01a9-44ac-af16-8568ba2b404c\">Scaricare<\/a><\/div>\n","protected":false},"excerpt":{"rendered":"<p>Il 14 aprile 2010, quasi 200 spettatori hanno assistito al concerto &#8221; Musiche ebraiche barocche&#8221; tenuto dall&#8217;ensemble Les folastries diretto da David Klein. Organizzato dall&#8217;Associazione Yuval, con il sostegno dell&#8217;Istituto<\/p>\n","protected":false},"author":1047,"featured_media":38423,"comment_status":"closed","ping_status":"closed","sticky":false,"template":"","format":"standard","meta":{"_acf_changed":false,"footnotes":""},"categories":[1615],"tags":[],"technique":[],"squelettes":[],"sujet":[],"formation":[],"genre":[1895],"fonds":[],"tradition":[],"type-de-contenu":[],"interprete-compositeur":[],"frise":[],"type-devenement":[],"tableaux-liens-externes":[],"class_list":["post-92358","post","type-post","status-publish","format-standard","has-post-thumbnail","hentry","category-rassegna-stampa-it","genre-musica-barocca-it"],"acf":[],"yoast_head":"<!-- This site is optimized with the Yoast SEO plugin v27.3 - https:\/\/yoast.com\/product\/yoast-seo-wordpress\/ -->\n<title>Concerto Musiche barocche ebraiche - Venezia, Mantova, Amsterdam - Institut Europ\u00e9en des Musiques Juives<\/title>\n<meta name=\"robots\" content=\"index, follow, max-snippet:-1, max-image-preview:large, max-video-preview:-1\" \/>\n<link rel=\"canonical\" href=\"https:\/\/www.iemj.org\/it\/concert-musiques-juives-baroques-venise-mantoue-amsterdam\/\" \/>\n<meta property=\"og:locale\" content=\"it_IT\" \/>\n<meta property=\"og:type\" content=\"article\" \/>\n<meta property=\"og:title\" content=\"Concerto Musiche barocche ebraiche - Venezia, Mantova, Amsterdam - Institut Europ\u00e9en des Musiques Juives\" \/>\n<meta property=\"og:description\" content=\"Il 14 aprile 2010, quasi 200 spettatori hanno assistito al concerto &#8221; Musiche ebraiche barocche&#8221; tenuto dall&#8217;ensemble Les folastries diretto da David Klein. Organizzato dall&#8217;Associazione Yuval, con il sostegno dell&#8217;Istituto\" \/>\n<meta property=\"og:url\" content=\"https:\/\/www.iemj.org\/it\/concert-musiques-juives-baroques-venise-mantoue-amsterdam\/\" \/>\n<meta property=\"og:site_name\" content=\"Institut Europ\u00e9en des Musiques Juives\" \/>\n<meta property=\"article:publisher\" content=\"https:\/\/www.facebook.com\/MusiquesJuives\/\" \/>\n<meta property=\"article:published_time\" content=\"2010-06-16T07:45:46+00:00\" \/>\n<meta property=\"article:modified_time\" content=\"2023-01-16T15:29:11+00:00\" \/>\n<meta property=\"og:image\" content=\"https:\/\/www.iemj.org\/wp-content\/uploads\/2010\/06\/CD-PMJF-10-e1619620433427.jpg\" \/>\n\t<meta property=\"og:image:width\" content=\"1429\" \/>\n\t<meta property=\"og:image:height\" content=\"1399\" \/>\n\t<meta property=\"og:image:type\" content=\"image\/jpeg\" \/>\n<meta name=\"author\" content=\"Nicolas Fevre\" \/>\n<meta name=\"twitter:card\" content=\"summary_large_image\" \/>\n<meta name=\"twitter:label1\" content=\"Scritto da\" \/>\n\t<meta name=\"twitter:data1\" content=\"Nicolas Fevre\" \/>\n\t<meta name=\"twitter:label2\" content=\"Tempo di lettura stimato\" \/>\n\t<meta name=\"twitter:data2\" content=\"1 minuto\" \/>\n<script type=\"application\/ld+json\" class=\"yoast-schema-graph\">{\"@context\":\"https:\\\/\\\/schema.org\",\"@graph\":[{\"@type\":\"Article\",\"@id\":\"https:\\\/\\\/www.iemj.org\\\/it\\\/concert-musiques-juives-baroques-venise-mantoue-amsterdam\\\/#article\",\"isPartOf\":{\"@id\":\"https:\\\/\\\/www.iemj.org\\\/it\\\/concert-musiques-juives-baroques-venise-mantoue-amsterdam\\\/\"},\"author\":{\"name\":\"Nicolas Fevre\",\"@id\":\"https:\\\/\\\/www.iemj.org\\\/it\\\/#\\\/schema\\\/person\\\/0dfc8632809ec10c9e7d4daf4f4b9f1c\"},\"headline\":\"Concerto Musiche barocche ebraiche &#8211; Venezia, Mantova, Amsterdam\",\"datePublished\":\"2010-06-16T07:45:46+00:00\",\"dateModified\":\"2023-01-16T15:29:11+00:00\",\"mainEntityOfPage\":{\"@id\":\"https:\\\/\\\/www.iemj.org\\\/it\\\/concert-musiques-juives-baroques-venise-mantoue-amsterdam\\\/\"},\"wordCount\":69,\"publisher\":{\"@id\":\"https:\\\/\\\/www.iemj.org\\\/it\\\/#organization\"},\"image\":{\"@id\":\"https:\\\/\\\/www.iemj.org\\\/it\\\/concert-musiques-juives-baroques-venise-mantoue-amsterdam\\\/#primaryimage\"},\"thumbnailUrl\":\"https:\\\/\\\/www.iemj.org\\\/wp-content\\\/uploads\\\/2010\\\/06\\\/CD-PMJF-10-e1619620433427.jpg\",\"articleSection\":[\"Rassegna stampa\"],\"inLanguage\":\"it-IT\"},{\"@type\":\"WebPage\",\"@id\":\"https:\\\/\\\/www.iemj.org\\\/it\\\/concert-musiques-juives-baroques-venise-mantoue-amsterdam\\\/\",\"url\":\"https:\\\/\\\/www.iemj.org\\\/it\\\/concert-musiques-juives-baroques-venise-mantoue-amsterdam\\\/\",\"name\":\"Concerto Musiche barocche ebraiche - Venezia, Mantova, Amsterdam - Institut Europ\u00e9en des Musiques Juives\",\"isPartOf\":{\"@id\":\"https:\\\/\\\/www.iemj.org\\\/it\\\/#website\"},\"primaryImageOfPage\":{\"@id\":\"https:\\\/\\\/www.iemj.org\\\/it\\\/concert-musiques-juives-baroques-venise-mantoue-amsterdam\\\/#primaryimage\"},\"image\":{\"@id\":\"https:\\\/\\\/www.iemj.org\\\/it\\\/concert-musiques-juives-baroques-venise-mantoue-amsterdam\\\/#primaryimage\"},\"thumbnailUrl\":\"https:\\\/\\\/www.iemj.org\\\/wp-content\\\/uploads\\\/2010\\\/06\\\/CD-PMJF-10-e1619620433427.jpg\",\"datePublished\":\"2010-06-16T07:45:46+00:00\",\"dateModified\":\"2023-01-16T15:29:11+00:00\",\"breadcrumb\":{\"@id\":\"https:\\\/\\\/www.iemj.org\\\/it\\\/concert-musiques-juives-baroques-venise-mantoue-amsterdam\\\/#breadcrumb\"},\"inLanguage\":\"it-IT\",\"potentialAction\":[{\"@type\":\"ReadAction\",\"target\":[\"https:\\\/\\\/www.iemj.org\\\/it\\\/concert-musiques-juives-baroques-venise-mantoue-amsterdam\\\/\"]}]},{\"@type\":\"ImageObject\",\"inLanguage\":\"it-IT\",\"@id\":\"https:\\\/\\\/www.iemj.org\\\/it\\\/concert-musiques-juives-baroques-venise-mantoue-amsterdam\\\/#primaryimage\",\"url\":\"https:\\\/\\\/www.iemj.org\\\/wp-content\\\/uploads\\\/2010\\\/06\\\/CD-PMJF-10-e1619620433427.jpg\",\"contentUrl\":\"https:\\\/\\\/www.iemj.org\\\/wp-content\\\/uploads\\\/2010\\\/06\\\/CD-PMJF-10-e1619620433427.jpg\",\"width\":1429,\"height\":1399},{\"@type\":\"BreadcrumbList\",\"@id\":\"https:\\\/\\\/www.iemj.org\\\/it\\\/concert-musiques-juives-baroques-venise-mantoue-amsterdam\\\/#breadcrumb\",\"itemListElement\":[{\"@type\":\"ListItem\",\"position\":1,\"name\":\"Accueil\",\"item\":\"https:\\\/\\\/www.iemj.org\\\/it\\\/\"},{\"@type\":\"ListItem\",\"position\":2,\"name\":\"Concerto Musiche barocche ebraiche &#8211; Venezia, Mantova, Amsterdam\"}]},{\"@type\":\"WebSite\",\"@id\":\"https:\\\/\\\/www.iemj.org\\\/it\\\/#website\",\"url\":\"https:\\\/\\\/www.iemj.org\\\/it\\\/\",\"name\":\"Institut Europ\u00e9en des Musiques Juives\",\"description\":\"Des traditions musicales \u00e0 la port\u00e9e de tous\",\"publisher\":{\"@id\":\"https:\\\/\\\/www.iemj.org\\\/it\\\/#organization\"},\"potentialAction\":[{\"@type\":\"SearchAction\",\"target\":{\"@type\":\"EntryPoint\",\"urlTemplate\":\"https:\\\/\\\/www.iemj.org\\\/it\\\/?s={search_term_string}\"},\"query-input\":{\"@type\":\"PropertyValueSpecification\",\"valueRequired\":true,\"valueName\":\"search_term_string\"}}],\"inLanguage\":\"it-IT\"},{\"@type\":\"Organization\",\"@id\":\"https:\\\/\\\/www.iemj.org\\\/it\\\/#organization\",\"name\":\"Institut Europ\u00e9en des Musiques Juives\",\"url\":\"https:\\\/\\\/www.iemj.org\\\/it\\\/\",\"logo\":{\"@type\":\"ImageObject\",\"inLanguage\":\"it-IT\",\"@id\":\"https:\\\/\\\/www.iemj.org\\\/it\\\/#\\\/schema\\\/logo\\\/image\\\/\",\"url\":\"https:\\\/\\\/www.iemj.org\\\/wp-content\\\/uploads\\\/2021\\\/09\\\/Logo-IEMJ-Paypal.jpg\",\"contentUrl\":\"https:\\\/\\\/www.iemj.org\\\/wp-content\\\/uploads\\\/2021\\\/09\\\/Logo-IEMJ-Paypal.jpg\",\"width\":150,\"height\":50,\"caption\":\"Institut Europ\u00e9en des Musiques Juives\"},\"image\":{\"@id\":\"https:\\\/\\\/www.iemj.org\\\/it\\\/#\\\/schema\\\/logo\\\/image\\\/\"},\"sameAs\":[\"https:\\\/\\\/www.facebook.com\\\/MusiquesJuives\\\/\",\"https:\\\/\\\/www.instagram.com\\\/musiquesjuives\\\/\",\"https:\\\/\\\/www.youtube.com\\\/user\\\/musiquesjuives\"]},{\"@type\":\"Person\",\"@id\":\"https:\\\/\\\/www.iemj.org\\\/it\\\/#\\\/schema\\\/person\\\/0dfc8632809ec10c9e7d4daf4f4b9f1c\",\"name\":\"Nicolas Fevre\",\"image\":{\"@type\":\"ImageObject\",\"inLanguage\":\"it-IT\",\"@id\":\"https:\\\/\\\/secure.gravatar.com\\\/avatar\\\/d879fd262de3ba26caa7035b34c65f320aa09cf4c96889ac41d9325e287ccb7b?s=96&d=mm&r=g\",\"url\":\"https:\\\/\\\/secure.gravatar.com\\\/avatar\\\/d879fd262de3ba26caa7035b34c65f320aa09cf4c96889ac41d9325e287ccb7b?s=96&d=mm&r=g\",\"contentUrl\":\"https:\\\/\\\/secure.gravatar.com\\\/avatar\\\/d879fd262de3ba26caa7035b34c65f320aa09cf4c96889ac41d9325e287ccb7b?s=96&d=mm&r=g\",\"caption\":\"Nicolas Fevre\"}}]}<\/script>\n<!-- \/ Yoast SEO plugin. -->","yoast_head_json":{"title":"Concerto Musiche barocche ebraiche - Venezia, Mantova, Amsterdam - Institut Europ\u00e9en des Musiques Juives","robots":{"index":"index","follow":"follow","max-snippet":"max-snippet:-1","max-image-preview":"max-image-preview:large","max-video-preview":"max-video-preview:-1"},"canonical":"https:\/\/www.iemj.org\/it\/concert-musiques-juives-baroques-venise-mantoue-amsterdam\/","og_locale":"it_IT","og_type":"article","og_title":"Concerto Musiche barocche ebraiche - Venezia, Mantova, Amsterdam - Institut Europ\u00e9en des Musiques Juives","og_description":"Il 14 aprile 2010, quasi 200 spettatori hanno assistito al concerto &#8221; Musiche ebraiche barocche&#8221; tenuto dall&#8217;ensemble Les folastries diretto da David Klein. Organizzato dall&#8217;Associazione Yuval, con il sostegno dell&#8217;Istituto","og_url":"https:\/\/www.iemj.org\/it\/concert-musiques-juives-baroques-venise-mantoue-amsterdam\/","og_site_name":"Institut Europ\u00e9en des Musiques Juives","article_publisher":"https:\/\/www.facebook.com\/MusiquesJuives\/","article_published_time":"2010-06-16T07:45:46+00:00","article_modified_time":"2023-01-16T15:29:11+00:00","og_image":[{"width":1429,"height":1399,"url":"https:\/\/www.iemj.org\/wp-content\/uploads\/2010\/06\/CD-PMJF-10-e1619620433427.jpg","type":"image\/jpeg"}],"author":"Nicolas Fevre","twitter_card":"summary_large_image","twitter_misc":{"Scritto da":"Nicolas Fevre","Tempo di lettura stimato":"1 minuto"},"schema":{"@context":"https:\/\/schema.org","@graph":[{"@type":"Article","@id":"https:\/\/www.iemj.org\/it\/concert-musiques-juives-baroques-venise-mantoue-amsterdam\/#article","isPartOf":{"@id":"https:\/\/www.iemj.org\/it\/concert-musiques-juives-baroques-venise-mantoue-amsterdam\/"},"author":{"name":"Nicolas Fevre","@id":"https:\/\/www.iemj.org\/it\/#\/schema\/person\/0dfc8632809ec10c9e7d4daf4f4b9f1c"},"headline":"Concerto Musiche barocche ebraiche &#8211; Venezia, Mantova, Amsterdam","datePublished":"2010-06-16T07:45:46+00:00","dateModified":"2023-01-16T15:29:11+00:00","mainEntityOfPage":{"@id":"https:\/\/www.iemj.org\/it\/concert-musiques-juives-baroques-venise-mantoue-amsterdam\/"},"wordCount":69,"publisher":{"@id":"https:\/\/www.iemj.org\/it\/#organization"},"image":{"@id":"https:\/\/www.iemj.org\/it\/concert-musiques-juives-baroques-venise-mantoue-amsterdam\/#primaryimage"},"thumbnailUrl":"https:\/\/www.iemj.org\/wp-content\/uploads\/2010\/06\/CD-PMJF-10-e1619620433427.jpg","articleSection":["Rassegna stampa"],"inLanguage":"it-IT"},{"@type":"WebPage","@id":"https:\/\/www.iemj.org\/it\/concert-musiques-juives-baroques-venise-mantoue-amsterdam\/","url":"https:\/\/www.iemj.org\/it\/concert-musiques-juives-baroques-venise-mantoue-amsterdam\/","name":"Concerto Musiche barocche ebraiche - Venezia, Mantova, Amsterdam - Institut Europ\u00e9en des Musiques Juives","isPartOf":{"@id":"https:\/\/www.iemj.org\/it\/#website"},"primaryImageOfPage":{"@id":"https:\/\/www.iemj.org\/it\/concert-musiques-juives-baroques-venise-mantoue-amsterdam\/#primaryimage"},"image":{"@id":"https:\/\/www.iemj.org\/it\/concert-musiques-juives-baroques-venise-mantoue-amsterdam\/#primaryimage"},"thumbnailUrl":"https:\/\/www.iemj.org\/wp-content\/uploads\/2010\/06\/CD-PMJF-10-e1619620433427.jpg","datePublished":"2010-06-16T07:45:46+00:00","dateModified":"2023-01-16T15:29:11+00:00","breadcrumb":{"@id":"https:\/\/www.iemj.org\/it\/concert-musiques-juives-baroques-venise-mantoue-amsterdam\/#breadcrumb"},"inLanguage":"it-IT","potentialAction":[{"@type":"ReadAction","target":["https:\/\/www.iemj.org\/it\/concert-musiques-juives-baroques-venise-mantoue-amsterdam\/"]}]},{"@type":"ImageObject","inLanguage":"it-IT","@id":"https:\/\/www.iemj.org\/it\/concert-musiques-juives-baroques-venise-mantoue-amsterdam\/#primaryimage","url":"https:\/\/www.iemj.org\/wp-content\/uploads\/2010\/06\/CD-PMJF-10-e1619620433427.jpg","contentUrl":"https:\/\/www.iemj.org\/wp-content\/uploads\/2010\/06\/CD-PMJF-10-e1619620433427.jpg","width":1429,"height":1399},{"@type":"BreadcrumbList","@id":"https:\/\/www.iemj.org\/it\/concert-musiques-juives-baroques-venise-mantoue-amsterdam\/#breadcrumb","itemListElement":[{"@type":"ListItem","position":1,"name":"Accueil","item":"https:\/\/www.iemj.org\/it\/"},{"@type":"ListItem","position":2,"name":"Concerto Musiche barocche ebraiche &#8211; Venezia, Mantova, Amsterdam"}]},{"@type":"WebSite","@id":"https:\/\/www.iemj.org\/it\/#website","url":"https:\/\/www.iemj.org\/it\/","name":"Institut Europ\u00e9en des Musiques Juives","description":"Des traditions musicales \u00e0 la port\u00e9e de tous","publisher":{"@id":"https:\/\/www.iemj.org\/it\/#organization"},"potentialAction":[{"@type":"SearchAction","target":{"@type":"EntryPoint","urlTemplate":"https:\/\/www.iemj.org\/it\/?s={search_term_string}"},"query-input":{"@type":"PropertyValueSpecification","valueRequired":true,"valueName":"search_term_string"}}],"inLanguage":"it-IT"},{"@type":"Organization","@id":"https:\/\/www.iemj.org\/it\/#organization","name":"Institut Europ\u00e9en des Musiques Juives","url":"https:\/\/www.iemj.org\/it\/","logo":{"@type":"ImageObject","inLanguage":"it-IT","@id":"https:\/\/www.iemj.org\/it\/#\/schema\/logo\/image\/","url":"https:\/\/www.iemj.org\/wp-content\/uploads\/2021\/09\/Logo-IEMJ-Paypal.jpg","contentUrl":"https:\/\/www.iemj.org\/wp-content\/uploads\/2021\/09\/Logo-IEMJ-Paypal.jpg","width":150,"height":50,"caption":"Institut Europ\u00e9en des Musiques Juives"},"image":{"@id":"https:\/\/www.iemj.org\/it\/#\/schema\/logo\/image\/"},"sameAs":["https:\/\/www.facebook.com\/MusiquesJuives\/","https:\/\/www.instagram.com\/musiquesjuives\/","https:\/\/www.youtube.com\/user\/musiquesjuives"]},{"@type":"Person","@id":"https:\/\/www.iemj.org\/it\/#\/schema\/person\/0dfc8632809ec10c9e7d4daf4f4b9f1c","name":"Nicolas Fevre","image":{"@type":"ImageObject","inLanguage":"it-IT","@id":"https:\/\/secure.gravatar.com\/avatar\/d879fd262de3ba26caa7035b34c65f320aa09cf4c96889ac41d9325e287ccb7b?s=96&d=mm&r=g","url":"https:\/\/secure.gravatar.com\/avatar\/d879fd262de3ba26caa7035b34c65f320aa09cf4c96889ac41d9325e287ccb7b?s=96&d=mm&r=g","contentUrl":"https:\/\/secure.gravatar.com\/avatar\/d879fd262de3ba26caa7035b34c65f320aa09cf4c96889ac41d9325e287ccb7b?s=96&d=mm&r=g","caption":"Nicolas Fevre"}}]}},"_links":{"self":[{"href":"https:\/\/www.iemj.org\/it\/wp-json\/wp\/v2\/posts\/92358","targetHints":{"allow":["GET"]}}],"collection":[{"href":"https:\/\/www.iemj.org\/it\/wp-json\/wp\/v2\/posts"}],"about":[{"href":"https:\/\/www.iemj.org\/it\/wp-json\/wp\/v2\/types\/post"}],"author":[{"embeddable":true,"href":"https:\/\/www.iemj.org\/it\/wp-json\/wp\/v2\/users\/1047"}],"replies":[{"embeddable":true,"href":"https:\/\/www.iemj.org\/it\/wp-json\/wp\/v2\/comments?post=92358"}],"version-history":[{"count":0,"href":"https:\/\/www.iemj.org\/it\/wp-json\/wp\/v2\/posts\/92358\/revisions"}],"wp:featuredmedia":[{"embeddable":true,"href":"https:\/\/www.iemj.org\/it\/wp-json\/wp\/v2\/media\/38423"}],"wp:attachment":[{"href":"https:\/\/www.iemj.org\/it\/wp-json\/wp\/v2\/media?parent=92358"}],"wp:term":[{"taxonomy":"category","embeddable":true,"href":"https:\/\/www.iemj.org\/it\/wp-json\/wp\/v2\/categories?post=92358"},{"taxonomy":"post_tag","embeddable":true,"href":"https:\/\/www.iemj.org\/it\/wp-json\/wp\/v2\/tags?post=92358"},{"taxonomy":"technique","embeddable":true,"href":"https:\/\/www.iemj.org\/it\/wp-json\/wp\/v2\/technique?post=92358"},{"taxonomy":"squelettes","embeddable":true,"href":"https:\/\/www.iemj.org\/it\/wp-json\/wp\/v2\/squelettes?post=92358"},{"taxonomy":"sujet","embeddable":true,"href":"https:\/\/www.iemj.org\/it\/wp-json\/wp\/v2\/sujet?post=92358"},{"taxonomy":"formation","embeddable":true,"href":"https:\/\/www.iemj.org\/it\/wp-json\/wp\/v2\/formation?post=92358"},{"taxonomy":"genre","embeddable":true,"href":"https:\/\/www.iemj.org\/it\/wp-json\/wp\/v2\/genre?post=92358"},{"taxonomy":"fonds","embeddable":true,"href":"https:\/\/www.iemj.org\/it\/wp-json\/wp\/v2\/fonds?post=92358"},{"taxonomy":"tradition","embeddable":true,"href":"https:\/\/www.iemj.org\/it\/wp-json\/wp\/v2\/tradition?post=92358"},{"taxonomy":"type-de-contenu","embeddable":true,"href":"https:\/\/www.iemj.org\/it\/wp-json\/wp\/v2\/type-de-contenu?post=92358"},{"taxonomy":"interprete-compositeur","embeddable":true,"href":"https:\/\/www.iemj.org\/it\/wp-json\/wp\/v2\/interprete-compositeur?post=92358"},{"taxonomy":"frise","embeddable":true,"href":"https:\/\/www.iemj.org\/it\/wp-json\/wp\/v2\/frise?post=92358"},{"taxonomy":"type-devenement","embeddable":true,"href":"https:\/\/www.iemj.org\/it\/wp-json\/wp\/v2\/type-devenement?post=92358"},{"taxonomy":"tableaux-liens-externes","embeddable":true,"href":"https:\/\/www.iemj.org\/it\/wp-json\/wp\/v2\/tableaux-liens-externes?post=92358"}],"curies":[{"name":"wp","href":"https:\/\/api.w.org\/{rel}","templated":true}]}}