{"id":92515,"date":"2021-10-07T19:00:42","date_gmt":"2021-10-07T17:00:42","guid":{"rendered":"https:\/\/www.iemj.org\/rose-en-ciel-3\/"},"modified":"2025-10-16T17:34:32","modified_gmt":"2025-10-16T15:34:32","slug":"rose-en-ciel-3","status":"publish","type":"post","link":"https:\/\/www.iemj.org\/it\/rose-en-ciel-3\/","title":{"rendered":"Rose en Ciel"},"content":{"rendered":"<p>Una giovane donna trova in un baule vecchi documenti di famiglia e scopre che il suo bisnonno, che non ha mai conosciuto, era ebreo.<\/p>\n<p>Le lettere che scopre portano gradualmente alla luce eventi e personaggi del passato, ricostruendo la storia sepolta della sua famiglia, mentre inizia un atemporale dialogo con il bisnonno.<\/p>\n<p>Cos\u00ec, il nonno, in un delizioso scambio pieno di umorismo e poesia, rivela le sue origini alsaziane, la sua infanzia in una famiglia povera, il suo amore appassionato, in pieno affare Dreyfus, per una giovane donna cattolica che riuscir\u00e0 a sposare. Rievoca la sua vita a Constantine, poi a Bordeaux durante l&#8217;occupazione, sua figlia Josette, ma anche le sue paure. Cos\u00ec facendo, l&#8217;eroina diventa cosciente delle forze inconsce in gioco in questa esperienza di famiglia e collega la sua passione per le canzoni yiddish, scoperte per caso, alle sue radici familiari ebraiche, tenute nascoste dalla nonna. Trova la forza di affrontare i propri dubbi, di affermare l&#8217;ebraismo che sente nel profondo ed il suo desiderio di trasmettere queste canzoni yiddish alla generazione successiva.<br \/>\n<img fetchpriority=\"high\" decoding=\"async\" class=\"alignright\" src=\"https:\/\/www.iemj.org\/wp-content\/uploads\/2021\/10\/illust-300x230.jpg\" alt=\"Illustration Rose en Ciel\" width=\"268\" height=\"206\" \/>Originariamente un racconto poetico e musicale creato da Mir\u00e9l\u00e8 Rozen, questo spettacolo destinato alla giovent\u00f9 \u00e8 stato trasformato in un libro-CD. Alternando narrazione e canzoni tradizionali, principalmente in yiddish, presentate con la loro trascrizione fonetica, questa storia ci introduce alla musica yiddish ed alla ricchezza di questa cultura.<\/p>\n<p>Con la partecipazione di Jean Birenbaum, Jos\u00e9 Navas, Alexis Chalom, Jacinta, Rapha\u00eblle e Monique Vainberg, illustrato da Oph\u00e9lie Trichereau, prefato da Ya\u00ebl Hassan, sostenuto da La Fondation Rothschild, La Fondation pour la M\u00e9moire de la Shoah e La Fondation d&#8217;entreprise La Poste, e <strong>pubblicato da Anima &amp; Cie<\/strong>.<\/p>\n<h3><a href=\"https:\/\/www.iemj.org\/it\/produit\/rose-en-ciel\/\" target=\"_blank\" rel=\"noopener\">Questo libro-CD \u00e8 in vendita sul negozio IEMJ<\/a><\/h3>\n<p>&nbsp;<\/p>\n<p><img decoding=\"async\" class=\"wp-image-110609 aligncenter\" src=\"https:\/\/www.iemj.org\/wp-content\/uploads\/2024\/03\/AUDIO-PLAYER-300x39.png\" alt=\"\" width=\"900\" height=\"117\" srcset=\"https:\/\/www.iemj.org\/wp-content\/uploads\/2024\/03\/AUDIO-PLAYER-300x39.png 300w, https:\/\/www.iemj.org\/wp-content\/uploads\/2024\/03\/AUDIO-PLAYER-1024x133.png 1024w, https:\/\/www.iemj.org\/wp-content\/uploads\/2024\/03\/AUDIO-PLAYER-768x100.png 768w, https:\/\/www.iemj.org\/wp-content\/uploads\/2024\/03\/AUDIO-PLAYER-600x78.png 600w, https:\/\/www.iemj.org\/wp-content\/uploads\/2024\/03\/AUDIO-PLAYER.png 1210w\" sizes=\"(max-width: 900px) 100vw, 900px\" \/><\/p>\n","protected":false},"excerpt":{"rendered":"<p>Una giovane donna trova in un baule vecchi documenti di famiglia e scopre che il suo bisnonno, che non ha mai conosciuto, era ebreo. Le lettere che scopre portano gradualmente<\/p>\n","protected":false},"author":5,"featured_media":69182,"comment_status":"closed","ping_status":"closed","sticky":false,"template":"","format":"standard","meta":{"_acf_changed":false,"footnotes":""},"categories":[1569,1576,1564],"tags":[],"technique":[],"squelettes":[],"sujet":[],"formation":[],"genre":[],"fonds":[],"tradition":[],"type-de-contenu":[],"interprete-compositeur":[],"frise":[],"type-devenement":[],"tableaux-liens-externes":[],"class_list":["post-92515","post","type-post","status-publish","format-standard","has-post-thumbnail","hentry","category-cd-it","category-libri-articoli-it","category-ultimi-acquisti-it"],"acf":[],"yoast_head":"<!-- This site is optimized with the Yoast SEO plugin v27.3 - https:\/\/yoast.com\/product\/yoast-seo-wordpress\/ -->\n<title>Rose en Ciel - Institut Europ\u00e9en des Musiques Juives<\/title>\n<meta name=\"robots\" content=\"index, follow, max-snippet:-1, max-image-preview:large, max-video-preview:-1\" \/>\n<link rel=\"canonical\" href=\"https:\/\/www.iemj.org\/it\/rose-en-ciel-3\/\" \/>\n<meta property=\"og:locale\" content=\"it_IT\" \/>\n<meta property=\"og:type\" content=\"article\" \/>\n<meta property=\"og:title\" content=\"Rose en Ciel - Institut Europ\u00e9en des Musiques Juives\" \/>\n<meta property=\"og:description\" content=\"Una giovane donna trova in un baule vecchi documenti di famiglia e scopre che il suo bisnonno, che non ha mai conosciuto, era ebreo. Le lettere che scopre portano gradualmente\" \/>\n<meta property=\"og:url\" content=\"https:\/\/www.iemj.org\/it\/rose-en-ciel-3\/\" \/>\n<meta property=\"og:site_name\" content=\"Institut Europ\u00e9en des Musiques Juives\" \/>\n<meta property=\"article:publisher\" content=\"https:\/\/www.facebook.com\/MusiquesJuives\/\" \/>\n<meta property=\"article:published_time\" content=\"2021-10-07T17:00:42+00:00\" \/>\n<meta property=\"article:modified_time\" content=\"2025-10-16T15:34:32+00:00\" \/>\n<meta property=\"og:image\" content=\"https:\/\/www.iemj.org\/wp-content\/uploads\/2021\/10\/COUV-e1633625766518.jpg\" \/>\n\t<meta property=\"og:image:width\" content=\"800\" \/>\n\t<meta property=\"og:image:height\" content=\"801\" \/>\n\t<meta property=\"og:image:type\" content=\"image\/jpeg\" \/>\n<meta name=\"author\" content=\"Jacqueline ROTEN\" \/>\n<meta name=\"twitter:card\" content=\"summary_large_image\" \/>\n<meta name=\"twitter:label1\" content=\"Scritto da\" \/>\n\t<meta name=\"twitter:data1\" content=\"Jacqueline ROTEN\" \/>\n\t<meta name=\"twitter:label2\" content=\"Tempo di lettura stimato\" \/>\n\t<meta name=\"twitter:data2\" content=\"3 minuti\" \/>\n<script type=\"application\/ld+json\" class=\"yoast-schema-graph\">{\"@context\":\"https:\\\/\\\/schema.org\",\"@graph\":[{\"@type\":\"Article\",\"@id\":\"https:\\\/\\\/www.iemj.org\\\/it\\\/rose-en-ciel-3\\\/#article\",\"isPartOf\":{\"@id\":\"https:\\\/\\\/www.iemj.org\\\/it\\\/rose-en-ciel-3\\\/\"},\"author\":{\"name\":\"Jacqueline ROTEN\",\"@id\":\"https:\\\/\\\/www.iemj.org\\\/it\\\/#\\\/schema\\\/person\\\/358e26c18aca017fcc4cc15437f7279c\"},\"headline\":\"Rose en Ciel\",\"datePublished\":\"2021-10-07T17:00:42+00:00\",\"dateModified\":\"2025-10-16T15:34:32+00:00\",\"mainEntityOfPage\":{\"@id\":\"https:\\\/\\\/www.iemj.org\\\/it\\\/rose-en-ciel-3\\\/\"},\"wordCount\":290,\"publisher\":{\"@id\":\"https:\\\/\\\/www.iemj.org\\\/it\\\/#organization\"},\"image\":{\"@id\":\"https:\\\/\\\/www.iemj.org\\\/it\\\/rose-en-ciel-3\\\/#primaryimage\"},\"thumbnailUrl\":\"https:\\\/\\\/www.iemj.org\\\/wp-content\\\/uploads\\\/2021\\\/10\\\/COUV-e1633625766518.jpg\",\"articleSection\":[\"CD\",\"Libri, articoli\",\"Ultimi acquisti\"],\"inLanguage\":\"it-IT\"},{\"@type\":\"WebPage\",\"@id\":\"https:\\\/\\\/www.iemj.org\\\/it\\\/rose-en-ciel-3\\\/\",\"url\":\"https:\\\/\\\/www.iemj.org\\\/it\\\/rose-en-ciel-3\\\/\",\"name\":\"Rose en Ciel - Institut Europ\u00e9en des Musiques Juives\",\"isPartOf\":{\"@id\":\"https:\\\/\\\/www.iemj.org\\\/it\\\/#website\"},\"primaryImageOfPage\":{\"@id\":\"https:\\\/\\\/www.iemj.org\\\/it\\\/rose-en-ciel-3\\\/#primaryimage\"},\"image\":{\"@id\":\"https:\\\/\\\/www.iemj.org\\\/it\\\/rose-en-ciel-3\\\/#primaryimage\"},\"thumbnailUrl\":\"https:\\\/\\\/www.iemj.org\\\/wp-content\\\/uploads\\\/2021\\\/10\\\/COUV-e1633625766518.jpg\",\"datePublished\":\"2021-10-07T17:00:42+00:00\",\"dateModified\":\"2025-10-16T15:34:32+00:00\",\"breadcrumb\":{\"@id\":\"https:\\\/\\\/www.iemj.org\\\/it\\\/rose-en-ciel-3\\\/#breadcrumb\"},\"inLanguage\":\"it-IT\",\"potentialAction\":[{\"@type\":\"ReadAction\",\"target\":[\"https:\\\/\\\/www.iemj.org\\\/it\\\/rose-en-ciel-3\\\/\"]}]},{\"@type\":\"ImageObject\",\"inLanguage\":\"it-IT\",\"@id\":\"https:\\\/\\\/www.iemj.org\\\/it\\\/rose-en-ciel-3\\\/#primaryimage\",\"url\":\"https:\\\/\\\/www.iemj.org\\\/wp-content\\\/uploads\\\/2021\\\/10\\\/COUV-e1633625766518.jpg\",\"contentUrl\":\"https:\\\/\\\/www.iemj.org\\\/wp-content\\\/uploads\\\/2021\\\/10\\\/COUV-e1633625766518.jpg\",\"width\":800,\"height\":801,\"caption\":\"COUV Rose en Ciel\"},{\"@type\":\"BreadcrumbList\",\"@id\":\"https:\\\/\\\/www.iemj.org\\\/it\\\/rose-en-ciel-3\\\/#breadcrumb\",\"itemListElement\":[{\"@type\":\"ListItem\",\"position\":1,\"name\":\"Accueil\",\"item\":\"https:\\\/\\\/www.iemj.org\\\/it\\\/\"},{\"@type\":\"ListItem\",\"position\":2,\"name\":\"Rose en Ciel\"}]},{\"@type\":\"WebSite\",\"@id\":\"https:\\\/\\\/www.iemj.org\\\/it\\\/#website\",\"url\":\"https:\\\/\\\/www.iemj.org\\\/it\\\/\",\"name\":\"Institut Europ\u00e9en des Musiques Juives\",\"description\":\"Des traditions musicales \u00e0 la port\u00e9e de tous\",\"publisher\":{\"@id\":\"https:\\\/\\\/www.iemj.org\\\/it\\\/#organization\"},\"potentialAction\":[{\"@type\":\"SearchAction\",\"target\":{\"@type\":\"EntryPoint\",\"urlTemplate\":\"https:\\\/\\\/www.iemj.org\\\/it\\\/?s={search_term_string}\"},\"query-input\":{\"@type\":\"PropertyValueSpecification\",\"valueRequired\":true,\"valueName\":\"search_term_string\"}}],\"inLanguage\":\"it-IT\"},{\"@type\":\"Organization\",\"@id\":\"https:\\\/\\\/www.iemj.org\\\/it\\\/#organization\",\"name\":\"Institut Europ\u00e9en des Musiques Juives\",\"url\":\"https:\\\/\\\/www.iemj.org\\\/it\\\/\",\"logo\":{\"@type\":\"ImageObject\",\"inLanguage\":\"it-IT\",\"@id\":\"https:\\\/\\\/www.iemj.org\\\/it\\\/#\\\/schema\\\/logo\\\/image\\\/\",\"url\":\"https:\\\/\\\/www.iemj.org\\\/wp-content\\\/uploads\\\/2021\\\/09\\\/Logo-IEMJ-Paypal.jpg\",\"contentUrl\":\"https:\\\/\\\/www.iemj.org\\\/wp-content\\\/uploads\\\/2021\\\/09\\\/Logo-IEMJ-Paypal.jpg\",\"width\":150,\"height\":50,\"caption\":\"Institut Europ\u00e9en des Musiques Juives\"},\"image\":{\"@id\":\"https:\\\/\\\/www.iemj.org\\\/it\\\/#\\\/schema\\\/logo\\\/image\\\/\"},\"sameAs\":[\"https:\\\/\\\/www.facebook.com\\\/MusiquesJuives\\\/\",\"https:\\\/\\\/www.instagram.com\\\/musiquesjuives\\\/\",\"https:\\\/\\\/www.youtube.com\\\/user\\\/musiquesjuives\"]},{\"@type\":\"Person\",\"@id\":\"https:\\\/\\\/www.iemj.org\\\/it\\\/#\\\/schema\\\/person\\\/358e26c18aca017fcc4cc15437f7279c\",\"name\":\"Jacqueline ROTEN\",\"image\":{\"@type\":\"ImageObject\",\"inLanguage\":\"it-IT\",\"@id\":\"https:\\\/\\\/secure.gravatar.com\\\/avatar\\\/5964256d6c6957de3a3505278957e0fb2a35119ac47ea41827a65301213c810b?s=96&d=mm&r=g\",\"url\":\"https:\\\/\\\/secure.gravatar.com\\\/avatar\\\/5964256d6c6957de3a3505278957e0fb2a35119ac47ea41827a65301213c810b?s=96&d=mm&r=g\",\"contentUrl\":\"https:\\\/\\\/secure.gravatar.com\\\/avatar\\\/5964256d6c6957de3a3505278957e0fb2a35119ac47ea41827a65301213c810b?s=96&d=mm&r=g\",\"caption\":\"Jacqueline ROTEN\"}}]}<\/script>\n<!-- \/ Yoast SEO plugin. -->","yoast_head_json":{"title":"Rose en Ciel - Institut Europ\u00e9en des Musiques Juives","robots":{"index":"index","follow":"follow","max-snippet":"max-snippet:-1","max-image-preview":"max-image-preview:large","max-video-preview":"max-video-preview:-1"},"canonical":"https:\/\/www.iemj.org\/it\/rose-en-ciel-3\/","og_locale":"it_IT","og_type":"article","og_title":"Rose en Ciel - Institut Europ\u00e9en des Musiques Juives","og_description":"Una giovane donna trova in un baule vecchi documenti di famiglia e scopre che il suo bisnonno, che non ha mai conosciuto, era ebreo. Le lettere che scopre portano gradualmente","og_url":"https:\/\/www.iemj.org\/it\/rose-en-ciel-3\/","og_site_name":"Institut Europ\u00e9en des Musiques Juives","article_publisher":"https:\/\/www.facebook.com\/MusiquesJuives\/","article_published_time":"2021-10-07T17:00:42+00:00","article_modified_time":"2025-10-16T15:34:32+00:00","og_image":[{"width":800,"height":801,"url":"https:\/\/www.iemj.org\/wp-content\/uploads\/2021\/10\/COUV-e1633625766518.jpg","type":"image\/jpeg"}],"author":"Jacqueline ROTEN","twitter_card":"summary_large_image","twitter_misc":{"Scritto da":"Jacqueline ROTEN","Tempo di lettura stimato":"3 minuti"},"schema":{"@context":"https:\/\/schema.org","@graph":[{"@type":"Article","@id":"https:\/\/www.iemj.org\/it\/rose-en-ciel-3\/#article","isPartOf":{"@id":"https:\/\/www.iemj.org\/it\/rose-en-ciel-3\/"},"author":{"name":"Jacqueline ROTEN","@id":"https:\/\/www.iemj.org\/it\/#\/schema\/person\/358e26c18aca017fcc4cc15437f7279c"},"headline":"Rose en Ciel","datePublished":"2021-10-07T17:00:42+00:00","dateModified":"2025-10-16T15:34:32+00:00","mainEntityOfPage":{"@id":"https:\/\/www.iemj.org\/it\/rose-en-ciel-3\/"},"wordCount":290,"publisher":{"@id":"https:\/\/www.iemj.org\/it\/#organization"},"image":{"@id":"https:\/\/www.iemj.org\/it\/rose-en-ciel-3\/#primaryimage"},"thumbnailUrl":"https:\/\/www.iemj.org\/wp-content\/uploads\/2021\/10\/COUV-e1633625766518.jpg","articleSection":["CD","Libri, articoli","Ultimi acquisti"],"inLanguage":"it-IT"},{"@type":"WebPage","@id":"https:\/\/www.iemj.org\/it\/rose-en-ciel-3\/","url":"https:\/\/www.iemj.org\/it\/rose-en-ciel-3\/","name":"Rose en Ciel - Institut Europ\u00e9en des Musiques Juives","isPartOf":{"@id":"https:\/\/www.iemj.org\/it\/#website"},"primaryImageOfPage":{"@id":"https:\/\/www.iemj.org\/it\/rose-en-ciel-3\/#primaryimage"},"image":{"@id":"https:\/\/www.iemj.org\/it\/rose-en-ciel-3\/#primaryimage"},"thumbnailUrl":"https:\/\/www.iemj.org\/wp-content\/uploads\/2021\/10\/COUV-e1633625766518.jpg","datePublished":"2021-10-07T17:00:42+00:00","dateModified":"2025-10-16T15:34:32+00:00","breadcrumb":{"@id":"https:\/\/www.iemj.org\/it\/rose-en-ciel-3\/#breadcrumb"},"inLanguage":"it-IT","potentialAction":[{"@type":"ReadAction","target":["https:\/\/www.iemj.org\/it\/rose-en-ciel-3\/"]}]},{"@type":"ImageObject","inLanguage":"it-IT","@id":"https:\/\/www.iemj.org\/it\/rose-en-ciel-3\/#primaryimage","url":"https:\/\/www.iemj.org\/wp-content\/uploads\/2021\/10\/COUV-e1633625766518.jpg","contentUrl":"https:\/\/www.iemj.org\/wp-content\/uploads\/2021\/10\/COUV-e1633625766518.jpg","width":800,"height":801,"caption":"COUV Rose en Ciel"},{"@type":"BreadcrumbList","@id":"https:\/\/www.iemj.org\/it\/rose-en-ciel-3\/#breadcrumb","itemListElement":[{"@type":"ListItem","position":1,"name":"Accueil","item":"https:\/\/www.iemj.org\/it\/"},{"@type":"ListItem","position":2,"name":"Rose en Ciel"}]},{"@type":"WebSite","@id":"https:\/\/www.iemj.org\/it\/#website","url":"https:\/\/www.iemj.org\/it\/","name":"Institut Europ\u00e9en des Musiques Juives","description":"Des traditions musicales \u00e0 la port\u00e9e de tous","publisher":{"@id":"https:\/\/www.iemj.org\/it\/#organization"},"potentialAction":[{"@type":"SearchAction","target":{"@type":"EntryPoint","urlTemplate":"https:\/\/www.iemj.org\/it\/?s={search_term_string}"},"query-input":{"@type":"PropertyValueSpecification","valueRequired":true,"valueName":"search_term_string"}}],"inLanguage":"it-IT"},{"@type":"Organization","@id":"https:\/\/www.iemj.org\/it\/#organization","name":"Institut Europ\u00e9en des Musiques Juives","url":"https:\/\/www.iemj.org\/it\/","logo":{"@type":"ImageObject","inLanguage":"it-IT","@id":"https:\/\/www.iemj.org\/it\/#\/schema\/logo\/image\/","url":"https:\/\/www.iemj.org\/wp-content\/uploads\/2021\/09\/Logo-IEMJ-Paypal.jpg","contentUrl":"https:\/\/www.iemj.org\/wp-content\/uploads\/2021\/09\/Logo-IEMJ-Paypal.jpg","width":150,"height":50,"caption":"Institut Europ\u00e9en des Musiques Juives"},"image":{"@id":"https:\/\/www.iemj.org\/it\/#\/schema\/logo\/image\/"},"sameAs":["https:\/\/www.facebook.com\/MusiquesJuives\/","https:\/\/www.instagram.com\/musiquesjuives\/","https:\/\/www.youtube.com\/user\/musiquesjuives"]},{"@type":"Person","@id":"https:\/\/www.iemj.org\/it\/#\/schema\/person\/358e26c18aca017fcc4cc15437f7279c","name":"Jacqueline ROTEN","image":{"@type":"ImageObject","inLanguage":"it-IT","@id":"https:\/\/secure.gravatar.com\/avatar\/5964256d6c6957de3a3505278957e0fb2a35119ac47ea41827a65301213c810b?s=96&d=mm&r=g","url":"https:\/\/secure.gravatar.com\/avatar\/5964256d6c6957de3a3505278957e0fb2a35119ac47ea41827a65301213c810b?s=96&d=mm&r=g","contentUrl":"https:\/\/secure.gravatar.com\/avatar\/5964256d6c6957de3a3505278957e0fb2a35119ac47ea41827a65301213c810b?s=96&d=mm&r=g","caption":"Jacqueline ROTEN"}}]}},"_links":{"self":[{"href":"https:\/\/www.iemj.org\/it\/wp-json\/wp\/v2\/posts\/92515","targetHints":{"allow":["GET"]}}],"collection":[{"href":"https:\/\/www.iemj.org\/it\/wp-json\/wp\/v2\/posts"}],"about":[{"href":"https:\/\/www.iemj.org\/it\/wp-json\/wp\/v2\/types\/post"}],"author":[{"embeddable":true,"href":"https:\/\/www.iemj.org\/it\/wp-json\/wp\/v2\/users\/5"}],"replies":[{"embeddable":true,"href":"https:\/\/www.iemj.org\/it\/wp-json\/wp\/v2\/comments?post=92515"}],"version-history":[{"count":1,"href":"https:\/\/www.iemj.org\/it\/wp-json\/wp\/v2\/posts\/92515\/revisions"}],"predecessor-version":[{"id":127074,"href":"https:\/\/www.iemj.org\/it\/wp-json\/wp\/v2\/posts\/92515\/revisions\/127074"}],"wp:featuredmedia":[{"embeddable":true,"href":"https:\/\/www.iemj.org\/it\/wp-json\/wp\/v2\/media\/69182"}],"wp:attachment":[{"href":"https:\/\/www.iemj.org\/it\/wp-json\/wp\/v2\/media?parent=92515"}],"wp:term":[{"taxonomy":"category","embeddable":true,"href":"https:\/\/www.iemj.org\/it\/wp-json\/wp\/v2\/categories?post=92515"},{"taxonomy":"post_tag","embeddable":true,"href":"https:\/\/www.iemj.org\/it\/wp-json\/wp\/v2\/tags?post=92515"},{"taxonomy":"technique","embeddable":true,"href":"https:\/\/www.iemj.org\/it\/wp-json\/wp\/v2\/technique?post=92515"},{"taxonomy":"squelettes","embeddable":true,"href":"https:\/\/www.iemj.org\/it\/wp-json\/wp\/v2\/squelettes?post=92515"},{"taxonomy":"sujet","embeddable":true,"href":"https:\/\/www.iemj.org\/it\/wp-json\/wp\/v2\/sujet?post=92515"},{"taxonomy":"formation","embeddable":true,"href":"https:\/\/www.iemj.org\/it\/wp-json\/wp\/v2\/formation?post=92515"},{"taxonomy":"genre","embeddable":true,"href":"https:\/\/www.iemj.org\/it\/wp-json\/wp\/v2\/genre?post=92515"},{"taxonomy":"fonds","embeddable":true,"href":"https:\/\/www.iemj.org\/it\/wp-json\/wp\/v2\/fonds?post=92515"},{"taxonomy":"tradition","embeddable":true,"href":"https:\/\/www.iemj.org\/it\/wp-json\/wp\/v2\/tradition?post=92515"},{"taxonomy":"type-de-contenu","embeddable":true,"href":"https:\/\/www.iemj.org\/it\/wp-json\/wp\/v2\/type-de-contenu?post=92515"},{"taxonomy":"interprete-compositeur","embeddable":true,"href":"https:\/\/www.iemj.org\/it\/wp-json\/wp\/v2\/interprete-compositeur?post=92515"},{"taxonomy":"frise","embeddable":true,"href":"https:\/\/www.iemj.org\/it\/wp-json\/wp\/v2\/frise?post=92515"},{"taxonomy":"type-devenement","embeddable":true,"href":"https:\/\/www.iemj.org\/it\/wp-json\/wp\/v2\/type-devenement?post=92515"},{"taxonomy":"tableaux-liens-externes","embeddable":true,"href":"https:\/\/www.iemj.org\/it\/wp-json\/wp\/v2\/tableaux-liens-externes?post=92515"}],"curies":[{"name":"wp","href":"https:\/\/api.w.org\/{rel}","templated":true}]}}