{"id":92534,"date":"2014-05-06T10:50:57","date_gmt":"2014-05-06T08:50:57","guid":{"rendered":"https:\/\/www.iemj.org\/les-musigrains-une-institution-pedagogique-et-musicale-1939-1986\/"},"modified":"2023-01-18T15:47:52","modified_gmt":"2023-01-18T14:47:52","slug":"les-musigrains-une-institution-pedagogique-et-musicale-1939-1986","status":"publish","type":"post","link":"https:\/\/www.iemj.org\/it\/les-musigrains-une-institution-pedagogique-et-musicale-1939-1986\/","title":{"rendered":"Les Musigrains &#8211; Une institution p\u00e9dagogique et musicale (1939 &#8211; 1986)"},"content":{"rendered":"<p>Editions L\u2019Harmattan, Paris, 2013, 222 p.<\/p>\n<p><!--more-->I Musigrains \u00e8 un&#8217;avventura didattico-musicale che si \u00e8 svolta nelle sale da concerto parigine. Migliaia di appassionati di musica hanno assistito a pi\u00f9 di 400 concerti tenuti da centinaia di interpreti e che generalmente includono brevi opere contemporanee. Questo libro si concentra sugli elementi principali dei Musigrain (storia, biografie, interpreti,&#8230;) e presenta in seguito testimonianze, tra cui quelle di persone vicine a Germaine Arbeau-Bonnefoy ed alla sua equipe.<\/p>\n<p>Les Musigrains \u00e8 il nome di un&#8217;associazione parigina di concerti didattici, creata nel luglio 1939 ed attiva tra il febbraio 1941 ed il maggio 1986. Questo nome \u00e8 infatti quello del ciclo di concerti per scolari fondato nel 1945. L&#8217;associazione si chiamava esattamente \u00c9volution Musicale de la Jeunesse (EMJ), nome utilizzato anche dal ciclo superiore, mentre nel 1965 fu creato un ciclo preparatorio dedicato agli studenti pi\u00f9 giovani.<\/p>\n<p>Ospitati nei primi e negli ultimi anni nella vecchia Salle du Conservatoire, nella Salle Pleyel e nella Salle Gaveau, nella Mutualit\u00e9 e nel Th\u00e9\u00e2tre du Ch\u00e2telet, i Musigrains sono stati principalmente associati al Th\u00e9\u00e2tre des Champs-\u00c9lys\u00e9es dal 1949 al 1978.<\/p>\n<p>Fondati da Germaine Arbeau-Bonnefoy (1893-1986), insegnante di pianoforte con un certo talento per la narrazione ed un&#8217;ampia rete di contatti nel mondo musicale parigino, comprendevano esercizi di riconoscimento del timbro degli strumenti che suonavano fuori scena e l&#8217;esecuzione di brevi opere contemporanee. I concerti di Fine Anno ed alcuni altri sono stati dedicati alla danza.<\/p>\n<figure id=\"attachment_6914\" aria-describedby=\"caption-attachment-6914\" style=\"width: 216px\" class=\"wp-caption alignleft\"><img fetchpriority=\"high\" decoding=\"async\" class=\" alignleft size-full wp-image-6914\" title=\"Germaine Arbeau-Bonnefoy\" src=\"https:\/\/www.iemj.org\/wp-content\/uploads\/2014\/05\/arbeau-bonnefoy_germain.jpg\" alt=\"Germaine Arbeau-Bonnefoy\" width=\"216\" height=\"298\" align=\"left\" \/><figcaption id=\"caption-attachment-6914\" class=\"wp-caption-text\"><strong>Germaine Arbeau-Bonnefoy<\/strong><\/figcaption><\/figure>\n<p>L&#8217;orchestra della Soci\u00e9t\u00e9 des concerts du Conservatoire, poi dei Concerts Lamoureux, era diretta da Robert Blot, direttore dell&#8217;Op\u00e9ra di Parigi, sostituito quando era assente da Witold Dobrzynski e poi, dopo la sua morte nel 1983, da Michel Capelier. <a href=\"https:\/\/www.iemj.org\/it\/zadoc-kahn-genevieve-1914-2001\/\">Genevi\u00e8ve Zadoc-Kahn<\/a>, insegnante di pianoforte e di musica, era la direttrice di scena.<\/p>\n<p>a signora Arbeau-Bonnefoy \u00e8 stata assistita o, dal 1977, sostituita nella presentazione dei concerti dai pianisti ed insegnanti R\u00e9my Stricker, Jean-Pierre Armengaud (anche musicologi e autori) e da Michel Capelier (anche direttore d&#8217;orchestra e compositore).<\/p>\n<p>L&#8217;attrice Akakia-Viala, nipote di \u00c9douard Autant e Louise Lara, ha svolto un ruolo importante nella creazione di maschere, costumi e diapositive e nella redazione ed illustrazione dei giornali che accompagnavano e sviluppavano il tema dei concerti.<\/p>\n<p>Centinaia di artisti di qualit\u00e0, sia principianti che esperti, si sono esibiti sul palco dei Musigrains, ispirando molte vocazioni musicali tra i giovani.<\/p>\n<p>Articolo tratto in gran parte da <a href=\"http:\/\/fr.wikipedia.org\/wiki\/Musigrains\">Wikip\u00e9dia<\/a><\/p>\n<p><a href=\"https:\/\/www.editions-harmattan.fr\/livre-les_musigrains_une_institution_pedagogique_et_musicale_laurent_herz-9782343020204-41929.html\" target=\"_blank\" rel=\"noopener\">Ordinare il libro<\/a><\/p>\n","protected":false},"excerpt":{"rendered":"<p>Editions L\u2019Harmattan, Paris, 2013, 222 p.<\/p>\n","protected":false},"author":1045,"featured_media":38235,"comment_status":"closed","ping_status":"open","sticky":false,"template":"","format":"standard","meta":{"_acf_changed":false,"footnotes":""},"categories":[1576,1564],"tags":[],"technique":[],"squelettes":[],"sujet":[],"formation":[],"genre":[],"fonds":[],"tradition":[],"type-de-contenu":[],"interprete-compositeur":[],"frise":[],"type-devenement":[],"tableaux-liens-externes":[],"class_list":["post-92534","post","type-post","status-publish","format-standard","has-post-thumbnail","hentry","category-libri-articoli-it","category-ultimi-acquisti-it"],"acf":[],"yoast_head":"<!-- This site is optimized with the Yoast SEO plugin v27.3 - https:\/\/yoast.com\/product\/yoast-seo-wordpress\/ -->\n<title>Les Musigrains - Une institution p\u00e9dagogique et musicale (1939 - 1986) - Institut Europ\u00e9en des Musiques Juives<\/title>\n<meta name=\"robots\" content=\"index, follow, max-snippet:-1, max-image-preview:large, max-video-preview:-1\" \/>\n<link rel=\"canonical\" href=\"https:\/\/www.iemj.org\/it\/les-musigrains-une-institution-pedagogique-et-musicale-1939-1986\/\" \/>\n<meta property=\"og:locale\" content=\"it_IT\" \/>\n<meta property=\"og:type\" content=\"article\" \/>\n<meta property=\"og:title\" content=\"Les Musigrains - Une institution p\u00e9dagogique et musicale (1939 - 1986) - Institut Europ\u00e9en des Musiques Juives\" \/>\n<meta property=\"og:description\" content=\"Editions L\u2019Harmattan, Paris, 2013, 222 p.\" \/>\n<meta property=\"og:url\" content=\"https:\/\/www.iemj.org\/it\/les-musigrains-une-institution-pedagogique-et-musicale-1939-1986\/\" \/>\n<meta property=\"og:site_name\" content=\"Institut Europ\u00e9en des Musiques Juives\" \/>\n<meta property=\"article:publisher\" content=\"https:\/\/www.facebook.com\/MusiquesJuives\/\" \/>\n<meta property=\"article:published_time\" content=\"2014-05-06T08:50:57+00:00\" \/>\n<meta property=\"article:modified_time\" content=\"2023-01-18T14:47:52+00:00\" \/>\n<meta property=\"og:image\" content=\"https:\/\/www.iemj.org\/wp-content\/uploads\/2014\/05\/Les-musigrains_COUV.jpg\" \/>\n\t<meta property=\"og:image:width\" content=\"316\" \/>\n\t<meta property=\"og:image:height\" content=\"501\" \/>\n\t<meta property=\"og:image:type\" content=\"image\/jpeg\" \/>\n<meta name=\"author\" content=\"Herv\u00e9 Roten\" \/>\n<meta name=\"twitter:card\" content=\"summary_large_image\" \/>\n<meta name=\"twitter:label1\" content=\"Scritto da\" \/>\n\t<meta name=\"twitter:data1\" content=\"Herv\u00e9 Roten\" \/>\n\t<meta name=\"twitter:label2\" content=\"Tempo di lettura stimato\" \/>\n\t<meta name=\"twitter:data2\" content=\"3 minuti\" \/>\n<script type=\"application\/ld+json\" class=\"yoast-schema-graph\">{\"@context\":\"https:\\\/\\\/schema.org\",\"@graph\":[{\"@type\":\"Article\",\"@id\":\"https:\\\/\\\/www.iemj.org\\\/it\\\/les-musigrains-une-institution-pedagogique-et-musicale-1939-1986\\\/#article\",\"isPartOf\":{\"@id\":\"https:\\\/\\\/www.iemj.org\\\/it\\\/les-musigrains-une-institution-pedagogique-et-musicale-1939-1986\\\/\"},\"author\":{\"name\":\"Herv\u00e9 Roten\",\"@id\":\"https:\\\/\\\/www.iemj.org\\\/it\\\/#\\\/schema\\\/person\\\/906134402c29d5c76e7b726261dd4bbd\"},\"headline\":\"Les Musigrains &#8211; Une institution p\u00e9dagogique et musicale (1939 &#8211; 1986)\",\"datePublished\":\"2014-05-06T08:50:57+00:00\",\"dateModified\":\"2023-01-18T14:47:52+00:00\",\"mainEntityOfPage\":{\"@id\":\"https:\\\/\\\/www.iemj.org\\\/it\\\/les-musigrains-une-institution-pedagogique-et-musicale-1939-1986\\\/\"},\"wordCount\":414,\"publisher\":{\"@id\":\"https:\\\/\\\/www.iemj.org\\\/it\\\/#organization\"},\"image\":{\"@id\":\"https:\\\/\\\/www.iemj.org\\\/it\\\/les-musigrains-une-institution-pedagogique-et-musicale-1939-1986\\\/#primaryimage\"},\"thumbnailUrl\":\"https:\\\/\\\/www.iemj.org\\\/wp-content\\\/uploads\\\/2014\\\/05\\\/Les-musigrains_COUV.jpg\",\"articleSection\":[\"Libri, articoli\",\"Ultimi acquisti\"],\"inLanguage\":\"it-IT\"},{\"@type\":\"WebPage\",\"@id\":\"https:\\\/\\\/www.iemj.org\\\/it\\\/les-musigrains-une-institution-pedagogique-et-musicale-1939-1986\\\/\",\"url\":\"https:\\\/\\\/www.iemj.org\\\/it\\\/les-musigrains-une-institution-pedagogique-et-musicale-1939-1986\\\/\",\"name\":\"Les Musigrains - Une institution p\u00e9dagogique et musicale (1939 - 1986) - Institut Europ\u00e9en des Musiques Juives\",\"isPartOf\":{\"@id\":\"https:\\\/\\\/www.iemj.org\\\/it\\\/#website\"},\"primaryImageOfPage\":{\"@id\":\"https:\\\/\\\/www.iemj.org\\\/it\\\/les-musigrains-une-institution-pedagogique-et-musicale-1939-1986\\\/#primaryimage\"},\"image\":{\"@id\":\"https:\\\/\\\/www.iemj.org\\\/it\\\/les-musigrains-une-institution-pedagogique-et-musicale-1939-1986\\\/#primaryimage\"},\"thumbnailUrl\":\"https:\\\/\\\/www.iemj.org\\\/wp-content\\\/uploads\\\/2014\\\/05\\\/Les-musigrains_COUV.jpg\",\"datePublished\":\"2014-05-06T08:50:57+00:00\",\"dateModified\":\"2023-01-18T14:47:52+00:00\",\"breadcrumb\":{\"@id\":\"https:\\\/\\\/www.iemj.org\\\/it\\\/les-musigrains-une-institution-pedagogique-et-musicale-1939-1986\\\/#breadcrumb\"},\"inLanguage\":\"it-IT\",\"potentialAction\":[{\"@type\":\"ReadAction\",\"target\":[\"https:\\\/\\\/www.iemj.org\\\/it\\\/les-musigrains-une-institution-pedagogique-et-musicale-1939-1986\\\/\"]}]},{\"@type\":\"ImageObject\",\"inLanguage\":\"it-IT\",\"@id\":\"https:\\\/\\\/www.iemj.org\\\/it\\\/les-musigrains-une-institution-pedagogique-et-musicale-1939-1986\\\/#primaryimage\",\"url\":\"https:\\\/\\\/www.iemj.org\\\/wp-content\\\/uploads\\\/2014\\\/05\\\/Les-musigrains_COUV.jpg\",\"contentUrl\":\"https:\\\/\\\/www.iemj.org\\\/wp-content\\\/uploads\\\/2014\\\/05\\\/Les-musigrains_COUV.jpg\",\"width\":316,\"height\":501},{\"@type\":\"BreadcrumbList\",\"@id\":\"https:\\\/\\\/www.iemj.org\\\/it\\\/les-musigrains-une-institution-pedagogique-et-musicale-1939-1986\\\/#breadcrumb\",\"itemListElement\":[{\"@type\":\"ListItem\",\"position\":1,\"name\":\"Accueil\",\"item\":\"https:\\\/\\\/www.iemj.org\\\/it\\\/\"},{\"@type\":\"ListItem\",\"position\":2,\"name\":\"Les Musigrains &#8211; Une institution p\u00e9dagogique et musicale (1939 &#8211; 1986)\"}]},{\"@type\":\"WebSite\",\"@id\":\"https:\\\/\\\/www.iemj.org\\\/it\\\/#website\",\"url\":\"https:\\\/\\\/www.iemj.org\\\/it\\\/\",\"name\":\"Institut Europ\u00e9en des Musiques Juives\",\"description\":\"Des traditions musicales \u00e0 la port\u00e9e de tous\",\"publisher\":{\"@id\":\"https:\\\/\\\/www.iemj.org\\\/it\\\/#organization\"},\"potentialAction\":[{\"@type\":\"SearchAction\",\"target\":{\"@type\":\"EntryPoint\",\"urlTemplate\":\"https:\\\/\\\/www.iemj.org\\\/it\\\/?s={search_term_string}\"},\"query-input\":{\"@type\":\"PropertyValueSpecification\",\"valueRequired\":true,\"valueName\":\"search_term_string\"}}],\"inLanguage\":\"it-IT\"},{\"@type\":\"Organization\",\"@id\":\"https:\\\/\\\/www.iemj.org\\\/it\\\/#organization\",\"name\":\"Institut Europ\u00e9en des Musiques Juives\",\"url\":\"https:\\\/\\\/www.iemj.org\\\/it\\\/\",\"logo\":{\"@type\":\"ImageObject\",\"inLanguage\":\"it-IT\",\"@id\":\"https:\\\/\\\/www.iemj.org\\\/it\\\/#\\\/schema\\\/logo\\\/image\\\/\",\"url\":\"https:\\\/\\\/www.iemj.org\\\/wp-content\\\/uploads\\\/2021\\\/09\\\/Logo-IEMJ-Paypal.jpg\",\"contentUrl\":\"https:\\\/\\\/www.iemj.org\\\/wp-content\\\/uploads\\\/2021\\\/09\\\/Logo-IEMJ-Paypal.jpg\",\"width\":150,\"height\":50,\"caption\":\"Institut Europ\u00e9en des Musiques Juives\"},\"image\":{\"@id\":\"https:\\\/\\\/www.iemj.org\\\/it\\\/#\\\/schema\\\/logo\\\/image\\\/\"},\"sameAs\":[\"https:\\\/\\\/www.facebook.com\\\/MusiquesJuives\\\/\",\"https:\\\/\\\/www.instagram.com\\\/musiquesjuives\\\/\",\"https:\\\/\\\/www.youtube.com\\\/user\\\/musiquesjuives\"]},{\"@type\":\"Person\",\"@id\":\"https:\\\/\\\/www.iemj.org\\\/it\\\/#\\\/schema\\\/person\\\/906134402c29d5c76e7b726261dd4bbd\",\"name\":\"Herv\u00e9 Roten\",\"image\":{\"@type\":\"ImageObject\",\"inLanguage\":\"it-IT\",\"@id\":\"https:\\\/\\\/secure.gravatar.com\\\/avatar\\\/f96ad2db538a26481f18384936b5cd0610c92d390c4dc382209216d455f685ff?s=96&d=mm&r=g\",\"url\":\"https:\\\/\\\/secure.gravatar.com\\\/avatar\\\/f96ad2db538a26481f18384936b5cd0610c92d390c4dc382209216d455f685ff?s=96&d=mm&r=g\",\"contentUrl\":\"https:\\\/\\\/secure.gravatar.com\\\/avatar\\\/f96ad2db538a26481f18384936b5cd0610c92d390c4dc382209216d455f685ff?s=96&d=mm&r=g\",\"caption\":\"Herv\u00e9 Roten\"}}]}<\/script>\n<!-- \/ Yoast SEO plugin. -->","yoast_head_json":{"title":"Les Musigrains - Une institution p\u00e9dagogique et musicale (1939 - 1986) - Institut Europ\u00e9en des Musiques Juives","robots":{"index":"index","follow":"follow","max-snippet":"max-snippet:-1","max-image-preview":"max-image-preview:large","max-video-preview":"max-video-preview:-1"},"canonical":"https:\/\/www.iemj.org\/it\/les-musigrains-une-institution-pedagogique-et-musicale-1939-1986\/","og_locale":"it_IT","og_type":"article","og_title":"Les Musigrains - Une institution p\u00e9dagogique et musicale (1939 - 1986) - Institut Europ\u00e9en des Musiques Juives","og_description":"Editions L\u2019Harmattan, Paris, 2013, 222 p.","og_url":"https:\/\/www.iemj.org\/it\/les-musigrains-une-institution-pedagogique-et-musicale-1939-1986\/","og_site_name":"Institut Europ\u00e9en des Musiques Juives","article_publisher":"https:\/\/www.facebook.com\/MusiquesJuives\/","article_published_time":"2014-05-06T08:50:57+00:00","article_modified_time":"2023-01-18T14:47:52+00:00","og_image":[{"width":316,"height":501,"url":"https:\/\/www.iemj.org\/wp-content\/uploads\/2014\/05\/Les-musigrains_COUV.jpg","type":"image\/jpeg"}],"author":"Herv\u00e9 Roten","twitter_card":"summary_large_image","twitter_misc":{"Scritto da":"Herv\u00e9 Roten","Tempo di lettura stimato":"3 minuti"},"schema":{"@context":"https:\/\/schema.org","@graph":[{"@type":"Article","@id":"https:\/\/www.iemj.org\/it\/les-musigrains-une-institution-pedagogique-et-musicale-1939-1986\/#article","isPartOf":{"@id":"https:\/\/www.iemj.org\/it\/les-musigrains-une-institution-pedagogique-et-musicale-1939-1986\/"},"author":{"name":"Herv\u00e9 Roten","@id":"https:\/\/www.iemj.org\/it\/#\/schema\/person\/906134402c29d5c76e7b726261dd4bbd"},"headline":"Les Musigrains &#8211; Une institution p\u00e9dagogique et musicale (1939 &#8211; 1986)","datePublished":"2014-05-06T08:50:57+00:00","dateModified":"2023-01-18T14:47:52+00:00","mainEntityOfPage":{"@id":"https:\/\/www.iemj.org\/it\/les-musigrains-une-institution-pedagogique-et-musicale-1939-1986\/"},"wordCount":414,"publisher":{"@id":"https:\/\/www.iemj.org\/it\/#organization"},"image":{"@id":"https:\/\/www.iemj.org\/it\/les-musigrains-une-institution-pedagogique-et-musicale-1939-1986\/#primaryimage"},"thumbnailUrl":"https:\/\/www.iemj.org\/wp-content\/uploads\/2014\/05\/Les-musigrains_COUV.jpg","articleSection":["Libri, articoli","Ultimi acquisti"],"inLanguage":"it-IT"},{"@type":"WebPage","@id":"https:\/\/www.iemj.org\/it\/les-musigrains-une-institution-pedagogique-et-musicale-1939-1986\/","url":"https:\/\/www.iemj.org\/it\/les-musigrains-une-institution-pedagogique-et-musicale-1939-1986\/","name":"Les Musigrains - Une institution p\u00e9dagogique et musicale (1939 - 1986) - Institut Europ\u00e9en des Musiques Juives","isPartOf":{"@id":"https:\/\/www.iemj.org\/it\/#website"},"primaryImageOfPage":{"@id":"https:\/\/www.iemj.org\/it\/les-musigrains-une-institution-pedagogique-et-musicale-1939-1986\/#primaryimage"},"image":{"@id":"https:\/\/www.iemj.org\/it\/les-musigrains-une-institution-pedagogique-et-musicale-1939-1986\/#primaryimage"},"thumbnailUrl":"https:\/\/www.iemj.org\/wp-content\/uploads\/2014\/05\/Les-musigrains_COUV.jpg","datePublished":"2014-05-06T08:50:57+00:00","dateModified":"2023-01-18T14:47:52+00:00","breadcrumb":{"@id":"https:\/\/www.iemj.org\/it\/les-musigrains-une-institution-pedagogique-et-musicale-1939-1986\/#breadcrumb"},"inLanguage":"it-IT","potentialAction":[{"@type":"ReadAction","target":["https:\/\/www.iemj.org\/it\/les-musigrains-une-institution-pedagogique-et-musicale-1939-1986\/"]}]},{"@type":"ImageObject","inLanguage":"it-IT","@id":"https:\/\/www.iemj.org\/it\/les-musigrains-une-institution-pedagogique-et-musicale-1939-1986\/#primaryimage","url":"https:\/\/www.iemj.org\/wp-content\/uploads\/2014\/05\/Les-musigrains_COUV.jpg","contentUrl":"https:\/\/www.iemj.org\/wp-content\/uploads\/2014\/05\/Les-musigrains_COUV.jpg","width":316,"height":501},{"@type":"BreadcrumbList","@id":"https:\/\/www.iemj.org\/it\/les-musigrains-une-institution-pedagogique-et-musicale-1939-1986\/#breadcrumb","itemListElement":[{"@type":"ListItem","position":1,"name":"Accueil","item":"https:\/\/www.iemj.org\/it\/"},{"@type":"ListItem","position":2,"name":"Les Musigrains &#8211; Une institution p\u00e9dagogique et musicale (1939 &#8211; 1986)"}]},{"@type":"WebSite","@id":"https:\/\/www.iemj.org\/it\/#website","url":"https:\/\/www.iemj.org\/it\/","name":"Institut Europ\u00e9en des Musiques Juives","description":"Des traditions musicales \u00e0 la port\u00e9e de tous","publisher":{"@id":"https:\/\/www.iemj.org\/it\/#organization"},"potentialAction":[{"@type":"SearchAction","target":{"@type":"EntryPoint","urlTemplate":"https:\/\/www.iemj.org\/it\/?s={search_term_string}"},"query-input":{"@type":"PropertyValueSpecification","valueRequired":true,"valueName":"search_term_string"}}],"inLanguage":"it-IT"},{"@type":"Organization","@id":"https:\/\/www.iemj.org\/it\/#organization","name":"Institut Europ\u00e9en des Musiques Juives","url":"https:\/\/www.iemj.org\/it\/","logo":{"@type":"ImageObject","inLanguage":"it-IT","@id":"https:\/\/www.iemj.org\/it\/#\/schema\/logo\/image\/","url":"https:\/\/www.iemj.org\/wp-content\/uploads\/2021\/09\/Logo-IEMJ-Paypal.jpg","contentUrl":"https:\/\/www.iemj.org\/wp-content\/uploads\/2021\/09\/Logo-IEMJ-Paypal.jpg","width":150,"height":50,"caption":"Institut Europ\u00e9en des Musiques Juives"},"image":{"@id":"https:\/\/www.iemj.org\/it\/#\/schema\/logo\/image\/"},"sameAs":["https:\/\/www.facebook.com\/MusiquesJuives\/","https:\/\/www.instagram.com\/musiquesjuives\/","https:\/\/www.youtube.com\/user\/musiquesjuives"]},{"@type":"Person","@id":"https:\/\/www.iemj.org\/it\/#\/schema\/person\/906134402c29d5c76e7b726261dd4bbd","name":"Herv\u00e9 Roten","image":{"@type":"ImageObject","inLanguage":"it-IT","@id":"https:\/\/secure.gravatar.com\/avatar\/f96ad2db538a26481f18384936b5cd0610c92d390c4dc382209216d455f685ff?s=96&d=mm&r=g","url":"https:\/\/secure.gravatar.com\/avatar\/f96ad2db538a26481f18384936b5cd0610c92d390c4dc382209216d455f685ff?s=96&d=mm&r=g","contentUrl":"https:\/\/secure.gravatar.com\/avatar\/f96ad2db538a26481f18384936b5cd0610c92d390c4dc382209216d455f685ff?s=96&d=mm&r=g","caption":"Herv\u00e9 Roten"}}]}},"_links":{"self":[{"href":"https:\/\/www.iemj.org\/it\/wp-json\/wp\/v2\/posts\/92534","targetHints":{"allow":["GET"]}}],"collection":[{"href":"https:\/\/www.iemj.org\/it\/wp-json\/wp\/v2\/posts"}],"about":[{"href":"https:\/\/www.iemj.org\/it\/wp-json\/wp\/v2\/types\/post"}],"author":[{"embeddable":true,"href":"https:\/\/www.iemj.org\/it\/wp-json\/wp\/v2\/users\/1045"}],"replies":[{"embeddable":true,"href":"https:\/\/www.iemj.org\/it\/wp-json\/wp\/v2\/comments?post=92534"}],"version-history":[{"count":0,"href":"https:\/\/www.iemj.org\/it\/wp-json\/wp\/v2\/posts\/92534\/revisions"}],"wp:featuredmedia":[{"embeddable":true,"href":"https:\/\/www.iemj.org\/it\/wp-json\/wp\/v2\/media\/38235"}],"wp:attachment":[{"href":"https:\/\/www.iemj.org\/it\/wp-json\/wp\/v2\/media?parent=92534"}],"wp:term":[{"taxonomy":"category","embeddable":true,"href":"https:\/\/www.iemj.org\/it\/wp-json\/wp\/v2\/categories?post=92534"},{"taxonomy":"post_tag","embeddable":true,"href":"https:\/\/www.iemj.org\/it\/wp-json\/wp\/v2\/tags?post=92534"},{"taxonomy":"technique","embeddable":true,"href":"https:\/\/www.iemj.org\/it\/wp-json\/wp\/v2\/technique?post=92534"},{"taxonomy":"squelettes","embeddable":true,"href":"https:\/\/www.iemj.org\/it\/wp-json\/wp\/v2\/squelettes?post=92534"},{"taxonomy":"sujet","embeddable":true,"href":"https:\/\/www.iemj.org\/it\/wp-json\/wp\/v2\/sujet?post=92534"},{"taxonomy":"formation","embeddable":true,"href":"https:\/\/www.iemj.org\/it\/wp-json\/wp\/v2\/formation?post=92534"},{"taxonomy":"genre","embeddable":true,"href":"https:\/\/www.iemj.org\/it\/wp-json\/wp\/v2\/genre?post=92534"},{"taxonomy":"fonds","embeddable":true,"href":"https:\/\/www.iemj.org\/it\/wp-json\/wp\/v2\/fonds?post=92534"},{"taxonomy":"tradition","embeddable":true,"href":"https:\/\/www.iemj.org\/it\/wp-json\/wp\/v2\/tradition?post=92534"},{"taxonomy":"type-de-contenu","embeddable":true,"href":"https:\/\/www.iemj.org\/it\/wp-json\/wp\/v2\/type-de-contenu?post=92534"},{"taxonomy":"interprete-compositeur","embeddable":true,"href":"https:\/\/www.iemj.org\/it\/wp-json\/wp\/v2\/interprete-compositeur?post=92534"},{"taxonomy":"frise","embeddable":true,"href":"https:\/\/www.iemj.org\/it\/wp-json\/wp\/v2\/frise?post=92534"},{"taxonomy":"type-devenement","embeddable":true,"href":"https:\/\/www.iemj.org\/it\/wp-json\/wp\/v2\/type-devenement?post=92534"},{"taxonomy":"tableaux-liens-externes","embeddable":true,"href":"https:\/\/www.iemj.org\/it\/wp-json\/wp\/v2\/tableaux-liens-externes?post=92534"}],"curies":[{"name":"wp","href":"https:\/\/api.w.org\/{rel}","templated":true}]}}