{"id":92939,"date":"2023-01-20T11:22:02","date_gmt":"2023-01-20T10:22:02","guid":{"rendered":"https:\/\/www.iemj.org\/jacintas-zingers\/"},"modified":"2023-01-24T17:28:53","modified_gmt":"2023-01-24T16:28:53","slug":"jacintas-zingers","status":"publish","type":"post","link":"https:\/\/www.iemj.org\/it\/jacintas-zingers\/","title":{"rendered":"Jacintas Zingers"},"content":{"rendered":"<p>Jacintas Zingers \u00e8 una corale con un repertorio composto principalmente da canzoni yiddish, con l&#8217;aggiunta occasionale di temi in ebraico, giudeo-spagnolo, greco o francese.<\/p>\n<p>\u00c8 diretta dal 2001 dalla cantante di origine argentina <a href=\"https:\/\/www.iemj.org\/it\/jacinta-5\/\" target=\"_blank\" rel=\"noopener\">Jacinta<\/a> che ne cura la scelta e l&#8217;armonizzazione dei brani, le ricerche biografiche ed iconografiche nonch\u00e9 la trascrizione e traduzione dei testi.<\/p>\n<h2><strong>Breve cronistoria<\/strong><\/h2>\n<p>Nel 1989 l&#8217;A.E.D.C.Y. (Associazione per lo studio e la diffusione della cultura yiddish) crea un laboratorio di canzoni yiddish condotto da Fanny Amiel. Scomparsa Fanny, subentrano vari animatori, tra i quali <a href=\"https:\/\/www.iemj.org\/it\/jacques-grober-chansons-yiddish-dhier-et-daujourdhui\/\" target=\"_blank\" rel=\"noopener\">Jacques Grober<\/a>\u00a0dal 1997 al 1998.<\/p>\n<p>Nel 2001, Jacinta arriva a capo di questo gruppo vocale amatoriale. Il suo impegno e la sua passione attirano un numero sempre pi\u00f9 importante di partecipanti (pi\u00f9 di 120 coristi), tanto che nel 2004 crea altri due gruppi con tre modi diversi d\u2019approccio al canto in yiddish:<\/p>\n<ul>\n<li>un laboratorio di canto,<\/li>\n<li><span style=\"font-size: revert; background-color: var(--bs-body-bg); color: var(--bs-body-color); font-family: var(--bs-body-font-family); font-weight: var(--bs-body-font-weight); text-align: var(--bs-body-text-align);\">un coro a 2 voci,<\/span><\/li>\n<li>un gruppo polifonico per il quale \u00e8 richiesta un&#8217;audizione oltre che dell\u2019assiduit\u00e0.<\/li>\n<\/ul>\n<p>Nel 2005, Jacinta si trasferisce al <a href=\"https:\/\/www.cerclebernardlazare.org\/\">Cercle Bernard Lazare<\/a> e d\u00e0 alla corale il nome di Jacintas Zingers. Per gruppi di 30 o 40 persone, la corale si esibisce in numerosi concerti a Parigi e nella regione parigina (Municipio, Voix sur Berges, Cattedrale Armena, Chiese di Saint-Leu-Saint-Gilles e Maisons Alfort, Giornata delle corali[1], ecc. ), e partecipa a diverse commemorazioni per la Memoria della Shoah (Giornata della Liberazione di Auschwitz, Pomeriggi di rue N\u00e9laton, Cerimonia per i bambini deportati [organizzata dai Figli e Figlie dei Deportati Ebrei di Francia, associazione creata da Serge e Beate Klarsfeld]).<\/p>\n<p>Per diversi anni delle voci di bambini si sono mescolate a quelle dei coristi: Jacinta&#8217;s Zingers si \u00e8 cos\u00ec aperta ai figli o nipoti dei coristi, dando in questo modo alla corale una dimensione intergenerazionale.<\/p>\n<p>Dopo quasi due anni di corsi tramite Zoom durante il periodo della pandemia, la corale Jacintas Zingers \u00e8 stato accolta nell&#8217;ottobre 2021 al Centre <a href=\"https:\/\/www.centre-medem.org\/\">Medem Arbeter Ring<\/a>, 52 rue Ren\u00e9 Boulanger, Parigi 10e.<\/p>\n<ul>\n<li><a href=\"https:\/\/www.centre-medem.org\/chorale-jacintas-zingers\/\" target=\"_blank\" rel=\"noopener\">Consultare il sito del Medem e le modalit\u00e0 d\u2019iscrizione<\/a><\/li>\n<li><a href=\"http:\/\/jacintazingers.blogspot.com\/\" target=\"_blank\" rel=\"noopener\">Consultare il blog dei Jacinta\u2019s Zingers (2005 \u00e0 2020)<\/a><\/li>\n<li><a href=\"https:\/\/www.youtube.com\/@jacinta604\" target=\"_blank\" rel=\"noopener\">Ascoltare i Jacintas Zingers sul canale You Tube di Jacinta<\/a><\/li>\n<\/ul>\n\n\n<figure class=\"wp-block-embed is-type-video is-provider-youtube wp-block-embed-youtube wp-embed-aspect-16-9 wp-has-aspect-ratio\"><div class=\"wp-block-embed__wrapper\">\n<iframe title=\"YIDDL mitn FIDL, JACINTA&#039;S ZINGERS (chorale)\" width=\"640\" height=\"360\" src=\"https:\/\/www.youtube.com\/embed\/tg4ZLShejXg?feature=oembed\" frameborder=\"0\" allow=\"accelerometer; autoplay; clipboard-write; encrypted-media; gyroscope; picture-in-picture; web-share\" referrerpolicy=\"strict-origin-when-cross-origin\" allowfullscreen><\/iframe>\n<\/div><figcaption class=\"wp-element-caption\"><strong>Yiddl mitn Fidl (<em>Jacintas Zingers<\/em>)<\/strong><\/figcaption><\/figure>\n","protected":false},"excerpt":{"rendered":"<p>Jacintas Zingers \u00e8 una corale con un repertorio composto principalmente da canzoni yiddish, con l&#8217;aggiunta occasionale di temi in ebraico, giudeo-spagnolo, greco o francese. \u00c8 diretta dal 2001 dalla cantante<\/p>\n","protected":false},"author":5,"featured_media":92702,"comment_status":"closed","ping_status":"closed","sticky":false,"template":"","format":"standard","meta":{"_acf_changed":false,"footnotes":""},"categories":[1423,1520,1405],"tags":[],"technique":[],"squelettes":[],"sujet":[],"formation":[],"genre":[],"fonds":[],"tradition":[],"type-de-contenu":[],"interprete-compositeur":[],"frise":[],"type-devenement":[],"tableaux-liens-externes":[],"class_list":["post-92939","post","type-post","status-publish","format-standard","has-post-thumbnail","hentry","category-link-esterni-it","category-pratiche-amatoriali-it","category-scoprire-it"],"acf":[],"yoast_head":"<!-- This site is optimized with the Yoast SEO plugin v27.3 - https:\/\/yoast.com\/product\/yoast-seo-wordpress\/ -->\n<title>Jacintas Zingers - Institut Europ\u00e9en des Musiques Juives<\/title>\n<meta name=\"robots\" content=\"index, follow, max-snippet:-1, max-image-preview:large, max-video-preview:-1\" \/>\n<link rel=\"canonical\" href=\"https:\/\/www.iemj.org\/it\/jacintas-zingers\/\" \/>\n<meta property=\"og:locale\" content=\"it_IT\" \/>\n<meta property=\"og:type\" content=\"article\" \/>\n<meta property=\"og:title\" content=\"Jacintas Zingers - Institut Europ\u00e9en des Musiques Juives\" \/>\n<meta property=\"og:description\" content=\"Jacintas Zingers \u00e8 una corale con un repertorio composto principalmente da canzoni yiddish, con l&#8217;aggiunta occasionale di temi in ebraico, giudeo-spagnolo, greco o francese. \u00c8 diretta dal 2001 dalla cantante\" \/>\n<meta property=\"og:url\" content=\"https:\/\/www.iemj.org\/it\/jacintas-zingers\/\" \/>\n<meta property=\"og:site_name\" content=\"Institut Europ\u00e9en des Musiques Juives\" \/>\n<meta property=\"article:publisher\" content=\"https:\/\/www.facebook.com\/MusiquesJuives\/\" \/>\n<meta property=\"article:published_time\" content=\"2023-01-20T10:22:02+00:00\" \/>\n<meta property=\"article:modified_time\" content=\"2023-01-24T16:28:53+00:00\" \/>\n<meta property=\"og:image\" content=\"https:\/\/www.iemj.org\/wp-content\/uploads\/2023\/01\/Logo-article-liens-externes-Jacintas-Singers.jpg\" \/>\n\t<meta property=\"og:image:width\" content=\"370\" \/>\n\t<meta property=\"og:image:height\" content=\"370\" \/>\n\t<meta property=\"og:image:type\" content=\"image\/jpeg\" \/>\n<meta name=\"author\" content=\"Jacqueline ROTEN\" \/>\n<meta name=\"twitter:card\" content=\"summary_large_image\" \/>\n<meta name=\"twitter:label1\" content=\"Scritto da\" \/>\n\t<meta name=\"twitter:data1\" content=\"Jacqueline ROTEN\" \/>\n\t<meta name=\"twitter:label2\" content=\"Tempo di lettura stimato\" \/>\n\t<meta name=\"twitter:data2\" content=\"2 minuti\" \/>\n<script type=\"application\/ld+json\" class=\"yoast-schema-graph\">{\"@context\":\"https:\\\/\\\/schema.org\",\"@graph\":[{\"@type\":\"Article\",\"@id\":\"https:\\\/\\\/www.iemj.org\\\/it\\\/jacintas-zingers\\\/#article\",\"isPartOf\":{\"@id\":\"https:\\\/\\\/www.iemj.org\\\/it\\\/jacintas-zingers\\\/\"},\"author\":{\"name\":\"Jacqueline ROTEN\",\"@id\":\"https:\\\/\\\/www.iemj.org\\\/it\\\/#\\\/schema\\\/person\\\/358e26c18aca017fcc4cc15437f7279c\"},\"headline\":\"Jacintas Zingers\",\"datePublished\":\"2023-01-20T10:22:02+00:00\",\"dateModified\":\"2023-01-24T16:28:53+00:00\",\"mainEntityOfPage\":{\"@id\":\"https:\\\/\\\/www.iemj.org\\\/it\\\/jacintas-zingers\\\/\"},\"wordCount\":359,\"publisher\":{\"@id\":\"https:\\\/\\\/www.iemj.org\\\/it\\\/#organization\"},\"image\":{\"@id\":\"https:\\\/\\\/www.iemj.org\\\/it\\\/jacintas-zingers\\\/#primaryimage\"},\"thumbnailUrl\":\"https:\\\/\\\/www.iemj.org\\\/wp-content\\\/uploads\\\/2023\\\/01\\\/Logo-article-liens-externes-Jacintas-Singers.jpg\",\"articleSection\":[\"Link esterni\",\"Pratiche amatoriali\",\"Scoprire\"],\"inLanguage\":\"it-IT\"},{\"@type\":\"WebPage\",\"@id\":\"https:\\\/\\\/www.iemj.org\\\/it\\\/jacintas-zingers\\\/\",\"url\":\"https:\\\/\\\/www.iemj.org\\\/it\\\/jacintas-zingers\\\/\",\"name\":\"Jacintas Zingers - Institut Europ\u00e9en des Musiques Juives\",\"isPartOf\":{\"@id\":\"https:\\\/\\\/www.iemj.org\\\/it\\\/#website\"},\"primaryImageOfPage\":{\"@id\":\"https:\\\/\\\/www.iemj.org\\\/it\\\/jacintas-zingers\\\/#primaryimage\"},\"image\":{\"@id\":\"https:\\\/\\\/www.iemj.org\\\/it\\\/jacintas-zingers\\\/#primaryimage\"},\"thumbnailUrl\":\"https:\\\/\\\/www.iemj.org\\\/wp-content\\\/uploads\\\/2023\\\/01\\\/Logo-article-liens-externes-Jacintas-Singers.jpg\",\"datePublished\":\"2023-01-20T10:22:02+00:00\",\"dateModified\":\"2023-01-24T16:28:53+00:00\",\"breadcrumb\":{\"@id\":\"https:\\\/\\\/www.iemj.org\\\/it\\\/jacintas-zingers\\\/#breadcrumb\"},\"inLanguage\":\"it-IT\",\"potentialAction\":[{\"@type\":\"ReadAction\",\"target\":[\"https:\\\/\\\/www.iemj.org\\\/it\\\/jacintas-zingers\\\/\"]}]},{\"@type\":\"ImageObject\",\"inLanguage\":\"it-IT\",\"@id\":\"https:\\\/\\\/www.iemj.org\\\/it\\\/jacintas-zingers\\\/#primaryimage\",\"url\":\"https:\\\/\\\/www.iemj.org\\\/wp-content\\\/uploads\\\/2023\\\/01\\\/Logo-article-liens-externes-Jacintas-Singers.jpg\",\"contentUrl\":\"https:\\\/\\\/www.iemj.org\\\/wp-content\\\/uploads\\\/2023\\\/01\\\/Logo-article-liens-externes-Jacintas-Singers.jpg\",\"width\":370,\"height\":370},{\"@type\":\"BreadcrumbList\",\"@id\":\"https:\\\/\\\/www.iemj.org\\\/it\\\/jacintas-zingers\\\/#breadcrumb\",\"itemListElement\":[{\"@type\":\"ListItem\",\"position\":1,\"name\":\"Accueil\",\"item\":\"https:\\\/\\\/www.iemj.org\\\/it\\\/\"},{\"@type\":\"ListItem\",\"position\":2,\"name\":\"Jacintas Zingers\"}]},{\"@type\":\"WebSite\",\"@id\":\"https:\\\/\\\/www.iemj.org\\\/it\\\/#website\",\"url\":\"https:\\\/\\\/www.iemj.org\\\/it\\\/\",\"name\":\"Institut Europ\u00e9en des Musiques Juives\",\"description\":\"Des traditions musicales \u00e0 la port\u00e9e de tous\",\"publisher\":{\"@id\":\"https:\\\/\\\/www.iemj.org\\\/it\\\/#organization\"},\"potentialAction\":[{\"@type\":\"SearchAction\",\"target\":{\"@type\":\"EntryPoint\",\"urlTemplate\":\"https:\\\/\\\/www.iemj.org\\\/it\\\/?s={search_term_string}\"},\"query-input\":{\"@type\":\"PropertyValueSpecification\",\"valueRequired\":true,\"valueName\":\"search_term_string\"}}],\"inLanguage\":\"it-IT\"},{\"@type\":\"Organization\",\"@id\":\"https:\\\/\\\/www.iemj.org\\\/it\\\/#organization\",\"name\":\"Institut Europ\u00e9en des Musiques Juives\",\"url\":\"https:\\\/\\\/www.iemj.org\\\/it\\\/\",\"logo\":{\"@type\":\"ImageObject\",\"inLanguage\":\"it-IT\",\"@id\":\"https:\\\/\\\/www.iemj.org\\\/it\\\/#\\\/schema\\\/logo\\\/image\\\/\",\"url\":\"https:\\\/\\\/www.iemj.org\\\/wp-content\\\/uploads\\\/2021\\\/09\\\/Logo-IEMJ-Paypal.jpg\",\"contentUrl\":\"https:\\\/\\\/www.iemj.org\\\/wp-content\\\/uploads\\\/2021\\\/09\\\/Logo-IEMJ-Paypal.jpg\",\"width\":150,\"height\":50,\"caption\":\"Institut Europ\u00e9en des Musiques Juives\"},\"image\":{\"@id\":\"https:\\\/\\\/www.iemj.org\\\/it\\\/#\\\/schema\\\/logo\\\/image\\\/\"},\"sameAs\":[\"https:\\\/\\\/www.facebook.com\\\/MusiquesJuives\\\/\",\"https:\\\/\\\/www.instagram.com\\\/musiquesjuives\\\/\",\"https:\\\/\\\/www.youtube.com\\\/user\\\/musiquesjuives\"]},{\"@type\":\"Person\",\"@id\":\"https:\\\/\\\/www.iemj.org\\\/it\\\/#\\\/schema\\\/person\\\/358e26c18aca017fcc4cc15437f7279c\",\"name\":\"Jacqueline ROTEN\",\"image\":{\"@type\":\"ImageObject\",\"inLanguage\":\"it-IT\",\"@id\":\"https:\\\/\\\/secure.gravatar.com\\\/avatar\\\/5964256d6c6957de3a3505278957e0fb2a35119ac47ea41827a65301213c810b?s=96&d=mm&r=g\",\"url\":\"https:\\\/\\\/secure.gravatar.com\\\/avatar\\\/5964256d6c6957de3a3505278957e0fb2a35119ac47ea41827a65301213c810b?s=96&d=mm&r=g\",\"contentUrl\":\"https:\\\/\\\/secure.gravatar.com\\\/avatar\\\/5964256d6c6957de3a3505278957e0fb2a35119ac47ea41827a65301213c810b?s=96&d=mm&r=g\",\"caption\":\"Jacqueline ROTEN\"}}]}<\/script>\n<!-- \/ Yoast SEO plugin. -->","yoast_head_json":{"title":"Jacintas Zingers - Institut Europ\u00e9en des Musiques Juives","robots":{"index":"index","follow":"follow","max-snippet":"max-snippet:-1","max-image-preview":"max-image-preview:large","max-video-preview":"max-video-preview:-1"},"canonical":"https:\/\/www.iemj.org\/it\/jacintas-zingers\/","og_locale":"it_IT","og_type":"article","og_title":"Jacintas Zingers - Institut Europ\u00e9en des Musiques Juives","og_description":"Jacintas Zingers \u00e8 una corale con un repertorio composto principalmente da canzoni yiddish, con l&#8217;aggiunta occasionale di temi in ebraico, giudeo-spagnolo, greco o francese. \u00c8 diretta dal 2001 dalla cantante","og_url":"https:\/\/www.iemj.org\/it\/jacintas-zingers\/","og_site_name":"Institut Europ\u00e9en des Musiques Juives","article_publisher":"https:\/\/www.facebook.com\/MusiquesJuives\/","article_published_time":"2023-01-20T10:22:02+00:00","article_modified_time":"2023-01-24T16:28:53+00:00","og_image":[{"width":370,"height":370,"url":"https:\/\/www.iemj.org\/wp-content\/uploads\/2023\/01\/Logo-article-liens-externes-Jacintas-Singers.jpg","type":"image\/jpeg"}],"author":"Jacqueline ROTEN","twitter_card":"summary_large_image","twitter_misc":{"Scritto da":"Jacqueline ROTEN","Tempo di lettura stimato":"2 minuti"},"schema":{"@context":"https:\/\/schema.org","@graph":[{"@type":"Article","@id":"https:\/\/www.iemj.org\/it\/jacintas-zingers\/#article","isPartOf":{"@id":"https:\/\/www.iemj.org\/it\/jacintas-zingers\/"},"author":{"name":"Jacqueline ROTEN","@id":"https:\/\/www.iemj.org\/it\/#\/schema\/person\/358e26c18aca017fcc4cc15437f7279c"},"headline":"Jacintas Zingers","datePublished":"2023-01-20T10:22:02+00:00","dateModified":"2023-01-24T16:28:53+00:00","mainEntityOfPage":{"@id":"https:\/\/www.iemj.org\/it\/jacintas-zingers\/"},"wordCount":359,"publisher":{"@id":"https:\/\/www.iemj.org\/it\/#organization"},"image":{"@id":"https:\/\/www.iemj.org\/it\/jacintas-zingers\/#primaryimage"},"thumbnailUrl":"https:\/\/www.iemj.org\/wp-content\/uploads\/2023\/01\/Logo-article-liens-externes-Jacintas-Singers.jpg","articleSection":["Link esterni","Pratiche amatoriali","Scoprire"],"inLanguage":"it-IT"},{"@type":"WebPage","@id":"https:\/\/www.iemj.org\/it\/jacintas-zingers\/","url":"https:\/\/www.iemj.org\/it\/jacintas-zingers\/","name":"Jacintas Zingers - Institut Europ\u00e9en des Musiques Juives","isPartOf":{"@id":"https:\/\/www.iemj.org\/it\/#website"},"primaryImageOfPage":{"@id":"https:\/\/www.iemj.org\/it\/jacintas-zingers\/#primaryimage"},"image":{"@id":"https:\/\/www.iemj.org\/it\/jacintas-zingers\/#primaryimage"},"thumbnailUrl":"https:\/\/www.iemj.org\/wp-content\/uploads\/2023\/01\/Logo-article-liens-externes-Jacintas-Singers.jpg","datePublished":"2023-01-20T10:22:02+00:00","dateModified":"2023-01-24T16:28:53+00:00","breadcrumb":{"@id":"https:\/\/www.iemj.org\/it\/jacintas-zingers\/#breadcrumb"},"inLanguage":"it-IT","potentialAction":[{"@type":"ReadAction","target":["https:\/\/www.iemj.org\/it\/jacintas-zingers\/"]}]},{"@type":"ImageObject","inLanguage":"it-IT","@id":"https:\/\/www.iemj.org\/it\/jacintas-zingers\/#primaryimage","url":"https:\/\/www.iemj.org\/wp-content\/uploads\/2023\/01\/Logo-article-liens-externes-Jacintas-Singers.jpg","contentUrl":"https:\/\/www.iemj.org\/wp-content\/uploads\/2023\/01\/Logo-article-liens-externes-Jacintas-Singers.jpg","width":370,"height":370},{"@type":"BreadcrumbList","@id":"https:\/\/www.iemj.org\/it\/jacintas-zingers\/#breadcrumb","itemListElement":[{"@type":"ListItem","position":1,"name":"Accueil","item":"https:\/\/www.iemj.org\/it\/"},{"@type":"ListItem","position":2,"name":"Jacintas Zingers"}]},{"@type":"WebSite","@id":"https:\/\/www.iemj.org\/it\/#website","url":"https:\/\/www.iemj.org\/it\/","name":"Institut Europ\u00e9en des Musiques Juives","description":"Des traditions musicales \u00e0 la port\u00e9e de tous","publisher":{"@id":"https:\/\/www.iemj.org\/it\/#organization"},"potentialAction":[{"@type":"SearchAction","target":{"@type":"EntryPoint","urlTemplate":"https:\/\/www.iemj.org\/it\/?s={search_term_string}"},"query-input":{"@type":"PropertyValueSpecification","valueRequired":true,"valueName":"search_term_string"}}],"inLanguage":"it-IT"},{"@type":"Organization","@id":"https:\/\/www.iemj.org\/it\/#organization","name":"Institut Europ\u00e9en des Musiques Juives","url":"https:\/\/www.iemj.org\/it\/","logo":{"@type":"ImageObject","inLanguage":"it-IT","@id":"https:\/\/www.iemj.org\/it\/#\/schema\/logo\/image\/","url":"https:\/\/www.iemj.org\/wp-content\/uploads\/2021\/09\/Logo-IEMJ-Paypal.jpg","contentUrl":"https:\/\/www.iemj.org\/wp-content\/uploads\/2021\/09\/Logo-IEMJ-Paypal.jpg","width":150,"height":50,"caption":"Institut Europ\u00e9en des Musiques Juives"},"image":{"@id":"https:\/\/www.iemj.org\/it\/#\/schema\/logo\/image\/"},"sameAs":["https:\/\/www.facebook.com\/MusiquesJuives\/","https:\/\/www.instagram.com\/musiquesjuives\/","https:\/\/www.youtube.com\/user\/musiquesjuives"]},{"@type":"Person","@id":"https:\/\/www.iemj.org\/it\/#\/schema\/person\/358e26c18aca017fcc4cc15437f7279c","name":"Jacqueline ROTEN","image":{"@type":"ImageObject","inLanguage":"it-IT","@id":"https:\/\/secure.gravatar.com\/avatar\/5964256d6c6957de3a3505278957e0fb2a35119ac47ea41827a65301213c810b?s=96&d=mm&r=g","url":"https:\/\/secure.gravatar.com\/avatar\/5964256d6c6957de3a3505278957e0fb2a35119ac47ea41827a65301213c810b?s=96&d=mm&r=g","contentUrl":"https:\/\/secure.gravatar.com\/avatar\/5964256d6c6957de3a3505278957e0fb2a35119ac47ea41827a65301213c810b?s=96&d=mm&r=g","caption":"Jacqueline ROTEN"}}]}},"_links":{"self":[{"href":"https:\/\/www.iemj.org\/it\/wp-json\/wp\/v2\/posts\/92939","targetHints":{"allow":["GET"]}}],"collection":[{"href":"https:\/\/www.iemj.org\/it\/wp-json\/wp\/v2\/posts"}],"about":[{"href":"https:\/\/www.iemj.org\/it\/wp-json\/wp\/v2\/types\/post"}],"author":[{"embeddable":true,"href":"https:\/\/www.iemj.org\/it\/wp-json\/wp\/v2\/users\/5"}],"replies":[{"embeddable":true,"href":"https:\/\/www.iemj.org\/it\/wp-json\/wp\/v2\/comments?post=92939"}],"version-history":[{"count":0,"href":"https:\/\/www.iemj.org\/it\/wp-json\/wp\/v2\/posts\/92939\/revisions"}],"wp:featuredmedia":[{"embeddable":true,"href":"https:\/\/www.iemj.org\/it\/wp-json\/wp\/v2\/media\/92702"}],"wp:attachment":[{"href":"https:\/\/www.iemj.org\/it\/wp-json\/wp\/v2\/media?parent=92939"}],"wp:term":[{"taxonomy":"category","embeddable":true,"href":"https:\/\/www.iemj.org\/it\/wp-json\/wp\/v2\/categories?post=92939"},{"taxonomy":"post_tag","embeddable":true,"href":"https:\/\/www.iemj.org\/it\/wp-json\/wp\/v2\/tags?post=92939"},{"taxonomy":"technique","embeddable":true,"href":"https:\/\/www.iemj.org\/it\/wp-json\/wp\/v2\/technique?post=92939"},{"taxonomy":"squelettes","embeddable":true,"href":"https:\/\/www.iemj.org\/it\/wp-json\/wp\/v2\/squelettes?post=92939"},{"taxonomy":"sujet","embeddable":true,"href":"https:\/\/www.iemj.org\/it\/wp-json\/wp\/v2\/sujet?post=92939"},{"taxonomy":"formation","embeddable":true,"href":"https:\/\/www.iemj.org\/it\/wp-json\/wp\/v2\/formation?post=92939"},{"taxonomy":"genre","embeddable":true,"href":"https:\/\/www.iemj.org\/it\/wp-json\/wp\/v2\/genre?post=92939"},{"taxonomy":"fonds","embeddable":true,"href":"https:\/\/www.iemj.org\/it\/wp-json\/wp\/v2\/fonds?post=92939"},{"taxonomy":"tradition","embeddable":true,"href":"https:\/\/www.iemj.org\/it\/wp-json\/wp\/v2\/tradition?post=92939"},{"taxonomy":"type-de-contenu","embeddable":true,"href":"https:\/\/www.iemj.org\/it\/wp-json\/wp\/v2\/type-de-contenu?post=92939"},{"taxonomy":"interprete-compositeur","embeddable":true,"href":"https:\/\/www.iemj.org\/it\/wp-json\/wp\/v2\/interprete-compositeur?post=92939"},{"taxonomy":"frise","embeddable":true,"href":"https:\/\/www.iemj.org\/it\/wp-json\/wp\/v2\/frise?post=92939"},{"taxonomy":"type-devenement","embeddable":true,"href":"https:\/\/www.iemj.org\/it\/wp-json\/wp\/v2\/type-devenement?post=92939"},{"taxonomy":"tableaux-liens-externes","embeddable":true,"href":"https:\/\/www.iemj.org\/it\/wp-json\/wp\/v2\/tableaux-liens-externes?post=92939"}],"curies":[{"name":"wp","href":"https:\/\/api.w.org\/{rel}","templated":true}]}}