{"id":92979,"date":"2023-01-19T15:58:08","date_gmt":"2023-01-19T14:58:08","guid":{"rendered":"https:\/\/www.iemj.org\/jacinta-5\/"},"modified":"2023-01-24T14:25:19","modified_gmt":"2023-01-24T13:25:19","slug":"jacinta-5","status":"publish","type":"post","link":"https:\/\/www.iemj.org\/it\/jacinta-5\/","title":{"rendered":"Jacinta"},"content":{"rendered":"<p>Autrice, compositrice, arrangiatrice, attrice e cantante, Sofia Jacinta Szlechtman \u00e8 nata il 30 settembre 1950 a Buenos Aires da una famiglia ebrea russo-polacca. I suoi nonni materni in fuga dai pogrom arrivarono da Khmelnits (<a href=\"https:\/\/it.wikipedia.org\/wiki\/Chmel%27nyc%27kyj\" target=\"_blank\" rel=\"noopener\">Khmelnitsky<\/a>) a Buenos Aires intorno al 1920. Sua madre \u00e8 nata in Argentina nel 1924. Suo padre \u00e8 nato a Lodz, in Polonia, nel 1921 ed \u00e8 arrivato a Buenos Aires nel 1950, dopo aver attraversato diversi Paesi latino-americani dopo la guerra.<\/p>\n<p>\u00ab Lo yiddish faceva parte della mia vita quotidiana. Prima nella voce di mio padre, che cantava per me le melodie che sua madre gli canticchiava, nelle conversazioni in yiddish e spagnolo con i miei nonni materni e poi alla scuola yiddish, dove ho studiato grammatica, sintassi, letteratura\u2026 \u00bb \u00ab [\u2026 ] Alla scuola Yitskhok Leybush Peretz, del movimento ICUF, diretto dallo scrittore e poeta Tsalel Blitz, i bambini cantavano l&#8217;inno nazionale argentino e le melodie della bandiera nazionale negli adattamenti in yiddish, scritti dal LERER Blitz. \u00bb<span class=\"footnote_referrer\"><a role=\"button\" tabindex=\"0\" onclick=\"footnote_moveToReference_92979_1('footnote_plugin_reference_92979_1_1');\" onkeypress=\"footnote_moveToReference_92979_1('footnote_plugin_reference_92979_1_1');\" ><sup id=\"footnote_plugin_tooltip_92979_1_1\" class=\"footnote_plugin_tooltip_text\">[1]<\/sup><\/a><span id=\"footnote_plugin_tooltip_text_92979_1_1\" class=\"footnote_tooltip\">Estratto delle e-mail di Jacinta a Herv\u00e9 Roten, 8 ottobre 2021 e 18 gennaio 2023<\/span><\/span><script type=\"text\/javascript\"> jQuery('#footnote_plugin_tooltip_92979_1_1').tooltip({ tip: '#footnote_plugin_tooltip_text_92979_1_1', tipClass: 'footnote_tooltip', effect: 'fade', predelay: 0, fadeInSpeed: 200, delay: 400, fadeOutSpeed: 200, position: 'top center', relative: true, offset: [-7, 0], });<\/script><\/p>\n<figure id=\"attachment_92646\" aria-describedby=\"caption-attachment-92646\" style=\"width: 544px\" class=\"wp-caption aligncenter\"><img fetchpriority=\"high\" decoding=\"async\" class=\"wp-image-92646\" src=\"https:\/\/www.iemj.org\/wp-content\/uploads\/2023\/01\/I_444_A-lecole-yiddish-I.L.-Peretz.-Jacinta-est-la-1e-au-3e-rang-ecole-primaire-300x227.jpg\" alt=\"\" width=\"544\" height=\"412\" srcset=\"https:\/\/www.iemj.org\/wp-content\/uploads\/2023\/01\/I_444_A-lecole-yiddish-I.L.-Peretz.-Jacinta-est-la-1e-au-3e-rang-ecole-primaire-300x227.jpg 300w, https:\/\/www.iemj.org\/wp-content\/uploads\/2023\/01\/I_444_A-lecole-yiddish-I.L.-Peretz.-Jacinta-est-la-1e-au-3e-rang-ecole-primaire.jpg 500w\" sizes=\"(max-width: 544px) 100vw, 544px\" \/><figcaption id=\"caption-attachment-92646\" class=\"wp-caption-text\"><strong>Alla scuola elementare yiddish I.L. Perez Jacinta \u00e8 la prima della terza fila<\/strong><\/figcaption><\/figure>\n<p>Buona allieva alle elementari cos\u00ec come alla scuola yiddish, \u00e8 notata dagli insegnanti di musica e spesso canta da solista durante le celebrazioni per la Patria o durante le commemorazioni, come quella della rivolta del Ghetto di Varsavia. Dall&#8217;et\u00e0 di sei anni entra a far parte di un coro e, a dodici anni, dirige un piccolo ensemble vocale di musiche argentine e yiddish. Ma \u00e8 <u><a href=\"https:\/\/it.wikipedia.org\/wiki\/Atahualpa_Yupanqui\">Atahualpa Yupanqui<\/a><\/u>, cantore dei popoli umiliati dell&#8217;America Latina, ad attirare l\u2019attenzione di Jacinta per lo strumento che l&#8217;avrebbe accompagnata sul palco: la chitarra.<\/p>\n<figure id=\"attachment_92651\" aria-describedby=\"caption-attachment-92651\" style=\"width: 184px\" class=\"wp-caption alignleft\"><img decoding=\"async\" class=\"wp-image-92651\" src=\"https:\/\/www.iemj.org\/wp-content\/uploads\/2023\/01\/I_411_Jacinta-17-ans-tournee-littoral-argentin-221x300.jpg\" alt=\"\" width=\"184\" height=\"250\" srcset=\"https:\/\/www.iemj.org\/wp-content\/uploads\/2023\/01\/I_411_Jacinta-17-ans-tournee-littoral-argentin-221x300.jpg 221w, https:\/\/www.iemj.org\/wp-content\/uploads\/2023\/01\/I_411_Jacinta-17-ans-tournee-littoral-argentin.jpg 369w\" sizes=\"(max-width: 184px) 100vw, 184px\" \/><figcaption id=\"caption-attachment-92651\" class=\"wp-caption-text\"><strong>Jacinta 17 anni, in tourn\u00e9e sul littorale argentino<\/strong><\/figcaption><\/figure>\n<p>\u00a0<\/p>\n<p>Nel 1977 conosce a Buenos Aires il futuro marito, di origine spagnola, e lo segue a Parigi. L&#8217;anno successivo si esibisce al Festival d&#8217;Avignon nello spettacolo <em>Le Chant<\/em> <em>profond juif<\/em> dell&#8217;attrice e produttrice radiotelevisiva Eve Griliquez. In particolare interpreta canzoni giudeo-spagnole insieme all&#8217;ensemble Kol Aviv, alla cantante yiddish Talila e agli attori Michel de Maulne e Jean-Paul Lahore. La prima parte dello spettacolo \u00e8 dedicata alla canzone ed alla poesia giudeo-spagnola ed ai racconti marocchini; il secondo a poesie e canzoni yiddish.<\/p>\n<p>\u00a0<\/p>\n<div class=\"mceTemp\">\u00a0<\/div>\n<p>\u00a0<\/p>\n<figure id=\"attachment_92656\" aria-describedby=\"caption-attachment-92656\" style=\"width: 300px\" class=\"wp-caption alignright\"><img decoding=\"async\" class=\"wp-image-92656 size-medium\" src=\"https:\/\/www.iemj.org\/wp-content\/uploads\/2023\/01\/I_448_Club-Trottoirs-de-Buenos-Aires-rue-des-Lombards-Paris-300x202.jpg\" alt=\"\" width=\"300\" height=\"202\" srcset=\"https:\/\/www.iemj.org\/wp-content\/uploads\/2023\/01\/I_448_Club-Trottoirs-de-Buenos-Aires-rue-des-Lombards-Paris-300x202.jpg 300w, https:\/\/www.iemj.org\/wp-content\/uploads\/2023\/01\/I_448_Club-Trottoirs-de-Buenos-Aires-rue-des-Lombards-Paris.jpg 500w\" sizes=\"(max-width: 300px) 100vw, 300px\" \/><figcaption id=\"caption-attachment-92656\" class=\"wp-caption-text\"><strong>Club Trottoirs de Buenos Aires, rue des Lombards, Parigi<\/strong><\/figcaption><\/figure>\n<p>Tra il 1982 e il 1988 canta regolarmente al <u><a href=\"https:\/\/fr.wikipedia.org\/wiki\/Trottoirs_de_Buenos_Aires\">Trottoirs de Buenos Aires<\/a><\/u>, una mitica sala parigina dedicata al tango argentino. Accompagnandosi alla chitarra od in duo con un pianista, interpreta il tango in uno stile personale e tenero, riprendendo Carlos Gardel, Homero Manzi ed introducendo delle sue composizioni in spagnolo, che spesso alludono alla sua infanzia, ai nonni ebrei russi, e che menzionano, contemporaneamente, il contributo degli immigrati al tango argentino.<\/p>\n<p>A seguito del suo successo, registra nel 1982 da Carri\u00e8re il suo primo LP 33 giri <em>Tango mi coraz\u00f3n.<\/em> Due anni dopo autoproduce una cassetta, <em>Du baroque espagnol au tango<\/em><em> (Dal barocco spagnolo al tango)<\/em>, e partecipa, in sua presenza, ad un omaggio a <a href=\"https:\/\/it.wikipedia.org\/wiki\/Osvaldo_Pugliese\">Osvaldo Pugliese<\/a> al Bataclan di Parigi.<\/p>\n<figure id=\"attachment_92661\" aria-describedby=\"caption-attachment-92661\" style=\"width: 300px\" class=\"wp-caption alignleft\"><img loading=\"lazy\" decoding=\"async\" class=\"wp-image-92661 size-medium\" src=\"https:\/\/www.iemj.org\/wp-content\/uploads\/2023\/01\/I_430_Jacinta-dans-le-spectacle-Le-Dibouk-300x256.jpg\" alt=\"\" width=\"300\" height=\"256\" srcset=\"https:\/\/www.iemj.org\/wp-content\/uploads\/2023\/01\/I_430_Jacinta-dans-le-spectacle-Le-Dibouk-300x256.jpg 300w, https:\/\/www.iemj.org\/wp-content\/uploads\/2023\/01\/I_430_Jacinta-dans-le-spectacle-Le-Dibouk.jpg 500w\" sizes=\"(max-width: 300px) 100vw, 300px\" \/><figcaption id=\"caption-attachment-92661\" class=\"wp-caption-text\"><strong>Jacinta nello spettacolo Le Dibouk<\/strong><\/figcaption><\/figure>\n<p>Inoltre, Jacinta appare al cinema in un film di Ulrike Ottinger, <em>Johanna d&#8217;Arc of Mongolia<\/em>, con Delphine Seyrig (1989) ed a teatro dove recita in particolare in <em>Le Dibbouk<\/em>, diretto da Bernard Djaoui nel 1990, od ancora nel rivista <em>Mortadela<\/em> di Alfredo Arias (Moli\u00e8re per il miglior spettacolo musicale, 1992).<\/p>\n<p>Jacinta, per\u00f2, non dimentica le sue origini. Canta regolarmente in yiddish, giudeo-spagnolo e spagnolo, ma non esita ad esplorare la canzone francese ed ad interpretare le sue composizioni<span class=\"footnote_referrer\"><a role=\"button\" tabindex=\"0\" onclick=\"footnote_moveToReference_92979_1('footnote_plugin_reference_92979_1_2');\" onkeypress=\"footnote_moveToReference_92979_1('footnote_plugin_reference_92979_1_2');\" ><sup id=\"footnote_plugin_tooltip_92979_1_2\" class=\"footnote_plugin_tooltip_text\">[2]<\/sup><\/a><span id=\"footnote_plugin_tooltip_text_92979_1_2\" class=\"footnote_tooltip\">Jacinta ha in particolare messo in musica due poesie di una delle sue coriste, un&#8217;amica, Catherine Franck, morta nel 2022: <em>Les ateliers de couture<\/em> e <em>Tissages d&#8217;Heun&#8217;chy<\/em>.<\/span><\/span><script type=\"text\/javascript\"> jQuery('#footnote_plugin_tooltip_92979_1_2').tooltip({ tip: '#footnote_plugin_tooltip_text_92979_1_2', tipClass: 'footnote_tooltip', effect: 'fade', predelay: 0, fadeInSpeed: 200, delay: 400, fadeOutSpeed: 200, position: 'top center', relative: true, offset: [-7, 0], });<\/script>. Tra il 1986 e il 1999, registra due album di canzoni yiddish (<em>Dos Lid fun goldenem Land<\/em>, cassetta, 1986; <em>Autres chansons yiddish<\/em>, Ocora Radio-France, Cassetta e CD, 1992) ed un CD di canzoni giudeo-spagnole (<em>Morenica<\/em>, Canti del Mondo, distribuzione Harmonia Mundi, 1999). Nel 2016, il produttore Patrick Campistron pubblica il CD <em>Ofrecer mi coraz\u00f3n<\/em>, per l&#8217;etichetta Soupir. Jacinta interpreta titoli come &#8220;Youkali&#8221;, &#8220;Poup\u00e9e de Cire&#8221;, canzoni sudamericane, come &#8220;Te recuerdo Amanda&#8221;, &#8220;Amapola&#8221; ed una delle sue composizioni &#8220;Sos la noche&#8221; con il fisarmonicista David Venitucci.<\/p>\n<figure id=\"attachment_92671\" aria-describedby=\"caption-attachment-92671\" style=\"width: 474px\" class=\"wp-caption aligncenter\"><img loading=\"lazy\" decoding=\"async\" class=\"wp-image-92671\" src=\"https:\/\/www.iemj.org\/wp-content\/uploads\/2023\/01\/K7_1167_VIG2_La-Chanson-du-Pays-dOr_Cassette-audio-300x179.jpg\" alt=\"\" width=\"474\" height=\"283\" srcset=\"https:\/\/www.iemj.org\/wp-content\/uploads\/2023\/01\/K7_1167_VIG2_La-Chanson-du-Pays-dOr_Cassette-audio-300x179.jpg 300w, https:\/\/www.iemj.org\/wp-content\/uploads\/2023\/01\/K7_1167_VIG2_La-Chanson-du-Pays-dOr_Cassette-audio.jpg 598w\" sizes=\"(max-width: 474px) 100vw, 474px\" \/><figcaption id=\"caption-attachment-92671\" class=\"wp-caption-text\"><strong>Audiocassetta &#8211; La Chanson du Pays d\u2019Or<\/strong><\/figcaption><\/figure>\n<p>Desiderosa di trasmettere la sua passione per il canto, Jacinta dirige dal 2001 la corale <a href=\"http:\/\/jacintazingers.blogspot.com\/\">Jacintas Zingers<\/a>, prima con l&#8217;Associazione per lo studio e la diffusione della cultura yiddish (AEDCY) e la Maison de la Culture Yiddish (MCY), poi al Cercle Bernard Lazare, e dal 2021 al Centre Medem. I suoi coristi, di tutte le et\u00e0, ammirano le sue qualit\u00e0 di insegnante e di musicista-arrangiatrice. Ma al di l\u00e0 di questo aspetto puramente musicale, essa osserva che:<\/p>\n<p>\u00ab\u00a0Per gli anziani lo yiddish (e per alcuni anche il giudeo-spagnolo) era la lingua di un&#8217;infanzia nascosta, quella dei genitori deportati. E mi sono trovata tra queste anime mortificate a cantare loro questo yiddish proibito, facendo sentire loro che era pi\u00f9 di una lingua, ma un sapore, un modo di vivere, una gioia tra tanti dolori&#8230;<\/p>\n<p>Un&#8217;altra corista i cui genitori erano stati presi, mi diceva che aveva provato a cantare in yiddish, ma invano. Che solo con me aveva sentito che non era pi\u00f9 la lingua morta ma quella dei cari morti, che ha potuto ritrovare nella musica, con altre persone intorno.<\/p>\n<figure id=\"attachment_92682\" aria-describedby=\"caption-attachment-92682\" style=\"width: 322px\" class=\"wp-caption alignright\"><img loading=\"lazy\" decoding=\"async\" class=\"wp-image-92682\" src=\"https:\/\/www.iemj.org\/wp-content\/uploads\/2023\/01\/I_421_Lors-dune-fete-privee-spectacle-prime-300x212.jpg\" alt=\"\" width=\"322\" height=\"228\" srcset=\"https:\/\/www.iemj.org\/wp-content\/uploads\/2023\/01\/I_421_Lors-dune-fete-privee-spectacle-prime-300x212.jpg 300w, https:\/\/www.iemj.org\/wp-content\/uploads\/2023\/01\/I_421_Lors-dune-fete-privee-spectacle-prime.jpg 500w\" sizes=\"(max-width: 322px) 100vw, 322px\" \/><figcaption id=\"caption-attachment-92682\" class=\"wp-caption-text\"><strong>A una festa privata, spettacolo premiato<\/strong><\/figcaption><\/figure>\n<p>\u00ab\u00a0Non ho avuto figli, ma i miei coristi, giovani o anziani, sono \u201cmayne kinder\u201d [i miei figli]. \u00bb<span class=\"footnote_referrer\"><a role=\"button\" tabindex=\"0\" onclick=\"footnote_moveToReference_92979_1('footnote_plugin_reference_92979_1_3');\" onkeypress=\"footnote_moveToReference_92979_1('footnote_plugin_reference_92979_1_3');\" ><sup id=\"footnote_plugin_tooltip_92979_1_3\" class=\"footnote_plugin_tooltip_text\">[3]<\/sup><\/a><span id=\"footnote_plugin_tooltip_text_92979_1_3\" class=\"footnote_tooltip\"> Estratto di una e-mail di Jacinta a Herv\u00e9 Roten dell&#8217;8 ottobre 2021<\/span><\/span><script type=\"text\/javascript\"> jQuery('#footnote_plugin_tooltip_92979_1_3').tooltip({ tip: '#footnote_plugin_tooltip_text_92979_1_3', tipClass: 'footnote_tooltip', effect: 'fade', predelay: 0, fadeInSpeed: 200, delay: 400, fadeOutSpeed: 200, position: 'top center', relative: true, offset: [-7, 0], });<\/script><\/p>\n<p>Jacinta ha ricevuto numerosi premi nel corso della sua carriera: Korman Prize<span class=\"footnote_referrer\"><a role=\"button\" tabindex=\"0\" onclick=\"footnote_moveToReference_92979_1('footnote_plugin_reference_92979_1_4');\" onkeypress=\"footnote_moveToReference_92979_1('footnote_plugin_reference_92979_1_4');\" ><sup id=\"footnote_plugin_tooltip_92979_1_4\" class=\"footnote_plugin_tooltip_text\">[4]<\/sup><\/a><span id=\"footnote_plugin_tooltip_text_92979_1_4\" class=\"footnote_tooltip\">Il premio Ydl Korman viene assegnato a tutte le attivit\u00e0 che operano a favore della cultura yiddish in tutti i campi, Arte, Letteratura, Scultura, Musica, Storia, Shoah, ecc. dal 1986.<\/span><\/span><script type=\"text\/javascript\"> jQuery('#footnote_plugin_tooltip_92979_1_4').tooltip({ tip: '#footnote_plugin_tooltip_text_92979_1_4', tipClass: 'footnote_tooltip', effect: 'fade', predelay: 0, fadeInSpeed: 200, delay: 400, fadeOutSpeed: 200, position: 'top center', relative: true, offset: [-7, 0], });<\/script> nel 2003, Premio dell\u2019Accademia Charles Cros per il suo CD di filastrocche e giritondi d&#8217;Argentina nel 2004, ed il Premio Cukierman<span class=\"footnote_referrer\"><a role=\"button\" tabindex=\"0\" onclick=\"footnote_moveToReference_92979_1('footnote_plugin_reference_92979_1_5');\" onkeypress=\"footnote_moveToReference_92979_1('footnote_plugin_reference_92979_1_5');\" ><sup id=\"footnote_plugin_tooltip_92979_1_5\" class=\"footnote_plugin_tooltip_text\">[5]<\/sup><\/a><span id=\"footnote_plugin_tooltip_text_92979_1_5\" class=\"footnote_tooltip\">Il Premio Max Cukierman \u00e8 stato fondato nel 1982 da Roger e Henri Cukierman per perpetuare la memoria del padre ed il suo attaccamento alla cultura yiddish. <\/span><\/span><script type=\"text\/javascript\"> jQuery('#footnote_plugin_tooltip_92979_1_5').tooltip({ tip: '#footnote_plugin_tooltip_text_92979_1_5', tipClass: 'footnote_tooltip', effect: 'fade', predelay: 0, fadeInSpeed: 200, delay: 400, fadeOutSpeed: 200, position: 'top center', relative: true, offset: [-7, 0], });<\/script> nel 2008.<\/p>\n<p><strong>Fonti: <\/strong><\/p>\n<ul>\n<li><a href=\"https:\/\/www.jacinta-s.com\/\" target=\"_blank\" rel=\"noopener\">Sito Jacinta<\/a><\/li>\n<li><a href=\"http:\/\/www.bibletango.com\/tangopersonnages\/perso_bio\/persobio_j\/jacinta_bb.htm#:~:text=Elle%20chantait%20des%20valses%20et,p%C3%A9riodes%20de%20deux%20mois%20environ\" target=\"_blank\" rel=\"noopener\">Bible Tango<\/a><\/li>\n<li>Akadem : <a style=\"font-size: revert; background-color: var(--bs-body-bg); font-family: var(--bs-body-font-family); font-weight: var(--bs-body-font-weight); text-align: var(--bs-body-text-align);\" href=\"https:\/\/akadem.org\/magazine\/2017-2018\/chanter-le-yiddish-de-buenos-aires-a-paris-avec-jacinta-23-04-2018-100294_4753.php\" target=\"_blank\" rel=\"noopener\">Chanter le yiddish de Buenos Aires \u00e0 Paris (<\/a><a href=\"https:\/\/akadem.org\/magazine\/2017-2018\/chanter-le-yiddish-de-buenos-aires-a-paris-avec-jacinta-23-04-2018-100294_4753.php\"><em>Cantare lo yiddish da Buenos Aires a Paris<\/em>)<\/a><\/li>\n<li>IEMJ : <a href=\"https:\/\/www.iemj.org\/it\/jacinta-entre-chansons-yiddish-judeo-espagnole-et-tango\/\" target=\"_blank\" rel=\"noopener\">Jacinta, tra canzoni yiddish, giudeo-spagnole e tango<\/a><\/li>\n<\/ul>\n<p><strong>Link:<\/strong><\/p>\n<ul>\n<li><a href=\"https:\/\/www.iemj.org\/it\/jacinta-entre-chansons-yiddish-judeo-espagnole-et-tango\/\" target=\"_blank\" rel=\"noopener\">Guardare il video di Jacinta, tra canzoni yiddish, giudeo-spagnole e tango<\/a><\/li>\n<li><a style=\"font-size: revert; background-color: var(--bs-body-bg); font-family: var(--bs-body-font-family); font-weight: var(--bs-body-font-weight); text-align: var(--bs-body-text-align);\" href=\"https:\/\/www.iemj.org\/it\/jacinta-une-vie-en-chanson\/\" target=\"_blank\" rel=\"noopener\">Ascoltare la playlist Jacinta, canzoni di vita<\/a><\/li>\n<li><a href=\"https:\/\/www.iemj.org\/it\/fonds-jacinta\/\" target=\"_blank\" rel=\"noopener\">Consultare il Fondo d\u2019archivi di Jacinta depositato presso l&#8217;IEMJ<\/a><\/li>\n<li><a style=\"font-size: revert; background-color: var(--bs-body-bg); font-family: var(--bs-body-font-family); font-weight: var(--bs-body-font-weight); text-align: var(--bs-body-text-align);\" href=\"https:\/\/www.iemj.org\/it\/jacintas-zingers\/\" target=\"_blank\" rel=\"noopener\">Per ulteriori informazioni sulla Corale Jacintas Zingers<\/a><\/li>\n<li><a href=\"https:\/\/www.youtube.com\/@jacinta604\" target=\"_blank\" rel=\"noopener\">Consultare il canale You Tube di Jacinta<\/a><\/li>\n<\/ul>\n\n\n<div class=\"wp-block-columns is-layout-flex wp-container-core-columns-is-layout-9d6595d7 wp-block-columns-is-layout-flex\">\n<div class=\"wp-block-column is-layout-flow wp-block-column-is-layout-flow\">\n<figure class=\"wp-block-embed is-type-video is-provider-youtube wp-block-embed-youtube wp-embed-aspect-16-9 wp-has-aspect-ratio\"><div class=\"wp-block-embed__wrapper\">\n<iframe title=\"IN DER FINSTER\" width=\"640\" height=\"360\" src=\"https:\/\/www.youtube.com\/embed\/YoIrYHEoSK8?feature=oembed\" frameborder=\"0\" allow=\"accelerometer; autoplay; clipboard-write; encrypted-media; gyroscope; picture-in-picture; web-share\" referrerpolicy=\"strict-origin-when-cross-origin\" allowfullscreen><\/iframe>\n<\/div><figcaption class=\"wp-element-caption\"><strong>In der fintster (Jacinta)<\/strong><\/figcaption><\/figure>\n<\/div>\n\n\n\n<div class=\"wp-block-column is-layout-flow wp-block-column-is-layout-flow\">\n<figure class=\"wp-block-embed is-type-video is-provider-youtube wp-block-embed-youtube wp-embed-aspect-16-9 wp-has-aspect-ratio\"><div class=\"wp-block-embed__wrapper\">\n<iframe title=\"CRIADOR, hasta cu\u00e1ndo,  BORE AD ANA\" width=\"640\" height=\"360\" src=\"https:\/\/www.youtube.com\/embed\/1wmcnh41eF4?feature=oembed\" frameborder=\"0\" allow=\"accelerometer; autoplay; clipboard-write; encrypted-media; gyroscope; picture-in-picture; web-share\" referrerpolicy=\"strict-origin-when-cross-origin\" allowfullscreen><\/iframe>\n<\/div><figcaption class=\"wp-element-caption\"><strong>Criador, hasta cu\u00e1ndo (Jacinta)<\/strong><\/figcaption><\/figure>\n<\/div>\n<\/div>\n\n\n\n<figure class=\"wp-block-embed aligncenter is-provider-youtube wp-block-embed-youtube\"><div class=\"wp-block-embed__wrapper\">\n<iframe title=\"sur un saule pleureur\" width=\"640\" height=\"360\" src=\"https:\/\/www.youtube.com\/embed\/TQzcqgLbZRg?feature=oembed\" frameborder=\"0\" allow=\"accelerometer; autoplay; clipboard-write; encrypted-media; gyroscope; picture-in-picture; web-share\" referrerpolicy=\"strict-origin-when-cross-origin\" allowfullscreen><\/iframe> \n<\/div><\/figure>\n\n\n<p style=\"text-align: left;\"><strong>Sur un saule pleureur (Jacinta)<\/strong><\/p><div class=\"speaker-mute footnotes_reference_container\"> <div class=\"footnote_container_prepare\"><p><span role=\"button\" tabindex=\"0\" class=\"footnote_reference_container_label pointer\" onclick=\"footnote_expand_collapse_reference_container_92979_1();\">&#x202F;<\/span><span role=\"button\" tabindex=\"0\" class=\"footnote_reference_container_collapse_button\" style=\"display: none;\" onclick=\"footnote_expand_collapse_reference_container_92979_1();\">[<a id=\"footnote_reference_container_collapse_button_92979_1\">+<\/a>]<\/span><\/p><\/div> <div id=\"footnote_references_container_92979_1\" style=\"\"><table class=\"footnotes_table footnote-reference-container\"><caption class=\"accessibility\">References<\/caption> <tbody> \r\n\r\n<tr class=\"footnotes_plugin_reference_row\"> <th scope=\"row\" class=\"footnote_plugin_index_combi pointer\"  onclick=\"footnote_moveToAnchor_92979_1('footnote_plugin_tooltip_92979_1_1');\"><a id=\"footnote_plugin_reference_92979_1_1\" class=\"footnote_backlink\">1<\/a><\/th> <td class=\"footnote_plugin_text\">Estratto delle e-mail di Jacinta a Herv\u00e9 Roten, 8 ottobre 2021 e 18 gennaio 2023<\/td><\/tr>\r\n\r\n<tr class=\"footnotes_plugin_reference_row\"> <th scope=\"row\" class=\"footnote_plugin_index_combi pointer\"  onclick=\"footnote_moveToAnchor_92979_1('footnote_plugin_tooltip_92979_1_2');\"><a id=\"footnote_plugin_reference_92979_1_2\" class=\"footnote_backlink\">2<\/a><\/th> <td class=\"footnote_plugin_text\">Jacinta ha in particolare messo in musica due poesie di una delle sue coriste, un&#8217;amica, Catherine Franck, morta nel 2022: <em>Les ateliers de couture<\/em> e <em>Tissages d&#8217;Heun&#8217;chy<\/em>.<\/td><\/tr>\r\n\r\n<tr class=\"footnotes_plugin_reference_row\"> <th scope=\"row\" class=\"footnote_plugin_index_combi pointer\"  onclick=\"footnote_moveToAnchor_92979_1('footnote_plugin_tooltip_92979_1_3');\"><a id=\"footnote_plugin_reference_92979_1_3\" class=\"footnote_backlink\">3<\/a><\/th> <td class=\"footnote_plugin_text\"> Estratto di una e-mail di Jacinta a Herv\u00e9 Roten dell&#8217;8 ottobre 2021<\/td><\/tr>\r\n\r\n<tr class=\"footnotes_plugin_reference_row\"> <th scope=\"row\" class=\"footnote_plugin_index_combi pointer\"  onclick=\"footnote_moveToAnchor_92979_1('footnote_plugin_tooltip_92979_1_4');\"><a id=\"footnote_plugin_reference_92979_1_4\" class=\"footnote_backlink\">4<\/a><\/th> <td class=\"footnote_plugin_text\">Il premio Ydl Korman viene assegnato a tutte le attivit\u00e0 che operano a favore della cultura yiddish in tutti i campi, Arte, Letteratura, Scultura, Musica, Storia, Shoah, ecc. dal 1986.<\/td><\/tr>\r\n\r\n<tr class=\"footnotes_plugin_reference_row\"> <th scope=\"row\" class=\"footnote_plugin_index_combi pointer\"  onclick=\"footnote_moveToAnchor_92979_1('footnote_plugin_tooltip_92979_1_5');\"><a id=\"footnote_plugin_reference_92979_1_5\" class=\"footnote_backlink\">5<\/a><\/th> <td class=\"footnote_plugin_text\">Il Premio Max Cukierman \u00e8 stato fondato nel 1982 da Roger e Henri Cukierman per perpetuare la memoria del padre ed il suo attaccamento alla cultura yiddish. <\/td><\/tr>\r\n\r\n <\/tbody> <\/table> <\/div><\/div><script type=\"text\/javascript\"> function footnote_expand_reference_container_92979_1() { jQuery('#footnote_references_container_92979_1').show(); jQuery('#footnote_reference_container_collapse_button_92979_1').text('\u2212'); } function footnote_collapse_reference_container_92979_1() { jQuery('#footnote_references_container_92979_1').hide(); jQuery('#footnote_reference_container_collapse_button_92979_1').text('+'); } function footnote_expand_collapse_reference_container_92979_1() { if (jQuery('#footnote_references_container_92979_1').is(':hidden')) { footnote_expand_reference_container_92979_1(); } else { footnote_collapse_reference_container_92979_1(); } } function footnote_moveToReference_92979_1(p_str_TargetID) { footnote_expand_reference_container_92979_1(); var l_obj_Target = jQuery('#' + p_str_TargetID); if (l_obj_Target.length) { jQuery( 'html, body' ).delay( 0 ); jQuery('html, body').animate({ scrollTop: l_obj_Target.offset().top - window.innerHeight * 0.2 }, 380); } } function footnote_moveToAnchor_92979_1(p_str_TargetID) { footnote_expand_reference_container_92979_1(); var l_obj_Target = jQuery('#' + p_str_TargetID); if (l_obj_Target.length) { jQuery( 'html, body' ).delay( 0 ); jQuery('html, body').animate({ scrollTop: l_obj_Target.offset().top - window.innerHeight * 0.2 }, 380); } }<\/script>","protected":false},"excerpt":{"rendered":"<p>Autrice, compositrice, arrangiatrice, attrice e cantante, Sofia Jacinta Szlechtman \u00e8 nata il 30 settembre 1950 a Buenos Aires da una famiglia ebrea russo-polacca. I suoi nonni materni in fuga dai<\/p>\n","protected":false},"author":5,"featured_media":92630,"comment_status":"closed","ping_status":"closed","sticky":false,"template":"","format":"standard","meta":{"_acf_changed":false,"footnotes":""},"categories":[1416],"tags":[],"technique":[],"squelettes":[],"sujet":[],"formation":[],"genre":[],"fonds":[],"tradition":[],"type-de-contenu":[],"interprete-compositeur":[],"frise":[],"type-devenement":[],"tableaux-liens-externes":[],"class_list":["post-92979","post","type-post","status-publish","format-standard","has-post-thumbnail","hentry","category-biografie-it"],"acf":[],"yoast_head":"<!-- This site is optimized with the Yoast SEO plugin v27.3 - https:\/\/yoast.com\/product\/yoast-seo-wordpress\/ -->\n<title>Jacinta - Institut Europ\u00e9en des Musiques Juives<\/title>\n<meta name=\"robots\" content=\"index, follow, max-snippet:-1, max-image-preview:large, max-video-preview:-1\" \/>\n<link rel=\"canonical\" href=\"https:\/\/www.iemj.org\/it\/jacinta-5\/\" \/>\n<meta property=\"og:locale\" content=\"it_IT\" \/>\n<meta property=\"og:type\" content=\"article\" \/>\n<meta property=\"og:title\" content=\"Jacinta - Institut Europ\u00e9en des Musiques Juives\" \/>\n<meta property=\"og:description\" content=\"Autrice, compositrice, arrangiatrice, attrice e cantante, Sofia Jacinta Szlechtman \u00e8 nata il 30 settembre 1950 a Buenos Aires da una famiglia ebrea russo-polacca. I suoi nonni materni in fuga dai\" \/>\n<meta property=\"og:url\" content=\"https:\/\/www.iemj.org\/it\/jacinta-5\/\" \/>\n<meta property=\"og:site_name\" content=\"Institut Europ\u00e9en des Musiques Juives\" \/>\n<meta property=\"article:publisher\" content=\"https:\/\/www.facebook.com\/MusiquesJuives\/\" \/>\n<meta property=\"article:published_time\" content=\"2023-01-19T14:58:08+00:00\" \/>\n<meta property=\"article:modified_time\" content=\"2023-01-24T13:25:19+00:00\" \/>\n<meta property=\"og:image\" content=\"https:\/\/www.iemj.org\/wp-content\/uploads\/2023\/01\/Logo-bio-Jacinta.jpg\" \/>\n\t<meta property=\"og:image:width\" content=\"144\" \/>\n\t<meta property=\"og:image:height\" content=\"218\" \/>\n\t<meta property=\"og:image:type\" content=\"image\/jpeg\" \/>\n<meta name=\"author\" content=\"Jacqueline ROTEN\" \/>\n<meta name=\"twitter:card\" content=\"summary_large_image\" \/>\n<meta name=\"twitter:label1\" content=\"Scritto da\" \/>\n\t<meta name=\"twitter:data1\" content=\"Jacqueline ROTEN\" \/>\n\t<meta name=\"twitter:label2\" content=\"Tempo di lettura stimato\" \/>\n\t<meta name=\"twitter:data2\" content=\"7 minuti\" \/>\n<script type=\"application\/ld+json\" class=\"yoast-schema-graph\">{\"@context\":\"https:\\\/\\\/schema.org\",\"@graph\":[{\"@type\":\"Article\",\"@id\":\"https:\\\/\\\/www.iemj.org\\\/it\\\/jacinta-5\\\/#article\",\"isPartOf\":{\"@id\":\"https:\\\/\\\/www.iemj.org\\\/it\\\/jacinta-5\\\/\"},\"author\":{\"name\":\"Jacqueline ROTEN\",\"@id\":\"https:\\\/\\\/www.iemj.org\\\/it\\\/#\\\/schema\\\/person\\\/358e26c18aca017fcc4cc15437f7279c\"},\"headline\":\"Jacinta\",\"datePublished\":\"2023-01-19T14:58:08+00:00\",\"dateModified\":\"2023-01-24T13:25:19+00:00\",\"mainEntityOfPage\":{\"@id\":\"https:\\\/\\\/www.iemj.org\\\/it\\\/jacinta-5\\\/\"},\"wordCount\":1131,\"publisher\":{\"@id\":\"https:\\\/\\\/www.iemj.org\\\/it\\\/#organization\"},\"image\":{\"@id\":\"https:\\\/\\\/www.iemj.org\\\/it\\\/jacinta-5\\\/#primaryimage\"},\"thumbnailUrl\":\"https:\\\/\\\/www.iemj.org\\\/wp-content\\\/uploads\\\/2023\\\/01\\\/Logo-bio-Jacinta.jpg\",\"articleSection\":[\"Biografie\"],\"inLanguage\":\"it-IT\"},{\"@type\":\"WebPage\",\"@id\":\"https:\\\/\\\/www.iemj.org\\\/it\\\/jacinta-5\\\/\",\"url\":\"https:\\\/\\\/www.iemj.org\\\/it\\\/jacinta-5\\\/\",\"name\":\"Jacinta - Institut Europ\u00e9en des Musiques Juives\",\"isPartOf\":{\"@id\":\"https:\\\/\\\/www.iemj.org\\\/it\\\/#website\"},\"primaryImageOfPage\":{\"@id\":\"https:\\\/\\\/www.iemj.org\\\/it\\\/jacinta-5\\\/#primaryimage\"},\"image\":{\"@id\":\"https:\\\/\\\/www.iemj.org\\\/it\\\/jacinta-5\\\/#primaryimage\"},\"thumbnailUrl\":\"https:\\\/\\\/www.iemj.org\\\/wp-content\\\/uploads\\\/2023\\\/01\\\/Logo-bio-Jacinta.jpg\",\"datePublished\":\"2023-01-19T14:58:08+00:00\",\"dateModified\":\"2023-01-24T13:25:19+00:00\",\"breadcrumb\":{\"@id\":\"https:\\\/\\\/www.iemj.org\\\/it\\\/jacinta-5\\\/#breadcrumb\"},\"inLanguage\":\"it-IT\",\"potentialAction\":[{\"@type\":\"ReadAction\",\"target\":[\"https:\\\/\\\/www.iemj.org\\\/it\\\/jacinta-5\\\/\"]}]},{\"@type\":\"ImageObject\",\"inLanguage\":\"it-IT\",\"@id\":\"https:\\\/\\\/www.iemj.org\\\/it\\\/jacinta-5\\\/#primaryimage\",\"url\":\"https:\\\/\\\/www.iemj.org\\\/wp-content\\\/uploads\\\/2023\\\/01\\\/Logo-bio-Jacinta.jpg\",\"contentUrl\":\"https:\\\/\\\/www.iemj.org\\\/wp-content\\\/uploads\\\/2023\\\/01\\\/Logo-bio-Jacinta.jpg\",\"width\":144,\"height\":218},{\"@type\":\"BreadcrumbList\",\"@id\":\"https:\\\/\\\/www.iemj.org\\\/it\\\/jacinta-5\\\/#breadcrumb\",\"itemListElement\":[{\"@type\":\"ListItem\",\"position\":1,\"name\":\"Accueil\",\"item\":\"https:\\\/\\\/www.iemj.org\\\/it\\\/\"},{\"@type\":\"ListItem\",\"position\":2,\"name\":\"Jacinta\"}]},{\"@type\":\"WebSite\",\"@id\":\"https:\\\/\\\/www.iemj.org\\\/it\\\/#website\",\"url\":\"https:\\\/\\\/www.iemj.org\\\/it\\\/\",\"name\":\"Institut Europ\u00e9en des Musiques Juives\",\"description\":\"Des traditions musicales \u00e0 la port\u00e9e de tous\",\"publisher\":{\"@id\":\"https:\\\/\\\/www.iemj.org\\\/it\\\/#organization\"},\"potentialAction\":[{\"@type\":\"SearchAction\",\"target\":{\"@type\":\"EntryPoint\",\"urlTemplate\":\"https:\\\/\\\/www.iemj.org\\\/it\\\/?s={search_term_string}\"},\"query-input\":{\"@type\":\"PropertyValueSpecification\",\"valueRequired\":true,\"valueName\":\"search_term_string\"}}],\"inLanguage\":\"it-IT\"},{\"@type\":\"Organization\",\"@id\":\"https:\\\/\\\/www.iemj.org\\\/it\\\/#organization\",\"name\":\"Institut Europ\u00e9en des Musiques Juives\",\"url\":\"https:\\\/\\\/www.iemj.org\\\/it\\\/\",\"logo\":{\"@type\":\"ImageObject\",\"inLanguage\":\"it-IT\",\"@id\":\"https:\\\/\\\/www.iemj.org\\\/it\\\/#\\\/schema\\\/logo\\\/image\\\/\",\"url\":\"https:\\\/\\\/www.iemj.org\\\/wp-content\\\/uploads\\\/2021\\\/09\\\/Logo-IEMJ-Paypal.jpg\",\"contentUrl\":\"https:\\\/\\\/www.iemj.org\\\/wp-content\\\/uploads\\\/2021\\\/09\\\/Logo-IEMJ-Paypal.jpg\",\"width\":150,\"height\":50,\"caption\":\"Institut Europ\u00e9en des Musiques Juives\"},\"image\":{\"@id\":\"https:\\\/\\\/www.iemj.org\\\/it\\\/#\\\/schema\\\/logo\\\/image\\\/\"},\"sameAs\":[\"https:\\\/\\\/www.facebook.com\\\/MusiquesJuives\\\/\",\"https:\\\/\\\/www.instagram.com\\\/musiquesjuives\\\/\",\"https:\\\/\\\/www.youtube.com\\\/user\\\/musiquesjuives\"]},{\"@type\":\"Person\",\"@id\":\"https:\\\/\\\/www.iemj.org\\\/it\\\/#\\\/schema\\\/person\\\/358e26c18aca017fcc4cc15437f7279c\",\"name\":\"Jacqueline ROTEN\",\"image\":{\"@type\":\"ImageObject\",\"inLanguage\":\"it-IT\",\"@id\":\"https:\\\/\\\/secure.gravatar.com\\\/avatar\\\/5964256d6c6957de3a3505278957e0fb2a35119ac47ea41827a65301213c810b?s=96&d=mm&r=g\",\"url\":\"https:\\\/\\\/secure.gravatar.com\\\/avatar\\\/5964256d6c6957de3a3505278957e0fb2a35119ac47ea41827a65301213c810b?s=96&d=mm&r=g\",\"contentUrl\":\"https:\\\/\\\/secure.gravatar.com\\\/avatar\\\/5964256d6c6957de3a3505278957e0fb2a35119ac47ea41827a65301213c810b?s=96&d=mm&r=g\",\"caption\":\"Jacqueline ROTEN\"}}]}<\/script>\n<!-- \/ Yoast SEO plugin. -->","yoast_head_json":{"title":"Jacinta - Institut Europ\u00e9en des Musiques Juives","robots":{"index":"index","follow":"follow","max-snippet":"max-snippet:-1","max-image-preview":"max-image-preview:large","max-video-preview":"max-video-preview:-1"},"canonical":"https:\/\/www.iemj.org\/it\/jacinta-5\/","og_locale":"it_IT","og_type":"article","og_title":"Jacinta - Institut Europ\u00e9en des Musiques Juives","og_description":"Autrice, compositrice, arrangiatrice, attrice e cantante, Sofia Jacinta Szlechtman \u00e8 nata il 30 settembre 1950 a Buenos Aires da una famiglia ebrea russo-polacca. I suoi nonni materni in fuga dai","og_url":"https:\/\/www.iemj.org\/it\/jacinta-5\/","og_site_name":"Institut Europ\u00e9en des Musiques Juives","article_publisher":"https:\/\/www.facebook.com\/MusiquesJuives\/","article_published_time":"2023-01-19T14:58:08+00:00","article_modified_time":"2023-01-24T13:25:19+00:00","og_image":[{"width":144,"height":218,"url":"https:\/\/www.iemj.org\/wp-content\/uploads\/2023\/01\/Logo-bio-Jacinta.jpg","type":"image\/jpeg"}],"author":"Jacqueline ROTEN","twitter_card":"summary_large_image","twitter_misc":{"Scritto da":"Jacqueline ROTEN","Tempo di lettura stimato":"7 minuti"},"schema":{"@context":"https:\/\/schema.org","@graph":[{"@type":"Article","@id":"https:\/\/www.iemj.org\/it\/jacinta-5\/#article","isPartOf":{"@id":"https:\/\/www.iemj.org\/it\/jacinta-5\/"},"author":{"name":"Jacqueline ROTEN","@id":"https:\/\/www.iemj.org\/it\/#\/schema\/person\/358e26c18aca017fcc4cc15437f7279c"},"headline":"Jacinta","datePublished":"2023-01-19T14:58:08+00:00","dateModified":"2023-01-24T13:25:19+00:00","mainEntityOfPage":{"@id":"https:\/\/www.iemj.org\/it\/jacinta-5\/"},"wordCount":1131,"publisher":{"@id":"https:\/\/www.iemj.org\/it\/#organization"},"image":{"@id":"https:\/\/www.iemj.org\/it\/jacinta-5\/#primaryimage"},"thumbnailUrl":"https:\/\/www.iemj.org\/wp-content\/uploads\/2023\/01\/Logo-bio-Jacinta.jpg","articleSection":["Biografie"],"inLanguage":"it-IT"},{"@type":"WebPage","@id":"https:\/\/www.iemj.org\/it\/jacinta-5\/","url":"https:\/\/www.iemj.org\/it\/jacinta-5\/","name":"Jacinta - Institut Europ\u00e9en des Musiques Juives","isPartOf":{"@id":"https:\/\/www.iemj.org\/it\/#website"},"primaryImageOfPage":{"@id":"https:\/\/www.iemj.org\/it\/jacinta-5\/#primaryimage"},"image":{"@id":"https:\/\/www.iemj.org\/it\/jacinta-5\/#primaryimage"},"thumbnailUrl":"https:\/\/www.iemj.org\/wp-content\/uploads\/2023\/01\/Logo-bio-Jacinta.jpg","datePublished":"2023-01-19T14:58:08+00:00","dateModified":"2023-01-24T13:25:19+00:00","breadcrumb":{"@id":"https:\/\/www.iemj.org\/it\/jacinta-5\/#breadcrumb"},"inLanguage":"it-IT","potentialAction":[{"@type":"ReadAction","target":["https:\/\/www.iemj.org\/it\/jacinta-5\/"]}]},{"@type":"ImageObject","inLanguage":"it-IT","@id":"https:\/\/www.iemj.org\/it\/jacinta-5\/#primaryimage","url":"https:\/\/www.iemj.org\/wp-content\/uploads\/2023\/01\/Logo-bio-Jacinta.jpg","contentUrl":"https:\/\/www.iemj.org\/wp-content\/uploads\/2023\/01\/Logo-bio-Jacinta.jpg","width":144,"height":218},{"@type":"BreadcrumbList","@id":"https:\/\/www.iemj.org\/it\/jacinta-5\/#breadcrumb","itemListElement":[{"@type":"ListItem","position":1,"name":"Accueil","item":"https:\/\/www.iemj.org\/it\/"},{"@type":"ListItem","position":2,"name":"Jacinta"}]},{"@type":"WebSite","@id":"https:\/\/www.iemj.org\/it\/#website","url":"https:\/\/www.iemj.org\/it\/","name":"Institut Europ\u00e9en des Musiques Juives","description":"Des traditions musicales \u00e0 la port\u00e9e de tous","publisher":{"@id":"https:\/\/www.iemj.org\/it\/#organization"},"potentialAction":[{"@type":"SearchAction","target":{"@type":"EntryPoint","urlTemplate":"https:\/\/www.iemj.org\/it\/?s={search_term_string}"},"query-input":{"@type":"PropertyValueSpecification","valueRequired":true,"valueName":"search_term_string"}}],"inLanguage":"it-IT"},{"@type":"Organization","@id":"https:\/\/www.iemj.org\/it\/#organization","name":"Institut Europ\u00e9en des Musiques Juives","url":"https:\/\/www.iemj.org\/it\/","logo":{"@type":"ImageObject","inLanguage":"it-IT","@id":"https:\/\/www.iemj.org\/it\/#\/schema\/logo\/image\/","url":"https:\/\/www.iemj.org\/wp-content\/uploads\/2021\/09\/Logo-IEMJ-Paypal.jpg","contentUrl":"https:\/\/www.iemj.org\/wp-content\/uploads\/2021\/09\/Logo-IEMJ-Paypal.jpg","width":150,"height":50,"caption":"Institut Europ\u00e9en des Musiques Juives"},"image":{"@id":"https:\/\/www.iemj.org\/it\/#\/schema\/logo\/image\/"},"sameAs":["https:\/\/www.facebook.com\/MusiquesJuives\/","https:\/\/www.instagram.com\/musiquesjuives\/","https:\/\/www.youtube.com\/user\/musiquesjuives"]},{"@type":"Person","@id":"https:\/\/www.iemj.org\/it\/#\/schema\/person\/358e26c18aca017fcc4cc15437f7279c","name":"Jacqueline ROTEN","image":{"@type":"ImageObject","inLanguage":"it-IT","@id":"https:\/\/secure.gravatar.com\/avatar\/5964256d6c6957de3a3505278957e0fb2a35119ac47ea41827a65301213c810b?s=96&d=mm&r=g","url":"https:\/\/secure.gravatar.com\/avatar\/5964256d6c6957de3a3505278957e0fb2a35119ac47ea41827a65301213c810b?s=96&d=mm&r=g","contentUrl":"https:\/\/secure.gravatar.com\/avatar\/5964256d6c6957de3a3505278957e0fb2a35119ac47ea41827a65301213c810b?s=96&d=mm&r=g","caption":"Jacqueline ROTEN"}}]}},"_links":{"self":[{"href":"https:\/\/www.iemj.org\/it\/wp-json\/wp\/v2\/posts\/92979","targetHints":{"allow":["GET"]}}],"collection":[{"href":"https:\/\/www.iemj.org\/it\/wp-json\/wp\/v2\/posts"}],"about":[{"href":"https:\/\/www.iemj.org\/it\/wp-json\/wp\/v2\/types\/post"}],"author":[{"embeddable":true,"href":"https:\/\/www.iemj.org\/it\/wp-json\/wp\/v2\/users\/5"}],"replies":[{"embeddable":true,"href":"https:\/\/www.iemj.org\/it\/wp-json\/wp\/v2\/comments?post=92979"}],"version-history":[{"count":0,"href":"https:\/\/www.iemj.org\/it\/wp-json\/wp\/v2\/posts\/92979\/revisions"}],"wp:featuredmedia":[{"embeddable":true,"href":"https:\/\/www.iemj.org\/it\/wp-json\/wp\/v2\/media\/92630"}],"wp:attachment":[{"href":"https:\/\/www.iemj.org\/it\/wp-json\/wp\/v2\/media?parent=92979"}],"wp:term":[{"taxonomy":"category","embeddable":true,"href":"https:\/\/www.iemj.org\/it\/wp-json\/wp\/v2\/categories?post=92979"},{"taxonomy":"post_tag","embeddable":true,"href":"https:\/\/www.iemj.org\/it\/wp-json\/wp\/v2\/tags?post=92979"},{"taxonomy":"technique","embeddable":true,"href":"https:\/\/www.iemj.org\/it\/wp-json\/wp\/v2\/technique?post=92979"},{"taxonomy":"squelettes","embeddable":true,"href":"https:\/\/www.iemj.org\/it\/wp-json\/wp\/v2\/squelettes?post=92979"},{"taxonomy":"sujet","embeddable":true,"href":"https:\/\/www.iemj.org\/it\/wp-json\/wp\/v2\/sujet?post=92979"},{"taxonomy":"formation","embeddable":true,"href":"https:\/\/www.iemj.org\/it\/wp-json\/wp\/v2\/formation?post=92979"},{"taxonomy":"genre","embeddable":true,"href":"https:\/\/www.iemj.org\/it\/wp-json\/wp\/v2\/genre?post=92979"},{"taxonomy":"fonds","embeddable":true,"href":"https:\/\/www.iemj.org\/it\/wp-json\/wp\/v2\/fonds?post=92979"},{"taxonomy":"tradition","embeddable":true,"href":"https:\/\/www.iemj.org\/it\/wp-json\/wp\/v2\/tradition?post=92979"},{"taxonomy":"type-de-contenu","embeddable":true,"href":"https:\/\/www.iemj.org\/it\/wp-json\/wp\/v2\/type-de-contenu?post=92979"},{"taxonomy":"interprete-compositeur","embeddable":true,"href":"https:\/\/www.iemj.org\/it\/wp-json\/wp\/v2\/interprete-compositeur?post=92979"},{"taxonomy":"frise","embeddable":true,"href":"https:\/\/www.iemj.org\/it\/wp-json\/wp\/v2\/frise?post=92979"},{"taxonomy":"type-devenement","embeddable":true,"href":"https:\/\/www.iemj.org\/it\/wp-json\/wp\/v2\/type-devenement?post=92979"},{"taxonomy":"tableaux-liens-externes","embeddable":true,"href":"https:\/\/www.iemj.org\/it\/wp-json\/wp\/v2\/tableaux-liens-externes?post=92979"}],"curies":[{"name":"wp","href":"https:\/\/api.w.org\/{rel}","templated":true}]}}