{"id":93748,"date":"2013-12-14T18:34:02","date_gmt":"2013-12-14T17:34:02","guid":{"rendered":"https:\/\/www.iemj.org\/sirba-octet-du-shtetl-a-new-york\/"},"modified":"2025-10-20T17:31:58","modified_gmt":"2025-10-20T15:31:58","slug":"sirba-octet-du-shtetl-a-new-york","status":"publish","type":"post","link":"https:\/\/www.iemj.org\/it\/sirba-octet-du-shtetl-a-new-york\/","title":{"rendered":"Sirba Octet &#8211; Du Shtetl \u00e0 New-York"},"content":{"rendered":"\n<p>Na\u00efve, 2008<\/p>\n\n\n\n<!--more-->\n\n\n\n<p>Per realizzare &#8220;Dallo Shtetl a New York&#8221;, il Sirba Octet ha unito le forze con la cantante, ballerina ed attrice di grande talento Isabelle Georges. Ispirato al documentario di Fabienne Rousso-Lenoir <em>Du Shtetl \u00e0 Broadway<\/em>, ripercorre, attraverso la musica ed il canto, l&#8217;odissea di milioni di uomini e donne dell&#8217;Europa dell&#8217;Est, dallo Shtetl (villaggio) a New York, che \u00e8 stata la culla del misto di influenze musicali provenienti da tutto il mondo<\/p>\n\n\n\n<p>Tra la fine del XIX secolo e la Seconda guerra mondiale, pi\u00f9 di 2 milioni di ebrei dell&#8217;Europa orientale lasciarono gli Shtetl ed emigrarono negli Stati Uniti per sfuggire all&#8217;antisemitismo ed accedere al paradiso americano. Nonostante la disillusione, gli ebrei si integrarono attraverso la loro creativit\u00e0 e la musica divenne il punto di raccolta della loro espressivit\u00e0. I nomi delle famiglie si americanizzano, Gershowitz diventa Gershwin, Rogazinsky diventa Rodgers, Asa Yoelson diventa Al Jolson&#8230; Nascono alcuni dei pi\u00f9 grandi successi del musical americano e degli standard jazz.<\/p>\n\n\n<div class=\"wp-block-image\">\n<figure class=\"alignright\"><img fetchpriority=\"high\" decoding=\"async\" width=\"400\" height=\"362\" src=\"https:\/\/www.iemj.org\/wp-content\/uploads\/2013\/12\/cd_516_couv4.jpg\" alt=\"cd_516_couv4.jpg\" class=\"wp-image-6471\"\/><\/figure>\n<\/div>\n\n\n<p>Tra repertorio tradizionale, ninne nanne, jazz, ragtime e musical americani, da <em>Bessarabye<\/em> a <em>Over the Rainbow<\/em>, da <em>Rozhinkes mit Mandlen<\/em> a <em>My Funny Valentine<\/em>, il Sirba Octet e Isabelle Georges propongono con questo disco una scoperta delle radici della musica americana.<\/p>\n\n\n\n<p><a href=\"https:\/\/www.sirbaoctet.com\/en\/\" target=\"_blank\" rel=\"noopener\">Visitare il sito web del Sirba Octet<\/a><br><a href=\"https:\/\/www.iemj.org\/interprete-compositore\/sirba-octet-it\/\" target=\"_blank\" rel=\"noopener\">Scoprire gli altri CD del Sirba Octet<\/a><br><a href=\"https:\/\/www.iemj.org\/it\/les-chemins-du-klezmer-sirba-octet-ou-la-classique-world\/\" target=\"_blank\" rel=\"noopener\">Ascoltare il programma radiofonico di Herv\u00e9 Roten: Les chemins du klezmer : Sirba Octet ou la Classique World<\/a><\/p>\n\n\n\n<div style=\"height:20px\" aria-hidden=\"true\" class=\"wp-block-spacer\"><\/div>\n\n\n<div class=\"wp-block-image\">\n<figure class=\"aligncenter size-large\"><img decoding=\"async\" width=\"1024\" height=\"133\" src=\"https:\/\/www.iemj.org\/wp-content\/uploads\/2024\/03\/AUDIO-PLAYER-1024x133.png\" alt=\"\" class=\"wp-image-110608\" srcset=\"https:\/\/www.iemj.org\/wp-content\/uploads\/2024\/03\/AUDIO-PLAYER-1024x133.png 1024w, https:\/\/www.iemj.org\/wp-content\/uploads\/2024\/03\/AUDIO-PLAYER-300x39.png 300w, https:\/\/www.iemj.org\/wp-content\/uploads\/2024\/03\/AUDIO-PLAYER-768x100.png 768w, https:\/\/www.iemj.org\/wp-content\/uploads\/2024\/03\/AUDIO-PLAYER-600x78.png 600w, https:\/\/www.iemj.org\/wp-content\/uploads\/2024\/03\/AUDIO-PLAYER.png 1210w\" sizes=\"(max-width: 1024px) 100vw, 1024px\" \/><\/figure>\n<\/div>\n\n\n<div class=\"wp-block-file\"><a id=\"wp-block-file--media-df73e459-cbe0-4ee3-aa27-81272850ec9b\" href=\"https:\/\/www.iemj.org\/wp-content\/uploads\/2013\/12\/bessarabye.mp3\">Bessarabye<\/a><\/div>\n\n\n\n<div class=\"wp-block-file\"><a id=\"wp-block-file--media-e6e6827a-b256-4868-938b-015e0822e9cd\" href=\"https:\/\/www.iemj.org\/wp-content\/uploads\/2013\/12\/bei_mir_bist_du_scheyn.mp3\">Bei mir bist du scheyn<\/a><\/div>\n\n\n\n<div class=\"wp-block-file\"><a id=\"wp-block-file--media-88caa8ca-849a-438b-a5cd-f770b5013517\" href=\"https:\/\/www.iemj.org\/wp-content\/uploads\/2013\/12\/i_got_rhythm.mp3\">I got rhythm<\/a><\/div>\n","protected":false},"excerpt":{"rendered":"<p>Na\u00efve, 2008<\/p>\n","protected":false},"author":1045,"featured_media":93749,"comment_status":"closed","ping_status":"closed","sticky":false,"template":"","format":"standard","meta":{"_acf_changed":false,"footnotes":""},"categories":[1569,1564],"tags":[],"technique":[],"squelettes":[],"sujet":[],"formation":[],"genre":[1874,1919,1676],"fonds":[],"tradition":[],"type-de-contenu":[],"interprete-compositeur":[3302],"frise":[],"type-devenement":[],"tableaux-liens-externes":[],"class_list":["post-93748","post","type-post","status-publish","format-standard","has-post-thumbnail","hentry","category-cd-it","category-ultimi-acquisti-it","genre-klezmer-it","genre-varieta-it","genre-yiddish-it-2","interprete-compositeur-sirba-octet-it"],"acf":[],"yoast_head":"<!-- This site is optimized with the Yoast SEO plugin v27.3 - https:\/\/yoast.com\/product\/yoast-seo-wordpress\/ -->\n<title>Sirba Octet - Du Shtetl \u00e0 New-York - Institut Europ\u00e9en des Musiques Juives<\/title>\n<meta name=\"robots\" content=\"index, follow, max-snippet:-1, max-image-preview:large, max-video-preview:-1\" \/>\n<link rel=\"canonical\" href=\"https:\/\/www.iemj.org\/it\/sirba-octet-du-shtetl-a-new-york\/\" \/>\n<meta property=\"og:locale\" content=\"it_IT\" \/>\n<meta property=\"og:type\" content=\"article\" \/>\n<meta property=\"og:title\" content=\"Sirba Octet - Du Shtetl \u00e0 New-York - Institut Europ\u00e9en des Musiques Juives\" \/>\n<meta property=\"og:description\" content=\"Na\u00efve, 2008\" \/>\n<meta property=\"og:url\" content=\"https:\/\/www.iemj.org\/it\/sirba-octet-du-shtetl-a-new-york\/\" \/>\n<meta property=\"og:site_name\" content=\"Institut Europ\u00e9en des Musiques Juives\" \/>\n<meta property=\"article:publisher\" content=\"https:\/\/www.facebook.com\/MusiquesJuives\/\" \/>\n<meta property=\"article:published_time\" content=\"2013-12-14T17:34:02+00:00\" \/>\n<meta property=\"article:modified_time\" content=\"2025-10-20T15:31:58+00:00\" \/>\n<meta property=\"og:image\" content=\"https:\/\/www.iemj.org\/wp-content\/uploads\/2013\/12\/arton806-e1619614164617.jpg\" \/>\n\t<meta property=\"og:image:width\" content=\"350\" \/>\n\t<meta property=\"og:image:height\" content=\"339\" \/>\n\t<meta property=\"og:image:type\" content=\"image\/jpeg\" \/>\n<meta name=\"author\" content=\"Herv\u00e9 Roten\" \/>\n<meta name=\"twitter:card\" content=\"summary_large_image\" \/>\n<meta name=\"twitter:label1\" content=\"Scritto da\" \/>\n\t<meta name=\"twitter:data1\" content=\"Herv\u00e9 Roten\" \/>\n\t<meta name=\"twitter:label2\" content=\"Tempo di lettura stimato\" \/>\n\t<meta name=\"twitter:data2\" content=\"2 minuti\" \/>\n<script type=\"application\/ld+json\" class=\"yoast-schema-graph\">{\"@context\":\"https:\\\/\\\/schema.org\",\"@graph\":[{\"@type\":\"Article\",\"@id\":\"https:\\\/\\\/www.iemj.org\\\/it\\\/sirba-octet-du-shtetl-a-new-york\\\/#article\",\"isPartOf\":{\"@id\":\"https:\\\/\\\/www.iemj.org\\\/it\\\/sirba-octet-du-shtetl-a-new-york\\\/\"},\"author\":{\"name\":\"Herv\u00e9 Roten\",\"@id\":\"https:\\\/\\\/www.iemj.org\\\/it\\\/#\\\/schema\\\/person\\\/906134402c29d5c76e7b726261dd4bbd\"},\"headline\":\"Sirba Octet &#8211; Du Shtetl \u00e0 New-York\",\"datePublished\":\"2013-12-14T17:34:02+00:00\",\"dateModified\":\"2025-10-20T15:31:58+00:00\",\"mainEntityOfPage\":{\"@id\":\"https:\\\/\\\/www.iemj.org\\\/it\\\/sirba-octet-du-shtetl-a-new-york\\\/\"},\"wordCount\":250,\"publisher\":{\"@id\":\"https:\\\/\\\/www.iemj.org\\\/it\\\/#organization\"},\"image\":{\"@id\":\"https:\\\/\\\/www.iemj.org\\\/it\\\/sirba-octet-du-shtetl-a-new-york\\\/#primaryimage\"},\"thumbnailUrl\":\"https:\\\/\\\/www.iemj.org\\\/wp-content\\\/uploads\\\/2013\\\/12\\\/arton806-e1619614164617.jpg\",\"articleSection\":[\"CD\",\"Ultimi acquisti\"],\"inLanguage\":\"it-IT\"},{\"@type\":\"WebPage\",\"@id\":\"https:\\\/\\\/www.iemj.org\\\/it\\\/sirba-octet-du-shtetl-a-new-york\\\/\",\"url\":\"https:\\\/\\\/www.iemj.org\\\/it\\\/sirba-octet-du-shtetl-a-new-york\\\/\",\"name\":\"Sirba Octet - Du Shtetl \u00e0 New-York - Institut Europ\u00e9en des Musiques Juives\",\"isPartOf\":{\"@id\":\"https:\\\/\\\/www.iemj.org\\\/it\\\/#website\"},\"primaryImageOfPage\":{\"@id\":\"https:\\\/\\\/www.iemj.org\\\/it\\\/sirba-octet-du-shtetl-a-new-york\\\/#primaryimage\"},\"image\":{\"@id\":\"https:\\\/\\\/www.iemj.org\\\/it\\\/sirba-octet-du-shtetl-a-new-york\\\/#primaryimage\"},\"thumbnailUrl\":\"https:\\\/\\\/www.iemj.org\\\/wp-content\\\/uploads\\\/2013\\\/12\\\/arton806-e1619614164617.jpg\",\"datePublished\":\"2013-12-14T17:34:02+00:00\",\"dateModified\":\"2025-10-20T15:31:58+00:00\",\"breadcrumb\":{\"@id\":\"https:\\\/\\\/www.iemj.org\\\/it\\\/sirba-octet-du-shtetl-a-new-york\\\/#breadcrumb\"},\"inLanguage\":\"it-IT\",\"potentialAction\":[{\"@type\":\"ReadAction\",\"target\":[\"https:\\\/\\\/www.iemj.org\\\/it\\\/sirba-octet-du-shtetl-a-new-york\\\/\"]}]},{\"@type\":\"ImageObject\",\"inLanguage\":\"it-IT\",\"@id\":\"https:\\\/\\\/www.iemj.org\\\/it\\\/sirba-octet-du-shtetl-a-new-york\\\/#primaryimage\",\"url\":\"https:\\\/\\\/www.iemj.org\\\/wp-content\\\/uploads\\\/2013\\\/12\\\/arton806-e1619614164617.jpg\",\"contentUrl\":\"https:\\\/\\\/www.iemj.org\\\/wp-content\\\/uploads\\\/2013\\\/12\\\/arton806-e1619614164617.jpg\",\"width\":350,\"height\":339},{\"@type\":\"BreadcrumbList\",\"@id\":\"https:\\\/\\\/www.iemj.org\\\/it\\\/sirba-octet-du-shtetl-a-new-york\\\/#breadcrumb\",\"itemListElement\":[{\"@type\":\"ListItem\",\"position\":1,\"name\":\"Accueil\",\"item\":\"https:\\\/\\\/www.iemj.org\\\/it\\\/\"},{\"@type\":\"ListItem\",\"position\":2,\"name\":\"Sirba Octet &#8211; Du Shtetl \u00e0 New-York\"}]},{\"@type\":\"WebSite\",\"@id\":\"https:\\\/\\\/www.iemj.org\\\/it\\\/#website\",\"url\":\"https:\\\/\\\/www.iemj.org\\\/it\\\/\",\"name\":\"Institut Europ\u00e9en des Musiques Juives\",\"description\":\"Des traditions musicales \u00e0 la port\u00e9e de tous\",\"publisher\":{\"@id\":\"https:\\\/\\\/www.iemj.org\\\/it\\\/#organization\"},\"potentialAction\":[{\"@type\":\"SearchAction\",\"target\":{\"@type\":\"EntryPoint\",\"urlTemplate\":\"https:\\\/\\\/www.iemj.org\\\/it\\\/?s={search_term_string}\"},\"query-input\":{\"@type\":\"PropertyValueSpecification\",\"valueRequired\":true,\"valueName\":\"search_term_string\"}}],\"inLanguage\":\"it-IT\"},{\"@type\":\"Organization\",\"@id\":\"https:\\\/\\\/www.iemj.org\\\/it\\\/#organization\",\"name\":\"Institut Europ\u00e9en des Musiques Juives\",\"url\":\"https:\\\/\\\/www.iemj.org\\\/it\\\/\",\"logo\":{\"@type\":\"ImageObject\",\"inLanguage\":\"it-IT\",\"@id\":\"https:\\\/\\\/www.iemj.org\\\/it\\\/#\\\/schema\\\/logo\\\/image\\\/\",\"url\":\"https:\\\/\\\/www.iemj.org\\\/wp-content\\\/uploads\\\/2021\\\/09\\\/Logo-IEMJ-Paypal.jpg\",\"contentUrl\":\"https:\\\/\\\/www.iemj.org\\\/wp-content\\\/uploads\\\/2021\\\/09\\\/Logo-IEMJ-Paypal.jpg\",\"width\":150,\"height\":50,\"caption\":\"Institut Europ\u00e9en des Musiques Juives\"},\"image\":{\"@id\":\"https:\\\/\\\/www.iemj.org\\\/it\\\/#\\\/schema\\\/logo\\\/image\\\/\"},\"sameAs\":[\"https:\\\/\\\/www.facebook.com\\\/MusiquesJuives\\\/\",\"https:\\\/\\\/www.instagram.com\\\/musiquesjuives\\\/\",\"https:\\\/\\\/www.youtube.com\\\/user\\\/musiquesjuives\"]},{\"@type\":\"Person\",\"@id\":\"https:\\\/\\\/www.iemj.org\\\/it\\\/#\\\/schema\\\/person\\\/906134402c29d5c76e7b726261dd4bbd\",\"name\":\"Herv\u00e9 Roten\",\"image\":{\"@type\":\"ImageObject\",\"inLanguage\":\"it-IT\",\"@id\":\"https:\\\/\\\/secure.gravatar.com\\\/avatar\\\/f96ad2db538a26481f18384936b5cd0610c92d390c4dc382209216d455f685ff?s=96&d=mm&r=g\",\"url\":\"https:\\\/\\\/secure.gravatar.com\\\/avatar\\\/f96ad2db538a26481f18384936b5cd0610c92d390c4dc382209216d455f685ff?s=96&d=mm&r=g\",\"contentUrl\":\"https:\\\/\\\/secure.gravatar.com\\\/avatar\\\/f96ad2db538a26481f18384936b5cd0610c92d390c4dc382209216d455f685ff?s=96&d=mm&r=g\",\"caption\":\"Herv\u00e9 Roten\"}}]}<\/script>\n<!-- \/ Yoast SEO plugin. -->","yoast_head_json":{"title":"Sirba Octet - Du Shtetl \u00e0 New-York - Institut Europ\u00e9en des Musiques Juives","robots":{"index":"index","follow":"follow","max-snippet":"max-snippet:-1","max-image-preview":"max-image-preview:large","max-video-preview":"max-video-preview:-1"},"canonical":"https:\/\/www.iemj.org\/it\/sirba-octet-du-shtetl-a-new-york\/","og_locale":"it_IT","og_type":"article","og_title":"Sirba Octet - Du Shtetl \u00e0 New-York - Institut Europ\u00e9en des Musiques Juives","og_description":"Na\u00efve, 2008","og_url":"https:\/\/www.iemj.org\/it\/sirba-octet-du-shtetl-a-new-york\/","og_site_name":"Institut Europ\u00e9en des Musiques Juives","article_publisher":"https:\/\/www.facebook.com\/MusiquesJuives\/","article_published_time":"2013-12-14T17:34:02+00:00","article_modified_time":"2025-10-20T15:31:58+00:00","og_image":[{"width":350,"height":339,"url":"https:\/\/www.iemj.org\/wp-content\/uploads\/2013\/12\/arton806-e1619614164617.jpg","type":"image\/jpeg"}],"author":"Herv\u00e9 Roten","twitter_card":"summary_large_image","twitter_misc":{"Scritto da":"Herv\u00e9 Roten","Tempo di lettura stimato":"2 minuti"},"schema":{"@context":"https:\/\/schema.org","@graph":[{"@type":"Article","@id":"https:\/\/www.iemj.org\/it\/sirba-octet-du-shtetl-a-new-york\/#article","isPartOf":{"@id":"https:\/\/www.iemj.org\/it\/sirba-octet-du-shtetl-a-new-york\/"},"author":{"name":"Herv\u00e9 Roten","@id":"https:\/\/www.iemj.org\/it\/#\/schema\/person\/906134402c29d5c76e7b726261dd4bbd"},"headline":"Sirba Octet &#8211; Du Shtetl \u00e0 New-York","datePublished":"2013-12-14T17:34:02+00:00","dateModified":"2025-10-20T15:31:58+00:00","mainEntityOfPage":{"@id":"https:\/\/www.iemj.org\/it\/sirba-octet-du-shtetl-a-new-york\/"},"wordCount":250,"publisher":{"@id":"https:\/\/www.iemj.org\/it\/#organization"},"image":{"@id":"https:\/\/www.iemj.org\/it\/sirba-octet-du-shtetl-a-new-york\/#primaryimage"},"thumbnailUrl":"https:\/\/www.iemj.org\/wp-content\/uploads\/2013\/12\/arton806-e1619614164617.jpg","articleSection":["CD","Ultimi acquisti"],"inLanguage":"it-IT"},{"@type":"WebPage","@id":"https:\/\/www.iemj.org\/it\/sirba-octet-du-shtetl-a-new-york\/","url":"https:\/\/www.iemj.org\/it\/sirba-octet-du-shtetl-a-new-york\/","name":"Sirba Octet - Du Shtetl \u00e0 New-York - Institut Europ\u00e9en des Musiques Juives","isPartOf":{"@id":"https:\/\/www.iemj.org\/it\/#website"},"primaryImageOfPage":{"@id":"https:\/\/www.iemj.org\/it\/sirba-octet-du-shtetl-a-new-york\/#primaryimage"},"image":{"@id":"https:\/\/www.iemj.org\/it\/sirba-octet-du-shtetl-a-new-york\/#primaryimage"},"thumbnailUrl":"https:\/\/www.iemj.org\/wp-content\/uploads\/2013\/12\/arton806-e1619614164617.jpg","datePublished":"2013-12-14T17:34:02+00:00","dateModified":"2025-10-20T15:31:58+00:00","breadcrumb":{"@id":"https:\/\/www.iemj.org\/it\/sirba-octet-du-shtetl-a-new-york\/#breadcrumb"},"inLanguage":"it-IT","potentialAction":[{"@type":"ReadAction","target":["https:\/\/www.iemj.org\/it\/sirba-octet-du-shtetl-a-new-york\/"]}]},{"@type":"ImageObject","inLanguage":"it-IT","@id":"https:\/\/www.iemj.org\/it\/sirba-octet-du-shtetl-a-new-york\/#primaryimage","url":"https:\/\/www.iemj.org\/wp-content\/uploads\/2013\/12\/arton806-e1619614164617.jpg","contentUrl":"https:\/\/www.iemj.org\/wp-content\/uploads\/2013\/12\/arton806-e1619614164617.jpg","width":350,"height":339},{"@type":"BreadcrumbList","@id":"https:\/\/www.iemj.org\/it\/sirba-octet-du-shtetl-a-new-york\/#breadcrumb","itemListElement":[{"@type":"ListItem","position":1,"name":"Accueil","item":"https:\/\/www.iemj.org\/it\/"},{"@type":"ListItem","position":2,"name":"Sirba Octet &#8211; Du Shtetl \u00e0 New-York"}]},{"@type":"WebSite","@id":"https:\/\/www.iemj.org\/it\/#website","url":"https:\/\/www.iemj.org\/it\/","name":"Institut Europ\u00e9en des Musiques Juives","description":"Des traditions musicales \u00e0 la port\u00e9e de tous","publisher":{"@id":"https:\/\/www.iemj.org\/it\/#organization"},"potentialAction":[{"@type":"SearchAction","target":{"@type":"EntryPoint","urlTemplate":"https:\/\/www.iemj.org\/it\/?s={search_term_string}"},"query-input":{"@type":"PropertyValueSpecification","valueRequired":true,"valueName":"search_term_string"}}],"inLanguage":"it-IT"},{"@type":"Organization","@id":"https:\/\/www.iemj.org\/it\/#organization","name":"Institut Europ\u00e9en des Musiques Juives","url":"https:\/\/www.iemj.org\/it\/","logo":{"@type":"ImageObject","inLanguage":"it-IT","@id":"https:\/\/www.iemj.org\/it\/#\/schema\/logo\/image\/","url":"https:\/\/www.iemj.org\/wp-content\/uploads\/2021\/09\/Logo-IEMJ-Paypal.jpg","contentUrl":"https:\/\/www.iemj.org\/wp-content\/uploads\/2021\/09\/Logo-IEMJ-Paypal.jpg","width":150,"height":50,"caption":"Institut Europ\u00e9en des Musiques Juives"},"image":{"@id":"https:\/\/www.iemj.org\/it\/#\/schema\/logo\/image\/"},"sameAs":["https:\/\/www.facebook.com\/MusiquesJuives\/","https:\/\/www.instagram.com\/musiquesjuives\/","https:\/\/www.youtube.com\/user\/musiquesjuives"]},{"@type":"Person","@id":"https:\/\/www.iemj.org\/it\/#\/schema\/person\/906134402c29d5c76e7b726261dd4bbd","name":"Herv\u00e9 Roten","image":{"@type":"ImageObject","inLanguage":"it-IT","@id":"https:\/\/secure.gravatar.com\/avatar\/f96ad2db538a26481f18384936b5cd0610c92d390c4dc382209216d455f685ff?s=96&d=mm&r=g","url":"https:\/\/secure.gravatar.com\/avatar\/f96ad2db538a26481f18384936b5cd0610c92d390c4dc382209216d455f685ff?s=96&d=mm&r=g","contentUrl":"https:\/\/secure.gravatar.com\/avatar\/f96ad2db538a26481f18384936b5cd0610c92d390c4dc382209216d455f685ff?s=96&d=mm&r=g","caption":"Herv\u00e9 Roten"}}]}},"_links":{"self":[{"href":"https:\/\/www.iemj.org\/it\/wp-json\/wp\/v2\/posts\/93748","targetHints":{"allow":["GET"]}}],"collection":[{"href":"https:\/\/www.iemj.org\/it\/wp-json\/wp\/v2\/posts"}],"about":[{"href":"https:\/\/www.iemj.org\/it\/wp-json\/wp\/v2\/types\/post"}],"author":[{"embeddable":true,"href":"https:\/\/www.iemj.org\/it\/wp-json\/wp\/v2\/users\/1045"}],"replies":[{"embeddable":true,"href":"https:\/\/www.iemj.org\/it\/wp-json\/wp\/v2\/comments?post=93748"}],"version-history":[{"count":2,"href":"https:\/\/www.iemj.org\/it\/wp-json\/wp\/v2\/posts\/93748\/revisions"}],"predecessor-version":[{"id":127493,"href":"https:\/\/www.iemj.org\/it\/wp-json\/wp\/v2\/posts\/93748\/revisions\/127493"}],"wp:featuredmedia":[{"embeddable":true,"href":"https:\/\/www.iemj.org\/it\/wp-json\/wp\/v2\/media\/93749"}],"wp:attachment":[{"href":"https:\/\/www.iemj.org\/it\/wp-json\/wp\/v2\/media?parent=93748"}],"wp:term":[{"taxonomy":"category","embeddable":true,"href":"https:\/\/www.iemj.org\/it\/wp-json\/wp\/v2\/categories?post=93748"},{"taxonomy":"post_tag","embeddable":true,"href":"https:\/\/www.iemj.org\/it\/wp-json\/wp\/v2\/tags?post=93748"},{"taxonomy":"technique","embeddable":true,"href":"https:\/\/www.iemj.org\/it\/wp-json\/wp\/v2\/technique?post=93748"},{"taxonomy":"squelettes","embeddable":true,"href":"https:\/\/www.iemj.org\/it\/wp-json\/wp\/v2\/squelettes?post=93748"},{"taxonomy":"sujet","embeddable":true,"href":"https:\/\/www.iemj.org\/it\/wp-json\/wp\/v2\/sujet?post=93748"},{"taxonomy":"formation","embeddable":true,"href":"https:\/\/www.iemj.org\/it\/wp-json\/wp\/v2\/formation?post=93748"},{"taxonomy":"genre","embeddable":true,"href":"https:\/\/www.iemj.org\/it\/wp-json\/wp\/v2\/genre?post=93748"},{"taxonomy":"fonds","embeddable":true,"href":"https:\/\/www.iemj.org\/it\/wp-json\/wp\/v2\/fonds?post=93748"},{"taxonomy":"tradition","embeddable":true,"href":"https:\/\/www.iemj.org\/it\/wp-json\/wp\/v2\/tradition?post=93748"},{"taxonomy":"type-de-contenu","embeddable":true,"href":"https:\/\/www.iemj.org\/it\/wp-json\/wp\/v2\/type-de-contenu?post=93748"},{"taxonomy":"interprete-compositeur","embeddable":true,"href":"https:\/\/www.iemj.org\/it\/wp-json\/wp\/v2\/interprete-compositeur?post=93748"},{"taxonomy":"frise","embeddable":true,"href":"https:\/\/www.iemj.org\/it\/wp-json\/wp\/v2\/frise?post=93748"},{"taxonomy":"type-devenement","embeddable":true,"href":"https:\/\/www.iemj.org\/it\/wp-json\/wp\/v2\/type-devenement?post=93748"},{"taxonomy":"tableaux-liens-externes","embeddable":true,"href":"https:\/\/www.iemj.org\/it\/wp-json\/wp\/v2\/tableaux-liens-externes?post=93748"}],"curies":[{"name":"wp","href":"https:\/\/api.w.org\/{rel}","templated":true}]}}