{"id":94208,"date":"2023-02-14T13:01:50","date_gmt":"2023-02-14T12:01:50","guid":{"rendered":"https:\/\/www.iemj.org\/concert-de-sortie-dalbum-kalarash\/"},"modified":"2023-02-23T09:58:26","modified_gmt":"2023-02-23T08:58:26","slug":"concert-de-sortie-dalbum-kalarash","status":"publish","type":"post","link":"https:\/\/www.iemj.org\/it\/concert-de-sortie-dalbum-kalarash\/","title":{"rendered":"Concerto per il RILASCIO DELL&#8217;ALBUM Kalarash"},"content":{"rendered":"<h2 id=\"1-eael-table-of-content\" class=\"eael-heading-content\">&nbsp;<\/h2>\n<p>Da 12 anni il gruppo <strong>Kalarash<\/strong> esplora la musica tradizionale dell&#8217;Europa orientale e dei Balcani. Composto da 5 musicisti, Kalarash si esibisce regolarmente in Francia ed all&#8217;estero.<\/p>\n<p>Il nome del gruppo si riferisce ad un noto pezzo klezmer, ma anche ad una piccola citt\u00e0 della Moldavia (C\u0103l\u0103ra\u0219i significa &#8220;I cavalieri&#8221;), le cui strade risuonano di melodie ispirate al folklore rumeno, gitano e klezmer. Con questa proposta, Kalarash si ispira a queste piccole orchestre d&#8217;archi, il taraf per la musica lautar rumena od il kapelye per la musica klezmer, ed esegue brani di danza, a volte cerimoniali, a volte vivaci, canzoni tradizionali yiddish e di cabaret, ballate rumene ed altre sorprese.<\/p>\n<p>In programma: musica klezmer, canzoni yiddish e francesi! Allora balliamo!<\/p>\n<h2 style=\"text-align: center;\"><span style=\"color: #3c4b98;\"><strong>Domenica 26 marzo 2023, ore 17:30<\/strong><\/span><\/h2>\n<h2 style=\"text-align: center;\"><span style=\"color: #3c4b98;\"><strong>Espace Rachi\u202f &#8211; Guy de Rothschild<\/strong><\/span><\/h2>\n<h4 style=\"text-align: center;\"><strong><span style=\"color: #3c4b98;\">39, rue Broca &#8211; 75005 Paris<\/span><\/strong><\/h4>\n<p>Con:<\/p>\n<p><strong>Agathe Llorca<\/strong>, canto, violino<br><strong>David Lefebvre<\/strong>, canto, cimbalio<br><strong>Christophe Gauvert<\/strong>, contrabbasso<br><strong>Vincent P\u00e9rier<\/strong>, clarinetto<br><strong>Vincent Bader<\/strong>, fisarmonica<\/p>\n<h3><a href=\"https:\/\/www.iemj.org\/it\/kalarash-musique-klezmer-chansons-yiddish-et-francaises\/\" target=\"_blank\" rel=\"noopener\">Maggiori informazioni sull&#8217;album Kalarash<\/a><\/h3>\n<h2><strong><a href=\"https:\/\/www.culture-juive.fr\/reservation\/\" target=\"_blank\" rel=\"noopener\">Prenotazione online<\/a><\/strong><\/h2>\n<h3>TARIFFE<\/h3>\n<p>Categoria 1: 26,00 \u20ac<br>Categoria 2: 21,00 \u20ac<br>Categoria 3: 16,00 \u20ac<br>Categoria disabili: 16,00 \u20ac<br>Trasmissione dal vivo: 8,00 \u20ac<\/p>\n<h2><strong>Prezzi ridotti (&#8220;PROMO CODE&#8221; su richiesta all&#8217;indirizzo<\/strong> <a href=\"mailto:contact@iemj.org\" target=\"_blank\" rel=\"noopener\">contact@iemj.org<\/a><strong>): soci\/partner IEMJ<\/strong><\/h2>\n<p><\/p>\n\n\n<hr class=\"wp-block-separator has-alpha-channel-opacity\"\/>\n\n\n\n<figure class=\"wp-block-embed is-type-video is-provider-youtube wp-block-embed-youtube wp-embed-aspect-16-9 wp-has-aspect-ratio\"><div class=\"wp-block-embed__wrapper\">\n<iframe title=\"Ikh bin a boarder bay mayn vayb - Kalarash\" width=\"640\" height=\"360\" src=\"https:\/\/www.youtube.com\/embed\/k-ajCsiXIII?feature=oembed\" frameborder=\"0\" allow=\"accelerometer; autoplay; clipboard-write; encrypted-media; gyroscope; picture-in-picture; web-share\" referrerpolicy=\"strict-origin-when-cross-origin\" allowfullscreen><\/iframe>\n<\/div><\/figure>\n\n\n\n<figure class=\"wp-block-embed is-type-video is-provider-youtube wp-block-embed-youtube wp-embed-aspect-16-9 wp-has-aspect-ratio\"><div class=\"wp-block-embed__wrapper\">\n<iframe title=\"CLIP de KALARASH\" width=\"640\" height=\"360\" src=\"https:\/\/www.youtube.com\/embed\/bvNyL2Cqhh4?feature=oembed\" frameborder=\"0\" allow=\"accelerometer; autoplay; clipboard-write; encrypted-media; gyroscope; picture-in-picture; web-share\" referrerpolicy=\"strict-origin-when-cross-origin\" allowfullscreen><\/iframe>\n<\/div><\/figure>\n\n\n\n<hr class=\"wp-block-separator has-alpha-channel-opacity\"\/>\n\n\n<h2 style=\"text-align: center;\">CONCERT ORGANIS\u00c9 AVEC LE SOUTIEN DE<\/h2>\n<hr>\n<p><img decoding=\"async\" class=\"wp-image-94239 alignleft\" src=\"https:\/\/www.iemj.org\/wp-content\/uploads\/2023\/02\/Logo-FJF_redim.jpg\" alt=\"\" width=\"303\" height=\"120\"><img decoding=\"async\" class=\"wp-image-94244 alignright\" src=\"https:\/\/www.iemj.org\/wp-content\/uploads\/2023\/02\/Fondation-Henriette_Logo-300x300.jpg\" alt=\"\" width=\"161\" height=\"161\" srcset=\"https:\/\/www.iemj.org\/wp-content\/uploads\/2023\/02\/Fondation-Henriette_Logo-300x300.jpg 300w, https:\/\/www.iemj.org\/wp-content\/uploads\/2023\/02\/Fondation-Henriette_Logo-150x150.jpg 150w, https:\/\/www.iemj.org\/wp-content\/uploads\/2023\/02\/Fondation-Henriette_Logo-100x100.jpg 100w, https:\/\/www.iemj.org\/wp-content\/uploads\/2023\/02\/Fondation-Henriette_Logo.jpg 550w\" sizes=\"(max-width: 161px) 100vw, 161px\" \/><\/p>\n<h2>&nbsp;<\/h2>\n<h2>&nbsp;<\/h2>\n<h2>&nbsp;<\/h2>\n<p><\/p>\n<h2 style=\"text-align: center;\">PARTNER \/ ORGANIZZATORI<\/h2>\n<hr>\n<p><img decoding=\"async\" class=\"\" src=\"https:\/\/www.iemj.org\/wp-content\/uploads\/2021\/01\/IEMJ.svg\" alt=\"Institut Europ\u00e9en des Musiques Juives\" width=\"303\" height=\"109\"><img loading=\"lazy\" decoding=\"async\" class=\"wp-image-94189 alignright\" src=\"https:\/\/www.iemj.org\/wp-content\/uploads\/2022\/12\/Logo-Centre-dArt-et-de-Culture-1-300x131.jpg\" alt=\"\" width=\"277\" height=\"121\" srcset=\"https:\/\/www.iemj.org\/wp-content\/uploads\/2022\/12\/Logo-Centre-dArt-et-de-Culture-1-300x131.jpg 300w, https:\/\/www.iemj.org\/wp-content\/uploads\/2022\/12\/Logo-Centre-dArt-et-de-Culture-1.jpg 448w\" sizes=\"(max-width: 277px) 100vw, 277px\" \/><\/p>\n<p><\/p>","protected":false},"excerpt":{"rendered":"<p>&nbsp; Da 12 anni il gruppo Kalarash esplora la musica tradizionale dell&#8217;Europa orientale e dei Balcani. Composto da 5 musicisti, Kalarash si esibisce regolarmente in Francia ed all&#8217;estero. Il nome<\/p>\n","protected":false},"author":5,"featured_media":94707,"comment_status":"closed","ping_status":"closed","sticky":false,"template":"","format":"standard","meta":{"_acf_changed":false,"footnotes":""},"categories":[811,1343,1379,1371],"tags":[2224],"technique":[],"squelettes":[],"sujet":[],"formation":[],"genre":[],"fonds":[],"tradition":[],"type-de-contenu":[],"interprete-compositeur":[],"frise":[],"type-devenement":[],"tableaux-liens-externes":[],"class_list":["post-94208","post","type-post","status-publish","format-standard","has-post-thumbnail","hentry","category-actualites","category-attualita-it","category-concerti-manifestazioni-it","category-manifestazioni-it","tag-eventi-iemj-it"],"acf":[],"yoast_head":"<!-- This site is optimized with the Yoast SEO plugin v27.3 - https:\/\/yoast.com\/product\/yoast-seo-wordpress\/ -->\n<title>Concerto per il RILASCIO DELL&#039;ALBUM Kalarash - Institut Europ\u00e9en des Musiques Juives<\/title>\n<meta name=\"robots\" content=\"index, follow, max-snippet:-1, max-image-preview:large, max-video-preview:-1\" \/>\n<link rel=\"canonical\" href=\"https:\/\/www.iemj.org\/it\/concert-de-sortie-dalbum-kalarash\/\" \/>\n<meta property=\"og:locale\" content=\"it_IT\" \/>\n<meta property=\"og:type\" content=\"article\" \/>\n<meta property=\"og:title\" content=\"Concerto per il RILASCIO DELL&#039;ALBUM Kalarash - Institut Europ\u00e9en des Musiques Juives\" \/>\n<meta property=\"og:description\" content=\"&nbsp; Da 12 anni il gruppo Kalarash esplora la musica tradizionale dell&#8217;Europa orientale e dei Balcani. Composto da 5 musicisti, Kalarash si esibisce regolarmente in Francia ed all&#8217;estero. Il nome\" \/>\n<meta property=\"og:url\" content=\"https:\/\/www.iemj.org\/it\/concert-de-sortie-dalbum-kalarash\/\" \/>\n<meta property=\"og:site_name\" content=\"Institut Europ\u00e9en des Musiques Juives\" \/>\n<meta property=\"article:publisher\" content=\"https:\/\/www.facebook.com\/MusiquesJuives\/\" \/>\n<meta property=\"article:published_time\" content=\"2023-02-14T12:01:50+00:00\" \/>\n<meta property=\"article:modified_time\" content=\"2023-02-23T08:58:26+00:00\" \/>\n<meta property=\"og:image\" content=\"https:\/\/www.iemj.org\/wp-content\/uploads\/2023\/02\/kALARASH-e1677141616195.jpg\" \/>\n\t<meta property=\"og:image:width\" content=\"500\" \/>\n\t<meta property=\"og:image:height\" content=\"500\" \/>\n\t<meta property=\"og:image:type\" content=\"image\/jpeg\" \/>\n<meta name=\"author\" content=\"Jacqueline ROTEN\" \/>\n<meta name=\"twitter:card\" content=\"summary_large_image\" \/>\n<meta name=\"twitter:label1\" content=\"Scritto da\" \/>\n\t<meta name=\"twitter:data1\" content=\"Jacqueline ROTEN\" \/>\n\t<meta name=\"twitter:label2\" content=\"Tempo di lettura stimato\" \/>\n\t<meta name=\"twitter:data2\" content=\"2 minuti\" \/>\n<script type=\"application\/ld+json\" class=\"yoast-schema-graph\">{\"@context\":\"https:\\\/\\\/schema.org\",\"@graph\":[{\"@type\":\"Article\",\"@id\":\"https:\\\/\\\/www.iemj.org\\\/it\\\/concert-de-sortie-dalbum-kalarash\\\/#article\",\"isPartOf\":{\"@id\":\"https:\\\/\\\/www.iemj.org\\\/it\\\/concert-de-sortie-dalbum-kalarash\\\/\"},\"author\":{\"name\":\"Jacqueline ROTEN\",\"@id\":\"https:\\\/\\\/www.iemj.org\\\/it\\\/#\\\/schema\\\/person\\\/358e26c18aca017fcc4cc15437f7279c\"},\"headline\":\"Concerto per il RILASCIO DELL&#8217;ALBUM Kalarash\",\"datePublished\":\"2023-02-14T12:01:50+00:00\",\"dateModified\":\"2023-02-23T08:58:26+00:00\",\"mainEntityOfPage\":{\"@id\":\"https:\\\/\\\/www.iemj.org\\\/it\\\/concert-de-sortie-dalbum-kalarash\\\/\"},\"wordCount\":214,\"publisher\":{\"@id\":\"https:\\\/\\\/www.iemj.org\\\/it\\\/#organization\"},\"image\":{\"@id\":\"https:\\\/\\\/www.iemj.org\\\/it\\\/concert-de-sortie-dalbum-kalarash\\\/#primaryimage\"},\"thumbnailUrl\":\"https:\\\/\\\/www.iemj.org\\\/wp-content\\\/uploads\\\/2023\\\/02\\\/kALARASH-e1677141616195.jpg\",\"keywords\":[\"Eventi IEMJ\"],\"articleSection\":[\"Actualit\u00e9s\",\"Atttualit\u00e0\",\"Concerti\",\"Manifestazioni\"],\"inLanguage\":\"it-IT\"},{\"@type\":\"WebPage\",\"@id\":\"https:\\\/\\\/www.iemj.org\\\/it\\\/concert-de-sortie-dalbum-kalarash\\\/\",\"url\":\"https:\\\/\\\/www.iemj.org\\\/it\\\/concert-de-sortie-dalbum-kalarash\\\/\",\"name\":\"Concerto per il RILASCIO DELL'ALBUM Kalarash - Institut Europ\u00e9en des Musiques Juives\",\"isPartOf\":{\"@id\":\"https:\\\/\\\/www.iemj.org\\\/it\\\/#website\"},\"primaryImageOfPage\":{\"@id\":\"https:\\\/\\\/www.iemj.org\\\/it\\\/concert-de-sortie-dalbum-kalarash\\\/#primaryimage\"},\"image\":{\"@id\":\"https:\\\/\\\/www.iemj.org\\\/it\\\/concert-de-sortie-dalbum-kalarash\\\/#primaryimage\"},\"thumbnailUrl\":\"https:\\\/\\\/www.iemj.org\\\/wp-content\\\/uploads\\\/2023\\\/02\\\/kALARASH-e1677141616195.jpg\",\"datePublished\":\"2023-02-14T12:01:50+00:00\",\"dateModified\":\"2023-02-23T08:58:26+00:00\",\"breadcrumb\":{\"@id\":\"https:\\\/\\\/www.iemj.org\\\/it\\\/concert-de-sortie-dalbum-kalarash\\\/#breadcrumb\"},\"inLanguage\":\"it-IT\",\"potentialAction\":[{\"@type\":\"ReadAction\",\"target\":[\"https:\\\/\\\/www.iemj.org\\\/it\\\/concert-de-sortie-dalbum-kalarash\\\/\"]}]},{\"@type\":\"ImageObject\",\"inLanguage\":\"it-IT\",\"@id\":\"https:\\\/\\\/www.iemj.org\\\/it\\\/concert-de-sortie-dalbum-kalarash\\\/#primaryimage\",\"url\":\"https:\\\/\\\/www.iemj.org\\\/wp-content\\\/uploads\\\/2023\\\/02\\\/kALARASH-e1677141616195.jpg\",\"contentUrl\":\"https:\\\/\\\/www.iemj.org\\\/wp-content\\\/uploads\\\/2023\\\/02\\\/kALARASH-e1677141616195.jpg\",\"width\":500,\"height\":500},{\"@type\":\"BreadcrumbList\",\"@id\":\"https:\\\/\\\/www.iemj.org\\\/it\\\/concert-de-sortie-dalbum-kalarash\\\/#breadcrumb\",\"itemListElement\":[{\"@type\":\"ListItem\",\"position\":1,\"name\":\"Accueil\",\"item\":\"https:\\\/\\\/www.iemj.org\\\/it\\\/\"},{\"@type\":\"ListItem\",\"position\":2,\"name\":\"Concerto per il RILASCIO DELL&#8217;ALBUM Kalarash\"}]},{\"@type\":\"WebSite\",\"@id\":\"https:\\\/\\\/www.iemj.org\\\/it\\\/#website\",\"url\":\"https:\\\/\\\/www.iemj.org\\\/it\\\/\",\"name\":\"Institut Europ\u00e9en des Musiques Juives\",\"description\":\"Des traditions musicales \u00e0 la port\u00e9e de tous\",\"publisher\":{\"@id\":\"https:\\\/\\\/www.iemj.org\\\/it\\\/#organization\"},\"potentialAction\":[{\"@type\":\"SearchAction\",\"target\":{\"@type\":\"EntryPoint\",\"urlTemplate\":\"https:\\\/\\\/www.iemj.org\\\/it\\\/?s={search_term_string}\"},\"query-input\":{\"@type\":\"PropertyValueSpecification\",\"valueRequired\":true,\"valueName\":\"search_term_string\"}}],\"inLanguage\":\"it-IT\"},{\"@type\":\"Organization\",\"@id\":\"https:\\\/\\\/www.iemj.org\\\/it\\\/#organization\",\"name\":\"Institut Europ\u00e9en des Musiques Juives\",\"url\":\"https:\\\/\\\/www.iemj.org\\\/it\\\/\",\"logo\":{\"@type\":\"ImageObject\",\"inLanguage\":\"it-IT\",\"@id\":\"https:\\\/\\\/www.iemj.org\\\/it\\\/#\\\/schema\\\/logo\\\/image\\\/\",\"url\":\"https:\\\/\\\/www.iemj.org\\\/wp-content\\\/uploads\\\/2021\\\/09\\\/Logo-IEMJ-Paypal.jpg\",\"contentUrl\":\"https:\\\/\\\/www.iemj.org\\\/wp-content\\\/uploads\\\/2021\\\/09\\\/Logo-IEMJ-Paypal.jpg\",\"width\":150,\"height\":50,\"caption\":\"Institut Europ\u00e9en des Musiques Juives\"},\"image\":{\"@id\":\"https:\\\/\\\/www.iemj.org\\\/it\\\/#\\\/schema\\\/logo\\\/image\\\/\"},\"sameAs\":[\"https:\\\/\\\/www.facebook.com\\\/MusiquesJuives\\\/\",\"https:\\\/\\\/www.instagram.com\\\/musiquesjuives\\\/\",\"https:\\\/\\\/www.youtube.com\\\/user\\\/musiquesjuives\"]},{\"@type\":\"Person\",\"@id\":\"https:\\\/\\\/www.iemj.org\\\/it\\\/#\\\/schema\\\/person\\\/358e26c18aca017fcc4cc15437f7279c\",\"name\":\"Jacqueline ROTEN\",\"image\":{\"@type\":\"ImageObject\",\"inLanguage\":\"it-IT\",\"@id\":\"https:\\\/\\\/secure.gravatar.com\\\/avatar\\\/5964256d6c6957de3a3505278957e0fb2a35119ac47ea41827a65301213c810b?s=96&d=mm&r=g\",\"url\":\"https:\\\/\\\/secure.gravatar.com\\\/avatar\\\/5964256d6c6957de3a3505278957e0fb2a35119ac47ea41827a65301213c810b?s=96&d=mm&r=g\",\"contentUrl\":\"https:\\\/\\\/secure.gravatar.com\\\/avatar\\\/5964256d6c6957de3a3505278957e0fb2a35119ac47ea41827a65301213c810b?s=96&d=mm&r=g\",\"caption\":\"Jacqueline ROTEN\"}}]}<\/script>\n<!-- \/ Yoast SEO plugin. -->","yoast_head_json":{"title":"Concerto per il RILASCIO DELL'ALBUM Kalarash - Institut Europ\u00e9en des Musiques Juives","robots":{"index":"index","follow":"follow","max-snippet":"max-snippet:-1","max-image-preview":"max-image-preview:large","max-video-preview":"max-video-preview:-1"},"canonical":"https:\/\/www.iemj.org\/it\/concert-de-sortie-dalbum-kalarash\/","og_locale":"it_IT","og_type":"article","og_title":"Concerto per il RILASCIO DELL'ALBUM Kalarash - Institut Europ\u00e9en des Musiques Juives","og_description":"&nbsp; Da 12 anni il gruppo Kalarash esplora la musica tradizionale dell&#8217;Europa orientale e dei Balcani. Composto da 5 musicisti, Kalarash si esibisce regolarmente in Francia ed all&#8217;estero. Il nome","og_url":"https:\/\/www.iemj.org\/it\/concert-de-sortie-dalbum-kalarash\/","og_site_name":"Institut Europ\u00e9en des Musiques Juives","article_publisher":"https:\/\/www.facebook.com\/MusiquesJuives\/","article_published_time":"2023-02-14T12:01:50+00:00","article_modified_time":"2023-02-23T08:58:26+00:00","og_image":[{"width":500,"height":500,"url":"https:\/\/www.iemj.org\/wp-content\/uploads\/2023\/02\/kALARASH-e1677141616195.jpg","type":"image\/jpeg"}],"author":"Jacqueline ROTEN","twitter_card":"summary_large_image","twitter_misc":{"Scritto da":"Jacqueline ROTEN","Tempo di lettura stimato":"2 minuti"},"schema":{"@context":"https:\/\/schema.org","@graph":[{"@type":"Article","@id":"https:\/\/www.iemj.org\/it\/concert-de-sortie-dalbum-kalarash\/#article","isPartOf":{"@id":"https:\/\/www.iemj.org\/it\/concert-de-sortie-dalbum-kalarash\/"},"author":{"name":"Jacqueline ROTEN","@id":"https:\/\/www.iemj.org\/it\/#\/schema\/person\/358e26c18aca017fcc4cc15437f7279c"},"headline":"Concerto per il RILASCIO DELL&#8217;ALBUM Kalarash","datePublished":"2023-02-14T12:01:50+00:00","dateModified":"2023-02-23T08:58:26+00:00","mainEntityOfPage":{"@id":"https:\/\/www.iemj.org\/it\/concert-de-sortie-dalbum-kalarash\/"},"wordCount":214,"publisher":{"@id":"https:\/\/www.iemj.org\/it\/#organization"},"image":{"@id":"https:\/\/www.iemj.org\/it\/concert-de-sortie-dalbum-kalarash\/#primaryimage"},"thumbnailUrl":"https:\/\/www.iemj.org\/wp-content\/uploads\/2023\/02\/kALARASH-e1677141616195.jpg","keywords":["Eventi IEMJ"],"articleSection":["Actualit\u00e9s","Atttualit\u00e0","Concerti","Manifestazioni"],"inLanguage":"it-IT"},{"@type":"WebPage","@id":"https:\/\/www.iemj.org\/it\/concert-de-sortie-dalbum-kalarash\/","url":"https:\/\/www.iemj.org\/it\/concert-de-sortie-dalbum-kalarash\/","name":"Concerto per il RILASCIO DELL'ALBUM Kalarash - Institut Europ\u00e9en des Musiques Juives","isPartOf":{"@id":"https:\/\/www.iemj.org\/it\/#website"},"primaryImageOfPage":{"@id":"https:\/\/www.iemj.org\/it\/concert-de-sortie-dalbum-kalarash\/#primaryimage"},"image":{"@id":"https:\/\/www.iemj.org\/it\/concert-de-sortie-dalbum-kalarash\/#primaryimage"},"thumbnailUrl":"https:\/\/www.iemj.org\/wp-content\/uploads\/2023\/02\/kALARASH-e1677141616195.jpg","datePublished":"2023-02-14T12:01:50+00:00","dateModified":"2023-02-23T08:58:26+00:00","breadcrumb":{"@id":"https:\/\/www.iemj.org\/it\/concert-de-sortie-dalbum-kalarash\/#breadcrumb"},"inLanguage":"it-IT","potentialAction":[{"@type":"ReadAction","target":["https:\/\/www.iemj.org\/it\/concert-de-sortie-dalbum-kalarash\/"]}]},{"@type":"ImageObject","inLanguage":"it-IT","@id":"https:\/\/www.iemj.org\/it\/concert-de-sortie-dalbum-kalarash\/#primaryimage","url":"https:\/\/www.iemj.org\/wp-content\/uploads\/2023\/02\/kALARASH-e1677141616195.jpg","contentUrl":"https:\/\/www.iemj.org\/wp-content\/uploads\/2023\/02\/kALARASH-e1677141616195.jpg","width":500,"height":500},{"@type":"BreadcrumbList","@id":"https:\/\/www.iemj.org\/it\/concert-de-sortie-dalbum-kalarash\/#breadcrumb","itemListElement":[{"@type":"ListItem","position":1,"name":"Accueil","item":"https:\/\/www.iemj.org\/it\/"},{"@type":"ListItem","position":2,"name":"Concerto per il RILASCIO DELL&#8217;ALBUM Kalarash"}]},{"@type":"WebSite","@id":"https:\/\/www.iemj.org\/it\/#website","url":"https:\/\/www.iemj.org\/it\/","name":"Institut Europ\u00e9en des Musiques Juives","description":"Des traditions musicales \u00e0 la port\u00e9e de tous","publisher":{"@id":"https:\/\/www.iemj.org\/it\/#organization"},"potentialAction":[{"@type":"SearchAction","target":{"@type":"EntryPoint","urlTemplate":"https:\/\/www.iemj.org\/it\/?s={search_term_string}"},"query-input":{"@type":"PropertyValueSpecification","valueRequired":true,"valueName":"search_term_string"}}],"inLanguage":"it-IT"},{"@type":"Organization","@id":"https:\/\/www.iemj.org\/it\/#organization","name":"Institut Europ\u00e9en des Musiques Juives","url":"https:\/\/www.iemj.org\/it\/","logo":{"@type":"ImageObject","inLanguage":"it-IT","@id":"https:\/\/www.iemj.org\/it\/#\/schema\/logo\/image\/","url":"https:\/\/www.iemj.org\/wp-content\/uploads\/2021\/09\/Logo-IEMJ-Paypal.jpg","contentUrl":"https:\/\/www.iemj.org\/wp-content\/uploads\/2021\/09\/Logo-IEMJ-Paypal.jpg","width":150,"height":50,"caption":"Institut Europ\u00e9en des Musiques Juives"},"image":{"@id":"https:\/\/www.iemj.org\/it\/#\/schema\/logo\/image\/"},"sameAs":["https:\/\/www.facebook.com\/MusiquesJuives\/","https:\/\/www.instagram.com\/musiquesjuives\/","https:\/\/www.youtube.com\/user\/musiquesjuives"]},{"@type":"Person","@id":"https:\/\/www.iemj.org\/it\/#\/schema\/person\/358e26c18aca017fcc4cc15437f7279c","name":"Jacqueline ROTEN","image":{"@type":"ImageObject","inLanguage":"it-IT","@id":"https:\/\/secure.gravatar.com\/avatar\/5964256d6c6957de3a3505278957e0fb2a35119ac47ea41827a65301213c810b?s=96&d=mm&r=g","url":"https:\/\/secure.gravatar.com\/avatar\/5964256d6c6957de3a3505278957e0fb2a35119ac47ea41827a65301213c810b?s=96&d=mm&r=g","contentUrl":"https:\/\/secure.gravatar.com\/avatar\/5964256d6c6957de3a3505278957e0fb2a35119ac47ea41827a65301213c810b?s=96&d=mm&r=g","caption":"Jacqueline ROTEN"}}]}},"_links":{"self":[{"href":"https:\/\/www.iemj.org\/it\/wp-json\/wp\/v2\/posts\/94208","targetHints":{"allow":["GET"]}}],"collection":[{"href":"https:\/\/www.iemj.org\/it\/wp-json\/wp\/v2\/posts"}],"about":[{"href":"https:\/\/www.iemj.org\/it\/wp-json\/wp\/v2\/types\/post"}],"author":[{"embeddable":true,"href":"https:\/\/www.iemj.org\/it\/wp-json\/wp\/v2\/users\/5"}],"replies":[{"embeddable":true,"href":"https:\/\/www.iemj.org\/it\/wp-json\/wp\/v2\/comments?post=94208"}],"version-history":[{"count":0,"href":"https:\/\/www.iemj.org\/it\/wp-json\/wp\/v2\/posts\/94208\/revisions"}],"wp:featuredmedia":[{"embeddable":true,"href":"https:\/\/www.iemj.org\/it\/wp-json\/wp\/v2\/media\/94707"}],"wp:attachment":[{"href":"https:\/\/www.iemj.org\/it\/wp-json\/wp\/v2\/media?parent=94208"}],"wp:term":[{"taxonomy":"category","embeddable":true,"href":"https:\/\/www.iemj.org\/it\/wp-json\/wp\/v2\/categories?post=94208"},{"taxonomy":"post_tag","embeddable":true,"href":"https:\/\/www.iemj.org\/it\/wp-json\/wp\/v2\/tags?post=94208"},{"taxonomy":"technique","embeddable":true,"href":"https:\/\/www.iemj.org\/it\/wp-json\/wp\/v2\/technique?post=94208"},{"taxonomy":"squelettes","embeddable":true,"href":"https:\/\/www.iemj.org\/it\/wp-json\/wp\/v2\/squelettes?post=94208"},{"taxonomy":"sujet","embeddable":true,"href":"https:\/\/www.iemj.org\/it\/wp-json\/wp\/v2\/sujet?post=94208"},{"taxonomy":"formation","embeddable":true,"href":"https:\/\/www.iemj.org\/it\/wp-json\/wp\/v2\/formation?post=94208"},{"taxonomy":"genre","embeddable":true,"href":"https:\/\/www.iemj.org\/it\/wp-json\/wp\/v2\/genre?post=94208"},{"taxonomy":"fonds","embeddable":true,"href":"https:\/\/www.iemj.org\/it\/wp-json\/wp\/v2\/fonds?post=94208"},{"taxonomy":"tradition","embeddable":true,"href":"https:\/\/www.iemj.org\/it\/wp-json\/wp\/v2\/tradition?post=94208"},{"taxonomy":"type-de-contenu","embeddable":true,"href":"https:\/\/www.iemj.org\/it\/wp-json\/wp\/v2\/type-de-contenu?post=94208"},{"taxonomy":"interprete-compositeur","embeddable":true,"href":"https:\/\/www.iemj.org\/it\/wp-json\/wp\/v2\/interprete-compositeur?post=94208"},{"taxonomy":"frise","embeddable":true,"href":"https:\/\/www.iemj.org\/it\/wp-json\/wp\/v2\/frise?post=94208"},{"taxonomy":"type-devenement","embeddable":true,"href":"https:\/\/www.iemj.org\/it\/wp-json\/wp\/v2\/type-devenement?post=94208"},{"taxonomy":"tableaux-liens-externes","embeddable":true,"href":"https:\/\/www.iemj.org\/it\/wp-json\/wp\/v2\/tableaux-liens-externes?post=94208"}],"curies":[{"name":"wp","href":"https:\/\/api.w.org\/{rel}","templated":true}]}}