{"id":94654,"date":"2023-02-20T15:27:32","date_gmt":"2023-02-20T14:27:32","guid":{"rendered":"https:\/\/www.iemj.org\/publication-de-10-nouvelles-partitions-pour-voix-ou-choeur-et-piano-de-itai-daniel\/"},"modified":"2025-08-28T16:14:25","modified_gmt":"2025-08-28T14:14:25","slug":"publication-de-10-nouvelles-partitions-pour-voix-ou-choeur-et-piano-de-itai-daniel","status":"publish","type":"post","link":"https:\/\/www.iemj.org\/it\/publication-de-10-nouvelles-partitions-pour-voix-ou-choeur-et-piano-de-itai-daniel\/","title":{"rendered":"Pubblicazione di 10 nuovi spartiti per voce o coro e pianoforte di Itai Daniel"},"content":{"rendered":"<p>Le Edizioni dell&#8217;IEMJ sono liete di annunciare la pubblicazione di dieci nuovi spartiti inediti di <a href=\"https:\/\/www.iemj.org\/it\/daniel-itai-1967\/\" target=\"_blank\" rel=\"noopener\">lta\u00ef Daniel<\/a>.<\/p>\n<p>Compositore, pianista, direttore d&#8217;orchestra, nato in Israele, Ita\u00ef Daniel si \u00e8 stabilito in Francia nel 2004. Direttore dell\u2019<a href=\"https:\/\/www.iemj.org\/lensemble-choral-copernic-et-voci-copernic\/\" target=\"_blank\" rel=\"noopener\">Ensemble Choral Copernic<\/a> dal 2009, ha composto numerosi brani legati alla liturgia ebraica. Tra le sue opere principali figurano tre grandi cantate: <a href=\"https:\/\/www.iemj.org\/it\/itai-daniel-mahzor-hayim\/\" target=\"_blank\" rel=\"noopener\">Machzor Chay\u00efm<\/a>, Shma Koleinou e B&#8217;reish\u00eft e numerosi brani di musica liturgica e popolare ebraica (Yotzer, Haskivenou, Shalom Rav, Grand Kaddish, Oseh Shalom, Adon Olam&#8230;).<\/p>\n<p>Dal 2018, Les Editions dell&#8217;IEMJ hanno pubblicato pi\u00f9 di 20 opere di Itai Daniel. Queste 10 nuovi spartiti, sono pubblicati in <strong>4 raccolte, da ordinare in formato cartaceo o digitale<\/strong>:<\/p>\n<ul>\n<li>\n<h3><a href=\"https:\/\/www.iemj.org\/it\/produit\/daniel-ani-maamin-for-women-or-children-choir\/\" target=\"_blank\" rel=\"noopener\">Ani Maamin, <\/a><a href=\"https:\/\/www.iemj.org\/it\/produit\/daniel-ani-maamin-for-women-or-children-choir\/\" target=\"_blank\" rel=\"noopener\">per coro di donne o bambini<\/a><\/h3>\n<\/li>\n<li>\n<h3><a href=\"https:\/\/www.iemj.org\/it\/produit\/daniel-khatzi-kaddish-for-choir-and-piano-optional\/\" target=\"_blank\" rel=\"noopener\">Khatzi Kaddish, per coro e pianoforte (opzionale)<\/a><\/h3>\n<\/li>\n<li>\n<h3><a href=\"https:\/\/www.iemj.org\/it\/produit\/daniel-shalom-rav-al-yisrael-amkha-for-choir-and-piano\/\" target=\"_blank\" rel=\"noopener\">Shalom Rav Al Yisrael Amkha, per coro e pianoforte<\/a><\/h3>\n<\/li>\n<li>\n<h3><a href=\"https:\/\/www.iemj.org\/it\/produit\/daniel-seven-shabbat-feast-and-mourning-melodies-for-voice-and-piano\/\" target=\"_blank\" rel=\"noopener\">Sette melodie liturgiche per Shabbat, feste e lutto, per voce e pianoforte:<\/a><\/h3>\n<\/li>\n<\/ul>\n<ol>\n<li style=\"list-style-type: none;\">\n<ol>\n<li><strong>Shalom Rav Al Yisrael Amkha<\/strong><\/li>\n<li><strong>Sim Shalom<\/strong><\/li>\n<li><strong>Shalom Aleikhem<\/strong><\/li>\n<li><strong>Or Zaru\u2019a laTzadik<\/strong><\/li>\n<li><strong>El Male Rakhamim<\/strong><\/li>\n<li><strong>Hinakh Yafa Ra\u2019ayati<\/strong><\/li>\n<li><strong>Lekha Dodi (con accompagnamento di chitarra opzionale)<\/strong><\/li>\n<\/ol>\n<\/li>\n<\/ol>\n\n\n<hr class=\"wp-block-separator has-alpha-channel-opacity\"\/>\n\n\n<h3>Consultare tutti gli <a href=\"https:\/\/www.iemj.org\/it\/categorie-produit\/spartiti-it\/compositori-it\/daniel-itai-it\/\" target=\"_blank\" rel=\"noopener\">spartiti di Ita\u00ef Daniel sul negozio online dell<strong>\u2019IEMJ<\/strong><\/a><\/h3>\n\n\n<hr class=\"wp-block-separator has-alpha-channel-opacity\"\/>\n\n\n\n<div class=\"wp-block-columns is-layout-flex wp-container-core-columns-is-layout-9d6595d7 wp-block-columns-is-layout-flex\">\n<div class=\"wp-block-column is-layout-flow wp-block-column-is-layout-flow\" style=\"flex-basis:33.33%\"><div class=\"wp-block-image\">\n<figure class=\"aligncenter size-full is-resized\"><a href=\"https:\/\/www.iemj.org\/it\/produit\/itai-daniel-mahzor-hayim\/\" target=\"_blank\" rel=\"noreferrer noopener\"><img fetchpriority=\"high\" decoding=\"async\" width=\"350\" height=\"314\" src=\"https:\/\/www.iemj.org\/wp-content\/uploads\/2018\/10\/CDC5.jpg\" alt=\"\" class=\"wp-image-50686\" style=\"width:226px;height:193px\" srcset=\"https:\/\/www.iemj.org\/wp-content\/uploads\/2018\/10\/CDC5.jpg 350w, https:\/\/www.iemj.org\/wp-content\/uploads\/2018\/10\/CDC5-300x269.jpg 300w\" sizes=\"(max-width: 350px) 100vw, 350px\" \/><\/a><\/figure>\n<\/div><\/div>\n\n\n\n<div class=\"wp-block-column is-vertically-aligned-center is-layout-flow wp-block-column-is-layout-flow\" style=\"flex-basis:66.66%\">\n<div class=\"wp-block-buttons alignfull is-content-justification-center is-layout-flex wp-container-core-buttons-is-layout-16018d1d wp-block-buttons-is-layout-flex\">\n<div class=\"wp-block-button\"><a class=\"wp-block-button__link has-background wp-element-button\" href=\"https:\/\/www.iemj.org\/it\/produit\/itai-daniel-mahzor-hayim\/\" style=\"background-color:#e1645a\" target=\"_blank\" rel=\"noreferrer noopener\">Ordinare il CD di Ita\u00ef Daniel, <strong>MAHZOR HAYIM<\/strong><\/a><\/div>\n<\/div>\n<\/div>\n<\/div>\n\n\n<div class=\"wp-block-image\">\n<figure class=\"aligncenter size-large\"><img decoding=\"async\" width=\"1024\" height=\"133\" src=\"https:\/\/www.iemj.org\/wp-content\/uploads\/2024\/03\/AUDIO-PLAYER-1024x133.png\" alt=\"\" class=\"wp-image-110609\" srcset=\"https:\/\/www.iemj.org\/wp-content\/uploads\/2024\/03\/AUDIO-PLAYER-1024x133.png 1024w, https:\/\/www.iemj.org\/wp-content\/uploads\/2024\/03\/AUDIO-PLAYER-300x39.png 300w, https:\/\/www.iemj.org\/wp-content\/uploads\/2024\/03\/AUDIO-PLAYER-768x100.png 768w, https:\/\/www.iemj.org\/wp-content\/uploads\/2024\/03\/AUDIO-PLAYER-600x78.png 600w, https:\/\/www.iemj.org\/wp-content\/uploads\/2024\/03\/AUDIO-PLAYER.png 1210w\" sizes=\"(max-width: 1024px) 100vw, 1024px\" \/><\/figure>\n<\/div>","protected":false},"excerpt":{"rendered":"<p>Le Edizioni dell&#8217;IEMJ sono liete di annunciare la pubblicazione di dieci nuovi spartiti inediti di lta\u00ef Daniel. Compositore, pianista, direttore d&#8217;orchestra, nato in Israele, Ita\u00ef Daniel si \u00e8 stabilito in<\/p>\n","protected":false},"author":5,"featured_media":94589,"comment_status":"closed","ping_status":"closed","sticky":false,"template":"","format":"standard","meta":{"_acf_changed":false,"footnotes":""},"categories":[1361,1397],"tags":[],"technique":[],"squelettes":[],"sujet":[],"formation":[],"genre":[1901],"fonds":[],"tradition":[],"type-de-contenu":[],"interprete-compositeur":[3182],"frise":[],"type-devenement":[],"tableaux-liens-externes":[],"class_list":["post-94654","post","type-post","status-publish","format-standard","has-post-thumbnail","hentry","category-pubblicazioni-it","category-spartiti-iemj-it","genre-musica-classica-it","interprete-compositeur-itai-daniel-it-2"],"acf":[],"yoast_head":"<!-- This site is optimized with the Yoast SEO plugin v27.3 - https:\/\/yoast.com\/product\/yoast-seo-wordpress\/ -->\n<title>Pubblicazione di 10 nuovi spartiti per voce o coro e pianoforte di Itai Daniel - Institut Europ\u00e9en des Musiques Juives<\/title>\n<meta name=\"robots\" content=\"index, follow, max-snippet:-1, max-image-preview:large, max-video-preview:-1\" \/>\n<link rel=\"canonical\" href=\"https:\/\/www.iemj.org\/it\/publication-de-10-nouvelles-partitions-pour-voix-ou-choeur-et-piano-de-itai-daniel\/\" \/>\n<meta property=\"og:locale\" content=\"it_IT\" \/>\n<meta property=\"og:type\" content=\"article\" \/>\n<meta property=\"og:title\" content=\"Pubblicazione di 10 nuovi spartiti per voce o coro e pianoforte di Itai Daniel - Institut Europ\u00e9en des Musiques Juives\" \/>\n<meta property=\"og:description\" content=\"Le Edizioni dell&#8217;IEMJ sono liete di annunciare la pubblicazione di dieci nuovi spartiti inediti di lta\u00ef Daniel. Compositore, pianista, direttore d&#8217;orchestra, nato in Israele, Ita\u00ef Daniel si \u00e8 stabilito in\" \/>\n<meta property=\"og:url\" content=\"https:\/\/www.iemj.org\/it\/publication-de-10-nouvelles-partitions-pour-voix-ou-choeur-et-piano-de-itai-daniel\/\" \/>\n<meta property=\"og:site_name\" content=\"Institut Europ\u00e9en des Musiques Juives\" \/>\n<meta property=\"article:publisher\" content=\"https:\/\/www.facebook.com\/MusiquesJuives\/\" \/>\n<meta property=\"article:published_time\" content=\"2023-02-20T14:27:32+00:00\" \/>\n<meta property=\"article:modified_time\" content=\"2025-08-28T14:14:25+00:00\" \/>\n<meta property=\"og:image\" content=\"https:\/\/www.iemj.org\/wp-content\/uploads\/2023\/02\/Logo-article-e1677502666943.jpg\" \/>\n\t<meta property=\"og:image:width\" content=\"1800\" \/>\n\t<meta property=\"og:image:height\" content=\"1800\" \/>\n\t<meta property=\"og:image:type\" content=\"image\/jpeg\" \/>\n<meta name=\"author\" content=\"Jacqueline ROTEN\" \/>\n<meta name=\"twitter:card\" content=\"summary_large_image\" \/>\n<meta name=\"twitter:label1\" content=\"Scritto da\" \/>\n\t<meta name=\"twitter:data1\" content=\"Jacqueline ROTEN\" \/>\n\t<meta name=\"twitter:label2\" content=\"Tempo di lettura stimato\" \/>\n\t<meta name=\"twitter:data2\" content=\"2 minuti\" \/>\n<script type=\"application\/ld+json\" class=\"yoast-schema-graph\">{\"@context\":\"https:\\\/\\\/schema.org\",\"@graph\":[{\"@type\":\"Article\",\"@id\":\"https:\\\/\\\/www.iemj.org\\\/it\\\/publication-de-10-nouvelles-partitions-pour-voix-ou-choeur-et-piano-de-itai-daniel\\\/#article\",\"isPartOf\":{\"@id\":\"https:\\\/\\\/www.iemj.org\\\/it\\\/publication-de-10-nouvelles-partitions-pour-voix-ou-choeur-et-piano-de-itai-daniel\\\/\"},\"author\":{\"name\":\"Jacqueline ROTEN\",\"@id\":\"https:\\\/\\\/www.iemj.org\\\/it\\\/#\\\/schema\\\/person\\\/358e26c18aca017fcc4cc15437f7279c\"},\"headline\":\"Pubblicazione di 10 nuovi spartiti per voce o coro e pianoforte di Itai Daniel\",\"datePublished\":\"2023-02-20T14:27:32+00:00\",\"dateModified\":\"2025-08-28T14:14:25+00:00\",\"mainEntityOfPage\":{\"@id\":\"https:\\\/\\\/www.iemj.org\\\/it\\\/publication-de-10-nouvelles-partitions-pour-voix-ou-choeur-et-piano-de-itai-daniel\\\/\"},\"wordCount\":207,\"publisher\":{\"@id\":\"https:\\\/\\\/www.iemj.org\\\/it\\\/#organization\"},\"image\":{\"@id\":\"https:\\\/\\\/www.iemj.org\\\/it\\\/publication-de-10-nouvelles-partitions-pour-voix-ou-choeur-et-piano-de-itai-daniel\\\/#primaryimage\"},\"thumbnailUrl\":\"https:\\\/\\\/www.iemj.org\\\/wp-content\\\/uploads\\\/2023\\\/02\\\/Logo-article-e1677502666943.jpg\",\"articleSection\":[\"Pubblicazioni\",\"Spartiti IEMJ\"],\"inLanguage\":\"it-IT\"},{\"@type\":\"WebPage\",\"@id\":\"https:\\\/\\\/www.iemj.org\\\/it\\\/publication-de-10-nouvelles-partitions-pour-voix-ou-choeur-et-piano-de-itai-daniel\\\/\",\"url\":\"https:\\\/\\\/www.iemj.org\\\/it\\\/publication-de-10-nouvelles-partitions-pour-voix-ou-choeur-et-piano-de-itai-daniel\\\/\",\"name\":\"Pubblicazione di 10 nuovi spartiti per voce o coro e pianoforte di Itai Daniel - Institut Europ\u00e9en des Musiques Juives\",\"isPartOf\":{\"@id\":\"https:\\\/\\\/www.iemj.org\\\/it\\\/#website\"},\"primaryImageOfPage\":{\"@id\":\"https:\\\/\\\/www.iemj.org\\\/it\\\/publication-de-10-nouvelles-partitions-pour-voix-ou-choeur-et-piano-de-itai-daniel\\\/#primaryimage\"},\"image\":{\"@id\":\"https:\\\/\\\/www.iemj.org\\\/it\\\/publication-de-10-nouvelles-partitions-pour-voix-ou-choeur-et-piano-de-itai-daniel\\\/#primaryimage\"},\"thumbnailUrl\":\"https:\\\/\\\/www.iemj.org\\\/wp-content\\\/uploads\\\/2023\\\/02\\\/Logo-article-e1677502666943.jpg\",\"datePublished\":\"2023-02-20T14:27:32+00:00\",\"dateModified\":\"2025-08-28T14:14:25+00:00\",\"breadcrumb\":{\"@id\":\"https:\\\/\\\/www.iemj.org\\\/it\\\/publication-de-10-nouvelles-partitions-pour-voix-ou-choeur-et-piano-de-itai-daniel\\\/#breadcrumb\"},\"inLanguage\":\"it-IT\",\"potentialAction\":[{\"@type\":\"ReadAction\",\"target\":[\"https:\\\/\\\/www.iemj.org\\\/it\\\/publication-de-10-nouvelles-partitions-pour-voix-ou-choeur-et-piano-de-itai-daniel\\\/\"]}]},{\"@type\":\"ImageObject\",\"inLanguage\":\"it-IT\",\"@id\":\"https:\\\/\\\/www.iemj.org\\\/it\\\/publication-de-10-nouvelles-partitions-pour-voix-ou-choeur-et-piano-de-itai-daniel\\\/#primaryimage\",\"url\":\"https:\\\/\\\/www.iemj.org\\\/wp-content\\\/uploads\\\/2023\\\/02\\\/Logo-article-e1677502666943.jpg\",\"contentUrl\":\"https:\\\/\\\/www.iemj.org\\\/wp-content\\\/uploads\\\/2023\\\/02\\\/Logo-article-e1677502666943.jpg\",\"width\":1800,\"height\":1800},{\"@type\":\"BreadcrumbList\",\"@id\":\"https:\\\/\\\/www.iemj.org\\\/it\\\/publication-de-10-nouvelles-partitions-pour-voix-ou-choeur-et-piano-de-itai-daniel\\\/#breadcrumb\",\"itemListElement\":[{\"@type\":\"ListItem\",\"position\":1,\"name\":\"Accueil\",\"item\":\"https:\\\/\\\/www.iemj.org\\\/it\\\/\"},{\"@type\":\"ListItem\",\"position\":2,\"name\":\"Pubblicazione di 10 nuovi spartiti per voce o coro e pianoforte di Itai Daniel\"}]},{\"@type\":\"WebSite\",\"@id\":\"https:\\\/\\\/www.iemj.org\\\/it\\\/#website\",\"url\":\"https:\\\/\\\/www.iemj.org\\\/it\\\/\",\"name\":\"Institut Europ\u00e9en des Musiques Juives\",\"description\":\"Des traditions musicales \u00e0 la port\u00e9e de tous\",\"publisher\":{\"@id\":\"https:\\\/\\\/www.iemj.org\\\/it\\\/#organization\"},\"potentialAction\":[{\"@type\":\"SearchAction\",\"target\":{\"@type\":\"EntryPoint\",\"urlTemplate\":\"https:\\\/\\\/www.iemj.org\\\/it\\\/?s={search_term_string}\"},\"query-input\":{\"@type\":\"PropertyValueSpecification\",\"valueRequired\":true,\"valueName\":\"search_term_string\"}}],\"inLanguage\":\"it-IT\"},{\"@type\":\"Organization\",\"@id\":\"https:\\\/\\\/www.iemj.org\\\/it\\\/#organization\",\"name\":\"Institut Europ\u00e9en des Musiques Juives\",\"url\":\"https:\\\/\\\/www.iemj.org\\\/it\\\/\",\"logo\":{\"@type\":\"ImageObject\",\"inLanguage\":\"it-IT\",\"@id\":\"https:\\\/\\\/www.iemj.org\\\/it\\\/#\\\/schema\\\/logo\\\/image\\\/\",\"url\":\"https:\\\/\\\/www.iemj.org\\\/wp-content\\\/uploads\\\/2021\\\/09\\\/Logo-IEMJ-Paypal.jpg\",\"contentUrl\":\"https:\\\/\\\/www.iemj.org\\\/wp-content\\\/uploads\\\/2021\\\/09\\\/Logo-IEMJ-Paypal.jpg\",\"width\":150,\"height\":50,\"caption\":\"Institut Europ\u00e9en des Musiques Juives\"},\"image\":{\"@id\":\"https:\\\/\\\/www.iemj.org\\\/it\\\/#\\\/schema\\\/logo\\\/image\\\/\"},\"sameAs\":[\"https:\\\/\\\/www.facebook.com\\\/MusiquesJuives\\\/\",\"https:\\\/\\\/www.instagram.com\\\/musiquesjuives\\\/\",\"https:\\\/\\\/www.youtube.com\\\/user\\\/musiquesjuives\"]},{\"@type\":\"Person\",\"@id\":\"https:\\\/\\\/www.iemj.org\\\/it\\\/#\\\/schema\\\/person\\\/358e26c18aca017fcc4cc15437f7279c\",\"name\":\"Jacqueline ROTEN\",\"image\":{\"@type\":\"ImageObject\",\"inLanguage\":\"it-IT\",\"@id\":\"https:\\\/\\\/secure.gravatar.com\\\/avatar\\\/5964256d6c6957de3a3505278957e0fb2a35119ac47ea41827a65301213c810b?s=96&d=mm&r=g\",\"url\":\"https:\\\/\\\/secure.gravatar.com\\\/avatar\\\/5964256d6c6957de3a3505278957e0fb2a35119ac47ea41827a65301213c810b?s=96&d=mm&r=g\",\"contentUrl\":\"https:\\\/\\\/secure.gravatar.com\\\/avatar\\\/5964256d6c6957de3a3505278957e0fb2a35119ac47ea41827a65301213c810b?s=96&d=mm&r=g\",\"caption\":\"Jacqueline ROTEN\"}}]}<\/script>\n<!-- \/ Yoast SEO plugin. -->","yoast_head_json":{"title":"Pubblicazione di 10 nuovi spartiti per voce o coro e pianoforte di Itai Daniel - Institut Europ\u00e9en des Musiques Juives","robots":{"index":"index","follow":"follow","max-snippet":"max-snippet:-1","max-image-preview":"max-image-preview:large","max-video-preview":"max-video-preview:-1"},"canonical":"https:\/\/www.iemj.org\/it\/publication-de-10-nouvelles-partitions-pour-voix-ou-choeur-et-piano-de-itai-daniel\/","og_locale":"it_IT","og_type":"article","og_title":"Pubblicazione di 10 nuovi spartiti per voce o coro e pianoforte di Itai Daniel - Institut Europ\u00e9en des Musiques Juives","og_description":"Le Edizioni dell&#8217;IEMJ sono liete di annunciare la pubblicazione di dieci nuovi spartiti inediti di lta\u00ef Daniel. Compositore, pianista, direttore d&#8217;orchestra, nato in Israele, Ita\u00ef Daniel si \u00e8 stabilito in","og_url":"https:\/\/www.iemj.org\/it\/publication-de-10-nouvelles-partitions-pour-voix-ou-choeur-et-piano-de-itai-daniel\/","og_site_name":"Institut Europ\u00e9en des Musiques Juives","article_publisher":"https:\/\/www.facebook.com\/MusiquesJuives\/","article_published_time":"2023-02-20T14:27:32+00:00","article_modified_time":"2025-08-28T14:14:25+00:00","og_image":[{"width":1800,"height":1800,"url":"https:\/\/www.iemj.org\/wp-content\/uploads\/2023\/02\/Logo-article-e1677502666943.jpg","type":"image\/jpeg"}],"author":"Jacqueline ROTEN","twitter_card":"summary_large_image","twitter_misc":{"Scritto da":"Jacqueline ROTEN","Tempo di lettura stimato":"2 minuti"},"schema":{"@context":"https:\/\/schema.org","@graph":[{"@type":"Article","@id":"https:\/\/www.iemj.org\/it\/publication-de-10-nouvelles-partitions-pour-voix-ou-choeur-et-piano-de-itai-daniel\/#article","isPartOf":{"@id":"https:\/\/www.iemj.org\/it\/publication-de-10-nouvelles-partitions-pour-voix-ou-choeur-et-piano-de-itai-daniel\/"},"author":{"name":"Jacqueline ROTEN","@id":"https:\/\/www.iemj.org\/it\/#\/schema\/person\/358e26c18aca017fcc4cc15437f7279c"},"headline":"Pubblicazione di 10 nuovi spartiti per voce o coro e pianoforte di Itai Daniel","datePublished":"2023-02-20T14:27:32+00:00","dateModified":"2025-08-28T14:14:25+00:00","mainEntityOfPage":{"@id":"https:\/\/www.iemj.org\/it\/publication-de-10-nouvelles-partitions-pour-voix-ou-choeur-et-piano-de-itai-daniel\/"},"wordCount":207,"publisher":{"@id":"https:\/\/www.iemj.org\/it\/#organization"},"image":{"@id":"https:\/\/www.iemj.org\/it\/publication-de-10-nouvelles-partitions-pour-voix-ou-choeur-et-piano-de-itai-daniel\/#primaryimage"},"thumbnailUrl":"https:\/\/www.iemj.org\/wp-content\/uploads\/2023\/02\/Logo-article-e1677502666943.jpg","articleSection":["Pubblicazioni","Spartiti IEMJ"],"inLanguage":"it-IT"},{"@type":"WebPage","@id":"https:\/\/www.iemj.org\/it\/publication-de-10-nouvelles-partitions-pour-voix-ou-choeur-et-piano-de-itai-daniel\/","url":"https:\/\/www.iemj.org\/it\/publication-de-10-nouvelles-partitions-pour-voix-ou-choeur-et-piano-de-itai-daniel\/","name":"Pubblicazione di 10 nuovi spartiti per voce o coro e pianoforte di Itai Daniel - Institut Europ\u00e9en des Musiques Juives","isPartOf":{"@id":"https:\/\/www.iemj.org\/it\/#website"},"primaryImageOfPage":{"@id":"https:\/\/www.iemj.org\/it\/publication-de-10-nouvelles-partitions-pour-voix-ou-choeur-et-piano-de-itai-daniel\/#primaryimage"},"image":{"@id":"https:\/\/www.iemj.org\/it\/publication-de-10-nouvelles-partitions-pour-voix-ou-choeur-et-piano-de-itai-daniel\/#primaryimage"},"thumbnailUrl":"https:\/\/www.iemj.org\/wp-content\/uploads\/2023\/02\/Logo-article-e1677502666943.jpg","datePublished":"2023-02-20T14:27:32+00:00","dateModified":"2025-08-28T14:14:25+00:00","breadcrumb":{"@id":"https:\/\/www.iemj.org\/it\/publication-de-10-nouvelles-partitions-pour-voix-ou-choeur-et-piano-de-itai-daniel\/#breadcrumb"},"inLanguage":"it-IT","potentialAction":[{"@type":"ReadAction","target":["https:\/\/www.iemj.org\/it\/publication-de-10-nouvelles-partitions-pour-voix-ou-choeur-et-piano-de-itai-daniel\/"]}]},{"@type":"ImageObject","inLanguage":"it-IT","@id":"https:\/\/www.iemj.org\/it\/publication-de-10-nouvelles-partitions-pour-voix-ou-choeur-et-piano-de-itai-daniel\/#primaryimage","url":"https:\/\/www.iemj.org\/wp-content\/uploads\/2023\/02\/Logo-article-e1677502666943.jpg","contentUrl":"https:\/\/www.iemj.org\/wp-content\/uploads\/2023\/02\/Logo-article-e1677502666943.jpg","width":1800,"height":1800},{"@type":"BreadcrumbList","@id":"https:\/\/www.iemj.org\/it\/publication-de-10-nouvelles-partitions-pour-voix-ou-choeur-et-piano-de-itai-daniel\/#breadcrumb","itemListElement":[{"@type":"ListItem","position":1,"name":"Accueil","item":"https:\/\/www.iemj.org\/it\/"},{"@type":"ListItem","position":2,"name":"Pubblicazione di 10 nuovi spartiti per voce o coro e pianoforte di Itai Daniel"}]},{"@type":"WebSite","@id":"https:\/\/www.iemj.org\/it\/#website","url":"https:\/\/www.iemj.org\/it\/","name":"Institut Europ\u00e9en des Musiques Juives","description":"Des traditions musicales \u00e0 la port\u00e9e de tous","publisher":{"@id":"https:\/\/www.iemj.org\/it\/#organization"},"potentialAction":[{"@type":"SearchAction","target":{"@type":"EntryPoint","urlTemplate":"https:\/\/www.iemj.org\/it\/?s={search_term_string}"},"query-input":{"@type":"PropertyValueSpecification","valueRequired":true,"valueName":"search_term_string"}}],"inLanguage":"it-IT"},{"@type":"Organization","@id":"https:\/\/www.iemj.org\/it\/#organization","name":"Institut Europ\u00e9en des Musiques Juives","url":"https:\/\/www.iemj.org\/it\/","logo":{"@type":"ImageObject","inLanguage":"it-IT","@id":"https:\/\/www.iemj.org\/it\/#\/schema\/logo\/image\/","url":"https:\/\/www.iemj.org\/wp-content\/uploads\/2021\/09\/Logo-IEMJ-Paypal.jpg","contentUrl":"https:\/\/www.iemj.org\/wp-content\/uploads\/2021\/09\/Logo-IEMJ-Paypal.jpg","width":150,"height":50,"caption":"Institut Europ\u00e9en des Musiques Juives"},"image":{"@id":"https:\/\/www.iemj.org\/it\/#\/schema\/logo\/image\/"},"sameAs":["https:\/\/www.facebook.com\/MusiquesJuives\/","https:\/\/www.instagram.com\/musiquesjuives\/","https:\/\/www.youtube.com\/user\/musiquesjuives"]},{"@type":"Person","@id":"https:\/\/www.iemj.org\/it\/#\/schema\/person\/358e26c18aca017fcc4cc15437f7279c","name":"Jacqueline ROTEN","image":{"@type":"ImageObject","inLanguage":"it-IT","@id":"https:\/\/secure.gravatar.com\/avatar\/5964256d6c6957de3a3505278957e0fb2a35119ac47ea41827a65301213c810b?s=96&d=mm&r=g","url":"https:\/\/secure.gravatar.com\/avatar\/5964256d6c6957de3a3505278957e0fb2a35119ac47ea41827a65301213c810b?s=96&d=mm&r=g","contentUrl":"https:\/\/secure.gravatar.com\/avatar\/5964256d6c6957de3a3505278957e0fb2a35119ac47ea41827a65301213c810b?s=96&d=mm&r=g","caption":"Jacqueline ROTEN"}}]}},"_links":{"self":[{"href":"https:\/\/www.iemj.org\/it\/wp-json\/wp\/v2\/posts\/94654","targetHints":{"allow":["GET"]}}],"collection":[{"href":"https:\/\/www.iemj.org\/it\/wp-json\/wp\/v2\/posts"}],"about":[{"href":"https:\/\/www.iemj.org\/it\/wp-json\/wp\/v2\/types\/post"}],"author":[{"embeddable":true,"href":"https:\/\/www.iemj.org\/it\/wp-json\/wp\/v2\/users\/5"}],"replies":[{"embeddable":true,"href":"https:\/\/www.iemj.org\/it\/wp-json\/wp\/v2\/comments?post=94654"}],"version-history":[{"count":0,"href":"https:\/\/www.iemj.org\/it\/wp-json\/wp\/v2\/posts\/94654\/revisions"}],"wp:featuredmedia":[{"embeddable":true,"href":"https:\/\/www.iemj.org\/it\/wp-json\/wp\/v2\/media\/94589"}],"wp:attachment":[{"href":"https:\/\/www.iemj.org\/it\/wp-json\/wp\/v2\/media?parent=94654"}],"wp:term":[{"taxonomy":"category","embeddable":true,"href":"https:\/\/www.iemj.org\/it\/wp-json\/wp\/v2\/categories?post=94654"},{"taxonomy":"post_tag","embeddable":true,"href":"https:\/\/www.iemj.org\/it\/wp-json\/wp\/v2\/tags?post=94654"},{"taxonomy":"technique","embeddable":true,"href":"https:\/\/www.iemj.org\/it\/wp-json\/wp\/v2\/technique?post=94654"},{"taxonomy":"squelettes","embeddable":true,"href":"https:\/\/www.iemj.org\/it\/wp-json\/wp\/v2\/squelettes?post=94654"},{"taxonomy":"sujet","embeddable":true,"href":"https:\/\/www.iemj.org\/it\/wp-json\/wp\/v2\/sujet?post=94654"},{"taxonomy":"formation","embeddable":true,"href":"https:\/\/www.iemj.org\/it\/wp-json\/wp\/v2\/formation?post=94654"},{"taxonomy":"genre","embeddable":true,"href":"https:\/\/www.iemj.org\/it\/wp-json\/wp\/v2\/genre?post=94654"},{"taxonomy":"fonds","embeddable":true,"href":"https:\/\/www.iemj.org\/it\/wp-json\/wp\/v2\/fonds?post=94654"},{"taxonomy":"tradition","embeddable":true,"href":"https:\/\/www.iemj.org\/it\/wp-json\/wp\/v2\/tradition?post=94654"},{"taxonomy":"type-de-contenu","embeddable":true,"href":"https:\/\/www.iemj.org\/it\/wp-json\/wp\/v2\/type-de-contenu?post=94654"},{"taxonomy":"interprete-compositeur","embeddable":true,"href":"https:\/\/www.iemj.org\/it\/wp-json\/wp\/v2\/interprete-compositeur?post=94654"},{"taxonomy":"frise","embeddable":true,"href":"https:\/\/www.iemj.org\/it\/wp-json\/wp\/v2\/frise?post=94654"},{"taxonomy":"type-devenement","embeddable":true,"href":"https:\/\/www.iemj.org\/it\/wp-json\/wp\/v2\/type-devenement?post=94654"},{"taxonomy":"tableaux-liens-externes","embeddable":true,"href":"https:\/\/www.iemj.org\/it\/wp-json\/wp\/v2\/tableaux-liens-externes?post=94654"}],"curies":[{"name":"wp","href":"https:\/\/api.w.org\/{rel}","templated":true}]}}