{"id":94810,"date":"2015-12-23T11:35:00","date_gmt":"2015-12-23T10:35:00","guid":{"rendered":"https:\/\/www.iemj.org\/itineraire-de-la-chanson-juive-en-france\/"},"modified":"2025-04-16T19:45:17","modified_gmt":"2025-04-16T17:45:17","slug":"itineraire-de-la-chanson-juive-en-france","status":"publish","type":"post","link":"https:\/\/www.iemj.org\/it\/itineraire-de-la-chanson-juive-en-france\/","title":{"rendered":"ITINERARIO DELLA CANZONE EBRAICA IN FRANCIA"},"content":{"rendered":"<p><strong>Un viaggio musicale attraverso una selezione rappresentativa di canti ebraici, dal XIII secolo ai giorni nostri, cantati o pubblicati in Francia<\/strong><\/p>\n<p><!--more--><\/p>\n<p>Nel 13\u00b0 secolo, la Francia \u00e8 una terra d\u2019elezione per gli ebrei. Al sud vivono gli ebrei di lingua d\u2019oc, al nord quelli che parlano la lingua d\u2019o\u00efl. Influenzati dalla musica locale e dalla poesia di trovatori e trovieri, gli ebrei adattano le canzoni del loro tempo con testi che raccontano la loro storia. A volte annotate, queste canzoni ebraiche sono state recentemente oggetto di diverse interpretazioni musicali entusiasmanti.<\/p>\n<p>Ma la canzone ebraica in Francia non si ferma al Medioevo. Nonostante le numerose espulsioni degli ebrei dalla Francia, la si ritrova nel XVIII secolo nell\u2019ex Comtat Venaissin o nelle comunit\u00e0 portoghesi della Francia sud-occidentale. Ma \u00e8 veramente nel XIX e XX secolo che esplode la canzone ebraica: canzoni yiddish trasmesse dagli ebrei dell\u2019Europa orientale in fuga dai pogrom, canzoni in giudeo-spagnolo od anche in arabo da ebrei originar\u00ee dell\u2019Impero Ottomano o del Maghreb.<\/p>\n<p>Oggi la canzone ebraica sta vivendo una vera rinascita. Molti artisti hanno intrapreso la riconquista di un repertorio di una infinita ricchezza. Tra fedelt\u00e0 e creativit\u00e0, abbattono i confini e inseriscono le canzoni ebraiche nella corrente della World Music.<\/p>\n<p><strong>Lista dei canti:<\/strong><\/p>\n<ol>\n<li>Messies qu\u2019entendes, <a href=\"https:\/\/www.iemj.org\/it\/musiques-judeo-francaises-des-xviiie-et-xixe-siecles\/\" target=\"_blank\" rel=\"noopener\">Musiques Judeo-Francaises des XVIII\u00b0 et XIX\u00b0 Siecles, \u00e9d IEMJ<\/a><\/li>\n<li>El-givat ha-levona : Chanson de mariage, <a href=\"https:\/\/www.iemj.org\/it\/juifs-et-trouveres\/\" target=\"_blank\" rel=\"noopener\">Juifs et Trouv\u00e8res, \u00e9d IEMJ<\/a><\/li>\n<li>B\u00e9nissez-nous, Dieu de lumi\u00e8re, <a href=\"https:\/\/www.iemj.org\/it\/musiques-de-la-synagogue-de-bordeaux\/\" target=\"_blank\" rel=\"noopener\">Musiques de la Synagogue de Bordeaux, \u00e9d IEMJ<\/a><\/li>\n<li>Avre tu Puerta Cerrada, <a href=\"https:\/\/www.iemj.org\/it\/variations-ladino\/\" target=\"_blank\" rel=\"noopener\">Variations Ladino, \u00e9d IEMJ<\/a><\/li>\n<li>Ya Lahraymiya, Tr\u00e9sors de la Chanson Judeo Arabe. Vol. 2. Blond Blond, Buda Musique<\/li>\n<li>Ma Guitare et mon Pays, Tr\u00e9sors de la Chanson Judeo Arabe. Vol. 2. Line Monty, Buda Musique<\/li>\n<li>Les Bains de Chelm, <a href=\"https:\/\/www.iemj.org\/it\/jacques-grober-chansons-yiddish-dhier-et-daujourdhui\/\" target=\"_blank\" rel=\"noopener\">Jacques Grober Chansons Yiddish d\u2019Hier et d\u2019Aujourd\u2019hui, \u00e9d IEMJ<\/a><\/li>\n<li>Vacances ma petite folie, <a href=\"https:\/\/www.iemj.org\/it\/reedition-du-coffret-musiques-juives-dans-le-paris-dapres-guerre-elesdisc-1948-1953\/\" target=\"_blank\" rel=\"noopener\">Musiques Juives dans le Paris d\u2019Apr\u00e8s-Guerre Vol.1, \u00e9d IEMJ<\/a><\/li>\n<li>Ma petite maison de la rue des Rosiers, <a href=\"https:\/\/www.iemj.org\/it\/reedition-du-coffret-musiques-juives-dans-le-paris-dapres-guerre-elesdisc-1948-1953\/\" target=\"_blank\" rel=\"noopener\">Musiques Juives dans le Paris d\u2019Apr\u00e8s-Guerre Vol.6, \u00e9d IEMJ<\/a><\/li>\n<\/ol>\n\n<div class=\"wp-block-image\">\n<figure class=\"aligncenter size-large\"><img fetchpriority=\"high\" decoding=\"async\" width=\"1024\" height=\"133\" src=\"https:\/\/www.iemj.org\/wp-content\/uploads\/2024\/03\/AUDIO-PLAYER-1024x133.png\" alt=\"\" class=\"wp-image-110609\" srcset=\"https:\/\/www.iemj.org\/wp-content\/uploads\/2024\/03\/AUDIO-PLAYER-1024x133.png 1024w, https:\/\/www.iemj.org\/wp-content\/uploads\/2024\/03\/AUDIO-PLAYER-300x39.png 300w, https:\/\/www.iemj.org\/wp-content\/uploads\/2024\/03\/AUDIO-PLAYER-768x100.png 768w, https:\/\/www.iemj.org\/wp-content\/uploads\/2024\/03\/AUDIO-PLAYER-600x78.png 600w, https:\/\/www.iemj.org\/wp-content\/uploads\/2024\/03\/AUDIO-PLAYER.png 1210w\" sizes=\"(max-width: 1024px) 100vw, 1024px\" \/><\/figure>\n<\/div>\n\n\n<div class=\"wp-block-file\"><a id=\"wp-block-file--media-91597fc5-d4a0-4859-be9d-91e0e2a85f5e\" href=\"https:\/\/www.iemj.org\/wp-content\/uploads\/2015\/12\/cd_5_09.mp3\">Messies qu\u2019entendes, Musiques Judeo-Francaises des XVIII\u00b0 et XIX\u00b0 Siecles, ed IEMJ<\/a><\/div>\n\n\n\n<div class=\"wp-block-file\"><a id=\"wp-block-file--media-54a85e81-61c8-4aa8-b53b-fd8a680ee8a1\" href=\"https:\/\/www.iemj.org\/wp-content\/uploads\/2015\/12\/cd_613_03.mp3\">El-givat ha-levona : Chanson de mariage, Juifs et Trouv\u00e8res, ed IEMJ<\/a><\/div>\n\n\n\n<div class=\"wp-block-file\"><a id=\"wp-block-file--media-7ca3e8b3-1e3e-40a0-8a6f-6e652d8a058e\" href=\"https:\/\/www.iemj.org\/wp-content\/uploads\/2015\/12\/cd_6_19.mp3\">Benissez-nous, Dieu de lumi\u00e8re, Musiques de la Synagogue de Bordeaux, ed IEMJ<\/a><\/div>\n\n\n\n<div class=\"wp-block-file\"><a id=\"wp-block-file--media-2a8e3207-f889-49be-bd82-7a13b9b33588\" href=\"https:\/\/www.iemj.org\/wp-content\/uploads\/2015\/12\/cd_228_01.mp3\">Avre tu Puerta Cerrada, Variations Ladino, ed IEMJ<\/a><\/div>\n\n\n\n<div class=\"wp-block-file\"><a id=\"wp-block-file--media-51e4cfa8-4a95-48e2-b98c-8dfee5994abb\" href=\"https:\/\/www.iemj.org\/wp-content\/uploads\/2015\/12\/cd_171_07.mp3\">Ya Lahraymiya, Tresors de la Chanson Judeo Arabe. Vol. 2. Blond Blond, Buda Musique<\/a><\/div>\n\n\n\n<div class=\"wp-block-file\"><a id=\"wp-block-file--media-94e026ee-40ac-4549-8c1f-31d77d673d58\" href=\"https:\/\/www.iemj.org\/wp-content\/uploads\/2015\/12\/cd_186_06.mp3\">Ma Guitare et mon Pays, Tresors de la Chanson Judeo Arabe. Vol. 2. Line Monty, Buda Musique<\/a><\/div>\n\n\n\n<div class=\"wp-block-file\"><a id=\"wp-block-file--media-bd9ab505-ae52-4be9-9f6f-bb81b7f513ab\" href=\"https:\/\/www.iemj.org\/wp-content\/uploads\/2015\/12\/cd_229_15.mp3\">Les Bains de Chelm, Jacques Grober Chansons Yiddish d\u2019Hier et d\u2019Aujourd\u2019hui, ed IEMJ<\/a><\/div>\n\n\n\n<div class=\"wp-block-file\"><a id=\"wp-block-file--media-b0b63649-63d0-45b8-a6b6-0da50919fb7e\" href=\"https:\/\/www.iemj.org\/wp-content\/uploads\/2015\/12\/cd_645a_20.mp3\">Vacances ma petite folie, Musiques Juives dans le Paris d\u2019Apr\u00e8s-Guerre Vol.1, ed IEMJ<\/a><\/div>\n\n\n\n<div class=\"wp-block-file\"><a id=\"wp-block-file--media-2e541288-e7ed-4198-82da-0e7c1e5266fc\" href=\"https:\/\/www.iemj.org\/wp-content\/uploads\/2015\/12\/cd_645f_21-2.mp3\">Ma petite maison de la rue des Rosiers, Musiques Juives dans le Paris d\u2019Apr\u00e8s-Guerre Vol.6, ed IEMJ<\/a><\/div>\n","protected":false},"excerpt":{"rendered":"<p>Un viaggio musicale attraverso una selezione rappresentativa di canti ebraici, dal XIII secolo ai giorni nostri, cantati o pubblicati in Francia<\/p>\n","protected":false},"author":1048,"featured_media":94811,"comment_status":"closed","ping_status":"open","sticky":false,"template":"","format":"standard","meta":{"_acf_changed":false,"footnotes":""},"categories":[1536],"tags":[],"technique":[],"squelettes":[],"sujet":[1823],"formation":[],"genre":[1878,1675,1909,1916,1676],"fonds":[],"tradition":[],"type-de-contenu":[],"interprete-compositeur":[],"frise":[],"type-devenement":[],"tableaux-liens-externes":[],"class_list":["post-94810","post","type-post","status-publish","format-standard","has-post-thumbnail","hentry","category-playlist-it","sujet-francia-it","genre-canzone-francese-it","genre-giudeo-spagnolo-it","genre-musica-medievale-it","genre-oriental-it","genre-yiddish-it-2"],"acf":[],"yoast_head":"<!-- This site is optimized with the Yoast SEO plugin v27.3 - https:\/\/yoast.com\/product\/yoast-seo-wordpress\/ -->\n<title>ITINERARIO DELLA CANZONE EBRAICA IN FRANCIA - Institut Europ\u00e9en des Musiques Juives<\/title>\n<meta name=\"robots\" content=\"index, follow, max-snippet:-1, max-image-preview:large, max-video-preview:-1\" \/>\n<link rel=\"canonical\" href=\"https:\/\/www.iemj.org\/it\/itineraire-de-la-chanson-juive-en-france\/\" \/>\n<meta property=\"og:locale\" content=\"it_IT\" \/>\n<meta property=\"og:type\" content=\"article\" \/>\n<meta property=\"og:title\" content=\"ITINERARIO DELLA CANZONE EBRAICA IN FRANCIA - Institut Europ\u00e9en des Musiques Juives\" \/>\n<meta property=\"og:description\" content=\"Un viaggio musicale attraverso una selezione rappresentativa di canti ebraici, dal XIII secolo ai giorni nostri, cantati o pubblicati in Francia\" \/>\n<meta property=\"og:url\" content=\"https:\/\/www.iemj.org\/it\/itineraire-de-la-chanson-juive-en-france\/\" \/>\n<meta property=\"og:site_name\" content=\"Institut Europ\u00e9en des Musiques Juives\" \/>\n<meta property=\"article:publisher\" content=\"https:\/\/www.facebook.com\/MusiquesJuives\/\" \/>\n<meta property=\"article:published_time\" content=\"2015-12-23T10:35:00+00:00\" \/>\n<meta property=\"article:modified_time\" content=\"2025-04-16T17:45:17+00:00\" \/>\n<meta property=\"og:image\" content=\"https:\/\/www.iemj.org\/wp-content\/uploads\/2015\/12\/arton1294-e1677337969720.jpg\" \/>\n\t<meta property=\"og:image:width\" content=\"1280\" \/>\n\t<meta property=\"og:image:height\" content=\"1633\" \/>\n\t<meta property=\"og:image:type\" content=\"image\/jpeg\" \/>\n<meta name=\"author\" content=\"Jean-Gabriel Davis\" \/>\n<meta name=\"twitter:card\" content=\"summary_large_image\" \/>\n<meta name=\"twitter:label1\" content=\"Scritto da\" \/>\n\t<meta name=\"twitter:data1\" content=\"Jean-Gabriel Davis\" \/>\n\t<meta name=\"twitter:label2\" content=\"Tempo di lettura stimato\" \/>\n\t<meta name=\"twitter:data2\" content=\"3 minuti\" \/>\n<script type=\"application\/ld+json\" class=\"yoast-schema-graph\">{\"@context\":\"https:\\\/\\\/schema.org\",\"@graph\":[{\"@type\":\"Article\",\"@id\":\"https:\\\/\\\/www.iemj.org\\\/it\\\/itineraire-de-la-chanson-juive-en-france\\\/#article\",\"isPartOf\":{\"@id\":\"https:\\\/\\\/www.iemj.org\\\/it\\\/itineraire-de-la-chanson-juive-en-france\\\/\"},\"author\":{\"name\":\"Jean-Gabriel Davis\",\"@id\":\"https:\\\/\\\/www.iemj.org\\\/it\\\/#\\\/schema\\\/person\\\/c9bc1c386a3749579a2d675e72a18666\"},\"headline\":\"ITINERARIO DELLA CANZONE EBRAICA IN FRANCIA\",\"datePublished\":\"2015-12-23T10:35:00+00:00\",\"dateModified\":\"2025-04-16T17:45:17+00:00\",\"mainEntityOfPage\":{\"@id\":\"https:\\\/\\\/www.iemj.org\\\/it\\\/itineraire-de-la-chanson-juive-en-france\\\/\"},\"wordCount\":465,\"publisher\":{\"@id\":\"https:\\\/\\\/www.iemj.org\\\/it\\\/#organization\"},\"image\":{\"@id\":\"https:\\\/\\\/www.iemj.org\\\/it\\\/itineraire-de-la-chanson-juive-en-france\\\/#primaryimage\"},\"thumbnailUrl\":\"https:\\\/\\\/www.iemj.org\\\/wp-content\\\/uploads\\\/2015\\\/12\\\/arton1294-e1677337969720.jpg\",\"articleSection\":[\"Playlist\"],\"inLanguage\":\"it-IT\"},{\"@type\":\"WebPage\",\"@id\":\"https:\\\/\\\/www.iemj.org\\\/it\\\/itineraire-de-la-chanson-juive-en-france\\\/\",\"url\":\"https:\\\/\\\/www.iemj.org\\\/it\\\/itineraire-de-la-chanson-juive-en-france\\\/\",\"name\":\"ITINERARIO DELLA CANZONE EBRAICA IN FRANCIA - Institut Europ\u00e9en des Musiques Juives\",\"isPartOf\":{\"@id\":\"https:\\\/\\\/www.iemj.org\\\/it\\\/#website\"},\"primaryImageOfPage\":{\"@id\":\"https:\\\/\\\/www.iemj.org\\\/it\\\/itineraire-de-la-chanson-juive-en-france\\\/#primaryimage\"},\"image\":{\"@id\":\"https:\\\/\\\/www.iemj.org\\\/it\\\/itineraire-de-la-chanson-juive-en-france\\\/#primaryimage\"},\"thumbnailUrl\":\"https:\\\/\\\/www.iemj.org\\\/wp-content\\\/uploads\\\/2015\\\/12\\\/arton1294-e1677337969720.jpg\",\"datePublished\":\"2015-12-23T10:35:00+00:00\",\"dateModified\":\"2025-04-16T17:45:17+00:00\",\"breadcrumb\":{\"@id\":\"https:\\\/\\\/www.iemj.org\\\/it\\\/itineraire-de-la-chanson-juive-en-france\\\/#breadcrumb\"},\"inLanguage\":\"it-IT\",\"potentialAction\":[{\"@type\":\"ReadAction\",\"target\":[\"https:\\\/\\\/www.iemj.org\\\/it\\\/itineraire-de-la-chanson-juive-en-france\\\/\"]}]},{\"@type\":\"ImageObject\",\"inLanguage\":\"it-IT\",\"@id\":\"https:\\\/\\\/www.iemj.org\\\/it\\\/itineraire-de-la-chanson-juive-en-france\\\/#primaryimage\",\"url\":\"https:\\\/\\\/www.iemj.org\\\/wp-content\\\/uploads\\\/2015\\\/12\\\/arton1294-e1677337969720.jpg\",\"contentUrl\":\"https:\\\/\\\/www.iemj.org\\\/wp-content\\\/uploads\\\/2015\\\/12\\\/arton1294-e1677337969720.jpg\",\"width\":1280,\"height\":1633},{\"@type\":\"BreadcrumbList\",\"@id\":\"https:\\\/\\\/www.iemj.org\\\/it\\\/itineraire-de-la-chanson-juive-en-france\\\/#breadcrumb\",\"itemListElement\":[{\"@type\":\"ListItem\",\"position\":1,\"name\":\"Accueil\",\"item\":\"https:\\\/\\\/www.iemj.org\\\/it\\\/\"},{\"@type\":\"ListItem\",\"position\":2,\"name\":\"ITINERARIO DELLA CANZONE EBRAICA IN FRANCIA\"}]},{\"@type\":\"WebSite\",\"@id\":\"https:\\\/\\\/www.iemj.org\\\/it\\\/#website\",\"url\":\"https:\\\/\\\/www.iemj.org\\\/it\\\/\",\"name\":\"Institut Europ\u00e9en des Musiques Juives\",\"description\":\"Des traditions musicales \u00e0 la port\u00e9e de tous\",\"publisher\":{\"@id\":\"https:\\\/\\\/www.iemj.org\\\/it\\\/#organization\"},\"potentialAction\":[{\"@type\":\"SearchAction\",\"target\":{\"@type\":\"EntryPoint\",\"urlTemplate\":\"https:\\\/\\\/www.iemj.org\\\/it\\\/?s={search_term_string}\"},\"query-input\":{\"@type\":\"PropertyValueSpecification\",\"valueRequired\":true,\"valueName\":\"search_term_string\"}}],\"inLanguage\":\"it-IT\"},{\"@type\":\"Organization\",\"@id\":\"https:\\\/\\\/www.iemj.org\\\/it\\\/#organization\",\"name\":\"Institut Europ\u00e9en des Musiques Juives\",\"url\":\"https:\\\/\\\/www.iemj.org\\\/it\\\/\",\"logo\":{\"@type\":\"ImageObject\",\"inLanguage\":\"it-IT\",\"@id\":\"https:\\\/\\\/www.iemj.org\\\/it\\\/#\\\/schema\\\/logo\\\/image\\\/\",\"url\":\"https:\\\/\\\/www.iemj.org\\\/wp-content\\\/uploads\\\/2021\\\/09\\\/Logo-IEMJ-Paypal.jpg\",\"contentUrl\":\"https:\\\/\\\/www.iemj.org\\\/wp-content\\\/uploads\\\/2021\\\/09\\\/Logo-IEMJ-Paypal.jpg\",\"width\":150,\"height\":50,\"caption\":\"Institut Europ\u00e9en des Musiques Juives\"},\"image\":{\"@id\":\"https:\\\/\\\/www.iemj.org\\\/it\\\/#\\\/schema\\\/logo\\\/image\\\/\"},\"sameAs\":[\"https:\\\/\\\/www.facebook.com\\\/MusiquesJuives\\\/\",\"https:\\\/\\\/www.instagram.com\\\/musiquesjuives\\\/\",\"https:\\\/\\\/www.youtube.com\\\/user\\\/musiquesjuives\"]},{\"@type\":\"Person\",\"@id\":\"https:\\\/\\\/www.iemj.org\\\/it\\\/#\\\/schema\\\/person\\\/c9bc1c386a3749579a2d675e72a18666\",\"name\":\"Jean-Gabriel Davis\",\"image\":{\"@type\":\"ImageObject\",\"inLanguage\":\"it-IT\",\"@id\":\"https:\\\/\\\/secure.gravatar.com\\\/avatar\\\/2b90d67bdf392c9b3a21fab87c0fa7edaf1fb3a058172a1ffd61033fcec7aec1?s=96&d=mm&r=g\",\"url\":\"https:\\\/\\\/secure.gravatar.com\\\/avatar\\\/2b90d67bdf392c9b3a21fab87c0fa7edaf1fb3a058172a1ffd61033fcec7aec1?s=96&d=mm&r=g\",\"contentUrl\":\"https:\\\/\\\/secure.gravatar.com\\\/avatar\\\/2b90d67bdf392c9b3a21fab87c0fa7edaf1fb3a058172a1ffd61033fcec7aec1?s=96&d=mm&r=g\",\"caption\":\"Jean-Gabriel Davis\"}}]}<\/script>\n<!-- \/ Yoast SEO plugin. -->","yoast_head_json":{"title":"ITINERARIO DELLA CANZONE EBRAICA IN FRANCIA - Institut Europ\u00e9en des Musiques Juives","robots":{"index":"index","follow":"follow","max-snippet":"max-snippet:-1","max-image-preview":"max-image-preview:large","max-video-preview":"max-video-preview:-1"},"canonical":"https:\/\/www.iemj.org\/it\/itineraire-de-la-chanson-juive-en-france\/","og_locale":"it_IT","og_type":"article","og_title":"ITINERARIO DELLA CANZONE EBRAICA IN FRANCIA - Institut Europ\u00e9en des Musiques Juives","og_description":"Un viaggio musicale attraverso una selezione rappresentativa di canti ebraici, dal XIII secolo ai giorni nostri, cantati o pubblicati in Francia","og_url":"https:\/\/www.iemj.org\/it\/itineraire-de-la-chanson-juive-en-france\/","og_site_name":"Institut Europ\u00e9en des Musiques Juives","article_publisher":"https:\/\/www.facebook.com\/MusiquesJuives\/","article_published_time":"2015-12-23T10:35:00+00:00","article_modified_time":"2025-04-16T17:45:17+00:00","og_image":[{"width":1280,"height":1633,"url":"https:\/\/www.iemj.org\/wp-content\/uploads\/2015\/12\/arton1294-e1677337969720.jpg","type":"image\/jpeg"}],"author":"Jean-Gabriel Davis","twitter_card":"summary_large_image","twitter_misc":{"Scritto da":"Jean-Gabriel Davis","Tempo di lettura stimato":"3 minuti"},"schema":{"@context":"https:\/\/schema.org","@graph":[{"@type":"Article","@id":"https:\/\/www.iemj.org\/it\/itineraire-de-la-chanson-juive-en-france\/#article","isPartOf":{"@id":"https:\/\/www.iemj.org\/it\/itineraire-de-la-chanson-juive-en-france\/"},"author":{"name":"Jean-Gabriel Davis","@id":"https:\/\/www.iemj.org\/it\/#\/schema\/person\/c9bc1c386a3749579a2d675e72a18666"},"headline":"ITINERARIO DELLA CANZONE EBRAICA IN FRANCIA","datePublished":"2015-12-23T10:35:00+00:00","dateModified":"2025-04-16T17:45:17+00:00","mainEntityOfPage":{"@id":"https:\/\/www.iemj.org\/it\/itineraire-de-la-chanson-juive-en-france\/"},"wordCount":465,"publisher":{"@id":"https:\/\/www.iemj.org\/it\/#organization"},"image":{"@id":"https:\/\/www.iemj.org\/it\/itineraire-de-la-chanson-juive-en-france\/#primaryimage"},"thumbnailUrl":"https:\/\/www.iemj.org\/wp-content\/uploads\/2015\/12\/arton1294-e1677337969720.jpg","articleSection":["Playlist"],"inLanguage":"it-IT"},{"@type":"WebPage","@id":"https:\/\/www.iemj.org\/it\/itineraire-de-la-chanson-juive-en-france\/","url":"https:\/\/www.iemj.org\/it\/itineraire-de-la-chanson-juive-en-france\/","name":"ITINERARIO DELLA CANZONE EBRAICA IN FRANCIA - Institut Europ\u00e9en des Musiques Juives","isPartOf":{"@id":"https:\/\/www.iemj.org\/it\/#website"},"primaryImageOfPage":{"@id":"https:\/\/www.iemj.org\/it\/itineraire-de-la-chanson-juive-en-france\/#primaryimage"},"image":{"@id":"https:\/\/www.iemj.org\/it\/itineraire-de-la-chanson-juive-en-france\/#primaryimage"},"thumbnailUrl":"https:\/\/www.iemj.org\/wp-content\/uploads\/2015\/12\/arton1294-e1677337969720.jpg","datePublished":"2015-12-23T10:35:00+00:00","dateModified":"2025-04-16T17:45:17+00:00","breadcrumb":{"@id":"https:\/\/www.iemj.org\/it\/itineraire-de-la-chanson-juive-en-france\/#breadcrumb"},"inLanguage":"it-IT","potentialAction":[{"@type":"ReadAction","target":["https:\/\/www.iemj.org\/it\/itineraire-de-la-chanson-juive-en-france\/"]}]},{"@type":"ImageObject","inLanguage":"it-IT","@id":"https:\/\/www.iemj.org\/it\/itineraire-de-la-chanson-juive-en-france\/#primaryimage","url":"https:\/\/www.iemj.org\/wp-content\/uploads\/2015\/12\/arton1294-e1677337969720.jpg","contentUrl":"https:\/\/www.iemj.org\/wp-content\/uploads\/2015\/12\/arton1294-e1677337969720.jpg","width":1280,"height":1633},{"@type":"BreadcrumbList","@id":"https:\/\/www.iemj.org\/it\/itineraire-de-la-chanson-juive-en-france\/#breadcrumb","itemListElement":[{"@type":"ListItem","position":1,"name":"Accueil","item":"https:\/\/www.iemj.org\/it\/"},{"@type":"ListItem","position":2,"name":"ITINERARIO DELLA CANZONE EBRAICA IN FRANCIA"}]},{"@type":"WebSite","@id":"https:\/\/www.iemj.org\/it\/#website","url":"https:\/\/www.iemj.org\/it\/","name":"Institut Europ\u00e9en des Musiques Juives","description":"Des traditions musicales \u00e0 la port\u00e9e de tous","publisher":{"@id":"https:\/\/www.iemj.org\/it\/#organization"},"potentialAction":[{"@type":"SearchAction","target":{"@type":"EntryPoint","urlTemplate":"https:\/\/www.iemj.org\/it\/?s={search_term_string}"},"query-input":{"@type":"PropertyValueSpecification","valueRequired":true,"valueName":"search_term_string"}}],"inLanguage":"it-IT"},{"@type":"Organization","@id":"https:\/\/www.iemj.org\/it\/#organization","name":"Institut Europ\u00e9en des Musiques Juives","url":"https:\/\/www.iemj.org\/it\/","logo":{"@type":"ImageObject","inLanguage":"it-IT","@id":"https:\/\/www.iemj.org\/it\/#\/schema\/logo\/image\/","url":"https:\/\/www.iemj.org\/wp-content\/uploads\/2021\/09\/Logo-IEMJ-Paypal.jpg","contentUrl":"https:\/\/www.iemj.org\/wp-content\/uploads\/2021\/09\/Logo-IEMJ-Paypal.jpg","width":150,"height":50,"caption":"Institut Europ\u00e9en des Musiques Juives"},"image":{"@id":"https:\/\/www.iemj.org\/it\/#\/schema\/logo\/image\/"},"sameAs":["https:\/\/www.facebook.com\/MusiquesJuives\/","https:\/\/www.instagram.com\/musiquesjuives\/","https:\/\/www.youtube.com\/user\/musiquesjuives"]},{"@type":"Person","@id":"https:\/\/www.iemj.org\/it\/#\/schema\/person\/c9bc1c386a3749579a2d675e72a18666","name":"Jean-Gabriel Davis","image":{"@type":"ImageObject","inLanguage":"it-IT","@id":"https:\/\/secure.gravatar.com\/avatar\/2b90d67bdf392c9b3a21fab87c0fa7edaf1fb3a058172a1ffd61033fcec7aec1?s=96&d=mm&r=g","url":"https:\/\/secure.gravatar.com\/avatar\/2b90d67bdf392c9b3a21fab87c0fa7edaf1fb3a058172a1ffd61033fcec7aec1?s=96&d=mm&r=g","contentUrl":"https:\/\/secure.gravatar.com\/avatar\/2b90d67bdf392c9b3a21fab87c0fa7edaf1fb3a058172a1ffd61033fcec7aec1?s=96&d=mm&r=g","caption":"Jean-Gabriel Davis"}}]}},"_links":{"self":[{"href":"https:\/\/www.iemj.org\/it\/wp-json\/wp\/v2\/posts\/94810","targetHints":{"allow":["GET"]}}],"collection":[{"href":"https:\/\/www.iemj.org\/it\/wp-json\/wp\/v2\/posts"}],"about":[{"href":"https:\/\/www.iemj.org\/it\/wp-json\/wp\/v2\/types\/post"}],"author":[{"embeddable":true,"href":"https:\/\/www.iemj.org\/it\/wp-json\/wp\/v2\/users\/1048"}],"replies":[{"embeddable":true,"href":"https:\/\/www.iemj.org\/it\/wp-json\/wp\/v2\/comments?post=94810"}],"version-history":[{"count":0,"href":"https:\/\/www.iemj.org\/it\/wp-json\/wp\/v2\/posts\/94810\/revisions"}],"wp:featuredmedia":[{"embeddable":true,"href":"https:\/\/www.iemj.org\/it\/wp-json\/wp\/v2\/media\/94811"}],"wp:attachment":[{"href":"https:\/\/www.iemj.org\/it\/wp-json\/wp\/v2\/media?parent=94810"}],"wp:term":[{"taxonomy":"category","embeddable":true,"href":"https:\/\/www.iemj.org\/it\/wp-json\/wp\/v2\/categories?post=94810"},{"taxonomy":"post_tag","embeddable":true,"href":"https:\/\/www.iemj.org\/it\/wp-json\/wp\/v2\/tags?post=94810"},{"taxonomy":"technique","embeddable":true,"href":"https:\/\/www.iemj.org\/it\/wp-json\/wp\/v2\/technique?post=94810"},{"taxonomy":"squelettes","embeddable":true,"href":"https:\/\/www.iemj.org\/it\/wp-json\/wp\/v2\/squelettes?post=94810"},{"taxonomy":"sujet","embeddable":true,"href":"https:\/\/www.iemj.org\/it\/wp-json\/wp\/v2\/sujet?post=94810"},{"taxonomy":"formation","embeddable":true,"href":"https:\/\/www.iemj.org\/it\/wp-json\/wp\/v2\/formation?post=94810"},{"taxonomy":"genre","embeddable":true,"href":"https:\/\/www.iemj.org\/it\/wp-json\/wp\/v2\/genre?post=94810"},{"taxonomy":"fonds","embeddable":true,"href":"https:\/\/www.iemj.org\/it\/wp-json\/wp\/v2\/fonds?post=94810"},{"taxonomy":"tradition","embeddable":true,"href":"https:\/\/www.iemj.org\/it\/wp-json\/wp\/v2\/tradition?post=94810"},{"taxonomy":"type-de-contenu","embeddable":true,"href":"https:\/\/www.iemj.org\/it\/wp-json\/wp\/v2\/type-de-contenu?post=94810"},{"taxonomy":"interprete-compositeur","embeddable":true,"href":"https:\/\/www.iemj.org\/it\/wp-json\/wp\/v2\/interprete-compositeur?post=94810"},{"taxonomy":"frise","embeddable":true,"href":"https:\/\/www.iemj.org\/it\/wp-json\/wp\/v2\/frise?post=94810"},{"taxonomy":"type-devenement","embeddable":true,"href":"https:\/\/www.iemj.org\/it\/wp-json\/wp\/v2\/type-devenement?post=94810"},{"taxonomy":"tableaux-liens-externes","embeddable":true,"href":"https:\/\/www.iemj.org\/it\/wp-json\/wp\/v2\/tableaux-liens-externes?post=94810"}],"curies":[{"name":"wp","href":"https:\/\/api.w.org\/{rel}","templated":true}]}}