{"id":94910,"date":"2018-12-17T10:40:40","date_gmt":"2018-12-17T09:40:40","guid":{"rendered":"https:\/\/www.iemj.org\/punk-rock-hora-adventures-in-jew-punk-land\/"},"modified":"2023-05-31T15:31:30","modified_gmt":"2023-05-31T13:31:30","slug":"punk-rock-hora-adventures-in-jew-punk-land","status":"publish","type":"post","link":"https:\/\/www.iemj.org\/it\/punk-rock-hora-adventures-in-jew-punk-land\/","title":{"rendered":"Punk Rock Hora : Adventures in Jew-Punk land"},"content":{"rendered":"<p>Dal 2005, Michael Croland ha assistito ad innumerevoli concerti di gruppi punk ebraici ed ha intervistato dozzine di musicisti di questa corrente musicale originale. Ha bevuto il famoso vino Manischewitz tra un concerto e l&#8217;altro, ha assistito ad una battaglia di bagels tra un cantante ed i suoi fan ed ha organizzato il proprio matrimonio al suono di questa musica.<\/p>\n<p><em>Punk Rock Hora<\/em> copre 13 anni di cultura ebraica alternativa, con aneddoti umoristici che avvengono dietro le quinte ed analisi di canzoni. Scopriamo come Michael si \u00e8 innamorato del punk ebraico; vi sono anche interviste provocatorie di ebrei emarginati e delle playlist per le festivit\u00e0 ebraiche.<\/p>\n<p>La prima parte del libro evoca il fenomeno punk-ebraico e raccoglie una serie di articoli sull&#8217;argomento scritti tra il 2005 e il 2010. La seconda parte raccoglie interviste selezionate tratte dal suo primo libro <a href=\"https:\/\/www.iemj.org\/it\/oy-oy-oy-gevalt-jews-and-punk\/\" target=\"_blank\" rel=\"noopener\">Oy Oy Oy Gevalt!<\/a>, cos\u00ec come altri inediti relativi al periodo 2013-2016. Infine la terza parte, scritta tra il 2016 e il 2018, ci presenta i nuovi gruppi, i loro album e le cronache dei concerti.<\/p>\n<p>Michael Croland \u00e8 l&#8217;autore di <em>Oy Oy Oy Gevalt<\/em>, una tesi universitaria pubblicata nel 2016. Ha contribuito a numerosi giornali e siti web su questo argomento e mantiene un blog con lo stesso nome.<\/p>\n<p>Gli ebrei-punk gridano con orgoglio la loro ebraicit\u00e0, in modo personale e ispirato, e fuori dai soliti percorsi. Ma il viaggio che Michael ha intrapreso non riguarda solo la loro arte. Descrivendo questo fenomeno, Michael ha scoperto la propria identit\u00e0 ed ha imparato a sentirsi bene con se stesso. Punk ed ebreo<\/p>\n<p><a href=\"https:\/\/www.amazon.com\/dp\/1730823718\" target=\"_blank\" rel=\"noopener\">Comprare il libro Punk Rock Hora<\/a><\/p>\n<p><a href=\"https:\/\/michaelcroland.com\/\" target=\"_blank\" rel=\"noopener\">Vedere il blog di Michael Croland<\/a><\/p>\n<p><a href=\"https:\/\/www.iemj.org\/it\/oy-oy-oy-gevalt-jews-and-punk\/\" target=\"_blank\" rel=\"noopener\">Per saperne di pi\u00f9 sul libro\u00a0<em>Oy Oy Oy Gevalt!<\/em><\/a><\/p>\n","protected":false},"excerpt":{"rendered":"<p>Dal 2005, Michael Croland ha assistito ad innumerevoli concerti di gruppi punk ebraici ed ha intervistato dozzine di musicisti di questa corrente musicale originale. Ha bevuto il famoso vino Manischewitz<\/p>\n","protected":false},"author":1048,"featured_media":94911,"comment_status":"closed","ping_status":"open","sticky":false,"template":"","format":"standard","meta":{"_acf_changed":false,"footnotes":""},"categories":[1576,1564],"tags":[],"technique":[],"squelettes":[],"sujet":[],"formation":[],"genre":[1866],"fonds":[],"tradition":[],"type-de-contenu":[],"interprete-compositeur":[],"frise":[],"type-devenement":[],"tableaux-liens-externes":[],"class_list":["post-94910","post","type-post","status-publish","format-standard","has-post-thumbnail","hentry","category-libri-articoli-it","category-ultimi-acquisti-it","genre-rock-it"],"acf":[],"yoast_head":"<!-- This site is optimized with the Yoast SEO plugin v27.3 - https:\/\/yoast.com\/product\/yoast-seo-wordpress\/ -->\n<title>Punk Rock Hora : Adventures in Jew-Punk land - Institut Europ\u00e9en des Musiques Juives<\/title>\n<meta name=\"robots\" content=\"index, follow, max-snippet:-1, max-image-preview:large, max-video-preview:-1\" \/>\n<link rel=\"canonical\" href=\"https:\/\/www.iemj.org\/it\/punk-rock-hora-adventures-in-jew-punk-land\/\" \/>\n<meta property=\"og:locale\" content=\"it_IT\" \/>\n<meta property=\"og:type\" content=\"article\" \/>\n<meta property=\"og:title\" content=\"Punk Rock Hora : Adventures in Jew-Punk land - Institut Europ\u00e9en des Musiques Juives\" \/>\n<meta property=\"og:description\" content=\"Dal 2005, Michael Croland ha assistito ad innumerevoli concerti di gruppi punk ebraici ed ha intervistato dozzine di musicisti di questa corrente musicale originale. Ha bevuto il famoso vino Manischewitz\" \/>\n<meta property=\"og:url\" content=\"https:\/\/www.iemj.org\/it\/punk-rock-hora-adventures-in-jew-punk-land\/\" \/>\n<meta property=\"og:site_name\" content=\"Institut Europ\u00e9en des Musiques Juives\" \/>\n<meta property=\"article:publisher\" content=\"https:\/\/www.facebook.com\/MusiquesJuives\/\" \/>\n<meta property=\"article:published_time\" content=\"2018-12-17T09:40:40+00:00\" \/>\n<meta property=\"article:modified_time\" content=\"2023-05-31T13:31:30+00:00\" \/>\n<meta property=\"og:image\" content=\"https:\/\/www.iemj.org\/wp-content\/uploads\/2018\/12\/Punk-Rock-Hora_Couv-e1619110796499.jpg\" \/>\n\t<meta property=\"og:image:width\" content=\"350\" \/>\n\t<meta property=\"og:image:height\" content=\"533\" \/>\n\t<meta property=\"og:image:type\" content=\"image\/jpeg\" \/>\n<meta name=\"author\" content=\"Jean-Gabriel Davis\" \/>\n<meta name=\"twitter:card\" content=\"summary_large_image\" \/>\n<meta name=\"twitter:label1\" content=\"Scritto da\" \/>\n\t<meta name=\"twitter:data1\" content=\"Jean-Gabriel Davis\" \/>\n\t<meta name=\"twitter:label2\" content=\"Tempo di lettura stimato\" \/>\n\t<meta name=\"twitter:data2\" content=\"2 minuti\" \/>\n<script type=\"application\/ld+json\" class=\"yoast-schema-graph\">{\"@context\":\"https:\\\/\\\/schema.org\",\"@graph\":[{\"@type\":\"Article\",\"@id\":\"https:\\\/\\\/www.iemj.org\\\/it\\\/punk-rock-hora-adventures-in-jew-punk-land\\\/#article\",\"isPartOf\":{\"@id\":\"https:\\\/\\\/www.iemj.org\\\/it\\\/punk-rock-hora-adventures-in-jew-punk-land\\\/\"},\"author\":{\"name\":\"Jean-Gabriel Davis\",\"@id\":\"https:\\\/\\\/www.iemj.org\\\/it\\\/#\\\/schema\\\/person\\\/c9bc1c386a3749579a2d675e72a18666\"},\"headline\":\"Punk Rock Hora : Adventures in Jew-Punk land\",\"datePublished\":\"2018-12-17T09:40:40+00:00\",\"dateModified\":\"2023-05-31T13:31:30+00:00\",\"mainEntityOfPage\":{\"@id\":\"https:\\\/\\\/www.iemj.org\\\/it\\\/punk-rock-hora-adventures-in-jew-punk-land\\\/\"},\"wordCount\":285,\"publisher\":{\"@id\":\"https:\\\/\\\/www.iemj.org\\\/it\\\/#organization\"},\"image\":{\"@id\":\"https:\\\/\\\/www.iemj.org\\\/it\\\/punk-rock-hora-adventures-in-jew-punk-land\\\/#primaryimage\"},\"thumbnailUrl\":\"https:\\\/\\\/www.iemj.org\\\/wp-content\\\/uploads\\\/2018\\\/12\\\/Punk-Rock-Hora_Couv-e1619110796499.jpg\",\"articleSection\":[\"Libri, articoli\",\"Ultimi acquisti\"],\"inLanguage\":\"it-IT\"},{\"@type\":\"WebPage\",\"@id\":\"https:\\\/\\\/www.iemj.org\\\/it\\\/punk-rock-hora-adventures-in-jew-punk-land\\\/\",\"url\":\"https:\\\/\\\/www.iemj.org\\\/it\\\/punk-rock-hora-adventures-in-jew-punk-land\\\/\",\"name\":\"Punk Rock Hora : Adventures in Jew-Punk land - Institut Europ\u00e9en des Musiques Juives\",\"isPartOf\":{\"@id\":\"https:\\\/\\\/www.iemj.org\\\/it\\\/#website\"},\"primaryImageOfPage\":{\"@id\":\"https:\\\/\\\/www.iemj.org\\\/it\\\/punk-rock-hora-adventures-in-jew-punk-land\\\/#primaryimage\"},\"image\":{\"@id\":\"https:\\\/\\\/www.iemj.org\\\/it\\\/punk-rock-hora-adventures-in-jew-punk-land\\\/#primaryimage\"},\"thumbnailUrl\":\"https:\\\/\\\/www.iemj.org\\\/wp-content\\\/uploads\\\/2018\\\/12\\\/Punk-Rock-Hora_Couv-e1619110796499.jpg\",\"datePublished\":\"2018-12-17T09:40:40+00:00\",\"dateModified\":\"2023-05-31T13:31:30+00:00\",\"breadcrumb\":{\"@id\":\"https:\\\/\\\/www.iemj.org\\\/it\\\/punk-rock-hora-adventures-in-jew-punk-land\\\/#breadcrumb\"},\"inLanguage\":\"it-IT\",\"potentialAction\":[{\"@type\":\"ReadAction\",\"target\":[\"https:\\\/\\\/www.iemj.org\\\/it\\\/punk-rock-hora-adventures-in-jew-punk-land\\\/\"]}]},{\"@type\":\"ImageObject\",\"inLanguage\":\"it-IT\",\"@id\":\"https:\\\/\\\/www.iemj.org\\\/it\\\/punk-rock-hora-adventures-in-jew-punk-land\\\/#primaryimage\",\"url\":\"https:\\\/\\\/www.iemj.org\\\/wp-content\\\/uploads\\\/2018\\\/12\\\/Punk-Rock-Hora_Couv-e1619110796499.jpg\",\"contentUrl\":\"https:\\\/\\\/www.iemj.org\\\/wp-content\\\/uploads\\\/2018\\\/12\\\/Punk-Rock-Hora_Couv-e1619110796499.jpg\",\"width\":350,\"height\":533},{\"@type\":\"BreadcrumbList\",\"@id\":\"https:\\\/\\\/www.iemj.org\\\/it\\\/punk-rock-hora-adventures-in-jew-punk-land\\\/#breadcrumb\",\"itemListElement\":[{\"@type\":\"ListItem\",\"position\":1,\"name\":\"Accueil\",\"item\":\"https:\\\/\\\/www.iemj.org\\\/it\\\/\"},{\"@type\":\"ListItem\",\"position\":2,\"name\":\"Punk Rock Hora : Adventures in Jew-Punk land\"}]},{\"@type\":\"WebSite\",\"@id\":\"https:\\\/\\\/www.iemj.org\\\/it\\\/#website\",\"url\":\"https:\\\/\\\/www.iemj.org\\\/it\\\/\",\"name\":\"Institut Europ\u00e9en des Musiques Juives\",\"description\":\"Des traditions musicales \u00e0 la port\u00e9e de tous\",\"publisher\":{\"@id\":\"https:\\\/\\\/www.iemj.org\\\/it\\\/#organization\"},\"potentialAction\":[{\"@type\":\"SearchAction\",\"target\":{\"@type\":\"EntryPoint\",\"urlTemplate\":\"https:\\\/\\\/www.iemj.org\\\/it\\\/?s={search_term_string}\"},\"query-input\":{\"@type\":\"PropertyValueSpecification\",\"valueRequired\":true,\"valueName\":\"search_term_string\"}}],\"inLanguage\":\"it-IT\"},{\"@type\":\"Organization\",\"@id\":\"https:\\\/\\\/www.iemj.org\\\/it\\\/#organization\",\"name\":\"Institut Europ\u00e9en des Musiques Juives\",\"url\":\"https:\\\/\\\/www.iemj.org\\\/it\\\/\",\"logo\":{\"@type\":\"ImageObject\",\"inLanguage\":\"it-IT\",\"@id\":\"https:\\\/\\\/www.iemj.org\\\/it\\\/#\\\/schema\\\/logo\\\/image\\\/\",\"url\":\"https:\\\/\\\/www.iemj.org\\\/wp-content\\\/uploads\\\/2021\\\/09\\\/Logo-IEMJ-Paypal.jpg\",\"contentUrl\":\"https:\\\/\\\/www.iemj.org\\\/wp-content\\\/uploads\\\/2021\\\/09\\\/Logo-IEMJ-Paypal.jpg\",\"width\":150,\"height\":50,\"caption\":\"Institut Europ\u00e9en des Musiques Juives\"},\"image\":{\"@id\":\"https:\\\/\\\/www.iemj.org\\\/it\\\/#\\\/schema\\\/logo\\\/image\\\/\"},\"sameAs\":[\"https:\\\/\\\/www.facebook.com\\\/MusiquesJuives\\\/\",\"https:\\\/\\\/www.instagram.com\\\/musiquesjuives\\\/\",\"https:\\\/\\\/www.youtube.com\\\/user\\\/musiquesjuives\"]},{\"@type\":\"Person\",\"@id\":\"https:\\\/\\\/www.iemj.org\\\/it\\\/#\\\/schema\\\/person\\\/c9bc1c386a3749579a2d675e72a18666\",\"name\":\"Jean-Gabriel Davis\",\"image\":{\"@type\":\"ImageObject\",\"inLanguage\":\"it-IT\",\"@id\":\"https:\\\/\\\/secure.gravatar.com\\\/avatar\\\/2b90d67bdf392c9b3a21fab87c0fa7edaf1fb3a058172a1ffd61033fcec7aec1?s=96&d=mm&r=g\",\"url\":\"https:\\\/\\\/secure.gravatar.com\\\/avatar\\\/2b90d67bdf392c9b3a21fab87c0fa7edaf1fb3a058172a1ffd61033fcec7aec1?s=96&d=mm&r=g\",\"contentUrl\":\"https:\\\/\\\/secure.gravatar.com\\\/avatar\\\/2b90d67bdf392c9b3a21fab87c0fa7edaf1fb3a058172a1ffd61033fcec7aec1?s=96&d=mm&r=g\",\"caption\":\"Jean-Gabriel Davis\"}}]}<\/script>\n<!-- \/ Yoast SEO plugin. -->","yoast_head_json":{"title":"Punk Rock Hora : Adventures in Jew-Punk land - Institut Europ\u00e9en des Musiques Juives","robots":{"index":"index","follow":"follow","max-snippet":"max-snippet:-1","max-image-preview":"max-image-preview:large","max-video-preview":"max-video-preview:-1"},"canonical":"https:\/\/www.iemj.org\/it\/punk-rock-hora-adventures-in-jew-punk-land\/","og_locale":"it_IT","og_type":"article","og_title":"Punk Rock Hora : Adventures in Jew-Punk land - Institut Europ\u00e9en des Musiques Juives","og_description":"Dal 2005, Michael Croland ha assistito ad innumerevoli concerti di gruppi punk ebraici ed ha intervistato dozzine di musicisti di questa corrente musicale originale. Ha bevuto il famoso vino Manischewitz","og_url":"https:\/\/www.iemj.org\/it\/punk-rock-hora-adventures-in-jew-punk-land\/","og_site_name":"Institut Europ\u00e9en des Musiques Juives","article_publisher":"https:\/\/www.facebook.com\/MusiquesJuives\/","article_published_time":"2018-12-17T09:40:40+00:00","article_modified_time":"2023-05-31T13:31:30+00:00","og_image":[{"width":350,"height":533,"url":"https:\/\/www.iemj.org\/wp-content\/uploads\/2018\/12\/Punk-Rock-Hora_Couv-e1619110796499.jpg","type":"image\/jpeg"}],"author":"Jean-Gabriel Davis","twitter_card":"summary_large_image","twitter_misc":{"Scritto da":"Jean-Gabriel Davis","Tempo di lettura stimato":"2 minuti"},"schema":{"@context":"https:\/\/schema.org","@graph":[{"@type":"Article","@id":"https:\/\/www.iemj.org\/it\/punk-rock-hora-adventures-in-jew-punk-land\/#article","isPartOf":{"@id":"https:\/\/www.iemj.org\/it\/punk-rock-hora-adventures-in-jew-punk-land\/"},"author":{"name":"Jean-Gabriel Davis","@id":"https:\/\/www.iemj.org\/it\/#\/schema\/person\/c9bc1c386a3749579a2d675e72a18666"},"headline":"Punk Rock Hora : Adventures in Jew-Punk land","datePublished":"2018-12-17T09:40:40+00:00","dateModified":"2023-05-31T13:31:30+00:00","mainEntityOfPage":{"@id":"https:\/\/www.iemj.org\/it\/punk-rock-hora-adventures-in-jew-punk-land\/"},"wordCount":285,"publisher":{"@id":"https:\/\/www.iemj.org\/it\/#organization"},"image":{"@id":"https:\/\/www.iemj.org\/it\/punk-rock-hora-adventures-in-jew-punk-land\/#primaryimage"},"thumbnailUrl":"https:\/\/www.iemj.org\/wp-content\/uploads\/2018\/12\/Punk-Rock-Hora_Couv-e1619110796499.jpg","articleSection":["Libri, articoli","Ultimi acquisti"],"inLanguage":"it-IT"},{"@type":"WebPage","@id":"https:\/\/www.iemj.org\/it\/punk-rock-hora-adventures-in-jew-punk-land\/","url":"https:\/\/www.iemj.org\/it\/punk-rock-hora-adventures-in-jew-punk-land\/","name":"Punk Rock Hora : Adventures in Jew-Punk land - Institut Europ\u00e9en des Musiques Juives","isPartOf":{"@id":"https:\/\/www.iemj.org\/it\/#website"},"primaryImageOfPage":{"@id":"https:\/\/www.iemj.org\/it\/punk-rock-hora-adventures-in-jew-punk-land\/#primaryimage"},"image":{"@id":"https:\/\/www.iemj.org\/it\/punk-rock-hora-adventures-in-jew-punk-land\/#primaryimage"},"thumbnailUrl":"https:\/\/www.iemj.org\/wp-content\/uploads\/2018\/12\/Punk-Rock-Hora_Couv-e1619110796499.jpg","datePublished":"2018-12-17T09:40:40+00:00","dateModified":"2023-05-31T13:31:30+00:00","breadcrumb":{"@id":"https:\/\/www.iemj.org\/it\/punk-rock-hora-adventures-in-jew-punk-land\/#breadcrumb"},"inLanguage":"it-IT","potentialAction":[{"@type":"ReadAction","target":["https:\/\/www.iemj.org\/it\/punk-rock-hora-adventures-in-jew-punk-land\/"]}]},{"@type":"ImageObject","inLanguage":"it-IT","@id":"https:\/\/www.iemj.org\/it\/punk-rock-hora-adventures-in-jew-punk-land\/#primaryimage","url":"https:\/\/www.iemj.org\/wp-content\/uploads\/2018\/12\/Punk-Rock-Hora_Couv-e1619110796499.jpg","contentUrl":"https:\/\/www.iemj.org\/wp-content\/uploads\/2018\/12\/Punk-Rock-Hora_Couv-e1619110796499.jpg","width":350,"height":533},{"@type":"BreadcrumbList","@id":"https:\/\/www.iemj.org\/it\/punk-rock-hora-adventures-in-jew-punk-land\/#breadcrumb","itemListElement":[{"@type":"ListItem","position":1,"name":"Accueil","item":"https:\/\/www.iemj.org\/it\/"},{"@type":"ListItem","position":2,"name":"Punk Rock Hora : Adventures in Jew-Punk land"}]},{"@type":"WebSite","@id":"https:\/\/www.iemj.org\/it\/#website","url":"https:\/\/www.iemj.org\/it\/","name":"Institut Europ\u00e9en des Musiques Juives","description":"Des traditions musicales \u00e0 la port\u00e9e de tous","publisher":{"@id":"https:\/\/www.iemj.org\/it\/#organization"},"potentialAction":[{"@type":"SearchAction","target":{"@type":"EntryPoint","urlTemplate":"https:\/\/www.iemj.org\/it\/?s={search_term_string}"},"query-input":{"@type":"PropertyValueSpecification","valueRequired":true,"valueName":"search_term_string"}}],"inLanguage":"it-IT"},{"@type":"Organization","@id":"https:\/\/www.iemj.org\/it\/#organization","name":"Institut Europ\u00e9en des Musiques Juives","url":"https:\/\/www.iemj.org\/it\/","logo":{"@type":"ImageObject","inLanguage":"it-IT","@id":"https:\/\/www.iemj.org\/it\/#\/schema\/logo\/image\/","url":"https:\/\/www.iemj.org\/wp-content\/uploads\/2021\/09\/Logo-IEMJ-Paypal.jpg","contentUrl":"https:\/\/www.iemj.org\/wp-content\/uploads\/2021\/09\/Logo-IEMJ-Paypal.jpg","width":150,"height":50,"caption":"Institut Europ\u00e9en des Musiques Juives"},"image":{"@id":"https:\/\/www.iemj.org\/it\/#\/schema\/logo\/image\/"},"sameAs":["https:\/\/www.facebook.com\/MusiquesJuives\/","https:\/\/www.instagram.com\/musiquesjuives\/","https:\/\/www.youtube.com\/user\/musiquesjuives"]},{"@type":"Person","@id":"https:\/\/www.iemj.org\/it\/#\/schema\/person\/c9bc1c386a3749579a2d675e72a18666","name":"Jean-Gabriel Davis","image":{"@type":"ImageObject","inLanguage":"it-IT","@id":"https:\/\/secure.gravatar.com\/avatar\/2b90d67bdf392c9b3a21fab87c0fa7edaf1fb3a058172a1ffd61033fcec7aec1?s=96&d=mm&r=g","url":"https:\/\/secure.gravatar.com\/avatar\/2b90d67bdf392c9b3a21fab87c0fa7edaf1fb3a058172a1ffd61033fcec7aec1?s=96&d=mm&r=g","contentUrl":"https:\/\/secure.gravatar.com\/avatar\/2b90d67bdf392c9b3a21fab87c0fa7edaf1fb3a058172a1ffd61033fcec7aec1?s=96&d=mm&r=g","caption":"Jean-Gabriel Davis"}}]}},"_links":{"self":[{"href":"https:\/\/www.iemj.org\/it\/wp-json\/wp\/v2\/posts\/94910","targetHints":{"allow":["GET"]}}],"collection":[{"href":"https:\/\/www.iemj.org\/it\/wp-json\/wp\/v2\/posts"}],"about":[{"href":"https:\/\/www.iemj.org\/it\/wp-json\/wp\/v2\/types\/post"}],"author":[{"embeddable":true,"href":"https:\/\/www.iemj.org\/it\/wp-json\/wp\/v2\/users\/1048"}],"replies":[{"embeddable":true,"href":"https:\/\/www.iemj.org\/it\/wp-json\/wp\/v2\/comments?post=94910"}],"version-history":[{"count":0,"href":"https:\/\/www.iemj.org\/it\/wp-json\/wp\/v2\/posts\/94910\/revisions"}],"wp:featuredmedia":[{"embeddable":true,"href":"https:\/\/www.iemj.org\/it\/wp-json\/wp\/v2\/media\/94911"}],"wp:attachment":[{"href":"https:\/\/www.iemj.org\/it\/wp-json\/wp\/v2\/media?parent=94910"}],"wp:term":[{"taxonomy":"category","embeddable":true,"href":"https:\/\/www.iemj.org\/it\/wp-json\/wp\/v2\/categories?post=94910"},{"taxonomy":"post_tag","embeddable":true,"href":"https:\/\/www.iemj.org\/it\/wp-json\/wp\/v2\/tags?post=94910"},{"taxonomy":"technique","embeddable":true,"href":"https:\/\/www.iemj.org\/it\/wp-json\/wp\/v2\/technique?post=94910"},{"taxonomy":"squelettes","embeddable":true,"href":"https:\/\/www.iemj.org\/it\/wp-json\/wp\/v2\/squelettes?post=94910"},{"taxonomy":"sujet","embeddable":true,"href":"https:\/\/www.iemj.org\/it\/wp-json\/wp\/v2\/sujet?post=94910"},{"taxonomy":"formation","embeddable":true,"href":"https:\/\/www.iemj.org\/it\/wp-json\/wp\/v2\/formation?post=94910"},{"taxonomy":"genre","embeddable":true,"href":"https:\/\/www.iemj.org\/it\/wp-json\/wp\/v2\/genre?post=94910"},{"taxonomy":"fonds","embeddable":true,"href":"https:\/\/www.iemj.org\/it\/wp-json\/wp\/v2\/fonds?post=94910"},{"taxonomy":"tradition","embeddable":true,"href":"https:\/\/www.iemj.org\/it\/wp-json\/wp\/v2\/tradition?post=94910"},{"taxonomy":"type-de-contenu","embeddable":true,"href":"https:\/\/www.iemj.org\/it\/wp-json\/wp\/v2\/type-de-contenu?post=94910"},{"taxonomy":"interprete-compositeur","embeddable":true,"href":"https:\/\/www.iemj.org\/it\/wp-json\/wp\/v2\/interprete-compositeur?post=94910"},{"taxonomy":"frise","embeddable":true,"href":"https:\/\/www.iemj.org\/it\/wp-json\/wp\/v2\/frise?post=94910"},{"taxonomy":"type-devenement","embeddable":true,"href":"https:\/\/www.iemj.org\/it\/wp-json\/wp\/v2\/type-devenement?post=94910"},{"taxonomy":"tableaux-liens-externes","embeddable":true,"href":"https:\/\/www.iemj.org\/it\/wp-json\/wp\/v2\/tableaux-liens-externes?post=94910"}],"curies":[{"name":"wp","href":"https:\/\/api.w.org\/{rel}","templated":true}]}}