{"id":95016,"date":"2023-02-28T17:16:22","date_gmt":"2023-02-28T16:16:22","guid":{"rendered":"https:\/\/www.iemj.org\/le-chant-liturgique-des-juifs-dethiopie-un-destin-israelien\/"},"modified":"2023-03-01T11:03:50","modified_gmt":"2023-03-01T10:03:50","slug":"le-chant-liturgique-des-juifs-dethiopie-un-destin-israelien","status":"publish","type":"post","link":"https:\/\/www.iemj.org\/it\/le-chant-liturgique-des-juifs-dethiopie-un-destin-israelien\/","title":{"rendered":"Il canto liturgico degli ebrei etiopi: un destino israeliano"},"content":{"rendered":"<p><!--more--><\/p>\n<p><strong>Conferenza musicale di Simha Arom ed Olivier Tourny<\/strong><br \/>\n<strong>Organizzata dall&#8217;Istituto Europeo di Musiche Ebraiche<\/strong><br \/>\n<strong>Nell&#8217;ambito della 18\u00aa edizione del Festival delle Culture Ebraiche<\/strong><\/p>\n<p>Alla fine degli anni &#8217;80 e durante gli anni &#8217;90, la comunit\u00e0 ebraica etiope \u00e8 emigrata in massa in Israele, realizzando il sogno dei suoi antenati di tornare a Gerusalemme. Tuttavia, a causa di credenze e pratiche religiose considerate arcaiche, sono stati invitati ad aderire ad un ebraismo normativo pi\u00f9 adatto al contesto dell&#8217;Israele contemporaneo. In queste condizioni, Simha Arom ha lanciato un programma di studio, registrazione e salvaguardia di questo patrimonio, coinvolgendo un gruppo di lavoro del Centro di ricerca francese di Gerusalemme e dell&#8217;Universit\u00e0 Ebraica. Questo programma ha prodotto un gran numero di opere e pubblicazioni, tra cui l&#8217;antologia <a href=\"https:\/\/www.iemj.org\/the-liturgy-of-beta-israel-music-of-the-ethiopian-jewish-prayer\/\">The Liturgy of Beta Israel \u2013 Music of the Ethiopian Jewish Prayer<\/a> pubblicata nel 2018 dal Jewish Music Research Center dell&#8217;Universit\u00e0 Ebraica di Gerusalemme.<\/p>\n<p>Una trentina di anni dopo, cosa \u00e8 successo alla canzone della comunit\u00e0 ebraica etiope? Questa presentazione ne illustrer\u00e0 il destino<\/p>\n<p style=\"text-align: center;\">\u2666\u2666\u2666\u2666\u2666\u2666\u2666\u2666\u2666\u2666<\/p>\n<hr \/>\n<p><strong>I relatori:<\/strong><\/p>\n<p><img decoding=\"async\" class=\" wp-image-95042 alignright\" src=\"https:\/\/www.iemj.org\/wp-content\/uploads\/2023\/02\/Simha-Arom-300x300.jpg\" alt=\"\" width=\"165\" height=\"165\" srcset=\"https:\/\/www.iemj.org\/wp-content\/uploads\/2023\/02\/Simha-Arom-300x300.jpg 300w, https:\/\/www.iemj.org\/wp-content\/uploads\/2023\/02\/Simha-Arom-150x150.jpg 150w, https:\/\/www.iemj.org\/wp-content\/uploads\/2023\/02\/Simha-Arom-100x100.jpg 100w, https:\/\/www.iemj.org\/wp-content\/uploads\/2023\/02\/Simha-Arom.jpg 330w\" sizes=\"(max-width: 165px) 100vw, 165px\" \/>Direttore di ricerca emerito presso il CNRS, Simha Arom \u00e8 membro fondatore della Soci\u00e9t\u00e9 fran\u00e7aise d&#8217;ethnomusicologie, della Soci\u00e9t\u00e9 fran\u00e7aise d&#8217;analyse musicale, della European Society for the Cognitive Sciences of Music (ESCOM) e dell&#8217;European Seminar in Ethnomusicology; \u00e8 inoltre membro della Soci\u00e9t\u00e9 fran\u00e7aise de musicologie e del Consiglio di amministrazione del progetto The Universe of Music (UNESCO).<\/p>\n<p>Nel 2014 Simha Arom ha ricevuto il Prix Antoine Bernheim dalla Fondation du juda\u00efsme fran\u00e7ais.<\/p>\n<p><img decoding=\"async\" class=\" wp-image-95048 alignright\" src=\"https:\/\/www.iemj.org\/wp-content\/uploads\/2023\/02\/Olivier-Tourny-251x300.jpg\" alt=\"\" width=\"127\" height=\"152\" srcset=\"https:\/\/www.iemj.org\/wp-content\/uploads\/2023\/02\/Olivier-Tourny-251x300.jpg 251w, https:\/\/www.iemj.org\/wp-content\/uploads\/2023\/02\/Olivier-Tourny.jpg 290w\" sizes=\"(max-width: 127px) 100vw, 127px\" \/>Direttore di ricerca presso il CNRS, Olivier Tourny \u00e8 un etnomusicologo specializzato nella musica rituale e liturgica dell&#8217;Etiopia e di Gerusalemme. Direttore del programma &#8220;Etnomusicologia dell&#8217;Etiopia&#8221;, poi direttore del Centro di ricerca francese a Gerusalemme, lavora oggi presso l&#8217;Institut d&#8217;Ethnologie M\u00e9diterran\u00e9enne, Europ\u00e9enne, Comparative d&#8217;Aix-Marseille Universit\u00e9.<\/p>\n<p>Moderatore: Herv\u00e9 Roten, direttore dell&#8217;Istituto Europeo di Musiche Ebraiche.<\/p>\n","protected":false},"excerpt":{"rendered":"","protected":false},"author":5,"featured_media":95008,"comment_status":"closed","ping_status":"closed","sticky":false,"template":"","format":"standard","meta":{"_acf_changed":false,"footnotes":""},"categories":[1383,1371],"tags":[2081,2224],"technique":[],"squelettes":[],"sujet":[],"formation":[],"genre":[],"fonds":[],"tradition":[],"type-de-contenu":[],"interprete-compositeur":[],"frise":[],"type-devenement":[],"tableaux-liens-externes":[],"class_list":["post-95016","post","type-post","status-publish","format-standard","has-post-thumbnail","hentry","category-corsi-conferenze-it","category-manifestazioni-it","tag-etiopia-it","tag-eventi-iemj-it"],"acf":[],"yoast_head":"<!-- This site is optimized with the Yoast SEO plugin v27.3 - https:\/\/yoast.com\/product\/yoast-seo-wordpress\/ -->\n<title>Il canto liturgico degli ebrei etiopi: un destino israeliano - Institut Europ\u00e9en des Musiques Juives<\/title>\n<meta name=\"robots\" content=\"index, follow, max-snippet:-1, max-image-preview:large, max-video-preview:-1\" \/>\n<link rel=\"canonical\" href=\"https:\/\/www.iemj.org\/it\/le-chant-liturgique-des-juifs-dethiopie-un-destin-israelien\/\" \/>\n<meta property=\"og:locale\" content=\"it_IT\" \/>\n<meta property=\"og:type\" content=\"article\" \/>\n<meta property=\"og:title\" content=\"Il canto liturgico degli ebrei etiopi: un destino israeliano - Institut Europ\u00e9en des Musiques Juives\" \/>\n<meta property=\"og:url\" content=\"https:\/\/www.iemj.org\/it\/le-chant-liturgique-des-juifs-dethiopie-un-destin-israelien\/\" \/>\n<meta property=\"og:site_name\" content=\"Institut Europ\u00e9en des Musiques Juives\" \/>\n<meta property=\"article:publisher\" content=\"https:\/\/www.facebook.com\/MusiquesJuives\/\" \/>\n<meta property=\"article:published_time\" content=\"2023-02-28T16:16:22+00:00\" \/>\n<meta property=\"article:modified_time\" content=\"2023-03-01T10:03:50+00:00\" \/>\n<meta property=\"og:image\" content=\"https:\/\/www.iemj.org\/wp-content\/uploads\/2023\/02\/Logo-article-Conf.-Chant-Lit-J-Ethiopie.jpg\" \/>\n\t<meta property=\"og:image:width\" content=\"500\" \/>\n\t<meta property=\"og:image:height\" content=\"500\" \/>\n\t<meta property=\"og:image:type\" content=\"image\/jpeg\" \/>\n<meta name=\"author\" content=\"Jacqueline ROTEN\" \/>\n<meta name=\"twitter:card\" content=\"summary_large_image\" \/>\n<meta name=\"twitter:label1\" content=\"Scritto da\" \/>\n\t<meta name=\"twitter:data1\" content=\"Jacqueline ROTEN\" \/>\n\t<meta name=\"twitter:label2\" content=\"Tempo di lettura stimato\" \/>\n\t<meta name=\"twitter:data2\" content=\"2 minuti\" \/>\n<script type=\"application\/ld+json\" class=\"yoast-schema-graph\">{\"@context\":\"https:\\\/\\\/schema.org\",\"@graph\":[{\"@type\":\"Article\",\"@id\":\"https:\\\/\\\/www.iemj.org\\\/it\\\/le-chant-liturgique-des-juifs-dethiopie-un-destin-israelien\\\/#article\",\"isPartOf\":{\"@id\":\"https:\\\/\\\/www.iemj.org\\\/it\\\/le-chant-liturgique-des-juifs-dethiopie-un-destin-israelien\\\/\"},\"author\":{\"name\":\"Jacqueline ROTEN\",\"@id\":\"https:\\\/\\\/www.iemj.org\\\/it\\\/#\\\/schema\\\/person\\\/358e26c18aca017fcc4cc15437f7279c\"},\"headline\":\"Il canto liturgico degli ebrei etiopi: un destino israeliano\",\"datePublished\":\"2023-02-28T16:16:22+00:00\",\"dateModified\":\"2023-03-01T10:03:50+00:00\",\"mainEntityOfPage\":{\"@id\":\"https:\\\/\\\/www.iemj.org\\\/it\\\/le-chant-liturgique-des-juifs-dethiopie-un-destin-israelien\\\/\"},\"wordCount\":319,\"publisher\":{\"@id\":\"https:\\\/\\\/www.iemj.org\\\/it\\\/#organization\"},\"image\":{\"@id\":\"https:\\\/\\\/www.iemj.org\\\/it\\\/le-chant-liturgique-des-juifs-dethiopie-un-destin-israelien\\\/#primaryimage\"},\"thumbnailUrl\":\"https:\\\/\\\/www.iemj.org\\\/wp-content\\\/uploads\\\/2023\\\/02\\\/Logo-article-Conf.-Chant-Lit-J-Ethiopie.jpg\",\"keywords\":[\"Etiopia\",\"Eventi IEMJ\"],\"articleSection\":[\"Corsi \\\/ Conferenze\",\"Manifestazioni\"],\"inLanguage\":\"it-IT\"},{\"@type\":\"WebPage\",\"@id\":\"https:\\\/\\\/www.iemj.org\\\/it\\\/le-chant-liturgique-des-juifs-dethiopie-un-destin-israelien\\\/\",\"url\":\"https:\\\/\\\/www.iemj.org\\\/it\\\/le-chant-liturgique-des-juifs-dethiopie-un-destin-israelien\\\/\",\"name\":\"Il canto liturgico degli ebrei etiopi: un destino israeliano - Institut Europ\u00e9en des Musiques Juives\",\"isPartOf\":{\"@id\":\"https:\\\/\\\/www.iemj.org\\\/it\\\/#website\"},\"primaryImageOfPage\":{\"@id\":\"https:\\\/\\\/www.iemj.org\\\/it\\\/le-chant-liturgique-des-juifs-dethiopie-un-destin-israelien\\\/#primaryimage\"},\"image\":{\"@id\":\"https:\\\/\\\/www.iemj.org\\\/it\\\/le-chant-liturgique-des-juifs-dethiopie-un-destin-israelien\\\/#primaryimage\"},\"thumbnailUrl\":\"https:\\\/\\\/www.iemj.org\\\/wp-content\\\/uploads\\\/2023\\\/02\\\/Logo-article-Conf.-Chant-Lit-J-Ethiopie.jpg\",\"datePublished\":\"2023-02-28T16:16:22+00:00\",\"dateModified\":\"2023-03-01T10:03:50+00:00\",\"breadcrumb\":{\"@id\":\"https:\\\/\\\/www.iemj.org\\\/it\\\/le-chant-liturgique-des-juifs-dethiopie-un-destin-israelien\\\/#breadcrumb\"},\"inLanguage\":\"it-IT\",\"potentialAction\":[{\"@type\":\"ReadAction\",\"target\":[\"https:\\\/\\\/www.iemj.org\\\/it\\\/le-chant-liturgique-des-juifs-dethiopie-un-destin-israelien\\\/\"]}]},{\"@type\":\"ImageObject\",\"inLanguage\":\"it-IT\",\"@id\":\"https:\\\/\\\/www.iemj.org\\\/it\\\/le-chant-liturgique-des-juifs-dethiopie-un-destin-israelien\\\/#primaryimage\",\"url\":\"https:\\\/\\\/www.iemj.org\\\/wp-content\\\/uploads\\\/2023\\\/02\\\/Logo-article-Conf.-Chant-Lit-J-Ethiopie.jpg\",\"contentUrl\":\"https:\\\/\\\/www.iemj.org\\\/wp-content\\\/uploads\\\/2023\\\/02\\\/Logo-article-Conf.-Chant-Lit-J-Ethiopie.jpg\",\"width\":500,\"height\":500},{\"@type\":\"BreadcrumbList\",\"@id\":\"https:\\\/\\\/www.iemj.org\\\/it\\\/le-chant-liturgique-des-juifs-dethiopie-un-destin-israelien\\\/#breadcrumb\",\"itemListElement\":[{\"@type\":\"ListItem\",\"position\":1,\"name\":\"Accueil\",\"item\":\"https:\\\/\\\/www.iemj.org\\\/it\\\/\"},{\"@type\":\"ListItem\",\"position\":2,\"name\":\"Il canto liturgico degli ebrei etiopi: un destino israeliano\"}]},{\"@type\":\"WebSite\",\"@id\":\"https:\\\/\\\/www.iemj.org\\\/it\\\/#website\",\"url\":\"https:\\\/\\\/www.iemj.org\\\/it\\\/\",\"name\":\"Institut Europ\u00e9en des Musiques Juives\",\"description\":\"Des traditions musicales \u00e0 la port\u00e9e de tous\",\"publisher\":{\"@id\":\"https:\\\/\\\/www.iemj.org\\\/it\\\/#organization\"},\"potentialAction\":[{\"@type\":\"SearchAction\",\"target\":{\"@type\":\"EntryPoint\",\"urlTemplate\":\"https:\\\/\\\/www.iemj.org\\\/it\\\/?s={search_term_string}\"},\"query-input\":{\"@type\":\"PropertyValueSpecification\",\"valueRequired\":true,\"valueName\":\"search_term_string\"}}],\"inLanguage\":\"it-IT\"},{\"@type\":\"Organization\",\"@id\":\"https:\\\/\\\/www.iemj.org\\\/it\\\/#organization\",\"name\":\"Institut Europ\u00e9en des Musiques Juives\",\"url\":\"https:\\\/\\\/www.iemj.org\\\/it\\\/\",\"logo\":{\"@type\":\"ImageObject\",\"inLanguage\":\"it-IT\",\"@id\":\"https:\\\/\\\/www.iemj.org\\\/it\\\/#\\\/schema\\\/logo\\\/image\\\/\",\"url\":\"https:\\\/\\\/www.iemj.org\\\/wp-content\\\/uploads\\\/2021\\\/09\\\/Logo-IEMJ-Paypal.jpg\",\"contentUrl\":\"https:\\\/\\\/www.iemj.org\\\/wp-content\\\/uploads\\\/2021\\\/09\\\/Logo-IEMJ-Paypal.jpg\",\"width\":150,\"height\":50,\"caption\":\"Institut Europ\u00e9en des Musiques Juives\"},\"image\":{\"@id\":\"https:\\\/\\\/www.iemj.org\\\/it\\\/#\\\/schema\\\/logo\\\/image\\\/\"},\"sameAs\":[\"https:\\\/\\\/www.facebook.com\\\/MusiquesJuives\\\/\",\"https:\\\/\\\/www.instagram.com\\\/musiquesjuives\\\/\",\"https:\\\/\\\/www.youtube.com\\\/user\\\/musiquesjuives\"]},{\"@type\":\"Person\",\"@id\":\"https:\\\/\\\/www.iemj.org\\\/it\\\/#\\\/schema\\\/person\\\/358e26c18aca017fcc4cc15437f7279c\",\"name\":\"Jacqueline ROTEN\",\"image\":{\"@type\":\"ImageObject\",\"inLanguage\":\"it-IT\",\"@id\":\"https:\\\/\\\/secure.gravatar.com\\\/avatar\\\/5964256d6c6957de3a3505278957e0fb2a35119ac47ea41827a65301213c810b?s=96&d=mm&r=g\",\"url\":\"https:\\\/\\\/secure.gravatar.com\\\/avatar\\\/5964256d6c6957de3a3505278957e0fb2a35119ac47ea41827a65301213c810b?s=96&d=mm&r=g\",\"contentUrl\":\"https:\\\/\\\/secure.gravatar.com\\\/avatar\\\/5964256d6c6957de3a3505278957e0fb2a35119ac47ea41827a65301213c810b?s=96&d=mm&r=g\",\"caption\":\"Jacqueline ROTEN\"}}]}<\/script>\n<!-- \/ Yoast SEO plugin. -->","yoast_head_json":{"title":"Il canto liturgico degli ebrei etiopi: un destino israeliano - Institut Europ\u00e9en des Musiques Juives","robots":{"index":"index","follow":"follow","max-snippet":"max-snippet:-1","max-image-preview":"max-image-preview:large","max-video-preview":"max-video-preview:-1"},"canonical":"https:\/\/www.iemj.org\/it\/le-chant-liturgique-des-juifs-dethiopie-un-destin-israelien\/","og_locale":"it_IT","og_type":"article","og_title":"Il canto liturgico degli ebrei etiopi: un destino israeliano - Institut Europ\u00e9en des Musiques Juives","og_url":"https:\/\/www.iemj.org\/it\/le-chant-liturgique-des-juifs-dethiopie-un-destin-israelien\/","og_site_name":"Institut Europ\u00e9en des Musiques Juives","article_publisher":"https:\/\/www.facebook.com\/MusiquesJuives\/","article_published_time":"2023-02-28T16:16:22+00:00","article_modified_time":"2023-03-01T10:03:50+00:00","og_image":[{"width":500,"height":500,"url":"https:\/\/www.iemj.org\/wp-content\/uploads\/2023\/02\/Logo-article-Conf.-Chant-Lit-J-Ethiopie.jpg","type":"image\/jpeg"}],"author":"Jacqueline ROTEN","twitter_card":"summary_large_image","twitter_misc":{"Scritto da":"Jacqueline ROTEN","Tempo di lettura stimato":"2 minuti"},"schema":{"@context":"https:\/\/schema.org","@graph":[{"@type":"Article","@id":"https:\/\/www.iemj.org\/it\/le-chant-liturgique-des-juifs-dethiopie-un-destin-israelien\/#article","isPartOf":{"@id":"https:\/\/www.iemj.org\/it\/le-chant-liturgique-des-juifs-dethiopie-un-destin-israelien\/"},"author":{"name":"Jacqueline ROTEN","@id":"https:\/\/www.iemj.org\/it\/#\/schema\/person\/358e26c18aca017fcc4cc15437f7279c"},"headline":"Il canto liturgico degli ebrei etiopi: un destino israeliano","datePublished":"2023-02-28T16:16:22+00:00","dateModified":"2023-03-01T10:03:50+00:00","mainEntityOfPage":{"@id":"https:\/\/www.iemj.org\/it\/le-chant-liturgique-des-juifs-dethiopie-un-destin-israelien\/"},"wordCount":319,"publisher":{"@id":"https:\/\/www.iemj.org\/it\/#organization"},"image":{"@id":"https:\/\/www.iemj.org\/it\/le-chant-liturgique-des-juifs-dethiopie-un-destin-israelien\/#primaryimage"},"thumbnailUrl":"https:\/\/www.iemj.org\/wp-content\/uploads\/2023\/02\/Logo-article-Conf.-Chant-Lit-J-Ethiopie.jpg","keywords":["Etiopia","Eventi IEMJ"],"articleSection":["Corsi \/ Conferenze","Manifestazioni"],"inLanguage":"it-IT"},{"@type":"WebPage","@id":"https:\/\/www.iemj.org\/it\/le-chant-liturgique-des-juifs-dethiopie-un-destin-israelien\/","url":"https:\/\/www.iemj.org\/it\/le-chant-liturgique-des-juifs-dethiopie-un-destin-israelien\/","name":"Il canto liturgico degli ebrei etiopi: un destino israeliano - Institut Europ\u00e9en des Musiques Juives","isPartOf":{"@id":"https:\/\/www.iemj.org\/it\/#website"},"primaryImageOfPage":{"@id":"https:\/\/www.iemj.org\/it\/le-chant-liturgique-des-juifs-dethiopie-un-destin-israelien\/#primaryimage"},"image":{"@id":"https:\/\/www.iemj.org\/it\/le-chant-liturgique-des-juifs-dethiopie-un-destin-israelien\/#primaryimage"},"thumbnailUrl":"https:\/\/www.iemj.org\/wp-content\/uploads\/2023\/02\/Logo-article-Conf.-Chant-Lit-J-Ethiopie.jpg","datePublished":"2023-02-28T16:16:22+00:00","dateModified":"2023-03-01T10:03:50+00:00","breadcrumb":{"@id":"https:\/\/www.iemj.org\/it\/le-chant-liturgique-des-juifs-dethiopie-un-destin-israelien\/#breadcrumb"},"inLanguage":"it-IT","potentialAction":[{"@type":"ReadAction","target":["https:\/\/www.iemj.org\/it\/le-chant-liturgique-des-juifs-dethiopie-un-destin-israelien\/"]}]},{"@type":"ImageObject","inLanguage":"it-IT","@id":"https:\/\/www.iemj.org\/it\/le-chant-liturgique-des-juifs-dethiopie-un-destin-israelien\/#primaryimage","url":"https:\/\/www.iemj.org\/wp-content\/uploads\/2023\/02\/Logo-article-Conf.-Chant-Lit-J-Ethiopie.jpg","contentUrl":"https:\/\/www.iemj.org\/wp-content\/uploads\/2023\/02\/Logo-article-Conf.-Chant-Lit-J-Ethiopie.jpg","width":500,"height":500},{"@type":"BreadcrumbList","@id":"https:\/\/www.iemj.org\/it\/le-chant-liturgique-des-juifs-dethiopie-un-destin-israelien\/#breadcrumb","itemListElement":[{"@type":"ListItem","position":1,"name":"Accueil","item":"https:\/\/www.iemj.org\/it\/"},{"@type":"ListItem","position":2,"name":"Il canto liturgico degli ebrei etiopi: un destino israeliano"}]},{"@type":"WebSite","@id":"https:\/\/www.iemj.org\/it\/#website","url":"https:\/\/www.iemj.org\/it\/","name":"Institut Europ\u00e9en des Musiques Juives","description":"Des traditions musicales \u00e0 la port\u00e9e de tous","publisher":{"@id":"https:\/\/www.iemj.org\/it\/#organization"},"potentialAction":[{"@type":"SearchAction","target":{"@type":"EntryPoint","urlTemplate":"https:\/\/www.iemj.org\/it\/?s={search_term_string}"},"query-input":{"@type":"PropertyValueSpecification","valueRequired":true,"valueName":"search_term_string"}}],"inLanguage":"it-IT"},{"@type":"Organization","@id":"https:\/\/www.iemj.org\/it\/#organization","name":"Institut Europ\u00e9en des Musiques Juives","url":"https:\/\/www.iemj.org\/it\/","logo":{"@type":"ImageObject","inLanguage":"it-IT","@id":"https:\/\/www.iemj.org\/it\/#\/schema\/logo\/image\/","url":"https:\/\/www.iemj.org\/wp-content\/uploads\/2021\/09\/Logo-IEMJ-Paypal.jpg","contentUrl":"https:\/\/www.iemj.org\/wp-content\/uploads\/2021\/09\/Logo-IEMJ-Paypal.jpg","width":150,"height":50,"caption":"Institut Europ\u00e9en des Musiques Juives"},"image":{"@id":"https:\/\/www.iemj.org\/it\/#\/schema\/logo\/image\/"},"sameAs":["https:\/\/www.facebook.com\/MusiquesJuives\/","https:\/\/www.instagram.com\/musiquesjuives\/","https:\/\/www.youtube.com\/user\/musiquesjuives"]},{"@type":"Person","@id":"https:\/\/www.iemj.org\/it\/#\/schema\/person\/358e26c18aca017fcc4cc15437f7279c","name":"Jacqueline ROTEN","image":{"@type":"ImageObject","inLanguage":"it-IT","@id":"https:\/\/secure.gravatar.com\/avatar\/5964256d6c6957de3a3505278957e0fb2a35119ac47ea41827a65301213c810b?s=96&d=mm&r=g","url":"https:\/\/secure.gravatar.com\/avatar\/5964256d6c6957de3a3505278957e0fb2a35119ac47ea41827a65301213c810b?s=96&d=mm&r=g","contentUrl":"https:\/\/secure.gravatar.com\/avatar\/5964256d6c6957de3a3505278957e0fb2a35119ac47ea41827a65301213c810b?s=96&d=mm&r=g","caption":"Jacqueline ROTEN"}}]}},"_links":{"self":[{"href":"https:\/\/www.iemj.org\/it\/wp-json\/wp\/v2\/posts\/95016","targetHints":{"allow":["GET"]}}],"collection":[{"href":"https:\/\/www.iemj.org\/it\/wp-json\/wp\/v2\/posts"}],"about":[{"href":"https:\/\/www.iemj.org\/it\/wp-json\/wp\/v2\/types\/post"}],"author":[{"embeddable":true,"href":"https:\/\/www.iemj.org\/it\/wp-json\/wp\/v2\/users\/5"}],"replies":[{"embeddable":true,"href":"https:\/\/www.iemj.org\/it\/wp-json\/wp\/v2\/comments?post=95016"}],"version-history":[{"count":0,"href":"https:\/\/www.iemj.org\/it\/wp-json\/wp\/v2\/posts\/95016\/revisions"}],"wp:featuredmedia":[{"embeddable":true,"href":"https:\/\/www.iemj.org\/it\/wp-json\/wp\/v2\/media\/95008"}],"wp:attachment":[{"href":"https:\/\/www.iemj.org\/it\/wp-json\/wp\/v2\/media?parent=95016"}],"wp:term":[{"taxonomy":"category","embeddable":true,"href":"https:\/\/www.iemj.org\/it\/wp-json\/wp\/v2\/categories?post=95016"},{"taxonomy":"post_tag","embeddable":true,"href":"https:\/\/www.iemj.org\/it\/wp-json\/wp\/v2\/tags?post=95016"},{"taxonomy":"technique","embeddable":true,"href":"https:\/\/www.iemj.org\/it\/wp-json\/wp\/v2\/technique?post=95016"},{"taxonomy":"squelettes","embeddable":true,"href":"https:\/\/www.iemj.org\/it\/wp-json\/wp\/v2\/squelettes?post=95016"},{"taxonomy":"sujet","embeddable":true,"href":"https:\/\/www.iemj.org\/it\/wp-json\/wp\/v2\/sujet?post=95016"},{"taxonomy":"formation","embeddable":true,"href":"https:\/\/www.iemj.org\/it\/wp-json\/wp\/v2\/formation?post=95016"},{"taxonomy":"genre","embeddable":true,"href":"https:\/\/www.iemj.org\/it\/wp-json\/wp\/v2\/genre?post=95016"},{"taxonomy":"fonds","embeddable":true,"href":"https:\/\/www.iemj.org\/it\/wp-json\/wp\/v2\/fonds?post=95016"},{"taxonomy":"tradition","embeddable":true,"href":"https:\/\/www.iemj.org\/it\/wp-json\/wp\/v2\/tradition?post=95016"},{"taxonomy":"type-de-contenu","embeddable":true,"href":"https:\/\/www.iemj.org\/it\/wp-json\/wp\/v2\/type-de-contenu?post=95016"},{"taxonomy":"interprete-compositeur","embeddable":true,"href":"https:\/\/www.iemj.org\/it\/wp-json\/wp\/v2\/interprete-compositeur?post=95016"},{"taxonomy":"frise","embeddable":true,"href":"https:\/\/www.iemj.org\/it\/wp-json\/wp\/v2\/frise?post=95016"},{"taxonomy":"type-devenement","embeddable":true,"href":"https:\/\/www.iemj.org\/it\/wp-json\/wp\/v2\/type-devenement?post=95016"},{"taxonomy":"tableaux-liens-externes","embeddable":true,"href":"https:\/\/www.iemj.org\/it\/wp-json\/wp\/v2\/tableaux-liens-externes?post=95016"}],"curies":[{"name":"wp","href":"https:\/\/api.w.org\/{rel}","templated":true}]}}