{"id":95281,"date":"2023-03-07T11:35:22","date_gmt":"2023-03-07T10:35:22","guid":{"rendered":"https:\/\/www.iemj.org\/chamber-works-by-alberto-hemsi\/"},"modified":"2025-10-19T17:44:34","modified_gmt":"2025-10-19T15:44:34","slug":"chamber-works-by-alberto-hemsi","status":"publish","type":"post","link":"https:\/\/www.iemj.org\/it\/chamber-works-by-alberto-hemsi\/","title":{"rendered":"Chamber Works by Alberto Hemsi"},"content":{"rendered":"<p><!--more--><\/p>\n<p><strong>Chandos Records Ltd, 2022<\/strong><\/p>\n<p>Nel luglio 2004, Myriam Capelluto Hemsi ha donato all&#8217;Istituto Europeo di Musiche Ebraiche l\u2019insieme degli archivi musicali del marito, il compositore giudeo-spagnolo <a href=\"https:\/\/www.iemj.org\/it\/hemsi-alberto-1898-1975\/\">Alberto Hemsi<\/a> (1896 \u2013 1975). Gli archivi contengono in particolare 226 spartiti stampati e manoscritti di Alberto Hemsi, tra cui molte opere inedite, che sono ora accessibili sul catalogo dell&#8217;IEMJ.<\/p>\n<p>Un&#8217;ampia parte del lavoro di Hemsi \u00e8 legata alle musiche giudeo-spagnole, musiche che hanno fatto parte della sua infanzia nell&#8217;ex Impero Ottomano. Dopo aver compiuto solidi studi musicali a Milano (Italia) tra il 1913 e il 1919, Hemsi ha intrapreso ricerche etnografiche e folcloristiche al suo ritorno in patria, in particolare tra le vecchiette e le cantaderas, queste cantanti semi-professioniste, rinomate per le loro belle voci, che le famiglie invitavano a cantare in occasione di eventi speciali (matrimoni ed altre celebrazioni). Ha cos\u00ec potuto raccogliere e compilare 60 canzoni tradizionali giudeo-spagnole (le &#8220;Coplas Sefardies&#8221;), alle quali ha dato un accompagnamento pianistico originale che ricorda i grandi pianisti-compositori di inizio secolo &#8211; Enrique Granados, Isaac Alb\u00e9niz e, in particolare, Manuel de Falla e Maurice Ravel.<\/p>\n<p><img fetchpriority=\"high\" decoding=\"async\" class=\"size-medium wp-image-95252 alignright\" src=\"https:\/\/www.iemj.org\/wp-content\/uploads\/2023\/03\/alberto-hemsi-20-ans-192x300.jpg\" alt=\"\" width=\"192\" height=\"300\" srcset=\"https:\/\/www.iemj.org\/wp-content\/uploads\/2023\/03\/alberto-hemsi-20-ans-192x300.jpg 192w, https:\/\/www.iemj.org\/wp-content\/uploads\/2023\/03\/alberto-hemsi-20-ans.jpg 320w\" sizes=\"(max-width: 192px) 100vw, 192px\" \/>Le Coplas Sefardies sono state pubblicate in varie edizioni fonografiche a partire dal 1990 (con i cantanti Mira Zakai, Pedro Aledo, Assaf Levitin, Tehila Nini Goldstein&#8230;), ma finora le opere strumentali di Hemsi non sono mai state registrate. L&#8217;ARC Ensemble di Toronto ha rimediato a questa omissione con l&#8217;uscita del CD Chamber Works by Alberto Hemsi nell&#8217;ottobre 2022. Questo CD, pubblicato da Chandos nella collezione &#8220;Music in Exile&#8221;, presenta una selezione di cinque opere strumentali di Hemsi, superbamente eseguite da Marie B\u00e9rard, Erika Raum ed Emily Kruspe (violini), Steven Dann e Julien Altmann (viole), Tom Wiebe (violoncello) e Kevin Ahfat (pianoforte).<\/p>\n<p>La maggior parte di queste opere viene eseguita in prima mondiale. Ad esempio, le <em>Danze nuziali greche<\/em> per violoncello e pianoforte, Op. 37, probabilmente l&#8217;ultimo pezzo completato da Hemsi prima di trasferirsi a Parigi, presenta tre partecipanti al matrimonio, la suocera, la sposa ed il padrino. Dedicate a due filantropi ebrei, le <em>Tre Arie Antiche (dalle &#8216;Coplas Sefardies&#8217;)<\/em> per quartetto d&#8217;archi, Op. 30, sono trascrizioni di tre canzoni che Hemsi aveva originariamente arrangiato con accompagnamento pianistico. La <em>Pilp\u00fal Sonata <\/em> per violino e pianoforte, Op. 27, attinge agli aspetti ironici dell\u2019argomentazione talmudica, creando un&#8217;opera accattivante che incorpora elementi di jazz e d&#8217;impressionismo. Nel <em>Quintet<\/em> per viola e quartetto d&#8217;archi, Op. 28, Hemsi rompe con l&#8217;uso di temi sefarditi ed include un movimento che imita una danza di battuta di piedi ed un altro che sassomiglia stranamente ad una <img decoding=\"async\" class=\"size-medium wp-image-95257 alignright\" src=\"https:\/\/www.iemj.org\/wp-content\/uploads\/2023\/03\/photo-Arc-Ensemble-200x300.jpg\" alt=\"\" width=\"200\" height=\"300\" srcset=\"https:\/\/www.iemj.org\/wp-content\/uploads\/2023\/03\/photo-Arc-Ensemble-200x300.jpg 200w, https:\/\/www.iemj.org\/wp-content\/uploads\/2023\/03\/photo-Arc-Ensemble.jpg 333w\" sizes=\"(max-width: 200px) 100vw, 200px\" \/>giga inglese. Nella <em>M\u00e9ditation<\/em> (in stile armeno) per violoncello e pianoforte, Op. 16, diffusa in Egitto negli anni Venti e Trenta, le rapide note ripetute del pianoforte, i trilli decorativi e gli arpeggi evocano il santuri greco, uno strumento a corde percosse simile al dulcimer od al timpano.<\/p>\n<p>Con la pubblicazione di questo album, l&#8217;ARC Ensemble, gi\u00e0 premiato con diverse nomine ai Grammy Award, ha messo a segno un colpo da maestro che far\u00e0 venire agli spettatori la voglia di ascoltare Hemsi ed ai musicisti la voglia di suonarlo.<\/p>\n<p>Un disco magnifico e salvatore&#8230;<\/p>\n<ul>\n<li><a href=\"https:\/\/www.rcmusic.com\/about-us\/news\/arc-ensemble-uncovers-hidden-treasure-the-music-of\" target=\"_blank\" rel=\"noopener\">Maggiori informazioni sul CD Chamber Works by Alberto Hemsi<\/a><\/li>\n<li><a href=\"https:\/\/www.iemj.org\/it\/walter-kaufmann-musique-de-chambre\/\" target=\"_blank\" rel=\"noopener\">Scoprire gli altri CD della serie Music in Exile<\/a><\/li>\n<li><a href=\"https:\/\/www.iemj.org\/it\/categorie-produit\/spartiti-it\/compositori-it\/hemsi-alberto-it\/\" target=\"_blank\" rel=\"noopener\">Ordinare gli spartiti di Alberto Hemsi sul sito dell\u2019IEMJ<\/a><\/li>\n<li><a href=\"https:\/\/www.iemj.org\/it\/product\/alberto-hemsi-coplas-sefardies\/\" target=\"_blank\" rel=\"noopener\">Ordinare il CD Alberto Hemsi, Coplas sefardies, coll. Patrimon\u00ee musicali degli ebrei di Francia, edizione dell\u2019IEMJ, 2004<\/a><\/li>\n<li><a href=\"https:\/\/www.iemj.org\/it\/alberto-hemsi-coplas-sefardies\/\" target=\"_blank\" rel=\"noopener\">Ascoltare estratti del CD Alberto Hemsi, Coplas sefardies<\/a><\/li>\n<li><a href=\"https:\/\/www.iemj.org\/it\/video-alberto-hemsi-un-compositeur-au-service-de-la-culture-sefarade\/\" target=\"_blank\" rel=\"noopener\">Visionare il film su Alberto Hemsi<\/a><\/li>\n<li><a href=\"https:\/\/www.youtube.com\/playlist?list=PLx_IKco0CteD3pmz8kaz9Jcz7Ge0kVHuw\" target=\"_blank\" rel=\"noopener\">Trovare Alberto Hemsi sul nostro canale YouTube<\/a><\/li>\n<li><a href=\"http:\/\/www.rachelnet.net\/F\/?func=find-c&amp;ccl_term=WRD+%3D+Hemsi+Alberto&amp;local_base=iemcg\" target=\"_blank\" rel=\"noopener\">Consultare i nostri archivi su Alberto Hemsi<\/a><\/li>\n<\/ul>\n<p><img decoding=\"async\" class=\" wp-image-95262 aligncenter\" src=\"https:\/\/www.iemj.org\/wp-content\/uploads\/2023\/03\/4e-COUV-CD-HEMSI-300x234.jpg\" alt=\"\" width=\"729\" height=\"569\" srcset=\"https:\/\/www.iemj.org\/wp-content\/uploads\/2023\/03\/4e-COUV-CD-HEMSI-300x234.jpg 300w, https:\/\/www.iemj.org\/wp-content\/uploads\/2023\/03\/4e-COUV-CD-HEMSI-600x469.jpg 600w, https:\/\/www.iemj.org\/wp-content\/uploads\/2023\/03\/4e-COUV-CD-HEMSI.jpg 700w\" sizes=\"(max-width: 729px) 100vw, 729px\" \/><\/p>\n\n\n<figure class=\"wp-block-embed is-type-video is-provider-youtube wp-block-embed-youtube wp-embed-aspect-16-9 wp-has-aspect-ratio\"><div class=\"wp-block-embed__wrapper\">\n<iframe title=\"ARC Ensemble: Alberto Hemsi, Chamber Works\" width=\"640\" height=\"360\" src=\"https:\/\/www.youtube.com\/embed\/y4w36KptkhU?feature=oembed\" frameborder=\"0\" allow=\"accelerometer; autoplay; clipboard-write; encrypted-media; gyroscope; picture-in-picture; web-share\" referrerpolicy=\"strict-origin-when-cross-origin\" allowfullscreen><\/iframe>\n<\/div><\/figure>\n\n\n<div class=\"wp-block-image\">\n<figure class=\"aligncenter size-large\"><img loading=\"lazy\" decoding=\"async\" width=\"1024\" height=\"133\" src=\"https:\/\/www.iemj.org\/wp-content\/uploads\/2024\/03\/AUDIO-PLAYER-1024x133.png\" alt=\"\" class=\"wp-image-110609\" srcset=\"https:\/\/www.iemj.org\/wp-content\/uploads\/2024\/03\/AUDIO-PLAYER-1024x133.png 1024w, https:\/\/www.iemj.org\/wp-content\/uploads\/2024\/03\/AUDIO-PLAYER-300x39.png 300w, https:\/\/www.iemj.org\/wp-content\/uploads\/2024\/03\/AUDIO-PLAYER-768x100.png 768w, https:\/\/www.iemj.org\/wp-content\/uploads\/2024\/03\/AUDIO-PLAYER-600x78.png 600w, https:\/\/www.iemj.org\/wp-content\/uploads\/2024\/03\/AUDIO-PLAYER.png 1210w\" sizes=\"(max-width: 1024px) 100vw, 1024px\" \/><\/figure>\n<\/div>","protected":false},"excerpt":{"rendered":"","protected":false},"author":5,"featured_media":95270,"comment_status":"closed","ping_status":"closed","sticky":false,"template":"","format":"standard","meta":{"_acf_changed":false,"footnotes":""},"categories":[1569,1564],"tags":[],"technique":[],"squelettes":[],"sujet":[],"formation":[],"genre":[],"fonds":[],"tradition":[],"type-de-contenu":[],"interprete-compositeur":[3082],"frise":[],"type-devenement":[],"tableaux-liens-externes":[],"class_list":["post-95281","post","type-post","status-publish","format-standard","has-post-thumbnail","hentry","category-cd-it","category-ultimi-acquisti-it","interprete-compositeur-alberto-hemsi-it"],"acf":[],"yoast_head":"<!-- This site is optimized with the Yoast SEO plugin v27.3 - https:\/\/yoast.com\/product\/yoast-seo-wordpress\/ -->\n<title>Chamber Works by Alberto Hemsi - Institut Europ\u00e9en des Musiques Juives<\/title>\n<meta name=\"robots\" content=\"index, follow, max-snippet:-1, max-image-preview:large, max-video-preview:-1\" \/>\n<link rel=\"canonical\" href=\"https:\/\/www.iemj.org\/it\/chamber-works-by-alberto-hemsi\/\" \/>\n<meta property=\"og:locale\" content=\"it_IT\" \/>\n<meta property=\"og:type\" content=\"article\" \/>\n<meta property=\"og:title\" content=\"Chamber Works by Alberto Hemsi - Institut Europ\u00e9en des Musiques Juives\" \/>\n<meta property=\"og:url\" content=\"https:\/\/www.iemj.org\/it\/chamber-works-by-alberto-hemsi\/\" \/>\n<meta property=\"og:site_name\" content=\"Institut Europ\u00e9en des Musiques Juives\" \/>\n<meta property=\"article:publisher\" content=\"https:\/\/www.facebook.com\/MusiquesJuives\/\" \/>\n<meta property=\"article:published_time\" content=\"2023-03-07T10:35:22+00:00\" \/>\n<meta property=\"article:modified_time\" content=\"2025-10-19T15:44:34+00:00\" \/>\n<meta property=\"og:image\" content=\"https:\/\/www.iemj.org\/wp-content\/uploads\/2023\/03\/Logo-CD-Hemsi-Arc-Ensemble.jpg\" \/>\n\t<meta property=\"og:image:width\" content=\"500\" \/>\n\t<meta property=\"og:image:height\" content=\"500\" \/>\n\t<meta property=\"og:image:type\" content=\"image\/jpeg\" \/>\n<meta name=\"author\" content=\"Jacqueline ROTEN\" \/>\n<meta name=\"twitter:card\" content=\"summary_large_image\" \/>\n<meta name=\"twitter:label1\" content=\"Scritto da\" \/>\n\t<meta name=\"twitter:data1\" content=\"Jacqueline ROTEN\" \/>\n\t<meta name=\"twitter:label2\" content=\"Tempo di lettura stimato\" \/>\n\t<meta name=\"twitter:data2\" content=\"4 minuti\" \/>\n<script type=\"application\/ld+json\" class=\"yoast-schema-graph\">{\"@context\":\"https:\\\/\\\/schema.org\",\"@graph\":[{\"@type\":\"Article\",\"@id\":\"https:\\\/\\\/www.iemj.org\\\/it\\\/chamber-works-by-alberto-hemsi\\\/#article\",\"isPartOf\":{\"@id\":\"https:\\\/\\\/www.iemj.org\\\/it\\\/chamber-works-by-alberto-hemsi\\\/\"},\"author\":{\"name\":\"Jacqueline ROTEN\",\"@id\":\"https:\\\/\\\/www.iemj.org\\\/it\\\/#\\\/schema\\\/person\\\/358e26c18aca017fcc4cc15437f7279c\"},\"headline\":\"Chamber Works by Alberto Hemsi\",\"datePublished\":\"2023-03-07T10:35:22+00:00\",\"dateModified\":\"2025-10-19T15:44:34+00:00\",\"mainEntityOfPage\":{\"@id\":\"https:\\\/\\\/www.iemj.org\\\/it\\\/chamber-works-by-alberto-hemsi\\\/\"},\"wordCount\":599,\"publisher\":{\"@id\":\"https:\\\/\\\/www.iemj.org\\\/it\\\/#organization\"},\"image\":{\"@id\":\"https:\\\/\\\/www.iemj.org\\\/it\\\/chamber-works-by-alberto-hemsi\\\/#primaryimage\"},\"thumbnailUrl\":\"https:\\\/\\\/www.iemj.org\\\/wp-content\\\/uploads\\\/2023\\\/03\\\/Logo-CD-Hemsi-Arc-Ensemble.jpg\",\"articleSection\":[\"CD\",\"Ultimi acquisti\"],\"inLanguage\":\"it-IT\"},{\"@type\":\"WebPage\",\"@id\":\"https:\\\/\\\/www.iemj.org\\\/it\\\/chamber-works-by-alberto-hemsi\\\/\",\"url\":\"https:\\\/\\\/www.iemj.org\\\/it\\\/chamber-works-by-alberto-hemsi\\\/\",\"name\":\"Chamber Works by Alberto Hemsi - Institut Europ\u00e9en des Musiques Juives\",\"isPartOf\":{\"@id\":\"https:\\\/\\\/www.iemj.org\\\/it\\\/#website\"},\"primaryImageOfPage\":{\"@id\":\"https:\\\/\\\/www.iemj.org\\\/it\\\/chamber-works-by-alberto-hemsi\\\/#primaryimage\"},\"image\":{\"@id\":\"https:\\\/\\\/www.iemj.org\\\/it\\\/chamber-works-by-alberto-hemsi\\\/#primaryimage\"},\"thumbnailUrl\":\"https:\\\/\\\/www.iemj.org\\\/wp-content\\\/uploads\\\/2023\\\/03\\\/Logo-CD-Hemsi-Arc-Ensemble.jpg\",\"datePublished\":\"2023-03-07T10:35:22+00:00\",\"dateModified\":\"2025-10-19T15:44:34+00:00\",\"breadcrumb\":{\"@id\":\"https:\\\/\\\/www.iemj.org\\\/it\\\/chamber-works-by-alberto-hemsi\\\/#breadcrumb\"},\"inLanguage\":\"it-IT\",\"potentialAction\":[{\"@type\":\"ReadAction\",\"target\":[\"https:\\\/\\\/www.iemj.org\\\/it\\\/chamber-works-by-alberto-hemsi\\\/\"]}]},{\"@type\":\"ImageObject\",\"inLanguage\":\"it-IT\",\"@id\":\"https:\\\/\\\/www.iemj.org\\\/it\\\/chamber-works-by-alberto-hemsi\\\/#primaryimage\",\"url\":\"https:\\\/\\\/www.iemj.org\\\/wp-content\\\/uploads\\\/2023\\\/03\\\/Logo-CD-Hemsi-Arc-Ensemble.jpg\",\"contentUrl\":\"https:\\\/\\\/www.iemj.org\\\/wp-content\\\/uploads\\\/2023\\\/03\\\/Logo-CD-Hemsi-Arc-Ensemble.jpg\",\"width\":500,\"height\":500},{\"@type\":\"BreadcrumbList\",\"@id\":\"https:\\\/\\\/www.iemj.org\\\/it\\\/chamber-works-by-alberto-hemsi\\\/#breadcrumb\",\"itemListElement\":[{\"@type\":\"ListItem\",\"position\":1,\"name\":\"Accueil\",\"item\":\"https:\\\/\\\/www.iemj.org\\\/it\\\/\"},{\"@type\":\"ListItem\",\"position\":2,\"name\":\"Chamber Works by Alberto Hemsi\"}]},{\"@type\":\"WebSite\",\"@id\":\"https:\\\/\\\/www.iemj.org\\\/it\\\/#website\",\"url\":\"https:\\\/\\\/www.iemj.org\\\/it\\\/\",\"name\":\"Institut Europ\u00e9en des Musiques Juives\",\"description\":\"Des traditions musicales \u00e0 la port\u00e9e de tous\",\"publisher\":{\"@id\":\"https:\\\/\\\/www.iemj.org\\\/it\\\/#organization\"},\"potentialAction\":[{\"@type\":\"SearchAction\",\"target\":{\"@type\":\"EntryPoint\",\"urlTemplate\":\"https:\\\/\\\/www.iemj.org\\\/it\\\/?s={search_term_string}\"},\"query-input\":{\"@type\":\"PropertyValueSpecification\",\"valueRequired\":true,\"valueName\":\"search_term_string\"}}],\"inLanguage\":\"it-IT\"},{\"@type\":\"Organization\",\"@id\":\"https:\\\/\\\/www.iemj.org\\\/it\\\/#organization\",\"name\":\"Institut Europ\u00e9en des Musiques Juives\",\"url\":\"https:\\\/\\\/www.iemj.org\\\/it\\\/\",\"logo\":{\"@type\":\"ImageObject\",\"inLanguage\":\"it-IT\",\"@id\":\"https:\\\/\\\/www.iemj.org\\\/it\\\/#\\\/schema\\\/logo\\\/image\\\/\",\"url\":\"https:\\\/\\\/www.iemj.org\\\/wp-content\\\/uploads\\\/2021\\\/09\\\/Logo-IEMJ-Paypal.jpg\",\"contentUrl\":\"https:\\\/\\\/www.iemj.org\\\/wp-content\\\/uploads\\\/2021\\\/09\\\/Logo-IEMJ-Paypal.jpg\",\"width\":150,\"height\":50,\"caption\":\"Institut Europ\u00e9en des Musiques Juives\"},\"image\":{\"@id\":\"https:\\\/\\\/www.iemj.org\\\/it\\\/#\\\/schema\\\/logo\\\/image\\\/\"},\"sameAs\":[\"https:\\\/\\\/www.facebook.com\\\/MusiquesJuives\\\/\",\"https:\\\/\\\/www.instagram.com\\\/musiquesjuives\\\/\",\"https:\\\/\\\/www.youtube.com\\\/user\\\/musiquesjuives\"]},{\"@type\":\"Person\",\"@id\":\"https:\\\/\\\/www.iemj.org\\\/it\\\/#\\\/schema\\\/person\\\/358e26c18aca017fcc4cc15437f7279c\",\"name\":\"Jacqueline ROTEN\",\"image\":{\"@type\":\"ImageObject\",\"inLanguage\":\"it-IT\",\"@id\":\"https:\\\/\\\/secure.gravatar.com\\\/avatar\\\/5964256d6c6957de3a3505278957e0fb2a35119ac47ea41827a65301213c810b?s=96&d=mm&r=g\",\"url\":\"https:\\\/\\\/secure.gravatar.com\\\/avatar\\\/5964256d6c6957de3a3505278957e0fb2a35119ac47ea41827a65301213c810b?s=96&d=mm&r=g\",\"contentUrl\":\"https:\\\/\\\/secure.gravatar.com\\\/avatar\\\/5964256d6c6957de3a3505278957e0fb2a35119ac47ea41827a65301213c810b?s=96&d=mm&r=g\",\"caption\":\"Jacqueline ROTEN\"}}]}<\/script>\n<!-- \/ Yoast SEO plugin. -->","yoast_head_json":{"title":"Chamber Works by Alberto Hemsi - Institut Europ\u00e9en des Musiques Juives","robots":{"index":"index","follow":"follow","max-snippet":"max-snippet:-1","max-image-preview":"max-image-preview:large","max-video-preview":"max-video-preview:-1"},"canonical":"https:\/\/www.iemj.org\/it\/chamber-works-by-alberto-hemsi\/","og_locale":"it_IT","og_type":"article","og_title":"Chamber Works by Alberto Hemsi - Institut Europ\u00e9en des Musiques Juives","og_url":"https:\/\/www.iemj.org\/it\/chamber-works-by-alberto-hemsi\/","og_site_name":"Institut Europ\u00e9en des Musiques Juives","article_publisher":"https:\/\/www.facebook.com\/MusiquesJuives\/","article_published_time":"2023-03-07T10:35:22+00:00","article_modified_time":"2025-10-19T15:44:34+00:00","og_image":[{"width":500,"height":500,"url":"https:\/\/www.iemj.org\/wp-content\/uploads\/2023\/03\/Logo-CD-Hemsi-Arc-Ensemble.jpg","type":"image\/jpeg"}],"author":"Jacqueline ROTEN","twitter_card":"summary_large_image","twitter_misc":{"Scritto da":"Jacqueline ROTEN","Tempo di lettura stimato":"4 minuti"},"schema":{"@context":"https:\/\/schema.org","@graph":[{"@type":"Article","@id":"https:\/\/www.iemj.org\/it\/chamber-works-by-alberto-hemsi\/#article","isPartOf":{"@id":"https:\/\/www.iemj.org\/it\/chamber-works-by-alberto-hemsi\/"},"author":{"name":"Jacqueline ROTEN","@id":"https:\/\/www.iemj.org\/it\/#\/schema\/person\/358e26c18aca017fcc4cc15437f7279c"},"headline":"Chamber Works by Alberto Hemsi","datePublished":"2023-03-07T10:35:22+00:00","dateModified":"2025-10-19T15:44:34+00:00","mainEntityOfPage":{"@id":"https:\/\/www.iemj.org\/it\/chamber-works-by-alberto-hemsi\/"},"wordCount":599,"publisher":{"@id":"https:\/\/www.iemj.org\/it\/#organization"},"image":{"@id":"https:\/\/www.iemj.org\/it\/chamber-works-by-alberto-hemsi\/#primaryimage"},"thumbnailUrl":"https:\/\/www.iemj.org\/wp-content\/uploads\/2023\/03\/Logo-CD-Hemsi-Arc-Ensemble.jpg","articleSection":["CD","Ultimi acquisti"],"inLanguage":"it-IT"},{"@type":"WebPage","@id":"https:\/\/www.iemj.org\/it\/chamber-works-by-alberto-hemsi\/","url":"https:\/\/www.iemj.org\/it\/chamber-works-by-alberto-hemsi\/","name":"Chamber Works by Alberto Hemsi - Institut Europ\u00e9en des Musiques Juives","isPartOf":{"@id":"https:\/\/www.iemj.org\/it\/#website"},"primaryImageOfPage":{"@id":"https:\/\/www.iemj.org\/it\/chamber-works-by-alberto-hemsi\/#primaryimage"},"image":{"@id":"https:\/\/www.iemj.org\/it\/chamber-works-by-alberto-hemsi\/#primaryimage"},"thumbnailUrl":"https:\/\/www.iemj.org\/wp-content\/uploads\/2023\/03\/Logo-CD-Hemsi-Arc-Ensemble.jpg","datePublished":"2023-03-07T10:35:22+00:00","dateModified":"2025-10-19T15:44:34+00:00","breadcrumb":{"@id":"https:\/\/www.iemj.org\/it\/chamber-works-by-alberto-hemsi\/#breadcrumb"},"inLanguage":"it-IT","potentialAction":[{"@type":"ReadAction","target":["https:\/\/www.iemj.org\/it\/chamber-works-by-alberto-hemsi\/"]}]},{"@type":"ImageObject","inLanguage":"it-IT","@id":"https:\/\/www.iemj.org\/it\/chamber-works-by-alberto-hemsi\/#primaryimage","url":"https:\/\/www.iemj.org\/wp-content\/uploads\/2023\/03\/Logo-CD-Hemsi-Arc-Ensemble.jpg","contentUrl":"https:\/\/www.iemj.org\/wp-content\/uploads\/2023\/03\/Logo-CD-Hemsi-Arc-Ensemble.jpg","width":500,"height":500},{"@type":"BreadcrumbList","@id":"https:\/\/www.iemj.org\/it\/chamber-works-by-alberto-hemsi\/#breadcrumb","itemListElement":[{"@type":"ListItem","position":1,"name":"Accueil","item":"https:\/\/www.iemj.org\/it\/"},{"@type":"ListItem","position":2,"name":"Chamber Works by Alberto Hemsi"}]},{"@type":"WebSite","@id":"https:\/\/www.iemj.org\/it\/#website","url":"https:\/\/www.iemj.org\/it\/","name":"Institut Europ\u00e9en des Musiques Juives","description":"Des traditions musicales \u00e0 la port\u00e9e de tous","publisher":{"@id":"https:\/\/www.iemj.org\/it\/#organization"},"potentialAction":[{"@type":"SearchAction","target":{"@type":"EntryPoint","urlTemplate":"https:\/\/www.iemj.org\/it\/?s={search_term_string}"},"query-input":{"@type":"PropertyValueSpecification","valueRequired":true,"valueName":"search_term_string"}}],"inLanguage":"it-IT"},{"@type":"Organization","@id":"https:\/\/www.iemj.org\/it\/#organization","name":"Institut Europ\u00e9en des Musiques Juives","url":"https:\/\/www.iemj.org\/it\/","logo":{"@type":"ImageObject","inLanguage":"it-IT","@id":"https:\/\/www.iemj.org\/it\/#\/schema\/logo\/image\/","url":"https:\/\/www.iemj.org\/wp-content\/uploads\/2021\/09\/Logo-IEMJ-Paypal.jpg","contentUrl":"https:\/\/www.iemj.org\/wp-content\/uploads\/2021\/09\/Logo-IEMJ-Paypal.jpg","width":150,"height":50,"caption":"Institut Europ\u00e9en des Musiques Juives"},"image":{"@id":"https:\/\/www.iemj.org\/it\/#\/schema\/logo\/image\/"},"sameAs":["https:\/\/www.facebook.com\/MusiquesJuives\/","https:\/\/www.instagram.com\/musiquesjuives\/","https:\/\/www.youtube.com\/user\/musiquesjuives"]},{"@type":"Person","@id":"https:\/\/www.iemj.org\/it\/#\/schema\/person\/358e26c18aca017fcc4cc15437f7279c","name":"Jacqueline ROTEN","image":{"@type":"ImageObject","inLanguage":"it-IT","@id":"https:\/\/secure.gravatar.com\/avatar\/5964256d6c6957de3a3505278957e0fb2a35119ac47ea41827a65301213c810b?s=96&d=mm&r=g","url":"https:\/\/secure.gravatar.com\/avatar\/5964256d6c6957de3a3505278957e0fb2a35119ac47ea41827a65301213c810b?s=96&d=mm&r=g","contentUrl":"https:\/\/secure.gravatar.com\/avatar\/5964256d6c6957de3a3505278957e0fb2a35119ac47ea41827a65301213c810b?s=96&d=mm&r=g","caption":"Jacqueline ROTEN"}}]}},"_links":{"self":[{"href":"https:\/\/www.iemj.org\/it\/wp-json\/wp\/v2\/posts\/95281","targetHints":{"allow":["GET"]}}],"collection":[{"href":"https:\/\/www.iemj.org\/it\/wp-json\/wp\/v2\/posts"}],"about":[{"href":"https:\/\/www.iemj.org\/it\/wp-json\/wp\/v2\/types\/post"}],"author":[{"embeddable":true,"href":"https:\/\/www.iemj.org\/it\/wp-json\/wp\/v2\/users\/5"}],"replies":[{"embeddable":true,"href":"https:\/\/www.iemj.org\/it\/wp-json\/wp\/v2\/comments?post=95281"}],"version-history":[{"count":2,"href":"https:\/\/www.iemj.org\/it\/wp-json\/wp\/v2\/posts\/95281\/revisions"}],"predecessor-version":[{"id":127184,"href":"https:\/\/www.iemj.org\/it\/wp-json\/wp\/v2\/posts\/95281\/revisions\/127184"}],"wp:featuredmedia":[{"embeddable":true,"href":"https:\/\/www.iemj.org\/it\/wp-json\/wp\/v2\/media\/95270"}],"wp:attachment":[{"href":"https:\/\/www.iemj.org\/it\/wp-json\/wp\/v2\/media?parent=95281"}],"wp:term":[{"taxonomy":"category","embeddable":true,"href":"https:\/\/www.iemj.org\/it\/wp-json\/wp\/v2\/categories?post=95281"},{"taxonomy":"post_tag","embeddable":true,"href":"https:\/\/www.iemj.org\/it\/wp-json\/wp\/v2\/tags?post=95281"},{"taxonomy":"technique","embeddable":true,"href":"https:\/\/www.iemj.org\/it\/wp-json\/wp\/v2\/technique?post=95281"},{"taxonomy":"squelettes","embeddable":true,"href":"https:\/\/www.iemj.org\/it\/wp-json\/wp\/v2\/squelettes?post=95281"},{"taxonomy":"sujet","embeddable":true,"href":"https:\/\/www.iemj.org\/it\/wp-json\/wp\/v2\/sujet?post=95281"},{"taxonomy":"formation","embeddable":true,"href":"https:\/\/www.iemj.org\/it\/wp-json\/wp\/v2\/formation?post=95281"},{"taxonomy":"genre","embeddable":true,"href":"https:\/\/www.iemj.org\/it\/wp-json\/wp\/v2\/genre?post=95281"},{"taxonomy":"fonds","embeddable":true,"href":"https:\/\/www.iemj.org\/it\/wp-json\/wp\/v2\/fonds?post=95281"},{"taxonomy":"tradition","embeddable":true,"href":"https:\/\/www.iemj.org\/it\/wp-json\/wp\/v2\/tradition?post=95281"},{"taxonomy":"type-de-contenu","embeddable":true,"href":"https:\/\/www.iemj.org\/it\/wp-json\/wp\/v2\/type-de-contenu?post=95281"},{"taxonomy":"interprete-compositeur","embeddable":true,"href":"https:\/\/www.iemj.org\/it\/wp-json\/wp\/v2\/interprete-compositeur?post=95281"},{"taxonomy":"frise","embeddable":true,"href":"https:\/\/www.iemj.org\/it\/wp-json\/wp\/v2\/frise?post=95281"},{"taxonomy":"type-devenement","embeddable":true,"href":"https:\/\/www.iemj.org\/it\/wp-json\/wp\/v2\/type-devenement?post=95281"},{"taxonomy":"tableaux-liens-externes","embeddable":true,"href":"https:\/\/www.iemj.org\/it\/wp-json\/wp\/v2\/tableaux-liens-externes?post=95281"}],"curies":[{"name":"wp","href":"https:\/\/api.w.org\/{rel}","templated":true}]}}