{"id":95628,"date":"2021-02-09T11:49:56","date_gmt":"2021-02-09T10:49:56","guid":{"rendered":"https:\/\/www.iemj.org\/klezmer-attitude-le-groupe-bratsch\/"},"modified":"2025-09-02T12:24:04","modified_gmt":"2025-09-02T10:24:04","slug":"klezmer-attitude-le-groupe-bratsch","status":"publish","type":"post","link":"https:\/\/www.iemj.org\/it\/klezmer-attitude-le-groupe-bratsch\/","title":{"rendered":"Klezmer Attitude: il Gruppo &#8220;BRATSCH&#8221;"},"content":{"rendered":"<p class=\"post_excerpt\"><strong>KLEZMER ATTITUDE &#8211; 25 FEBBRAIO 2008 &#8211; RADIO JUDAICA LYON (RJL) (94.5)<\/strong><\/p>\n<p><!--more--><br \/>Dal 2005, Edmond Ghrenassia presenta il programma Klezmer Attitude ogni luned\u00ec su Radio Juda\u00efca a Lione. 30 minuti di musica klezmer, canzoni yiddish, e a volte anche musica sefardita, orientale, israeliana, religiosa o secolare.<\/p>\n<p>Edmond Ghrenassia dedica questo programma al gruppo francese <strong>Bratsch<\/strong>, che si colloca ai margini della musica klezmer, gitana, yiddish e russa.<\/p>\n<p><strong>Musica suonata<\/strong><\/p>\n<ul>\n<li>Bratsch &#8211; <em>Papir Iz Doch Vays<\/em><\/li>\n<li>Bratsch &#8211; <em>Danse Yiddish<\/em><\/li>\n<li>Bratsch &#8211; <em>Johnny Johnny<\/em><\/li>\n<li>Bratsch &#8211; <em>Armenian Waltz<\/em><\/li>\n<li>Bratsch &#8211; <em>Yossik<\/em><\/li>\n<li>Bratsch &#8211; <em>Tarra&#8217;s Freylach<\/em><\/li>\n<\/ul>\n<p><img decoding=\"async\" class=\" alignleft size-full wp-image-26847\" src=\"https:\/\/www.iemj.org\/wp-content\/uploads\/2020\/01\/edmond_casque_ok_petit-2.jpg\" alt=\"edmond_casque_ok_petit-2.jpg\" width=\"180\" height=\"154\" align=\"left\" \/><em>Ingegnere di formazione e docente universitario, Edmond Ghrenassia conduce dal 2005 il programma Klezmer Attitude su Radio Juda\u00efca Lione, un programma che ha creato per promuovere la diffusione della musica ebraica. Nel 2009, ha fondato il Festival internazionale di musica ebraica di Lione all&#8217;Espace Hillel, dove ha prodotto pi\u00f9 di 50 concerti. Come musicista dilettante, \u00e8 stato membro di diversi gruppi di musica Klezmer dal 2003 e ha registrato diversi CD<\/em><\/p>\n\n\n<figure class=\"wp-block-image alignwide size-large\"><img fetchpriority=\"high\" decoding=\"async\" width=\"1024\" height=\"133\" src=\"https:\/\/www.iemj.org\/wp-content\/uploads\/2024\/03\/AUDIO-PLAYER-1024x133.png\" alt=\"\" class=\"wp-image-110609\" srcset=\"https:\/\/www.iemj.org\/wp-content\/uploads\/2024\/03\/AUDIO-PLAYER-1024x133.png 1024w, https:\/\/www.iemj.org\/wp-content\/uploads\/2024\/03\/AUDIO-PLAYER-300x39.png 300w, https:\/\/www.iemj.org\/wp-content\/uploads\/2024\/03\/AUDIO-PLAYER-768x100.png 768w, https:\/\/www.iemj.org\/wp-content\/uploads\/2024\/03\/AUDIO-PLAYER-600x78.png 600w, https:\/\/www.iemj.org\/wp-content\/uploads\/2024\/03\/AUDIO-PLAYER.png 1210w\" sizes=\"(max-width: 1024px) 100vw, 1024px\" \/><\/figure>\n\n\n\n<div class=\"wp-block-file\"><a id=\"wp-block-file--media-058235ec-3eee-4a5c-9bf0-1789b3114fa1\" href=\"https:\/\/www.iemj.org\/wp-content\/uploads\/2021\/01\/ka_080225.mp3\">Klezmer Attitude : le groupe BRATSCH<\/a><\/div>\n","protected":false},"excerpt":{"rendered":"<p>KLEZMER ATTITUDE &#8211; 25 FEBBRAIO 2008 &#8211; RADIO JUDAICA LYON (RJL) (94.5)<\/p>\n","protected":false},"author":1048,"featured_media":95629,"comment_status":"closed","ping_status":"closed","sticky":false,"template":"","format":"standard","meta":{"_acf_changed":false,"footnotes":""},"categories":[2174,1538],"tags":[],"technique":[],"squelettes":[],"sujet":[],"formation":[],"genre":[1874],"fonds":[],"tradition":[],"type-de-contenu":[],"interprete-compositeur":[],"frise":[],"type-devenement":[],"tableaux-liens-externes":[],"class_list":["post-95628","post","type-post","status-publish","format-standard","has-post-thumbnail","hentry","category-programmi-edmond-ghrenassia-it","category-programmi-radiofonici-it","genre-klezmer-it"],"acf":[],"yoast_head":"<!-- This site is optimized with the Yoast SEO plugin v27.3 - https:\/\/yoast.com\/product\/yoast-seo-wordpress\/ -->\n<title>Klezmer Attitude: il Gruppo &quot;BRATSCH&quot; - Institut Europ\u00e9en des Musiques Juives<\/title>\n<meta name=\"robots\" content=\"index, follow, max-snippet:-1, max-image-preview:large, max-video-preview:-1\" \/>\n<link rel=\"canonical\" href=\"https:\/\/www.iemj.org\/it\/klezmer-attitude-le-groupe-bratsch\/\" \/>\n<meta property=\"og:locale\" content=\"it_IT\" \/>\n<meta property=\"og:type\" content=\"article\" \/>\n<meta property=\"og:title\" content=\"Klezmer Attitude: il Gruppo &quot;BRATSCH&quot; - Institut Europ\u00e9en des Musiques Juives\" \/>\n<meta property=\"og:description\" content=\"KLEZMER ATTITUDE &#8211; 25 FEBBRAIO 2008 &#8211; RADIO JUDAICA LYON (RJL) (94.5)\" \/>\n<meta property=\"og:url\" content=\"https:\/\/www.iemj.org\/it\/klezmer-attitude-le-groupe-bratsch\/\" \/>\n<meta property=\"og:site_name\" content=\"Institut Europ\u00e9en des Musiques Juives\" \/>\n<meta property=\"article:publisher\" content=\"https:\/\/www.facebook.com\/MusiquesJuives\/\" \/>\n<meta property=\"article:published_time\" content=\"2021-02-09T10:49:56+00:00\" \/>\n<meta property=\"article:modified_time\" content=\"2025-09-02T10:24:04+00:00\" \/>\n<meta property=\"og:image\" content=\"https:\/\/www.iemj.org\/wp-content\/uploads\/2021\/02\/arton4990.jpg\" \/>\n\t<meta property=\"og:image:width\" content=\"200\" \/>\n\t<meta property=\"og:image:height\" content=\"200\" \/>\n\t<meta property=\"og:image:type\" content=\"image\/jpeg\" \/>\n<meta name=\"author\" content=\"Jean-Gabriel Davis\" \/>\n<meta name=\"twitter:card\" content=\"summary_large_image\" \/>\n<meta name=\"twitter:label1\" content=\"Scritto da\" \/>\n\t<meta name=\"twitter:data1\" content=\"Jean-Gabriel Davis\" \/>\n\t<meta name=\"twitter:label2\" content=\"Tempo di lettura stimato\" \/>\n\t<meta name=\"twitter:data2\" content=\"2 minuti\" \/>\n<script type=\"application\/ld+json\" class=\"yoast-schema-graph\">{\"@context\":\"https:\\\/\\\/schema.org\",\"@graph\":[{\"@type\":\"Article\",\"@id\":\"https:\\\/\\\/www.iemj.org\\\/it\\\/klezmer-attitude-le-groupe-bratsch\\\/#article\",\"isPartOf\":{\"@id\":\"https:\\\/\\\/www.iemj.org\\\/it\\\/klezmer-attitude-le-groupe-bratsch\\\/\"},\"author\":{\"name\":\"Jean-Gabriel Davis\",\"@id\":\"https:\\\/\\\/www.iemj.org\\\/it\\\/#\\\/schema\\\/person\\\/c9bc1c386a3749579a2d675e72a18666\"},\"headline\":\"Klezmer Attitude: il Gruppo &#8220;BRATSCH&#8221;\",\"datePublished\":\"2021-02-09T10:49:56+00:00\",\"dateModified\":\"2025-09-02T10:24:04+00:00\",\"mainEntityOfPage\":{\"@id\":\"https:\\\/\\\/www.iemj.org\\\/it\\\/klezmer-attitude-le-groupe-bratsch\\\/\"},\"wordCount\":169,\"publisher\":{\"@id\":\"https:\\\/\\\/www.iemj.org\\\/it\\\/#organization\"},\"image\":{\"@id\":\"https:\\\/\\\/www.iemj.org\\\/it\\\/klezmer-attitude-le-groupe-bratsch\\\/#primaryimage\"},\"thumbnailUrl\":\"https:\\\/\\\/www.iemj.org\\\/wp-content\\\/uploads\\\/2021\\\/02\\\/arton4990.jpg\",\"articleSection\":[\"Programmi Edmond Ghrenassia\",\"Programmi radiofonici\"],\"inLanguage\":\"it-IT\"},{\"@type\":\"WebPage\",\"@id\":\"https:\\\/\\\/www.iemj.org\\\/it\\\/klezmer-attitude-le-groupe-bratsch\\\/\",\"url\":\"https:\\\/\\\/www.iemj.org\\\/it\\\/klezmer-attitude-le-groupe-bratsch\\\/\",\"name\":\"Klezmer Attitude: il Gruppo \\\"BRATSCH\\\" - Institut Europ\u00e9en des Musiques Juives\",\"isPartOf\":{\"@id\":\"https:\\\/\\\/www.iemj.org\\\/it\\\/#website\"},\"primaryImageOfPage\":{\"@id\":\"https:\\\/\\\/www.iemj.org\\\/it\\\/klezmer-attitude-le-groupe-bratsch\\\/#primaryimage\"},\"image\":{\"@id\":\"https:\\\/\\\/www.iemj.org\\\/it\\\/klezmer-attitude-le-groupe-bratsch\\\/#primaryimage\"},\"thumbnailUrl\":\"https:\\\/\\\/www.iemj.org\\\/wp-content\\\/uploads\\\/2021\\\/02\\\/arton4990.jpg\",\"datePublished\":\"2021-02-09T10:49:56+00:00\",\"dateModified\":\"2025-09-02T10:24:04+00:00\",\"breadcrumb\":{\"@id\":\"https:\\\/\\\/www.iemj.org\\\/it\\\/klezmer-attitude-le-groupe-bratsch\\\/#breadcrumb\"},\"inLanguage\":\"it-IT\",\"potentialAction\":[{\"@type\":\"ReadAction\",\"target\":[\"https:\\\/\\\/www.iemj.org\\\/it\\\/klezmer-attitude-le-groupe-bratsch\\\/\"]}]},{\"@type\":\"ImageObject\",\"inLanguage\":\"it-IT\",\"@id\":\"https:\\\/\\\/www.iemj.org\\\/it\\\/klezmer-attitude-le-groupe-bratsch\\\/#primaryimage\",\"url\":\"https:\\\/\\\/www.iemj.org\\\/wp-content\\\/uploads\\\/2021\\\/02\\\/arton4990.jpg\",\"contentUrl\":\"https:\\\/\\\/www.iemj.org\\\/wp-content\\\/uploads\\\/2021\\\/02\\\/arton4990.jpg\",\"width\":200,\"height\":200},{\"@type\":\"BreadcrumbList\",\"@id\":\"https:\\\/\\\/www.iemj.org\\\/it\\\/klezmer-attitude-le-groupe-bratsch\\\/#breadcrumb\",\"itemListElement\":[{\"@type\":\"ListItem\",\"position\":1,\"name\":\"Accueil\",\"item\":\"https:\\\/\\\/www.iemj.org\\\/it\\\/\"},{\"@type\":\"ListItem\",\"position\":2,\"name\":\"Klezmer Attitude: il Gruppo &#8220;BRATSCH&#8221;\"}]},{\"@type\":\"WebSite\",\"@id\":\"https:\\\/\\\/www.iemj.org\\\/it\\\/#website\",\"url\":\"https:\\\/\\\/www.iemj.org\\\/it\\\/\",\"name\":\"Institut Europ\u00e9en des Musiques Juives\",\"description\":\"Des traditions musicales \u00e0 la port\u00e9e de tous\",\"publisher\":{\"@id\":\"https:\\\/\\\/www.iemj.org\\\/it\\\/#organization\"},\"potentialAction\":[{\"@type\":\"SearchAction\",\"target\":{\"@type\":\"EntryPoint\",\"urlTemplate\":\"https:\\\/\\\/www.iemj.org\\\/it\\\/?s={search_term_string}\"},\"query-input\":{\"@type\":\"PropertyValueSpecification\",\"valueRequired\":true,\"valueName\":\"search_term_string\"}}],\"inLanguage\":\"it-IT\"},{\"@type\":\"Organization\",\"@id\":\"https:\\\/\\\/www.iemj.org\\\/it\\\/#organization\",\"name\":\"Institut Europ\u00e9en des Musiques Juives\",\"url\":\"https:\\\/\\\/www.iemj.org\\\/it\\\/\",\"logo\":{\"@type\":\"ImageObject\",\"inLanguage\":\"it-IT\",\"@id\":\"https:\\\/\\\/www.iemj.org\\\/it\\\/#\\\/schema\\\/logo\\\/image\\\/\",\"url\":\"https:\\\/\\\/www.iemj.org\\\/wp-content\\\/uploads\\\/2021\\\/09\\\/Logo-IEMJ-Paypal.jpg\",\"contentUrl\":\"https:\\\/\\\/www.iemj.org\\\/wp-content\\\/uploads\\\/2021\\\/09\\\/Logo-IEMJ-Paypal.jpg\",\"width\":150,\"height\":50,\"caption\":\"Institut Europ\u00e9en des Musiques Juives\"},\"image\":{\"@id\":\"https:\\\/\\\/www.iemj.org\\\/it\\\/#\\\/schema\\\/logo\\\/image\\\/\"},\"sameAs\":[\"https:\\\/\\\/www.facebook.com\\\/MusiquesJuives\\\/\",\"https:\\\/\\\/www.instagram.com\\\/musiquesjuives\\\/\",\"https:\\\/\\\/www.youtube.com\\\/user\\\/musiquesjuives\"]},{\"@type\":\"Person\",\"@id\":\"https:\\\/\\\/www.iemj.org\\\/it\\\/#\\\/schema\\\/person\\\/c9bc1c386a3749579a2d675e72a18666\",\"name\":\"Jean-Gabriel Davis\",\"image\":{\"@type\":\"ImageObject\",\"inLanguage\":\"it-IT\",\"@id\":\"https:\\\/\\\/secure.gravatar.com\\\/avatar\\\/2b90d67bdf392c9b3a21fab87c0fa7edaf1fb3a058172a1ffd61033fcec7aec1?s=96&d=mm&r=g\",\"url\":\"https:\\\/\\\/secure.gravatar.com\\\/avatar\\\/2b90d67bdf392c9b3a21fab87c0fa7edaf1fb3a058172a1ffd61033fcec7aec1?s=96&d=mm&r=g\",\"contentUrl\":\"https:\\\/\\\/secure.gravatar.com\\\/avatar\\\/2b90d67bdf392c9b3a21fab87c0fa7edaf1fb3a058172a1ffd61033fcec7aec1?s=96&d=mm&r=g\",\"caption\":\"Jean-Gabriel Davis\"}}]}<\/script>\n<!-- \/ Yoast SEO plugin. -->","yoast_head_json":{"title":"Klezmer Attitude: il Gruppo \"BRATSCH\" - Institut Europ\u00e9en des Musiques Juives","robots":{"index":"index","follow":"follow","max-snippet":"max-snippet:-1","max-image-preview":"max-image-preview:large","max-video-preview":"max-video-preview:-1"},"canonical":"https:\/\/www.iemj.org\/it\/klezmer-attitude-le-groupe-bratsch\/","og_locale":"it_IT","og_type":"article","og_title":"Klezmer Attitude: il Gruppo \"BRATSCH\" - Institut Europ\u00e9en des Musiques Juives","og_description":"KLEZMER ATTITUDE &#8211; 25 FEBBRAIO 2008 &#8211; RADIO JUDAICA LYON (RJL) (94.5)","og_url":"https:\/\/www.iemj.org\/it\/klezmer-attitude-le-groupe-bratsch\/","og_site_name":"Institut Europ\u00e9en des Musiques Juives","article_publisher":"https:\/\/www.facebook.com\/MusiquesJuives\/","article_published_time":"2021-02-09T10:49:56+00:00","article_modified_time":"2025-09-02T10:24:04+00:00","og_image":[{"width":200,"height":200,"url":"https:\/\/www.iemj.org\/wp-content\/uploads\/2021\/02\/arton4990.jpg","type":"image\/jpeg"}],"author":"Jean-Gabriel Davis","twitter_card":"summary_large_image","twitter_misc":{"Scritto da":"Jean-Gabriel Davis","Tempo di lettura stimato":"2 minuti"},"schema":{"@context":"https:\/\/schema.org","@graph":[{"@type":"Article","@id":"https:\/\/www.iemj.org\/it\/klezmer-attitude-le-groupe-bratsch\/#article","isPartOf":{"@id":"https:\/\/www.iemj.org\/it\/klezmer-attitude-le-groupe-bratsch\/"},"author":{"name":"Jean-Gabriel Davis","@id":"https:\/\/www.iemj.org\/it\/#\/schema\/person\/c9bc1c386a3749579a2d675e72a18666"},"headline":"Klezmer Attitude: il Gruppo &#8220;BRATSCH&#8221;","datePublished":"2021-02-09T10:49:56+00:00","dateModified":"2025-09-02T10:24:04+00:00","mainEntityOfPage":{"@id":"https:\/\/www.iemj.org\/it\/klezmer-attitude-le-groupe-bratsch\/"},"wordCount":169,"publisher":{"@id":"https:\/\/www.iemj.org\/it\/#organization"},"image":{"@id":"https:\/\/www.iemj.org\/it\/klezmer-attitude-le-groupe-bratsch\/#primaryimage"},"thumbnailUrl":"https:\/\/www.iemj.org\/wp-content\/uploads\/2021\/02\/arton4990.jpg","articleSection":["Programmi Edmond Ghrenassia","Programmi radiofonici"],"inLanguage":"it-IT"},{"@type":"WebPage","@id":"https:\/\/www.iemj.org\/it\/klezmer-attitude-le-groupe-bratsch\/","url":"https:\/\/www.iemj.org\/it\/klezmer-attitude-le-groupe-bratsch\/","name":"Klezmer Attitude: il Gruppo \"BRATSCH\" - Institut Europ\u00e9en des Musiques Juives","isPartOf":{"@id":"https:\/\/www.iemj.org\/it\/#website"},"primaryImageOfPage":{"@id":"https:\/\/www.iemj.org\/it\/klezmer-attitude-le-groupe-bratsch\/#primaryimage"},"image":{"@id":"https:\/\/www.iemj.org\/it\/klezmer-attitude-le-groupe-bratsch\/#primaryimage"},"thumbnailUrl":"https:\/\/www.iemj.org\/wp-content\/uploads\/2021\/02\/arton4990.jpg","datePublished":"2021-02-09T10:49:56+00:00","dateModified":"2025-09-02T10:24:04+00:00","breadcrumb":{"@id":"https:\/\/www.iemj.org\/it\/klezmer-attitude-le-groupe-bratsch\/#breadcrumb"},"inLanguage":"it-IT","potentialAction":[{"@type":"ReadAction","target":["https:\/\/www.iemj.org\/it\/klezmer-attitude-le-groupe-bratsch\/"]}]},{"@type":"ImageObject","inLanguage":"it-IT","@id":"https:\/\/www.iemj.org\/it\/klezmer-attitude-le-groupe-bratsch\/#primaryimage","url":"https:\/\/www.iemj.org\/wp-content\/uploads\/2021\/02\/arton4990.jpg","contentUrl":"https:\/\/www.iemj.org\/wp-content\/uploads\/2021\/02\/arton4990.jpg","width":200,"height":200},{"@type":"BreadcrumbList","@id":"https:\/\/www.iemj.org\/it\/klezmer-attitude-le-groupe-bratsch\/#breadcrumb","itemListElement":[{"@type":"ListItem","position":1,"name":"Accueil","item":"https:\/\/www.iemj.org\/it\/"},{"@type":"ListItem","position":2,"name":"Klezmer Attitude: il Gruppo &#8220;BRATSCH&#8221;"}]},{"@type":"WebSite","@id":"https:\/\/www.iemj.org\/it\/#website","url":"https:\/\/www.iemj.org\/it\/","name":"Institut Europ\u00e9en des Musiques Juives","description":"Des traditions musicales \u00e0 la port\u00e9e de tous","publisher":{"@id":"https:\/\/www.iemj.org\/it\/#organization"},"potentialAction":[{"@type":"SearchAction","target":{"@type":"EntryPoint","urlTemplate":"https:\/\/www.iemj.org\/it\/?s={search_term_string}"},"query-input":{"@type":"PropertyValueSpecification","valueRequired":true,"valueName":"search_term_string"}}],"inLanguage":"it-IT"},{"@type":"Organization","@id":"https:\/\/www.iemj.org\/it\/#organization","name":"Institut Europ\u00e9en des Musiques Juives","url":"https:\/\/www.iemj.org\/it\/","logo":{"@type":"ImageObject","inLanguage":"it-IT","@id":"https:\/\/www.iemj.org\/it\/#\/schema\/logo\/image\/","url":"https:\/\/www.iemj.org\/wp-content\/uploads\/2021\/09\/Logo-IEMJ-Paypal.jpg","contentUrl":"https:\/\/www.iemj.org\/wp-content\/uploads\/2021\/09\/Logo-IEMJ-Paypal.jpg","width":150,"height":50,"caption":"Institut Europ\u00e9en des Musiques Juives"},"image":{"@id":"https:\/\/www.iemj.org\/it\/#\/schema\/logo\/image\/"},"sameAs":["https:\/\/www.facebook.com\/MusiquesJuives\/","https:\/\/www.instagram.com\/musiquesjuives\/","https:\/\/www.youtube.com\/user\/musiquesjuives"]},{"@type":"Person","@id":"https:\/\/www.iemj.org\/it\/#\/schema\/person\/c9bc1c386a3749579a2d675e72a18666","name":"Jean-Gabriel Davis","image":{"@type":"ImageObject","inLanguage":"it-IT","@id":"https:\/\/secure.gravatar.com\/avatar\/2b90d67bdf392c9b3a21fab87c0fa7edaf1fb3a058172a1ffd61033fcec7aec1?s=96&d=mm&r=g","url":"https:\/\/secure.gravatar.com\/avatar\/2b90d67bdf392c9b3a21fab87c0fa7edaf1fb3a058172a1ffd61033fcec7aec1?s=96&d=mm&r=g","contentUrl":"https:\/\/secure.gravatar.com\/avatar\/2b90d67bdf392c9b3a21fab87c0fa7edaf1fb3a058172a1ffd61033fcec7aec1?s=96&d=mm&r=g","caption":"Jean-Gabriel Davis"}}]}},"_links":{"self":[{"href":"https:\/\/www.iemj.org\/it\/wp-json\/wp\/v2\/posts\/95628","targetHints":{"allow":["GET"]}}],"collection":[{"href":"https:\/\/www.iemj.org\/it\/wp-json\/wp\/v2\/posts"}],"about":[{"href":"https:\/\/www.iemj.org\/it\/wp-json\/wp\/v2\/types\/post"}],"author":[{"embeddable":true,"href":"https:\/\/www.iemj.org\/it\/wp-json\/wp\/v2\/users\/1048"}],"replies":[{"embeddable":true,"href":"https:\/\/www.iemj.org\/it\/wp-json\/wp\/v2\/comments?post=95628"}],"version-history":[{"count":0,"href":"https:\/\/www.iemj.org\/it\/wp-json\/wp\/v2\/posts\/95628\/revisions"}],"wp:featuredmedia":[{"embeddable":true,"href":"https:\/\/www.iemj.org\/it\/wp-json\/wp\/v2\/media\/95629"}],"wp:attachment":[{"href":"https:\/\/www.iemj.org\/it\/wp-json\/wp\/v2\/media?parent=95628"}],"wp:term":[{"taxonomy":"category","embeddable":true,"href":"https:\/\/www.iemj.org\/it\/wp-json\/wp\/v2\/categories?post=95628"},{"taxonomy":"post_tag","embeddable":true,"href":"https:\/\/www.iemj.org\/it\/wp-json\/wp\/v2\/tags?post=95628"},{"taxonomy":"technique","embeddable":true,"href":"https:\/\/www.iemj.org\/it\/wp-json\/wp\/v2\/technique?post=95628"},{"taxonomy":"squelettes","embeddable":true,"href":"https:\/\/www.iemj.org\/it\/wp-json\/wp\/v2\/squelettes?post=95628"},{"taxonomy":"sujet","embeddable":true,"href":"https:\/\/www.iemj.org\/it\/wp-json\/wp\/v2\/sujet?post=95628"},{"taxonomy":"formation","embeddable":true,"href":"https:\/\/www.iemj.org\/it\/wp-json\/wp\/v2\/formation?post=95628"},{"taxonomy":"genre","embeddable":true,"href":"https:\/\/www.iemj.org\/it\/wp-json\/wp\/v2\/genre?post=95628"},{"taxonomy":"fonds","embeddable":true,"href":"https:\/\/www.iemj.org\/it\/wp-json\/wp\/v2\/fonds?post=95628"},{"taxonomy":"tradition","embeddable":true,"href":"https:\/\/www.iemj.org\/it\/wp-json\/wp\/v2\/tradition?post=95628"},{"taxonomy":"type-de-contenu","embeddable":true,"href":"https:\/\/www.iemj.org\/it\/wp-json\/wp\/v2\/type-de-contenu?post=95628"},{"taxonomy":"interprete-compositeur","embeddable":true,"href":"https:\/\/www.iemj.org\/it\/wp-json\/wp\/v2\/interprete-compositeur?post=95628"},{"taxonomy":"frise","embeddable":true,"href":"https:\/\/www.iemj.org\/it\/wp-json\/wp\/v2\/frise?post=95628"},{"taxonomy":"type-devenement","embeddable":true,"href":"https:\/\/www.iemj.org\/it\/wp-json\/wp\/v2\/type-devenement?post=95628"},{"taxonomy":"tableaux-liens-externes","embeddable":true,"href":"https:\/\/www.iemj.org\/it\/wp-json\/wp\/v2\/tableaux-liens-externes?post=95628"}],"curies":[{"name":"wp","href":"https:\/\/api.w.org\/{rel}","templated":true}]}}