{"id":95999,"date":"2019-01-21T11:07:51","date_gmt":"2019-01-21T10:07:51","guid":{"rendered":"https:\/\/www.iemj.org\/kz-musik-encyclopedie-des-musiques-composees-dans-les-camps-de-concentration-1933-1945\/"},"modified":"2025-04-16T15:50:59","modified_gmt":"2025-04-16T13:50:59","slug":"kz-musik-encyclopedie-des-musiques-composees-dans-les-camps-de-concentration-1933-1945","status":"publish","type":"post","link":"https:\/\/www.iemj.org\/it\/kz-musik-encyclopedie-des-musiques-composees-dans-les-camps-de-concentration-1933-1945\/","title":{"rendered":"KZ Musik: Enciclopedia delle musiche composte nei campi di concentramento (1933-1945)"},"content":{"rendered":"<p class=\"post_excerpt\">Pubblicato nel 2011 a cura di Musikstrasse, questo cofanetto di 24 CD contiene oltre 500 brani musicali composti nei campi di concentramento tra il 1933 e il 1945.<\/p>\n<p><!--more--><br \/>\nOpere, sinfonie, musica da camera, lieder, musica corale, cabaret, jazz, musica tradizionale o popolare&#8230; Tanti generi musicali registrati da musicisti contemporanei sotto la direzione del pianista, compositore e musicologo italiano <a href=\"https:\/\/fr.wikipedia.org\/wiki\/Francesco_Lotoro\" target=\"_blank\" rel=\"noopener\">Francesco Lotoro<\/a>.<\/p>\n<p>Queste musiche sono state scritte tra il 1933 ed il 1945 da ebrei, zingari, omosessuali, oppositori politici, disabili, persone di diversa estrazione che sono state deportate, uccise o che sono sopravvissute ai campi di sterminio.<\/p>\n<p>Frutto di 22 anni di ricerche musicologiche, questa enciclopedia, diretta da Francesco Lotoro e prodotta a cura della casa discografica <a href=\"http:\/\/www.musikstrasse.it\/index.php?lang=ITA\" target=\"_blank\" rel=\"noopener\">Muzikstrasse<\/a>, rappresenta un riferimento mondiale per la musica scritta durante la Shoah.<\/p>\n<p>Ciascuno dei 24 CD include un libretto in inglese ed in italiano, con le biografie dei compositori, delle foto, delle note sulle opere, i nomi dei campi in cui la musica \u00e8 stata scritta come anche i testi in lingua originale per le opere cantate.<\/p>\n<p>Un venticinquesimo libretto, anch&#8217;esso in italiano ed in inglese, presenta ogni campo di concentramento, da Auschwitz a Fullen (Germania), passando per il campo italiano di Giado in Libia, oppure per il campo giapponese di Changi a Singapore. Completa il libretto una breve biografia dei musicisti che hanno partecipato alla registrazione di questo cofanetto.<\/p>\n<p>Questa enciclopedia, un vero riferimento della musica composta nei campi, \u00e8 stata donata all&#8217;IEMJ dall&#8217;<a href=\"http:\/\/www.prix-janusz-korczak-de-litterature-jeunesse.fr\/\">Association Janusz Korczak Jeunesse<\/a>. La ringraziamo qui pubblicamente per il suo apporto.<\/p>\n<p><a href=\"https:\/\/it.wikipedia.org\/wiki\/Francesco_Lotoro\" target=\"_blank\" rel=\"noopener\">Leggere la biografia di Francesco Lotoro<\/a><br \/>\n<a href=\"http:\/\/www.rachelnet.net\/F\/?func=find-c&amp;ccl_term=WRD+%3D+kz+musik+&amp;local_base=iemcg\" target=\"_blank\" rel=\"noopener\">Consultare l&#8217;elenco dei brani contenuti nel cofanetto KZ Musik nel nostro catalogo online<\/a><br \/>\n<a href=\"http:\/\/www.musikstrasse.it\/index.php?lang=ITA\" target=\"_blank\" rel=\"noopener\">Visitare il sito web dell&#8217;editore<\/a><br \/>\n<a href=\"http:\/\/www.kzmusik.com\/\" target=\"_blank\" rel=\"noopener\">Comprare l&#8217;enciclopedia<\/a><\/p>\n\n<div class=\"wp-block-image\">\n<figure class=\"aligncenter size-large\"><img fetchpriority=\"high\" decoding=\"async\" width=\"1024\" height=\"133\" src=\"https:\/\/www.iemj.org\/wp-content\/uploads\/2024\/03\/AUDIO-PLAYER-1024x133.png\" alt=\"\" class=\"wp-image-110609\" srcset=\"https:\/\/www.iemj.org\/wp-content\/uploads\/2024\/03\/AUDIO-PLAYER-1024x133.png 1024w, https:\/\/www.iemj.org\/wp-content\/uploads\/2024\/03\/AUDIO-PLAYER-300x39.png 300w, https:\/\/www.iemj.org\/wp-content\/uploads\/2024\/03\/AUDIO-PLAYER-768x100.png 768w, https:\/\/www.iemj.org\/wp-content\/uploads\/2024\/03\/AUDIO-PLAYER-600x78.png 600w, https:\/\/www.iemj.org\/wp-content\/uploads\/2024\/03\/AUDIO-PLAYER.png 1210w\" sizes=\"(max-width: 1024px) 100vw, 1024px\" \/><\/figure>\n<\/div>","protected":false},"excerpt":{"rendered":"<p>Pubblicato nel 2011 a cura di Musikstrasse, questo cofanetto di 24 CD contiene oltre 500 brani musicali composti nei campi di concentramento tra il 1933 e il 1945.<\/p>\n","protected":false},"author":1048,"featured_media":96000,"comment_status":"closed","ping_status":"open","sticky":false,"template":"","format":"standard","meta":{"_acf_changed":false,"footnotes":""},"categories":[1569,1564],"tags":[],"technique":[],"squelettes":[],"sujet":[1804],"formation":[],"genre":[],"fonds":[],"tradition":[],"type-de-contenu":[],"interprete-compositeur":[],"frise":[],"type-devenement":[],"tableaux-liens-externes":[],"class_list":["post-95999","post","type-post","status-publish","format-standard","has-post-thumbnail","hentry","category-cd-it","category-ultimi-acquisti-it","sujet-shoah-it"],"acf":[],"yoast_head":"<!-- This site is optimized with the Yoast SEO plugin v27.3 - https:\/\/yoast.com\/product\/yoast-seo-wordpress\/ -->\n<title>KZ Musik: Enciclopedia delle musiche composte nei campi di concentramento (1933-1945) - Institut Europ\u00e9en des Musiques Juives<\/title>\n<meta name=\"robots\" content=\"index, follow, max-snippet:-1, max-image-preview:large, max-video-preview:-1\" \/>\n<link rel=\"canonical\" href=\"https:\/\/www.iemj.org\/it\/kz-musik-encyclopedie-des-musiques-composees-dans-les-camps-de-concentration-1933-1945\/\" \/>\n<meta property=\"og:locale\" content=\"it_IT\" \/>\n<meta property=\"og:type\" content=\"article\" \/>\n<meta property=\"og:title\" content=\"KZ Musik: Enciclopedia delle musiche composte nei campi di concentramento (1933-1945) - Institut Europ\u00e9en des Musiques Juives\" \/>\n<meta property=\"og:description\" content=\"Pubblicato nel 2011 a cura di Musikstrasse, questo cofanetto di 24 CD contiene oltre 500 brani musicali composti nei campi di concentramento tra il 1933 e il 1945.\" \/>\n<meta property=\"og:url\" content=\"https:\/\/www.iemj.org\/it\/kz-musik-encyclopedie-des-musiques-composees-dans-les-camps-de-concentration-1933-1945\/\" \/>\n<meta property=\"og:site_name\" content=\"Institut Europ\u00e9en des Musiques Juives\" \/>\n<meta property=\"article:publisher\" content=\"https:\/\/www.facebook.com\/MusiquesJuives\/\" \/>\n<meta property=\"article:published_time\" content=\"2019-01-21T10:07:51+00:00\" \/>\n<meta property=\"article:modified_time\" content=\"2025-04-16T13:50:59+00:00\" \/>\n<meta property=\"og:image\" content=\"https:\/\/www.iemj.org\/wp-content\/uploads\/2019\/01\/arton3888-e1619109903833.jpg\" \/>\n\t<meta property=\"og:image:width\" content=\"350\" \/>\n\t<meta property=\"og:image:height\" content=\"314\" \/>\n\t<meta property=\"og:image:type\" content=\"image\/jpeg\" \/>\n<meta name=\"author\" content=\"Jean-Gabriel Davis\" \/>\n<meta name=\"twitter:card\" content=\"summary_large_image\" \/>\n<meta name=\"twitter:label1\" content=\"Scritto da\" \/>\n\t<meta name=\"twitter:data1\" content=\"Jean-Gabriel Davis\" \/>\n\t<meta name=\"twitter:label2\" content=\"Tempo di lettura stimato\" \/>\n\t<meta name=\"twitter:data2\" content=\"2 minuti\" \/>\n<script type=\"application\/ld+json\" class=\"yoast-schema-graph\">{\"@context\":\"https:\\\/\\\/schema.org\",\"@graph\":[{\"@type\":\"Article\",\"@id\":\"https:\\\/\\\/www.iemj.org\\\/it\\\/kz-musik-encyclopedie-des-musiques-composees-dans-les-camps-de-concentration-1933-1945\\\/#article\",\"isPartOf\":{\"@id\":\"https:\\\/\\\/www.iemj.org\\\/it\\\/kz-musik-encyclopedie-des-musiques-composees-dans-les-camps-de-concentration-1933-1945\\\/\"},\"author\":{\"name\":\"Jean-Gabriel Davis\",\"@id\":\"https:\\\/\\\/www.iemj.org\\\/it\\\/#\\\/schema\\\/person\\\/c9bc1c386a3749579a2d675e72a18666\"},\"headline\":\"KZ Musik: Enciclopedia delle musiche composte nei campi di concentramento (1933-1945)\",\"datePublished\":\"2019-01-21T10:07:51+00:00\",\"dateModified\":\"2025-04-16T13:50:59+00:00\",\"mainEntityOfPage\":{\"@id\":\"https:\\\/\\\/www.iemj.org\\\/it\\\/kz-musik-encyclopedie-des-musiques-composees-dans-les-camps-de-concentration-1933-1945\\\/\"},\"wordCount\":283,\"publisher\":{\"@id\":\"https:\\\/\\\/www.iemj.org\\\/it\\\/#organization\"},\"image\":{\"@id\":\"https:\\\/\\\/www.iemj.org\\\/it\\\/kz-musik-encyclopedie-des-musiques-composees-dans-les-camps-de-concentration-1933-1945\\\/#primaryimage\"},\"thumbnailUrl\":\"https:\\\/\\\/www.iemj.org\\\/wp-content\\\/uploads\\\/2019\\\/01\\\/arton3888-e1619109903833.jpg\",\"articleSection\":[\"CD\",\"Ultimi acquisti\"],\"inLanguage\":\"it-IT\"},{\"@type\":\"WebPage\",\"@id\":\"https:\\\/\\\/www.iemj.org\\\/it\\\/kz-musik-encyclopedie-des-musiques-composees-dans-les-camps-de-concentration-1933-1945\\\/\",\"url\":\"https:\\\/\\\/www.iemj.org\\\/it\\\/kz-musik-encyclopedie-des-musiques-composees-dans-les-camps-de-concentration-1933-1945\\\/\",\"name\":\"KZ Musik: Enciclopedia delle musiche composte nei campi di concentramento (1933-1945) - Institut Europ\u00e9en des Musiques Juives\",\"isPartOf\":{\"@id\":\"https:\\\/\\\/www.iemj.org\\\/it\\\/#website\"},\"primaryImageOfPage\":{\"@id\":\"https:\\\/\\\/www.iemj.org\\\/it\\\/kz-musik-encyclopedie-des-musiques-composees-dans-les-camps-de-concentration-1933-1945\\\/#primaryimage\"},\"image\":{\"@id\":\"https:\\\/\\\/www.iemj.org\\\/it\\\/kz-musik-encyclopedie-des-musiques-composees-dans-les-camps-de-concentration-1933-1945\\\/#primaryimage\"},\"thumbnailUrl\":\"https:\\\/\\\/www.iemj.org\\\/wp-content\\\/uploads\\\/2019\\\/01\\\/arton3888-e1619109903833.jpg\",\"datePublished\":\"2019-01-21T10:07:51+00:00\",\"dateModified\":\"2025-04-16T13:50:59+00:00\",\"breadcrumb\":{\"@id\":\"https:\\\/\\\/www.iemj.org\\\/it\\\/kz-musik-encyclopedie-des-musiques-composees-dans-les-camps-de-concentration-1933-1945\\\/#breadcrumb\"},\"inLanguage\":\"it-IT\",\"potentialAction\":[{\"@type\":\"ReadAction\",\"target\":[\"https:\\\/\\\/www.iemj.org\\\/it\\\/kz-musik-encyclopedie-des-musiques-composees-dans-les-camps-de-concentration-1933-1945\\\/\"]}]},{\"@type\":\"ImageObject\",\"inLanguage\":\"it-IT\",\"@id\":\"https:\\\/\\\/www.iemj.org\\\/it\\\/kz-musik-encyclopedie-des-musiques-composees-dans-les-camps-de-concentration-1933-1945\\\/#primaryimage\",\"url\":\"https:\\\/\\\/www.iemj.org\\\/wp-content\\\/uploads\\\/2019\\\/01\\\/arton3888-e1619109903833.jpg\",\"contentUrl\":\"https:\\\/\\\/www.iemj.org\\\/wp-content\\\/uploads\\\/2019\\\/01\\\/arton3888-e1619109903833.jpg\",\"width\":350,\"height\":314},{\"@type\":\"BreadcrumbList\",\"@id\":\"https:\\\/\\\/www.iemj.org\\\/it\\\/kz-musik-encyclopedie-des-musiques-composees-dans-les-camps-de-concentration-1933-1945\\\/#breadcrumb\",\"itemListElement\":[{\"@type\":\"ListItem\",\"position\":1,\"name\":\"Accueil\",\"item\":\"https:\\\/\\\/www.iemj.org\\\/it\\\/\"},{\"@type\":\"ListItem\",\"position\":2,\"name\":\"KZ Musik: Enciclopedia delle musiche composte nei campi di concentramento (1933-1945)\"}]},{\"@type\":\"WebSite\",\"@id\":\"https:\\\/\\\/www.iemj.org\\\/it\\\/#website\",\"url\":\"https:\\\/\\\/www.iemj.org\\\/it\\\/\",\"name\":\"Institut Europ\u00e9en des Musiques Juives\",\"description\":\"Des traditions musicales \u00e0 la port\u00e9e de tous\",\"publisher\":{\"@id\":\"https:\\\/\\\/www.iemj.org\\\/it\\\/#organization\"},\"potentialAction\":[{\"@type\":\"SearchAction\",\"target\":{\"@type\":\"EntryPoint\",\"urlTemplate\":\"https:\\\/\\\/www.iemj.org\\\/it\\\/?s={search_term_string}\"},\"query-input\":{\"@type\":\"PropertyValueSpecification\",\"valueRequired\":true,\"valueName\":\"search_term_string\"}}],\"inLanguage\":\"it-IT\"},{\"@type\":\"Organization\",\"@id\":\"https:\\\/\\\/www.iemj.org\\\/it\\\/#organization\",\"name\":\"Institut Europ\u00e9en des Musiques Juives\",\"url\":\"https:\\\/\\\/www.iemj.org\\\/it\\\/\",\"logo\":{\"@type\":\"ImageObject\",\"inLanguage\":\"it-IT\",\"@id\":\"https:\\\/\\\/www.iemj.org\\\/it\\\/#\\\/schema\\\/logo\\\/image\\\/\",\"url\":\"https:\\\/\\\/www.iemj.org\\\/wp-content\\\/uploads\\\/2021\\\/09\\\/Logo-IEMJ-Paypal.jpg\",\"contentUrl\":\"https:\\\/\\\/www.iemj.org\\\/wp-content\\\/uploads\\\/2021\\\/09\\\/Logo-IEMJ-Paypal.jpg\",\"width\":150,\"height\":50,\"caption\":\"Institut Europ\u00e9en des Musiques Juives\"},\"image\":{\"@id\":\"https:\\\/\\\/www.iemj.org\\\/it\\\/#\\\/schema\\\/logo\\\/image\\\/\"},\"sameAs\":[\"https:\\\/\\\/www.facebook.com\\\/MusiquesJuives\\\/\",\"https:\\\/\\\/www.instagram.com\\\/musiquesjuives\\\/\",\"https:\\\/\\\/www.youtube.com\\\/user\\\/musiquesjuives\"]},{\"@type\":\"Person\",\"@id\":\"https:\\\/\\\/www.iemj.org\\\/it\\\/#\\\/schema\\\/person\\\/c9bc1c386a3749579a2d675e72a18666\",\"name\":\"Jean-Gabriel Davis\",\"image\":{\"@type\":\"ImageObject\",\"inLanguage\":\"it-IT\",\"@id\":\"https:\\\/\\\/secure.gravatar.com\\\/avatar\\\/2b90d67bdf392c9b3a21fab87c0fa7edaf1fb3a058172a1ffd61033fcec7aec1?s=96&d=mm&r=g\",\"url\":\"https:\\\/\\\/secure.gravatar.com\\\/avatar\\\/2b90d67bdf392c9b3a21fab87c0fa7edaf1fb3a058172a1ffd61033fcec7aec1?s=96&d=mm&r=g\",\"contentUrl\":\"https:\\\/\\\/secure.gravatar.com\\\/avatar\\\/2b90d67bdf392c9b3a21fab87c0fa7edaf1fb3a058172a1ffd61033fcec7aec1?s=96&d=mm&r=g\",\"caption\":\"Jean-Gabriel Davis\"}}]}<\/script>\n<!-- \/ Yoast SEO plugin. -->","yoast_head_json":{"title":"KZ Musik: Enciclopedia delle musiche composte nei campi di concentramento (1933-1945) - Institut Europ\u00e9en des Musiques Juives","robots":{"index":"index","follow":"follow","max-snippet":"max-snippet:-1","max-image-preview":"max-image-preview:large","max-video-preview":"max-video-preview:-1"},"canonical":"https:\/\/www.iemj.org\/it\/kz-musik-encyclopedie-des-musiques-composees-dans-les-camps-de-concentration-1933-1945\/","og_locale":"it_IT","og_type":"article","og_title":"KZ Musik: Enciclopedia delle musiche composte nei campi di concentramento (1933-1945) - Institut Europ\u00e9en des Musiques Juives","og_description":"Pubblicato nel 2011 a cura di Musikstrasse, questo cofanetto di 24 CD contiene oltre 500 brani musicali composti nei campi di concentramento tra il 1933 e il 1945.","og_url":"https:\/\/www.iemj.org\/it\/kz-musik-encyclopedie-des-musiques-composees-dans-les-camps-de-concentration-1933-1945\/","og_site_name":"Institut Europ\u00e9en des Musiques Juives","article_publisher":"https:\/\/www.facebook.com\/MusiquesJuives\/","article_published_time":"2019-01-21T10:07:51+00:00","article_modified_time":"2025-04-16T13:50:59+00:00","og_image":[{"width":350,"height":314,"url":"https:\/\/www.iemj.org\/wp-content\/uploads\/2019\/01\/arton3888-e1619109903833.jpg","type":"image\/jpeg"}],"author":"Jean-Gabriel Davis","twitter_card":"summary_large_image","twitter_misc":{"Scritto da":"Jean-Gabriel Davis","Tempo di lettura stimato":"2 minuti"},"schema":{"@context":"https:\/\/schema.org","@graph":[{"@type":"Article","@id":"https:\/\/www.iemj.org\/it\/kz-musik-encyclopedie-des-musiques-composees-dans-les-camps-de-concentration-1933-1945\/#article","isPartOf":{"@id":"https:\/\/www.iemj.org\/it\/kz-musik-encyclopedie-des-musiques-composees-dans-les-camps-de-concentration-1933-1945\/"},"author":{"name":"Jean-Gabriel Davis","@id":"https:\/\/www.iemj.org\/it\/#\/schema\/person\/c9bc1c386a3749579a2d675e72a18666"},"headline":"KZ Musik: Enciclopedia delle musiche composte nei campi di concentramento (1933-1945)","datePublished":"2019-01-21T10:07:51+00:00","dateModified":"2025-04-16T13:50:59+00:00","mainEntityOfPage":{"@id":"https:\/\/www.iemj.org\/it\/kz-musik-encyclopedie-des-musiques-composees-dans-les-camps-de-concentration-1933-1945\/"},"wordCount":283,"publisher":{"@id":"https:\/\/www.iemj.org\/it\/#organization"},"image":{"@id":"https:\/\/www.iemj.org\/it\/kz-musik-encyclopedie-des-musiques-composees-dans-les-camps-de-concentration-1933-1945\/#primaryimage"},"thumbnailUrl":"https:\/\/www.iemj.org\/wp-content\/uploads\/2019\/01\/arton3888-e1619109903833.jpg","articleSection":["CD","Ultimi acquisti"],"inLanguage":"it-IT"},{"@type":"WebPage","@id":"https:\/\/www.iemj.org\/it\/kz-musik-encyclopedie-des-musiques-composees-dans-les-camps-de-concentration-1933-1945\/","url":"https:\/\/www.iemj.org\/it\/kz-musik-encyclopedie-des-musiques-composees-dans-les-camps-de-concentration-1933-1945\/","name":"KZ Musik: Enciclopedia delle musiche composte nei campi di concentramento (1933-1945) - Institut Europ\u00e9en des Musiques Juives","isPartOf":{"@id":"https:\/\/www.iemj.org\/it\/#website"},"primaryImageOfPage":{"@id":"https:\/\/www.iemj.org\/it\/kz-musik-encyclopedie-des-musiques-composees-dans-les-camps-de-concentration-1933-1945\/#primaryimage"},"image":{"@id":"https:\/\/www.iemj.org\/it\/kz-musik-encyclopedie-des-musiques-composees-dans-les-camps-de-concentration-1933-1945\/#primaryimage"},"thumbnailUrl":"https:\/\/www.iemj.org\/wp-content\/uploads\/2019\/01\/arton3888-e1619109903833.jpg","datePublished":"2019-01-21T10:07:51+00:00","dateModified":"2025-04-16T13:50:59+00:00","breadcrumb":{"@id":"https:\/\/www.iemj.org\/it\/kz-musik-encyclopedie-des-musiques-composees-dans-les-camps-de-concentration-1933-1945\/#breadcrumb"},"inLanguage":"it-IT","potentialAction":[{"@type":"ReadAction","target":["https:\/\/www.iemj.org\/it\/kz-musik-encyclopedie-des-musiques-composees-dans-les-camps-de-concentration-1933-1945\/"]}]},{"@type":"ImageObject","inLanguage":"it-IT","@id":"https:\/\/www.iemj.org\/it\/kz-musik-encyclopedie-des-musiques-composees-dans-les-camps-de-concentration-1933-1945\/#primaryimage","url":"https:\/\/www.iemj.org\/wp-content\/uploads\/2019\/01\/arton3888-e1619109903833.jpg","contentUrl":"https:\/\/www.iemj.org\/wp-content\/uploads\/2019\/01\/arton3888-e1619109903833.jpg","width":350,"height":314},{"@type":"BreadcrumbList","@id":"https:\/\/www.iemj.org\/it\/kz-musik-encyclopedie-des-musiques-composees-dans-les-camps-de-concentration-1933-1945\/#breadcrumb","itemListElement":[{"@type":"ListItem","position":1,"name":"Accueil","item":"https:\/\/www.iemj.org\/it\/"},{"@type":"ListItem","position":2,"name":"KZ Musik: Enciclopedia delle musiche composte nei campi di concentramento (1933-1945)"}]},{"@type":"WebSite","@id":"https:\/\/www.iemj.org\/it\/#website","url":"https:\/\/www.iemj.org\/it\/","name":"Institut Europ\u00e9en des Musiques Juives","description":"Des traditions musicales \u00e0 la port\u00e9e de tous","publisher":{"@id":"https:\/\/www.iemj.org\/it\/#organization"},"potentialAction":[{"@type":"SearchAction","target":{"@type":"EntryPoint","urlTemplate":"https:\/\/www.iemj.org\/it\/?s={search_term_string}"},"query-input":{"@type":"PropertyValueSpecification","valueRequired":true,"valueName":"search_term_string"}}],"inLanguage":"it-IT"},{"@type":"Organization","@id":"https:\/\/www.iemj.org\/it\/#organization","name":"Institut Europ\u00e9en des Musiques Juives","url":"https:\/\/www.iemj.org\/it\/","logo":{"@type":"ImageObject","inLanguage":"it-IT","@id":"https:\/\/www.iemj.org\/it\/#\/schema\/logo\/image\/","url":"https:\/\/www.iemj.org\/wp-content\/uploads\/2021\/09\/Logo-IEMJ-Paypal.jpg","contentUrl":"https:\/\/www.iemj.org\/wp-content\/uploads\/2021\/09\/Logo-IEMJ-Paypal.jpg","width":150,"height":50,"caption":"Institut Europ\u00e9en des Musiques Juives"},"image":{"@id":"https:\/\/www.iemj.org\/it\/#\/schema\/logo\/image\/"},"sameAs":["https:\/\/www.facebook.com\/MusiquesJuives\/","https:\/\/www.instagram.com\/musiquesjuives\/","https:\/\/www.youtube.com\/user\/musiquesjuives"]},{"@type":"Person","@id":"https:\/\/www.iemj.org\/it\/#\/schema\/person\/c9bc1c386a3749579a2d675e72a18666","name":"Jean-Gabriel Davis","image":{"@type":"ImageObject","inLanguage":"it-IT","@id":"https:\/\/secure.gravatar.com\/avatar\/2b90d67bdf392c9b3a21fab87c0fa7edaf1fb3a058172a1ffd61033fcec7aec1?s=96&d=mm&r=g","url":"https:\/\/secure.gravatar.com\/avatar\/2b90d67bdf392c9b3a21fab87c0fa7edaf1fb3a058172a1ffd61033fcec7aec1?s=96&d=mm&r=g","contentUrl":"https:\/\/secure.gravatar.com\/avatar\/2b90d67bdf392c9b3a21fab87c0fa7edaf1fb3a058172a1ffd61033fcec7aec1?s=96&d=mm&r=g","caption":"Jean-Gabriel Davis"}}]}},"_links":{"self":[{"href":"https:\/\/www.iemj.org\/it\/wp-json\/wp\/v2\/posts\/95999","targetHints":{"allow":["GET"]}}],"collection":[{"href":"https:\/\/www.iemj.org\/it\/wp-json\/wp\/v2\/posts"}],"about":[{"href":"https:\/\/www.iemj.org\/it\/wp-json\/wp\/v2\/types\/post"}],"author":[{"embeddable":true,"href":"https:\/\/www.iemj.org\/it\/wp-json\/wp\/v2\/users\/1048"}],"replies":[{"embeddable":true,"href":"https:\/\/www.iemj.org\/it\/wp-json\/wp\/v2\/comments?post=95999"}],"version-history":[{"count":0,"href":"https:\/\/www.iemj.org\/it\/wp-json\/wp\/v2\/posts\/95999\/revisions"}],"wp:featuredmedia":[{"embeddable":true,"href":"https:\/\/www.iemj.org\/it\/wp-json\/wp\/v2\/media\/96000"}],"wp:attachment":[{"href":"https:\/\/www.iemj.org\/it\/wp-json\/wp\/v2\/media?parent=95999"}],"wp:term":[{"taxonomy":"category","embeddable":true,"href":"https:\/\/www.iemj.org\/it\/wp-json\/wp\/v2\/categories?post=95999"},{"taxonomy":"post_tag","embeddable":true,"href":"https:\/\/www.iemj.org\/it\/wp-json\/wp\/v2\/tags?post=95999"},{"taxonomy":"technique","embeddable":true,"href":"https:\/\/www.iemj.org\/it\/wp-json\/wp\/v2\/technique?post=95999"},{"taxonomy":"squelettes","embeddable":true,"href":"https:\/\/www.iemj.org\/it\/wp-json\/wp\/v2\/squelettes?post=95999"},{"taxonomy":"sujet","embeddable":true,"href":"https:\/\/www.iemj.org\/it\/wp-json\/wp\/v2\/sujet?post=95999"},{"taxonomy":"formation","embeddable":true,"href":"https:\/\/www.iemj.org\/it\/wp-json\/wp\/v2\/formation?post=95999"},{"taxonomy":"genre","embeddable":true,"href":"https:\/\/www.iemj.org\/it\/wp-json\/wp\/v2\/genre?post=95999"},{"taxonomy":"fonds","embeddable":true,"href":"https:\/\/www.iemj.org\/it\/wp-json\/wp\/v2\/fonds?post=95999"},{"taxonomy":"tradition","embeddable":true,"href":"https:\/\/www.iemj.org\/it\/wp-json\/wp\/v2\/tradition?post=95999"},{"taxonomy":"type-de-contenu","embeddable":true,"href":"https:\/\/www.iemj.org\/it\/wp-json\/wp\/v2\/type-de-contenu?post=95999"},{"taxonomy":"interprete-compositeur","embeddable":true,"href":"https:\/\/www.iemj.org\/it\/wp-json\/wp\/v2\/interprete-compositeur?post=95999"},{"taxonomy":"frise","embeddable":true,"href":"https:\/\/www.iemj.org\/it\/wp-json\/wp\/v2\/frise?post=95999"},{"taxonomy":"type-devenement","embeddable":true,"href":"https:\/\/www.iemj.org\/it\/wp-json\/wp\/v2\/type-devenement?post=95999"},{"taxonomy":"tableaux-liens-externes","embeddable":true,"href":"https:\/\/www.iemj.org\/it\/wp-json\/wp\/v2\/tableaux-liens-externes?post=95999"}],"curies":[{"name":"wp","href":"https:\/\/api.w.org\/{rel}","templated":true}]}}