{"id":96195,"date":"2023-04-24T17:47:28","date_gmt":"2023-04-24T15:47:28","guid":{"rendered":"https:\/\/www.iemj.org\/musique-et-musiciens-de-bal-isaac-strauss-au-service-de-napoleon-iii\/"},"modified":"2023-04-25T17:32:24","modified_gmt":"2023-04-25T15:32:24","slug":"musique-et-musiciens-de-bal-isaac-strauss-au-service-de-napoleon-iii","status":"publish","type":"post","link":"https:\/\/www.iemj.org\/it\/musique-et-musiciens-de-bal-isaac-strauss-au-service-de-napoleon-iii\/","title":{"rendered":"Musique et musiciens de bal \u2013 Isaac Strauss au service de Napol\u00e9on III"},"content":{"rendered":"\n<p><\/p>\n\n\n<h1>Musica e musicisti da ballo &#8211; Isaac Strauss al servizio di Napoleone III<\/h1>\n<p><strong>Editions Hermann, 01-02-2023<\/strong><\/p>\n<p>Isaac Strauss (1806-1888)<span class=\"footnote_referrer\"><a role=\"button\" tabindex=\"0\" onclick=\"footnote_moveToReference_96195_1('footnote_plugin_reference_96195_1_1');\" onkeypress=\"footnote_moveToReference_96195_1('footnote_plugin_reference_96195_1_1');\" ><sup id=\"footnote_plugin_tooltip_96195_1_1\" class=\"footnote_plugin_tooltip_text\">[1]<\/sup><\/a><span id=\"footnote_plugin_tooltip_text_96195_1_1\" class=\"footnote_tooltip\">bisnonno dell&#8217;antropologo Claude L\u00e9vi-Strauss (1908-2009)<\/span><\/span><script type=\"text\/javascript\"> jQuery('#footnote_plugin_tooltip_96195_1_1').tooltip({ tip: '#footnote_plugin_tooltip_text_96195_1_1', tipClass: 'footnote_tooltip', effect: 'fade', predelay: 0, fadeInSpeed: 200, delay: 400, fadeOutSpeed: 200, position: 'top center', relative: true, offset: [-7, 0], });<\/script> fu il maestro dei balli di corte di Napoleone III fino al 1869, diresse i balli dell&#8217;Op\u00e9ra ed i saloni delle terme di Vichy e pubblic\u00f2 circa 500 danze, soprattutto valzer, polke e quadriglie. Sebbene la sua <em>Quadrille sur Orph\u00e9e aux enfers<\/em> di Offenbach continui ad essere eseguita in tutto il mondo, lo &#8220;Strauss parigino&#8221; \u00e8 stato ormai dimenticato, sistematicamente confuso con i suoi omonimi viennesi, Johann Strauss senior e junior.<\/p>\n<p>Figlio di un modesto violinista e barbiere ebreo di Strasburgo, Strauss inizi\u00f2 come violinista nell&#8217;orchestra del Th\u00e9\u00e2tre-Italien ma si rivel\u00f2 un instancabile imprenditore. Contribu\u00ec allo sviluppo delle terme di Aix-les-Bains e poi, dal 1844 al 1860, di Vichy, dove la nobilt\u00e0 e la borghesia di tutta Europa si riunivano in estate. Vi fece costruire una villa, tuttora esistente, in cui Napoleone III soggiorn\u00f2 durante le sue prime due cure.<\/p>\n<p>Strauss era anche noto come collezionista d&#8217;arte; la sua collezione di oggetti d&#8217;arte ebraica, oggi ospitata nel Mus\u00e9e d\u2019Art et d\u2019Histoire du Juda\u00efsme de Paris (Museo di Arte e Storia Ebraica di Parigi), fu la prima del suo genere, esposta gi\u00e0 nel 1878 all&#8217;Esposizione Universale di Parigi.<\/p>\n<p>In questo libro estremamente documentato, Laure Schnapper ripercorre la straordinaria ascesa di un musicista nella societ\u00e0 francese del Secondo Impero. In compagnia di grandi e bravi, Isaac Strauss riusc\u00ec a rimanere modesto, rendendosi peraltro indispensabile grazie al suo duro lavoro ed alla sua efficienza. In questo senso, Isaac Strauss \u00e8 un simbolo perfetto dell&#8217;integrazione degli ebrei che divennero cittadini francesi di fede ebraica e che contribuirono alla crescita ed al prestigio della Francia dopo l&#8217;Emancipazione. Come sottolinea Laure Schnapper, &#8220;la musica ha offerto agli ebrei un modo privilegiato di integrarsi nella societ\u00e0 francese&#8221;, seguendo l&#8217;esempio di Jacques-Fromental Hal\u00e9vy, Jacques Offenbach, Henri Herz, \u00c9mile Waldteufel ed \u00c9mile Jonas.<\/p>\n<p><a href=\"https:\/\/www.fnac.com\/a17732558\/Laure-Schnapper-Musique-et-musiciens-de-bal?oref=00000000-0000-0000-0000-000000000000\" target=\"_blank\" rel=\"noopener\">Ordinare il libro<\/a><\/p>\n<p><a href=\"https:\/\/www.iemj.org\/it\/strauss-isaac-1806-1888\/\" target=\"_blank\" rel=\"noopener\">Leggere la biografia di Isaac Strauss<\/a><\/p>\n<p><a href=\"https:\/\/www.iemj.org\/it\/polka-hanouka\/\" target=\"_blank\" rel=\"noopener\">Per saperne di pi\u00f9 sulla polka Hanukkah di Isaac Strauss dedicata alla drammaturga Rachel<\/a><\/p>\n\n\n<figure class=\"wp-block-embed is-type-video is-provider-youtube wp-block-embed-youtube wp-embed-aspect-16-9 wp-has-aspect-ratio\"><div class=\"wp-block-embed__wrapper\">\n<iframe title=\"Actualit\u00e9 musicale : Herv\u00e9 Roten re\u00e7oit Laure Schnapper\" width=\"640\" height=\"360\" src=\"https:\/\/www.youtube.com\/embed\/IP2kEboPYC8?feature=oembed\" frameborder=\"0\" allow=\"accelerometer; autoplay; clipboard-write; encrypted-media; gyroscope; picture-in-picture; web-share\" referrerpolicy=\"strict-origin-when-cross-origin\" allowfullscreen><\/iframe>\n<\/div><\/figure>\n\n\n\n<hr class=\"wp-block-separator has-alpha-channel-opacity\"\/>\n\n\n\n<p><strong>Ascoltare altri brani di Isaac Strauss registrati dalla pianista Chantal Riou<\/strong><\/p>\n\n\n\n<div class=\"wp-block-columns is-layout-flex wp-container-core-columns-is-layout-9d6595d7 wp-block-columns-is-layout-flex\">\n<div class=\"wp-block-column is-layout-flow wp-block-column-is-layout-flow\">\n<figure class=\"wp-block-embed is-type-video is-provider-youtube wp-block-embed-youtube wp-embed-aspect-16-9 wp-has-aspect-ratio\"><div class=\"wp-block-embed__wrapper\">\n<iframe title=\"Isaac Strauss : Encore une valse !\" width=\"640\" height=\"360\" src=\"https:\/\/www.youtube.com\/embed\/2qtewSnMM4U?feature=oembed\" frameborder=\"0\" allow=\"accelerometer; autoplay; clipboard-write; encrypted-media; gyroscope; picture-in-picture; web-share\" referrerpolicy=\"strict-origin-when-cross-origin\" allowfullscreen><\/iframe>\n<\/div><figcaption class=\"wp-element-caption\"><em><strong>Encore une valse<\/strong><\/em>, serie di valzer per pianoforte, composti da Isaac Strauss (1806-1888) &#8211; &#8220;lo Strauss di Parigi&#8221; &#8211; offerti agli abbonati del settimanale Le M\u00e9nestrel nel 1873.<br>Chantal Riou, pianoforte Pleyel 1920<\/figcaption><\/figure>\n\n\n\n<p><\/p>\n<\/div>\n\n\n\n<div class=\"wp-block-column is-layout-flow wp-block-column-is-layout-flow\">\n<figure class=\"wp-block-embed is-type-video is-provider-youtube wp-block-embed-youtube wp-embed-aspect-16-9 wp-has-aspect-ratio\"><div class=\"wp-block-embed__wrapper\">\n<iframe title=\"Isaac Strauss : La belle H\u00e9l\u00e8ne (quadrille)\" width=\"640\" height=\"360\" src=\"https:\/\/www.youtube.com\/embed\/dAtkfDzhTvM?feature=oembed\" frameborder=\"0\" allow=\"accelerometer; autoplay; clipboard-write; encrypted-media; gyroscope; picture-in-picture; web-share\" referrerpolicy=\"strict-origin-when-cross-origin\" allowfullscreen><\/iframe>\n<\/div><figcaption class=\"wp-element-caption\"><em><strong>La belle H\u00e9l\u00e8ne<\/strong><\/em>, quadriglia composta sull&#8217;opera di Offenbach da Isaac Strauss (1806-1888), &#8220;lo Strauss di Parigi&#8221;, per i balli dell&#8217;Op\u00e9ra del 1865. Sulla stessa op\u00e9ra-bouffe compose anche una polka e un valzer.<br>Chantal Riou, pianoforte Pleyel 1920<\/figcaption><\/figure>\n<\/div>\n\n\n\n<div class=\"wp-block-column is-layout-flow wp-block-column-is-layout-flow\">\n<figure class=\"wp-block-embed is-type-video is-provider-youtube wp-block-embed-youtube wp-embed-aspect-16-9 wp-has-aspect-ratio\"><div class=\"wp-block-embed__wrapper\">\n<iframe title=\"Isaac Strauss  : Orph\u00e9e aux enfers, polka\" width=\"640\" height=\"360\" src=\"https:\/\/www.youtube.com\/embed\/1JqIDefY3Tk?feature=oembed\" frameborder=\"0\" allow=\"accelerometer; autoplay; clipboard-write; encrypted-media; gyroscope; picture-in-picture; web-share\" referrerpolicy=\"strict-origin-when-cross-origin\" allowfullscreen><\/iframe>\n<\/div><figcaption class=\"wp-element-caption\"><em><strong>Orph\u00e9e aux enfers<\/strong><\/em>, polka. Oltre alla famosa quadriglia, suonata in tutto il mondo, Isaac Strauss compose una polka sull&#8217;opera di Offenbach per i balli dell&#8217;Opera, di cui era direttore, quando fu eseguita per la prima volta nel 1858.<br>Chantal Riou, pianoforte Pleyel 1920<\/figcaption><\/figure>\n\n\n\n<p><\/p>\n<\/div>\n<\/div>\n<div class=\"speaker-mute footnotes_reference_container\"> <div class=\"footnote_container_prepare\"><p><span role=\"button\" tabindex=\"0\" class=\"footnote_reference_container_label pointer\" onclick=\"footnote_expand_collapse_reference_container_96195_1();\">&#x202F;<\/span><span role=\"button\" tabindex=\"0\" class=\"footnote_reference_container_collapse_button\" style=\"display: none;\" onclick=\"footnote_expand_collapse_reference_container_96195_1();\">[<a id=\"footnote_reference_container_collapse_button_96195_1\">+<\/a>]<\/span><\/p><\/div> <div id=\"footnote_references_container_96195_1\" style=\"\"><table class=\"footnotes_table footnote-reference-container\"><caption class=\"accessibility\">References<\/caption> <tbody> \r\n\r\n<tr class=\"footnotes_plugin_reference_row\"> <th scope=\"row\" class=\"footnote_plugin_index_combi pointer\"  onclick=\"footnote_moveToAnchor_96195_1('footnote_plugin_tooltip_96195_1_1');\"><a id=\"footnote_plugin_reference_96195_1_1\" class=\"footnote_backlink\">1<\/a><\/th> <td class=\"footnote_plugin_text\">bisnonno dell&#8217;antropologo Claude L\u00e9vi-Strauss (1908-2009)<\/td><\/tr>\r\n\r\n <\/tbody> <\/table> <\/div><\/div><script type=\"text\/javascript\"> function footnote_expand_reference_container_96195_1() { jQuery('#footnote_references_container_96195_1').show(); jQuery('#footnote_reference_container_collapse_button_96195_1').text('\u2212'); } function footnote_collapse_reference_container_96195_1() { jQuery('#footnote_references_container_96195_1').hide(); jQuery('#footnote_reference_container_collapse_button_96195_1').text('+'); } function footnote_expand_collapse_reference_container_96195_1() { if (jQuery('#footnote_references_container_96195_1').is(':hidden')) { footnote_expand_reference_container_96195_1(); } else { footnote_collapse_reference_container_96195_1(); } } function footnote_moveToReference_96195_1(p_str_TargetID) { footnote_expand_reference_container_96195_1(); var l_obj_Target = jQuery('#' + p_str_TargetID); if (l_obj_Target.length) { jQuery( 'html, body' ).delay( 0 ); jQuery('html, body').animate({ scrollTop: l_obj_Target.offset().top - window.innerHeight * 0.2 }, 380); } } function footnote_moveToAnchor_96195_1(p_str_TargetID) { footnote_expand_reference_container_96195_1(); var l_obj_Target = jQuery('#' + p_str_TargetID); if (l_obj_Target.length) { jQuery( 'html, body' ).delay( 0 ); jQuery('html, body').animate({ scrollTop: l_obj_Target.offset().top - window.innerHeight * 0.2 }, 380); } }<\/script>","protected":false},"excerpt":{"rendered":"<p>Musica e musicisti da ballo &#8211; Isaac Strauss al servizio di Napoleone III Editions Hermann, 01-02-2023 Isaac Strauss (1806-1888)[1]bisnonno dell&#8217;antropologo Claude L\u00e9vi-Strauss (1908-2009) fu il maestro dei balli di corte<\/p>\n","protected":false},"author":5,"featured_media":96178,"comment_status":"closed","ping_status":"closed","sticky":false,"template":"","format":"standard","meta":{"_acf_changed":false,"footnotes":""},"categories":[1559,1576,1564],"tags":[],"technique":[],"squelettes":[],"sujet":[],"formation":[],"genre":[],"fonds":[],"tradition":[],"type-de-contenu":[],"interprete-compositeur":[3174],"frise":[],"type-devenement":[],"tableaux-liens-externes":[],"class_list":["post-96195","post","type-post","status-publish","format-standard","has-post-thumbnail","hentry","category-le-collezioni-it","category-libri-articoli-it","category-ultimi-acquisti-it","interprete-compositeur-isaac-strauss-it"],"acf":[],"yoast_head":"<!-- This site is optimized with the Yoast SEO plugin v27.3 - https:\/\/yoast.com\/product\/yoast-seo-wordpress\/ -->\n<title>Musique et musiciens de bal \u2013 Isaac Strauss au service de Napol\u00e9on III - Institut Europ\u00e9en des Musiques Juives<\/title>\n<meta name=\"robots\" content=\"index, follow, max-snippet:-1, max-image-preview:large, max-video-preview:-1\" \/>\n<link rel=\"canonical\" href=\"https:\/\/www.iemj.org\/it\/musique-et-musiciens-de-bal-isaac-strauss-au-service-de-napoleon-iii\/\" \/>\n<meta property=\"og:locale\" content=\"it_IT\" \/>\n<meta property=\"og:type\" content=\"article\" \/>\n<meta property=\"og:title\" content=\"Musique et musiciens de bal \u2013 Isaac Strauss au service de Napol\u00e9on III - Institut Europ\u00e9en des Musiques Juives\" \/>\n<meta property=\"og:description\" content=\"Musica e musicisti da ballo &#8211; Isaac Strauss al servizio di Napoleone III Editions Hermann, 01-02-2023 Isaac Strauss (1806-1888)[1]bisnonno dell&#8217;antropologo Claude L\u00e9vi-Strauss (1908-2009) fu il maestro dei balli di corte\" \/>\n<meta property=\"og:url\" content=\"https:\/\/www.iemj.org\/it\/musique-et-musiciens-de-bal-isaac-strauss-au-service-de-napoleon-iii\/\" \/>\n<meta property=\"og:site_name\" content=\"Institut Europ\u00e9en des Musiques Juives\" \/>\n<meta property=\"article:publisher\" content=\"https:\/\/www.facebook.com\/MusiquesJuives\/\" \/>\n<meta property=\"article:published_time\" content=\"2023-04-24T15:47:28+00:00\" \/>\n<meta property=\"article:modified_time\" content=\"2023-04-25T15:32:24+00:00\" \/>\n<meta property=\"og:image\" content=\"https:\/\/www.iemj.org\/wp-content\/uploads\/2023\/04\/Couv-Livre_redim.jpg\" \/>\n\t<meta property=\"og:image:width\" content=\"389\" \/>\n\t<meta property=\"og:image:height\" content=\"500\" \/>\n\t<meta property=\"og:image:type\" content=\"image\/jpeg\" \/>\n<meta name=\"author\" content=\"Jacqueline ROTEN\" \/>\n<meta name=\"twitter:card\" content=\"summary_large_image\" \/>\n<meta name=\"twitter:label1\" content=\"Scritto da\" \/>\n\t<meta name=\"twitter:data1\" content=\"Jacqueline ROTEN\" \/>\n\t<meta name=\"twitter:label2\" content=\"Tempo di lettura stimato\" \/>\n\t<meta name=\"twitter:data2\" content=\"3 minuti\" \/>\n<script type=\"application\/ld+json\" class=\"yoast-schema-graph\">{\"@context\":\"https:\\\/\\\/schema.org\",\"@graph\":[{\"@type\":\"Article\",\"@id\":\"https:\\\/\\\/www.iemj.org\\\/it\\\/musique-et-musiciens-de-bal-isaac-strauss-au-service-de-napoleon-iii\\\/#article\",\"isPartOf\":{\"@id\":\"https:\\\/\\\/www.iemj.org\\\/it\\\/musique-et-musiciens-de-bal-isaac-strauss-au-service-de-napoleon-iii\\\/\"},\"author\":{\"name\":\"Jacqueline ROTEN\",\"@id\":\"https:\\\/\\\/www.iemj.org\\\/it\\\/#\\\/schema\\\/person\\\/358e26c18aca017fcc4cc15437f7279c\"},\"headline\":\"Musique et musiciens de bal \u2013 Isaac Strauss au service de Napol\u00e9on III\",\"datePublished\":\"2023-04-24T15:47:28+00:00\",\"dateModified\":\"2023-04-25T15:32:24+00:00\",\"mainEntityOfPage\":{\"@id\":\"https:\\\/\\\/www.iemj.org\\\/it\\\/musique-et-musiciens-de-bal-isaac-strauss-au-service-de-napoleon-iii\\\/\"},\"wordCount\":513,\"publisher\":{\"@id\":\"https:\\\/\\\/www.iemj.org\\\/it\\\/#organization\"},\"image\":{\"@id\":\"https:\\\/\\\/www.iemj.org\\\/it\\\/musique-et-musiciens-de-bal-isaac-strauss-au-service-de-napoleon-iii\\\/#primaryimage\"},\"thumbnailUrl\":\"https:\\\/\\\/www.iemj.org\\\/wp-content\\\/uploads\\\/2023\\\/04\\\/Couv-Livre_redim.jpg\",\"articleSection\":[\"Le Collezioni\",\"Libri, articoli\",\"Ultimi acquisti\"],\"inLanguage\":\"it-IT\"},{\"@type\":\"WebPage\",\"@id\":\"https:\\\/\\\/www.iemj.org\\\/it\\\/musique-et-musiciens-de-bal-isaac-strauss-au-service-de-napoleon-iii\\\/\",\"url\":\"https:\\\/\\\/www.iemj.org\\\/it\\\/musique-et-musiciens-de-bal-isaac-strauss-au-service-de-napoleon-iii\\\/\",\"name\":\"Musique et musiciens de bal \u2013 Isaac Strauss au service de Napol\u00e9on III - Institut Europ\u00e9en des Musiques Juives\",\"isPartOf\":{\"@id\":\"https:\\\/\\\/www.iemj.org\\\/it\\\/#website\"},\"primaryImageOfPage\":{\"@id\":\"https:\\\/\\\/www.iemj.org\\\/it\\\/musique-et-musiciens-de-bal-isaac-strauss-au-service-de-napoleon-iii\\\/#primaryimage\"},\"image\":{\"@id\":\"https:\\\/\\\/www.iemj.org\\\/it\\\/musique-et-musiciens-de-bal-isaac-strauss-au-service-de-napoleon-iii\\\/#primaryimage\"},\"thumbnailUrl\":\"https:\\\/\\\/www.iemj.org\\\/wp-content\\\/uploads\\\/2023\\\/04\\\/Couv-Livre_redim.jpg\",\"datePublished\":\"2023-04-24T15:47:28+00:00\",\"dateModified\":\"2023-04-25T15:32:24+00:00\",\"breadcrumb\":{\"@id\":\"https:\\\/\\\/www.iemj.org\\\/it\\\/musique-et-musiciens-de-bal-isaac-strauss-au-service-de-napoleon-iii\\\/#breadcrumb\"},\"inLanguage\":\"it-IT\",\"potentialAction\":[{\"@type\":\"ReadAction\",\"target\":[\"https:\\\/\\\/www.iemj.org\\\/it\\\/musique-et-musiciens-de-bal-isaac-strauss-au-service-de-napoleon-iii\\\/\"]}]},{\"@type\":\"ImageObject\",\"inLanguage\":\"it-IT\",\"@id\":\"https:\\\/\\\/www.iemj.org\\\/it\\\/musique-et-musiciens-de-bal-isaac-strauss-au-service-de-napoleon-iii\\\/#primaryimage\",\"url\":\"https:\\\/\\\/www.iemj.org\\\/wp-content\\\/uploads\\\/2023\\\/04\\\/Couv-Livre_redim.jpg\",\"contentUrl\":\"https:\\\/\\\/www.iemj.org\\\/wp-content\\\/uploads\\\/2023\\\/04\\\/Couv-Livre_redim.jpg\",\"width\":389,\"height\":500},{\"@type\":\"BreadcrumbList\",\"@id\":\"https:\\\/\\\/www.iemj.org\\\/it\\\/musique-et-musiciens-de-bal-isaac-strauss-au-service-de-napoleon-iii\\\/#breadcrumb\",\"itemListElement\":[{\"@type\":\"ListItem\",\"position\":1,\"name\":\"Accueil\",\"item\":\"https:\\\/\\\/www.iemj.org\\\/it\\\/\"},{\"@type\":\"ListItem\",\"position\":2,\"name\":\"Musique et musiciens de bal \u2013 Isaac Strauss au service de Napol\u00e9on III\"}]},{\"@type\":\"WebSite\",\"@id\":\"https:\\\/\\\/www.iemj.org\\\/it\\\/#website\",\"url\":\"https:\\\/\\\/www.iemj.org\\\/it\\\/\",\"name\":\"Institut Europ\u00e9en des Musiques Juives\",\"description\":\"Des traditions musicales \u00e0 la port\u00e9e de tous\",\"publisher\":{\"@id\":\"https:\\\/\\\/www.iemj.org\\\/it\\\/#organization\"},\"potentialAction\":[{\"@type\":\"SearchAction\",\"target\":{\"@type\":\"EntryPoint\",\"urlTemplate\":\"https:\\\/\\\/www.iemj.org\\\/it\\\/?s={search_term_string}\"},\"query-input\":{\"@type\":\"PropertyValueSpecification\",\"valueRequired\":true,\"valueName\":\"search_term_string\"}}],\"inLanguage\":\"it-IT\"},{\"@type\":\"Organization\",\"@id\":\"https:\\\/\\\/www.iemj.org\\\/it\\\/#organization\",\"name\":\"Institut Europ\u00e9en des Musiques Juives\",\"url\":\"https:\\\/\\\/www.iemj.org\\\/it\\\/\",\"logo\":{\"@type\":\"ImageObject\",\"inLanguage\":\"it-IT\",\"@id\":\"https:\\\/\\\/www.iemj.org\\\/it\\\/#\\\/schema\\\/logo\\\/image\\\/\",\"url\":\"https:\\\/\\\/www.iemj.org\\\/wp-content\\\/uploads\\\/2021\\\/09\\\/Logo-IEMJ-Paypal.jpg\",\"contentUrl\":\"https:\\\/\\\/www.iemj.org\\\/wp-content\\\/uploads\\\/2021\\\/09\\\/Logo-IEMJ-Paypal.jpg\",\"width\":150,\"height\":50,\"caption\":\"Institut Europ\u00e9en des Musiques Juives\"},\"image\":{\"@id\":\"https:\\\/\\\/www.iemj.org\\\/it\\\/#\\\/schema\\\/logo\\\/image\\\/\"},\"sameAs\":[\"https:\\\/\\\/www.facebook.com\\\/MusiquesJuives\\\/\",\"https:\\\/\\\/www.instagram.com\\\/musiquesjuives\\\/\",\"https:\\\/\\\/www.youtube.com\\\/user\\\/musiquesjuives\"]},{\"@type\":\"Person\",\"@id\":\"https:\\\/\\\/www.iemj.org\\\/it\\\/#\\\/schema\\\/person\\\/358e26c18aca017fcc4cc15437f7279c\",\"name\":\"Jacqueline ROTEN\",\"image\":{\"@type\":\"ImageObject\",\"inLanguage\":\"it-IT\",\"@id\":\"https:\\\/\\\/secure.gravatar.com\\\/avatar\\\/5964256d6c6957de3a3505278957e0fb2a35119ac47ea41827a65301213c810b?s=96&d=mm&r=g\",\"url\":\"https:\\\/\\\/secure.gravatar.com\\\/avatar\\\/5964256d6c6957de3a3505278957e0fb2a35119ac47ea41827a65301213c810b?s=96&d=mm&r=g\",\"contentUrl\":\"https:\\\/\\\/secure.gravatar.com\\\/avatar\\\/5964256d6c6957de3a3505278957e0fb2a35119ac47ea41827a65301213c810b?s=96&d=mm&r=g\",\"caption\":\"Jacqueline ROTEN\"}}]}<\/script>\n<!-- \/ Yoast SEO plugin. -->","yoast_head_json":{"title":"Musique et musiciens de bal \u2013 Isaac Strauss au service de Napol\u00e9on III - Institut Europ\u00e9en des Musiques Juives","robots":{"index":"index","follow":"follow","max-snippet":"max-snippet:-1","max-image-preview":"max-image-preview:large","max-video-preview":"max-video-preview:-1"},"canonical":"https:\/\/www.iemj.org\/it\/musique-et-musiciens-de-bal-isaac-strauss-au-service-de-napoleon-iii\/","og_locale":"it_IT","og_type":"article","og_title":"Musique et musiciens de bal \u2013 Isaac Strauss au service de Napol\u00e9on III - Institut Europ\u00e9en des Musiques Juives","og_description":"Musica e musicisti da ballo &#8211; Isaac Strauss al servizio di Napoleone III Editions Hermann, 01-02-2023 Isaac Strauss (1806-1888)[1]bisnonno dell&#8217;antropologo Claude L\u00e9vi-Strauss (1908-2009) fu il maestro dei balli di corte","og_url":"https:\/\/www.iemj.org\/it\/musique-et-musiciens-de-bal-isaac-strauss-au-service-de-napoleon-iii\/","og_site_name":"Institut Europ\u00e9en des Musiques Juives","article_publisher":"https:\/\/www.facebook.com\/MusiquesJuives\/","article_published_time":"2023-04-24T15:47:28+00:00","article_modified_time":"2023-04-25T15:32:24+00:00","og_image":[{"width":389,"height":500,"url":"https:\/\/www.iemj.org\/wp-content\/uploads\/2023\/04\/Couv-Livre_redim.jpg","type":"image\/jpeg"}],"author":"Jacqueline ROTEN","twitter_card":"summary_large_image","twitter_misc":{"Scritto da":"Jacqueline ROTEN","Tempo di lettura stimato":"3 minuti"},"schema":{"@context":"https:\/\/schema.org","@graph":[{"@type":"Article","@id":"https:\/\/www.iemj.org\/it\/musique-et-musiciens-de-bal-isaac-strauss-au-service-de-napoleon-iii\/#article","isPartOf":{"@id":"https:\/\/www.iemj.org\/it\/musique-et-musiciens-de-bal-isaac-strauss-au-service-de-napoleon-iii\/"},"author":{"name":"Jacqueline ROTEN","@id":"https:\/\/www.iemj.org\/it\/#\/schema\/person\/358e26c18aca017fcc4cc15437f7279c"},"headline":"Musique et musiciens de bal \u2013 Isaac Strauss au service de Napol\u00e9on III","datePublished":"2023-04-24T15:47:28+00:00","dateModified":"2023-04-25T15:32:24+00:00","mainEntityOfPage":{"@id":"https:\/\/www.iemj.org\/it\/musique-et-musiciens-de-bal-isaac-strauss-au-service-de-napoleon-iii\/"},"wordCount":513,"publisher":{"@id":"https:\/\/www.iemj.org\/it\/#organization"},"image":{"@id":"https:\/\/www.iemj.org\/it\/musique-et-musiciens-de-bal-isaac-strauss-au-service-de-napoleon-iii\/#primaryimage"},"thumbnailUrl":"https:\/\/www.iemj.org\/wp-content\/uploads\/2023\/04\/Couv-Livre_redim.jpg","articleSection":["Le Collezioni","Libri, articoli","Ultimi acquisti"],"inLanguage":"it-IT"},{"@type":"WebPage","@id":"https:\/\/www.iemj.org\/it\/musique-et-musiciens-de-bal-isaac-strauss-au-service-de-napoleon-iii\/","url":"https:\/\/www.iemj.org\/it\/musique-et-musiciens-de-bal-isaac-strauss-au-service-de-napoleon-iii\/","name":"Musique et musiciens de bal \u2013 Isaac Strauss au service de Napol\u00e9on III - Institut Europ\u00e9en des Musiques Juives","isPartOf":{"@id":"https:\/\/www.iemj.org\/it\/#website"},"primaryImageOfPage":{"@id":"https:\/\/www.iemj.org\/it\/musique-et-musiciens-de-bal-isaac-strauss-au-service-de-napoleon-iii\/#primaryimage"},"image":{"@id":"https:\/\/www.iemj.org\/it\/musique-et-musiciens-de-bal-isaac-strauss-au-service-de-napoleon-iii\/#primaryimage"},"thumbnailUrl":"https:\/\/www.iemj.org\/wp-content\/uploads\/2023\/04\/Couv-Livre_redim.jpg","datePublished":"2023-04-24T15:47:28+00:00","dateModified":"2023-04-25T15:32:24+00:00","breadcrumb":{"@id":"https:\/\/www.iemj.org\/it\/musique-et-musiciens-de-bal-isaac-strauss-au-service-de-napoleon-iii\/#breadcrumb"},"inLanguage":"it-IT","potentialAction":[{"@type":"ReadAction","target":["https:\/\/www.iemj.org\/it\/musique-et-musiciens-de-bal-isaac-strauss-au-service-de-napoleon-iii\/"]}]},{"@type":"ImageObject","inLanguage":"it-IT","@id":"https:\/\/www.iemj.org\/it\/musique-et-musiciens-de-bal-isaac-strauss-au-service-de-napoleon-iii\/#primaryimage","url":"https:\/\/www.iemj.org\/wp-content\/uploads\/2023\/04\/Couv-Livre_redim.jpg","contentUrl":"https:\/\/www.iemj.org\/wp-content\/uploads\/2023\/04\/Couv-Livre_redim.jpg","width":389,"height":500},{"@type":"BreadcrumbList","@id":"https:\/\/www.iemj.org\/it\/musique-et-musiciens-de-bal-isaac-strauss-au-service-de-napoleon-iii\/#breadcrumb","itemListElement":[{"@type":"ListItem","position":1,"name":"Accueil","item":"https:\/\/www.iemj.org\/it\/"},{"@type":"ListItem","position":2,"name":"Musique et musiciens de bal \u2013 Isaac Strauss au service de Napol\u00e9on III"}]},{"@type":"WebSite","@id":"https:\/\/www.iemj.org\/it\/#website","url":"https:\/\/www.iemj.org\/it\/","name":"Institut Europ\u00e9en des Musiques Juives","description":"Des traditions musicales \u00e0 la port\u00e9e de tous","publisher":{"@id":"https:\/\/www.iemj.org\/it\/#organization"},"potentialAction":[{"@type":"SearchAction","target":{"@type":"EntryPoint","urlTemplate":"https:\/\/www.iemj.org\/it\/?s={search_term_string}"},"query-input":{"@type":"PropertyValueSpecification","valueRequired":true,"valueName":"search_term_string"}}],"inLanguage":"it-IT"},{"@type":"Organization","@id":"https:\/\/www.iemj.org\/it\/#organization","name":"Institut Europ\u00e9en des Musiques Juives","url":"https:\/\/www.iemj.org\/it\/","logo":{"@type":"ImageObject","inLanguage":"it-IT","@id":"https:\/\/www.iemj.org\/it\/#\/schema\/logo\/image\/","url":"https:\/\/www.iemj.org\/wp-content\/uploads\/2021\/09\/Logo-IEMJ-Paypal.jpg","contentUrl":"https:\/\/www.iemj.org\/wp-content\/uploads\/2021\/09\/Logo-IEMJ-Paypal.jpg","width":150,"height":50,"caption":"Institut Europ\u00e9en des Musiques Juives"},"image":{"@id":"https:\/\/www.iemj.org\/it\/#\/schema\/logo\/image\/"},"sameAs":["https:\/\/www.facebook.com\/MusiquesJuives\/","https:\/\/www.instagram.com\/musiquesjuives\/","https:\/\/www.youtube.com\/user\/musiquesjuives"]},{"@type":"Person","@id":"https:\/\/www.iemj.org\/it\/#\/schema\/person\/358e26c18aca017fcc4cc15437f7279c","name":"Jacqueline ROTEN","image":{"@type":"ImageObject","inLanguage":"it-IT","@id":"https:\/\/secure.gravatar.com\/avatar\/5964256d6c6957de3a3505278957e0fb2a35119ac47ea41827a65301213c810b?s=96&d=mm&r=g","url":"https:\/\/secure.gravatar.com\/avatar\/5964256d6c6957de3a3505278957e0fb2a35119ac47ea41827a65301213c810b?s=96&d=mm&r=g","contentUrl":"https:\/\/secure.gravatar.com\/avatar\/5964256d6c6957de3a3505278957e0fb2a35119ac47ea41827a65301213c810b?s=96&d=mm&r=g","caption":"Jacqueline ROTEN"}}]}},"_links":{"self":[{"href":"https:\/\/www.iemj.org\/it\/wp-json\/wp\/v2\/posts\/96195","targetHints":{"allow":["GET"]}}],"collection":[{"href":"https:\/\/www.iemj.org\/it\/wp-json\/wp\/v2\/posts"}],"about":[{"href":"https:\/\/www.iemj.org\/it\/wp-json\/wp\/v2\/types\/post"}],"author":[{"embeddable":true,"href":"https:\/\/www.iemj.org\/it\/wp-json\/wp\/v2\/users\/5"}],"replies":[{"embeddable":true,"href":"https:\/\/www.iemj.org\/it\/wp-json\/wp\/v2\/comments?post=96195"}],"version-history":[{"count":0,"href":"https:\/\/www.iemj.org\/it\/wp-json\/wp\/v2\/posts\/96195\/revisions"}],"wp:featuredmedia":[{"embeddable":true,"href":"https:\/\/www.iemj.org\/it\/wp-json\/wp\/v2\/media\/96178"}],"wp:attachment":[{"href":"https:\/\/www.iemj.org\/it\/wp-json\/wp\/v2\/media?parent=96195"}],"wp:term":[{"taxonomy":"category","embeddable":true,"href":"https:\/\/www.iemj.org\/it\/wp-json\/wp\/v2\/categories?post=96195"},{"taxonomy":"post_tag","embeddable":true,"href":"https:\/\/www.iemj.org\/it\/wp-json\/wp\/v2\/tags?post=96195"},{"taxonomy":"technique","embeddable":true,"href":"https:\/\/www.iemj.org\/it\/wp-json\/wp\/v2\/technique?post=96195"},{"taxonomy":"squelettes","embeddable":true,"href":"https:\/\/www.iemj.org\/it\/wp-json\/wp\/v2\/squelettes?post=96195"},{"taxonomy":"sujet","embeddable":true,"href":"https:\/\/www.iemj.org\/it\/wp-json\/wp\/v2\/sujet?post=96195"},{"taxonomy":"formation","embeddable":true,"href":"https:\/\/www.iemj.org\/it\/wp-json\/wp\/v2\/formation?post=96195"},{"taxonomy":"genre","embeddable":true,"href":"https:\/\/www.iemj.org\/it\/wp-json\/wp\/v2\/genre?post=96195"},{"taxonomy":"fonds","embeddable":true,"href":"https:\/\/www.iemj.org\/it\/wp-json\/wp\/v2\/fonds?post=96195"},{"taxonomy":"tradition","embeddable":true,"href":"https:\/\/www.iemj.org\/it\/wp-json\/wp\/v2\/tradition?post=96195"},{"taxonomy":"type-de-contenu","embeddable":true,"href":"https:\/\/www.iemj.org\/it\/wp-json\/wp\/v2\/type-de-contenu?post=96195"},{"taxonomy":"interprete-compositeur","embeddable":true,"href":"https:\/\/www.iemj.org\/it\/wp-json\/wp\/v2\/interprete-compositeur?post=96195"},{"taxonomy":"frise","embeddable":true,"href":"https:\/\/www.iemj.org\/it\/wp-json\/wp\/v2\/frise?post=96195"},{"taxonomy":"type-devenement","embeddable":true,"href":"https:\/\/www.iemj.org\/it\/wp-json\/wp\/v2\/type-devenement?post=96195"},{"taxonomy":"tableaux-liens-externes","embeddable":true,"href":"https:\/\/www.iemj.org\/it\/wp-json\/wp\/v2\/tableaux-liens-externes?post=96195"}],"curies":[{"name":"wp","href":"https:\/\/api.w.org\/{rel}","templated":true}]}}