{"id":96771,"date":"2019-05-28T09:44:28","date_gmt":"2019-05-28T07:44:28","guid":{"rendered":"https:\/\/www.iemj.org\/simha-arom-itineraire-dun-ethnomusicologue-hors-du-commun-de-dusseldorf-a-jerusalem-des-musiques-centrafricaines-a-celles-des-juifs-dethiopie\/"},"modified":"2025-09-22T12:17:05","modified_gmt":"2025-09-22T10:17:05","slug":"simha-arom-itineraire-dun-ethnomusicologue-hors-du-commun-de-dusseldorf-a-jerusalem-des-musiques-centrafricaines-a-celles-des-juifs-dethiopie","status":"publish","type":"post","link":"https:\/\/www.iemj.org\/it\/simha-arom-itineraire-dun-ethnomusicologue-hors-du-commun-de-dusseldorf-a-jerusalem-des-musiques-centrafricaines-a-celles-des-juifs-dethiopie\/","title":{"rendered":"Simha Arom, itinerario di uno straordinario etnomusicologo &#8211; Da D\u00fcsseldorf a Gerusalemme, dalla musica centrafricana a quella degli ebrei etiopi"},"content":{"rendered":"\n<p class=\"post_excerpt\"><strong>MUSIQUES JUIVES D\u2019HIER ET D\u2019AUJOURD\u2019HUI \u2013 MARTED\u00cc&nbsp;4 GIUGNO 2019, JUDA\u00cfQUES FM (94.8), 21H00<\/strong><\/p>\n\n\n\n<!--more-->\n\n\n\n<p>In occasione della proiezione del film <a href=\"https:\/\/www.iemj.org\/it\/simha\/\" target=\"_blank\" rel=\"noopener\">Simha<\/a> di J\u00e9r\u00f4me Blumberg, presso il <a href=\"http:\/\/www.memorialdelashoah.org\/\">M\u00e9morial de la Shoah<\/a>, gioved\u00ec 27 giugno 2019, Herv\u00e9 Roten accoglie l&#8217;etnomusicologo Simha Arom, accompagnato dal produttore Gabriel Chabanier.<\/p>\n\n\n\n<p>La storia di Simha (che in ebraico significa &#8220;gioia&#8221;) sembra uscita direttamente da un brutto romanzo. Nato nel 1930 in una famiglia ebrea di D\u00fcsseldorf, Simha fu costretto all&#8217;esilio con la sua famiglia dopo la Notte dei Cristalli (1938). Dopo un periodo in Belgio e poi in Francia, il fratello ed i genitori sono stati deportati ad Auschwitz nel 1942. Non tornarono mai pi\u00f9. Simha, all&#8217;et\u00e0 di 12 anni, riesce ad attraversare i Pirenei e trova rifugio in Spagna. Nel 1944 si imbarca per la Palestina. Studia violino in un kibbutz, ma ferito al braccio durante la guerra d&#8217;indipendenza del 1948, abbandona il violino per suonare il corno, l&#8217;unico strumento che pu\u00f2 essere suonato con la mano sinistra. Dopo brillanti studi musicali a Gerusalemme e poi a Parigi (primo premio per il corno al Conservatorio Nazionale Superiore di Musica di Parigi nel 1954), nel 1957 diventa corno principale dell&#8217;Orchestra Sinfonica di Gerusalemme.<\/p>\n\n\n\n<p>Nel 1962, il Presidente della Repubblica Centrafricana, David Dacko, in visita in Israele, sente una band giovanile che gli piace molto. Chiede allo Stato di Israele un musicista per creare una band simile nel suo Paese. Simha si propone di farlo e si impegna per un anno.<\/p>\n\n\n\n<p>Una volta l\u00ec, affascinato dalla musica tradizionale centrafricana, convince il presidente Dacko della necessit\u00e0 di registrare la musica del Paese. A Bangui, con l&#8217;amica Genevi\u00e8ve Dournon, crea un museo di arti e tradizioni popolari: il Museo Boganda.<\/p>\n\n\n\n<p>Qualche anni dopo, Simha entra a far parte del CNRS e diventa uno dei pi\u00f9 grandi etnomusicologi conosciuti. Le sue registrazioni ed analisi della musica pigmea hanno fatto il giro del mondo. Musicisti contemporanei come Steve Reich, Luciano Berio, Gy\u00f6rgy Ligeti, oppure come Herbie Hancock e Madonna si sono ispirati alle polifonie da lui rese note.<\/p>\n\n\n\n<p>Nel 1986, in seguito all&#8217;arrivo massiccio degli ebrei etiopi in Israele, Simha si \u00e8 impegnato a riunire intorno a s\u00e9 un&#8217;\u00e9quipe di ricercatori franco-israeliani per raccogliere la musica di questi ebrei africani prima che andasse perduta. Tra il 1986 ed il 1989, sono state registrate centinaia di ore con i principali praticanti della tradizione. Queste registrazioni, accompagnate da un&#8217;imponente documentazione, sono state pubblicate nel 2018 sotto forma di un cofanetto intitolato <a href=\"https:\/\/www.iemj.org\/it\/the-liturgy-of-beta-israel-music-of-the-ethiopian-jewish-prayer\/\">The Liturgy of Beta Israel<\/a>.<\/p>\n\n\n\n<p>Durante la sua lunga e movimentata vita, Simha Arom non ha mai perso il senso dell&#8217;umorismo. Ed \u00e8 con gioia (Simha) e buon umore che questo straordinario etnomusicologo racconter\u00e0 le sue mille ed una avventura su Juda\u00efques FM. Il tutto naturalmente condito dalla musica!<\/p>\n\n\n\n<ul class=\"wp-block-list\">\n<li><a href=\"https:\/\/www.iemj.org\/it\/simha\/\" target=\"_blank\" rel=\"noopener\">Guardare un estratto del film Simha<\/a><\/li>\n\n\n\n<li><a href=\"https:\/\/www.iemj.org\/it\/arom-simha-1930\/\" target=\"_blank\" rel=\"noopener\">Leggere la biografia di Simha Arom<\/a><\/li>\n\n\n\n<li><a href=\"https:\/\/www.iemj.org\/it\/the-liturgy-of-beta-israel-music-of-the-ethiopian-jewish-prayer\/\" target=\"_blank\" rel=\"noopener\">Ascoltare estratti ed ordinare il cofanetto La Liturgia di Beta Israele<\/a><\/li>\n\n\n\n<li><a href=\"https:\/\/www.iemj.org\/it\/le-chant-liturgique-juif-ethiopien-2\/\" target=\"_blank\" rel=\"noopener\">Ascoltare il programma di Olivier Tourny sul canto liturgico etiope<\/a><\/li>\n\n\n\n<li><a href=\"https:\/\/www.iemj.org\/it\/la-musique-des-juifs-dethiopie-les-beta-israel\/\" target=\"_blank\" rel=\"noopener\">Leggere l&#8217;articolo sulla musica degli ebrei etiopi<\/a><\/li>\n<\/ul>\n\n\n\n<div class=\"wp-block-columns are-vertically-aligned-center is-layout-flex wp-container-core-columns-is-layout-9d6595d7 wp-block-columns-is-layout-flex\">\n<div class=\"wp-block-column is-vertically-aligned-center is-layout-flow wp-block-column-is-layout-flow\" style=\"flex-basis:20%\"><div class=\"wp-block-image\">\n<figure class=\"aligncenter size-full\"><img decoding=\"async\" width=\"140\" height=\"189\" src=\"https:\/\/www.iemj.org\/wp-content\/uploads\/2017\/01\/herve_photo_retouche_fond_uni_bleu_500px.jpg\" alt=\"\" class=\"wp-image-124984\"\/><\/figure>\n<\/div><\/div>\n\n\n\n<div class=\"wp-block-column is-vertically-aligned-center is-layout-flow wp-block-column-is-layout-flow\" style=\"flex-basis:80%\">\n<p><em>Officier des Arts et des Lettres, dottore in musicologia all\u2019Universit\u00e0 di Parigi IV Sorbona, premio del Conservatorio Nazionale Superiore di Musica e Danza di Parigi, Herv\u00e9 Roten \u00e8 direttore dell\u2019Istituto Europeo di Musiche Ebraiche dalla sua creazione nel 2006.<br>Laureato in etnomusicologia, si \u00e8 interessato molto presto alla conservazione e alla digitalizzazione degli archivi, argomenti che ha insegnato per diversi anni nelle universit\u00e0 di Reims e Marne-La-Vall\u00e9e.<br>Autore di numerosi articoli, libri e dischi sulla musica ebraica e produttore di programmi radiofonici, Herv\u00e9 Roten \u00e8 oggi riconosciuto come uno dei migliori specialisti di musica ebraica nel mondo.<\/em><\/p>\n<\/div>\n<\/div>\n\n\n<div class=\"wp-block-image\">\n<figure class=\"aligncenter size-large\"><img fetchpriority=\"high\" decoding=\"async\" width=\"1024\" height=\"133\" src=\"https:\/\/www.iemj.org\/wp-content\/uploads\/2024\/03\/AUDIO-PLAYER-1024x133.png\" alt=\"\" class=\"wp-image-110609\" srcset=\"https:\/\/www.iemj.org\/wp-content\/uploads\/2024\/03\/AUDIO-PLAYER-1024x133.png 1024w, https:\/\/www.iemj.org\/wp-content\/uploads\/2024\/03\/AUDIO-PLAYER-300x39.png 300w, https:\/\/www.iemj.org\/wp-content\/uploads\/2024\/03\/AUDIO-PLAYER-768x100.png 768w, https:\/\/www.iemj.org\/wp-content\/uploads\/2024\/03\/AUDIO-PLAYER-600x78.png 600w, https:\/\/www.iemj.org\/wp-content\/uploads\/2024\/03\/AUDIO-PLAYER.png 1210w\" sizes=\"(max-width: 1024px) 100vw, 1024px\" \/><\/figure>\n<\/div>\n\n\n<div class=\"wp-block-file\"><a id=\"wp-block-file--media-8490daec-7ef1-4340-99de-e27b4bfcc676\" href=\"https:\/\/www.iemj.org\/wp-content\/uploads\/2019\/06\/jfm77_simha_arom_2019-06-04_v128-2.mp3\">Simha Arom, itin\u00e9raire d\u2019un ethnomusicologue hors du commun <\/a><\/div>\n","protected":false},"excerpt":{"rendered":"<p>MUSIQUES JUIVES D\u2019HIER ET D\u2019AUJOURD\u2019HUI \u2013 MARTED\u00cc&nbsp;4 GIUGNO 2019, JUDA\u00cfQUES FM (94.8), 21H00<\/p>\n","protected":false},"author":1045,"featured_media":96772,"comment_status":"closed","ping_status":"closed","sticky":false,"template":"","format":"standard","meta":{"_acf_changed":false,"footnotes":""},"categories":[2176,1538],"tags":[2081,2212],"technique":[],"squelettes":[],"sujet":[],"formation":[],"genre":[],"fonds":[],"tradition":[],"type-de-contenu":[],"interprete-compositeur":[],"frise":[],"type-devenement":[],"tableaux-liens-externes":[],"class_list":["post-96771","post","type-post","status-publish","format-standard","has-post-thumbnail","hentry","category-programmi-herve-roten-it","category-programmi-radiofonici-it","tag-etiopia-it","tag-programmi-radiofonici-iemj-it"],"acf":[],"yoast_head":"<!-- This site is optimized with the Yoast SEO plugin v27.3 - https:\/\/yoast.com\/product\/yoast-seo-wordpress\/ -->\n<title>Simha Arom, itinerario di uno straordinario etnomusicologo - Da D\u00fcsseldorf a Gerusalemme, dalla musica centrafricana a quella degli ebrei etiopi - Institut Europ\u00e9en des Musiques Juives<\/title>\n<meta name=\"robots\" content=\"index, follow, max-snippet:-1, max-image-preview:large, max-video-preview:-1\" \/>\n<link rel=\"canonical\" href=\"https:\/\/www.iemj.org\/it\/simha-arom-itineraire-dun-ethnomusicologue-hors-du-commun-de-dusseldorf-a-jerusalem-des-musiques-centrafricaines-a-celles-des-juifs-dethiopie\/\" \/>\n<meta property=\"og:locale\" content=\"it_IT\" \/>\n<meta property=\"og:type\" content=\"article\" \/>\n<meta property=\"og:title\" content=\"Simha Arom, itinerario di uno straordinario etnomusicologo - Da D\u00fcsseldorf a Gerusalemme, dalla musica centrafricana a quella degli ebrei etiopi - Institut Europ\u00e9en des Musiques Juives\" \/>\n<meta property=\"og:description\" content=\"MUSIQUES JUIVES D\u2019HIER ET D\u2019AUJOURD\u2019HUI \u2013 MARTED\u00cc&nbsp;4 GIUGNO 2019, JUDA\u00cfQUES FM (94.8), 21H00\" \/>\n<meta property=\"og:url\" content=\"https:\/\/www.iemj.org\/it\/simha-arom-itineraire-dun-ethnomusicologue-hors-du-commun-de-dusseldorf-a-jerusalem-des-musiques-centrafricaines-a-celles-des-juifs-dethiopie\/\" \/>\n<meta property=\"og:site_name\" content=\"Institut Europ\u00e9en des Musiques Juives\" \/>\n<meta property=\"article:publisher\" content=\"https:\/\/www.facebook.com\/MusiquesJuives\/\" \/>\n<meta property=\"article:published_time\" content=\"2019-05-28T07:44:28+00:00\" \/>\n<meta property=\"article:modified_time\" content=\"2025-09-22T10:17:05+00:00\" \/>\n<meta property=\"og:image\" content=\"https:\/\/www.iemj.org\/wp-content\/uploads\/2019\/05\/arton4187.jpg\" \/>\n\t<meta property=\"og:image:width\" content=\"136\" \/>\n\t<meta property=\"og:image:height\" content=\"136\" \/>\n\t<meta property=\"og:image:type\" content=\"image\/jpeg\" \/>\n<meta name=\"author\" content=\"Herv\u00e9 Roten\" \/>\n<meta name=\"twitter:card\" content=\"summary_large_image\" \/>\n<meta name=\"twitter:label1\" content=\"Scritto da\" \/>\n\t<meta name=\"twitter:data1\" content=\"Herv\u00e9 Roten\" \/>\n\t<meta name=\"twitter:label2\" content=\"Tempo di lettura stimato\" \/>\n\t<meta name=\"twitter:data2\" content=\"4 minuti\" \/>\n<script type=\"application\/ld+json\" class=\"yoast-schema-graph\">{\"@context\":\"https:\\\/\\\/schema.org\",\"@graph\":[{\"@type\":\"Article\",\"@id\":\"https:\\\/\\\/www.iemj.org\\\/it\\\/simha-arom-itineraire-dun-ethnomusicologue-hors-du-commun-de-dusseldorf-a-jerusalem-des-musiques-centrafricaines-a-celles-des-juifs-dethiopie\\\/#article\",\"isPartOf\":{\"@id\":\"https:\\\/\\\/www.iemj.org\\\/it\\\/simha-arom-itineraire-dun-ethnomusicologue-hors-du-commun-de-dusseldorf-a-jerusalem-des-musiques-centrafricaines-a-celles-des-juifs-dethiopie\\\/\"},\"author\":{\"name\":\"Herv\u00e9 Roten\",\"@id\":\"https:\\\/\\\/www.iemj.org\\\/it\\\/#\\\/schema\\\/person\\\/906134402c29d5c76e7b726261dd4bbd\"},\"headline\":\"Simha Arom, itinerario di uno straordinario etnomusicologo &#8211; Da D\u00fcsseldorf a Gerusalemme, dalla musica centrafricana a quella degli ebrei etiopi\",\"datePublished\":\"2019-05-28T07:44:28+00:00\",\"dateModified\":\"2025-09-22T10:17:05+00:00\",\"mainEntityOfPage\":{\"@id\":\"https:\\\/\\\/www.iemj.org\\\/it\\\/simha-arom-itineraire-dun-ethnomusicologue-hors-du-commun-de-dusseldorf-a-jerusalem-des-musiques-centrafricaines-a-celles-des-juifs-dethiopie\\\/\"},\"wordCount\":627,\"publisher\":{\"@id\":\"https:\\\/\\\/www.iemj.org\\\/it\\\/#organization\"},\"image\":{\"@id\":\"https:\\\/\\\/www.iemj.org\\\/it\\\/simha-arom-itineraire-dun-ethnomusicologue-hors-du-commun-de-dusseldorf-a-jerusalem-des-musiques-centrafricaines-a-celles-des-juifs-dethiopie\\\/#primaryimage\"},\"thumbnailUrl\":\"https:\\\/\\\/www.iemj.org\\\/wp-content\\\/uploads\\\/2019\\\/05\\\/arton4187.jpg\",\"keywords\":[\"Etiopia\",\"Programmi radiofonici IEMJ\"],\"articleSection\":[\"Programmi Herv\u00e9 Roten\",\"Programmi radiofonici\"],\"inLanguage\":\"it-IT\"},{\"@type\":\"WebPage\",\"@id\":\"https:\\\/\\\/www.iemj.org\\\/it\\\/simha-arom-itineraire-dun-ethnomusicologue-hors-du-commun-de-dusseldorf-a-jerusalem-des-musiques-centrafricaines-a-celles-des-juifs-dethiopie\\\/\",\"url\":\"https:\\\/\\\/www.iemj.org\\\/it\\\/simha-arom-itineraire-dun-ethnomusicologue-hors-du-commun-de-dusseldorf-a-jerusalem-des-musiques-centrafricaines-a-celles-des-juifs-dethiopie\\\/\",\"name\":\"Simha Arom, itinerario di uno straordinario etnomusicologo - Da D\u00fcsseldorf a Gerusalemme, dalla musica centrafricana a quella degli ebrei etiopi - Institut Europ\u00e9en des Musiques Juives\",\"isPartOf\":{\"@id\":\"https:\\\/\\\/www.iemj.org\\\/it\\\/#website\"},\"primaryImageOfPage\":{\"@id\":\"https:\\\/\\\/www.iemj.org\\\/it\\\/simha-arom-itineraire-dun-ethnomusicologue-hors-du-commun-de-dusseldorf-a-jerusalem-des-musiques-centrafricaines-a-celles-des-juifs-dethiopie\\\/#primaryimage\"},\"image\":{\"@id\":\"https:\\\/\\\/www.iemj.org\\\/it\\\/simha-arom-itineraire-dun-ethnomusicologue-hors-du-commun-de-dusseldorf-a-jerusalem-des-musiques-centrafricaines-a-celles-des-juifs-dethiopie\\\/#primaryimage\"},\"thumbnailUrl\":\"https:\\\/\\\/www.iemj.org\\\/wp-content\\\/uploads\\\/2019\\\/05\\\/arton4187.jpg\",\"datePublished\":\"2019-05-28T07:44:28+00:00\",\"dateModified\":\"2025-09-22T10:17:05+00:00\",\"breadcrumb\":{\"@id\":\"https:\\\/\\\/www.iemj.org\\\/it\\\/simha-arom-itineraire-dun-ethnomusicologue-hors-du-commun-de-dusseldorf-a-jerusalem-des-musiques-centrafricaines-a-celles-des-juifs-dethiopie\\\/#breadcrumb\"},\"inLanguage\":\"it-IT\",\"potentialAction\":[{\"@type\":\"ReadAction\",\"target\":[\"https:\\\/\\\/www.iemj.org\\\/it\\\/simha-arom-itineraire-dun-ethnomusicologue-hors-du-commun-de-dusseldorf-a-jerusalem-des-musiques-centrafricaines-a-celles-des-juifs-dethiopie\\\/\"]}]},{\"@type\":\"ImageObject\",\"inLanguage\":\"it-IT\",\"@id\":\"https:\\\/\\\/www.iemj.org\\\/it\\\/simha-arom-itineraire-dun-ethnomusicologue-hors-du-commun-de-dusseldorf-a-jerusalem-des-musiques-centrafricaines-a-celles-des-juifs-dethiopie\\\/#primaryimage\",\"url\":\"https:\\\/\\\/www.iemj.org\\\/wp-content\\\/uploads\\\/2019\\\/05\\\/arton4187.jpg\",\"contentUrl\":\"https:\\\/\\\/www.iemj.org\\\/wp-content\\\/uploads\\\/2019\\\/05\\\/arton4187.jpg\",\"width\":136,\"height\":136},{\"@type\":\"BreadcrumbList\",\"@id\":\"https:\\\/\\\/www.iemj.org\\\/it\\\/simha-arom-itineraire-dun-ethnomusicologue-hors-du-commun-de-dusseldorf-a-jerusalem-des-musiques-centrafricaines-a-celles-des-juifs-dethiopie\\\/#breadcrumb\",\"itemListElement\":[{\"@type\":\"ListItem\",\"position\":1,\"name\":\"Accueil\",\"item\":\"https:\\\/\\\/www.iemj.org\\\/it\\\/\"},{\"@type\":\"ListItem\",\"position\":2,\"name\":\"Simha Arom, itinerario di uno straordinario etnomusicologo &#8211; Da D\u00fcsseldorf a Gerusalemme, dalla musica centrafricana a quella degli ebrei etiopi\"}]},{\"@type\":\"WebSite\",\"@id\":\"https:\\\/\\\/www.iemj.org\\\/it\\\/#website\",\"url\":\"https:\\\/\\\/www.iemj.org\\\/it\\\/\",\"name\":\"Institut Europ\u00e9en des Musiques Juives\",\"description\":\"Des traditions musicales \u00e0 la port\u00e9e de tous\",\"publisher\":{\"@id\":\"https:\\\/\\\/www.iemj.org\\\/it\\\/#organization\"},\"potentialAction\":[{\"@type\":\"SearchAction\",\"target\":{\"@type\":\"EntryPoint\",\"urlTemplate\":\"https:\\\/\\\/www.iemj.org\\\/it\\\/?s={search_term_string}\"},\"query-input\":{\"@type\":\"PropertyValueSpecification\",\"valueRequired\":true,\"valueName\":\"search_term_string\"}}],\"inLanguage\":\"it-IT\"},{\"@type\":\"Organization\",\"@id\":\"https:\\\/\\\/www.iemj.org\\\/it\\\/#organization\",\"name\":\"Institut Europ\u00e9en des Musiques Juives\",\"url\":\"https:\\\/\\\/www.iemj.org\\\/it\\\/\",\"logo\":{\"@type\":\"ImageObject\",\"inLanguage\":\"it-IT\",\"@id\":\"https:\\\/\\\/www.iemj.org\\\/it\\\/#\\\/schema\\\/logo\\\/image\\\/\",\"url\":\"https:\\\/\\\/www.iemj.org\\\/wp-content\\\/uploads\\\/2021\\\/09\\\/Logo-IEMJ-Paypal.jpg\",\"contentUrl\":\"https:\\\/\\\/www.iemj.org\\\/wp-content\\\/uploads\\\/2021\\\/09\\\/Logo-IEMJ-Paypal.jpg\",\"width\":150,\"height\":50,\"caption\":\"Institut Europ\u00e9en des Musiques Juives\"},\"image\":{\"@id\":\"https:\\\/\\\/www.iemj.org\\\/it\\\/#\\\/schema\\\/logo\\\/image\\\/\"},\"sameAs\":[\"https:\\\/\\\/www.facebook.com\\\/MusiquesJuives\\\/\",\"https:\\\/\\\/www.instagram.com\\\/musiquesjuives\\\/\",\"https:\\\/\\\/www.youtube.com\\\/user\\\/musiquesjuives\"]},{\"@type\":\"Person\",\"@id\":\"https:\\\/\\\/www.iemj.org\\\/it\\\/#\\\/schema\\\/person\\\/906134402c29d5c76e7b726261dd4bbd\",\"name\":\"Herv\u00e9 Roten\",\"image\":{\"@type\":\"ImageObject\",\"inLanguage\":\"it-IT\",\"@id\":\"https:\\\/\\\/secure.gravatar.com\\\/avatar\\\/f96ad2db538a26481f18384936b5cd0610c92d390c4dc382209216d455f685ff?s=96&d=mm&r=g\",\"url\":\"https:\\\/\\\/secure.gravatar.com\\\/avatar\\\/f96ad2db538a26481f18384936b5cd0610c92d390c4dc382209216d455f685ff?s=96&d=mm&r=g\",\"contentUrl\":\"https:\\\/\\\/secure.gravatar.com\\\/avatar\\\/f96ad2db538a26481f18384936b5cd0610c92d390c4dc382209216d455f685ff?s=96&d=mm&r=g\",\"caption\":\"Herv\u00e9 Roten\"}}]}<\/script>\n<!-- \/ Yoast SEO plugin. -->","yoast_head_json":{"title":"Simha Arom, itinerario di uno straordinario etnomusicologo - Da D\u00fcsseldorf a Gerusalemme, dalla musica centrafricana a quella degli ebrei etiopi - Institut Europ\u00e9en des Musiques Juives","robots":{"index":"index","follow":"follow","max-snippet":"max-snippet:-1","max-image-preview":"max-image-preview:large","max-video-preview":"max-video-preview:-1"},"canonical":"https:\/\/www.iemj.org\/it\/simha-arom-itineraire-dun-ethnomusicologue-hors-du-commun-de-dusseldorf-a-jerusalem-des-musiques-centrafricaines-a-celles-des-juifs-dethiopie\/","og_locale":"it_IT","og_type":"article","og_title":"Simha Arom, itinerario di uno straordinario etnomusicologo - Da D\u00fcsseldorf a Gerusalemme, dalla musica centrafricana a quella degli ebrei etiopi - Institut Europ\u00e9en des Musiques Juives","og_description":"MUSIQUES JUIVES D\u2019HIER ET D\u2019AUJOURD\u2019HUI \u2013 MARTED\u00cc&nbsp;4 GIUGNO 2019, JUDA\u00cfQUES FM (94.8), 21H00","og_url":"https:\/\/www.iemj.org\/it\/simha-arom-itineraire-dun-ethnomusicologue-hors-du-commun-de-dusseldorf-a-jerusalem-des-musiques-centrafricaines-a-celles-des-juifs-dethiopie\/","og_site_name":"Institut Europ\u00e9en des Musiques Juives","article_publisher":"https:\/\/www.facebook.com\/MusiquesJuives\/","article_published_time":"2019-05-28T07:44:28+00:00","article_modified_time":"2025-09-22T10:17:05+00:00","og_image":[{"width":136,"height":136,"url":"https:\/\/www.iemj.org\/wp-content\/uploads\/2019\/05\/arton4187.jpg","type":"image\/jpeg"}],"author":"Herv\u00e9 Roten","twitter_card":"summary_large_image","twitter_misc":{"Scritto da":"Herv\u00e9 Roten","Tempo di lettura stimato":"4 minuti"},"schema":{"@context":"https:\/\/schema.org","@graph":[{"@type":"Article","@id":"https:\/\/www.iemj.org\/it\/simha-arom-itineraire-dun-ethnomusicologue-hors-du-commun-de-dusseldorf-a-jerusalem-des-musiques-centrafricaines-a-celles-des-juifs-dethiopie\/#article","isPartOf":{"@id":"https:\/\/www.iemj.org\/it\/simha-arom-itineraire-dun-ethnomusicologue-hors-du-commun-de-dusseldorf-a-jerusalem-des-musiques-centrafricaines-a-celles-des-juifs-dethiopie\/"},"author":{"name":"Herv\u00e9 Roten","@id":"https:\/\/www.iemj.org\/it\/#\/schema\/person\/906134402c29d5c76e7b726261dd4bbd"},"headline":"Simha Arom, itinerario di uno straordinario etnomusicologo &#8211; Da D\u00fcsseldorf a Gerusalemme, dalla musica centrafricana a quella degli ebrei etiopi","datePublished":"2019-05-28T07:44:28+00:00","dateModified":"2025-09-22T10:17:05+00:00","mainEntityOfPage":{"@id":"https:\/\/www.iemj.org\/it\/simha-arom-itineraire-dun-ethnomusicologue-hors-du-commun-de-dusseldorf-a-jerusalem-des-musiques-centrafricaines-a-celles-des-juifs-dethiopie\/"},"wordCount":627,"publisher":{"@id":"https:\/\/www.iemj.org\/it\/#organization"},"image":{"@id":"https:\/\/www.iemj.org\/it\/simha-arom-itineraire-dun-ethnomusicologue-hors-du-commun-de-dusseldorf-a-jerusalem-des-musiques-centrafricaines-a-celles-des-juifs-dethiopie\/#primaryimage"},"thumbnailUrl":"https:\/\/www.iemj.org\/wp-content\/uploads\/2019\/05\/arton4187.jpg","keywords":["Etiopia","Programmi radiofonici IEMJ"],"articleSection":["Programmi Herv\u00e9 Roten","Programmi radiofonici"],"inLanguage":"it-IT"},{"@type":"WebPage","@id":"https:\/\/www.iemj.org\/it\/simha-arom-itineraire-dun-ethnomusicologue-hors-du-commun-de-dusseldorf-a-jerusalem-des-musiques-centrafricaines-a-celles-des-juifs-dethiopie\/","url":"https:\/\/www.iemj.org\/it\/simha-arom-itineraire-dun-ethnomusicologue-hors-du-commun-de-dusseldorf-a-jerusalem-des-musiques-centrafricaines-a-celles-des-juifs-dethiopie\/","name":"Simha Arom, itinerario di uno straordinario etnomusicologo - Da D\u00fcsseldorf a Gerusalemme, dalla musica centrafricana a quella degli ebrei etiopi - Institut Europ\u00e9en des Musiques Juives","isPartOf":{"@id":"https:\/\/www.iemj.org\/it\/#website"},"primaryImageOfPage":{"@id":"https:\/\/www.iemj.org\/it\/simha-arom-itineraire-dun-ethnomusicologue-hors-du-commun-de-dusseldorf-a-jerusalem-des-musiques-centrafricaines-a-celles-des-juifs-dethiopie\/#primaryimage"},"image":{"@id":"https:\/\/www.iemj.org\/it\/simha-arom-itineraire-dun-ethnomusicologue-hors-du-commun-de-dusseldorf-a-jerusalem-des-musiques-centrafricaines-a-celles-des-juifs-dethiopie\/#primaryimage"},"thumbnailUrl":"https:\/\/www.iemj.org\/wp-content\/uploads\/2019\/05\/arton4187.jpg","datePublished":"2019-05-28T07:44:28+00:00","dateModified":"2025-09-22T10:17:05+00:00","breadcrumb":{"@id":"https:\/\/www.iemj.org\/it\/simha-arom-itineraire-dun-ethnomusicologue-hors-du-commun-de-dusseldorf-a-jerusalem-des-musiques-centrafricaines-a-celles-des-juifs-dethiopie\/#breadcrumb"},"inLanguage":"it-IT","potentialAction":[{"@type":"ReadAction","target":["https:\/\/www.iemj.org\/it\/simha-arom-itineraire-dun-ethnomusicologue-hors-du-commun-de-dusseldorf-a-jerusalem-des-musiques-centrafricaines-a-celles-des-juifs-dethiopie\/"]}]},{"@type":"ImageObject","inLanguage":"it-IT","@id":"https:\/\/www.iemj.org\/it\/simha-arom-itineraire-dun-ethnomusicologue-hors-du-commun-de-dusseldorf-a-jerusalem-des-musiques-centrafricaines-a-celles-des-juifs-dethiopie\/#primaryimage","url":"https:\/\/www.iemj.org\/wp-content\/uploads\/2019\/05\/arton4187.jpg","contentUrl":"https:\/\/www.iemj.org\/wp-content\/uploads\/2019\/05\/arton4187.jpg","width":136,"height":136},{"@type":"BreadcrumbList","@id":"https:\/\/www.iemj.org\/it\/simha-arom-itineraire-dun-ethnomusicologue-hors-du-commun-de-dusseldorf-a-jerusalem-des-musiques-centrafricaines-a-celles-des-juifs-dethiopie\/#breadcrumb","itemListElement":[{"@type":"ListItem","position":1,"name":"Accueil","item":"https:\/\/www.iemj.org\/it\/"},{"@type":"ListItem","position":2,"name":"Simha Arom, itinerario di uno straordinario etnomusicologo &#8211; Da D\u00fcsseldorf a Gerusalemme, dalla musica centrafricana a quella degli ebrei etiopi"}]},{"@type":"WebSite","@id":"https:\/\/www.iemj.org\/it\/#website","url":"https:\/\/www.iemj.org\/it\/","name":"Institut Europ\u00e9en des Musiques Juives","description":"Des traditions musicales \u00e0 la port\u00e9e de tous","publisher":{"@id":"https:\/\/www.iemj.org\/it\/#organization"},"potentialAction":[{"@type":"SearchAction","target":{"@type":"EntryPoint","urlTemplate":"https:\/\/www.iemj.org\/it\/?s={search_term_string}"},"query-input":{"@type":"PropertyValueSpecification","valueRequired":true,"valueName":"search_term_string"}}],"inLanguage":"it-IT"},{"@type":"Organization","@id":"https:\/\/www.iemj.org\/it\/#organization","name":"Institut Europ\u00e9en des Musiques Juives","url":"https:\/\/www.iemj.org\/it\/","logo":{"@type":"ImageObject","inLanguage":"it-IT","@id":"https:\/\/www.iemj.org\/it\/#\/schema\/logo\/image\/","url":"https:\/\/www.iemj.org\/wp-content\/uploads\/2021\/09\/Logo-IEMJ-Paypal.jpg","contentUrl":"https:\/\/www.iemj.org\/wp-content\/uploads\/2021\/09\/Logo-IEMJ-Paypal.jpg","width":150,"height":50,"caption":"Institut Europ\u00e9en des Musiques Juives"},"image":{"@id":"https:\/\/www.iemj.org\/it\/#\/schema\/logo\/image\/"},"sameAs":["https:\/\/www.facebook.com\/MusiquesJuives\/","https:\/\/www.instagram.com\/musiquesjuives\/","https:\/\/www.youtube.com\/user\/musiquesjuives"]},{"@type":"Person","@id":"https:\/\/www.iemj.org\/it\/#\/schema\/person\/906134402c29d5c76e7b726261dd4bbd","name":"Herv\u00e9 Roten","image":{"@type":"ImageObject","inLanguage":"it-IT","@id":"https:\/\/secure.gravatar.com\/avatar\/f96ad2db538a26481f18384936b5cd0610c92d390c4dc382209216d455f685ff?s=96&d=mm&r=g","url":"https:\/\/secure.gravatar.com\/avatar\/f96ad2db538a26481f18384936b5cd0610c92d390c4dc382209216d455f685ff?s=96&d=mm&r=g","contentUrl":"https:\/\/secure.gravatar.com\/avatar\/f96ad2db538a26481f18384936b5cd0610c92d390c4dc382209216d455f685ff?s=96&d=mm&r=g","caption":"Herv\u00e9 Roten"}}]}},"_links":{"self":[{"href":"https:\/\/www.iemj.org\/it\/wp-json\/wp\/v2\/posts\/96771","targetHints":{"allow":["GET"]}}],"collection":[{"href":"https:\/\/www.iemj.org\/it\/wp-json\/wp\/v2\/posts"}],"about":[{"href":"https:\/\/www.iemj.org\/it\/wp-json\/wp\/v2\/types\/post"}],"author":[{"embeddable":true,"href":"https:\/\/www.iemj.org\/it\/wp-json\/wp\/v2\/users\/1045"}],"replies":[{"embeddable":true,"href":"https:\/\/www.iemj.org\/it\/wp-json\/wp\/v2\/comments?post=96771"}],"version-history":[{"count":0,"href":"https:\/\/www.iemj.org\/it\/wp-json\/wp\/v2\/posts\/96771\/revisions"}],"wp:featuredmedia":[{"embeddable":true,"href":"https:\/\/www.iemj.org\/it\/wp-json\/wp\/v2\/media\/96772"}],"wp:attachment":[{"href":"https:\/\/www.iemj.org\/it\/wp-json\/wp\/v2\/media?parent=96771"}],"wp:term":[{"taxonomy":"category","embeddable":true,"href":"https:\/\/www.iemj.org\/it\/wp-json\/wp\/v2\/categories?post=96771"},{"taxonomy":"post_tag","embeddable":true,"href":"https:\/\/www.iemj.org\/it\/wp-json\/wp\/v2\/tags?post=96771"},{"taxonomy":"technique","embeddable":true,"href":"https:\/\/www.iemj.org\/it\/wp-json\/wp\/v2\/technique?post=96771"},{"taxonomy":"squelettes","embeddable":true,"href":"https:\/\/www.iemj.org\/it\/wp-json\/wp\/v2\/squelettes?post=96771"},{"taxonomy":"sujet","embeddable":true,"href":"https:\/\/www.iemj.org\/it\/wp-json\/wp\/v2\/sujet?post=96771"},{"taxonomy":"formation","embeddable":true,"href":"https:\/\/www.iemj.org\/it\/wp-json\/wp\/v2\/formation?post=96771"},{"taxonomy":"genre","embeddable":true,"href":"https:\/\/www.iemj.org\/it\/wp-json\/wp\/v2\/genre?post=96771"},{"taxonomy":"fonds","embeddable":true,"href":"https:\/\/www.iemj.org\/it\/wp-json\/wp\/v2\/fonds?post=96771"},{"taxonomy":"tradition","embeddable":true,"href":"https:\/\/www.iemj.org\/it\/wp-json\/wp\/v2\/tradition?post=96771"},{"taxonomy":"type-de-contenu","embeddable":true,"href":"https:\/\/www.iemj.org\/it\/wp-json\/wp\/v2\/type-de-contenu?post=96771"},{"taxonomy":"interprete-compositeur","embeddable":true,"href":"https:\/\/www.iemj.org\/it\/wp-json\/wp\/v2\/interprete-compositeur?post=96771"},{"taxonomy":"frise","embeddable":true,"href":"https:\/\/www.iemj.org\/it\/wp-json\/wp\/v2\/frise?post=96771"},{"taxonomy":"type-devenement","embeddable":true,"href":"https:\/\/www.iemj.org\/it\/wp-json\/wp\/v2\/type-devenement?post=96771"},{"taxonomy":"tableaux-liens-externes","embeddable":true,"href":"https:\/\/www.iemj.org\/it\/wp-json\/wp\/v2\/tableaux-liens-externes?post=96771"}],"curies":[{"name":"wp","href":"https:\/\/api.w.org\/{rel}","templated":true}]}}