{"id":96915,"date":"2016-09-21T09:25:53","date_gmt":"2016-09-21T07:25:53","guid":{"rendered":"https:\/\/www.iemj.org\/les-cinq-pieces-pour-orchestre-op-16-darnold-schoenberg\/"},"modified":"2023-05-21T16:40:14","modified_gmt":"2023-05-21T14:40:14","slug":"les-cinq-pieces-pour-orchestre-op-16-darnold-schoenberg","status":"publish","type":"post","link":"https:\/\/www.iemj.org\/it\/les-cinq-pieces-pour-orchestre-op-16-darnold-schoenberg\/","title":{"rendered":"Les Cinq pi\u00e8ces pour orchestre op. 16 d&#8217;Arnold Schoenberg"},"content":{"rendered":"<p>Le edizioni Aedem Musicae hanno appena pubblicato un documentato studio di Alain Poirier dedicato ai <em>Cinque pezzi per orchestra op. 16 di Arnold Sch\u00f6nberg<\/em>. Un&#8217;occasione per rituffarsi nel contesto artistico e culturale del 1909 e per comprendere questa sorprendente opera di Schoenberg.<\/p>\n<p>Regolarmente presentati come una delle opere pi\u00f9 sorprendenti dell&#8217;abbondante periodo precedente il 1914, i Cinque pezzi per orchestra op. 16 di Schoenberg continuano, accanto a Erwartung, La Sagra della primavera di Stravinsky e molte opere di Debussy o Bart\u00f3k, ad affascinare ascoltatori e compositori a pi\u00f9 di un secolo dalla loro composizione. Legato ai pi\u00f9 grandi artisti del suo tempo, Strauss, Mahler, Busoni o Kandinsky, Schoenberg nel 1909 si tuffa nell&#8217;ignoto nel momento in cui Freud, Klimt o Musil esplorano i misteri dell&#8217;inconscio. Musica e pittura si rinviano l&#8217;una all&#8217;altra in questa ricerca di una nuova espressione, di cui il terzo brano, il celebre \u201cFarben\u201d, costituisce una delle pi\u00f9 folgoranti manifestazioni.<\/p>\n<p>La prima parte del libro ripercorre il contesto artistico e culturale di questo anno 1909. La seconda parte \u00e8 dedicata allo studio dei cinque brani.<\/p>\n<p><a href=\"http:\/\/www.musicae.fr\/livre-Les-cinq-pieces-pour-orchestre-op.-16-d-Arnold-Schoenberg-de-Alain-Poirier-165-99.html\" target=\"_blank\" rel=\"noopener\">Acquistare il libro<\/a><br \/><a href=\"https:\/\/www.iemj.org\/de\/loeuvre-juive-darnold-schonberg\/\" target=\"_blank\" rel=\"noopener\">Ascoltare il programma radiofonico <em>L&#8217;oeuvre juive de Sch\u00f6nberg<\/em>, prodotto e presentato da Herv\u00e9 Roten, avente Danielle Cohen-Levinas come ospite.<\/a><\/p>\n\n\n<p><\/p>\n","protected":false},"excerpt":{"rendered":"<p>Le edizioni Aedem Musicae hanno appena pubblicato un documentato studio di Alain Poirier dedicato ai Cinque pezzi per orchestra op. 16 di Arnold Sch\u00f6nberg. Un&#8217;occasione per rituffarsi nel contesto artistico<\/p>\n","protected":false},"author":1048,"featured_media":96916,"comment_status":"closed","ping_status":"open","sticky":false,"template":"","format":"standard","meta":{"_acf_changed":false,"footnotes":""},"categories":[1576,1564],"tags":[],"technique":[],"squelettes":[],"sujet":[],"formation":[],"genre":[1901],"fonds":[],"tradition":[],"type-de-contenu":[],"interprete-compositeur":[3091],"frise":[],"type-devenement":[],"tableaux-liens-externes":[],"class_list":["post-96915","post","type-post","status-publish","format-standard","has-post-thumbnail","hentry","category-libri-articoli-it","category-ultimi-acquisti-it","genre-musica-classica-it","interprete-compositeur-arnold-schonberg-it"],"acf":[],"yoast_head":"<!-- This site is optimized with the Yoast SEO plugin v27.3 - https:\/\/yoast.com\/product\/yoast-seo-wordpress\/ -->\n<title>Les Cinq pi\u00e8ces pour orchestre op. 16 d&#039;Arnold Schoenberg - Institut Europ\u00e9en des Musiques Juives<\/title>\n<meta name=\"robots\" content=\"index, follow, max-snippet:-1, max-image-preview:large, max-video-preview:-1\" \/>\n<link rel=\"canonical\" href=\"https:\/\/www.iemj.org\/it\/les-cinq-pieces-pour-orchestre-op-16-darnold-schoenberg\/\" \/>\n<meta property=\"og:locale\" content=\"it_IT\" \/>\n<meta property=\"og:type\" content=\"article\" \/>\n<meta property=\"og:title\" content=\"Les Cinq pi\u00e8ces pour orchestre op. 16 d&#039;Arnold Schoenberg - Institut Europ\u00e9en des Musiques Juives\" \/>\n<meta property=\"og:description\" content=\"Le edizioni Aedem Musicae hanno appena pubblicato un documentato studio di Alain Poirier dedicato ai Cinque pezzi per orchestra op. 16 di Arnold Sch\u00f6nberg. Un&#8217;occasione per rituffarsi nel contesto artistico\" \/>\n<meta property=\"og:url\" content=\"https:\/\/www.iemj.org\/it\/les-cinq-pieces-pour-orchestre-op-16-darnold-schoenberg\/\" \/>\n<meta property=\"og:site_name\" content=\"Institut Europ\u00e9en des Musiques Juives\" \/>\n<meta property=\"article:publisher\" content=\"https:\/\/www.facebook.com\/MusiquesJuives\/\" \/>\n<meta property=\"article:published_time\" content=\"2016-09-21T07:25:53+00:00\" \/>\n<meta property=\"article:modified_time\" content=\"2023-05-21T14:40:14+00:00\" \/>\n<meta property=\"og:image\" content=\"https:\/\/www.iemj.org\/wp-content\/uploads\/2016\/09\/arton1854-e1619347061485.jpg\" \/>\n\t<meta property=\"og:image:width\" content=\"350\" \/>\n\t<meta property=\"og:image:height\" content=\"499\" \/>\n\t<meta property=\"og:image:type\" content=\"image\/jpeg\" \/>\n<meta name=\"author\" content=\"Jean-Gabriel Davis\" \/>\n<meta name=\"twitter:card\" content=\"summary_large_image\" \/>\n<meta name=\"twitter:label1\" content=\"Scritto da\" \/>\n\t<meta name=\"twitter:data1\" content=\"Jean-Gabriel Davis\" \/>\n\t<meta name=\"twitter:label2\" content=\"Tempo di lettura stimato\" \/>\n\t<meta name=\"twitter:data2\" content=\"2 minuti\" \/>\n<script type=\"application\/ld+json\" class=\"yoast-schema-graph\">{\"@context\":\"https:\\\/\\\/schema.org\",\"@graph\":[{\"@type\":\"Article\",\"@id\":\"https:\\\/\\\/www.iemj.org\\\/it\\\/les-cinq-pieces-pour-orchestre-op-16-darnold-schoenberg\\\/#article\",\"isPartOf\":{\"@id\":\"https:\\\/\\\/www.iemj.org\\\/it\\\/les-cinq-pieces-pour-orchestre-op-16-darnold-schoenberg\\\/\"},\"author\":{\"name\":\"Jean-Gabriel Davis\",\"@id\":\"https:\\\/\\\/www.iemj.org\\\/it\\\/#\\\/schema\\\/person\\\/c9bc1c386a3749579a2d675e72a18666\"},\"headline\":\"Les Cinq pi\u00e8ces pour orchestre op. 16 d&#8217;Arnold Schoenberg\",\"datePublished\":\"2016-09-21T07:25:53+00:00\",\"dateModified\":\"2023-05-21T14:40:14+00:00\",\"mainEntityOfPage\":{\"@id\":\"https:\\\/\\\/www.iemj.org\\\/it\\\/les-cinq-pieces-pour-orchestre-op-16-darnold-schoenberg\\\/\"},\"wordCount\":213,\"publisher\":{\"@id\":\"https:\\\/\\\/www.iemj.org\\\/it\\\/#organization\"},\"image\":{\"@id\":\"https:\\\/\\\/www.iemj.org\\\/it\\\/les-cinq-pieces-pour-orchestre-op-16-darnold-schoenberg\\\/#primaryimage\"},\"thumbnailUrl\":\"https:\\\/\\\/www.iemj.org\\\/wp-content\\\/uploads\\\/2016\\\/09\\\/arton1854-e1619347061485.jpg\",\"articleSection\":[\"Libri, articoli\",\"Ultimi acquisti\"],\"inLanguage\":\"it-IT\"},{\"@type\":\"WebPage\",\"@id\":\"https:\\\/\\\/www.iemj.org\\\/it\\\/les-cinq-pieces-pour-orchestre-op-16-darnold-schoenberg\\\/\",\"url\":\"https:\\\/\\\/www.iemj.org\\\/it\\\/les-cinq-pieces-pour-orchestre-op-16-darnold-schoenberg\\\/\",\"name\":\"Les Cinq pi\u00e8ces pour orchestre op. 16 d'Arnold Schoenberg - Institut Europ\u00e9en des Musiques Juives\",\"isPartOf\":{\"@id\":\"https:\\\/\\\/www.iemj.org\\\/it\\\/#website\"},\"primaryImageOfPage\":{\"@id\":\"https:\\\/\\\/www.iemj.org\\\/it\\\/les-cinq-pieces-pour-orchestre-op-16-darnold-schoenberg\\\/#primaryimage\"},\"image\":{\"@id\":\"https:\\\/\\\/www.iemj.org\\\/it\\\/les-cinq-pieces-pour-orchestre-op-16-darnold-schoenberg\\\/#primaryimage\"},\"thumbnailUrl\":\"https:\\\/\\\/www.iemj.org\\\/wp-content\\\/uploads\\\/2016\\\/09\\\/arton1854-e1619347061485.jpg\",\"datePublished\":\"2016-09-21T07:25:53+00:00\",\"dateModified\":\"2023-05-21T14:40:14+00:00\",\"breadcrumb\":{\"@id\":\"https:\\\/\\\/www.iemj.org\\\/it\\\/les-cinq-pieces-pour-orchestre-op-16-darnold-schoenberg\\\/#breadcrumb\"},\"inLanguage\":\"it-IT\",\"potentialAction\":[{\"@type\":\"ReadAction\",\"target\":[\"https:\\\/\\\/www.iemj.org\\\/it\\\/les-cinq-pieces-pour-orchestre-op-16-darnold-schoenberg\\\/\"]}]},{\"@type\":\"ImageObject\",\"inLanguage\":\"it-IT\",\"@id\":\"https:\\\/\\\/www.iemj.org\\\/it\\\/les-cinq-pieces-pour-orchestre-op-16-darnold-schoenberg\\\/#primaryimage\",\"url\":\"https:\\\/\\\/www.iemj.org\\\/wp-content\\\/uploads\\\/2016\\\/09\\\/arton1854-e1619347061485.jpg\",\"contentUrl\":\"https:\\\/\\\/www.iemj.org\\\/wp-content\\\/uploads\\\/2016\\\/09\\\/arton1854-e1619347061485.jpg\",\"width\":350,\"height\":499},{\"@type\":\"BreadcrumbList\",\"@id\":\"https:\\\/\\\/www.iemj.org\\\/it\\\/les-cinq-pieces-pour-orchestre-op-16-darnold-schoenberg\\\/#breadcrumb\",\"itemListElement\":[{\"@type\":\"ListItem\",\"position\":1,\"name\":\"Accueil\",\"item\":\"https:\\\/\\\/www.iemj.org\\\/it\\\/\"},{\"@type\":\"ListItem\",\"position\":2,\"name\":\"Les Cinq pi\u00e8ces pour orchestre op. 16 d&#8217;Arnold Schoenberg\"}]},{\"@type\":\"WebSite\",\"@id\":\"https:\\\/\\\/www.iemj.org\\\/it\\\/#website\",\"url\":\"https:\\\/\\\/www.iemj.org\\\/it\\\/\",\"name\":\"Institut Europ\u00e9en des Musiques Juives\",\"description\":\"Des traditions musicales \u00e0 la port\u00e9e de tous\",\"publisher\":{\"@id\":\"https:\\\/\\\/www.iemj.org\\\/it\\\/#organization\"},\"potentialAction\":[{\"@type\":\"SearchAction\",\"target\":{\"@type\":\"EntryPoint\",\"urlTemplate\":\"https:\\\/\\\/www.iemj.org\\\/it\\\/?s={search_term_string}\"},\"query-input\":{\"@type\":\"PropertyValueSpecification\",\"valueRequired\":true,\"valueName\":\"search_term_string\"}}],\"inLanguage\":\"it-IT\"},{\"@type\":\"Organization\",\"@id\":\"https:\\\/\\\/www.iemj.org\\\/it\\\/#organization\",\"name\":\"Institut Europ\u00e9en des Musiques Juives\",\"url\":\"https:\\\/\\\/www.iemj.org\\\/it\\\/\",\"logo\":{\"@type\":\"ImageObject\",\"inLanguage\":\"it-IT\",\"@id\":\"https:\\\/\\\/www.iemj.org\\\/it\\\/#\\\/schema\\\/logo\\\/image\\\/\",\"url\":\"https:\\\/\\\/www.iemj.org\\\/wp-content\\\/uploads\\\/2021\\\/09\\\/Logo-IEMJ-Paypal.jpg\",\"contentUrl\":\"https:\\\/\\\/www.iemj.org\\\/wp-content\\\/uploads\\\/2021\\\/09\\\/Logo-IEMJ-Paypal.jpg\",\"width\":150,\"height\":50,\"caption\":\"Institut Europ\u00e9en des Musiques Juives\"},\"image\":{\"@id\":\"https:\\\/\\\/www.iemj.org\\\/it\\\/#\\\/schema\\\/logo\\\/image\\\/\"},\"sameAs\":[\"https:\\\/\\\/www.facebook.com\\\/MusiquesJuives\\\/\",\"https:\\\/\\\/www.instagram.com\\\/musiquesjuives\\\/\",\"https:\\\/\\\/www.youtube.com\\\/user\\\/musiquesjuives\"]},{\"@type\":\"Person\",\"@id\":\"https:\\\/\\\/www.iemj.org\\\/it\\\/#\\\/schema\\\/person\\\/c9bc1c386a3749579a2d675e72a18666\",\"name\":\"Jean-Gabriel Davis\",\"image\":{\"@type\":\"ImageObject\",\"inLanguage\":\"it-IT\",\"@id\":\"https:\\\/\\\/secure.gravatar.com\\\/avatar\\\/2b90d67bdf392c9b3a21fab87c0fa7edaf1fb3a058172a1ffd61033fcec7aec1?s=96&d=mm&r=g\",\"url\":\"https:\\\/\\\/secure.gravatar.com\\\/avatar\\\/2b90d67bdf392c9b3a21fab87c0fa7edaf1fb3a058172a1ffd61033fcec7aec1?s=96&d=mm&r=g\",\"contentUrl\":\"https:\\\/\\\/secure.gravatar.com\\\/avatar\\\/2b90d67bdf392c9b3a21fab87c0fa7edaf1fb3a058172a1ffd61033fcec7aec1?s=96&d=mm&r=g\",\"caption\":\"Jean-Gabriel Davis\"}}]}<\/script>\n<!-- \/ Yoast SEO plugin. -->","yoast_head_json":{"title":"Les Cinq pi\u00e8ces pour orchestre op. 16 d'Arnold Schoenberg - Institut Europ\u00e9en des Musiques Juives","robots":{"index":"index","follow":"follow","max-snippet":"max-snippet:-1","max-image-preview":"max-image-preview:large","max-video-preview":"max-video-preview:-1"},"canonical":"https:\/\/www.iemj.org\/it\/les-cinq-pieces-pour-orchestre-op-16-darnold-schoenberg\/","og_locale":"it_IT","og_type":"article","og_title":"Les Cinq pi\u00e8ces pour orchestre op. 16 d'Arnold Schoenberg - Institut Europ\u00e9en des Musiques Juives","og_description":"Le edizioni Aedem Musicae hanno appena pubblicato un documentato studio di Alain Poirier dedicato ai Cinque pezzi per orchestra op. 16 di Arnold Sch\u00f6nberg. Un&#8217;occasione per rituffarsi nel contesto artistico","og_url":"https:\/\/www.iemj.org\/it\/les-cinq-pieces-pour-orchestre-op-16-darnold-schoenberg\/","og_site_name":"Institut Europ\u00e9en des Musiques Juives","article_publisher":"https:\/\/www.facebook.com\/MusiquesJuives\/","article_published_time":"2016-09-21T07:25:53+00:00","article_modified_time":"2023-05-21T14:40:14+00:00","og_image":[{"width":350,"height":499,"url":"https:\/\/www.iemj.org\/wp-content\/uploads\/2016\/09\/arton1854-e1619347061485.jpg","type":"image\/jpeg"}],"author":"Jean-Gabriel Davis","twitter_card":"summary_large_image","twitter_misc":{"Scritto da":"Jean-Gabriel Davis","Tempo di lettura stimato":"2 minuti"},"schema":{"@context":"https:\/\/schema.org","@graph":[{"@type":"Article","@id":"https:\/\/www.iemj.org\/it\/les-cinq-pieces-pour-orchestre-op-16-darnold-schoenberg\/#article","isPartOf":{"@id":"https:\/\/www.iemj.org\/it\/les-cinq-pieces-pour-orchestre-op-16-darnold-schoenberg\/"},"author":{"name":"Jean-Gabriel Davis","@id":"https:\/\/www.iemj.org\/it\/#\/schema\/person\/c9bc1c386a3749579a2d675e72a18666"},"headline":"Les Cinq pi\u00e8ces pour orchestre op. 16 d&#8217;Arnold Schoenberg","datePublished":"2016-09-21T07:25:53+00:00","dateModified":"2023-05-21T14:40:14+00:00","mainEntityOfPage":{"@id":"https:\/\/www.iemj.org\/it\/les-cinq-pieces-pour-orchestre-op-16-darnold-schoenberg\/"},"wordCount":213,"publisher":{"@id":"https:\/\/www.iemj.org\/it\/#organization"},"image":{"@id":"https:\/\/www.iemj.org\/it\/les-cinq-pieces-pour-orchestre-op-16-darnold-schoenberg\/#primaryimage"},"thumbnailUrl":"https:\/\/www.iemj.org\/wp-content\/uploads\/2016\/09\/arton1854-e1619347061485.jpg","articleSection":["Libri, articoli","Ultimi acquisti"],"inLanguage":"it-IT"},{"@type":"WebPage","@id":"https:\/\/www.iemj.org\/it\/les-cinq-pieces-pour-orchestre-op-16-darnold-schoenberg\/","url":"https:\/\/www.iemj.org\/it\/les-cinq-pieces-pour-orchestre-op-16-darnold-schoenberg\/","name":"Les Cinq pi\u00e8ces pour orchestre op. 16 d'Arnold Schoenberg - Institut Europ\u00e9en des Musiques Juives","isPartOf":{"@id":"https:\/\/www.iemj.org\/it\/#website"},"primaryImageOfPage":{"@id":"https:\/\/www.iemj.org\/it\/les-cinq-pieces-pour-orchestre-op-16-darnold-schoenberg\/#primaryimage"},"image":{"@id":"https:\/\/www.iemj.org\/it\/les-cinq-pieces-pour-orchestre-op-16-darnold-schoenberg\/#primaryimage"},"thumbnailUrl":"https:\/\/www.iemj.org\/wp-content\/uploads\/2016\/09\/arton1854-e1619347061485.jpg","datePublished":"2016-09-21T07:25:53+00:00","dateModified":"2023-05-21T14:40:14+00:00","breadcrumb":{"@id":"https:\/\/www.iemj.org\/it\/les-cinq-pieces-pour-orchestre-op-16-darnold-schoenberg\/#breadcrumb"},"inLanguage":"it-IT","potentialAction":[{"@type":"ReadAction","target":["https:\/\/www.iemj.org\/it\/les-cinq-pieces-pour-orchestre-op-16-darnold-schoenberg\/"]}]},{"@type":"ImageObject","inLanguage":"it-IT","@id":"https:\/\/www.iemj.org\/it\/les-cinq-pieces-pour-orchestre-op-16-darnold-schoenberg\/#primaryimage","url":"https:\/\/www.iemj.org\/wp-content\/uploads\/2016\/09\/arton1854-e1619347061485.jpg","contentUrl":"https:\/\/www.iemj.org\/wp-content\/uploads\/2016\/09\/arton1854-e1619347061485.jpg","width":350,"height":499},{"@type":"BreadcrumbList","@id":"https:\/\/www.iemj.org\/it\/les-cinq-pieces-pour-orchestre-op-16-darnold-schoenberg\/#breadcrumb","itemListElement":[{"@type":"ListItem","position":1,"name":"Accueil","item":"https:\/\/www.iemj.org\/it\/"},{"@type":"ListItem","position":2,"name":"Les Cinq pi\u00e8ces pour orchestre op. 16 d&#8217;Arnold Schoenberg"}]},{"@type":"WebSite","@id":"https:\/\/www.iemj.org\/it\/#website","url":"https:\/\/www.iemj.org\/it\/","name":"Institut Europ\u00e9en des Musiques Juives","description":"Des traditions musicales \u00e0 la port\u00e9e de tous","publisher":{"@id":"https:\/\/www.iemj.org\/it\/#organization"},"potentialAction":[{"@type":"SearchAction","target":{"@type":"EntryPoint","urlTemplate":"https:\/\/www.iemj.org\/it\/?s={search_term_string}"},"query-input":{"@type":"PropertyValueSpecification","valueRequired":true,"valueName":"search_term_string"}}],"inLanguage":"it-IT"},{"@type":"Organization","@id":"https:\/\/www.iemj.org\/it\/#organization","name":"Institut Europ\u00e9en des Musiques Juives","url":"https:\/\/www.iemj.org\/it\/","logo":{"@type":"ImageObject","inLanguage":"it-IT","@id":"https:\/\/www.iemj.org\/it\/#\/schema\/logo\/image\/","url":"https:\/\/www.iemj.org\/wp-content\/uploads\/2021\/09\/Logo-IEMJ-Paypal.jpg","contentUrl":"https:\/\/www.iemj.org\/wp-content\/uploads\/2021\/09\/Logo-IEMJ-Paypal.jpg","width":150,"height":50,"caption":"Institut Europ\u00e9en des Musiques Juives"},"image":{"@id":"https:\/\/www.iemj.org\/it\/#\/schema\/logo\/image\/"},"sameAs":["https:\/\/www.facebook.com\/MusiquesJuives\/","https:\/\/www.instagram.com\/musiquesjuives\/","https:\/\/www.youtube.com\/user\/musiquesjuives"]},{"@type":"Person","@id":"https:\/\/www.iemj.org\/it\/#\/schema\/person\/c9bc1c386a3749579a2d675e72a18666","name":"Jean-Gabriel Davis","image":{"@type":"ImageObject","inLanguage":"it-IT","@id":"https:\/\/secure.gravatar.com\/avatar\/2b90d67bdf392c9b3a21fab87c0fa7edaf1fb3a058172a1ffd61033fcec7aec1?s=96&d=mm&r=g","url":"https:\/\/secure.gravatar.com\/avatar\/2b90d67bdf392c9b3a21fab87c0fa7edaf1fb3a058172a1ffd61033fcec7aec1?s=96&d=mm&r=g","contentUrl":"https:\/\/secure.gravatar.com\/avatar\/2b90d67bdf392c9b3a21fab87c0fa7edaf1fb3a058172a1ffd61033fcec7aec1?s=96&d=mm&r=g","caption":"Jean-Gabriel Davis"}}]}},"_links":{"self":[{"href":"https:\/\/www.iemj.org\/it\/wp-json\/wp\/v2\/posts\/96915","targetHints":{"allow":["GET"]}}],"collection":[{"href":"https:\/\/www.iemj.org\/it\/wp-json\/wp\/v2\/posts"}],"about":[{"href":"https:\/\/www.iemj.org\/it\/wp-json\/wp\/v2\/types\/post"}],"author":[{"embeddable":true,"href":"https:\/\/www.iemj.org\/it\/wp-json\/wp\/v2\/users\/1048"}],"replies":[{"embeddable":true,"href":"https:\/\/www.iemj.org\/it\/wp-json\/wp\/v2\/comments?post=96915"}],"version-history":[{"count":0,"href":"https:\/\/www.iemj.org\/it\/wp-json\/wp\/v2\/posts\/96915\/revisions"}],"wp:featuredmedia":[{"embeddable":true,"href":"https:\/\/www.iemj.org\/it\/wp-json\/wp\/v2\/media\/96916"}],"wp:attachment":[{"href":"https:\/\/www.iemj.org\/it\/wp-json\/wp\/v2\/media?parent=96915"}],"wp:term":[{"taxonomy":"category","embeddable":true,"href":"https:\/\/www.iemj.org\/it\/wp-json\/wp\/v2\/categories?post=96915"},{"taxonomy":"post_tag","embeddable":true,"href":"https:\/\/www.iemj.org\/it\/wp-json\/wp\/v2\/tags?post=96915"},{"taxonomy":"technique","embeddable":true,"href":"https:\/\/www.iemj.org\/it\/wp-json\/wp\/v2\/technique?post=96915"},{"taxonomy":"squelettes","embeddable":true,"href":"https:\/\/www.iemj.org\/it\/wp-json\/wp\/v2\/squelettes?post=96915"},{"taxonomy":"sujet","embeddable":true,"href":"https:\/\/www.iemj.org\/it\/wp-json\/wp\/v2\/sujet?post=96915"},{"taxonomy":"formation","embeddable":true,"href":"https:\/\/www.iemj.org\/it\/wp-json\/wp\/v2\/formation?post=96915"},{"taxonomy":"genre","embeddable":true,"href":"https:\/\/www.iemj.org\/it\/wp-json\/wp\/v2\/genre?post=96915"},{"taxonomy":"fonds","embeddable":true,"href":"https:\/\/www.iemj.org\/it\/wp-json\/wp\/v2\/fonds?post=96915"},{"taxonomy":"tradition","embeddable":true,"href":"https:\/\/www.iemj.org\/it\/wp-json\/wp\/v2\/tradition?post=96915"},{"taxonomy":"type-de-contenu","embeddable":true,"href":"https:\/\/www.iemj.org\/it\/wp-json\/wp\/v2\/type-de-contenu?post=96915"},{"taxonomy":"interprete-compositeur","embeddable":true,"href":"https:\/\/www.iemj.org\/it\/wp-json\/wp\/v2\/interprete-compositeur?post=96915"},{"taxonomy":"frise","embeddable":true,"href":"https:\/\/www.iemj.org\/it\/wp-json\/wp\/v2\/frise?post=96915"},{"taxonomy":"type-devenement","embeddable":true,"href":"https:\/\/www.iemj.org\/it\/wp-json\/wp\/v2\/type-devenement?post=96915"},{"taxonomy":"tableaux-liens-externes","embeddable":true,"href":"https:\/\/www.iemj.org\/it\/wp-json\/wp\/v2\/tableaux-liens-externes?post=96915"}],"curies":[{"name":"wp","href":"https:\/\/api.w.org\/{rel}","templated":true}]}}