{"id":96939,"date":"2017-05-30T16:38:30","date_gmt":"2017-05-30T14:38:30","guid":{"rendered":"https:\/\/www.iemj.org\/la-synagogue-de-la-victoire-150-ans-du-judaisme-francais\/"},"modified":"2024-01-16T12:47:43","modified_gmt":"2024-01-16T11:47:43","slug":"la-synagogue-de-la-victoire-150-ans-du-judaisme-francais","status":"publish","type":"post","link":"https:\/\/www.iemj.org\/it\/la-synagogue-de-la-victoire-150-ans-du-judaisme-francais\/","title":{"rendered":"La synagogue de la Victoire, 150 ans du juda\u00efsme fran\u00e7ais"},"content":{"rendered":"<p><em>La sinagoga della Vittoria, 150 anni di ebraismo francese<\/em>, pubblicato nel maggio 2017, \u00e8 un&#8217;opera collettiva sotto la direzione congiunta di Jacques Canet, presidente della Vittoria, e Claude Nataf, storico e vicepresidente della Commissione francese degli archivi ebraici.<\/p>\n<p>Scritto con la collaborazione di Martine Cohen, Mo\u00efse Cohen, Ariel Danan, Cyril Grange, Laura Hobson Faure, Ha\u00efm Korsia, Jean-Claude Kuperminc, Philippe Landau, F\u00e9lix Loeb, Stanislas Mah\u00e9, Ariel Messas, Martin Messika, B\u00e9atrice Philippe, Catherine Poujol, Herv\u00e9 Roten, Nelly Singer e Jean-Claude Werba, e con la partecipazione di numerosi fedeli e testimoni.<\/p>\n<h4><strong>Una retrospettiva e delle testimonianze su di un modello di integrazione<\/strong><\/h4>\n<p>Gli autori apportano una visione pertinente ed ancora attualissima sulla gestione della religione da parte della <img fetchpriority=\"high\" decoding=\"async\" class=\" alignright  wp-image-14272\" src=\"https:\/\/www.iemj.org\/wp-content\/uploads\/2017\/05\/photo_2.jpg\" alt=\"photo_2.jpg\" width=\"261\" height=\"195\" align=\"right\" \/>Repubblica francese. In che modo la Sinagoga della Vittoria ha partecipato attivamente alle varie battaglie della Repubblica tramite il ruolo svolto dai rabbini e dai dirigenti che l&#8217;hanno animata e quello delle personalit\u00e0 che l&#8217;hanno frequentata? In che modo questo modello, intriso di universalismo ebraico e francese, trova la sua espressione nel modello repubblicano della Francia? Quale presente e quale futuro per un simile modello di integrazione?<\/p>\n<p><img decoding=\"async\" class=\" alignleft  wp-image-14278\" src=\"https:\/\/www.iemj.org\/wp-content\/uploads\/2017\/05\/photo_c.jpg\" alt=\"photo_c.jpg\" width=\"229\" height=\"171\" align=\"left\" \/>Luogo di vita, di culto, di cultura e di cerimonie ufficiali, la Sinagoga della Vittoria si presta a una riflessione multidisciplinare. Nel corso di pagine superbamente illustrate, il lettore \u00e8 immerso in 150 anni di storia, fatti religiosi, momenti politici, musica, architettura, ma anche di percorsi personali, passati o contemporanei, che hanno fatto o che continuano a partecipare all&#8217;influenza della Grande Sinagoga di Parigi.<\/p>\n<p><em>Questo libro contiene uno studio di Herv\u00e9 Roten sul patrimonio musicale della Grande Sinagoga della Vittoria, che l&#8217;autore ha pazientemente ricostruito svolgendo ricerche negli archivi concistoriali.<\/em><\/p>\n<p><a href=\"https:\/\/www.iemj.org\/it\/la-victoire-en-chantant\/\" target=\"_blank\" rel=\"noopener\">Ascoltare il programma radiofonico dell\u2019IEMJ sulla pubblicazione del libro<\/a><br \/><a href=\"https:\/\/www.iemj.org\/it\/musiques-liturgiques-de-la-synagogue-de-la-victoire-2\/\" target=\"_blank\" rel=\"noopener\">Ascoltare la playlist dei brani pi\u00f9 belli della Sinagoga della Vittoria<\/a><\/p>\n\n\n<figure class=\"wp-block-video\"><video height=\"576\" style=\"aspect-ratio: 720 \/ 576;\" width=\"720\" controls poster=\"https:\/\/www.iemj.org\/wp-content\/uploads\/2017\/05\/Capture.png\" src=\"https:\/\/www.iemj.org\/wp-content\/uploads\/2019\/03\/montage_sdv_les_150_ans_de_la_victoire.mp4\"><\/video><figcaption class=\"wp-element-caption\"><strong>Visionare la presentazione del libro <em>La synagogue de la Victoire, 150 ans du juda\u00efsme fran\u00e7ais<\/em> di Jacques Canet, Presidente della Synagogue de la Victoire &#8211; Estratto dal programma La Source de Vie, prodotto da Josy Eisenberg<\/strong><\/figcaption><\/figure>\n\n\n\n<p><\/p>\n","protected":false},"excerpt":{"rendered":"<p>La sinagoga della Vittoria, 150 anni di ebraismo francese, pubblicato nel maggio 2017, \u00e8 un&#8217;opera collettiva sotto la direzione congiunta di Jacques Canet, presidente della Vittoria, e Claude Nataf, storico<\/p>\n","protected":false},"author":5,"featured_media":96940,"comment_status":"closed","ping_status":"open","sticky":false,"template":"","format":"standard","meta":{"_acf_changed":false,"footnotes":""},"categories":[1576,1564],"tags":[],"technique":[],"squelettes":[],"sujet":[2113],"formation":[],"genre":[],"fonds":[],"tradition":[],"type-de-contenu":[],"interprete-compositeur":[],"frise":[],"type-devenement":[],"tableaux-liens-externes":[],"class_list":["post-96939","post","type-post","status-publish","format-standard","has-post-thumbnail","hentry","category-libri-articoli-it","category-ultimi-acquisti-it","sujet-musica-della-sinagoga-it"],"acf":[],"yoast_head":"<!-- This site is optimized with the Yoast SEO plugin v27.3 - https:\/\/yoast.com\/product\/yoast-seo-wordpress\/ -->\n<title>La synagogue de la Victoire, 150 ans du juda\u00efsme fran\u00e7ais - Institut Europ\u00e9en des Musiques Juives<\/title>\n<meta name=\"robots\" content=\"index, follow, max-snippet:-1, max-image-preview:large, max-video-preview:-1\" \/>\n<link rel=\"canonical\" href=\"https:\/\/www.iemj.org\/it\/la-synagogue-de-la-victoire-150-ans-du-judaisme-francais\/\" \/>\n<meta property=\"og:locale\" content=\"it_IT\" \/>\n<meta property=\"og:type\" content=\"article\" \/>\n<meta property=\"og:title\" content=\"La synagogue de la Victoire, 150 ans du juda\u00efsme fran\u00e7ais - Institut Europ\u00e9en des Musiques Juives\" \/>\n<meta property=\"og:description\" content=\"La sinagoga della Vittoria, 150 anni di ebraismo francese, pubblicato nel maggio 2017, \u00e8 un&#8217;opera collettiva sotto la direzione congiunta di Jacques Canet, presidente della Vittoria, e Claude Nataf, storico\" \/>\n<meta property=\"og:url\" content=\"https:\/\/www.iemj.org\/it\/la-synagogue-de-la-victoire-150-ans-du-judaisme-francais\/\" \/>\n<meta property=\"og:site_name\" content=\"Institut Europ\u00e9en des Musiques Juives\" \/>\n<meta property=\"article:publisher\" content=\"https:\/\/www.facebook.com\/MusiquesJuives\/\" \/>\n<meta property=\"article:published_time\" content=\"2017-05-30T14:38:30+00:00\" \/>\n<meta property=\"article:modified_time\" content=\"2024-01-16T11:47:43+00:00\" \/>\n<meta property=\"og:image\" content=\"https:\/\/www.iemj.org\/wp-content\/uploads\/2017\/05\/arton2332-e1619202342562.jpg\" \/>\n\t<meta property=\"og:image:width\" content=\"350\" \/>\n\t<meta property=\"og:image:height\" content=\"256\" \/>\n\t<meta property=\"og:image:type\" content=\"image\/jpeg\" \/>\n<meta name=\"author\" content=\"Jacqueline ROTEN\" \/>\n<meta name=\"twitter:card\" content=\"summary_large_image\" \/>\n<meta name=\"twitter:label1\" content=\"Scritto da\" \/>\n\t<meta name=\"twitter:data1\" content=\"Jacqueline ROTEN\" \/>\n\t<meta name=\"twitter:label2\" content=\"Tempo di lettura stimato\" \/>\n\t<meta name=\"twitter:data2\" content=\"3 minuti\" \/>\n<script type=\"application\/ld+json\" class=\"yoast-schema-graph\">{\"@context\":\"https:\\\/\\\/schema.org\",\"@graph\":[{\"@type\":\"Article\",\"@id\":\"https:\\\/\\\/www.iemj.org\\\/it\\\/la-synagogue-de-la-victoire-150-ans-du-judaisme-francais\\\/#article\",\"isPartOf\":{\"@id\":\"https:\\\/\\\/www.iemj.org\\\/it\\\/la-synagogue-de-la-victoire-150-ans-du-judaisme-francais\\\/\"},\"author\":{\"name\":\"Jacqueline ROTEN\",\"@id\":\"https:\\\/\\\/www.iemj.org\\\/it\\\/#\\\/schema\\\/person\\\/358e26c18aca017fcc4cc15437f7279c\"},\"headline\":\"La synagogue de la Victoire, 150 ans du juda\u00efsme fran\u00e7ais\",\"datePublished\":\"2017-05-30T14:38:30+00:00\",\"dateModified\":\"2024-01-16T11:47:43+00:00\",\"mainEntityOfPage\":{\"@id\":\"https:\\\/\\\/www.iemj.org\\\/it\\\/la-synagogue-de-la-victoire-150-ans-du-judaisme-francais\\\/\"},\"wordCount\":345,\"publisher\":{\"@id\":\"https:\\\/\\\/www.iemj.org\\\/it\\\/#organization\"},\"image\":{\"@id\":\"https:\\\/\\\/www.iemj.org\\\/it\\\/la-synagogue-de-la-victoire-150-ans-du-judaisme-francais\\\/#primaryimage\"},\"thumbnailUrl\":\"https:\\\/\\\/www.iemj.org\\\/wp-content\\\/uploads\\\/2017\\\/05\\\/arton2332-e1619202342562.jpg\",\"articleSection\":[\"Libri, articoli\",\"Ultimi acquisti\"],\"inLanguage\":\"it-IT\"},{\"@type\":\"WebPage\",\"@id\":\"https:\\\/\\\/www.iemj.org\\\/it\\\/la-synagogue-de-la-victoire-150-ans-du-judaisme-francais\\\/\",\"url\":\"https:\\\/\\\/www.iemj.org\\\/it\\\/la-synagogue-de-la-victoire-150-ans-du-judaisme-francais\\\/\",\"name\":\"La synagogue de la Victoire, 150 ans du juda\u00efsme fran\u00e7ais - Institut Europ\u00e9en des Musiques Juives\",\"isPartOf\":{\"@id\":\"https:\\\/\\\/www.iemj.org\\\/it\\\/#website\"},\"primaryImageOfPage\":{\"@id\":\"https:\\\/\\\/www.iemj.org\\\/it\\\/la-synagogue-de-la-victoire-150-ans-du-judaisme-francais\\\/#primaryimage\"},\"image\":{\"@id\":\"https:\\\/\\\/www.iemj.org\\\/it\\\/la-synagogue-de-la-victoire-150-ans-du-judaisme-francais\\\/#primaryimage\"},\"thumbnailUrl\":\"https:\\\/\\\/www.iemj.org\\\/wp-content\\\/uploads\\\/2017\\\/05\\\/arton2332-e1619202342562.jpg\",\"datePublished\":\"2017-05-30T14:38:30+00:00\",\"dateModified\":\"2024-01-16T11:47:43+00:00\",\"breadcrumb\":{\"@id\":\"https:\\\/\\\/www.iemj.org\\\/it\\\/la-synagogue-de-la-victoire-150-ans-du-judaisme-francais\\\/#breadcrumb\"},\"inLanguage\":\"it-IT\",\"potentialAction\":[{\"@type\":\"ReadAction\",\"target\":[\"https:\\\/\\\/www.iemj.org\\\/it\\\/la-synagogue-de-la-victoire-150-ans-du-judaisme-francais\\\/\"]}]},{\"@type\":\"ImageObject\",\"inLanguage\":\"it-IT\",\"@id\":\"https:\\\/\\\/www.iemj.org\\\/it\\\/la-synagogue-de-la-victoire-150-ans-du-judaisme-francais\\\/#primaryimage\",\"url\":\"https:\\\/\\\/www.iemj.org\\\/wp-content\\\/uploads\\\/2017\\\/05\\\/arton2332-e1619202342562.jpg\",\"contentUrl\":\"https:\\\/\\\/www.iemj.org\\\/wp-content\\\/uploads\\\/2017\\\/05\\\/arton2332-e1619202342562.jpg\",\"width\":350,\"height\":256},{\"@type\":\"BreadcrumbList\",\"@id\":\"https:\\\/\\\/www.iemj.org\\\/it\\\/la-synagogue-de-la-victoire-150-ans-du-judaisme-francais\\\/#breadcrumb\",\"itemListElement\":[{\"@type\":\"ListItem\",\"position\":1,\"name\":\"Accueil\",\"item\":\"https:\\\/\\\/www.iemj.org\\\/it\\\/\"},{\"@type\":\"ListItem\",\"position\":2,\"name\":\"La synagogue de la Victoire, 150 ans du juda\u00efsme fran\u00e7ais\"}]},{\"@type\":\"WebSite\",\"@id\":\"https:\\\/\\\/www.iemj.org\\\/it\\\/#website\",\"url\":\"https:\\\/\\\/www.iemj.org\\\/it\\\/\",\"name\":\"Institut Europ\u00e9en des Musiques Juives\",\"description\":\"Des traditions musicales \u00e0 la port\u00e9e de tous\",\"publisher\":{\"@id\":\"https:\\\/\\\/www.iemj.org\\\/it\\\/#organization\"},\"potentialAction\":[{\"@type\":\"SearchAction\",\"target\":{\"@type\":\"EntryPoint\",\"urlTemplate\":\"https:\\\/\\\/www.iemj.org\\\/it\\\/?s={search_term_string}\"},\"query-input\":{\"@type\":\"PropertyValueSpecification\",\"valueRequired\":true,\"valueName\":\"search_term_string\"}}],\"inLanguage\":\"it-IT\"},{\"@type\":\"Organization\",\"@id\":\"https:\\\/\\\/www.iemj.org\\\/it\\\/#organization\",\"name\":\"Institut Europ\u00e9en des Musiques Juives\",\"url\":\"https:\\\/\\\/www.iemj.org\\\/it\\\/\",\"logo\":{\"@type\":\"ImageObject\",\"inLanguage\":\"it-IT\",\"@id\":\"https:\\\/\\\/www.iemj.org\\\/it\\\/#\\\/schema\\\/logo\\\/image\\\/\",\"url\":\"https:\\\/\\\/www.iemj.org\\\/wp-content\\\/uploads\\\/2021\\\/09\\\/Logo-IEMJ-Paypal.jpg\",\"contentUrl\":\"https:\\\/\\\/www.iemj.org\\\/wp-content\\\/uploads\\\/2021\\\/09\\\/Logo-IEMJ-Paypal.jpg\",\"width\":150,\"height\":50,\"caption\":\"Institut Europ\u00e9en des Musiques Juives\"},\"image\":{\"@id\":\"https:\\\/\\\/www.iemj.org\\\/it\\\/#\\\/schema\\\/logo\\\/image\\\/\"},\"sameAs\":[\"https:\\\/\\\/www.facebook.com\\\/MusiquesJuives\\\/\",\"https:\\\/\\\/www.instagram.com\\\/musiquesjuives\\\/\",\"https:\\\/\\\/www.youtube.com\\\/user\\\/musiquesjuives\"]},{\"@type\":\"Person\",\"@id\":\"https:\\\/\\\/www.iemj.org\\\/it\\\/#\\\/schema\\\/person\\\/358e26c18aca017fcc4cc15437f7279c\",\"name\":\"Jacqueline ROTEN\",\"image\":{\"@type\":\"ImageObject\",\"inLanguage\":\"it-IT\",\"@id\":\"https:\\\/\\\/secure.gravatar.com\\\/avatar\\\/5964256d6c6957de3a3505278957e0fb2a35119ac47ea41827a65301213c810b?s=96&d=mm&r=g\",\"url\":\"https:\\\/\\\/secure.gravatar.com\\\/avatar\\\/5964256d6c6957de3a3505278957e0fb2a35119ac47ea41827a65301213c810b?s=96&d=mm&r=g\",\"contentUrl\":\"https:\\\/\\\/secure.gravatar.com\\\/avatar\\\/5964256d6c6957de3a3505278957e0fb2a35119ac47ea41827a65301213c810b?s=96&d=mm&r=g\",\"caption\":\"Jacqueline ROTEN\"}}]}<\/script>\n<!-- \/ Yoast SEO plugin. -->","yoast_head_json":{"title":"La synagogue de la Victoire, 150 ans du juda\u00efsme fran\u00e7ais - Institut Europ\u00e9en des Musiques Juives","robots":{"index":"index","follow":"follow","max-snippet":"max-snippet:-1","max-image-preview":"max-image-preview:large","max-video-preview":"max-video-preview:-1"},"canonical":"https:\/\/www.iemj.org\/it\/la-synagogue-de-la-victoire-150-ans-du-judaisme-francais\/","og_locale":"it_IT","og_type":"article","og_title":"La synagogue de la Victoire, 150 ans du juda\u00efsme fran\u00e7ais - Institut Europ\u00e9en des Musiques Juives","og_description":"La sinagoga della Vittoria, 150 anni di ebraismo francese, pubblicato nel maggio 2017, \u00e8 un&#8217;opera collettiva sotto la direzione congiunta di Jacques Canet, presidente della Vittoria, e Claude Nataf, storico","og_url":"https:\/\/www.iemj.org\/it\/la-synagogue-de-la-victoire-150-ans-du-judaisme-francais\/","og_site_name":"Institut Europ\u00e9en des Musiques Juives","article_publisher":"https:\/\/www.facebook.com\/MusiquesJuives\/","article_published_time":"2017-05-30T14:38:30+00:00","article_modified_time":"2024-01-16T11:47:43+00:00","og_image":[{"width":350,"height":256,"url":"https:\/\/www.iemj.org\/wp-content\/uploads\/2017\/05\/arton2332-e1619202342562.jpg","type":"image\/jpeg"}],"author":"Jacqueline ROTEN","twitter_card":"summary_large_image","twitter_misc":{"Scritto da":"Jacqueline ROTEN","Tempo di lettura stimato":"3 minuti"},"schema":{"@context":"https:\/\/schema.org","@graph":[{"@type":"Article","@id":"https:\/\/www.iemj.org\/it\/la-synagogue-de-la-victoire-150-ans-du-judaisme-francais\/#article","isPartOf":{"@id":"https:\/\/www.iemj.org\/it\/la-synagogue-de-la-victoire-150-ans-du-judaisme-francais\/"},"author":{"name":"Jacqueline ROTEN","@id":"https:\/\/www.iemj.org\/it\/#\/schema\/person\/358e26c18aca017fcc4cc15437f7279c"},"headline":"La synagogue de la Victoire, 150 ans du juda\u00efsme fran\u00e7ais","datePublished":"2017-05-30T14:38:30+00:00","dateModified":"2024-01-16T11:47:43+00:00","mainEntityOfPage":{"@id":"https:\/\/www.iemj.org\/it\/la-synagogue-de-la-victoire-150-ans-du-judaisme-francais\/"},"wordCount":345,"publisher":{"@id":"https:\/\/www.iemj.org\/it\/#organization"},"image":{"@id":"https:\/\/www.iemj.org\/it\/la-synagogue-de-la-victoire-150-ans-du-judaisme-francais\/#primaryimage"},"thumbnailUrl":"https:\/\/www.iemj.org\/wp-content\/uploads\/2017\/05\/arton2332-e1619202342562.jpg","articleSection":["Libri, articoli","Ultimi acquisti"],"inLanguage":"it-IT"},{"@type":"WebPage","@id":"https:\/\/www.iemj.org\/it\/la-synagogue-de-la-victoire-150-ans-du-judaisme-francais\/","url":"https:\/\/www.iemj.org\/it\/la-synagogue-de-la-victoire-150-ans-du-judaisme-francais\/","name":"La synagogue de la Victoire, 150 ans du juda\u00efsme fran\u00e7ais - Institut Europ\u00e9en des Musiques Juives","isPartOf":{"@id":"https:\/\/www.iemj.org\/it\/#website"},"primaryImageOfPage":{"@id":"https:\/\/www.iemj.org\/it\/la-synagogue-de-la-victoire-150-ans-du-judaisme-francais\/#primaryimage"},"image":{"@id":"https:\/\/www.iemj.org\/it\/la-synagogue-de-la-victoire-150-ans-du-judaisme-francais\/#primaryimage"},"thumbnailUrl":"https:\/\/www.iemj.org\/wp-content\/uploads\/2017\/05\/arton2332-e1619202342562.jpg","datePublished":"2017-05-30T14:38:30+00:00","dateModified":"2024-01-16T11:47:43+00:00","breadcrumb":{"@id":"https:\/\/www.iemj.org\/it\/la-synagogue-de-la-victoire-150-ans-du-judaisme-francais\/#breadcrumb"},"inLanguage":"it-IT","potentialAction":[{"@type":"ReadAction","target":["https:\/\/www.iemj.org\/it\/la-synagogue-de-la-victoire-150-ans-du-judaisme-francais\/"]}]},{"@type":"ImageObject","inLanguage":"it-IT","@id":"https:\/\/www.iemj.org\/it\/la-synagogue-de-la-victoire-150-ans-du-judaisme-francais\/#primaryimage","url":"https:\/\/www.iemj.org\/wp-content\/uploads\/2017\/05\/arton2332-e1619202342562.jpg","contentUrl":"https:\/\/www.iemj.org\/wp-content\/uploads\/2017\/05\/arton2332-e1619202342562.jpg","width":350,"height":256},{"@type":"BreadcrumbList","@id":"https:\/\/www.iemj.org\/it\/la-synagogue-de-la-victoire-150-ans-du-judaisme-francais\/#breadcrumb","itemListElement":[{"@type":"ListItem","position":1,"name":"Accueil","item":"https:\/\/www.iemj.org\/it\/"},{"@type":"ListItem","position":2,"name":"La synagogue de la Victoire, 150 ans du juda\u00efsme fran\u00e7ais"}]},{"@type":"WebSite","@id":"https:\/\/www.iemj.org\/it\/#website","url":"https:\/\/www.iemj.org\/it\/","name":"Institut Europ\u00e9en des Musiques Juives","description":"Des traditions musicales \u00e0 la port\u00e9e de tous","publisher":{"@id":"https:\/\/www.iemj.org\/it\/#organization"},"potentialAction":[{"@type":"SearchAction","target":{"@type":"EntryPoint","urlTemplate":"https:\/\/www.iemj.org\/it\/?s={search_term_string}"},"query-input":{"@type":"PropertyValueSpecification","valueRequired":true,"valueName":"search_term_string"}}],"inLanguage":"it-IT"},{"@type":"Organization","@id":"https:\/\/www.iemj.org\/it\/#organization","name":"Institut Europ\u00e9en des Musiques Juives","url":"https:\/\/www.iemj.org\/it\/","logo":{"@type":"ImageObject","inLanguage":"it-IT","@id":"https:\/\/www.iemj.org\/it\/#\/schema\/logo\/image\/","url":"https:\/\/www.iemj.org\/wp-content\/uploads\/2021\/09\/Logo-IEMJ-Paypal.jpg","contentUrl":"https:\/\/www.iemj.org\/wp-content\/uploads\/2021\/09\/Logo-IEMJ-Paypal.jpg","width":150,"height":50,"caption":"Institut Europ\u00e9en des Musiques Juives"},"image":{"@id":"https:\/\/www.iemj.org\/it\/#\/schema\/logo\/image\/"},"sameAs":["https:\/\/www.facebook.com\/MusiquesJuives\/","https:\/\/www.instagram.com\/musiquesjuives\/","https:\/\/www.youtube.com\/user\/musiquesjuives"]},{"@type":"Person","@id":"https:\/\/www.iemj.org\/it\/#\/schema\/person\/358e26c18aca017fcc4cc15437f7279c","name":"Jacqueline ROTEN","image":{"@type":"ImageObject","inLanguage":"it-IT","@id":"https:\/\/secure.gravatar.com\/avatar\/5964256d6c6957de3a3505278957e0fb2a35119ac47ea41827a65301213c810b?s=96&d=mm&r=g","url":"https:\/\/secure.gravatar.com\/avatar\/5964256d6c6957de3a3505278957e0fb2a35119ac47ea41827a65301213c810b?s=96&d=mm&r=g","contentUrl":"https:\/\/secure.gravatar.com\/avatar\/5964256d6c6957de3a3505278957e0fb2a35119ac47ea41827a65301213c810b?s=96&d=mm&r=g","caption":"Jacqueline ROTEN"}}]}},"_links":{"self":[{"href":"https:\/\/www.iemj.org\/it\/wp-json\/wp\/v2\/posts\/96939","targetHints":{"allow":["GET"]}}],"collection":[{"href":"https:\/\/www.iemj.org\/it\/wp-json\/wp\/v2\/posts"}],"about":[{"href":"https:\/\/www.iemj.org\/it\/wp-json\/wp\/v2\/types\/post"}],"author":[{"embeddable":true,"href":"https:\/\/www.iemj.org\/it\/wp-json\/wp\/v2\/users\/5"}],"replies":[{"embeddable":true,"href":"https:\/\/www.iemj.org\/it\/wp-json\/wp\/v2\/comments?post=96939"}],"version-history":[{"count":0,"href":"https:\/\/www.iemj.org\/it\/wp-json\/wp\/v2\/posts\/96939\/revisions"}],"wp:featuredmedia":[{"embeddable":true,"href":"https:\/\/www.iemj.org\/it\/wp-json\/wp\/v2\/media\/96940"}],"wp:attachment":[{"href":"https:\/\/www.iemj.org\/it\/wp-json\/wp\/v2\/media?parent=96939"}],"wp:term":[{"taxonomy":"category","embeddable":true,"href":"https:\/\/www.iemj.org\/it\/wp-json\/wp\/v2\/categories?post=96939"},{"taxonomy":"post_tag","embeddable":true,"href":"https:\/\/www.iemj.org\/it\/wp-json\/wp\/v2\/tags?post=96939"},{"taxonomy":"technique","embeddable":true,"href":"https:\/\/www.iemj.org\/it\/wp-json\/wp\/v2\/technique?post=96939"},{"taxonomy":"squelettes","embeddable":true,"href":"https:\/\/www.iemj.org\/it\/wp-json\/wp\/v2\/squelettes?post=96939"},{"taxonomy":"sujet","embeddable":true,"href":"https:\/\/www.iemj.org\/it\/wp-json\/wp\/v2\/sujet?post=96939"},{"taxonomy":"formation","embeddable":true,"href":"https:\/\/www.iemj.org\/it\/wp-json\/wp\/v2\/formation?post=96939"},{"taxonomy":"genre","embeddable":true,"href":"https:\/\/www.iemj.org\/it\/wp-json\/wp\/v2\/genre?post=96939"},{"taxonomy":"fonds","embeddable":true,"href":"https:\/\/www.iemj.org\/it\/wp-json\/wp\/v2\/fonds?post=96939"},{"taxonomy":"tradition","embeddable":true,"href":"https:\/\/www.iemj.org\/it\/wp-json\/wp\/v2\/tradition?post=96939"},{"taxonomy":"type-de-contenu","embeddable":true,"href":"https:\/\/www.iemj.org\/it\/wp-json\/wp\/v2\/type-de-contenu?post=96939"},{"taxonomy":"interprete-compositeur","embeddable":true,"href":"https:\/\/www.iemj.org\/it\/wp-json\/wp\/v2\/interprete-compositeur?post=96939"},{"taxonomy":"frise","embeddable":true,"href":"https:\/\/www.iemj.org\/it\/wp-json\/wp\/v2\/frise?post=96939"},{"taxonomy":"type-devenement","embeddable":true,"href":"https:\/\/www.iemj.org\/it\/wp-json\/wp\/v2\/type-devenement?post=96939"},{"taxonomy":"tableaux-liens-externes","embeddable":true,"href":"https:\/\/www.iemj.org\/it\/wp-json\/wp\/v2\/tableaux-liens-externes?post=96939"}],"curies":[{"name":"wp","href":"https:\/\/api.w.org\/{rel}","templated":true}]}}