{"id":97166,"date":"2016-05-16T17:05:08","date_gmt":"2016-05-16T15:05:08","guid":{"rendered":"https:\/\/www.iemj.org\/le-silence-sessouffle-mort-deuil-et-memoire-chez-les-compositeurs-ashkenazes\/"},"modified":"2023-05-24T16:42:25","modified_gmt":"2023-05-24T14:42:25","slug":"le-silence-sessouffle-mort-deuil-et-memoire-chez-les-compositeurs-ashkenazes","status":"publish","type":"post","link":"https:\/\/www.iemj.org\/it\/le-silence-sessouffle-mort-deuil-et-memoire-chez-les-compositeurs-ashkenazes\/","title":{"rendered":"&#8220;Le silence s&#8217;essouffle&#8221; &#8211; Mort, deuil et m\u00e9moire chez les compositeurs ashk\u00e9nazes"},"content":{"rendered":"<div class=\"detailsSummary\">\n<div><strong>&#8220;Il silenzio ansimante&#8221; &#8211; Morte, lutto e memoria tra i compositori ashkenaziti<\/strong><\/div>\n<div id=\"markerPublisher\" class=\"corefield\"><span class=\"DetailLabelText\">Presses universitaires de Nancy &#8211; Editions Universitaires de Lorraine, 2016, <\/span>472 p.<\/div>\n<\/div>\n<p><!--more--><\/p>\n<p>Fortemente segnate dai cambiamenti politici ed economici, dalle violenze pogromiche e, naturalmente, dal cataclisma genocida, dalle migrazioni transatlantiche e dall&#8217;adattamento a nuovi quadri sociali, le popolazioni ebraiche europee sono ben lungi dall&#8217;essere riducibili, nel corso del XIX e XX secolo, ai soli standard religiosi . Segnate dalle diverse forme di modernit\u00e0 (ideologica, intellettuale, artistica, tecnica), queste comunit\u00e0 sono confrontate ad una crisi del senso di appartenenza. In un contesto di profondi sconvolgimenti \u2013 e spesso di scomparsa \u2013 della tradizionale socievolezza ebraica dell&#8217;Europa centro-orientale, la questione dei criteri fondanti quello che il musicologo Amnon Shiloah (1928-2014) chiamava un &#8220;tetto comune&#8221; pu\u00f2 essere considerata attraverso tutte le sfumature del lutto, dell\u2019espressione di tematiche funebri e commemorative.<\/p>\n<p>I percorsi dei musicisti migranti (compositori in particolare), cos\u00ec come la circolazione delle loro produzioni, consentono, infatti, di ridefinire una territorialit\u00e0 transatlantica dei lutti ashkenaziti. Come parte di una &#8220;storia sociale della cultura&#8221;, questo libro cerca di comprendere l&#8217;evoluzione delle strutture rituali e delle reti sociali all&#8217;interno delle quali agiscono i compositori, nonch\u00e9 le condizioni e i vincoli materiali specifici del lavoro di scrittura musicale su temi funerari. Attraverso l&#8217;analisi di repertor\u00ee eruditi (liturgici e laici) o popolari (canti popolari, melodie dei teatri yiddish della Second Avenue, ma anche canti dei ghetti e dei campi), questo studio sceglie un arco di tempo relativamente lungo (dagli anni 1880 agli anni 1980) per cercare di comprendere \u2013 nonostante la pluralit\u00e0 delle voci e l&#8217;impermanenza delle strutture sociali \u2013 il modo nel quale la musica ha potuto continuare a permettere il riposo dei morti ed il ritorno alla vita di coloro che hanno (sopra)vissuto .<\/p>\n<p><a href=\"http:\/\/www.lcdpu.fr\/livre\/?GCOI=27000100868090\" target=\"_blank\" rel=\"noopener\">Per saperne di pi\u00f9 ed ordinare il libro.<\/a><\/p>\n","protected":false},"excerpt":{"rendered":"<p>&#8220;Il silenzio ansimante&#8221; &#8211; Morte, lutto e memoria tra i compositori ashkenaziti Presses universitaires de Nancy &#8211; Editions Universitaires de Lorraine, 2016, 472 p.<\/p>\n","protected":false},"author":1048,"featured_media":97167,"comment_status":"closed","ping_status":"open","sticky":false,"template":"","format":"standard","meta":{"_acf_changed":false,"footnotes":""},"categories":[1576,1564],"tags":[],"technique":[],"squelettes":[],"sujet":[],"formation":[],"genre":[],"fonds":[],"tradition":[],"type-de-contenu":[],"interprete-compositeur":[],"frise":[],"type-devenement":[],"tableaux-liens-externes":[],"class_list":["post-97166","post","type-post","status-publish","format-standard","has-post-thumbnail","hentry","category-libri-articoli-it","category-ultimi-acquisti-it"],"acf":[],"yoast_head":"<!-- This site is optimized with the Yoast SEO plugin v27.3 - https:\/\/yoast.com\/product\/yoast-seo-wordpress\/ -->\n<title>&quot;Le silence s&#039;essouffle&quot; - Mort, deuil et m\u00e9moire chez les compositeurs ashk\u00e9nazes - Institut Europ\u00e9en des Musiques Juives<\/title>\n<meta name=\"robots\" content=\"index, follow, max-snippet:-1, max-image-preview:large, max-video-preview:-1\" \/>\n<link rel=\"canonical\" href=\"https:\/\/www.iemj.org\/it\/le-silence-sessouffle-mort-deuil-et-memoire-chez-les-compositeurs-ashkenazes\/\" \/>\n<meta property=\"og:locale\" content=\"it_IT\" \/>\n<meta property=\"og:type\" content=\"article\" \/>\n<meta property=\"og:title\" content=\"&quot;Le silence s&#039;essouffle&quot; - Mort, deuil et m\u00e9moire chez les compositeurs ashk\u00e9nazes - Institut Europ\u00e9en des Musiques Juives\" \/>\n<meta property=\"og:description\" content=\"&#8220;Il silenzio ansimante&#8221; &#8211; Morte, lutto e memoria tra i compositori ashkenaziti Presses universitaires de Nancy &#8211; Editions Universitaires de Lorraine, 2016, 472 p.\" \/>\n<meta property=\"og:url\" content=\"https:\/\/www.iemj.org\/it\/le-silence-sessouffle-mort-deuil-et-memoire-chez-les-compositeurs-ashkenazes\/\" \/>\n<meta property=\"og:site_name\" content=\"Institut Europ\u00e9en des Musiques Juives\" \/>\n<meta property=\"article:publisher\" content=\"https:\/\/www.facebook.com\/MusiquesJuives\/\" \/>\n<meta property=\"article:published_time\" content=\"2016-05-16T15:05:08+00:00\" \/>\n<meta property=\"article:modified_time\" content=\"2023-05-24T14:42:25+00:00\" \/>\n<meta property=\"og:image\" content=\"https:\/\/www.iemj.org\/wp-content\/uploads\/2016\/05\/arton1692.jpg\" \/>\n\t<meta property=\"og:image:width\" content=\"319\" \/>\n\t<meta property=\"og:image:height\" content=\"475\" \/>\n\t<meta property=\"og:image:type\" content=\"image\/jpeg\" \/>\n<meta name=\"author\" content=\"Jean-Gabriel Davis\" \/>\n<meta name=\"twitter:card\" content=\"summary_large_image\" \/>\n<meta name=\"twitter:label1\" content=\"Scritto da\" \/>\n\t<meta name=\"twitter:data1\" content=\"Jean-Gabriel Davis\" \/>\n\t<meta name=\"twitter:label2\" content=\"Tempo di lettura stimato\" \/>\n\t<meta name=\"twitter:data2\" content=\"2 minuti\" \/>\n<script type=\"application\/ld+json\" class=\"yoast-schema-graph\">{\"@context\":\"https:\\\/\\\/schema.org\",\"@graph\":[{\"@type\":\"Article\",\"@id\":\"https:\\\/\\\/www.iemj.org\\\/it\\\/le-silence-sessouffle-mort-deuil-et-memoire-chez-les-compositeurs-ashkenazes\\\/#article\",\"isPartOf\":{\"@id\":\"https:\\\/\\\/www.iemj.org\\\/it\\\/le-silence-sessouffle-mort-deuil-et-memoire-chez-les-compositeurs-ashkenazes\\\/\"},\"author\":{\"name\":\"Jean-Gabriel Davis\",\"@id\":\"https:\\\/\\\/www.iemj.org\\\/it\\\/#\\\/schema\\\/person\\\/c9bc1c386a3749579a2d675e72a18666\"},\"headline\":\"&#8220;Le silence s&#8217;essouffle&#8221; &#8211; Mort, deuil et m\u00e9moire chez les compositeurs ashk\u00e9nazes\",\"datePublished\":\"2016-05-16T15:05:08+00:00\",\"dateModified\":\"2023-05-24T14:42:25+00:00\",\"mainEntityOfPage\":{\"@id\":\"https:\\\/\\\/www.iemj.org\\\/it\\\/le-silence-sessouffle-mort-deuil-et-memoire-chez-les-compositeurs-ashkenazes\\\/\"},\"wordCount\":313,\"publisher\":{\"@id\":\"https:\\\/\\\/www.iemj.org\\\/it\\\/#organization\"},\"image\":{\"@id\":\"https:\\\/\\\/www.iemj.org\\\/it\\\/le-silence-sessouffle-mort-deuil-et-memoire-chez-les-compositeurs-ashkenazes\\\/#primaryimage\"},\"thumbnailUrl\":\"https:\\\/\\\/www.iemj.org\\\/wp-content\\\/uploads\\\/2016\\\/05\\\/arton1692.jpg\",\"articleSection\":[\"Libri, articoli\",\"Ultimi acquisti\"],\"inLanguage\":\"it-IT\"},{\"@type\":\"WebPage\",\"@id\":\"https:\\\/\\\/www.iemj.org\\\/it\\\/le-silence-sessouffle-mort-deuil-et-memoire-chez-les-compositeurs-ashkenazes\\\/\",\"url\":\"https:\\\/\\\/www.iemj.org\\\/it\\\/le-silence-sessouffle-mort-deuil-et-memoire-chez-les-compositeurs-ashkenazes\\\/\",\"name\":\"\\\"Le silence s'essouffle\\\" - Mort, deuil et m\u00e9moire chez les compositeurs ashk\u00e9nazes - Institut Europ\u00e9en des Musiques Juives\",\"isPartOf\":{\"@id\":\"https:\\\/\\\/www.iemj.org\\\/it\\\/#website\"},\"primaryImageOfPage\":{\"@id\":\"https:\\\/\\\/www.iemj.org\\\/it\\\/le-silence-sessouffle-mort-deuil-et-memoire-chez-les-compositeurs-ashkenazes\\\/#primaryimage\"},\"image\":{\"@id\":\"https:\\\/\\\/www.iemj.org\\\/it\\\/le-silence-sessouffle-mort-deuil-et-memoire-chez-les-compositeurs-ashkenazes\\\/#primaryimage\"},\"thumbnailUrl\":\"https:\\\/\\\/www.iemj.org\\\/wp-content\\\/uploads\\\/2016\\\/05\\\/arton1692.jpg\",\"datePublished\":\"2016-05-16T15:05:08+00:00\",\"dateModified\":\"2023-05-24T14:42:25+00:00\",\"breadcrumb\":{\"@id\":\"https:\\\/\\\/www.iemj.org\\\/it\\\/le-silence-sessouffle-mort-deuil-et-memoire-chez-les-compositeurs-ashkenazes\\\/#breadcrumb\"},\"inLanguage\":\"it-IT\",\"potentialAction\":[{\"@type\":\"ReadAction\",\"target\":[\"https:\\\/\\\/www.iemj.org\\\/it\\\/le-silence-sessouffle-mort-deuil-et-memoire-chez-les-compositeurs-ashkenazes\\\/\"]}]},{\"@type\":\"ImageObject\",\"inLanguage\":\"it-IT\",\"@id\":\"https:\\\/\\\/www.iemj.org\\\/it\\\/le-silence-sessouffle-mort-deuil-et-memoire-chez-les-compositeurs-ashkenazes\\\/#primaryimage\",\"url\":\"https:\\\/\\\/www.iemj.org\\\/wp-content\\\/uploads\\\/2016\\\/05\\\/arton1692.jpg\",\"contentUrl\":\"https:\\\/\\\/www.iemj.org\\\/wp-content\\\/uploads\\\/2016\\\/05\\\/arton1692.jpg\",\"width\":319,\"height\":475},{\"@type\":\"BreadcrumbList\",\"@id\":\"https:\\\/\\\/www.iemj.org\\\/it\\\/le-silence-sessouffle-mort-deuil-et-memoire-chez-les-compositeurs-ashkenazes\\\/#breadcrumb\",\"itemListElement\":[{\"@type\":\"ListItem\",\"position\":1,\"name\":\"Accueil\",\"item\":\"https:\\\/\\\/www.iemj.org\\\/it\\\/\"},{\"@type\":\"ListItem\",\"position\":2,\"name\":\"&#8220;Le silence s&#8217;essouffle&#8221; &#8211; Mort, deuil et m\u00e9moire chez les compositeurs ashk\u00e9nazes\"}]},{\"@type\":\"WebSite\",\"@id\":\"https:\\\/\\\/www.iemj.org\\\/it\\\/#website\",\"url\":\"https:\\\/\\\/www.iemj.org\\\/it\\\/\",\"name\":\"Institut Europ\u00e9en des Musiques Juives\",\"description\":\"Des traditions musicales \u00e0 la port\u00e9e de tous\",\"publisher\":{\"@id\":\"https:\\\/\\\/www.iemj.org\\\/it\\\/#organization\"},\"potentialAction\":[{\"@type\":\"SearchAction\",\"target\":{\"@type\":\"EntryPoint\",\"urlTemplate\":\"https:\\\/\\\/www.iemj.org\\\/it\\\/?s={search_term_string}\"},\"query-input\":{\"@type\":\"PropertyValueSpecification\",\"valueRequired\":true,\"valueName\":\"search_term_string\"}}],\"inLanguage\":\"it-IT\"},{\"@type\":\"Organization\",\"@id\":\"https:\\\/\\\/www.iemj.org\\\/it\\\/#organization\",\"name\":\"Institut Europ\u00e9en des Musiques Juives\",\"url\":\"https:\\\/\\\/www.iemj.org\\\/it\\\/\",\"logo\":{\"@type\":\"ImageObject\",\"inLanguage\":\"it-IT\",\"@id\":\"https:\\\/\\\/www.iemj.org\\\/it\\\/#\\\/schema\\\/logo\\\/image\\\/\",\"url\":\"https:\\\/\\\/www.iemj.org\\\/wp-content\\\/uploads\\\/2021\\\/09\\\/Logo-IEMJ-Paypal.jpg\",\"contentUrl\":\"https:\\\/\\\/www.iemj.org\\\/wp-content\\\/uploads\\\/2021\\\/09\\\/Logo-IEMJ-Paypal.jpg\",\"width\":150,\"height\":50,\"caption\":\"Institut Europ\u00e9en des Musiques Juives\"},\"image\":{\"@id\":\"https:\\\/\\\/www.iemj.org\\\/it\\\/#\\\/schema\\\/logo\\\/image\\\/\"},\"sameAs\":[\"https:\\\/\\\/www.facebook.com\\\/MusiquesJuives\\\/\",\"https:\\\/\\\/www.instagram.com\\\/musiquesjuives\\\/\",\"https:\\\/\\\/www.youtube.com\\\/user\\\/musiquesjuives\"]},{\"@type\":\"Person\",\"@id\":\"https:\\\/\\\/www.iemj.org\\\/it\\\/#\\\/schema\\\/person\\\/c9bc1c386a3749579a2d675e72a18666\",\"name\":\"Jean-Gabriel Davis\",\"image\":{\"@type\":\"ImageObject\",\"inLanguage\":\"it-IT\",\"@id\":\"https:\\\/\\\/secure.gravatar.com\\\/avatar\\\/2b90d67bdf392c9b3a21fab87c0fa7edaf1fb3a058172a1ffd61033fcec7aec1?s=96&d=mm&r=g\",\"url\":\"https:\\\/\\\/secure.gravatar.com\\\/avatar\\\/2b90d67bdf392c9b3a21fab87c0fa7edaf1fb3a058172a1ffd61033fcec7aec1?s=96&d=mm&r=g\",\"contentUrl\":\"https:\\\/\\\/secure.gravatar.com\\\/avatar\\\/2b90d67bdf392c9b3a21fab87c0fa7edaf1fb3a058172a1ffd61033fcec7aec1?s=96&d=mm&r=g\",\"caption\":\"Jean-Gabriel Davis\"}}]}<\/script>\n<!-- \/ Yoast SEO plugin. -->","yoast_head_json":{"title":"\"Le silence s'essouffle\" - Mort, deuil et m\u00e9moire chez les compositeurs ashk\u00e9nazes - Institut Europ\u00e9en des Musiques Juives","robots":{"index":"index","follow":"follow","max-snippet":"max-snippet:-1","max-image-preview":"max-image-preview:large","max-video-preview":"max-video-preview:-1"},"canonical":"https:\/\/www.iemj.org\/it\/le-silence-sessouffle-mort-deuil-et-memoire-chez-les-compositeurs-ashkenazes\/","og_locale":"it_IT","og_type":"article","og_title":"\"Le silence s'essouffle\" - Mort, deuil et m\u00e9moire chez les compositeurs ashk\u00e9nazes - Institut Europ\u00e9en des Musiques Juives","og_description":"&#8220;Il silenzio ansimante&#8221; &#8211; Morte, lutto e memoria tra i compositori ashkenaziti Presses universitaires de Nancy &#8211; Editions Universitaires de Lorraine, 2016, 472 p.","og_url":"https:\/\/www.iemj.org\/it\/le-silence-sessouffle-mort-deuil-et-memoire-chez-les-compositeurs-ashkenazes\/","og_site_name":"Institut Europ\u00e9en des Musiques Juives","article_publisher":"https:\/\/www.facebook.com\/MusiquesJuives\/","article_published_time":"2016-05-16T15:05:08+00:00","article_modified_time":"2023-05-24T14:42:25+00:00","og_image":[{"width":319,"height":475,"url":"https:\/\/www.iemj.org\/wp-content\/uploads\/2016\/05\/arton1692.jpg","type":"image\/jpeg"}],"author":"Jean-Gabriel Davis","twitter_card":"summary_large_image","twitter_misc":{"Scritto da":"Jean-Gabriel Davis","Tempo di lettura stimato":"2 minuti"},"schema":{"@context":"https:\/\/schema.org","@graph":[{"@type":"Article","@id":"https:\/\/www.iemj.org\/it\/le-silence-sessouffle-mort-deuil-et-memoire-chez-les-compositeurs-ashkenazes\/#article","isPartOf":{"@id":"https:\/\/www.iemj.org\/it\/le-silence-sessouffle-mort-deuil-et-memoire-chez-les-compositeurs-ashkenazes\/"},"author":{"name":"Jean-Gabriel Davis","@id":"https:\/\/www.iemj.org\/it\/#\/schema\/person\/c9bc1c386a3749579a2d675e72a18666"},"headline":"&#8220;Le silence s&#8217;essouffle&#8221; &#8211; Mort, deuil et m\u00e9moire chez les compositeurs ashk\u00e9nazes","datePublished":"2016-05-16T15:05:08+00:00","dateModified":"2023-05-24T14:42:25+00:00","mainEntityOfPage":{"@id":"https:\/\/www.iemj.org\/it\/le-silence-sessouffle-mort-deuil-et-memoire-chez-les-compositeurs-ashkenazes\/"},"wordCount":313,"publisher":{"@id":"https:\/\/www.iemj.org\/it\/#organization"},"image":{"@id":"https:\/\/www.iemj.org\/it\/le-silence-sessouffle-mort-deuil-et-memoire-chez-les-compositeurs-ashkenazes\/#primaryimage"},"thumbnailUrl":"https:\/\/www.iemj.org\/wp-content\/uploads\/2016\/05\/arton1692.jpg","articleSection":["Libri, articoli","Ultimi acquisti"],"inLanguage":"it-IT"},{"@type":"WebPage","@id":"https:\/\/www.iemj.org\/it\/le-silence-sessouffle-mort-deuil-et-memoire-chez-les-compositeurs-ashkenazes\/","url":"https:\/\/www.iemj.org\/it\/le-silence-sessouffle-mort-deuil-et-memoire-chez-les-compositeurs-ashkenazes\/","name":"\"Le silence s'essouffle\" - Mort, deuil et m\u00e9moire chez les compositeurs ashk\u00e9nazes - Institut Europ\u00e9en des Musiques Juives","isPartOf":{"@id":"https:\/\/www.iemj.org\/it\/#website"},"primaryImageOfPage":{"@id":"https:\/\/www.iemj.org\/it\/le-silence-sessouffle-mort-deuil-et-memoire-chez-les-compositeurs-ashkenazes\/#primaryimage"},"image":{"@id":"https:\/\/www.iemj.org\/it\/le-silence-sessouffle-mort-deuil-et-memoire-chez-les-compositeurs-ashkenazes\/#primaryimage"},"thumbnailUrl":"https:\/\/www.iemj.org\/wp-content\/uploads\/2016\/05\/arton1692.jpg","datePublished":"2016-05-16T15:05:08+00:00","dateModified":"2023-05-24T14:42:25+00:00","breadcrumb":{"@id":"https:\/\/www.iemj.org\/it\/le-silence-sessouffle-mort-deuil-et-memoire-chez-les-compositeurs-ashkenazes\/#breadcrumb"},"inLanguage":"it-IT","potentialAction":[{"@type":"ReadAction","target":["https:\/\/www.iemj.org\/it\/le-silence-sessouffle-mort-deuil-et-memoire-chez-les-compositeurs-ashkenazes\/"]}]},{"@type":"ImageObject","inLanguage":"it-IT","@id":"https:\/\/www.iemj.org\/it\/le-silence-sessouffle-mort-deuil-et-memoire-chez-les-compositeurs-ashkenazes\/#primaryimage","url":"https:\/\/www.iemj.org\/wp-content\/uploads\/2016\/05\/arton1692.jpg","contentUrl":"https:\/\/www.iemj.org\/wp-content\/uploads\/2016\/05\/arton1692.jpg","width":319,"height":475},{"@type":"BreadcrumbList","@id":"https:\/\/www.iemj.org\/it\/le-silence-sessouffle-mort-deuil-et-memoire-chez-les-compositeurs-ashkenazes\/#breadcrumb","itemListElement":[{"@type":"ListItem","position":1,"name":"Accueil","item":"https:\/\/www.iemj.org\/it\/"},{"@type":"ListItem","position":2,"name":"&#8220;Le silence s&#8217;essouffle&#8221; &#8211; Mort, deuil et m\u00e9moire chez les compositeurs ashk\u00e9nazes"}]},{"@type":"WebSite","@id":"https:\/\/www.iemj.org\/it\/#website","url":"https:\/\/www.iemj.org\/it\/","name":"Institut Europ\u00e9en des Musiques Juives","description":"Des traditions musicales \u00e0 la port\u00e9e de tous","publisher":{"@id":"https:\/\/www.iemj.org\/it\/#organization"},"potentialAction":[{"@type":"SearchAction","target":{"@type":"EntryPoint","urlTemplate":"https:\/\/www.iemj.org\/it\/?s={search_term_string}"},"query-input":{"@type":"PropertyValueSpecification","valueRequired":true,"valueName":"search_term_string"}}],"inLanguage":"it-IT"},{"@type":"Organization","@id":"https:\/\/www.iemj.org\/it\/#organization","name":"Institut Europ\u00e9en des Musiques Juives","url":"https:\/\/www.iemj.org\/it\/","logo":{"@type":"ImageObject","inLanguage":"it-IT","@id":"https:\/\/www.iemj.org\/it\/#\/schema\/logo\/image\/","url":"https:\/\/www.iemj.org\/wp-content\/uploads\/2021\/09\/Logo-IEMJ-Paypal.jpg","contentUrl":"https:\/\/www.iemj.org\/wp-content\/uploads\/2021\/09\/Logo-IEMJ-Paypal.jpg","width":150,"height":50,"caption":"Institut Europ\u00e9en des Musiques Juives"},"image":{"@id":"https:\/\/www.iemj.org\/it\/#\/schema\/logo\/image\/"},"sameAs":["https:\/\/www.facebook.com\/MusiquesJuives\/","https:\/\/www.instagram.com\/musiquesjuives\/","https:\/\/www.youtube.com\/user\/musiquesjuives"]},{"@type":"Person","@id":"https:\/\/www.iemj.org\/it\/#\/schema\/person\/c9bc1c386a3749579a2d675e72a18666","name":"Jean-Gabriel Davis","image":{"@type":"ImageObject","inLanguage":"it-IT","@id":"https:\/\/secure.gravatar.com\/avatar\/2b90d67bdf392c9b3a21fab87c0fa7edaf1fb3a058172a1ffd61033fcec7aec1?s=96&d=mm&r=g","url":"https:\/\/secure.gravatar.com\/avatar\/2b90d67bdf392c9b3a21fab87c0fa7edaf1fb3a058172a1ffd61033fcec7aec1?s=96&d=mm&r=g","contentUrl":"https:\/\/secure.gravatar.com\/avatar\/2b90d67bdf392c9b3a21fab87c0fa7edaf1fb3a058172a1ffd61033fcec7aec1?s=96&d=mm&r=g","caption":"Jean-Gabriel Davis"}}]}},"_links":{"self":[{"href":"https:\/\/www.iemj.org\/it\/wp-json\/wp\/v2\/posts\/97166","targetHints":{"allow":["GET"]}}],"collection":[{"href":"https:\/\/www.iemj.org\/it\/wp-json\/wp\/v2\/posts"}],"about":[{"href":"https:\/\/www.iemj.org\/it\/wp-json\/wp\/v2\/types\/post"}],"author":[{"embeddable":true,"href":"https:\/\/www.iemj.org\/it\/wp-json\/wp\/v2\/users\/1048"}],"replies":[{"embeddable":true,"href":"https:\/\/www.iemj.org\/it\/wp-json\/wp\/v2\/comments?post=97166"}],"version-history":[{"count":0,"href":"https:\/\/www.iemj.org\/it\/wp-json\/wp\/v2\/posts\/97166\/revisions"}],"wp:featuredmedia":[{"embeddable":true,"href":"https:\/\/www.iemj.org\/it\/wp-json\/wp\/v2\/media\/97167"}],"wp:attachment":[{"href":"https:\/\/www.iemj.org\/it\/wp-json\/wp\/v2\/media?parent=97166"}],"wp:term":[{"taxonomy":"category","embeddable":true,"href":"https:\/\/www.iemj.org\/it\/wp-json\/wp\/v2\/categories?post=97166"},{"taxonomy":"post_tag","embeddable":true,"href":"https:\/\/www.iemj.org\/it\/wp-json\/wp\/v2\/tags?post=97166"},{"taxonomy":"technique","embeddable":true,"href":"https:\/\/www.iemj.org\/it\/wp-json\/wp\/v2\/technique?post=97166"},{"taxonomy":"squelettes","embeddable":true,"href":"https:\/\/www.iemj.org\/it\/wp-json\/wp\/v2\/squelettes?post=97166"},{"taxonomy":"sujet","embeddable":true,"href":"https:\/\/www.iemj.org\/it\/wp-json\/wp\/v2\/sujet?post=97166"},{"taxonomy":"formation","embeddable":true,"href":"https:\/\/www.iemj.org\/it\/wp-json\/wp\/v2\/formation?post=97166"},{"taxonomy":"genre","embeddable":true,"href":"https:\/\/www.iemj.org\/it\/wp-json\/wp\/v2\/genre?post=97166"},{"taxonomy":"fonds","embeddable":true,"href":"https:\/\/www.iemj.org\/it\/wp-json\/wp\/v2\/fonds?post=97166"},{"taxonomy":"tradition","embeddable":true,"href":"https:\/\/www.iemj.org\/it\/wp-json\/wp\/v2\/tradition?post=97166"},{"taxonomy":"type-de-contenu","embeddable":true,"href":"https:\/\/www.iemj.org\/it\/wp-json\/wp\/v2\/type-de-contenu?post=97166"},{"taxonomy":"interprete-compositeur","embeddable":true,"href":"https:\/\/www.iemj.org\/it\/wp-json\/wp\/v2\/interprete-compositeur?post=97166"},{"taxonomy":"frise","embeddable":true,"href":"https:\/\/www.iemj.org\/it\/wp-json\/wp\/v2\/frise?post=97166"},{"taxonomy":"type-devenement","embeddable":true,"href":"https:\/\/www.iemj.org\/it\/wp-json\/wp\/v2\/type-devenement?post=97166"},{"taxonomy":"tableaux-liens-externes","embeddable":true,"href":"https:\/\/www.iemj.org\/it\/wp-json\/wp\/v2\/tableaux-liens-externes?post=97166"}],"curies":[{"name":"wp","href":"https:\/\/api.w.org\/{rel}","templated":true}]}}