{"id":97243,"date":"2018-04-17T10:46:42","date_gmt":"2018-04-17T08:46:42","guid":{"rendered":"https:\/\/www.iemj.org\/conference-hatikva-odyssee-lyrique-histoire-et-origine-de-lhymne-national-israelien\/"},"modified":"2023-05-25T10:28:15","modified_gmt":"2023-05-25T08:28:15","slug":"conference-hatikva-odyssee-lyrique-histoire-et-origine-de-lhymne-national-israelien","status":"publish","type":"post","link":"https:\/\/www.iemj.org\/it\/conference-hatikva-odyssee-lyrique-histoire-et-origine-de-lhymne-national-israelien\/","title":{"rendered":"Conferenza HATIKVA \u2013 Odissea lirica, Storia ed origine dell&#8217;inno nazionale israeliano"},"content":{"rendered":"<p>Attraverso musiche, fotografie e video, Th\u00e9a Herz ripercorre l&#8217;incredibile odissea di questo canto che diventer\u00e0 il vettore del credo sionista.<\/p>\n<p>Se si conosce l&#8217;autore dei versi dell&#8217;Hatikva (Naftali H. Imber, nato in Galizia nel 1856), l&#8217;origine della sua melodia \u00e8 infinitamente pi\u00f9 enigmatica. Spesso attribuita al compositore ceco Smetana (1824-1884) che lo utilizza nel suo poema sinfonico La Moldau, Th\u00e9a Herz ci \u200b\u200bmostra, con solide prove a sostegno, che questa melodia circola da pi\u00f9 di 500 anni. Troviamo parte della melodia in diversi brani di chiesa, di sinagoga o di corte di diversi paesi: Italia, Francia, Svizzera o nelle musiche popolari dell&#8217;Europa orientale.<\/p>\n<p>Questa conferenza audiovisiva straordinariamente orchestrata si conclude con alcune delle interpretazioni pi\u00f9 memorabili dell&#8217;inno nazionale israeliano.<\/p>\n<p><em> <strong>Th\u00e9a Herz<\/strong> \u00e8 cresciuta in Israele. Introdotta alla musica dalla madre, musicologa e critica musicale per diversi quotidiani israeliani, \u00e8 stata immersa nella letteratura e nel canto ebraico sin dalla sua pi\u00f9 giovane et\u00e0. Da diversi anni associa la sua formazione di ricercatrice universitaria (MBA presso l&#8217;Universit\u00e0 di Tel-Aviv e Dottorato in Psicologia presso l&#8217;Universit\u00e0 di Parigi V) a temi musicali israeliani. Ha potuto quindi consultare i lavori di etnomusicologi e storici, ed ha recuperato documenti d&#8217;archivio, per riunirli e presentarli in modo conviviale al pubblico francofono.<\/em><\/p>\n<p>PAF : 5 \u20ac<\/p>\n<p><a href=\"http:\/\/www.festivaldesculturesjuives.org\/billetterie-en-ligne\/\" target=\"_blank\" rel=\"noopener\">Riservare il posto<\/a><br \/>\n<a href=\"http:\/\/www.festivaldesculturesjuives.org\/\" target=\"_blank\" rel=\"noopener\">Sito web del Festival delle Culture Ebraiche<\/a><\/p>\n<p><a href=\"https:\/\/www.iemj.org\/histoire-de-la-hatikva-lhymne-national-israelien\/\" target=\"_blank\" rel=\"noopener\">Ascoltare il programma radiofonico dell\u2019IEMJ e Th\u00e9a Herz sull\u2019Hatikva<\/a><\/p>\n","protected":false},"excerpt":{"rendered":"<p>Attraverso musiche, fotografie e video, Th\u00e9a Herz ripercorre l&#8217;incredibile odissea di questo canto che diventer\u00e0 il vettore del credo sionista. Se si conosce l&#8217;autore dei versi dell&#8217;Hatikva (Naftali H. Imber,<\/p>\n","protected":false},"author":5,"featured_media":97244,"comment_status":"closed","ping_status":"open","sticky":false,"template":"","format":"standard","meta":{"_acf_changed":false,"footnotes":""},"categories":[1383,1371],"tags":[2224],"technique":[],"squelettes":[],"sujet":[],"formation":[],"genre":[],"fonds":[],"tradition":[],"type-de-contenu":[],"interprete-compositeur":[],"frise":[],"type-devenement":[],"tableaux-liens-externes":[],"class_list":["post-97243","post","type-post","status-publish","format-standard","has-post-thumbnail","hentry","category-corsi-conferenze-it","category-manifestazioni-it","tag-eventi-iemj-it"],"acf":[],"yoast_head":"<!-- This site is optimized with the Yoast SEO plugin v27.3 - https:\/\/yoast.com\/product\/yoast-seo-wordpress\/ -->\n<title>Conferenza HATIKVA \u2013 Odissea lirica, Storia ed origine dell&#039;inno nazionale israeliano - Institut Europ\u00e9en des Musiques Juives<\/title>\n<meta name=\"robots\" content=\"noindex, follow\" \/>\n<meta property=\"og:locale\" content=\"it_IT\" \/>\n<meta property=\"og:type\" content=\"article\" \/>\n<meta property=\"og:title\" content=\"Conferenza HATIKVA \u2013 Odissea lirica, Storia ed origine dell&#039;inno nazionale israeliano - Institut Europ\u00e9en des Musiques Juives\" \/>\n<meta property=\"og:description\" content=\"Attraverso musiche, fotografie e video, Th\u00e9a Herz ripercorre l&#8217;incredibile odissea di questo canto che diventer\u00e0 il vettore del credo sionista. Se si conosce l&#8217;autore dei versi dell&#8217;Hatikva (Naftali H. Imber,\" \/>\n<meta property=\"og:url\" content=\"https:\/\/www.iemj.org\/it\/conference-hatikva-odyssee-lyrique-histoire-et-origine-de-lhymne-national-israelien\/\" \/>\n<meta property=\"og:site_name\" content=\"Institut Europ\u00e9en des Musiques Juives\" \/>\n<meta property=\"article:publisher\" content=\"https:\/\/www.facebook.com\/MusiquesJuives\/\" \/>\n<meta property=\"article:published_time\" content=\"2018-04-17T08:46:42+00:00\" \/>\n<meta property=\"article:modified_time\" content=\"2023-05-25T08:28:15+00:00\" \/>\n<meta property=\"og:image\" content=\"https:\/\/www.iemj.org\/wp-content\/uploads\/2018\/04\/arton3338.jpg\" \/>\n\t<meta property=\"og:image:width\" content=\"303\" \/>\n\t<meta property=\"og:image:height\" content=\"448\" \/>\n\t<meta property=\"og:image:type\" content=\"image\/jpeg\" \/>\n<meta name=\"author\" content=\"Jacqueline ROTEN\" \/>\n<meta name=\"twitter:card\" content=\"summary_large_image\" \/>\n<meta name=\"twitter:label1\" content=\"Scritto da\" \/>\n\t<meta name=\"twitter:data1\" content=\"Jacqueline ROTEN\" \/>\n\t<meta name=\"twitter:label2\" content=\"Tempo di lettura stimato\" \/>\n\t<meta name=\"twitter:data2\" content=\"2 minuti\" \/>\n<script type=\"application\/ld+json\" class=\"yoast-schema-graph\">{\"@context\":\"https:\\\/\\\/schema.org\",\"@graph\":[{\"@type\":\"Article\",\"@id\":\"https:\\\/\\\/www.iemj.org\\\/it\\\/conference-hatikva-odyssee-lyrique-histoire-et-origine-de-lhymne-national-israelien\\\/#article\",\"isPartOf\":{\"@id\":\"https:\\\/\\\/www.iemj.org\\\/it\\\/conference-hatikva-odyssee-lyrique-histoire-et-origine-de-lhymne-national-israelien\\\/\"},\"author\":{\"name\":\"Jacqueline ROTEN\",\"@id\":\"https:\\\/\\\/www.iemj.org\\\/it\\\/#\\\/schema\\\/person\\\/358e26c18aca017fcc4cc15437f7279c\"},\"headline\":\"Conferenza HATIKVA \u2013 Odissea lirica, Storia ed origine dell&#8217;inno nazionale israeliano\",\"datePublished\":\"2018-04-17T08:46:42+00:00\",\"dateModified\":\"2023-05-25T08:28:15+00:00\",\"mainEntityOfPage\":{\"@id\":\"https:\\\/\\\/www.iemj.org\\\/it\\\/conference-hatikva-odyssee-lyrique-histoire-et-origine-de-lhymne-national-israelien\\\/\"},\"wordCount\":247,\"publisher\":{\"@id\":\"https:\\\/\\\/www.iemj.org\\\/it\\\/#organization\"},\"image\":{\"@id\":\"https:\\\/\\\/www.iemj.org\\\/it\\\/conference-hatikva-odyssee-lyrique-histoire-et-origine-de-lhymne-national-israelien\\\/#primaryimage\"},\"thumbnailUrl\":\"https:\\\/\\\/www.iemj.org\\\/wp-content\\\/uploads\\\/2018\\\/04\\\/arton3338.jpg\",\"keywords\":[\"Eventi IEMJ\"],\"articleSection\":[\"Corsi \\\/ Conferenze\",\"Manifestazioni\"],\"inLanguage\":\"it-IT\"},{\"@type\":\"WebPage\",\"@id\":\"https:\\\/\\\/www.iemj.org\\\/it\\\/conference-hatikva-odyssee-lyrique-histoire-et-origine-de-lhymne-national-israelien\\\/\",\"url\":\"https:\\\/\\\/www.iemj.org\\\/it\\\/conference-hatikva-odyssee-lyrique-histoire-et-origine-de-lhymne-national-israelien\\\/\",\"name\":\"Conferenza HATIKVA \u2013 Odissea lirica, Storia ed origine dell'inno nazionale israeliano - Institut Europ\u00e9en des Musiques Juives\",\"isPartOf\":{\"@id\":\"https:\\\/\\\/www.iemj.org\\\/it\\\/#website\"},\"primaryImageOfPage\":{\"@id\":\"https:\\\/\\\/www.iemj.org\\\/it\\\/conference-hatikva-odyssee-lyrique-histoire-et-origine-de-lhymne-national-israelien\\\/#primaryimage\"},\"image\":{\"@id\":\"https:\\\/\\\/www.iemj.org\\\/it\\\/conference-hatikva-odyssee-lyrique-histoire-et-origine-de-lhymne-national-israelien\\\/#primaryimage\"},\"thumbnailUrl\":\"https:\\\/\\\/www.iemj.org\\\/wp-content\\\/uploads\\\/2018\\\/04\\\/arton3338.jpg\",\"datePublished\":\"2018-04-17T08:46:42+00:00\",\"dateModified\":\"2023-05-25T08:28:15+00:00\",\"breadcrumb\":{\"@id\":\"https:\\\/\\\/www.iemj.org\\\/it\\\/conference-hatikva-odyssee-lyrique-histoire-et-origine-de-lhymne-national-israelien\\\/#breadcrumb\"},\"inLanguage\":\"it-IT\",\"potentialAction\":[{\"@type\":\"ReadAction\",\"target\":[\"https:\\\/\\\/www.iemj.org\\\/it\\\/conference-hatikva-odyssee-lyrique-histoire-et-origine-de-lhymne-national-israelien\\\/\"]}]},{\"@type\":\"ImageObject\",\"inLanguage\":\"it-IT\",\"@id\":\"https:\\\/\\\/www.iemj.org\\\/it\\\/conference-hatikva-odyssee-lyrique-histoire-et-origine-de-lhymne-national-israelien\\\/#primaryimage\",\"url\":\"https:\\\/\\\/www.iemj.org\\\/wp-content\\\/uploads\\\/2018\\\/04\\\/arton3338.jpg\",\"contentUrl\":\"https:\\\/\\\/www.iemj.org\\\/wp-content\\\/uploads\\\/2018\\\/04\\\/arton3338.jpg\",\"width\":303,\"height\":448},{\"@type\":\"BreadcrumbList\",\"@id\":\"https:\\\/\\\/www.iemj.org\\\/it\\\/conference-hatikva-odyssee-lyrique-histoire-et-origine-de-lhymne-national-israelien\\\/#breadcrumb\",\"itemListElement\":[{\"@type\":\"ListItem\",\"position\":1,\"name\":\"Accueil\",\"item\":\"https:\\\/\\\/www.iemj.org\\\/it\\\/\"},{\"@type\":\"ListItem\",\"position\":2,\"name\":\"Conferenza HATIKVA \u2013 Odissea lirica, Storia ed origine dell&rsquo;inno nazionale israeliano\"}]},{\"@type\":\"WebSite\",\"@id\":\"https:\\\/\\\/www.iemj.org\\\/it\\\/#website\",\"url\":\"https:\\\/\\\/www.iemj.org\\\/it\\\/\",\"name\":\"Institut Europ\u00e9en des Musiques Juives\",\"description\":\"Des traditions musicales \u00e0 la port\u00e9e de tous\",\"publisher\":{\"@id\":\"https:\\\/\\\/www.iemj.org\\\/it\\\/#organization\"},\"potentialAction\":[{\"@type\":\"SearchAction\",\"target\":{\"@type\":\"EntryPoint\",\"urlTemplate\":\"https:\\\/\\\/www.iemj.org\\\/it\\\/?s={search_term_string}\"},\"query-input\":{\"@type\":\"PropertyValueSpecification\",\"valueRequired\":true,\"valueName\":\"search_term_string\"}}],\"inLanguage\":\"it-IT\"},{\"@type\":\"Organization\",\"@id\":\"https:\\\/\\\/www.iemj.org\\\/it\\\/#organization\",\"name\":\"Institut Europ\u00e9en des Musiques Juives\",\"url\":\"https:\\\/\\\/www.iemj.org\\\/it\\\/\",\"logo\":{\"@type\":\"ImageObject\",\"inLanguage\":\"it-IT\",\"@id\":\"https:\\\/\\\/www.iemj.org\\\/it\\\/#\\\/schema\\\/logo\\\/image\\\/\",\"url\":\"https:\\\/\\\/www.iemj.org\\\/wp-content\\\/uploads\\\/2021\\\/09\\\/Logo-IEMJ-Paypal.jpg\",\"contentUrl\":\"https:\\\/\\\/www.iemj.org\\\/wp-content\\\/uploads\\\/2021\\\/09\\\/Logo-IEMJ-Paypal.jpg\",\"width\":150,\"height\":50,\"caption\":\"Institut Europ\u00e9en des Musiques Juives\"},\"image\":{\"@id\":\"https:\\\/\\\/www.iemj.org\\\/it\\\/#\\\/schema\\\/logo\\\/image\\\/\"},\"sameAs\":[\"https:\\\/\\\/www.facebook.com\\\/MusiquesJuives\\\/\",\"https:\\\/\\\/www.instagram.com\\\/musiquesjuives\\\/\",\"https:\\\/\\\/www.youtube.com\\\/user\\\/musiquesjuives\"]},{\"@type\":\"Person\",\"@id\":\"https:\\\/\\\/www.iemj.org\\\/it\\\/#\\\/schema\\\/person\\\/358e26c18aca017fcc4cc15437f7279c\",\"name\":\"Jacqueline ROTEN\",\"image\":{\"@type\":\"ImageObject\",\"inLanguage\":\"it-IT\",\"@id\":\"https:\\\/\\\/secure.gravatar.com\\\/avatar\\\/5964256d6c6957de3a3505278957e0fb2a35119ac47ea41827a65301213c810b?s=96&d=mm&r=g\",\"url\":\"https:\\\/\\\/secure.gravatar.com\\\/avatar\\\/5964256d6c6957de3a3505278957e0fb2a35119ac47ea41827a65301213c810b?s=96&d=mm&r=g\",\"contentUrl\":\"https:\\\/\\\/secure.gravatar.com\\\/avatar\\\/5964256d6c6957de3a3505278957e0fb2a35119ac47ea41827a65301213c810b?s=96&d=mm&r=g\",\"caption\":\"Jacqueline ROTEN\"}}]}<\/script>\n<!-- \/ Yoast SEO plugin. -->","yoast_head_json":{"title":"Conferenza HATIKVA \u2013 Odissea lirica, Storia ed origine dell'inno nazionale israeliano - Institut Europ\u00e9en des Musiques Juives","robots":{"index":"noindex","follow":"follow"},"og_locale":"it_IT","og_type":"article","og_title":"Conferenza HATIKVA \u2013 Odissea lirica, Storia ed origine dell'inno nazionale israeliano - Institut Europ\u00e9en des Musiques Juives","og_description":"Attraverso musiche, fotografie e video, Th\u00e9a Herz ripercorre l&#8217;incredibile odissea di questo canto che diventer\u00e0 il vettore del credo sionista. Se si conosce l&#8217;autore dei versi dell&#8217;Hatikva (Naftali H. Imber,","og_url":"https:\/\/www.iemj.org\/it\/conference-hatikva-odyssee-lyrique-histoire-et-origine-de-lhymne-national-israelien\/","og_site_name":"Institut Europ\u00e9en des Musiques Juives","article_publisher":"https:\/\/www.facebook.com\/MusiquesJuives\/","article_published_time":"2018-04-17T08:46:42+00:00","article_modified_time":"2023-05-25T08:28:15+00:00","og_image":[{"width":303,"height":448,"url":"https:\/\/www.iemj.org\/wp-content\/uploads\/2018\/04\/arton3338.jpg","type":"image\/jpeg"}],"author":"Jacqueline ROTEN","twitter_card":"summary_large_image","twitter_misc":{"Scritto da":"Jacqueline ROTEN","Tempo di lettura stimato":"2 minuti"},"schema":{"@context":"https:\/\/schema.org","@graph":[{"@type":"Article","@id":"https:\/\/www.iemj.org\/it\/conference-hatikva-odyssee-lyrique-histoire-et-origine-de-lhymne-national-israelien\/#article","isPartOf":{"@id":"https:\/\/www.iemj.org\/it\/conference-hatikva-odyssee-lyrique-histoire-et-origine-de-lhymne-national-israelien\/"},"author":{"name":"Jacqueline ROTEN","@id":"https:\/\/www.iemj.org\/it\/#\/schema\/person\/358e26c18aca017fcc4cc15437f7279c"},"headline":"Conferenza HATIKVA \u2013 Odissea lirica, Storia ed origine dell&#8217;inno nazionale israeliano","datePublished":"2018-04-17T08:46:42+00:00","dateModified":"2023-05-25T08:28:15+00:00","mainEntityOfPage":{"@id":"https:\/\/www.iemj.org\/it\/conference-hatikva-odyssee-lyrique-histoire-et-origine-de-lhymne-national-israelien\/"},"wordCount":247,"publisher":{"@id":"https:\/\/www.iemj.org\/it\/#organization"},"image":{"@id":"https:\/\/www.iemj.org\/it\/conference-hatikva-odyssee-lyrique-histoire-et-origine-de-lhymne-national-israelien\/#primaryimage"},"thumbnailUrl":"https:\/\/www.iemj.org\/wp-content\/uploads\/2018\/04\/arton3338.jpg","keywords":["Eventi IEMJ"],"articleSection":["Corsi \/ Conferenze","Manifestazioni"],"inLanguage":"it-IT"},{"@type":"WebPage","@id":"https:\/\/www.iemj.org\/it\/conference-hatikva-odyssee-lyrique-histoire-et-origine-de-lhymne-national-israelien\/","url":"https:\/\/www.iemj.org\/it\/conference-hatikva-odyssee-lyrique-histoire-et-origine-de-lhymne-national-israelien\/","name":"Conferenza HATIKVA \u2013 Odissea lirica, Storia ed origine dell'inno nazionale israeliano - Institut Europ\u00e9en des Musiques Juives","isPartOf":{"@id":"https:\/\/www.iemj.org\/it\/#website"},"primaryImageOfPage":{"@id":"https:\/\/www.iemj.org\/it\/conference-hatikva-odyssee-lyrique-histoire-et-origine-de-lhymne-national-israelien\/#primaryimage"},"image":{"@id":"https:\/\/www.iemj.org\/it\/conference-hatikva-odyssee-lyrique-histoire-et-origine-de-lhymne-national-israelien\/#primaryimage"},"thumbnailUrl":"https:\/\/www.iemj.org\/wp-content\/uploads\/2018\/04\/arton3338.jpg","datePublished":"2018-04-17T08:46:42+00:00","dateModified":"2023-05-25T08:28:15+00:00","breadcrumb":{"@id":"https:\/\/www.iemj.org\/it\/conference-hatikva-odyssee-lyrique-histoire-et-origine-de-lhymne-national-israelien\/#breadcrumb"},"inLanguage":"it-IT","potentialAction":[{"@type":"ReadAction","target":["https:\/\/www.iemj.org\/it\/conference-hatikva-odyssee-lyrique-histoire-et-origine-de-lhymne-national-israelien\/"]}]},{"@type":"ImageObject","inLanguage":"it-IT","@id":"https:\/\/www.iemj.org\/it\/conference-hatikva-odyssee-lyrique-histoire-et-origine-de-lhymne-national-israelien\/#primaryimage","url":"https:\/\/www.iemj.org\/wp-content\/uploads\/2018\/04\/arton3338.jpg","contentUrl":"https:\/\/www.iemj.org\/wp-content\/uploads\/2018\/04\/arton3338.jpg","width":303,"height":448},{"@type":"BreadcrumbList","@id":"https:\/\/www.iemj.org\/it\/conference-hatikva-odyssee-lyrique-histoire-et-origine-de-lhymne-national-israelien\/#breadcrumb","itemListElement":[{"@type":"ListItem","position":1,"name":"Accueil","item":"https:\/\/www.iemj.org\/it\/"},{"@type":"ListItem","position":2,"name":"Conferenza HATIKVA \u2013 Odissea lirica, Storia ed origine dell&rsquo;inno nazionale israeliano"}]},{"@type":"WebSite","@id":"https:\/\/www.iemj.org\/it\/#website","url":"https:\/\/www.iemj.org\/it\/","name":"Institut Europ\u00e9en des Musiques Juives","description":"Des traditions musicales \u00e0 la port\u00e9e de tous","publisher":{"@id":"https:\/\/www.iemj.org\/it\/#organization"},"potentialAction":[{"@type":"SearchAction","target":{"@type":"EntryPoint","urlTemplate":"https:\/\/www.iemj.org\/it\/?s={search_term_string}"},"query-input":{"@type":"PropertyValueSpecification","valueRequired":true,"valueName":"search_term_string"}}],"inLanguage":"it-IT"},{"@type":"Organization","@id":"https:\/\/www.iemj.org\/it\/#organization","name":"Institut Europ\u00e9en des Musiques Juives","url":"https:\/\/www.iemj.org\/it\/","logo":{"@type":"ImageObject","inLanguage":"it-IT","@id":"https:\/\/www.iemj.org\/it\/#\/schema\/logo\/image\/","url":"https:\/\/www.iemj.org\/wp-content\/uploads\/2021\/09\/Logo-IEMJ-Paypal.jpg","contentUrl":"https:\/\/www.iemj.org\/wp-content\/uploads\/2021\/09\/Logo-IEMJ-Paypal.jpg","width":150,"height":50,"caption":"Institut Europ\u00e9en des Musiques Juives"},"image":{"@id":"https:\/\/www.iemj.org\/it\/#\/schema\/logo\/image\/"},"sameAs":["https:\/\/www.facebook.com\/MusiquesJuives\/","https:\/\/www.instagram.com\/musiquesjuives\/","https:\/\/www.youtube.com\/user\/musiquesjuives"]},{"@type":"Person","@id":"https:\/\/www.iemj.org\/it\/#\/schema\/person\/358e26c18aca017fcc4cc15437f7279c","name":"Jacqueline ROTEN","image":{"@type":"ImageObject","inLanguage":"it-IT","@id":"https:\/\/secure.gravatar.com\/avatar\/5964256d6c6957de3a3505278957e0fb2a35119ac47ea41827a65301213c810b?s=96&d=mm&r=g","url":"https:\/\/secure.gravatar.com\/avatar\/5964256d6c6957de3a3505278957e0fb2a35119ac47ea41827a65301213c810b?s=96&d=mm&r=g","contentUrl":"https:\/\/secure.gravatar.com\/avatar\/5964256d6c6957de3a3505278957e0fb2a35119ac47ea41827a65301213c810b?s=96&d=mm&r=g","caption":"Jacqueline ROTEN"}}]}},"_links":{"self":[{"href":"https:\/\/www.iemj.org\/it\/wp-json\/wp\/v2\/posts\/97243","targetHints":{"allow":["GET"]}}],"collection":[{"href":"https:\/\/www.iemj.org\/it\/wp-json\/wp\/v2\/posts"}],"about":[{"href":"https:\/\/www.iemj.org\/it\/wp-json\/wp\/v2\/types\/post"}],"author":[{"embeddable":true,"href":"https:\/\/www.iemj.org\/it\/wp-json\/wp\/v2\/users\/5"}],"replies":[{"embeddable":true,"href":"https:\/\/www.iemj.org\/it\/wp-json\/wp\/v2\/comments?post=97243"}],"version-history":[{"count":0,"href":"https:\/\/www.iemj.org\/it\/wp-json\/wp\/v2\/posts\/97243\/revisions"}],"wp:featuredmedia":[{"embeddable":true,"href":"https:\/\/www.iemj.org\/it\/wp-json\/wp\/v2\/media\/97244"}],"wp:attachment":[{"href":"https:\/\/www.iemj.org\/it\/wp-json\/wp\/v2\/media?parent=97243"}],"wp:term":[{"taxonomy":"category","embeddable":true,"href":"https:\/\/www.iemj.org\/it\/wp-json\/wp\/v2\/categories?post=97243"},{"taxonomy":"post_tag","embeddable":true,"href":"https:\/\/www.iemj.org\/it\/wp-json\/wp\/v2\/tags?post=97243"},{"taxonomy":"technique","embeddable":true,"href":"https:\/\/www.iemj.org\/it\/wp-json\/wp\/v2\/technique?post=97243"},{"taxonomy":"squelettes","embeddable":true,"href":"https:\/\/www.iemj.org\/it\/wp-json\/wp\/v2\/squelettes?post=97243"},{"taxonomy":"sujet","embeddable":true,"href":"https:\/\/www.iemj.org\/it\/wp-json\/wp\/v2\/sujet?post=97243"},{"taxonomy":"formation","embeddable":true,"href":"https:\/\/www.iemj.org\/it\/wp-json\/wp\/v2\/formation?post=97243"},{"taxonomy":"genre","embeddable":true,"href":"https:\/\/www.iemj.org\/it\/wp-json\/wp\/v2\/genre?post=97243"},{"taxonomy":"fonds","embeddable":true,"href":"https:\/\/www.iemj.org\/it\/wp-json\/wp\/v2\/fonds?post=97243"},{"taxonomy":"tradition","embeddable":true,"href":"https:\/\/www.iemj.org\/it\/wp-json\/wp\/v2\/tradition?post=97243"},{"taxonomy":"type-de-contenu","embeddable":true,"href":"https:\/\/www.iemj.org\/it\/wp-json\/wp\/v2\/type-de-contenu?post=97243"},{"taxonomy":"interprete-compositeur","embeddable":true,"href":"https:\/\/www.iemj.org\/it\/wp-json\/wp\/v2\/interprete-compositeur?post=97243"},{"taxonomy":"frise","embeddable":true,"href":"https:\/\/www.iemj.org\/it\/wp-json\/wp\/v2\/frise?post=97243"},{"taxonomy":"type-devenement","embeddable":true,"href":"https:\/\/www.iemj.org\/it\/wp-json\/wp\/v2\/type-devenement?post=97243"},{"taxonomy":"tableaux-liens-externes","embeddable":true,"href":"https:\/\/www.iemj.org\/it\/wp-json\/wp\/v2\/tableaux-liens-externes?post=97243"}],"curies":[{"name":"wp","href":"https:\/\/api.w.org\/{rel}","templated":true}]}}