{"id":97292,"date":"2016-03-29T17:02:49","date_gmt":"2016-03-29T15:02:49","guid":{"rendered":"https:\/\/www.iemj.org\/les-publications-de-la-societe-armin-berg\/"},"modified":"2025-10-16T18:20:39","modified_gmt":"2025-10-16T16:20:39","slug":"les-publications-de-la-societe-armin-berg","status":"publish","type":"post","link":"https:\/\/www.iemj.org\/it\/les-publications-de-la-societe-armin-berg\/","title":{"rendered":"Le publicazioni della societ\u00e0 Armin Berg"},"content":{"rendered":"<p>Fondata nel 2003 con sede a Vienna, in Austria, la societ\u00e0 Armin Berg ha come obiettivo la ricerca di spettacoli di intrattenimento ebraici prebellici e la loro restituzione attraverso spettacoli dal vivo.<\/p>\n<p>Questa ricerca ha portato alla pubblicazione di numerosi libri e a delle rappresentazioni teatrali. In effetti, fino al 1938 gli spettacoli di intrattenimento ebraico fiorivano \u2013 in Austria in particolare \u2013 e non erano solo riservati a una cerchia ristretta, ma aperti a un pubblico pi\u00f9 vasto.<\/p>\n<p>Facendo rivivere questi spettacoli, la societ\u00e0 Armin Berg risuscita questo stile di teatro e di divertimento quasi dimenticato. Prima della guerra, una moltitudine di piccoli teatri nei paesi di lingua tedesca dipendeva da questi artisti, musicisti, autori, compositori ebrei.<\/p>\n<p><img fetchpriority=\"high\" decoding=\"async\" class=\" wp-image-9864 alignleft\" src=\"https:\/\/www.iemj.org\/wp-content\/uploads\/2016\/03\/budap3-2.jpg\" alt=\"budap3-2.jpg\" width=\"250\" height=\"350\" align=\"right\" srcset=\"https:\/\/www.iemj.org\/wp-content\/uploads\/2016\/03\/budap3-2.jpg 340w, https:\/\/www.iemj.org\/wp-content\/uploads\/2016\/03\/budap3-2-215x300.jpg 215w\" sizes=\"(max-width: 250px) 100vw, 250px\" \/><\/p>\n<p><img decoding=\"async\" class=\" wp-image-9866 alignright\" src=\"https:\/\/www.iemj.org\/wp-content\/uploads\/2016\/03\/lachen3.jpg\" alt=\"lachen3.jpg\" width=\"250\" height=\"350\" align=\"middle\" srcset=\"https:\/\/www.iemj.org\/wp-content\/uploads\/2016\/03\/lachen3.jpg 316w, https:\/\/www.iemj.org\/wp-content\/uploads\/2016\/03\/lachen3-214x300.jpg 214w\" sizes=\"(max-width: 250px) 100vw, 250px\" \/><\/p>\n<p>Molti testi, composizioni e lavori teatrali sono sopravvissuti in archivi, musei, biblioteche e collezioni private.<\/p>\n<p>Le melodie di certi artisti, come Walter Jurman, sono ancora nella memoria collettiva, ma le loro vite restano sconosciute. Il lavoro di ricerca svolto dalla societ\u00e0 Armin Berg consente quindi di collocare l&#8217;opera di questi artisti ebrei nel pi\u00f9 ampio contesto della produzione artistica dell&#8217;epoca.<\/p>\n<p>Creata nel 2009, la casa editrice Armin Berg ha pubblicato diversi libri in tedesco sull&#8217;argomento, libri che ora fanno parte delle collezioni dell\u2019IEMJ, come:<\/p>\n<p><strong><img decoding=\"async\" class=\" alignright  wp-image-9860\" src=\"https:\/\/www.iemj.org\/wp-content\/uploads\/2016\/03\/judisches_kabaret2_couv.jpg\" alt=\"judisches_kabaret2_couv.jpg\" width=\"240\" height=\"360\" align=\"right\" srcset=\"https:\/\/www.iemj.org\/wp-content\/uploads\/2016\/03\/judisches_kabaret2_couv.jpg 262w, https:\/\/www.iemj.org\/wp-content\/uploads\/2016\/03\/judisches_kabaret2_couv-199x300.jpg 199w\" sizes=\"(max-width: 240px) 100vw, 240px\" \/>J\u00fcdisches Kabarett in Wien 1889 &#8211; 2009<\/strong><br \/>(I cabaret ebraici a Vienna 1889 \u2013 2009)<\/p>\n<p>A Vienna gli ebrei, preda di un latente antisemitismo, avevano trovato nel cabaret uno spazio di libert\u00e0 dove poter esprimere la loro creativit\u00e0. Artisti e intellettuali ebrei e non ebrei vi si ritrovavano per assistere a spettacoli di alta qualit\u00e0.<\/p>\n<p>Questo lavoro collettivo \u00e8 dedicato alla storia di questi cabaret ebraici a Vienna: dall&#8217;animatore alle biografie d\u2019artisti, attraverso le storie di alcuni locali, cos\u00ec come il &#8220;cabaret dell&#8217;esilio&#8221;&#8230;<\/p>\n<p><strong><img loading=\"lazy\" decoding=\"async\" class=\" alignleft  wp-image-9858\" src=\"https:\/\/www.iemj.org\/wp-content\/uploads\/2016\/03\/ich_glaub.jpg\" alt=\"ich_glaub.jpg\" width=\"296\" height=\"413\" align=\"left\" srcset=\"https:\/\/www.iemj.org\/wp-content\/uploads\/2016\/03\/ich_glaub.jpg 321w, https:\/\/www.iemj.org\/wp-content\/uploads\/2016\/03\/ich_glaub-215x300.jpg 215w\" sizes=\"(max-width: 296px) 100vw, 296px\" \/>&#8220;Ich glaub&#8217; ich bin nicht ganz normal&#8221;<\/strong><br \/>(\u201cPenso di non essere completamente normale\u201d)<br \/>Armin Berg, leggendario artista dello spettacolo austriaco, si \u00e8 esibito dal 1900 al 1938 nei famosi cabaret e spettacoli di Vienna. Era un comico, cantante e attore cinematografico allo stesso tempo. Il suo stile combinava vecchie canzoni popolari viennesi con l\u2019umorismo ebraico, in testi comico-grotteschi, che riflettevano i lati positivi e negativi del suo tempo.<\/p>\n<p>Alcune delle sue canzoni sono ancora conosciute dagli austriaci. Dopo una meticolosa ricerca, l&#8217;autore Simon Usaty ha trovato molti aneddoti sulla movimentata vita di Armin Berg (1883-1956). Descrive la straordinaria carriera di questo artista adorato dal pubblico viennese per 30 anni, prima di partire in esilio a New York nel 1938.<\/p>\n<p><strong><img loading=\"lazy\" decoding=\"async\" class=\"wp-image-9862 alignright\" src=\"https:\/\/www.iemj.org\/wp-content\/uploads\/2016\/03\/cover_swing.jpg\" alt=\"cover_swing.jpg\" width=\"197\" height=\"357\" align=\"left\" srcset=\"https:\/\/www.iemj.org\/wp-content\/uploads\/2016\/03\/cover_swing.jpg 247w, https:\/\/www.iemj.org\/wp-content\/uploads\/2016\/03\/cover_swing-165x300.jpg 165w\" sizes=\"(max-width: 197px) 100vw, 197px\" \/>Swing tanzen verboten<\/strong><br \/>(Danze Swing vietate)<\/p>\n<p>Musica di intrattenimento dopo il 1933, tra resistenza, propaganda e deportazione.<\/p>\n<p>Cantanti, attori, scrittori e compositori a Vienna ed a Berlino furono molto apprezzati e celebrati. Si influenzavano reciprocamente, il che permise la creazione di opere notevoli (canzoni, testi, operette, ecc.) spesso malinconiche, ma sempre divertenti.<\/p>\n<p>Questo libro \u00e8 dedicato alla memoria di questi artisti, molti dei quali furono annientati dai nazisti.<\/p>\n<p><a href=\"https:\/\/arminberg.at\/\" target=\"_blank\" rel=\"noopener\"><br \/>Per saperne di pi\u00f9<\/a><br \/><a href=\"https:\/\/arminberg.at\/verlag\/\" target=\"_blank\" rel=\"noopener\">Ordinare i libri<\/a><\/p>\n<p><img loading=\"lazy\" decoding=\"async\" class=\"wp-image-110609 aligncenter\" src=\"https:\/\/www.iemj.org\/wp-content\/uploads\/2024\/03\/AUDIO-PLAYER-300x39.png\" alt=\"\" width=\"900\" height=\"117\" srcset=\"https:\/\/www.iemj.org\/wp-content\/uploads\/2024\/03\/AUDIO-PLAYER-300x39.png 300w, https:\/\/www.iemj.org\/wp-content\/uploads\/2024\/03\/AUDIO-PLAYER-1024x133.png 1024w, https:\/\/www.iemj.org\/wp-content\/uploads\/2024\/03\/AUDIO-PLAYER-768x100.png 768w, https:\/\/www.iemj.org\/wp-content\/uploads\/2024\/03\/AUDIO-PLAYER-600x78.png 600w, https:\/\/www.iemj.org\/wp-content\/uploads\/2024\/03\/AUDIO-PLAYER.png 1210w\" sizes=\"(max-width: 900px) 100vw, 900px\" \/><\/p>\n<h4><strong>Ascoltate in calce due canzoni interpretate da Armin Berg, tratte da un disco 78 giri delle collezioni dell\u2019IEMJ.<\/strong><\/h4>\n\n\n<div class=\"wp-block-file\"><a id=\"wp-block-file--media-34bceafc-238f-4ad8-b631-8c7af3110c0d\" href=\"https:\/\/www.iemj.org\/wp-content\/uploads\/2016\/03\/armin_berg_1.mp3\">Wie gef\u00e4llt Ihnen das?<\/a><\/div>\n\n\n\n<div class=\"wp-block-file\"><a id=\"wp-block-file--media-60cd1c6d-3f11-41d5-8480-6dcc9a6b3f79\" href=\"https:\/\/www.iemj.org\/wp-content\/uploads\/2016\/03\/armin_berg_2.mp3\">Und wenn schon, was geht mich das an<\/a><\/div>\n","protected":false},"excerpt":{"rendered":"<p>Fondata nel 2003 con sede a Vienna, in Austria, la societ\u00e0 Armin Berg ha come obiettivo la ricerca di spettacoli di intrattenimento ebraici prebellici e la loro restituzione attraverso spettacoli<\/p>\n","protected":false},"author":1048,"featured_media":97293,"comment_status":"closed","ping_status":"closed","sticky":false,"template":"","format":"standard","meta":{"_acf_changed":false,"footnotes":""},"categories":[1576,1564],"tags":[],"technique":[],"squelettes":[],"sujet":[],"formation":[],"genre":[],"fonds":[],"tradition":[],"type-de-contenu":[],"interprete-compositeur":[],"frise":[],"type-devenement":[],"tableaux-liens-externes":[],"class_list":["post-97292","post","type-post","status-publish","format-standard","has-post-thumbnail","hentry","category-libri-articoli-it","category-ultimi-acquisti-it"],"acf":[],"yoast_head":"<!-- This site is optimized with the Yoast SEO plugin v27.3 - https:\/\/yoast.com\/product\/yoast-seo-wordpress\/ -->\n<title>Le publicazioni della societ\u00e0 Armin Berg - Institut Europ\u00e9en des Musiques Juives<\/title>\n<meta name=\"robots\" content=\"index, follow, max-snippet:-1, max-image-preview:large, max-video-preview:-1\" \/>\n<link rel=\"canonical\" href=\"https:\/\/www.iemj.org\/it\/les-publications-de-la-societe-armin-berg\/\" \/>\n<meta property=\"og:locale\" content=\"it_IT\" \/>\n<meta property=\"og:type\" content=\"article\" \/>\n<meta property=\"og:title\" content=\"Le publicazioni della societ\u00e0 Armin Berg - Institut Europ\u00e9en des Musiques Juives\" \/>\n<meta property=\"og:description\" content=\"Fondata nel 2003 con sede a Vienna, in Austria, la societ\u00e0 Armin Berg ha come obiettivo la ricerca di spettacoli di intrattenimento ebraici prebellici e la loro restituzione attraverso spettacoli\" \/>\n<meta property=\"og:url\" content=\"https:\/\/www.iemj.org\/it\/les-publications-de-la-societe-armin-berg\/\" \/>\n<meta property=\"og:site_name\" content=\"Institut Europ\u00e9en des Musiques Juives\" \/>\n<meta property=\"article:publisher\" content=\"https:\/\/www.facebook.com\/MusiquesJuives\/\" \/>\n<meta property=\"article:published_time\" content=\"2016-03-29T15:02:49+00:00\" \/>\n<meta property=\"article:modified_time\" content=\"2025-10-16T16:20:39+00:00\" \/>\n<meta property=\"og:image\" content=\"https:\/\/www.iemj.org\/wp-content\/uploads\/2016\/03\/arton1557.jpg\" \/>\n\t<meta property=\"og:image:width\" content=\"300\" \/>\n\t<meta property=\"og:image:height\" content=\"300\" \/>\n\t<meta property=\"og:image:type\" content=\"image\/jpeg\" \/>\n<meta name=\"author\" content=\"Jean-Gabriel Davis\" \/>\n<meta name=\"twitter:card\" content=\"summary_large_image\" \/>\n<meta name=\"twitter:label1\" content=\"Scritto da\" \/>\n\t<meta name=\"twitter:data1\" content=\"Jean-Gabriel Davis\" \/>\n\t<meta name=\"twitter:label2\" content=\"Tempo di lettura stimato\" \/>\n\t<meta name=\"twitter:data2\" content=\"4 minuti\" \/>\n<script type=\"application\/ld+json\" class=\"yoast-schema-graph\">{\"@context\":\"https:\\\/\\\/schema.org\",\"@graph\":[{\"@type\":\"Article\",\"@id\":\"https:\\\/\\\/www.iemj.org\\\/it\\\/les-publications-de-la-societe-armin-berg\\\/#article\",\"isPartOf\":{\"@id\":\"https:\\\/\\\/www.iemj.org\\\/it\\\/les-publications-de-la-societe-armin-berg\\\/\"},\"author\":{\"name\":\"Jean-Gabriel Davis\",\"@id\":\"https:\\\/\\\/www.iemj.org\\\/it\\\/#\\\/schema\\\/person\\\/c9bc1c386a3749579a2d675e72a18666\"},\"headline\":\"Le publicazioni della societ\u00e0 Armin Berg\",\"datePublished\":\"2016-03-29T15:02:49+00:00\",\"dateModified\":\"2025-10-16T16:20:39+00:00\",\"mainEntityOfPage\":{\"@id\":\"https:\\\/\\\/www.iemj.org\\\/it\\\/les-publications-de-la-societe-armin-berg\\\/\"},\"wordCount\":508,\"publisher\":{\"@id\":\"https:\\\/\\\/www.iemj.org\\\/it\\\/#organization\"},\"image\":{\"@id\":\"https:\\\/\\\/www.iemj.org\\\/it\\\/les-publications-de-la-societe-armin-berg\\\/#primaryimage\"},\"thumbnailUrl\":\"https:\\\/\\\/www.iemj.org\\\/wp-content\\\/uploads\\\/2016\\\/03\\\/arton1557.jpg\",\"articleSection\":[\"Libri, articoli\",\"Ultimi acquisti\"],\"inLanguage\":\"it-IT\"},{\"@type\":\"WebPage\",\"@id\":\"https:\\\/\\\/www.iemj.org\\\/it\\\/les-publications-de-la-societe-armin-berg\\\/\",\"url\":\"https:\\\/\\\/www.iemj.org\\\/it\\\/les-publications-de-la-societe-armin-berg\\\/\",\"name\":\"Le publicazioni della societ\u00e0 Armin Berg - Institut Europ\u00e9en des Musiques Juives\",\"isPartOf\":{\"@id\":\"https:\\\/\\\/www.iemj.org\\\/it\\\/#website\"},\"primaryImageOfPage\":{\"@id\":\"https:\\\/\\\/www.iemj.org\\\/it\\\/les-publications-de-la-societe-armin-berg\\\/#primaryimage\"},\"image\":{\"@id\":\"https:\\\/\\\/www.iemj.org\\\/it\\\/les-publications-de-la-societe-armin-berg\\\/#primaryimage\"},\"thumbnailUrl\":\"https:\\\/\\\/www.iemj.org\\\/wp-content\\\/uploads\\\/2016\\\/03\\\/arton1557.jpg\",\"datePublished\":\"2016-03-29T15:02:49+00:00\",\"dateModified\":\"2025-10-16T16:20:39+00:00\",\"breadcrumb\":{\"@id\":\"https:\\\/\\\/www.iemj.org\\\/it\\\/les-publications-de-la-societe-armin-berg\\\/#breadcrumb\"},\"inLanguage\":\"it-IT\",\"potentialAction\":[{\"@type\":\"ReadAction\",\"target\":[\"https:\\\/\\\/www.iemj.org\\\/it\\\/les-publications-de-la-societe-armin-berg\\\/\"]}]},{\"@type\":\"ImageObject\",\"inLanguage\":\"it-IT\",\"@id\":\"https:\\\/\\\/www.iemj.org\\\/it\\\/les-publications-de-la-societe-armin-berg\\\/#primaryimage\",\"url\":\"https:\\\/\\\/www.iemj.org\\\/wp-content\\\/uploads\\\/2016\\\/03\\\/arton1557.jpg\",\"contentUrl\":\"https:\\\/\\\/www.iemj.org\\\/wp-content\\\/uploads\\\/2016\\\/03\\\/arton1557.jpg\",\"width\":300,\"height\":300},{\"@type\":\"BreadcrumbList\",\"@id\":\"https:\\\/\\\/www.iemj.org\\\/it\\\/les-publications-de-la-societe-armin-berg\\\/#breadcrumb\",\"itemListElement\":[{\"@type\":\"ListItem\",\"position\":1,\"name\":\"Accueil\",\"item\":\"https:\\\/\\\/www.iemj.org\\\/it\\\/\"},{\"@type\":\"ListItem\",\"position\":2,\"name\":\"Le publicazioni della societ\u00e0 Armin Berg\"}]},{\"@type\":\"WebSite\",\"@id\":\"https:\\\/\\\/www.iemj.org\\\/it\\\/#website\",\"url\":\"https:\\\/\\\/www.iemj.org\\\/it\\\/\",\"name\":\"Institut Europ\u00e9en des Musiques Juives\",\"description\":\"Des traditions musicales \u00e0 la port\u00e9e de tous\",\"publisher\":{\"@id\":\"https:\\\/\\\/www.iemj.org\\\/it\\\/#organization\"},\"potentialAction\":[{\"@type\":\"SearchAction\",\"target\":{\"@type\":\"EntryPoint\",\"urlTemplate\":\"https:\\\/\\\/www.iemj.org\\\/it\\\/?s={search_term_string}\"},\"query-input\":{\"@type\":\"PropertyValueSpecification\",\"valueRequired\":true,\"valueName\":\"search_term_string\"}}],\"inLanguage\":\"it-IT\"},{\"@type\":\"Organization\",\"@id\":\"https:\\\/\\\/www.iemj.org\\\/it\\\/#organization\",\"name\":\"Institut Europ\u00e9en des Musiques Juives\",\"url\":\"https:\\\/\\\/www.iemj.org\\\/it\\\/\",\"logo\":{\"@type\":\"ImageObject\",\"inLanguage\":\"it-IT\",\"@id\":\"https:\\\/\\\/www.iemj.org\\\/it\\\/#\\\/schema\\\/logo\\\/image\\\/\",\"url\":\"https:\\\/\\\/www.iemj.org\\\/wp-content\\\/uploads\\\/2021\\\/09\\\/Logo-IEMJ-Paypal.jpg\",\"contentUrl\":\"https:\\\/\\\/www.iemj.org\\\/wp-content\\\/uploads\\\/2021\\\/09\\\/Logo-IEMJ-Paypal.jpg\",\"width\":150,\"height\":50,\"caption\":\"Institut Europ\u00e9en des Musiques Juives\"},\"image\":{\"@id\":\"https:\\\/\\\/www.iemj.org\\\/it\\\/#\\\/schema\\\/logo\\\/image\\\/\"},\"sameAs\":[\"https:\\\/\\\/www.facebook.com\\\/MusiquesJuives\\\/\",\"https:\\\/\\\/www.instagram.com\\\/musiquesjuives\\\/\",\"https:\\\/\\\/www.youtube.com\\\/user\\\/musiquesjuives\"]},{\"@type\":\"Person\",\"@id\":\"https:\\\/\\\/www.iemj.org\\\/it\\\/#\\\/schema\\\/person\\\/c9bc1c386a3749579a2d675e72a18666\",\"name\":\"Jean-Gabriel Davis\",\"image\":{\"@type\":\"ImageObject\",\"inLanguage\":\"it-IT\",\"@id\":\"https:\\\/\\\/secure.gravatar.com\\\/avatar\\\/2b90d67bdf392c9b3a21fab87c0fa7edaf1fb3a058172a1ffd61033fcec7aec1?s=96&d=mm&r=g\",\"url\":\"https:\\\/\\\/secure.gravatar.com\\\/avatar\\\/2b90d67bdf392c9b3a21fab87c0fa7edaf1fb3a058172a1ffd61033fcec7aec1?s=96&d=mm&r=g\",\"contentUrl\":\"https:\\\/\\\/secure.gravatar.com\\\/avatar\\\/2b90d67bdf392c9b3a21fab87c0fa7edaf1fb3a058172a1ffd61033fcec7aec1?s=96&d=mm&r=g\",\"caption\":\"Jean-Gabriel Davis\"}}]}<\/script>\n<!-- \/ Yoast SEO plugin. -->","yoast_head_json":{"title":"Le publicazioni della societ\u00e0 Armin Berg - Institut Europ\u00e9en des Musiques Juives","robots":{"index":"index","follow":"follow","max-snippet":"max-snippet:-1","max-image-preview":"max-image-preview:large","max-video-preview":"max-video-preview:-1"},"canonical":"https:\/\/www.iemj.org\/it\/les-publications-de-la-societe-armin-berg\/","og_locale":"it_IT","og_type":"article","og_title":"Le publicazioni della societ\u00e0 Armin Berg - Institut Europ\u00e9en des Musiques Juives","og_description":"Fondata nel 2003 con sede a Vienna, in Austria, la societ\u00e0 Armin Berg ha come obiettivo la ricerca di spettacoli di intrattenimento ebraici prebellici e la loro restituzione attraverso spettacoli","og_url":"https:\/\/www.iemj.org\/it\/les-publications-de-la-societe-armin-berg\/","og_site_name":"Institut Europ\u00e9en des Musiques Juives","article_publisher":"https:\/\/www.facebook.com\/MusiquesJuives\/","article_published_time":"2016-03-29T15:02:49+00:00","article_modified_time":"2025-10-16T16:20:39+00:00","og_image":[{"width":300,"height":300,"url":"https:\/\/www.iemj.org\/wp-content\/uploads\/2016\/03\/arton1557.jpg","type":"image\/jpeg"}],"author":"Jean-Gabriel Davis","twitter_card":"summary_large_image","twitter_misc":{"Scritto da":"Jean-Gabriel Davis","Tempo di lettura stimato":"4 minuti"},"schema":{"@context":"https:\/\/schema.org","@graph":[{"@type":"Article","@id":"https:\/\/www.iemj.org\/it\/les-publications-de-la-societe-armin-berg\/#article","isPartOf":{"@id":"https:\/\/www.iemj.org\/it\/les-publications-de-la-societe-armin-berg\/"},"author":{"name":"Jean-Gabriel Davis","@id":"https:\/\/www.iemj.org\/it\/#\/schema\/person\/c9bc1c386a3749579a2d675e72a18666"},"headline":"Le publicazioni della societ\u00e0 Armin Berg","datePublished":"2016-03-29T15:02:49+00:00","dateModified":"2025-10-16T16:20:39+00:00","mainEntityOfPage":{"@id":"https:\/\/www.iemj.org\/it\/les-publications-de-la-societe-armin-berg\/"},"wordCount":508,"publisher":{"@id":"https:\/\/www.iemj.org\/it\/#organization"},"image":{"@id":"https:\/\/www.iemj.org\/it\/les-publications-de-la-societe-armin-berg\/#primaryimage"},"thumbnailUrl":"https:\/\/www.iemj.org\/wp-content\/uploads\/2016\/03\/arton1557.jpg","articleSection":["Libri, articoli","Ultimi acquisti"],"inLanguage":"it-IT"},{"@type":"WebPage","@id":"https:\/\/www.iemj.org\/it\/les-publications-de-la-societe-armin-berg\/","url":"https:\/\/www.iemj.org\/it\/les-publications-de-la-societe-armin-berg\/","name":"Le publicazioni della societ\u00e0 Armin Berg - Institut Europ\u00e9en des Musiques Juives","isPartOf":{"@id":"https:\/\/www.iemj.org\/it\/#website"},"primaryImageOfPage":{"@id":"https:\/\/www.iemj.org\/it\/les-publications-de-la-societe-armin-berg\/#primaryimage"},"image":{"@id":"https:\/\/www.iemj.org\/it\/les-publications-de-la-societe-armin-berg\/#primaryimage"},"thumbnailUrl":"https:\/\/www.iemj.org\/wp-content\/uploads\/2016\/03\/arton1557.jpg","datePublished":"2016-03-29T15:02:49+00:00","dateModified":"2025-10-16T16:20:39+00:00","breadcrumb":{"@id":"https:\/\/www.iemj.org\/it\/les-publications-de-la-societe-armin-berg\/#breadcrumb"},"inLanguage":"it-IT","potentialAction":[{"@type":"ReadAction","target":["https:\/\/www.iemj.org\/it\/les-publications-de-la-societe-armin-berg\/"]}]},{"@type":"ImageObject","inLanguage":"it-IT","@id":"https:\/\/www.iemj.org\/it\/les-publications-de-la-societe-armin-berg\/#primaryimage","url":"https:\/\/www.iemj.org\/wp-content\/uploads\/2016\/03\/arton1557.jpg","contentUrl":"https:\/\/www.iemj.org\/wp-content\/uploads\/2016\/03\/arton1557.jpg","width":300,"height":300},{"@type":"BreadcrumbList","@id":"https:\/\/www.iemj.org\/it\/les-publications-de-la-societe-armin-berg\/#breadcrumb","itemListElement":[{"@type":"ListItem","position":1,"name":"Accueil","item":"https:\/\/www.iemj.org\/it\/"},{"@type":"ListItem","position":2,"name":"Le publicazioni della societ\u00e0 Armin Berg"}]},{"@type":"WebSite","@id":"https:\/\/www.iemj.org\/it\/#website","url":"https:\/\/www.iemj.org\/it\/","name":"Institut Europ\u00e9en des Musiques Juives","description":"Des traditions musicales \u00e0 la port\u00e9e de tous","publisher":{"@id":"https:\/\/www.iemj.org\/it\/#organization"},"potentialAction":[{"@type":"SearchAction","target":{"@type":"EntryPoint","urlTemplate":"https:\/\/www.iemj.org\/it\/?s={search_term_string}"},"query-input":{"@type":"PropertyValueSpecification","valueRequired":true,"valueName":"search_term_string"}}],"inLanguage":"it-IT"},{"@type":"Organization","@id":"https:\/\/www.iemj.org\/it\/#organization","name":"Institut Europ\u00e9en des Musiques Juives","url":"https:\/\/www.iemj.org\/it\/","logo":{"@type":"ImageObject","inLanguage":"it-IT","@id":"https:\/\/www.iemj.org\/it\/#\/schema\/logo\/image\/","url":"https:\/\/www.iemj.org\/wp-content\/uploads\/2021\/09\/Logo-IEMJ-Paypal.jpg","contentUrl":"https:\/\/www.iemj.org\/wp-content\/uploads\/2021\/09\/Logo-IEMJ-Paypal.jpg","width":150,"height":50,"caption":"Institut Europ\u00e9en des Musiques Juives"},"image":{"@id":"https:\/\/www.iemj.org\/it\/#\/schema\/logo\/image\/"},"sameAs":["https:\/\/www.facebook.com\/MusiquesJuives\/","https:\/\/www.instagram.com\/musiquesjuives\/","https:\/\/www.youtube.com\/user\/musiquesjuives"]},{"@type":"Person","@id":"https:\/\/www.iemj.org\/it\/#\/schema\/person\/c9bc1c386a3749579a2d675e72a18666","name":"Jean-Gabriel Davis","image":{"@type":"ImageObject","inLanguage":"it-IT","@id":"https:\/\/secure.gravatar.com\/avatar\/2b90d67bdf392c9b3a21fab87c0fa7edaf1fb3a058172a1ffd61033fcec7aec1?s=96&d=mm&r=g","url":"https:\/\/secure.gravatar.com\/avatar\/2b90d67bdf392c9b3a21fab87c0fa7edaf1fb3a058172a1ffd61033fcec7aec1?s=96&d=mm&r=g","contentUrl":"https:\/\/secure.gravatar.com\/avatar\/2b90d67bdf392c9b3a21fab87c0fa7edaf1fb3a058172a1ffd61033fcec7aec1?s=96&d=mm&r=g","caption":"Jean-Gabriel Davis"}}]}},"_links":{"self":[{"href":"https:\/\/www.iemj.org\/it\/wp-json\/wp\/v2\/posts\/97292","targetHints":{"allow":["GET"]}}],"collection":[{"href":"https:\/\/www.iemj.org\/it\/wp-json\/wp\/v2\/posts"}],"about":[{"href":"https:\/\/www.iemj.org\/it\/wp-json\/wp\/v2\/types\/post"}],"author":[{"embeddable":true,"href":"https:\/\/www.iemj.org\/it\/wp-json\/wp\/v2\/users\/1048"}],"replies":[{"embeddable":true,"href":"https:\/\/www.iemj.org\/it\/wp-json\/wp\/v2\/comments?post=97292"}],"version-history":[{"count":1,"href":"https:\/\/www.iemj.org\/it\/wp-json\/wp\/v2\/posts\/97292\/revisions"}],"predecessor-version":[{"id":127097,"href":"https:\/\/www.iemj.org\/it\/wp-json\/wp\/v2\/posts\/97292\/revisions\/127097"}],"wp:featuredmedia":[{"embeddable":true,"href":"https:\/\/www.iemj.org\/it\/wp-json\/wp\/v2\/media\/97293"}],"wp:attachment":[{"href":"https:\/\/www.iemj.org\/it\/wp-json\/wp\/v2\/media?parent=97292"}],"wp:term":[{"taxonomy":"category","embeddable":true,"href":"https:\/\/www.iemj.org\/it\/wp-json\/wp\/v2\/categories?post=97292"},{"taxonomy":"post_tag","embeddable":true,"href":"https:\/\/www.iemj.org\/it\/wp-json\/wp\/v2\/tags?post=97292"},{"taxonomy":"technique","embeddable":true,"href":"https:\/\/www.iemj.org\/it\/wp-json\/wp\/v2\/technique?post=97292"},{"taxonomy":"squelettes","embeddable":true,"href":"https:\/\/www.iemj.org\/it\/wp-json\/wp\/v2\/squelettes?post=97292"},{"taxonomy":"sujet","embeddable":true,"href":"https:\/\/www.iemj.org\/it\/wp-json\/wp\/v2\/sujet?post=97292"},{"taxonomy":"formation","embeddable":true,"href":"https:\/\/www.iemj.org\/it\/wp-json\/wp\/v2\/formation?post=97292"},{"taxonomy":"genre","embeddable":true,"href":"https:\/\/www.iemj.org\/it\/wp-json\/wp\/v2\/genre?post=97292"},{"taxonomy":"fonds","embeddable":true,"href":"https:\/\/www.iemj.org\/it\/wp-json\/wp\/v2\/fonds?post=97292"},{"taxonomy":"tradition","embeddable":true,"href":"https:\/\/www.iemj.org\/it\/wp-json\/wp\/v2\/tradition?post=97292"},{"taxonomy":"type-de-contenu","embeddable":true,"href":"https:\/\/www.iemj.org\/it\/wp-json\/wp\/v2\/type-de-contenu?post=97292"},{"taxonomy":"interprete-compositeur","embeddable":true,"href":"https:\/\/www.iemj.org\/it\/wp-json\/wp\/v2\/interprete-compositeur?post=97292"},{"taxonomy":"frise","embeddable":true,"href":"https:\/\/www.iemj.org\/it\/wp-json\/wp\/v2\/frise?post=97292"},{"taxonomy":"type-devenement","embeddable":true,"href":"https:\/\/www.iemj.org\/it\/wp-json\/wp\/v2\/type-devenement?post=97292"},{"taxonomy":"tableaux-liens-externes","embeddable":true,"href":"https:\/\/www.iemj.org\/it\/wp-json\/wp\/v2\/tableaux-liens-externes?post=97292"}],"curies":[{"name":"wp","href":"https:\/\/api.w.org\/{rel}","templated":true}]}}