{"id":97431,"date":"2017-07-06T09:50:26","date_gmt":"2017-07-06T07:50:26","guid":{"rendered":"https:\/\/www.iemj.org\/grand-concert-de-gala-de-linstitut-europeen-des-musiques-juives-3e-edition\/"},"modified":"2023-05-29T17:39:09","modified_gmt":"2023-05-29T15:39:09","slug":"grand-concert-de-gala-de-linstitut-europeen-des-musiques-juives-3e-edition","status":"publish","type":"post","link":"https:\/\/www.iemj.org\/it\/grand-concert-de-gala-de-linstitut-europeen-des-musiques-juives-3e-edition\/","title":{"rendered":"Grande concerto di gala dell&#8217;Istituto Europeo di Musiche Ebraiche (IEMJ) &#8211; 3a edizione"},"content":{"rendered":"<h3><\/h3>\n<p><!--more--><\/p>\n<h3><\/h3>\n<h3 style=\"text-align: center;\"><strong>DOMENICA 12 NOVEMBRE 2017, alle 17:30, Salle Cortot \u2013 <\/strong><strong>78 rue Cardinet, 75017 Parigi<\/strong><\/h3>\n<p><center>L&#8217;Istituto Europeo di Musiche Ebraiche \u00e8 lieto di invitarvi al suo grande concerto di gala<\/p>\n<p>\u201cLa musica ebraica in tutte le sue forme\u201d \u2013 3a edizione<\/p>\n<p><\/center><center><img fetchpriority=\"high\" decoding=\"async\" src=\"https:\/\/www.iemj.org\/wp-content\/uploads\/2017\/07\/bandeau_photos_artistes_gala_2017_pour_site_redim-50_.jpg\" alt=\"bandeau_photos_artistes_gala_2017_pour_site_redim-50_.jpg\" width=\"512\" height=\"132\" align=\"center\"><\/center><center><\/center><center><strong>PROGRAMMA<\/strong><\/center><center><\/center><center><strong>1a parte<\/strong><\/p>\n<p><\/center><center><strong><strong>LE SABLIER DU TEMPS (<\/strong><\/strong><strong style=\"font-size: revert; background-color: var(--bs-body-bg); color: var(--bs-body-color); font-family: var(--bs-body-font-family); text-align: var(--bs-body-text-align);\">LA CLESSIDRA DEL TEMPO)<\/strong><\/center><center><strong>Un viaggio musicale nel cuore dell&#8217;anima ebraica proposto da Virginie Constant<\/strong><\/p>\n<p><\/center><center>Con Virginie Constant (violoncello) e Simon Zaoui (piano)<\/center><center><\/center>Come la clessidra nella quale scorre il Tempo della Storia, questa prima parte del concerto ci far\u00e0 viaggiare al ritmo di opere profane e sacre scritte principalmente nella prima met\u00e0 del &#8216;900 da compositori alla ricerca di un&#8217;identit\u00e0 musicale ebraica . Potremo cos\u00ec ascoltare opere di Joseph Achron, Ernest Bloch, Gideon Klein, Lazare Saminski, Mark Warshawsky&#8230;<\/p>\n<p><center><br \/>\n<strong>2a parte<\/strong><\/center><center><strong>KLEZMER TRANS\u2019AFRICANO<\/strong><\/center><center><strong>Una creazione mondiale di Denis Cuniot<\/strong><\/p>\n<p><\/center><center>Con Denis Cuniot (piano), Julien Andr\u00e9 (percussioni africaine), Jean-Philippe Viret (contrabasso)<br \/>\net la partecipazione eccezionale della danzatrice africaina Aminata Traor\u00e9<\/p>\n<p><\/center>Dopo la creazione del suo &#8220;Raga klezmer&#8221; nel 2015, Denis Cuniot si rivolge all&#8217;Africa per un nuovo spettacolo che avvicina le musiche africane e klezmer, entrambe basate sulla danza, la spiritualit\u00e0 e la trance. Uno spettacolo colorato in cui il groove africano si fonde con la musica klezmer per il pi\u00f9 grande piacere di tutti&#8230;<\/p>\n<p>Questo concerto sar\u00e0 seguito da una <strong>bicchierata dell\u2019 amicizia<\/strong> con gli artisti (riservato solo ai posti <strong>oro, argento e platino<\/strong>).<\/p>\n<p><strong>Prezzo del biglietto<\/strong>: \u20ac 15* \u2013 \u20ac 25 \u2013 \u20ac 50** \u2013 \u20ac 100** \u2013 \u20ac 200** \u2013 \u20ac 500**<\/p>\n<p>* Tariffa per i membri IEMJ con abbonamento in regola (numero di posti limitato)<\/p>\n<p>** con ricevuta Cerfa per la parte donazione, la donazione rappresentando il prezzo del biglietto ridotto di 15 \u20ac<\/p>\n<p>(Esempio: per un posto a 100 \u20ac, verr\u00e0 rilasciato un Cerfa di 85 \u20ac)<\/p>\n<p><strong>Prenotazione fortemente consigliata<\/strong> allo 01 45 82 20 52.<\/p>\n<p><strong>Contatto:<\/strong> Jacqueline Roten : 01 45 82 20 52 \u2013 <a href=\"contact@iemj.org\">contact@iemj.org<\/a><br \/>\n<strong><a href=\"https:\/\/boutique.iemj.org\/fr\/billetterie\/205-concert-de-gala-du-12-novembre-2017.html\">ACQUISTATE IL VOSTRO BIGLIETTO ON LINE <\/a> <\/strong><\/p>\n<p><strong><em>Biglietti in vendita sul posto, il giorno del concerto, APERTURA DELLE CASSE&nbsp; a partire dalle 16:45 <\/em><\/strong><\/p>\n<p>Potete anche sostenere l&#8217;<a href=\"https:\/\/www.iemj.org\/it\/fare-un-dono\/\" target=\"_blank\" rel=\"noopener\">Istituto Europeo di Musiche Ebraiche effettuando un dono online<\/a>. Sar\u00e0 inviata una ricevuta Cerfa.<\/p>\n<p><a href=\"https:\/\/boutique.iemj.org\/fr\/autres\/204-dons-a-l-iemj.html\"><img decoding=\"async\" src=\"https:\/\/www.iemj.org\/wp-content\/uploads\/2017\/07\/logo_faire_un_don-2.jpg\" alt=\"logo_faire_un_don-2.jpg\" width=\"132\" height=\"62\" align=\"left\"><\/a><br \/>\n<strong>Informazioni pratiche&nbsp;<\/strong><br \/>\n<strong>SALLE CORTOT<\/strong>, Ecole Normale de Musique de Paris, 78 rue Cardinet, 75017 Paris<br \/>\nT\u00e9l : (0)1 47 63 47 48<br \/>\n<a href=\"salle.cortot@ecolenormalecortot.com\">salle.cortot@ecolenormalecortot.com<\/a><br \/>\n<a href=\"http:\/\/www.sallecortot.com\/\">http:\/\/www.sallecortot.com\/<\/a><br \/>\n<a href=\"http:\/\/www.sallecortot.com\/infos_pratiques.htm\">http:\/\/www.sallecortot.com\/infos_pratiques.html<\/a><br \/>\n<strong>Accesso :<\/strong><br \/>\nMetropolitana : linea 3, stazione Malesherbes | linea 2, stazione Monceau<br \/>\nAutobus : linee 31, 94 | Vetture : parking Villiers, 14 avenue de Villiers | Taxi : stazione al 155 bd Malesherbes<br \/>\nV\u00e9lib\u2019 : 64 rue de Tocqueville oppure 20 rue de Phalsbourg | Autolib\u2019 : 46 Avenue de Villiers | 22bis rue Legendre<\/p>\n<h2><a href=\"https:\/\/www.iemj.org\/it\/videos-du-concert-de-gala-de-linstitut-europeen-des-musiques-juives-edition-2017\/\" target=\"_blank\" rel=\"noopener\">Visionare degli estratti del concerto<\/a><\/h2>\n","protected":false},"excerpt":{"rendered":"","protected":false},"author":5,"featured_media":97432,"comment_status":"closed","ping_status":"open","sticky":false,"template":"","format":"standard","meta":{"_acf_changed":false,"footnotes":""},"categories":[1379,1371],"tags":[2224],"technique":[],"squelettes":[],"sujet":[],"formation":[],"genre":[],"fonds":[],"tradition":[],"type-de-contenu":[],"interprete-compositeur":[],"frise":[],"type-devenement":[],"tableaux-liens-externes":[],"class_list":["post-97431","post","type-post","status-publish","format-standard","has-post-thumbnail","hentry","category-concerti-manifestazioni-it","category-manifestazioni-it","tag-eventi-iemj-it"],"acf":[],"yoast_head":"<!-- This site is optimized with the Yoast SEO plugin v27.3 - https:\/\/yoast.com\/product\/yoast-seo-wordpress\/ -->\n<title>Grande concerto di gala dell&#039;Istituto Europeo di Musiche Ebraiche (IEMJ) - 3a edizione - Institut Europ\u00e9en des Musiques Juives<\/title>\n<meta name=\"robots\" content=\"noindex, follow\" \/>\n<meta property=\"og:locale\" content=\"it_IT\" \/>\n<meta property=\"og:type\" content=\"article\" \/>\n<meta property=\"og:title\" content=\"Grande concerto di gala dell&#039;Istituto Europeo di Musiche Ebraiche (IEMJ) - 3a edizione - Institut Europ\u00e9en des Musiques Juives\" \/>\n<meta property=\"og:url\" content=\"https:\/\/www.iemj.org\/it\/grand-concert-de-gala-de-linstitut-europeen-des-musiques-juives-3e-edition\/\" \/>\n<meta property=\"og:site_name\" content=\"Institut Europ\u00e9en des Musiques Juives\" \/>\n<meta property=\"article:publisher\" content=\"https:\/\/www.facebook.com\/MusiquesJuives\/\" \/>\n<meta property=\"article:published_time\" content=\"2017-07-06T07:50:26+00:00\" \/>\n<meta property=\"article:modified_time\" content=\"2023-05-29T15:39:09+00:00\" \/>\n<meta property=\"og:image\" content=\"https:\/\/www.iemj.org\/wp-content\/uploads\/2017\/07\/arton2396-e1620046973895.jpg\" \/>\n\t<meta property=\"og:image:width\" content=\"350\" \/>\n\t<meta property=\"og:image:height\" content=\"496\" \/>\n\t<meta property=\"og:image:type\" content=\"image\/jpeg\" \/>\n<meta name=\"author\" content=\"Jacqueline ROTEN\" \/>\n<meta name=\"twitter:card\" content=\"summary_large_image\" \/>\n<meta name=\"twitter:label1\" content=\"Scritto da\" \/>\n\t<meta name=\"twitter:data1\" content=\"Jacqueline ROTEN\" \/>\n\t<meta name=\"twitter:label2\" content=\"Tempo di lettura stimato\" \/>\n\t<meta name=\"twitter:data2\" content=\"3 minuti\" \/>\n<script type=\"application\/ld+json\" class=\"yoast-schema-graph\">{\"@context\":\"https:\\\/\\\/schema.org\",\"@graph\":[{\"@type\":\"Article\",\"@id\":\"https:\\\/\\\/www.iemj.org\\\/it\\\/grand-concert-de-gala-de-linstitut-europeen-des-musiques-juives-3e-edition\\\/#article\",\"isPartOf\":{\"@id\":\"https:\\\/\\\/www.iemj.org\\\/it\\\/grand-concert-de-gala-de-linstitut-europeen-des-musiques-juives-3e-edition\\\/\"},\"author\":{\"name\":\"Jacqueline ROTEN\",\"@id\":\"https:\\\/\\\/www.iemj.org\\\/it\\\/#\\\/schema\\\/person\\\/358e26c18aca017fcc4cc15437f7279c\"},\"headline\":\"Grande concerto di gala dell&#8217;Istituto Europeo di Musiche Ebraiche (IEMJ) &#8211; 3a edizione\",\"datePublished\":\"2017-07-06T07:50:26+00:00\",\"dateModified\":\"2023-05-29T15:39:09+00:00\",\"mainEntityOfPage\":{\"@id\":\"https:\\\/\\\/www.iemj.org\\\/it\\\/grand-concert-de-gala-de-linstitut-europeen-des-musiques-juives-3e-edition\\\/\"},\"wordCount\":404,\"publisher\":{\"@id\":\"https:\\\/\\\/www.iemj.org\\\/it\\\/#organization\"},\"image\":{\"@id\":\"https:\\\/\\\/www.iemj.org\\\/it\\\/grand-concert-de-gala-de-linstitut-europeen-des-musiques-juives-3e-edition\\\/#primaryimage\"},\"thumbnailUrl\":\"https:\\\/\\\/www.iemj.org\\\/wp-content\\\/uploads\\\/2017\\\/07\\\/arton2396-e1620046973895.jpg\",\"keywords\":[\"Eventi IEMJ\"],\"articleSection\":[\"Concerti\",\"Manifestazioni\"],\"inLanguage\":\"it-IT\"},{\"@type\":\"WebPage\",\"@id\":\"https:\\\/\\\/www.iemj.org\\\/it\\\/grand-concert-de-gala-de-linstitut-europeen-des-musiques-juives-3e-edition\\\/\",\"url\":\"https:\\\/\\\/www.iemj.org\\\/it\\\/grand-concert-de-gala-de-linstitut-europeen-des-musiques-juives-3e-edition\\\/\",\"name\":\"Grande concerto di gala dell'Istituto Europeo di Musiche Ebraiche (IEMJ) - 3a edizione - Institut Europ\u00e9en des Musiques Juives\",\"isPartOf\":{\"@id\":\"https:\\\/\\\/www.iemj.org\\\/it\\\/#website\"},\"primaryImageOfPage\":{\"@id\":\"https:\\\/\\\/www.iemj.org\\\/it\\\/grand-concert-de-gala-de-linstitut-europeen-des-musiques-juives-3e-edition\\\/#primaryimage\"},\"image\":{\"@id\":\"https:\\\/\\\/www.iemj.org\\\/it\\\/grand-concert-de-gala-de-linstitut-europeen-des-musiques-juives-3e-edition\\\/#primaryimage\"},\"thumbnailUrl\":\"https:\\\/\\\/www.iemj.org\\\/wp-content\\\/uploads\\\/2017\\\/07\\\/arton2396-e1620046973895.jpg\",\"datePublished\":\"2017-07-06T07:50:26+00:00\",\"dateModified\":\"2023-05-29T15:39:09+00:00\",\"breadcrumb\":{\"@id\":\"https:\\\/\\\/www.iemj.org\\\/it\\\/grand-concert-de-gala-de-linstitut-europeen-des-musiques-juives-3e-edition\\\/#breadcrumb\"},\"inLanguage\":\"it-IT\",\"potentialAction\":[{\"@type\":\"ReadAction\",\"target\":[\"https:\\\/\\\/www.iemj.org\\\/it\\\/grand-concert-de-gala-de-linstitut-europeen-des-musiques-juives-3e-edition\\\/\"]}]},{\"@type\":\"ImageObject\",\"inLanguage\":\"it-IT\",\"@id\":\"https:\\\/\\\/www.iemj.org\\\/it\\\/grand-concert-de-gala-de-linstitut-europeen-des-musiques-juives-3e-edition\\\/#primaryimage\",\"url\":\"https:\\\/\\\/www.iemj.org\\\/wp-content\\\/uploads\\\/2017\\\/07\\\/arton2396-e1620046973895.jpg\",\"contentUrl\":\"https:\\\/\\\/www.iemj.org\\\/wp-content\\\/uploads\\\/2017\\\/07\\\/arton2396-e1620046973895.jpg\",\"width\":350,\"height\":496},{\"@type\":\"BreadcrumbList\",\"@id\":\"https:\\\/\\\/www.iemj.org\\\/it\\\/grand-concert-de-gala-de-linstitut-europeen-des-musiques-juives-3e-edition\\\/#breadcrumb\",\"itemListElement\":[{\"@type\":\"ListItem\",\"position\":1,\"name\":\"Accueil\",\"item\":\"https:\\\/\\\/www.iemj.org\\\/it\\\/\"},{\"@type\":\"ListItem\",\"position\":2,\"name\":\"Grande concerto di gala dell&#8217;Istituto Europeo di Musiche Ebraiche (IEMJ) &#8211; 3a edizione\"}]},{\"@type\":\"WebSite\",\"@id\":\"https:\\\/\\\/www.iemj.org\\\/it\\\/#website\",\"url\":\"https:\\\/\\\/www.iemj.org\\\/it\\\/\",\"name\":\"Institut Europ\u00e9en des Musiques Juives\",\"description\":\"Des traditions musicales \u00e0 la port\u00e9e de tous\",\"publisher\":{\"@id\":\"https:\\\/\\\/www.iemj.org\\\/it\\\/#organization\"},\"potentialAction\":[{\"@type\":\"SearchAction\",\"target\":{\"@type\":\"EntryPoint\",\"urlTemplate\":\"https:\\\/\\\/www.iemj.org\\\/it\\\/?s={search_term_string}\"},\"query-input\":{\"@type\":\"PropertyValueSpecification\",\"valueRequired\":true,\"valueName\":\"search_term_string\"}}],\"inLanguage\":\"it-IT\"},{\"@type\":\"Organization\",\"@id\":\"https:\\\/\\\/www.iemj.org\\\/it\\\/#organization\",\"name\":\"Institut Europ\u00e9en des Musiques Juives\",\"url\":\"https:\\\/\\\/www.iemj.org\\\/it\\\/\",\"logo\":{\"@type\":\"ImageObject\",\"inLanguage\":\"it-IT\",\"@id\":\"https:\\\/\\\/www.iemj.org\\\/it\\\/#\\\/schema\\\/logo\\\/image\\\/\",\"url\":\"https:\\\/\\\/www.iemj.org\\\/wp-content\\\/uploads\\\/2021\\\/09\\\/Logo-IEMJ-Paypal.jpg\",\"contentUrl\":\"https:\\\/\\\/www.iemj.org\\\/wp-content\\\/uploads\\\/2021\\\/09\\\/Logo-IEMJ-Paypal.jpg\",\"width\":150,\"height\":50,\"caption\":\"Institut Europ\u00e9en des Musiques Juives\"},\"image\":{\"@id\":\"https:\\\/\\\/www.iemj.org\\\/it\\\/#\\\/schema\\\/logo\\\/image\\\/\"},\"sameAs\":[\"https:\\\/\\\/www.facebook.com\\\/MusiquesJuives\\\/\",\"https:\\\/\\\/www.instagram.com\\\/musiquesjuives\\\/\",\"https:\\\/\\\/www.youtube.com\\\/user\\\/musiquesjuives\"]},{\"@type\":\"Person\",\"@id\":\"https:\\\/\\\/www.iemj.org\\\/it\\\/#\\\/schema\\\/person\\\/358e26c18aca017fcc4cc15437f7279c\",\"name\":\"Jacqueline ROTEN\",\"image\":{\"@type\":\"ImageObject\",\"inLanguage\":\"it-IT\",\"@id\":\"https:\\\/\\\/secure.gravatar.com\\\/avatar\\\/5964256d6c6957de3a3505278957e0fb2a35119ac47ea41827a65301213c810b?s=96&d=mm&r=g\",\"url\":\"https:\\\/\\\/secure.gravatar.com\\\/avatar\\\/5964256d6c6957de3a3505278957e0fb2a35119ac47ea41827a65301213c810b?s=96&d=mm&r=g\",\"contentUrl\":\"https:\\\/\\\/secure.gravatar.com\\\/avatar\\\/5964256d6c6957de3a3505278957e0fb2a35119ac47ea41827a65301213c810b?s=96&d=mm&r=g\",\"caption\":\"Jacqueline ROTEN\"}}]}<\/script>\n<!-- \/ Yoast SEO plugin. -->","yoast_head_json":{"title":"Grande concerto di gala dell'Istituto Europeo di Musiche Ebraiche (IEMJ) - 3a edizione - Institut Europ\u00e9en des Musiques Juives","robots":{"index":"noindex","follow":"follow"},"og_locale":"it_IT","og_type":"article","og_title":"Grande concerto di gala dell'Istituto Europeo di Musiche Ebraiche (IEMJ) - 3a edizione - Institut Europ\u00e9en des Musiques Juives","og_url":"https:\/\/www.iemj.org\/it\/grand-concert-de-gala-de-linstitut-europeen-des-musiques-juives-3e-edition\/","og_site_name":"Institut Europ\u00e9en des Musiques Juives","article_publisher":"https:\/\/www.facebook.com\/MusiquesJuives\/","article_published_time":"2017-07-06T07:50:26+00:00","article_modified_time":"2023-05-29T15:39:09+00:00","og_image":[{"width":350,"height":496,"url":"https:\/\/www.iemj.org\/wp-content\/uploads\/2017\/07\/arton2396-e1620046973895.jpg","type":"image\/jpeg"}],"author":"Jacqueline ROTEN","twitter_card":"summary_large_image","twitter_misc":{"Scritto da":"Jacqueline ROTEN","Tempo di lettura stimato":"3 minuti"},"schema":{"@context":"https:\/\/schema.org","@graph":[{"@type":"Article","@id":"https:\/\/www.iemj.org\/it\/grand-concert-de-gala-de-linstitut-europeen-des-musiques-juives-3e-edition\/#article","isPartOf":{"@id":"https:\/\/www.iemj.org\/it\/grand-concert-de-gala-de-linstitut-europeen-des-musiques-juives-3e-edition\/"},"author":{"name":"Jacqueline ROTEN","@id":"https:\/\/www.iemj.org\/it\/#\/schema\/person\/358e26c18aca017fcc4cc15437f7279c"},"headline":"Grande concerto di gala dell&#8217;Istituto Europeo di Musiche Ebraiche (IEMJ) &#8211; 3a edizione","datePublished":"2017-07-06T07:50:26+00:00","dateModified":"2023-05-29T15:39:09+00:00","mainEntityOfPage":{"@id":"https:\/\/www.iemj.org\/it\/grand-concert-de-gala-de-linstitut-europeen-des-musiques-juives-3e-edition\/"},"wordCount":404,"publisher":{"@id":"https:\/\/www.iemj.org\/it\/#organization"},"image":{"@id":"https:\/\/www.iemj.org\/it\/grand-concert-de-gala-de-linstitut-europeen-des-musiques-juives-3e-edition\/#primaryimage"},"thumbnailUrl":"https:\/\/www.iemj.org\/wp-content\/uploads\/2017\/07\/arton2396-e1620046973895.jpg","keywords":["Eventi IEMJ"],"articleSection":["Concerti","Manifestazioni"],"inLanguage":"it-IT"},{"@type":"WebPage","@id":"https:\/\/www.iemj.org\/it\/grand-concert-de-gala-de-linstitut-europeen-des-musiques-juives-3e-edition\/","url":"https:\/\/www.iemj.org\/it\/grand-concert-de-gala-de-linstitut-europeen-des-musiques-juives-3e-edition\/","name":"Grande concerto di gala dell'Istituto Europeo di Musiche Ebraiche (IEMJ) - 3a edizione - Institut Europ\u00e9en des Musiques Juives","isPartOf":{"@id":"https:\/\/www.iemj.org\/it\/#website"},"primaryImageOfPage":{"@id":"https:\/\/www.iemj.org\/it\/grand-concert-de-gala-de-linstitut-europeen-des-musiques-juives-3e-edition\/#primaryimage"},"image":{"@id":"https:\/\/www.iemj.org\/it\/grand-concert-de-gala-de-linstitut-europeen-des-musiques-juives-3e-edition\/#primaryimage"},"thumbnailUrl":"https:\/\/www.iemj.org\/wp-content\/uploads\/2017\/07\/arton2396-e1620046973895.jpg","datePublished":"2017-07-06T07:50:26+00:00","dateModified":"2023-05-29T15:39:09+00:00","breadcrumb":{"@id":"https:\/\/www.iemj.org\/it\/grand-concert-de-gala-de-linstitut-europeen-des-musiques-juives-3e-edition\/#breadcrumb"},"inLanguage":"it-IT","potentialAction":[{"@type":"ReadAction","target":["https:\/\/www.iemj.org\/it\/grand-concert-de-gala-de-linstitut-europeen-des-musiques-juives-3e-edition\/"]}]},{"@type":"ImageObject","inLanguage":"it-IT","@id":"https:\/\/www.iemj.org\/it\/grand-concert-de-gala-de-linstitut-europeen-des-musiques-juives-3e-edition\/#primaryimage","url":"https:\/\/www.iemj.org\/wp-content\/uploads\/2017\/07\/arton2396-e1620046973895.jpg","contentUrl":"https:\/\/www.iemj.org\/wp-content\/uploads\/2017\/07\/arton2396-e1620046973895.jpg","width":350,"height":496},{"@type":"BreadcrumbList","@id":"https:\/\/www.iemj.org\/it\/grand-concert-de-gala-de-linstitut-europeen-des-musiques-juives-3e-edition\/#breadcrumb","itemListElement":[{"@type":"ListItem","position":1,"name":"Accueil","item":"https:\/\/www.iemj.org\/it\/"},{"@type":"ListItem","position":2,"name":"Grande concerto di gala dell&#8217;Istituto Europeo di Musiche Ebraiche (IEMJ) &#8211; 3a edizione"}]},{"@type":"WebSite","@id":"https:\/\/www.iemj.org\/it\/#website","url":"https:\/\/www.iemj.org\/it\/","name":"Institut Europ\u00e9en des Musiques Juives","description":"Des traditions musicales \u00e0 la port\u00e9e de tous","publisher":{"@id":"https:\/\/www.iemj.org\/it\/#organization"},"potentialAction":[{"@type":"SearchAction","target":{"@type":"EntryPoint","urlTemplate":"https:\/\/www.iemj.org\/it\/?s={search_term_string}"},"query-input":{"@type":"PropertyValueSpecification","valueRequired":true,"valueName":"search_term_string"}}],"inLanguage":"it-IT"},{"@type":"Organization","@id":"https:\/\/www.iemj.org\/it\/#organization","name":"Institut Europ\u00e9en des Musiques Juives","url":"https:\/\/www.iemj.org\/it\/","logo":{"@type":"ImageObject","inLanguage":"it-IT","@id":"https:\/\/www.iemj.org\/it\/#\/schema\/logo\/image\/","url":"https:\/\/www.iemj.org\/wp-content\/uploads\/2021\/09\/Logo-IEMJ-Paypal.jpg","contentUrl":"https:\/\/www.iemj.org\/wp-content\/uploads\/2021\/09\/Logo-IEMJ-Paypal.jpg","width":150,"height":50,"caption":"Institut Europ\u00e9en des Musiques Juives"},"image":{"@id":"https:\/\/www.iemj.org\/it\/#\/schema\/logo\/image\/"},"sameAs":["https:\/\/www.facebook.com\/MusiquesJuives\/","https:\/\/www.instagram.com\/musiquesjuives\/","https:\/\/www.youtube.com\/user\/musiquesjuives"]},{"@type":"Person","@id":"https:\/\/www.iemj.org\/it\/#\/schema\/person\/358e26c18aca017fcc4cc15437f7279c","name":"Jacqueline ROTEN","image":{"@type":"ImageObject","inLanguage":"it-IT","@id":"https:\/\/secure.gravatar.com\/avatar\/5964256d6c6957de3a3505278957e0fb2a35119ac47ea41827a65301213c810b?s=96&d=mm&r=g","url":"https:\/\/secure.gravatar.com\/avatar\/5964256d6c6957de3a3505278957e0fb2a35119ac47ea41827a65301213c810b?s=96&d=mm&r=g","contentUrl":"https:\/\/secure.gravatar.com\/avatar\/5964256d6c6957de3a3505278957e0fb2a35119ac47ea41827a65301213c810b?s=96&d=mm&r=g","caption":"Jacqueline ROTEN"}}]}},"_links":{"self":[{"href":"https:\/\/www.iemj.org\/it\/wp-json\/wp\/v2\/posts\/97431","targetHints":{"allow":["GET"]}}],"collection":[{"href":"https:\/\/www.iemj.org\/it\/wp-json\/wp\/v2\/posts"}],"about":[{"href":"https:\/\/www.iemj.org\/it\/wp-json\/wp\/v2\/types\/post"}],"author":[{"embeddable":true,"href":"https:\/\/www.iemj.org\/it\/wp-json\/wp\/v2\/users\/5"}],"replies":[{"embeddable":true,"href":"https:\/\/www.iemj.org\/it\/wp-json\/wp\/v2\/comments?post=97431"}],"version-history":[{"count":0,"href":"https:\/\/www.iemj.org\/it\/wp-json\/wp\/v2\/posts\/97431\/revisions"}],"wp:featuredmedia":[{"embeddable":true,"href":"https:\/\/www.iemj.org\/it\/wp-json\/wp\/v2\/media\/97432"}],"wp:attachment":[{"href":"https:\/\/www.iemj.org\/it\/wp-json\/wp\/v2\/media?parent=97431"}],"wp:term":[{"taxonomy":"category","embeddable":true,"href":"https:\/\/www.iemj.org\/it\/wp-json\/wp\/v2\/categories?post=97431"},{"taxonomy":"post_tag","embeddable":true,"href":"https:\/\/www.iemj.org\/it\/wp-json\/wp\/v2\/tags?post=97431"},{"taxonomy":"technique","embeddable":true,"href":"https:\/\/www.iemj.org\/it\/wp-json\/wp\/v2\/technique?post=97431"},{"taxonomy":"squelettes","embeddable":true,"href":"https:\/\/www.iemj.org\/it\/wp-json\/wp\/v2\/squelettes?post=97431"},{"taxonomy":"sujet","embeddable":true,"href":"https:\/\/www.iemj.org\/it\/wp-json\/wp\/v2\/sujet?post=97431"},{"taxonomy":"formation","embeddable":true,"href":"https:\/\/www.iemj.org\/it\/wp-json\/wp\/v2\/formation?post=97431"},{"taxonomy":"genre","embeddable":true,"href":"https:\/\/www.iemj.org\/it\/wp-json\/wp\/v2\/genre?post=97431"},{"taxonomy":"fonds","embeddable":true,"href":"https:\/\/www.iemj.org\/it\/wp-json\/wp\/v2\/fonds?post=97431"},{"taxonomy":"tradition","embeddable":true,"href":"https:\/\/www.iemj.org\/it\/wp-json\/wp\/v2\/tradition?post=97431"},{"taxonomy":"type-de-contenu","embeddable":true,"href":"https:\/\/www.iemj.org\/it\/wp-json\/wp\/v2\/type-de-contenu?post=97431"},{"taxonomy":"interprete-compositeur","embeddable":true,"href":"https:\/\/www.iemj.org\/it\/wp-json\/wp\/v2\/interprete-compositeur?post=97431"},{"taxonomy":"frise","embeddable":true,"href":"https:\/\/www.iemj.org\/it\/wp-json\/wp\/v2\/frise?post=97431"},{"taxonomy":"type-devenement","embeddable":true,"href":"https:\/\/www.iemj.org\/it\/wp-json\/wp\/v2\/type-devenement?post=97431"},{"taxonomy":"tableaux-liens-externes","embeddable":true,"href":"https:\/\/www.iemj.org\/it\/wp-json\/wp\/v2\/tableaux-liens-externes?post=97431"}],"curies":[{"name":"wp","href":"https:\/\/api.w.org\/{rel}","templated":true}]}}