{"id":97613,"date":"2016-07-08T14:48:41","date_gmt":"2016-07-08T12:48:41","guid":{"rendered":"https:\/\/www.iemj.org\/grand-concert-de-gala-de-linstitut-europeen-des-musiques-juives-2e-edition\/"},"modified":"2023-08-28T17:54:03","modified_gmt":"2023-08-28T15:54:03","slug":"grand-concert-de-gala-de-linstitut-europeen-des-musiques-juives-2e-edition","status":"publish","type":"post","link":"https:\/\/www.iemj.org\/it\/grand-concert-de-gala-de-linstitut-europeen-des-musiques-juives-2e-edition\/","title":{"rendered":"GRANDE CONCERTO DI GALA DELL\u2019ISTITUTO EUROPEO DI MUSICHE EBRAICHE \u2013 2A EDIZIONE"},"content":{"rendered":"<h2 style=\"text-align: center;\">DOMENICA 6 NOVEMBRE 2016, ore 18,<\/h2>\n<h2 style=\"text-align: center;\">Salle Cortot &#8211; 78 rue Cardinet, 75017 Paris<\/h2>\n<h3 style=\"text-align: center;\"><strong>L\u2019Istituto Europeo di Musiche Ebraiche \u00e8 lieto di invitarvi al suo grande concerto di gala<\/strong><\/h3>\n<h3><\/h3>\n<h3 style=\"text-align: center;\">&#8220;<strong>la musica ebraica in tutte le sue forme<\/strong>&#8221; &#8211; 2a edizione<\/h3>\n<h4 style=\"text-align: center;\"><strong>PROGRAMMA<\/strong><\/h4>\n<p>LITURGIA EBRAICA DAL XVII AL XX SECOLO :<\/p>\n<p><strong>Coro della sinagoga Kehilat Gesher<\/strong><\/p>\n<p>\u2013 MELODIE SEFARDITE E POLIFONIE BULGARE :<\/p>\n<p><strong>Quatuor Balkanes &amp; David Bruley<\/strong><\/p>\n<p>\u2013 MUSICA KLEZMER E SALSA CUBANA :<\/p>\n<p><strong>Cigarillos en el Shtruddle ed i suoi 9 musicisti<\/strong><\/p>\n<p style=\"text-align: left;\">Questo concerto sar\u00e0 seguito da un cocktail con gli artisti (riservato esclusivamente ai\u00a0<strong>posti oro e argento).<\/strong><\/p>\n<p style=\"text-align: left;\"><strong>Prenotazione fortemente consigliata<\/strong>\u00a0allo 01 45 82 20 52.<\/p>\n<p style=\"text-align: left;\"><span style=\"font-size: revert; background-color: var(--bs-body-bg); color: var(--bs-body-color); font-family: var(--bs-body-font-family); font-weight: var(--bs-body-font-weight);\"><strong>Contatto: Jacqueline Roten: 01 45 82 20 52\u00a0\u00a0<\/strong> \u2013 <\/span><a style=\"font-size: revert; background-color: var(--bs-body-bg); font-family: var(--bs-body-font-family); font-weight: var(--bs-body-font-weight);\" href=\"https:\/\/www.iemj.org\/grand-concert-de-gala-de-linstitut-europeen-des-musiques-juives-2e-edition\/contact@iemj.org\">contact@iemj.org<\/a><\/p>\n<p style=\"text-align: left;\"><strong>BIGLIETTI IN VENDITA SUL POSTO<\/strong>, il giorno del concerto,\u00a0<strong>APERTURE DELLE CASSE dalle ore 17:00<\/strong><\/p>\n<p style=\"text-align: left;\"><a href=\"https:\/\/www.iemj.org\/wp-content\/uploads\/2016\/11\/programme_concert_gala_iemj_2016.pdf\">Consultare il programma del concerto di Gala dell\u2019IEMJ 2016<\/a><\/p>\n<p style=\"text-align: left;\">Potete anche sostenere l\u2019<a href=\"https:\/\/www.iemj.org\/it\/faire-un-don\/\">Istituto Europeo di Musiche Ebraiche<\/a>\u00a0effettuando un dono online. Verr\u00e0 inviata una ricevuta Cerfa. Per tutti doni superiori a \u20ac 200, verr\u00e0 offerto un posto Premium.<\/p>\n<p><a href=\"https:\/\/www.iemj.org\/it\/fare-un-dono\/\" target=\"_blank\" rel=\"noopener\"><img decoding=\"async\" class=\"alignleft\" src=\"https:\/\/www.paypalobjects.com\/fr_FR\/FR\/i\/btn\/btn_donateCC_LG.gif\" alt=\"\" width=\"196\" height=\"47\" \/><\/a><\/p>\n<p style=\"text-align: left;\"><strong>Informazioni pratiche :<\/strong><\/p>\n<p style=\"text-align: left;\"><strong>SALLE CORTOT<\/strong>, Ecole Normale de Musique de Paris, 78 rue Cardinet, 75017 Paris<br \/>\nT\u00e9l : (0)1 47 63 47 48<br \/>\n<a href=\"https:\/\/www.iemj.org\/grand-concert-de-gala-de-linstitut-europeen-des-musiques-juives-2e-edition\/salle.cortot@ecolenormalecortot.com\">salle.cortot@ecolenormalecortot.com<\/a><br \/>\n<a href=\"http:\/\/www.sallecortot.com\/\">http:\/\/www.sallecortot.com\/<\/a><br \/>\n<a href=\"http:\/\/www.sallecortot.com\/infos_pratiques.htm\">http:\/\/www.sallecortot.com\/infos_pratiques.htm<\/a><\/p>\n<p style=\"text-align: left;\"><strong>Accesso :<\/strong><br \/>\nMetropolitana : linea 3, stazione Malesherbes | linea 2, stazione Monceau<br \/>\nAutobus : linee 31, 94 | Vetture : parking Villiers, 14 avenue de Villiers | Taxi : stazione al 155 bd Malesherbes<br \/>\nV\u00e9lib\u2019 : 64 rue de Tocqueville oppure 20 rue de Phalsbourg | Autolib\u2019 : 46 Avenue de Villiers | 22bis rue Legendre<\/p>\n<p style=\"text-align: left;\"><a href=\"https:\/\/www.iemj.org\/wp-content\/uploads\/2016\/10\/20160927_iemj_flyer_a5_pixart-ok-compressee-2.pdf\">Flyer concert gala IEMJ 2016<\/a><\/p>\n<p style=\"text-align: left;\"><a href=\"https:\/\/www.iemj.org\/videos-du-concert-de-gala-de-linstitut-europeen-des-musiques-juives-edition-2016\/\"><strong>Visionare degli estratti del concerto<\/strong><\/a><\/p>\n","protected":false},"excerpt":{"rendered":"<p>DOMENICA 6 NOVEMBRE 2016, ore 18, Salle Cortot &#8211; 78 rue Cardinet, 75017 Paris L\u2019Istituto Europeo di Musiche Ebraiche \u00e8 lieto di invitarvi al suo grande concerto di gala &#8220;la<\/p>\n","protected":false},"author":5,"featured_media":97614,"comment_status":"closed","ping_status":"open","sticky":false,"template":"","format":"standard","meta":{"_acf_changed":false,"footnotes":""},"categories":[1379,1371],"tags":[2224],"technique":[],"squelettes":[],"sujet":[],"formation":[],"genre":[],"fonds":[],"tradition":[],"type-de-contenu":[],"interprete-compositeur":[],"frise":[],"type-devenement":[],"tableaux-liens-externes":[],"class_list":["post-97613","post","type-post","status-publish","format-standard","has-post-thumbnail","hentry","category-concerti-manifestazioni-it","category-manifestazioni-it","tag-eventi-iemj-it"],"acf":[],"yoast_head":"<!-- This site is optimized with the Yoast SEO plugin v27.3 - https:\/\/yoast.com\/product\/yoast-seo-wordpress\/ -->\n<title>GRANDE CONCERTO DI GALA DELL\u2019ISTITUTO EUROPEO DI MUSICHE EBRAICHE \u2013 2A EDIZIONE - Institut Europ\u00e9en des Musiques Juives<\/title>\n<meta name=\"robots\" content=\"noindex, follow\" \/>\n<meta property=\"og:locale\" content=\"it_IT\" \/>\n<meta property=\"og:type\" content=\"article\" \/>\n<meta property=\"og:title\" content=\"GRANDE CONCERTO DI GALA DELL\u2019ISTITUTO EUROPEO DI MUSICHE EBRAICHE \u2013 2A EDIZIONE - Institut Europ\u00e9en des Musiques Juives\" \/>\n<meta property=\"og:description\" content=\"DOMENICA 6 NOVEMBRE 2016, ore 18, Salle Cortot &#8211; 78 rue Cardinet, 75017 Paris L\u2019Istituto Europeo di Musiche Ebraiche \u00e8 lieto di invitarvi al suo grande concerto di gala &#8220;la\" \/>\n<meta property=\"og:url\" content=\"https:\/\/www.iemj.org\/it\/grand-concert-de-gala-de-linstitut-europeen-des-musiques-juives-2e-edition\/\" \/>\n<meta property=\"og:site_name\" content=\"Institut Europ\u00e9en des Musiques Juives\" \/>\n<meta property=\"article:publisher\" content=\"https:\/\/www.facebook.com\/MusiquesJuives\/\" \/>\n<meta property=\"article:published_time\" content=\"2016-07-08T12:48:41+00:00\" \/>\n<meta property=\"article:modified_time\" content=\"2023-08-28T15:54:03+00:00\" \/>\n<meta property=\"og:image\" content=\"https:\/\/www.iemj.org\/wp-content\/uploads\/2016\/07\/arton1807.jpg\" \/>\n\t<meta property=\"og:image:width\" content=\"317\" \/>\n\t<meta property=\"og:image:height\" content=\"448\" \/>\n\t<meta property=\"og:image:type\" content=\"image\/jpeg\" \/>\n<meta name=\"author\" content=\"Jacqueline ROTEN\" \/>\n<meta name=\"twitter:card\" content=\"summary_large_image\" \/>\n<meta name=\"twitter:label1\" content=\"Scritto da\" \/>\n\t<meta name=\"twitter:data1\" content=\"Jacqueline ROTEN\" \/>\n\t<meta name=\"twitter:label2\" content=\"Tempo di lettura stimato\" \/>\n\t<meta name=\"twitter:data2\" content=\"2 minuti\" \/>\n<script type=\"application\/ld+json\" class=\"yoast-schema-graph\">{\"@context\":\"https:\\\/\\\/schema.org\",\"@graph\":[{\"@type\":\"Article\",\"@id\":\"https:\\\/\\\/www.iemj.org\\\/it\\\/grand-concert-de-gala-de-linstitut-europeen-des-musiques-juives-2e-edition\\\/#article\",\"isPartOf\":{\"@id\":\"https:\\\/\\\/www.iemj.org\\\/it\\\/grand-concert-de-gala-de-linstitut-europeen-des-musiques-juives-2e-edition\\\/\"},\"author\":{\"name\":\"Jacqueline ROTEN\",\"@id\":\"https:\\\/\\\/www.iemj.org\\\/it\\\/#\\\/schema\\\/person\\\/358e26c18aca017fcc4cc15437f7279c\"},\"headline\":\"GRANDE CONCERTO DI GALA DELL\u2019ISTITUTO EUROPEO DI MUSICHE EBRAICHE \u2013 2A EDIZIONE\",\"datePublished\":\"2016-07-08T12:48:41+00:00\",\"dateModified\":\"2023-08-28T15:54:03+00:00\",\"mainEntityOfPage\":{\"@id\":\"https:\\\/\\\/www.iemj.org\\\/it\\\/grand-concert-de-gala-de-linstitut-europeen-des-musiques-juives-2e-edition\\\/\"},\"wordCount\":237,\"publisher\":{\"@id\":\"https:\\\/\\\/www.iemj.org\\\/it\\\/#organization\"},\"image\":{\"@id\":\"https:\\\/\\\/www.iemj.org\\\/it\\\/grand-concert-de-gala-de-linstitut-europeen-des-musiques-juives-2e-edition\\\/#primaryimage\"},\"thumbnailUrl\":\"https:\\\/\\\/www.iemj.org\\\/wp-content\\\/uploads\\\/2016\\\/07\\\/arton1807.jpg\",\"keywords\":[\"Eventi IEMJ\"],\"articleSection\":[\"Concerti\",\"Manifestazioni\"],\"inLanguage\":\"it-IT\"},{\"@type\":\"WebPage\",\"@id\":\"https:\\\/\\\/www.iemj.org\\\/it\\\/grand-concert-de-gala-de-linstitut-europeen-des-musiques-juives-2e-edition\\\/\",\"url\":\"https:\\\/\\\/www.iemj.org\\\/it\\\/grand-concert-de-gala-de-linstitut-europeen-des-musiques-juives-2e-edition\\\/\",\"name\":\"GRANDE CONCERTO DI GALA DELL\u2019ISTITUTO EUROPEO DI MUSICHE EBRAICHE \u2013 2A EDIZIONE - Institut Europ\u00e9en des Musiques Juives\",\"isPartOf\":{\"@id\":\"https:\\\/\\\/www.iemj.org\\\/it\\\/#website\"},\"primaryImageOfPage\":{\"@id\":\"https:\\\/\\\/www.iemj.org\\\/it\\\/grand-concert-de-gala-de-linstitut-europeen-des-musiques-juives-2e-edition\\\/#primaryimage\"},\"image\":{\"@id\":\"https:\\\/\\\/www.iemj.org\\\/it\\\/grand-concert-de-gala-de-linstitut-europeen-des-musiques-juives-2e-edition\\\/#primaryimage\"},\"thumbnailUrl\":\"https:\\\/\\\/www.iemj.org\\\/wp-content\\\/uploads\\\/2016\\\/07\\\/arton1807.jpg\",\"datePublished\":\"2016-07-08T12:48:41+00:00\",\"dateModified\":\"2023-08-28T15:54:03+00:00\",\"breadcrumb\":{\"@id\":\"https:\\\/\\\/www.iemj.org\\\/it\\\/grand-concert-de-gala-de-linstitut-europeen-des-musiques-juives-2e-edition\\\/#breadcrumb\"},\"inLanguage\":\"it-IT\",\"potentialAction\":[{\"@type\":\"ReadAction\",\"target\":[\"https:\\\/\\\/www.iemj.org\\\/it\\\/grand-concert-de-gala-de-linstitut-europeen-des-musiques-juives-2e-edition\\\/\"]}]},{\"@type\":\"ImageObject\",\"inLanguage\":\"it-IT\",\"@id\":\"https:\\\/\\\/www.iemj.org\\\/it\\\/grand-concert-de-gala-de-linstitut-europeen-des-musiques-juives-2e-edition\\\/#primaryimage\",\"url\":\"https:\\\/\\\/www.iemj.org\\\/wp-content\\\/uploads\\\/2016\\\/07\\\/arton1807.jpg\",\"contentUrl\":\"https:\\\/\\\/www.iemj.org\\\/wp-content\\\/uploads\\\/2016\\\/07\\\/arton1807.jpg\",\"width\":317,\"height\":448},{\"@type\":\"BreadcrumbList\",\"@id\":\"https:\\\/\\\/www.iemj.org\\\/it\\\/grand-concert-de-gala-de-linstitut-europeen-des-musiques-juives-2e-edition\\\/#breadcrumb\",\"itemListElement\":[{\"@type\":\"ListItem\",\"position\":1,\"name\":\"Accueil\",\"item\":\"https:\\\/\\\/www.iemj.org\\\/it\\\/\"},{\"@type\":\"ListItem\",\"position\":2,\"name\":\"GRANDE CONCERTO DI GALA DELL\u2019ISTITUTO EUROPEO DI MUSICHE EBRAICHE \u2013 2A EDIZIONE\"}]},{\"@type\":\"WebSite\",\"@id\":\"https:\\\/\\\/www.iemj.org\\\/it\\\/#website\",\"url\":\"https:\\\/\\\/www.iemj.org\\\/it\\\/\",\"name\":\"Institut Europ\u00e9en des Musiques Juives\",\"description\":\"Des traditions musicales \u00e0 la port\u00e9e de tous\",\"publisher\":{\"@id\":\"https:\\\/\\\/www.iemj.org\\\/it\\\/#organization\"},\"potentialAction\":[{\"@type\":\"SearchAction\",\"target\":{\"@type\":\"EntryPoint\",\"urlTemplate\":\"https:\\\/\\\/www.iemj.org\\\/it\\\/?s={search_term_string}\"},\"query-input\":{\"@type\":\"PropertyValueSpecification\",\"valueRequired\":true,\"valueName\":\"search_term_string\"}}],\"inLanguage\":\"it-IT\"},{\"@type\":\"Organization\",\"@id\":\"https:\\\/\\\/www.iemj.org\\\/it\\\/#organization\",\"name\":\"Institut Europ\u00e9en des Musiques Juives\",\"url\":\"https:\\\/\\\/www.iemj.org\\\/it\\\/\",\"logo\":{\"@type\":\"ImageObject\",\"inLanguage\":\"it-IT\",\"@id\":\"https:\\\/\\\/www.iemj.org\\\/it\\\/#\\\/schema\\\/logo\\\/image\\\/\",\"url\":\"https:\\\/\\\/www.iemj.org\\\/wp-content\\\/uploads\\\/2021\\\/09\\\/Logo-IEMJ-Paypal.jpg\",\"contentUrl\":\"https:\\\/\\\/www.iemj.org\\\/wp-content\\\/uploads\\\/2021\\\/09\\\/Logo-IEMJ-Paypal.jpg\",\"width\":150,\"height\":50,\"caption\":\"Institut Europ\u00e9en des Musiques Juives\"},\"image\":{\"@id\":\"https:\\\/\\\/www.iemj.org\\\/it\\\/#\\\/schema\\\/logo\\\/image\\\/\"},\"sameAs\":[\"https:\\\/\\\/www.facebook.com\\\/MusiquesJuives\\\/\",\"https:\\\/\\\/www.instagram.com\\\/musiquesjuives\\\/\",\"https:\\\/\\\/www.youtube.com\\\/user\\\/musiquesjuives\"]},{\"@type\":\"Person\",\"@id\":\"https:\\\/\\\/www.iemj.org\\\/it\\\/#\\\/schema\\\/person\\\/358e26c18aca017fcc4cc15437f7279c\",\"name\":\"Jacqueline ROTEN\",\"image\":{\"@type\":\"ImageObject\",\"inLanguage\":\"it-IT\",\"@id\":\"https:\\\/\\\/secure.gravatar.com\\\/avatar\\\/5964256d6c6957de3a3505278957e0fb2a35119ac47ea41827a65301213c810b?s=96&d=mm&r=g\",\"url\":\"https:\\\/\\\/secure.gravatar.com\\\/avatar\\\/5964256d6c6957de3a3505278957e0fb2a35119ac47ea41827a65301213c810b?s=96&d=mm&r=g\",\"contentUrl\":\"https:\\\/\\\/secure.gravatar.com\\\/avatar\\\/5964256d6c6957de3a3505278957e0fb2a35119ac47ea41827a65301213c810b?s=96&d=mm&r=g\",\"caption\":\"Jacqueline ROTEN\"}}]}<\/script>\n<!-- \/ Yoast SEO plugin. -->","yoast_head_json":{"title":"GRANDE CONCERTO DI GALA DELL\u2019ISTITUTO EUROPEO DI MUSICHE EBRAICHE \u2013 2A EDIZIONE - Institut Europ\u00e9en des Musiques Juives","robots":{"index":"noindex","follow":"follow"},"og_locale":"it_IT","og_type":"article","og_title":"GRANDE CONCERTO DI GALA DELL\u2019ISTITUTO EUROPEO DI MUSICHE EBRAICHE \u2013 2A EDIZIONE - Institut Europ\u00e9en des Musiques Juives","og_description":"DOMENICA 6 NOVEMBRE 2016, ore 18, Salle Cortot &#8211; 78 rue Cardinet, 75017 Paris L\u2019Istituto Europeo di Musiche Ebraiche \u00e8 lieto di invitarvi al suo grande concerto di gala &#8220;la","og_url":"https:\/\/www.iemj.org\/it\/grand-concert-de-gala-de-linstitut-europeen-des-musiques-juives-2e-edition\/","og_site_name":"Institut Europ\u00e9en des Musiques Juives","article_publisher":"https:\/\/www.facebook.com\/MusiquesJuives\/","article_published_time":"2016-07-08T12:48:41+00:00","article_modified_time":"2023-08-28T15:54:03+00:00","og_image":[{"width":317,"height":448,"url":"https:\/\/www.iemj.org\/wp-content\/uploads\/2016\/07\/arton1807.jpg","type":"image\/jpeg"}],"author":"Jacqueline ROTEN","twitter_card":"summary_large_image","twitter_misc":{"Scritto da":"Jacqueline ROTEN","Tempo di lettura stimato":"2 minuti"},"schema":{"@context":"https:\/\/schema.org","@graph":[{"@type":"Article","@id":"https:\/\/www.iemj.org\/it\/grand-concert-de-gala-de-linstitut-europeen-des-musiques-juives-2e-edition\/#article","isPartOf":{"@id":"https:\/\/www.iemj.org\/it\/grand-concert-de-gala-de-linstitut-europeen-des-musiques-juives-2e-edition\/"},"author":{"name":"Jacqueline ROTEN","@id":"https:\/\/www.iemj.org\/it\/#\/schema\/person\/358e26c18aca017fcc4cc15437f7279c"},"headline":"GRANDE CONCERTO DI GALA DELL\u2019ISTITUTO EUROPEO DI MUSICHE EBRAICHE \u2013 2A EDIZIONE","datePublished":"2016-07-08T12:48:41+00:00","dateModified":"2023-08-28T15:54:03+00:00","mainEntityOfPage":{"@id":"https:\/\/www.iemj.org\/it\/grand-concert-de-gala-de-linstitut-europeen-des-musiques-juives-2e-edition\/"},"wordCount":237,"publisher":{"@id":"https:\/\/www.iemj.org\/it\/#organization"},"image":{"@id":"https:\/\/www.iemj.org\/it\/grand-concert-de-gala-de-linstitut-europeen-des-musiques-juives-2e-edition\/#primaryimage"},"thumbnailUrl":"https:\/\/www.iemj.org\/wp-content\/uploads\/2016\/07\/arton1807.jpg","keywords":["Eventi IEMJ"],"articleSection":["Concerti","Manifestazioni"],"inLanguage":"it-IT"},{"@type":"WebPage","@id":"https:\/\/www.iemj.org\/it\/grand-concert-de-gala-de-linstitut-europeen-des-musiques-juives-2e-edition\/","url":"https:\/\/www.iemj.org\/it\/grand-concert-de-gala-de-linstitut-europeen-des-musiques-juives-2e-edition\/","name":"GRANDE CONCERTO DI GALA DELL\u2019ISTITUTO EUROPEO DI MUSICHE EBRAICHE \u2013 2A EDIZIONE - Institut Europ\u00e9en des Musiques Juives","isPartOf":{"@id":"https:\/\/www.iemj.org\/it\/#website"},"primaryImageOfPage":{"@id":"https:\/\/www.iemj.org\/it\/grand-concert-de-gala-de-linstitut-europeen-des-musiques-juives-2e-edition\/#primaryimage"},"image":{"@id":"https:\/\/www.iemj.org\/it\/grand-concert-de-gala-de-linstitut-europeen-des-musiques-juives-2e-edition\/#primaryimage"},"thumbnailUrl":"https:\/\/www.iemj.org\/wp-content\/uploads\/2016\/07\/arton1807.jpg","datePublished":"2016-07-08T12:48:41+00:00","dateModified":"2023-08-28T15:54:03+00:00","breadcrumb":{"@id":"https:\/\/www.iemj.org\/it\/grand-concert-de-gala-de-linstitut-europeen-des-musiques-juives-2e-edition\/#breadcrumb"},"inLanguage":"it-IT","potentialAction":[{"@type":"ReadAction","target":["https:\/\/www.iemj.org\/it\/grand-concert-de-gala-de-linstitut-europeen-des-musiques-juives-2e-edition\/"]}]},{"@type":"ImageObject","inLanguage":"it-IT","@id":"https:\/\/www.iemj.org\/it\/grand-concert-de-gala-de-linstitut-europeen-des-musiques-juives-2e-edition\/#primaryimage","url":"https:\/\/www.iemj.org\/wp-content\/uploads\/2016\/07\/arton1807.jpg","contentUrl":"https:\/\/www.iemj.org\/wp-content\/uploads\/2016\/07\/arton1807.jpg","width":317,"height":448},{"@type":"BreadcrumbList","@id":"https:\/\/www.iemj.org\/it\/grand-concert-de-gala-de-linstitut-europeen-des-musiques-juives-2e-edition\/#breadcrumb","itemListElement":[{"@type":"ListItem","position":1,"name":"Accueil","item":"https:\/\/www.iemj.org\/it\/"},{"@type":"ListItem","position":2,"name":"GRANDE CONCERTO DI GALA DELL\u2019ISTITUTO EUROPEO DI MUSICHE EBRAICHE \u2013 2A EDIZIONE"}]},{"@type":"WebSite","@id":"https:\/\/www.iemj.org\/it\/#website","url":"https:\/\/www.iemj.org\/it\/","name":"Institut Europ\u00e9en des Musiques Juives","description":"Des traditions musicales \u00e0 la port\u00e9e de tous","publisher":{"@id":"https:\/\/www.iemj.org\/it\/#organization"},"potentialAction":[{"@type":"SearchAction","target":{"@type":"EntryPoint","urlTemplate":"https:\/\/www.iemj.org\/it\/?s={search_term_string}"},"query-input":{"@type":"PropertyValueSpecification","valueRequired":true,"valueName":"search_term_string"}}],"inLanguage":"it-IT"},{"@type":"Organization","@id":"https:\/\/www.iemj.org\/it\/#organization","name":"Institut Europ\u00e9en des Musiques Juives","url":"https:\/\/www.iemj.org\/it\/","logo":{"@type":"ImageObject","inLanguage":"it-IT","@id":"https:\/\/www.iemj.org\/it\/#\/schema\/logo\/image\/","url":"https:\/\/www.iemj.org\/wp-content\/uploads\/2021\/09\/Logo-IEMJ-Paypal.jpg","contentUrl":"https:\/\/www.iemj.org\/wp-content\/uploads\/2021\/09\/Logo-IEMJ-Paypal.jpg","width":150,"height":50,"caption":"Institut Europ\u00e9en des Musiques Juives"},"image":{"@id":"https:\/\/www.iemj.org\/it\/#\/schema\/logo\/image\/"},"sameAs":["https:\/\/www.facebook.com\/MusiquesJuives\/","https:\/\/www.instagram.com\/musiquesjuives\/","https:\/\/www.youtube.com\/user\/musiquesjuives"]},{"@type":"Person","@id":"https:\/\/www.iemj.org\/it\/#\/schema\/person\/358e26c18aca017fcc4cc15437f7279c","name":"Jacqueline ROTEN","image":{"@type":"ImageObject","inLanguage":"it-IT","@id":"https:\/\/secure.gravatar.com\/avatar\/5964256d6c6957de3a3505278957e0fb2a35119ac47ea41827a65301213c810b?s=96&d=mm&r=g","url":"https:\/\/secure.gravatar.com\/avatar\/5964256d6c6957de3a3505278957e0fb2a35119ac47ea41827a65301213c810b?s=96&d=mm&r=g","contentUrl":"https:\/\/secure.gravatar.com\/avatar\/5964256d6c6957de3a3505278957e0fb2a35119ac47ea41827a65301213c810b?s=96&d=mm&r=g","caption":"Jacqueline ROTEN"}}]}},"_links":{"self":[{"href":"https:\/\/www.iemj.org\/it\/wp-json\/wp\/v2\/posts\/97613","targetHints":{"allow":["GET"]}}],"collection":[{"href":"https:\/\/www.iemj.org\/it\/wp-json\/wp\/v2\/posts"}],"about":[{"href":"https:\/\/www.iemj.org\/it\/wp-json\/wp\/v2\/types\/post"}],"author":[{"embeddable":true,"href":"https:\/\/www.iemj.org\/it\/wp-json\/wp\/v2\/users\/5"}],"replies":[{"embeddable":true,"href":"https:\/\/www.iemj.org\/it\/wp-json\/wp\/v2\/comments?post=97613"}],"version-history":[{"count":0,"href":"https:\/\/www.iemj.org\/it\/wp-json\/wp\/v2\/posts\/97613\/revisions"}],"wp:featuredmedia":[{"embeddable":true,"href":"https:\/\/www.iemj.org\/it\/wp-json\/wp\/v2\/media\/97614"}],"wp:attachment":[{"href":"https:\/\/www.iemj.org\/it\/wp-json\/wp\/v2\/media?parent=97613"}],"wp:term":[{"taxonomy":"category","embeddable":true,"href":"https:\/\/www.iemj.org\/it\/wp-json\/wp\/v2\/categories?post=97613"},{"taxonomy":"post_tag","embeddable":true,"href":"https:\/\/www.iemj.org\/it\/wp-json\/wp\/v2\/tags?post=97613"},{"taxonomy":"technique","embeddable":true,"href":"https:\/\/www.iemj.org\/it\/wp-json\/wp\/v2\/technique?post=97613"},{"taxonomy":"squelettes","embeddable":true,"href":"https:\/\/www.iemj.org\/it\/wp-json\/wp\/v2\/squelettes?post=97613"},{"taxonomy":"sujet","embeddable":true,"href":"https:\/\/www.iemj.org\/it\/wp-json\/wp\/v2\/sujet?post=97613"},{"taxonomy":"formation","embeddable":true,"href":"https:\/\/www.iemj.org\/it\/wp-json\/wp\/v2\/formation?post=97613"},{"taxonomy":"genre","embeddable":true,"href":"https:\/\/www.iemj.org\/it\/wp-json\/wp\/v2\/genre?post=97613"},{"taxonomy":"fonds","embeddable":true,"href":"https:\/\/www.iemj.org\/it\/wp-json\/wp\/v2\/fonds?post=97613"},{"taxonomy":"tradition","embeddable":true,"href":"https:\/\/www.iemj.org\/it\/wp-json\/wp\/v2\/tradition?post=97613"},{"taxonomy":"type-de-contenu","embeddable":true,"href":"https:\/\/www.iemj.org\/it\/wp-json\/wp\/v2\/type-de-contenu?post=97613"},{"taxonomy":"interprete-compositeur","embeddable":true,"href":"https:\/\/www.iemj.org\/it\/wp-json\/wp\/v2\/interprete-compositeur?post=97613"},{"taxonomy":"frise","embeddable":true,"href":"https:\/\/www.iemj.org\/it\/wp-json\/wp\/v2\/frise?post=97613"},{"taxonomy":"type-devenement","embeddable":true,"href":"https:\/\/www.iemj.org\/it\/wp-json\/wp\/v2\/type-devenement?post=97613"},{"taxonomy":"tableaux-liens-externes","embeddable":true,"href":"https:\/\/www.iemj.org\/it\/wp-json\/wp\/v2\/tableaux-liens-externes?post=97613"}],"curies":[{"name":"wp","href":"https:\/\/api.w.org\/{rel}","templated":true}]}}