{"id":97788,"date":"2019-06-25T10:03:19","date_gmt":"2019-06-25T08:03:19","guid":{"rendered":"https:\/\/www.iemj.org\/colloque-musica-judaica-musique-juive-entre-tradition-orale-et-tradition-ecrite\/"},"modified":"2023-06-05T15:21:09","modified_gmt":"2023-06-05T13:21:09","slug":"colloque-musica-judaica-musique-juive-entre-tradition-orale-et-tradition-ecrite","status":"publish","type":"post","link":"https:\/\/www.iemj.org\/it\/colloque-musica-judaica-musique-juive-entre-tradition-orale-et-tradition-ecrite\/","title":{"rendered":"Colloquio Musica Judaica: la musica ebraica tra tradizione orale e scritta"},"content":{"rendered":"<p>Musica Judaica riunisce ricercatori, specialisti, interpreti e cantanti per una conferenza dedicata al rapporto (interdipendenza, interferenza, ecc.) che le tradizioni orali e scritte ebraiche hanno avuto con le culture europee, dal Medioevo alla Shoah.<br \/>\nLe presentazioni esploreranno questioni come l'&#8221;autenticit\u00e0&#8221;, la divisione artificiale tra sacro e profano e il contributo della musica come fonte per scrivere la storia ebraica.<\/p>\n<p>Il simposio \u00e8 organizzato da Marton Ribary (Universit\u00e0 di Manchester) e Diana Matut (Halle-Wittenberg \/ Heidelberg) e comprender\u00e0 due tavole rotonde e quattro conferenze, la principale delle quali tenuta da Mark Kligman (UCLA), seguite da un concerto con Alexander Knapp (SOAS) al pianoforte, il cantore rabbino Gershon Silins e il coro Joyful Company of Singers diretto da Peter Broadbent.<\/p>\n<p><strong>Herv\u00e9 Roten, direttore dell&#8217;Istituto Europeo di Musica ebraica, interverr\u00e0 in due occasioni:<\/strong><\/p>\n<ul>\n<li>Domenica 14 luglio alle 14.30: tavola rotonda con Diana Matut (Halle-Wittenberg\/Heidelberg), Martha Stellmacher (Centro Europeo di Musica Ebraica, Hannover) e Mark Kligman (Universit\u00e0 della California, Los Angeles) su: &#8220;<strong>Il futuro delle collezioni di musica ebraica<\/strong>&#8220;.<\/li>\n<li>Luned\u00ec 15 luglio alle ore 10.30: conferenza &#8220;L&#8217;influenza della musica scritta occidentale sulle tradizioni sefardite-portoghesi francesi nel XIX secolo&#8221; (&#8220;<strong>L&#8217;influence de la musique occidentale \u00e9crite sur les traditions jud\u00e9o-portugaises de France au 19\u00e8me si\u00e8cle<\/strong>&#8220;).<\/li>\n<\/ul>\n<p><a href=\"https:\/\/www.iemj.org\/wp-content\/uploads\/2019\/06\/Musica-Judaica-Brochure-v7.pdf\">Programma Musica Judaica Colloquium Oxford 07-2019<\/a><\/p>\n<p><strong>Prenotazioni:<\/strong><br \/>\nTel: +44 (0)1865 610422<br \/>\nenquiries@ochjs.ac.uk<\/p>\n","protected":false},"excerpt":{"rendered":"<p>Musica Judaica riunisce ricercatori, specialisti, interpreti e cantanti per una conferenza dedicata al rapporto (interdipendenza, interferenza, ecc.) che le tradizioni orali e scritte ebraiche hanno avuto con le culture europee,<\/p>\n","protected":false},"author":5,"featured_media":97789,"comment_status":"open","ping_status":"open","sticky":false,"template":"","format":"standard","meta":{"_acf_changed":false,"footnotes":""},"categories":[1375,1371],"tags":[3421],"technique":[],"squelettes":[],"sujet":[],"formation":[],"genre":[],"fonds":[],"tradition":[],"type-de-contenu":[],"interprete-compositeur":[],"frise":[],"type-devenement":[],"tableaux-liens-externes":[],"class_list":["post-97788","post","type-post","status-publish","format-standard","has-post-thumbnail","hentry","category-colloquio-it","category-manifestazioni-it","tag-eventi-partner-it"],"acf":[],"yoast_head":"<!-- This site is optimized with the Yoast SEO plugin v27.3 - https:\/\/yoast.com\/product\/yoast-seo-wordpress\/ -->\n<title>Colloquio Musica Judaica: la musica ebraica tra tradizione orale e scritta - Institut Europ\u00e9en des Musiques Juives<\/title>\n<meta name=\"robots\" content=\"noindex, follow\" \/>\n<meta property=\"og:locale\" content=\"it_IT\" \/>\n<meta property=\"og:type\" content=\"article\" \/>\n<meta property=\"og:title\" content=\"Colloquio Musica Judaica: la musica ebraica tra tradizione orale e scritta - Institut Europ\u00e9en des Musiques Juives\" \/>\n<meta property=\"og:description\" content=\"Musica Judaica riunisce ricercatori, specialisti, interpreti e cantanti per una conferenza dedicata al rapporto (interdipendenza, interferenza, ecc.) che le tradizioni orali e scritte ebraiche hanno avuto con le culture europee,\" \/>\n<meta property=\"og:url\" content=\"https:\/\/www.iemj.org\/it\/colloque-musica-judaica-musique-juive-entre-tradition-orale-et-tradition-ecrite\/\" \/>\n<meta property=\"og:site_name\" content=\"Institut Europ\u00e9en des Musiques Juives\" \/>\n<meta property=\"article:publisher\" content=\"https:\/\/www.facebook.com\/MusiquesJuives\/\" \/>\n<meta property=\"article:published_time\" content=\"2019-06-25T08:03:19+00:00\" \/>\n<meta property=\"article:modified_time\" content=\"2023-06-05T13:21:09+00:00\" \/>\n<meta property=\"og:image\" content=\"https:\/\/www.iemj.org\/wp-content\/uploads\/2019\/06\/arton4230.jpg\" \/>\n\t<meta property=\"og:image:width\" content=\"301\" \/>\n\t<meta property=\"og:image:height\" content=\"448\" \/>\n\t<meta property=\"og:image:type\" content=\"image\/jpeg\" \/>\n<meta name=\"author\" content=\"Jacqueline ROTEN\" \/>\n<meta name=\"twitter:card\" content=\"summary_large_image\" \/>\n<meta name=\"twitter:label1\" content=\"Scritto da\" \/>\n\t<meta name=\"twitter:data1\" content=\"Jacqueline ROTEN\" \/>\n\t<meta name=\"twitter:label2\" content=\"Tempo di lettura stimato\" \/>\n\t<meta name=\"twitter:data2\" content=\"2 minuti\" \/>\n<script type=\"application\/ld+json\" class=\"yoast-schema-graph\">{\"@context\":\"https:\\\/\\\/schema.org\",\"@graph\":[{\"@type\":\"Article\",\"@id\":\"https:\\\/\\\/www.iemj.org\\\/it\\\/colloque-musica-judaica-musique-juive-entre-tradition-orale-et-tradition-ecrite\\\/#article\",\"isPartOf\":{\"@id\":\"https:\\\/\\\/www.iemj.org\\\/it\\\/colloque-musica-judaica-musique-juive-entre-tradition-orale-et-tradition-ecrite\\\/\"},\"author\":{\"name\":\"Jacqueline ROTEN\",\"@id\":\"https:\\\/\\\/www.iemj.org\\\/it\\\/#\\\/schema\\\/person\\\/358e26c18aca017fcc4cc15437f7279c\"},\"headline\":\"Colloquio Musica Judaica: la musica ebraica tra tradizione orale e scritta\",\"datePublished\":\"2019-06-25T08:03:19+00:00\",\"dateModified\":\"2023-06-05T13:21:09+00:00\",\"mainEntityOfPage\":{\"@id\":\"https:\\\/\\\/www.iemj.org\\\/it\\\/colloque-musica-judaica-musique-juive-entre-tradition-orale-et-tradition-ecrite\\\/\"},\"wordCount\":223,\"commentCount\":0,\"publisher\":{\"@id\":\"https:\\\/\\\/www.iemj.org\\\/it\\\/#organization\"},\"image\":{\"@id\":\"https:\\\/\\\/www.iemj.org\\\/it\\\/colloque-musica-judaica-musique-juive-entre-tradition-orale-et-tradition-ecrite\\\/#primaryimage\"},\"thumbnailUrl\":\"https:\\\/\\\/www.iemj.org\\\/wp-content\\\/uploads\\\/2019\\\/06\\\/arton4230.jpg\",\"keywords\":[\"Eventi partner\"],\"articleSection\":[\"Colloquio\",\"Manifestazioni\"],\"inLanguage\":\"it-IT\",\"potentialAction\":[{\"@type\":\"CommentAction\",\"name\":\"Comment\",\"target\":[\"https:\\\/\\\/www.iemj.org\\\/it\\\/colloque-musica-judaica-musique-juive-entre-tradition-orale-et-tradition-ecrite\\\/#respond\"]}]},{\"@type\":\"WebPage\",\"@id\":\"https:\\\/\\\/www.iemj.org\\\/it\\\/colloque-musica-judaica-musique-juive-entre-tradition-orale-et-tradition-ecrite\\\/\",\"url\":\"https:\\\/\\\/www.iemj.org\\\/it\\\/colloque-musica-judaica-musique-juive-entre-tradition-orale-et-tradition-ecrite\\\/\",\"name\":\"Colloquio Musica Judaica: la musica ebraica tra tradizione orale e scritta - Institut Europ\u00e9en des Musiques Juives\",\"isPartOf\":{\"@id\":\"https:\\\/\\\/www.iemj.org\\\/it\\\/#website\"},\"primaryImageOfPage\":{\"@id\":\"https:\\\/\\\/www.iemj.org\\\/it\\\/colloque-musica-judaica-musique-juive-entre-tradition-orale-et-tradition-ecrite\\\/#primaryimage\"},\"image\":{\"@id\":\"https:\\\/\\\/www.iemj.org\\\/it\\\/colloque-musica-judaica-musique-juive-entre-tradition-orale-et-tradition-ecrite\\\/#primaryimage\"},\"thumbnailUrl\":\"https:\\\/\\\/www.iemj.org\\\/wp-content\\\/uploads\\\/2019\\\/06\\\/arton4230.jpg\",\"datePublished\":\"2019-06-25T08:03:19+00:00\",\"dateModified\":\"2023-06-05T13:21:09+00:00\",\"breadcrumb\":{\"@id\":\"https:\\\/\\\/www.iemj.org\\\/it\\\/colloque-musica-judaica-musique-juive-entre-tradition-orale-et-tradition-ecrite\\\/#breadcrumb\"},\"inLanguage\":\"it-IT\",\"potentialAction\":[{\"@type\":\"ReadAction\",\"target\":[\"https:\\\/\\\/www.iemj.org\\\/it\\\/colloque-musica-judaica-musique-juive-entre-tradition-orale-et-tradition-ecrite\\\/\"]}]},{\"@type\":\"ImageObject\",\"inLanguage\":\"it-IT\",\"@id\":\"https:\\\/\\\/www.iemj.org\\\/it\\\/colloque-musica-judaica-musique-juive-entre-tradition-orale-et-tradition-ecrite\\\/#primaryimage\",\"url\":\"https:\\\/\\\/www.iemj.org\\\/wp-content\\\/uploads\\\/2019\\\/06\\\/arton4230.jpg\",\"contentUrl\":\"https:\\\/\\\/www.iemj.org\\\/wp-content\\\/uploads\\\/2019\\\/06\\\/arton4230.jpg\",\"width\":301,\"height\":448},{\"@type\":\"BreadcrumbList\",\"@id\":\"https:\\\/\\\/www.iemj.org\\\/it\\\/colloque-musica-judaica-musique-juive-entre-tradition-orale-et-tradition-ecrite\\\/#breadcrumb\",\"itemListElement\":[{\"@type\":\"ListItem\",\"position\":1,\"name\":\"Accueil\",\"item\":\"https:\\\/\\\/www.iemj.org\\\/it\\\/\"},{\"@type\":\"ListItem\",\"position\":2,\"name\":\"Colloquio Musica Judaica: la musica ebraica tra tradizione orale e scritta\"}]},{\"@type\":\"WebSite\",\"@id\":\"https:\\\/\\\/www.iemj.org\\\/it\\\/#website\",\"url\":\"https:\\\/\\\/www.iemj.org\\\/it\\\/\",\"name\":\"Institut Europ\u00e9en des Musiques Juives\",\"description\":\"Des traditions musicales \u00e0 la port\u00e9e de tous\",\"publisher\":{\"@id\":\"https:\\\/\\\/www.iemj.org\\\/it\\\/#organization\"},\"potentialAction\":[{\"@type\":\"SearchAction\",\"target\":{\"@type\":\"EntryPoint\",\"urlTemplate\":\"https:\\\/\\\/www.iemj.org\\\/it\\\/?s={search_term_string}\"},\"query-input\":{\"@type\":\"PropertyValueSpecification\",\"valueRequired\":true,\"valueName\":\"search_term_string\"}}],\"inLanguage\":\"it-IT\"},{\"@type\":\"Organization\",\"@id\":\"https:\\\/\\\/www.iemj.org\\\/it\\\/#organization\",\"name\":\"Institut Europ\u00e9en des Musiques Juives\",\"url\":\"https:\\\/\\\/www.iemj.org\\\/it\\\/\",\"logo\":{\"@type\":\"ImageObject\",\"inLanguage\":\"it-IT\",\"@id\":\"https:\\\/\\\/www.iemj.org\\\/it\\\/#\\\/schema\\\/logo\\\/image\\\/\",\"url\":\"https:\\\/\\\/www.iemj.org\\\/wp-content\\\/uploads\\\/2021\\\/09\\\/Logo-IEMJ-Paypal.jpg\",\"contentUrl\":\"https:\\\/\\\/www.iemj.org\\\/wp-content\\\/uploads\\\/2021\\\/09\\\/Logo-IEMJ-Paypal.jpg\",\"width\":150,\"height\":50,\"caption\":\"Institut Europ\u00e9en des Musiques Juives\"},\"image\":{\"@id\":\"https:\\\/\\\/www.iemj.org\\\/it\\\/#\\\/schema\\\/logo\\\/image\\\/\"},\"sameAs\":[\"https:\\\/\\\/www.facebook.com\\\/MusiquesJuives\\\/\",\"https:\\\/\\\/www.instagram.com\\\/musiquesjuives\\\/\",\"https:\\\/\\\/www.youtube.com\\\/user\\\/musiquesjuives\"]},{\"@type\":\"Person\",\"@id\":\"https:\\\/\\\/www.iemj.org\\\/it\\\/#\\\/schema\\\/person\\\/358e26c18aca017fcc4cc15437f7279c\",\"name\":\"Jacqueline ROTEN\",\"image\":{\"@type\":\"ImageObject\",\"inLanguage\":\"it-IT\",\"@id\":\"https:\\\/\\\/secure.gravatar.com\\\/avatar\\\/5964256d6c6957de3a3505278957e0fb2a35119ac47ea41827a65301213c810b?s=96&d=mm&r=g\",\"url\":\"https:\\\/\\\/secure.gravatar.com\\\/avatar\\\/5964256d6c6957de3a3505278957e0fb2a35119ac47ea41827a65301213c810b?s=96&d=mm&r=g\",\"contentUrl\":\"https:\\\/\\\/secure.gravatar.com\\\/avatar\\\/5964256d6c6957de3a3505278957e0fb2a35119ac47ea41827a65301213c810b?s=96&d=mm&r=g\",\"caption\":\"Jacqueline ROTEN\"}}]}<\/script>\n<!-- \/ Yoast SEO plugin. -->","yoast_head_json":{"title":"Colloquio Musica Judaica: la musica ebraica tra tradizione orale e scritta - Institut Europ\u00e9en des Musiques Juives","robots":{"index":"noindex","follow":"follow"},"og_locale":"it_IT","og_type":"article","og_title":"Colloquio Musica Judaica: la musica ebraica tra tradizione orale e scritta - Institut Europ\u00e9en des Musiques Juives","og_description":"Musica Judaica riunisce ricercatori, specialisti, interpreti e cantanti per una conferenza dedicata al rapporto (interdipendenza, interferenza, ecc.) che le tradizioni orali e scritte ebraiche hanno avuto con le culture europee,","og_url":"https:\/\/www.iemj.org\/it\/colloque-musica-judaica-musique-juive-entre-tradition-orale-et-tradition-ecrite\/","og_site_name":"Institut Europ\u00e9en des Musiques Juives","article_publisher":"https:\/\/www.facebook.com\/MusiquesJuives\/","article_published_time":"2019-06-25T08:03:19+00:00","article_modified_time":"2023-06-05T13:21:09+00:00","og_image":[{"width":301,"height":448,"url":"https:\/\/www.iemj.org\/wp-content\/uploads\/2019\/06\/arton4230.jpg","type":"image\/jpeg"}],"author":"Jacqueline ROTEN","twitter_card":"summary_large_image","twitter_misc":{"Scritto da":"Jacqueline ROTEN","Tempo di lettura stimato":"2 minuti"},"schema":{"@context":"https:\/\/schema.org","@graph":[{"@type":"Article","@id":"https:\/\/www.iemj.org\/it\/colloque-musica-judaica-musique-juive-entre-tradition-orale-et-tradition-ecrite\/#article","isPartOf":{"@id":"https:\/\/www.iemj.org\/it\/colloque-musica-judaica-musique-juive-entre-tradition-orale-et-tradition-ecrite\/"},"author":{"name":"Jacqueline ROTEN","@id":"https:\/\/www.iemj.org\/it\/#\/schema\/person\/358e26c18aca017fcc4cc15437f7279c"},"headline":"Colloquio Musica Judaica: la musica ebraica tra tradizione orale e scritta","datePublished":"2019-06-25T08:03:19+00:00","dateModified":"2023-06-05T13:21:09+00:00","mainEntityOfPage":{"@id":"https:\/\/www.iemj.org\/it\/colloque-musica-judaica-musique-juive-entre-tradition-orale-et-tradition-ecrite\/"},"wordCount":223,"commentCount":0,"publisher":{"@id":"https:\/\/www.iemj.org\/it\/#organization"},"image":{"@id":"https:\/\/www.iemj.org\/it\/colloque-musica-judaica-musique-juive-entre-tradition-orale-et-tradition-ecrite\/#primaryimage"},"thumbnailUrl":"https:\/\/www.iemj.org\/wp-content\/uploads\/2019\/06\/arton4230.jpg","keywords":["Eventi partner"],"articleSection":["Colloquio","Manifestazioni"],"inLanguage":"it-IT","potentialAction":[{"@type":"CommentAction","name":"Comment","target":["https:\/\/www.iemj.org\/it\/colloque-musica-judaica-musique-juive-entre-tradition-orale-et-tradition-ecrite\/#respond"]}]},{"@type":"WebPage","@id":"https:\/\/www.iemj.org\/it\/colloque-musica-judaica-musique-juive-entre-tradition-orale-et-tradition-ecrite\/","url":"https:\/\/www.iemj.org\/it\/colloque-musica-judaica-musique-juive-entre-tradition-orale-et-tradition-ecrite\/","name":"Colloquio Musica Judaica: la musica ebraica tra tradizione orale e scritta - Institut Europ\u00e9en des Musiques Juives","isPartOf":{"@id":"https:\/\/www.iemj.org\/it\/#website"},"primaryImageOfPage":{"@id":"https:\/\/www.iemj.org\/it\/colloque-musica-judaica-musique-juive-entre-tradition-orale-et-tradition-ecrite\/#primaryimage"},"image":{"@id":"https:\/\/www.iemj.org\/it\/colloque-musica-judaica-musique-juive-entre-tradition-orale-et-tradition-ecrite\/#primaryimage"},"thumbnailUrl":"https:\/\/www.iemj.org\/wp-content\/uploads\/2019\/06\/arton4230.jpg","datePublished":"2019-06-25T08:03:19+00:00","dateModified":"2023-06-05T13:21:09+00:00","breadcrumb":{"@id":"https:\/\/www.iemj.org\/it\/colloque-musica-judaica-musique-juive-entre-tradition-orale-et-tradition-ecrite\/#breadcrumb"},"inLanguage":"it-IT","potentialAction":[{"@type":"ReadAction","target":["https:\/\/www.iemj.org\/it\/colloque-musica-judaica-musique-juive-entre-tradition-orale-et-tradition-ecrite\/"]}]},{"@type":"ImageObject","inLanguage":"it-IT","@id":"https:\/\/www.iemj.org\/it\/colloque-musica-judaica-musique-juive-entre-tradition-orale-et-tradition-ecrite\/#primaryimage","url":"https:\/\/www.iemj.org\/wp-content\/uploads\/2019\/06\/arton4230.jpg","contentUrl":"https:\/\/www.iemj.org\/wp-content\/uploads\/2019\/06\/arton4230.jpg","width":301,"height":448},{"@type":"BreadcrumbList","@id":"https:\/\/www.iemj.org\/it\/colloque-musica-judaica-musique-juive-entre-tradition-orale-et-tradition-ecrite\/#breadcrumb","itemListElement":[{"@type":"ListItem","position":1,"name":"Accueil","item":"https:\/\/www.iemj.org\/it\/"},{"@type":"ListItem","position":2,"name":"Colloquio Musica Judaica: la musica ebraica tra tradizione orale e scritta"}]},{"@type":"WebSite","@id":"https:\/\/www.iemj.org\/it\/#website","url":"https:\/\/www.iemj.org\/it\/","name":"Institut Europ\u00e9en des Musiques Juives","description":"Des traditions musicales \u00e0 la port\u00e9e de tous","publisher":{"@id":"https:\/\/www.iemj.org\/it\/#organization"},"potentialAction":[{"@type":"SearchAction","target":{"@type":"EntryPoint","urlTemplate":"https:\/\/www.iemj.org\/it\/?s={search_term_string}"},"query-input":{"@type":"PropertyValueSpecification","valueRequired":true,"valueName":"search_term_string"}}],"inLanguage":"it-IT"},{"@type":"Organization","@id":"https:\/\/www.iemj.org\/it\/#organization","name":"Institut Europ\u00e9en des Musiques Juives","url":"https:\/\/www.iemj.org\/it\/","logo":{"@type":"ImageObject","inLanguage":"it-IT","@id":"https:\/\/www.iemj.org\/it\/#\/schema\/logo\/image\/","url":"https:\/\/www.iemj.org\/wp-content\/uploads\/2021\/09\/Logo-IEMJ-Paypal.jpg","contentUrl":"https:\/\/www.iemj.org\/wp-content\/uploads\/2021\/09\/Logo-IEMJ-Paypal.jpg","width":150,"height":50,"caption":"Institut Europ\u00e9en des Musiques Juives"},"image":{"@id":"https:\/\/www.iemj.org\/it\/#\/schema\/logo\/image\/"},"sameAs":["https:\/\/www.facebook.com\/MusiquesJuives\/","https:\/\/www.instagram.com\/musiquesjuives\/","https:\/\/www.youtube.com\/user\/musiquesjuives"]},{"@type":"Person","@id":"https:\/\/www.iemj.org\/it\/#\/schema\/person\/358e26c18aca017fcc4cc15437f7279c","name":"Jacqueline ROTEN","image":{"@type":"ImageObject","inLanguage":"it-IT","@id":"https:\/\/secure.gravatar.com\/avatar\/5964256d6c6957de3a3505278957e0fb2a35119ac47ea41827a65301213c810b?s=96&d=mm&r=g","url":"https:\/\/secure.gravatar.com\/avatar\/5964256d6c6957de3a3505278957e0fb2a35119ac47ea41827a65301213c810b?s=96&d=mm&r=g","contentUrl":"https:\/\/secure.gravatar.com\/avatar\/5964256d6c6957de3a3505278957e0fb2a35119ac47ea41827a65301213c810b?s=96&d=mm&r=g","caption":"Jacqueline ROTEN"}}]}},"_links":{"self":[{"href":"https:\/\/www.iemj.org\/it\/wp-json\/wp\/v2\/posts\/97788","targetHints":{"allow":["GET"]}}],"collection":[{"href":"https:\/\/www.iemj.org\/it\/wp-json\/wp\/v2\/posts"}],"about":[{"href":"https:\/\/www.iemj.org\/it\/wp-json\/wp\/v2\/types\/post"}],"author":[{"embeddable":true,"href":"https:\/\/www.iemj.org\/it\/wp-json\/wp\/v2\/users\/5"}],"replies":[{"embeddable":true,"href":"https:\/\/www.iemj.org\/it\/wp-json\/wp\/v2\/comments?post=97788"}],"version-history":[{"count":0,"href":"https:\/\/www.iemj.org\/it\/wp-json\/wp\/v2\/posts\/97788\/revisions"}],"wp:featuredmedia":[{"embeddable":true,"href":"https:\/\/www.iemj.org\/it\/wp-json\/wp\/v2\/media\/97789"}],"wp:attachment":[{"href":"https:\/\/www.iemj.org\/it\/wp-json\/wp\/v2\/media?parent=97788"}],"wp:term":[{"taxonomy":"category","embeddable":true,"href":"https:\/\/www.iemj.org\/it\/wp-json\/wp\/v2\/categories?post=97788"},{"taxonomy":"post_tag","embeddable":true,"href":"https:\/\/www.iemj.org\/it\/wp-json\/wp\/v2\/tags?post=97788"},{"taxonomy":"technique","embeddable":true,"href":"https:\/\/www.iemj.org\/it\/wp-json\/wp\/v2\/technique?post=97788"},{"taxonomy":"squelettes","embeddable":true,"href":"https:\/\/www.iemj.org\/it\/wp-json\/wp\/v2\/squelettes?post=97788"},{"taxonomy":"sujet","embeddable":true,"href":"https:\/\/www.iemj.org\/it\/wp-json\/wp\/v2\/sujet?post=97788"},{"taxonomy":"formation","embeddable":true,"href":"https:\/\/www.iemj.org\/it\/wp-json\/wp\/v2\/formation?post=97788"},{"taxonomy":"genre","embeddable":true,"href":"https:\/\/www.iemj.org\/it\/wp-json\/wp\/v2\/genre?post=97788"},{"taxonomy":"fonds","embeddable":true,"href":"https:\/\/www.iemj.org\/it\/wp-json\/wp\/v2\/fonds?post=97788"},{"taxonomy":"tradition","embeddable":true,"href":"https:\/\/www.iemj.org\/it\/wp-json\/wp\/v2\/tradition?post=97788"},{"taxonomy":"type-de-contenu","embeddable":true,"href":"https:\/\/www.iemj.org\/it\/wp-json\/wp\/v2\/type-de-contenu?post=97788"},{"taxonomy":"interprete-compositeur","embeddable":true,"href":"https:\/\/www.iemj.org\/it\/wp-json\/wp\/v2\/interprete-compositeur?post=97788"},{"taxonomy":"frise","embeddable":true,"href":"https:\/\/www.iemj.org\/it\/wp-json\/wp\/v2\/frise?post=97788"},{"taxonomy":"type-devenement","embeddable":true,"href":"https:\/\/www.iemj.org\/it\/wp-json\/wp\/v2\/type-devenement?post=97788"},{"taxonomy":"tableaux-liens-externes","embeddable":true,"href":"https:\/\/www.iemj.org\/it\/wp-json\/wp\/v2\/tableaux-liens-externes?post=97788"}],"curies":[{"name":"wp","href":"https:\/\/api.w.org\/{rel}","templated":true}]}}