{"id":97977,"date":"2015-12-21T10:00:00","date_gmt":"2015-12-21T09:00:00","guid":{"rendered":"https:\/\/www.iemj.org\/klezmers-afterlife-an-ethnography-of-the-jewish-music-revival-in-poland-and-germany\/"},"modified":"2023-06-08T12:01:35","modified_gmt":"2023-06-08T10:01:35","slug":"klezmers-afterlife-an-ethnography-of-the-jewish-music-revival-in-poland-and-germany","status":"publish","type":"post","link":"https:\/\/www.iemj.org\/it\/klezmers-afterlife-an-ethnography-of-the-jewish-music-revival-in-poland-and-germany\/","title":{"rendered":"Klezmer&#8217;s Afterlife: An Ethnography of the Jewish Music Revival in Poland and Germany"},"content":{"rendered":"<p>Oxford University Press, 17-10-2013, 320 p.<\/p>\n<p><!--more--><\/p>\n<p>La musica klezmer \u00e8 sempre stata oggetto di controversia sin da quando la musica tradizionale dei matrimoni ebraici \u00e8 entrata nelle sale di concerto e le discoteche di Berlino, Wroclaw, Budapest e Praga. Interpretata principalmente da e per dei non ebrei, \u00e8 stata chiamata &#8220;faux-lklore&#8221;, &#8220;Disneyland ebraico&#8221; e persino &#8220;necrofilia culturale&#8221;.<\/p>\n<p>Klezmer&#8217;s Afterlife, che pu\u00f2 essere tradotto come &#8220;la seconda vita del Klezmer&#8221;, \u00e8 il primo libro a interrogarsi su questa affascinante scena musicale dell&#8217;Europa centrale, dando voce a musicisti, produttori e consumatori di questa rinata musica klezmer. Contestando le ipotesi correnti che la rinascita del klezmer in Germania ed in Polonia \u00e8 semplicemente il frutto di un sentimento di colpa emerso nel corso degli anni dopo la Shoah, l\u2019autrice Magdalena Waligorska effettua un\u2019indagine sulle conseguenze del boom del klezmer in questi posti.<\/p>\n<p>Offrendo non solo una documentazione sulla rinascita del klezmer in due dei capoluoghi europei, Cracovia e Berlino, ma anche un&#8217;analisi dei rapporti tra ebrei e non ebrei che essa genera, la Waligorska dimostra come la rinascita del klezmer duplichi e reinventi l&#8217;immagine dell&#8217;ebreo nella cultura popolare polacca e tedesca, come questa musica finisca per diventare una colonna sonora per le commemorazioni della Shoah e come sia usata come un brillante esempio del successo della politica culturale locale. Coprendo molti temi come la musicologia, l\u2019etnomusicologia, la storia, la sociologia, Klezmer&#8217;s Afterlife attirer\u00e0 l&#8217;interesse di molti ricercatori sulla cultura ebraica, le relazioni culturali nell&#8217;Europa centrale post-Shoah, cos\u00ec come dei lettori pi\u00f9 generalmente interessati alla musica klezmer ed ai revival musicali.<\/p>\n<p><a href=\"https:\/\/global.oup.com\/academic\/product\/klezmers-afterlife-9780199314744?cc=fr&amp;lang=en&amp;#\" target=\"_blank\" rel=\"noopener\">Per saperne di pi\u00f9<\/a><br \/>\n<a href=\"http:\/\/www.amazon.fr\/Klezmers-Afterlife-Ethnography-Revival-Germany\/dp\/0199314748\/ref=sr_1_1?s=english-books&amp;ie=UTF8&amp;qid=1450099488&amp;sr=1-1&amp;keywords=klezmer+afterlife\" target=\"_blank\" rel=\"noopener\">Ordinare il libro<\/a><\/p>\n","protected":false},"excerpt":{"rendered":"<p>Oxford University Press, 17-10-2013, 320 p.<\/p>\n","protected":false},"author":1048,"featured_media":97978,"comment_status":"closed","ping_status":"open","sticky":false,"template":"","format":"standard","meta":{"_acf_changed":false,"footnotes":""},"categories":[1576,1564],"tags":[],"technique":[],"squelettes":[],"sujet":[],"formation":[],"genre":[1874],"fonds":[],"tradition":[],"type-de-contenu":[],"interprete-compositeur":[],"frise":[],"type-devenement":[],"tableaux-liens-externes":[],"class_list":["post-97977","post","type-post","status-publish","format-standard","has-post-thumbnail","hentry","category-libri-articoli-it","category-ultimi-acquisti-it","genre-klezmer-it"],"acf":[],"yoast_head":"<!-- This site is optimized with the Yoast SEO plugin v27.3 - https:\/\/yoast.com\/product\/yoast-seo-wordpress\/ -->\n<title>Klezmer&#039;s Afterlife: An Ethnography of the Jewish Music Revival in Poland and Germany - Institut Europ\u00e9en des Musiques Juives<\/title>\n<meta name=\"robots\" content=\"index, follow, max-snippet:-1, max-image-preview:large, max-video-preview:-1\" \/>\n<link rel=\"canonical\" href=\"https:\/\/www.iemj.org\/it\/klezmers-afterlife-an-ethnography-of-the-jewish-music-revival-in-poland-and-germany\/\" \/>\n<meta property=\"og:locale\" content=\"it_IT\" \/>\n<meta property=\"og:type\" content=\"article\" \/>\n<meta property=\"og:title\" content=\"Klezmer&#039;s Afterlife: An Ethnography of the Jewish Music Revival in Poland and Germany - Institut Europ\u00e9en des Musiques Juives\" \/>\n<meta property=\"og:description\" content=\"Oxford University Press, 17-10-2013, 320 p.\" \/>\n<meta property=\"og:url\" content=\"https:\/\/www.iemj.org\/it\/klezmers-afterlife-an-ethnography-of-the-jewish-music-revival-in-poland-and-germany\/\" \/>\n<meta property=\"og:site_name\" content=\"Institut Europ\u00e9en des Musiques Juives\" \/>\n<meta property=\"article:publisher\" content=\"https:\/\/www.facebook.com\/MusiquesJuives\/\" \/>\n<meta property=\"article:published_time\" content=\"2015-12-21T09:00:00+00:00\" \/>\n<meta property=\"article:modified_time\" content=\"2023-06-08T10:01:35+00:00\" \/>\n<meta property=\"og:image\" content=\"https:\/\/www.iemj.org\/wp-content\/uploads\/2015\/12\/arton1309-e1619442117247.jpg\" \/>\n\t<meta property=\"og:image:width\" content=\"350\" \/>\n\t<meta property=\"og:image:height\" content=\"529\" \/>\n\t<meta property=\"og:image:type\" content=\"image\/jpeg\" \/>\n<meta name=\"author\" content=\"Jean-Gabriel Davis\" \/>\n<meta name=\"twitter:card\" content=\"summary_large_image\" \/>\n<meta name=\"twitter:label1\" content=\"Scritto da\" \/>\n\t<meta name=\"twitter:data1\" content=\"Jean-Gabriel Davis\" \/>\n\t<meta name=\"twitter:label2\" content=\"Tempo di lettura stimato\" \/>\n\t<meta name=\"twitter:data2\" content=\"2 minuti\" \/>\n<script type=\"application\/ld+json\" class=\"yoast-schema-graph\">{\"@context\":\"https:\\\/\\\/schema.org\",\"@graph\":[{\"@type\":\"Article\",\"@id\":\"https:\\\/\\\/www.iemj.org\\\/it\\\/klezmers-afterlife-an-ethnography-of-the-jewish-music-revival-in-poland-and-germany\\\/#article\",\"isPartOf\":{\"@id\":\"https:\\\/\\\/www.iemj.org\\\/it\\\/klezmers-afterlife-an-ethnography-of-the-jewish-music-revival-in-poland-and-germany\\\/\"},\"author\":{\"name\":\"Jean-Gabriel Davis\",\"@id\":\"https:\\\/\\\/www.iemj.org\\\/it\\\/#\\\/schema\\\/person\\\/c9bc1c386a3749579a2d675e72a18666\"},\"headline\":\"Klezmer&#8217;s Afterlife: An Ethnography of the Jewish Music Revival in Poland and Germany\",\"datePublished\":\"2015-12-21T09:00:00+00:00\",\"dateModified\":\"2023-06-08T10:01:35+00:00\",\"mainEntityOfPage\":{\"@id\":\"https:\\\/\\\/www.iemj.org\\\/it\\\/klezmers-afterlife-an-ethnography-of-the-jewish-music-revival-in-poland-and-germany\\\/\"},\"wordCount\":284,\"publisher\":{\"@id\":\"https:\\\/\\\/www.iemj.org\\\/it\\\/#organization\"},\"image\":{\"@id\":\"https:\\\/\\\/www.iemj.org\\\/it\\\/klezmers-afterlife-an-ethnography-of-the-jewish-music-revival-in-poland-and-germany\\\/#primaryimage\"},\"thumbnailUrl\":\"https:\\\/\\\/www.iemj.org\\\/wp-content\\\/uploads\\\/2015\\\/12\\\/arton1309-e1619442117247.jpg\",\"articleSection\":[\"Libri, articoli\",\"Ultimi acquisti\"],\"inLanguage\":\"it-IT\"},{\"@type\":\"WebPage\",\"@id\":\"https:\\\/\\\/www.iemj.org\\\/it\\\/klezmers-afterlife-an-ethnography-of-the-jewish-music-revival-in-poland-and-germany\\\/\",\"url\":\"https:\\\/\\\/www.iemj.org\\\/it\\\/klezmers-afterlife-an-ethnography-of-the-jewish-music-revival-in-poland-and-germany\\\/\",\"name\":\"Klezmer's Afterlife: An Ethnography of the Jewish Music Revival in Poland and Germany - Institut Europ\u00e9en des Musiques Juives\",\"isPartOf\":{\"@id\":\"https:\\\/\\\/www.iemj.org\\\/it\\\/#website\"},\"primaryImageOfPage\":{\"@id\":\"https:\\\/\\\/www.iemj.org\\\/it\\\/klezmers-afterlife-an-ethnography-of-the-jewish-music-revival-in-poland-and-germany\\\/#primaryimage\"},\"image\":{\"@id\":\"https:\\\/\\\/www.iemj.org\\\/it\\\/klezmers-afterlife-an-ethnography-of-the-jewish-music-revival-in-poland-and-germany\\\/#primaryimage\"},\"thumbnailUrl\":\"https:\\\/\\\/www.iemj.org\\\/wp-content\\\/uploads\\\/2015\\\/12\\\/arton1309-e1619442117247.jpg\",\"datePublished\":\"2015-12-21T09:00:00+00:00\",\"dateModified\":\"2023-06-08T10:01:35+00:00\",\"breadcrumb\":{\"@id\":\"https:\\\/\\\/www.iemj.org\\\/it\\\/klezmers-afterlife-an-ethnography-of-the-jewish-music-revival-in-poland-and-germany\\\/#breadcrumb\"},\"inLanguage\":\"it-IT\",\"potentialAction\":[{\"@type\":\"ReadAction\",\"target\":[\"https:\\\/\\\/www.iemj.org\\\/it\\\/klezmers-afterlife-an-ethnography-of-the-jewish-music-revival-in-poland-and-germany\\\/\"]}]},{\"@type\":\"ImageObject\",\"inLanguage\":\"it-IT\",\"@id\":\"https:\\\/\\\/www.iemj.org\\\/it\\\/klezmers-afterlife-an-ethnography-of-the-jewish-music-revival-in-poland-and-germany\\\/#primaryimage\",\"url\":\"https:\\\/\\\/www.iemj.org\\\/wp-content\\\/uploads\\\/2015\\\/12\\\/arton1309-e1619442117247.jpg\",\"contentUrl\":\"https:\\\/\\\/www.iemj.org\\\/wp-content\\\/uploads\\\/2015\\\/12\\\/arton1309-e1619442117247.jpg\",\"width\":350,\"height\":529},{\"@type\":\"BreadcrumbList\",\"@id\":\"https:\\\/\\\/www.iemj.org\\\/it\\\/klezmers-afterlife-an-ethnography-of-the-jewish-music-revival-in-poland-and-germany\\\/#breadcrumb\",\"itemListElement\":[{\"@type\":\"ListItem\",\"position\":1,\"name\":\"Accueil\",\"item\":\"https:\\\/\\\/www.iemj.org\\\/it\\\/\"},{\"@type\":\"ListItem\",\"position\":2,\"name\":\"Klezmer&rsquo;s Afterlife: An Ethnography of the Jewish Music Revival in Poland and Germany\"}]},{\"@type\":\"WebSite\",\"@id\":\"https:\\\/\\\/www.iemj.org\\\/it\\\/#website\",\"url\":\"https:\\\/\\\/www.iemj.org\\\/it\\\/\",\"name\":\"Institut Europ\u00e9en des Musiques Juives\",\"description\":\"Des traditions musicales \u00e0 la port\u00e9e de tous\",\"publisher\":{\"@id\":\"https:\\\/\\\/www.iemj.org\\\/it\\\/#organization\"},\"potentialAction\":[{\"@type\":\"SearchAction\",\"target\":{\"@type\":\"EntryPoint\",\"urlTemplate\":\"https:\\\/\\\/www.iemj.org\\\/it\\\/?s={search_term_string}\"},\"query-input\":{\"@type\":\"PropertyValueSpecification\",\"valueRequired\":true,\"valueName\":\"search_term_string\"}}],\"inLanguage\":\"it-IT\"},{\"@type\":\"Organization\",\"@id\":\"https:\\\/\\\/www.iemj.org\\\/it\\\/#organization\",\"name\":\"Institut Europ\u00e9en des Musiques Juives\",\"url\":\"https:\\\/\\\/www.iemj.org\\\/it\\\/\",\"logo\":{\"@type\":\"ImageObject\",\"inLanguage\":\"it-IT\",\"@id\":\"https:\\\/\\\/www.iemj.org\\\/it\\\/#\\\/schema\\\/logo\\\/image\\\/\",\"url\":\"https:\\\/\\\/www.iemj.org\\\/wp-content\\\/uploads\\\/2021\\\/09\\\/Logo-IEMJ-Paypal.jpg\",\"contentUrl\":\"https:\\\/\\\/www.iemj.org\\\/wp-content\\\/uploads\\\/2021\\\/09\\\/Logo-IEMJ-Paypal.jpg\",\"width\":150,\"height\":50,\"caption\":\"Institut Europ\u00e9en des Musiques Juives\"},\"image\":{\"@id\":\"https:\\\/\\\/www.iemj.org\\\/it\\\/#\\\/schema\\\/logo\\\/image\\\/\"},\"sameAs\":[\"https:\\\/\\\/www.facebook.com\\\/MusiquesJuives\\\/\",\"https:\\\/\\\/www.instagram.com\\\/musiquesjuives\\\/\",\"https:\\\/\\\/www.youtube.com\\\/user\\\/musiquesjuives\"]},{\"@type\":\"Person\",\"@id\":\"https:\\\/\\\/www.iemj.org\\\/it\\\/#\\\/schema\\\/person\\\/c9bc1c386a3749579a2d675e72a18666\",\"name\":\"Jean-Gabriel Davis\",\"image\":{\"@type\":\"ImageObject\",\"inLanguage\":\"it-IT\",\"@id\":\"https:\\\/\\\/secure.gravatar.com\\\/avatar\\\/2b90d67bdf392c9b3a21fab87c0fa7edaf1fb3a058172a1ffd61033fcec7aec1?s=96&d=mm&r=g\",\"url\":\"https:\\\/\\\/secure.gravatar.com\\\/avatar\\\/2b90d67bdf392c9b3a21fab87c0fa7edaf1fb3a058172a1ffd61033fcec7aec1?s=96&d=mm&r=g\",\"contentUrl\":\"https:\\\/\\\/secure.gravatar.com\\\/avatar\\\/2b90d67bdf392c9b3a21fab87c0fa7edaf1fb3a058172a1ffd61033fcec7aec1?s=96&d=mm&r=g\",\"caption\":\"Jean-Gabriel Davis\"}}]}<\/script>\n<!-- \/ Yoast SEO plugin. -->","yoast_head_json":{"title":"Klezmer's Afterlife: An Ethnography of the Jewish Music Revival in Poland and Germany - Institut Europ\u00e9en des Musiques Juives","robots":{"index":"index","follow":"follow","max-snippet":"max-snippet:-1","max-image-preview":"max-image-preview:large","max-video-preview":"max-video-preview:-1"},"canonical":"https:\/\/www.iemj.org\/it\/klezmers-afterlife-an-ethnography-of-the-jewish-music-revival-in-poland-and-germany\/","og_locale":"it_IT","og_type":"article","og_title":"Klezmer's Afterlife: An Ethnography of the Jewish Music Revival in Poland and Germany - Institut Europ\u00e9en des Musiques Juives","og_description":"Oxford University Press, 17-10-2013, 320 p.","og_url":"https:\/\/www.iemj.org\/it\/klezmers-afterlife-an-ethnography-of-the-jewish-music-revival-in-poland-and-germany\/","og_site_name":"Institut Europ\u00e9en des Musiques Juives","article_publisher":"https:\/\/www.facebook.com\/MusiquesJuives\/","article_published_time":"2015-12-21T09:00:00+00:00","article_modified_time":"2023-06-08T10:01:35+00:00","og_image":[{"width":350,"height":529,"url":"https:\/\/www.iemj.org\/wp-content\/uploads\/2015\/12\/arton1309-e1619442117247.jpg","type":"image\/jpeg"}],"author":"Jean-Gabriel Davis","twitter_card":"summary_large_image","twitter_misc":{"Scritto da":"Jean-Gabriel Davis","Tempo di lettura stimato":"2 minuti"},"schema":{"@context":"https:\/\/schema.org","@graph":[{"@type":"Article","@id":"https:\/\/www.iemj.org\/it\/klezmers-afterlife-an-ethnography-of-the-jewish-music-revival-in-poland-and-germany\/#article","isPartOf":{"@id":"https:\/\/www.iemj.org\/it\/klezmers-afterlife-an-ethnography-of-the-jewish-music-revival-in-poland-and-germany\/"},"author":{"name":"Jean-Gabriel Davis","@id":"https:\/\/www.iemj.org\/it\/#\/schema\/person\/c9bc1c386a3749579a2d675e72a18666"},"headline":"Klezmer&#8217;s Afterlife: An Ethnography of the Jewish Music Revival in Poland and Germany","datePublished":"2015-12-21T09:00:00+00:00","dateModified":"2023-06-08T10:01:35+00:00","mainEntityOfPage":{"@id":"https:\/\/www.iemj.org\/it\/klezmers-afterlife-an-ethnography-of-the-jewish-music-revival-in-poland-and-germany\/"},"wordCount":284,"publisher":{"@id":"https:\/\/www.iemj.org\/it\/#organization"},"image":{"@id":"https:\/\/www.iemj.org\/it\/klezmers-afterlife-an-ethnography-of-the-jewish-music-revival-in-poland-and-germany\/#primaryimage"},"thumbnailUrl":"https:\/\/www.iemj.org\/wp-content\/uploads\/2015\/12\/arton1309-e1619442117247.jpg","articleSection":["Libri, articoli","Ultimi acquisti"],"inLanguage":"it-IT"},{"@type":"WebPage","@id":"https:\/\/www.iemj.org\/it\/klezmers-afterlife-an-ethnography-of-the-jewish-music-revival-in-poland-and-germany\/","url":"https:\/\/www.iemj.org\/it\/klezmers-afterlife-an-ethnography-of-the-jewish-music-revival-in-poland-and-germany\/","name":"Klezmer's Afterlife: An Ethnography of the Jewish Music Revival in Poland and Germany - Institut Europ\u00e9en des Musiques Juives","isPartOf":{"@id":"https:\/\/www.iemj.org\/it\/#website"},"primaryImageOfPage":{"@id":"https:\/\/www.iemj.org\/it\/klezmers-afterlife-an-ethnography-of-the-jewish-music-revival-in-poland-and-germany\/#primaryimage"},"image":{"@id":"https:\/\/www.iemj.org\/it\/klezmers-afterlife-an-ethnography-of-the-jewish-music-revival-in-poland-and-germany\/#primaryimage"},"thumbnailUrl":"https:\/\/www.iemj.org\/wp-content\/uploads\/2015\/12\/arton1309-e1619442117247.jpg","datePublished":"2015-12-21T09:00:00+00:00","dateModified":"2023-06-08T10:01:35+00:00","breadcrumb":{"@id":"https:\/\/www.iemj.org\/it\/klezmers-afterlife-an-ethnography-of-the-jewish-music-revival-in-poland-and-germany\/#breadcrumb"},"inLanguage":"it-IT","potentialAction":[{"@type":"ReadAction","target":["https:\/\/www.iemj.org\/it\/klezmers-afterlife-an-ethnography-of-the-jewish-music-revival-in-poland-and-germany\/"]}]},{"@type":"ImageObject","inLanguage":"it-IT","@id":"https:\/\/www.iemj.org\/it\/klezmers-afterlife-an-ethnography-of-the-jewish-music-revival-in-poland-and-germany\/#primaryimage","url":"https:\/\/www.iemj.org\/wp-content\/uploads\/2015\/12\/arton1309-e1619442117247.jpg","contentUrl":"https:\/\/www.iemj.org\/wp-content\/uploads\/2015\/12\/arton1309-e1619442117247.jpg","width":350,"height":529},{"@type":"BreadcrumbList","@id":"https:\/\/www.iemj.org\/it\/klezmers-afterlife-an-ethnography-of-the-jewish-music-revival-in-poland-and-germany\/#breadcrumb","itemListElement":[{"@type":"ListItem","position":1,"name":"Accueil","item":"https:\/\/www.iemj.org\/it\/"},{"@type":"ListItem","position":2,"name":"Klezmer&rsquo;s Afterlife: An Ethnography of the Jewish Music Revival in Poland and Germany"}]},{"@type":"WebSite","@id":"https:\/\/www.iemj.org\/it\/#website","url":"https:\/\/www.iemj.org\/it\/","name":"Institut Europ\u00e9en des Musiques Juives","description":"Des traditions musicales \u00e0 la port\u00e9e de tous","publisher":{"@id":"https:\/\/www.iemj.org\/it\/#organization"},"potentialAction":[{"@type":"SearchAction","target":{"@type":"EntryPoint","urlTemplate":"https:\/\/www.iemj.org\/it\/?s={search_term_string}"},"query-input":{"@type":"PropertyValueSpecification","valueRequired":true,"valueName":"search_term_string"}}],"inLanguage":"it-IT"},{"@type":"Organization","@id":"https:\/\/www.iemj.org\/it\/#organization","name":"Institut Europ\u00e9en des Musiques Juives","url":"https:\/\/www.iemj.org\/it\/","logo":{"@type":"ImageObject","inLanguage":"it-IT","@id":"https:\/\/www.iemj.org\/it\/#\/schema\/logo\/image\/","url":"https:\/\/www.iemj.org\/wp-content\/uploads\/2021\/09\/Logo-IEMJ-Paypal.jpg","contentUrl":"https:\/\/www.iemj.org\/wp-content\/uploads\/2021\/09\/Logo-IEMJ-Paypal.jpg","width":150,"height":50,"caption":"Institut Europ\u00e9en des Musiques Juives"},"image":{"@id":"https:\/\/www.iemj.org\/it\/#\/schema\/logo\/image\/"},"sameAs":["https:\/\/www.facebook.com\/MusiquesJuives\/","https:\/\/www.instagram.com\/musiquesjuives\/","https:\/\/www.youtube.com\/user\/musiquesjuives"]},{"@type":"Person","@id":"https:\/\/www.iemj.org\/it\/#\/schema\/person\/c9bc1c386a3749579a2d675e72a18666","name":"Jean-Gabriel Davis","image":{"@type":"ImageObject","inLanguage":"it-IT","@id":"https:\/\/secure.gravatar.com\/avatar\/2b90d67bdf392c9b3a21fab87c0fa7edaf1fb3a058172a1ffd61033fcec7aec1?s=96&d=mm&r=g","url":"https:\/\/secure.gravatar.com\/avatar\/2b90d67bdf392c9b3a21fab87c0fa7edaf1fb3a058172a1ffd61033fcec7aec1?s=96&d=mm&r=g","contentUrl":"https:\/\/secure.gravatar.com\/avatar\/2b90d67bdf392c9b3a21fab87c0fa7edaf1fb3a058172a1ffd61033fcec7aec1?s=96&d=mm&r=g","caption":"Jean-Gabriel Davis"}}]}},"_links":{"self":[{"href":"https:\/\/www.iemj.org\/it\/wp-json\/wp\/v2\/posts\/97977","targetHints":{"allow":["GET"]}}],"collection":[{"href":"https:\/\/www.iemj.org\/it\/wp-json\/wp\/v2\/posts"}],"about":[{"href":"https:\/\/www.iemj.org\/it\/wp-json\/wp\/v2\/types\/post"}],"author":[{"embeddable":true,"href":"https:\/\/www.iemj.org\/it\/wp-json\/wp\/v2\/users\/1048"}],"replies":[{"embeddable":true,"href":"https:\/\/www.iemj.org\/it\/wp-json\/wp\/v2\/comments?post=97977"}],"version-history":[{"count":0,"href":"https:\/\/www.iemj.org\/it\/wp-json\/wp\/v2\/posts\/97977\/revisions"}],"wp:featuredmedia":[{"embeddable":true,"href":"https:\/\/www.iemj.org\/it\/wp-json\/wp\/v2\/media\/97978"}],"wp:attachment":[{"href":"https:\/\/www.iemj.org\/it\/wp-json\/wp\/v2\/media?parent=97977"}],"wp:term":[{"taxonomy":"category","embeddable":true,"href":"https:\/\/www.iemj.org\/it\/wp-json\/wp\/v2\/categories?post=97977"},{"taxonomy":"post_tag","embeddable":true,"href":"https:\/\/www.iemj.org\/it\/wp-json\/wp\/v2\/tags?post=97977"},{"taxonomy":"technique","embeddable":true,"href":"https:\/\/www.iemj.org\/it\/wp-json\/wp\/v2\/technique?post=97977"},{"taxonomy":"squelettes","embeddable":true,"href":"https:\/\/www.iemj.org\/it\/wp-json\/wp\/v2\/squelettes?post=97977"},{"taxonomy":"sujet","embeddable":true,"href":"https:\/\/www.iemj.org\/it\/wp-json\/wp\/v2\/sujet?post=97977"},{"taxonomy":"formation","embeddable":true,"href":"https:\/\/www.iemj.org\/it\/wp-json\/wp\/v2\/formation?post=97977"},{"taxonomy":"genre","embeddable":true,"href":"https:\/\/www.iemj.org\/it\/wp-json\/wp\/v2\/genre?post=97977"},{"taxonomy":"fonds","embeddable":true,"href":"https:\/\/www.iemj.org\/it\/wp-json\/wp\/v2\/fonds?post=97977"},{"taxonomy":"tradition","embeddable":true,"href":"https:\/\/www.iemj.org\/it\/wp-json\/wp\/v2\/tradition?post=97977"},{"taxonomy":"type-de-contenu","embeddable":true,"href":"https:\/\/www.iemj.org\/it\/wp-json\/wp\/v2\/type-de-contenu?post=97977"},{"taxonomy":"interprete-compositeur","embeddable":true,"href":"https:\/\/www.iemj.org\/it\/wp-json\/wp\/v2\/interprete-compositeur?post=97977"},{"taxonomy":"frise","embeddable":true,"href":"https:\/\/www.iemj.org\/it\/wp-json\/wp\/v2\/frise?post=97977"},{"taxonomy":"type-devenement","embeddable":true,"href":"https:\/\/www.iemj.org\/it\/wp-json\/wp\/v2\/type-devenement?post=97977"},{"taxonomy":"tableaux-liens-externes","embeddable":true,"href":"https:\/\/www.iemj.org\/it\/wp-json\/wp\/v2\/tableaux-liens-externes?post=97977"}],"curies":[{"name":"wp","href":"https:\/\/api.w.org\/{rel}","templated":true}]}}