{"id":98421,"date":"2016-06-21T16:21:54","date_gmt":"2016-06-21T14:21:54","guid":{"rendered":"https:\/\/www.iemj.org\/liemj-10-ans-deja\/"},"modified":"2025-12-29T10:48:19","modified_gmt":"2025-12-29T09:48:19","slug":"liemj-10-ans-deja","status":"publish","type":"post","link":"https:\/\/www.iemj.org\/it\/liemj-10-ans-deja\/","title":{"rendered":"L&#8217;EIJM \u2013 10 anni di gi\u00e0!"},"content":{"rendered":"\n<p>Creato nel 2006, l&#8217;IEMJ ha celebrato il suo decimo anniversario nel 2016. 10 anni intensi che hanno permesso oggi di fare dell&#8217;IEMJ il pi\u00f9 importante centro europeo di risorse e documentazione sulle musiche ebraiche.<\/p>\n\n\n\n<p>Alcune spiegazioni e 2 video per ripercorrere una storia straordinaria!<\/p>\n\n\n\n<div style=\"height:12px\" aria-hidden=\"true\" class=\"wp-block-spacer\"><\/div>\n\n\n\n<p><strong>Genesi dellI&#8217;IEMJ : punti di riferimento cronologici<\/strong><\/p>\n\n\n\n<p>Febbraio 2000: Herv\u00e9 Roten, dottore in musicologia, viene assunto da Nelly Hansson, direttrice della Fondazione dell&#8217;Ebraismo Francese, per lanciare un programma per salvaguardare e promuovere le musiche ebraiche in Francia.<\/p>\n\n\n\n<p>2001-2002: Dopo una fase di raccolta e d\u2019inventario degli archivi musicali, Herv\u00e9 Roten redige un primo allarmante inventario della fragilit\u00e0 del patrimonio musicale ebraico francese.<\/p>\n\n\n\n<p>Ottobre 2002 \u2013 Settembre 2003: Registrazione e pubblicazione dei primi due CD della FJF <em>(Musiche della sinagoga di Bordeaux e Musiche giudeo-francesi dei secoli XVIII e XIX)<\/em> nella collezione Patrimon\u00ee Musicali degli Ebrei di Francia.<\/p>\n\n\n\n<p>2 luglio 2004: Herv\u00e9 Roten succede a Israel Adler ed a Simha Arom come direttore di Yuval, associazione francese per la conservazione delle tradizioni musicali ebraiche.<\/p>\n\n\n\n<p>Giugno 2005: La Fondazione dell&#8217;Ebraismo Francese e Yuval decidono di collaborare riunendo le loro collezioni musicali nello stesso luogo e mettendo in comune i loro mezzi d&#8217;azione nel campo musicale.<\/p>\n\n\n\n<p>Inizio 2006: un gruppo di tre studenti delle universit\u00e0 di Marne-la-Vall\u00e9e e di Paris VIII \u2013 Saint Denis lavora alla creazione di un sito web e di un database destinato ad indicizzare e consultare online le collezioni del futuro Centro Francese per le Musiche Ebraiche ( CFMJ).<\/p>\n\n\n\n<p><strong>Allo stesso tempo, altri tre studenti di Marne-la-Vall\u00e9e realizzano un film che presenta le future attivit\u00e0 del CFMJ (vedi video in calce)<\/strong><\/p>\n\n\n\n<figure class=\"wp-block-embed is-type-video is-provider-youtube wp-block-embed-youtube wp-embed-aspect-16-9 wp-has-aspect-ratio\"><div class=\"wp-block-embed__wrapper\">\n<iframe title=\"Centre Fran\u00e7ais des Musiques Juives (2006)\" width=\"640\" height=\"360\" src=\"https:\/\/www.youtube.com\/embed\/aphA6FIf4iA?feature=oembed\" frameborder=\"0\" allow=\"accelerometer; autoplay; clipboard-write; encrypted-media; gyroscope; picture-in-picture; web-share\" referrerpolicy=\"strict-origin-when-cross-origin\" allowfullscreen><\/iframe>\n<\/div><\/figure>\n\n\n\n<p><strong>Giugno 2006 \u2013 Nasce il Centro Francese di Musiche Ebraiche (CFMJ),<\/strong> grazie all&#8217;impulso della Fondazione Henriette Halphen, sotto l&#8217;egida della FJF, e della sua generosa donatrice Isabelle Friedman.<\/p>\n\n\n\n<p>Il CFMJ, creato dalla Fondazione dell\u2019Ebraismo Francese e Yuval, si stabilisce in una stanza dei locali della FJF, dove inizia il suo lavoro di digitalizzazione e indicizzazione delle collezioni musicali, come gli archivi del compositore d\u2019origine giudeo-spagnola <a href=\"https:\/\/www.iemj.org\/it\/hemsi-alberto-1898-1975\/\">Alberto Hemsi<\/a> (1896-1975), del compositore e mecenate <a href=\"https:\/\/www.iemj.org\/it\/halphen-fernand-1872-1917\/\">Fernand Halphen<\/a> (1872-1917) od, ancora, del cantante di origine polacca <a href=\"https:\/\/www.iemj.org\/it\/berlinski-shalom-1918-2008\/\">Shalom Berlinski<\/a> (1918-2008).<\/p>\n\n\n\n<p>Fin dal 2006, gli obiettivi della CFMJ, antenata dell\u2019IEMJ, sono chiaramente esposti :<\/p>\n\n\n\n<p>\u201cIn quanto centro di risorse e ricerca, il CFMJ sar\u00e0 in grado di accogliere, oltre agli accademici, dei borsisti di istituzioni partner [\u2026] A termine, la sua vocazione \u00e8 quella di riunire altri organismi che lavorano nello stesso campo in Europa al fine di costituire una rete europea di musiche ebraiche.<\/p>\n\n\n\n<p>Infine, un portale Internet fornir\u00e0 l&#8217;accesso ad una serie di dati tematici relativi a queste musiche. L&#8217;idea \u00e8 quella di offrire un percorso guidato e didattico ai visitatori del sito che desiderano un&#8217;introduzione ad un settore che si arricchisce giorno dopo giorno. Si prevede perci\u00f2 di mettere in rete una biblioteca digitale che consenta di ascoltare brani di opere appartenenti alle collezioni della biblioteca musicale. Infine, un posto importante sar\u00e0 dato all&#8217;attualit\u00e0 di queste musiche ebraiche sia dal punto di vista del repertorio che da quello della creazione. \u00bb<\/p>\n\n\n\n<p><em>Estratti dalla Lettera della FJF \/ Newsletter della Fondazione dell&#8217;Ebraismo Francese.<\/em><\/p>\n\n\n\n<p>Novembre 2008 \u2013 marzo 2009: il CFMJ si trasferisce in locali pi\u00f9 spaziosi, appena sopra la Fondazione dell&#8217;Ebraismo Francese e si costituisce in una Associazione Loi 1901. Riunisce intorno a s\u00e9 una decina di volontari e l&#8217;equivalente di un impiegato a tempo pieno.<\/p>\n\n\n\n<p>Luglio 2012: sotto l&#8217;impulso della nuova direzione della FJF ed in particolare del suo direttore Patrick Chasqu\u00e8s, il Centro Francese per le Musiche Ebraiche si trasforma nell&#8217;Istituto Europeo di Musiche Ebraiche (IEMJ) con una missione ampliata :<\/p>\n\n\n\n<p>\u2013 raccolta, digitalizzazione e pubblicazione on line del patrimonio musicale ebraico<\/p>\n\n\n\n<p>\u2013 creazione di una struttura editoriale (CD, partiture, ecc.)<\/p>\n\n\n\n<p>\u2013 regolare organizzazione di eventi (laboratori musicali, corsi, convegni, concerti, ecc.) finalizzati alla valorizzazione del patrimonio musicale ebraico in tutte le sue forme<\/p>\n\n\n\n<p>\u2013 creazione di un festival di Musiche Ebraiche di Parigi e dell\u2019Ile de France (progetto ad oggi non ancora realizzato)<\/p>\n\n\n\n<p>\u2013 creazione di una rete europea di centri musicali ebraici, con l&#8217;organizzazione ogni 3-4 anni delle Giornate Europee delle Musiche Ebraiche (progetto ad oggi non ancora realizzato).<\/p>\n\n\n\n<p>Settembre 2012: l&#8217;IEMJ si trasferisce nella sua sede in rue Nationale \u2013 Paris 13th. 130 m2 interamente dedicati al lavoro sul patrimonio delle musiche ebraiche !<\/p>\n\n\n\n<p>Dal 2013 al 2016: Il team \u00e8 completato da tre nuovi dipendenti e otto volontari. Nascono tre nuove collezioni di dischi (Collezioine Scoperta, Archivi e Classici) e pi\u00f9 di 22 spartiti musicali sono pubblicati da Editions de l&#8217;IEMJ.<\/p>\n\n\n\n<p>Nel 2016, le collezioni musicali dell&#8217;IEMJ comprendono quasi 80.000 file sonori, 150.000 pagine di partiture, migliaia di foto, video e archivi vari (lettere, programmi di concerti, ecc.). Questi documenti sono accessibili in tutto od in parte in loco o tramite il <a href=\"http:\/\/www.rachelnet.net\/F\/?func=file&amp;file_name=find-b&amp;local_base=rebie&amp;con_lng=fre\">catalogo Rachel<\/a>, accessibile dal nostro sito web.<\/p>\n\n\n\n<p>Inoltre, l\u2019IEMJ invia una newsletter settimanale ai suoi membri e sostenitori offrendo numerose risorse online. Il <a href=\"https:\/\/www.iemj.org\/it\/weill-kurt-1900-1950\/\">sito web IEMJ<\/a> attira quasi 8.000 visitatori ogni mese. Infine, l&#8217;IEMJ organizza ogni anno il suo <a href=\"https:\/\/www.iemj.org\/?s=Concert+de+gala+&amp;search_type=main&amp;submit=Search\">grande concerto di gala<\/a> ed una decina di eventi (laboratori di canto, conferenze, simposi, concerti) in collaborazione con istituzioni ebraiche (FSJU, MAHJ, AIU, Istituto Elie Wiesel, ecc.) e non ebraiche (Festival Ile-de-France, Municipio di Parigi, ecc.).<\/p>\n\n\n\n<p><a href=\"https:\/\/www.iemj.org\/it\/les-publications-musicales-de-liemj\/\">Ascoltare una selezione musicale dalle nostre pubblicazioni<\/a><\/p>\n\n\n\n<figure class=\"wp-block-embed is-type-video is-provider-youtube wp-block-embed-youtube wp-embed-aspect-16-9 wp-has-aspect-ratio\"><div class=\"wp-block-embed__wrapper\">\n<iframe title=\"Une journ\u00e9e \u00e0 l&#039;IEMJ\" width=\"640\" height=\"360\" src=\"https:\/\/www.youtube.com\/embed\/S5tCkzsBjvI?feature=oembed\" frameborder=\"0\" allow=\"accelerometer; autoplay; clipboard-write; encrypted-media; gyroscope; picture-in-picture; web-share\" referrerpolicy=\"strict-origin-when-cross-origin\" allowfullscreen><\/iframe>\n<\/div><figcaption class=\"wp-element-caption\"><strong>Scoprite una giornata all&#8217;IEMJ, nel 2016<\/strong><\/figcaption><\/figure>\n","protected":false},"excerpt":{"rendered":"<p>Creato nel 2006, l&#8217;IEMJ ha celebrato il suo decimo anniversario nel 2016. 10 anni intensi che hanno permesso oggi di fare dell&#8217;IEMJ il pi\u00f9 importante centro europeo di risorse e<\/p>\n","protected":false},"author":5,"featured_media":98422,"comment_status":"closed","ping_status":"closed","sticky":false,"template":"","format":"standard","meta":{"_acf_changed":false,"footnotes":""},"categories":[1371],"tags":[],"technique":[],"squelettes":[],"sujet":[],"formation":[],"genre":[],"fonds":[],"tradition":[],"type-de-contenu":[],"interprete-compositeur":[],"frise":[],"type-devenement":[],"tableaux-liens-externes":[],"class_list":["post-98421","post","type-post","status-publish","format-standard","has-post-thumbnail","hentry","category-manifestazioni-it"],"acf":[],"yoast_head":"<!-- This site is optimized with the Yoast SEO plugin v27.3 - https:\/\/yoast.com\/product\/yoast-seo-wordpress\/ -->\n<title>L&#039;EIJM \u2013 10 anni di gi\u00e0! - Institut Europ\u00e9en des Musiques Juives<\/title>\n<meta name=\"robots\" content=\"noindex, follow\" \/>\n<meta property=\"og:locale\" content=\"it_IT\" \/>\n<meta property=\"og:type\" content=\"article\" \/>\n<meta property=\"og:title\" content=\"L&#039;EIJM \u2013 10 anni di gi\u00e0! - Institut Europ\u00e9en des Musiques Juives\" \/>\n<meta property=\"og:description\" content=\"Creato nel 2006, l&#8217;IEMJ ha celebrato il suo decimo anniversario nel 2016. 10 anni intensi che hanno permesso oggi di fare dell&#8217;IEMJ il pi\u00f9 importante centro europeo di risorse e\" \/>\n<meta property=\"og:url\" content=\"https:\/\/www.iemj.org\/it\/liemj-10-ans-deja\/\" \/>\n<meta property=\"og:site_name\" content=\"Institut Europ\u00e9en des Musiques Juives\" \/>\n<meta property=\"article:publisher\" content=\"https:\/\/www.facebook.com\/MusiquesJuives\/\" \/>\n<meta property=\"article:published_time\" content=\"2016-06-21T14:21:54+00:00\" \/>\n<meta property=\"article:modified_time\" content=\"2025-12-29T09:48:19+00:00\" \/>\n<meta property=\"og:image\" content=\"https:\/\/www.iemj.org\/wp-content\/uploads\/2016\/06\/arton1785.jpg\" \/>\n\t<meta property=\"og:image:width\" content=\"448\" \/>\n\t<meta property=\"og:image:height\" content=\"317\" \/>\n\t<meta property=\"og:image:type\" content=\"image\/jpeg\" \/>\n<meta name=\"author\" content=\"Jacqueline ROTEN\" \/>\n<meta name=\"twitter:card\" content=\"summary_large_image\" \/>\n<meta name=\"twitter:label1\" content=\"Scritto da\" \/>\n\t<meta name=\"twitter:data1\" content=\"Jacqueline ROTEN\" \/>\n\t<meta name=\"twitter:label2\" content=\"Tempo di lettura stimato\" \/>\n\t<meta name=\"twitter:data2\" content=\"5 minuti\" \/>\n<script type=\"application\/ld+json\" class=\"yoast-schema-graph\">{\"@context\":\"https:\\\/\\\/schema.org\",\"@graph\":[{\"@type\":\"Article\",\"@id\":\"https:\\\/\\\/www.iemj.org\\\/it\\\/liemj-10-ans-deja\\\/#article\",\"isPartOf\":{\"@id\":\"https:\\\/\\\/www.iemj.org\\\/it\\\/liemj-10-ans-deja\\\/\"},\"author\":{\"name\":\"Jacqueline ROTEN\",\"@id\":\"https:\\\/\\\/www.iemj.org\\\/it\\\/#\\\/schema\\\/person\\\/358e26c18aca017fcc4cc15437f7279c\"},\"headline\":\"L&#8217;EIJM \u2013 10 anni di gi\u00e0!\",\"datePublished\":\"2016-06-21T14:21:54+00:00\",\"dateModified\":\"2025-12-29T09:48:19+00:00\",\"mainEntityOfPage\":{\"@id\":\"https:\\\/\\\/www.iemj.org\\\/it\\\/liemj-10-ans-deja\\\/\"},\"wordCount\":878,\"publisher\":{\"@id\":\"https:\\\/\\\/www.iemj.org\\\/it\\\/#organization\"},\"image\":{\"@id\":\"https:\\\/\\\/www.iemj.org\\\/it\\\/liemj-10-ans-deja\\\/#primaryimage\"},\"thumbnailUrl\":\"https:\\\/\\\/www.iemj.org\\\/wp-content\\\/uploads\\\/2016\\\/06\\\/arton1785.jpg\",\"articleSection\":[\"Manifestazioni\"],\"inLanguage\":\"it-IT\"},{\"@type\":\"WebPage\",\"@id\":\"https:\\\/\\\/www.iemj.org\\\/it\\\/liemj-10-ans-deja\\\/\",\"url\":\"https:\\\/\\\/www.iemj.org\\\/it\\\/liemj-10-ans-deja\\\/\",\"name\":\"L'EIJM \u2013 10 anni di gi\u00e0! - Institut Europ\u00e9en des Musiques Juives\",\"isPartOf\":{\"@id\":\"https:\\\/\\\/www.iemj.org\\\/it\\\/#website\"},\"primaryImageOfPage\":{\"@id\":\"https:\\\/\\\/www.iemj.org\\\/it\\\/liemj-10-ans-deja\\\/#primaryimage\"},\"image\":{\"@id\":\"https:\\\/\\\/www.iemj.org\\\/it\\\/liemj-10-ans-deja\\\/#primaryimage\"},\"thumbnailUrl\":\"https:\\\/\\\/www.iemj.org\\\/wp-content\\\/uploads\\\/2016\\\/06\\\/arton1785.jpg\",\"datePublished\":\"2016-06-21T14:21:54+00:00\",\"dateModified\":\"2025-12-29T09:48:19+00:00\",\"breadcrumb\":{\"@id\":\"https:\\\/\\\/www.iemj.org\\\/it\\\/liemj-10-ans-deja\\\/#breadcrumb\"},\"inLanguage\":\"it-IT\",\"potentialAction\":[{\"@type\":\"ReadAction\",\"target\":[\"https:\\\/\\\/www.iemj.org\\\/it\\\/liemj-10-ans-deja\\\/\"]}]},{\"@type\":\"ImageObject\",\"inLanguage\":\"it-IT\",\"@id\":\"https:\\\/\\\/www.iemj.org\\\/it\\\/liemj-10-ans-deja\\\/#primaryimage\",\"url\":\"https:\\\/\\\/www.iemj.org\\\/wp-content\\\/uploads\\\/2016\\\/06\\\/arton1785.jpg\",\"contentUrl\":\"https:\\\/\\\/www.iemj.org\\\/wp-content\\\/uploads\\\/2016\\\/06\\\/arton1785.jpg\",\"width\":448,\"height\":317},{\"@type\":\"BreadcrumbList\",\"@id\":\"https:\\\/\\\/www.iemj.org\\\/it\\\/liemj-10-ans-deja\\\/#breadcrumb\",\"itemListElement\":[{\"@type\":\"ListItem\",\"position\":1,\"name\":\"Accueil\",\"item\":\"https:\\\/\\\/www.iemj.org\\\/it\\\/\"},{\"@type\":\"ListItem\",\"position\":2,\"name\":\"L&rsquo;EIJM \u2013 10 anni di gi\u00e0!\"}]},{\"@type\":\"WebSite\",\"@id\":\"https:\\\/\\\/www.iemj.org\\\/it\\\/#website\",\"url\":\"https:\\\/\\\/www.iemj.org\\\/it\\\/\",\"name\":\"Institut Europ\u00e9en des Musiques Juives\",\"description\":\"Des traditions musicales \u00e0 la port\u00e9e de tous\",\"publisher\":{\"@id\":\"https:\\\/\\\/www.iemj.org\\\/it\\\/#organization\"},\"potentialAction\":[{\"@type\":\"SearchAction\",\"target\":{\"@type\":\"EntryPoint\",\"urlTemplate\":\"https:\\\/\\\/www.iemj.org\\\/it\\\/?s={search_term_string}\"},\"query-input\":{\"@type\":\"PropertyValueSpecification\",\"valueRequired\":true,\"valueName\":\"search_term_string\"}}],\"inLanguage\":\"it-IT\"},{\"@type\":\"Organization\",\"@id\":\"https:\\\/\\\/www.iemj.org\\\/it\\\/#organization\",\"name\":\"Institut Europ\u00e9en des Musiques Juives\",\"url\":\"https:\\\/\\\/www.iemj.org\\\/it\\\/\",\"logo\":{\"@type\":\"ImageObject\",\"inLanguage\":\"it-IT\",\"@id\":\"https:\\\/\\\/www.iemj.org\\\/it\\\/#\\\/schema\\\/logo\\\/image\\\/\",\"url\":\"https:\\\/\\\/www.iemj.org\\\/wp-content\\\/uploads\\\/2021\\\/09\\\/Logo-IEMJ-Paypal.jpg\",\"contentUrl\":\"https:\\\/\\\/www.iemj.org\\\/wp-content\\\/uploads\\\/2021\\\/09\\\/Logo-IEMJ-Paypal.jpg\",\"width\":150,\"height\":50,\"caption\":\"Institut Europ\u00e9en des Musiques Juives\"},\"image\":{\"@id\":\"https:\\\/\\\/www.iemj.org\\\/it\\\/#\\\/schema\\\/logo\\\/image\\\/\"},\"sameAs\":[\"https:\\\/\\\/www.facebook.com\\\/MusiquesJuives\\\/\",\"https:\\\/\\\/www.instagram.com\\\/musiquesjuives\\\/\",\"https:\\\/\\\/www.youtube.com\\\/user\\\/musiquesjuives\"]},{\"@type\":\"Person\",\"@id\":\"https:\\\/\\\/www.iemj.org\\\/it\\\/#\\\/schema\\\/person\\\/358e26c18aca017fcc4cc15437f7279c\",\"name\":\"Jacqueline ROTEN\",\"image\":{\"@type\":\"ImageObject\",\"inLanguage\":\"it-IT\",\"@id\":\"https:\\\/\\\/secure.gravatar.com\\\/avatar\\\/5964256d6c6957de3a3505278957e0fb2a35119ac47ea41827a65301213c810b?s=96&d=mm&r=g\",\"url\":\"https:\\\/\\\/secure.gravatar.com\\\/avatar\\\/5964256d6c6957de3a3505278957e0fb2a35119ac47ea41827a65301213c810b?s=96&d=mm&r=g\",\"contentUrl\":\"https:\\\/\\\/secure.gravatar.com\\\/avatar\\\/5964256d6c6957de3a3505278957e0fb2a35119ac47ea41827a65301213c810b?s=96&d=mm&r=g\",\"caption\":\"Jacqueline ROTEN\"}}]}<\/script>\n<!-- \/ Yoast SEO plugin. -->","yoast_head_json":{"title":"L'EIJM \u2013 10 anni di gi\u00e0! - Institut Europ\u00e9en des Musiques Juives","robots":{"index":"noindex","follow":"follow"},"og_locale":"it_IT","og_type":"article","og_title":"L'EIJM \u2013 10 anni di gi\u00e0! - Institut Europ\u00e9en des Musiques Juives","og_description":"Creato nel 2006, l&#8217;IEMJ ha celebrato il suo decimo anniversario nel 2016. 10 anni intensi che hanno permesso oggi di fare dell&#8217;IEMJ il pi\u00f9 importante centro europeo di risorse e","og_url":"https:\/\/www.iemj.org\/it\/liemj-10-ans-deja\/","og_site_name":"Institut Europ\u00e9en des Musiques Juives","article_publisher":"https:\/\/www.facebook.com\/MusiquesJuives\/","article_published_time":"2016-06-21T14:21:54+00:00","article_modified_time":"2025-12-29T09:48:19+00:00","og_image":[{"width":448,"height":317,"url":"https:\/\/www.iemj.org\/wp-content\/uploads\/2016\/06\/arton1785.jpg","type":"image\/jpeg"}],"author":"Jacqueline ROTEN","twitter_card":"summary_large_image","twitter_misc":{"Scritto da":"Jacqueline ROTEN","Tempo di lettura stimato":"5 minuti"},"schema":{"@context":"https:\/\/schema.org","@graph":[{"@type":"Article","@id":"https:\/\/www.iemj.org\/it\/liemj-10-ans-deja\/#article","isPartOf":{"@id":"https:\/\/www.iemj.org\/it\/liemj-10-ans-deja\/"},"author":{"name":"Jacqueline ROTEN","@id":"https:\/\/www.iemj.org\/it\/#\/schema\/person\/358e26c18aca017fcc4cc15437f7279c"},"headline":"L&#8217;EIJM \u2013 10 anni di gi\u00e0!","datePublished":"2016-06-21T14:21:54+00:00","dateModified":"2025-12-29T09:48:19+00:00","mainEntityOfPage":{"@id":"https:\/\/www.iemj.org\/it\/liemj-10-ans-deja\/"},"wordCount":878,"publisher":{"@id":"https:\/\/www.iemj.org\/it\/#organization"},"image":{"@id":"https:\/\/www.iemj.org\/it\/liemj-10-ans-deja\/#primaryimage"},"thumbnailUrl":"https:\/\/www.iemj.org\/wp-content\/uploads\/2016\/06\/arton1785.jpg","articleSection":["Manifestazioni"],"inLanguage":"it-IT"},{"@type":"WebPage","@id":"https:\/\/www.iemj.org\/it\/liemj-10-ans-deja\/","url":"https:\/\/www.iemj.org\/it\/liemj-10-ans-deja\/","name":"L'EIJM \u2013 10 anni di gi\u00e0! - Institut Europ\u00e9en des Musiques Juives","isPartOf":{"@id":"https:\/\/www.iemj.org\/it\/#website"},"primaryImageOfPage":{"@id":"https:\/\/www.iemj.org\/it\/liemj-10-ans-deja\/#primaryimage"},"image":{"@id":"https:\/\/www.iemj.org\/it\/liemj-10-ans-deja\/#primaryimage"},"thumbnailUrl":"https:\/\/www.iemj.org\/wp-content\/uploads\/2016\/06\/arton1785.jpg","datePublished":"2016-06-21T14:21:54+00:00","dateModified":"2025-12-29T09:48:19+00:00","breadcrumb":{"@id":"https:\/\/www.iemj.org\/it\/liemj-10-ans-deja\/#breadcrumb"},"inLanguage":"it-IT","potentialAction":[{"@type":"ReadAction","target":["https:\/\/www.iemj.org\/it\/liemj-10-ans-deja\/"]}]},{"@type":"ImageObject","inLanguage":"it-IT","@id":"https:\/\/www.iemj.org\/it\/liemj-10-ans-deja\/#primaryimage","url":"https:\/\/www.iemj.org\/wp-content\/uploads\/2016\/06\/arton1785.jpg","contentUrl":"https:\/\/www.iemj.org\/wp-content\/uploads\/2016\/06\/arton1785.jpg","width":448,"height":317},{"@type":"BreadcrumbList","@id":"https:\/\/www.iemj.org\/it\/liemj-10-ans-deja\/#breadcrumb","itemListElement":[{"@type":"ListItem","position":1,"name":"Accueil","item":"https:\/\/www.iemj.org\/it\/"},{"@type":"ListItem","position":2,"name":"L&rsquo;EIJM \u2013 10 anni di gi\u00e0!"}]},{"@type":"WebSite","@id":"https:\/\/www.iemj.org\/it\/#website","url":"https:\/\/www.iemj.org\/it\/","name":"Institut Europ\u00e9en des Musiques Juives","description":"Des traditions musicales \u00e0 la port\u00e9e de tous","publisher":{"@id":"https:\/\/www.iemj.org\/it\/#organization"},"potentialAction":[{"@type":"SearchAction","target":{"@type":"EntryPoint","urlTemplate":"https:\/\/www.iemj.org\/it\/?s={search_term_string}"},"query-input":{"@type":"PropertyValueSpecification","valueRequired":true,"valueName":"search_term_string"}}],"inLanguage":"it-IT"},{"@type":"Organization","@id":"https:\/\/www.iemj.org\/it\/#organization","name":"Institut Europ\u00e9en des Musiques Juives","url":"https:\/\/www.iemj.org\/it\/","logo":{"@type":"ImageObject","inLanguage":"it-IT","@id":"https:\/\/www.iemj.org\/it\/#\/schema\/logo\/image\/","url":"https:\/\/www.iemj.org\/wp-content\/uploads\/2021\/09\/Logo-IEMJ-Paypal.jpg","contentUrl":"https:\/\/www.iemj.org\/wp-content\/uploads\/2021\/09\/Logo-IEMJ-Paypal.jpg","width":150,"height":50,"caption":"Institut Europ\u00e9en des Musiques Juives"},"image":{"@id":"https:\/\/www.iemj.org\/it\/#\/schema\/logo\/image\/"},"sameAs":["https:\/\/www.facebook.com\/MusiquesJuives\/","https:\/\/www.instagram.com\/musiquesjuives\/","https:\/\/www.youtube.com\/user\/musiquesjuives"]},{"@type":"Person","@id":"https:\/\/www.iemj.org\/it\/#\/schema\/person\/358e26c18aca017fcc4cc15437f7279c","name":"Jacqueline ROTEN","image":{"@type":"ImageObject","inLanguage":"it-IT","@id":"https:\/\/secure.gravatar.com\/avatar\/5964256d6c6957de3a3505278957e0fb2a35119ac47ea41827a65301213c810b?s=96&d=mm&r=g","url":"https:\/\/secure.gravatar.com\/avatar\/5964256d6c6957de3a3505278957e0fb2a35119ac47ea41827a65301213c810b?s=96&d=mm&r=g","contentUrl":"https:\/\/secure.gravatar.com\/avatar\/5964256d6c6957de3a3505278957e0fb2a35119ac47ea41827a65301213c810b?s=96&d=mm&r=g","caption":"Jacqueline ROTEN"}}]}},"_links":{"self":[{"href":"https:\/\/www.iemj.org\/it\/wp-json\/wp\/v2\/posts\/98421","targetHints":{"allow":["GET"]}}],"collection":[{"href":"https:\/\/www.iemj.org\/it\/wp-json\/wp\/v2\/posts"}],"about":[{"href":"https:\/\/www.iemj.org\/it\/wp-json\/wp\/v2\/types\/post"}],"author":[{"embeddable":true,"href":"https:\/\/www.iemj.org\/it\/wp-json\/wp\/v2\/users\/5"}],"replies":[{"embeddable":true,"href":"https:\/\/www.iemj.org\/it\/wp-json\/wp\/v2\/comments?post=98421"}],"version-history":[{"count":2,"href":"https:\/\/www.iemj.org\/it\/wp-json\/wp\/v2\/posts\/98421\/revisions"}],"predecessor-version":[{"id":128620,"href":"https:\/\/www.iemj.org\/it\/wp-json\/wp\/v2\/posts\/98421\/revisions\/128620"}],"wp:featuredmedia":[{"embeddable":true,"href":"https:\/\/www.iemj.org\/it\/wp-json\/wp\/v2\/media\/98422"}],"wp:attachment":[{"href":"https:\/\/www.iemj.org\/it\/wp-json\/wp\/v2\/media?parent=98421"}],"wp:term":[{"taxonomy":"category","embeddable":true,"href":"https:\/\/www.iemj.org\/it\/wp-json\/wp\/v2\/categories?post=98421"},{"taxonomy":"post_tag","embeddable":true,"href":"https:\/\/www.iemj.org\/it\/wp-json\/wp\/v2\/tags?post=98421"},{"taxonomy":"technique","embeddable":true,"href":"https:\/\/www.iemj.org\/it\/wp-json\/wp\/v2\/technique?post=98421"},{"taxonomy":"squelettes","embeddable":true,"href":"https:\/\/www.iemj.org\/it\/wp-json\/wp\/v2\/squelettes?post=98421"},{"taxonomy":"sujet","embeddable":true,"href":"https:\/\/www.iemj.org\/it\/wp-json\/wp\/v2\/sujet?post=98421"},{"taxonomy":"formation","embeddable":true,"href":"https:\/\/www.iemj.org\/it\/wp-json\/wp\/v2\/formation?post=98421"},{"taxonomy":"genre","embeddable":true,"href":"https:\/\/www.iemj.org\/it\/wp-json\/wp\/v2\/genre?post=98421"},{"taxonomy":"fonds","embeddable":true,"href":"https:\/\/www.iemj.org\/it\/wp-json\/wp\/v2\/fonds?post=98421"},{"taxonomy":"tradition","embeddable":true,"href":"https:\/\/www.iemj.org\/it\/wp-json\/wp\/v2\/tradition?post=98421"},{"taxonomy":"type-de-contenu","embeddable":true,"href":"https:\/\/www.iemj.org\/it\/wp-json\/wp\/v2\/type-de-contenu?post=98421"},{"taxonomy":"interprete-compositeur","embeddable":true,"href":"https:\/\/www.iemj.org\/it\/wp-json\/wp\/v2\/interprete-compositeur?post=98421"},{"taxonomy":"frise","embeddable":true,"href":"https:\/\/www.iemj.org\/it\/wp-json\/wp\/v2\/frise?post=98421"},{"taxonomy":"type-devenement","embeddable":true,"href":"https:\/\/www.iemj.org\/it\/wp-json\/wp\/v2\/type-devenement?post=98421"},{"taxonomy":"tableaux-liens-externes","embeddable":true,"href":"https:\/\/www.iemj.org\/it\/wp-json\/wp\/v2\/tableaux-liens-externes?post=98421"}],"curies":[{"name":"wp","href":"https:\/\/api.w.org\/{rel}","templated":true}]}}