{"id":98488,"date":"2017-03-30T17:45:50","date_gmt":"2017-03-30T15:45:50","guid":{"rendered":"https:\/\/www.iemj.org\/marc-alain-ouaknin-recoit-herve-roten-dans-talmudiques-sur-france-culture\/"},"modified":"2025-09-29T11:38:12","modified_gmt":"2025-09-29T09:38:12","slug":"marc-alain-ouaknin-recoit-herve-roten-dans-talmudiques-sur-france-culture","status":"publish","type":"post","link":"https:\/\/www.iemj.org\/it\/marc-alain-ouaknin-recoit-herve-roten-dans-talmudiques-sur-france-culture\/","title":{"rendered":"Felice chi come Rashi&#8230;"},"content":{"rendered":"<p><strong>CANTI EBRAICI, CANTI FRANCESI : UN&#8217;INTERAZIONE CREATIVA<\/strong><\/p>\n<p>TALMUDIQUES \u2013 DOMENICA 9 E 16 APRILE 2017, FRANCE CULTURE. Marc-Alain Ouaknin riceve Herv\u00e9 Roten per parlare dei fertili incontri tra canzoni ebraiche e canzoni francesi.<\/p>\n<p><strong>Emissione di domenica 9 aprile 2017<\/strong><\/p>\n<p>Da sempre, gli ebrei si sono integrati nel loro ambiente adottando i riferimenti culturali delle popolazioni in cui vivevano. In molti casi, questa integrazione comporta l&#8217;adozione della lingua del paese ospitante, cos\u00ec come i suoi usi, in particolare in termini culinar\u00ee o musicali.<\/p>\n<p>Nella prima parte di questa serie di due programmi, Herv\u00e9 Roten, etnomusicologo e direttore dell&#8217;Istituto Europeo di Musiche Ebraiche, si consacra a portare alla luce le interazioni creative che sono esistite tra i canti ebraici tradizionali (yiddish, orientali, giudeo-spagnoli&#8230;) e la canzone francese.<\/p>\n<p><strong>Emissione di domenica 16 aprile 2017<\/strong><\/p>\n<p>Nella seconda parte di questa serie, Herv\u00e9 Roten si concentra pi\u00f9 specificamente sull&#8217;emergerenza di una canzone francese attraverso la quale alcuni artisti ebrei \u2013 spesso della seconda o terza generazione di immigrati \u2013 esprimono il loro attaccamento alla loro doppia identit\u00e0, francese ed ebraica.<\/p>\n<p style=\"text-align: center;\">&#8212;&#8212;&#8212;&#8212;&#8212;&#8212;&#8212;&#8212;&#8212;&#8212;&#8212;&#8211;<\/p>\n<p>Queste due emissioni sono illustrate da numerosi esempi musicali, interpretati in particolare da Dave Cash, Richard Inger, Lili Boniche, Line Monty, Louisa Tounsia, Ren\u00e9e Lebas, Jacques Grober, R\u00e9gine, Moustaki e Jean-Luc Goldmann.<\/p>\n<p><strong><a href=\"https:\/\/www.franceculture.fr\/emissions\/talmudiques\">Talmudiques : di Marc-Alain Ouaknin<\/a> &#8211; la domenica dalle 9:10 alle 9:42<\/strong><\/p>\n<p><em>Un&#8217;esplorazione delle molte sfaccettature del pensiero ebraico, le loro risonanze nella cultura occidentale e la loro messa in prospettiva con le altre culture.<\/em><\/p>\n<h3><a href=\"https:\/\/www.iemj.org\/it\/produit\/casket-of-the-jewish-musics-in-paris-in-the-aftermath-of-ww-ii\/\" target=\"_blank\" rel=\"noopener\">Ordinare il coffret di 6 CD &#8220;Musiche ebraiche nella Parigi del dopoguerra&#8221;<\/a><\/h3>\n<p>\u00a0<\/p>\n\n\n<div class=\"wp-block-group\"><div class=\"wp-block-group__inner-container is-layout-constrained wp-block-group-is-layout-constrained\"><\/div><\/div>\n\n\n<div class=\"wp-block-image\">\n<figure class=\"aligncenter size-large\"><img fetchpriority=\"high\" decoding=\"async\" width=\"1024\" height=\"133\" src=\"https:\/\/www.iemj.org\/wp-content\/uploads\/2024\/03\/AUDIO-PLAYER-1024x133.png\" alt=\"\" class=\"wp-image-110609\" srcset=\"https:\/\/www.iemj.org\/wp-content\/uploads\/2024\/03\/AUDIO-PLAYER-1024x133.png 1024w, https:\/\/www.iemj.org\/wp-content\/uploads\/2024\/03\/AUDIO-PLAYER-300x39.png 300w, https:\/\/www.iemj.org\/wp-content\/uploads\/2024\/03\/AUDIO-PLAYER-768x100.png 768w, https:\/\/www.iemj.org\/wp-content\/uploads\/2024\/03\/AUDIO-PLAYER-600x78.png 600w, https:\/\/www.iemj.org\/wp-content\/uploads\/2024\/03\/AUDIO-PLAYER.png 1210w\" sizes=\"(max-width: 1024px) 100vw, 1024px\" \/><\/figure>\n<\/div>","protected":false},"excerpt":{"rendered":"<p>CANTI EBRAICI, CANTI FRANCESI : UN&#8217;INTERAZIONE CREATIVA TALMUDIQUES \u2013 DOMENICA 9 E 16 APRILE 2017, FRANCE CULTURE. Marc-Alain Ouaknin riceve Herv\u00e9 Roten per parlare dei fertili incontri tra canzoni ebraiche<\/p>\n","protected":false},"author":5,"featured_media":98489,"comment_status":"closed","ping_status":"closed","sticky":false,"template":"","format":"standard","meta":{"_acf_changed":false,"footnotes":""},"categories":[3977,1538],"tags":[],"technique":[],"squelettes":[],"sujet":[],"formation":[],"genre":[1878],"fonds":[],"tradition":[],"type-de-contenu":[],"interprete-compositeur":[],"frise":[],"type-devenement":[],"tableaux-liens-externes":[],"class_list":["post-98488","post","type-post","status-publish","format-standard","has-post-thumbnail","hentry","category-programmi-m-a-ouaknin","category-programmi-radiofonici-it","genre-canzone-francese-it"],"acf":[],"yoast_head":"<!-- This site is optimized with the Yoast SEO plugin v27.3 - https:\/\/yoast.com\/product\/yoast-seo-wordpress\/ -->\n<title>Felice chi come Rashi... - Institut Europ\u00e9en des Musiques Juives<\/title>\n<meta name=\"robots\" content=\"noindex, follow\" \/>\n<meta property=\"og:locale\" content=\"it_IT\" \/>\n<meta property=\"og:type\" content=\"article\" \/>\n<meta property=\"og:title\" content=\"Felice chi come Rashi... - Institut Europ\u00e9en des Musiques Juives\" \/>\n<meta property=\"og:description\" content=\"CANTI EBRAICI, CANTI FRANCESI : UN&#8217;INTERAZIONE CREATIVA TALMUDIQUES \u2013 DOMENICA 9 E 16 APRILE 2017, FRANCE CULTURE. Marc-Alain Ouaknin riceve Herv\u00e9 Roten per parlare dei fertili incontri tra canzoni ebraiche\" \/>\n<meta property=\"og:url\" content=\"https:\/\/www.iemj.org\/it\/marc-alain-ouaknin-recoit-herve-roten-dans-talmudiques-sur-france-culture\/\" \/>\n<meta property=\"og:site_name\" content=\"Institut Europ\u00e9en des Musiques Juives\" \/>\n<meta property=\"article:publisher\" content=\"https:\/\/www.facebook.com\/MusiquesJuives\/\" \/>\n<meta property=\"article:published_time\" content=\"2017-03-30T15:45:50+00:00\" \/>\n<meta property=\"article:modified_time\" content=\"2025-09-29T09:38:12+00:00\" \/>\n<meta property=\"og:image\" content=\"https:\/\/www.iemj.org\/wp-content\/uploads\/2017\/03\/arton2214.jpg\" \/>\n\t<meta property=\"og:image:width\" content=\"300\" \/>\n\t<meta property=\"og:image:height\" content=\"300\" \/>\n\t<meta property=\"og:image:type\" content=\"image\/jpeg\" \/>\n<meta name=\"author\" content=\"Jacqueline ROTEN\" \/>\n<meta name=\"twitter:card\" content=\"summary_large_image\" \/>\n<meta name=\"twitter:label1\" content=\"Scritto da\" \/>\n\t<meta name=\"twitter:data1\" content=\"Jacqueline ROTEN\" \/>\n\t<meta name=\"twitter:label2\" content=\"Tempo di lettura stimato\" \/>\n\t<meta name=\"twitter:data2\" content=\"2 minuti\" \/>\n<script type=\"application\/ld+json\" class=\"yoast-schema-graph\">{\"@context\":\"https:\\\/\\\/schema.org\",\"@graph\":[{\"@type\":\"Article\",\"@id\":\"https:\\\/\\\/www.iemj.org\\\/it\\\/marc-alain-ouaknin-recoit-herve-roten-dans-talmudiques-sur-france-culture\\\/#article\",\"isPartOf\":{\"@id\":\"https:\\\/\\\/www.iemj.org\\\/it\\\/marc-alain-ouaknin-recoit-herve-roten-dans-talmudiques-sur-france-culture\\\/\"},\"author\":{\"name\":\"Jacqueline ROTEN\",\"@id\":\"https:\\\/\\\/www.iemj.org\\\/it\\\/#\\\/schema\\\/person\\\/358e26c18aca017fcc4cc15437f7279c\"},\"headline\":\"Felice chi come Rashi&#8230;\",\"datePublished\":\"2017-03-30T15:45:50+00:00\",\"dateModified\":\"2025-09-29T09:38:12+00:00\",\"mainEntityOfPage\":{\"@id\":\"https:\\\/\\\/www.iemj.org\\\/it\\\/marc-alain-ouaknin-recoit-herve-roten-dans-talmudiques-sur-france-culture\\\/\"},\"wordCount\":251,\"publisher\":{\"@id\":\"https:\\\/\\\/www.iemj.org\\\/it\\\/#organization\"},\"image\":{\"@id\":\"https:\\\/\\\/www.iemj.org\\\/it\\\/marc-alain-ouaknin-recoit-herve-roten-dans-talmudiques-sur-france-culture\\\/#primaryimage\"},\"thumbnailUrl\":\"https:\\\/\\\/www.iemj.org\\\/wp-content\\\/uploads\\\/2017\\\/03\\\/arton2214.jpg\",\"articleSection\":[\"Programmi Marc-Alain Ouaknin\",\"Programmi radiofonici\"],\"inLanguage\":\"it-IT\"},{\"@type\":\"WebPage\",\"@id\":\"https:\\\/\\\/www.iemj.org\\\/it\\\/marc-alain-ouaknin-recoit-herve-roten-dans-talmudiques-sur-france-culture\\\/\",\"url\":\"https:\\\/\\\/www.iemj.org\\\/it\\\/marc-alain-ouaknin-recoit-herve-roten-dans-talmudiques-sur-france-culture\\\/\",\"name\":\"Felice chi come Rashi... - Institut Europ\u00e9en des Musiques Juives\",\"isPartOf\":{\"@id\":\"https:\\\/\\\/www.iemj.org\\\/it\\\/#website\"},\"primaryImageOfPage\":{\"@id\":\"https:\\\/\\\/www.iemj.org\\\/it\\\/marc-alain-ouaknin-recoit-herve-roten-dans-talmudiques-sur-france-culture\\\/#primaryimage\"},\"image\":{\"@id\":\"https:\\\/\\\/www.iemj.org\\\/it\\\/marc-alain-ouaknin-recoit-herve-roten-dans-talmudiques-sur-france-culture\\\/#primaryimage\"},\"thumbnailUrl\":\"https:\\\/\\\/www.iemj.org\\\/wp-content\\\/uploads\\\/2017\\\/03\\\/arton2214.jpg\",\"datePublished\":\"2017-03-30T15:45:50+00:00\",\"dateModified\":\"2025-09-29T09:38:12+00:00\",\"breadcrumb\":{\"@id\":\"https:\\\/\\\/www.iemj.org\\\/it\\\/marc-alain-ouaknin-recoit-herve-roten-dans-talmudiques-sur-france-culture\\\/#breadcrumb\"},\"inLanguage\":\"it-IT\",\"potentialAction\":[{\"@type\":\"ReadAction\",\"target\":[\"https:\\\/\\\/www.iemj.org\\\/it\\\/marc-alain-ouaknin-recoit-herve-roten-dans-talmudiques-sur-france-culture\\\/\"]}]},{\"@type\":\"ImageObject\",\"inLanguage\":\"it-IT\",\"@id\":\"https:\\\/\\\/www.iemj.org\\\/it\\\/marc-alain-ouaknin-recoit-herve-roten-dans-talmudiques-sur-france-culture\\\/#primaryimage\",\"url\":\"https:\\\/\\\/www.iemj.org\\\/wp-content\\\/uploads\\\/2017\\\/03\\\/arton2214.jpg\",\"contentUrl\":\"https:\\\/\\\/www.iemj.org\\\/wp-content\\\/uploads\\\/2017\\\/03\\\/arton2214.jpg\",\"width\":300,\"height\":300},{\"@type\":\"BreadcrumbList\",\"@id\":\"https:\\\/\\\/www.iemj.org\\\/it\\\/marc-alain-ouaknin-recoit-herve-roten-dans-talmudiques-sur-france-culture\\\/#breadcrumb\",\"itemListElement\":[{\"@type\":\"ListItem\",\"position\":1,\"name\":\"Accueil\",\"item\":\"https:\\\/\\\/www.iemj.org\\\/it\\\/\"},{\"@type\":\"ListItem\",\"position\":2,\"name\":\"Felice chi come Rashi&#8230;\"}]},{\"@type\":\"WebSite\",\"@id\":\"https:\\\/\\\/www.iemj.org\\\/it\\\/#website\",\"url\":\"https:\\\/\\\/www.iemj.org\\\/it\\\/\",\"name\":\"Institut Europ\u00e9en des Musiques Juives\",\"description\":\"Des traditions musicales \u00e0 la port\u00e9e de tous\",\"publisher\":{\"@id\":\"https:\\\/\\\/www.iemj.org\\\/it\\\/#organization\"},\"potentialAction\":[{\"@type\":\"SearchAction\",\"target\":{\"@type\":\"EntryPoint\",\"urlTemplate\":\"https:\\\/\\\/www.iemj.org\\\/it\\\/?s={search_term_string}\"},\"query-input\":{\"@type\":\"PropertyValueSpecification\",\"valueRequired\":true,\"valueName\":\"search_term_string\"}}],\"inLanguage\":\"it-IT\"},{\"@type\":\"Organization\",\"@id\":\"https:\\\/\\\/www.iemj.org\\\/it\\\/#organization\",\"name\":\"Institut Europ\u00e9en des Musiques Juives\",\"url\":\"https:\\\/\\\/www.iemj.org\\\/it\\\/\",\"logo\":{\"@type\":\"ImageObject\",\"inLanguage\":\"it-IT\",\"@id\":\"https:\\\/\\\/www.iemj.org\\\/it\\\/#\\\/schema\\\/logo\\\/image\\\/\",\"url\":\"https:\\\/\\\/www.iemj.org\\\/wp-content\\\/uploads\\\/2021\\\/09\\\/Logo-IEMJ-Paypal.jpg\",\"contentUrl\":\"https:\\\/\\\/www.iemj.org\\\/wp-content\\\/uploads\\\/2021\\\/09\\\/Logo-IEMJ-Paypal.jpg\",\"width\":150,\"height\":50,\"caption\":\"Institut Europ\u00e9en des Musiques Juives\"},\"image\":{\"@id\":\"https:\\\/\\\/www.iemj.org\\\/it\\\/#\\\/schema\\\/logo\\\/image\\\/\"},\"sameAs\":[\"https:\\\/\\\/www.facebook.com\\\/MusiquesJuives\\\/\",\"https:\\\/\\\/www.instagram.com\\\/musiquesjuives\\\/\",\"https:\\\/\\\/www.youtube.com\\\/user\\\/musiquesjuives\"]},{\"@type\":\"Person\",\"@id\":\"https:\\\/\\\/www.iemj.org\\\/it\\\/#\\\/schema\\\/person\\\/358e26c18aca017fcc4cc15437f7279c\",\"name\":\"Jacqueline ROTEN\",\"image\":{\"@type\":\"ImageObject\",\"inLanguage\":\"it-IT\",\"@id\":\"https:\\\/\\\/secure.gravatar.com\\\/avatar\\\/5964256d6c6957de3a3505278957e0fb2a35119ac47ea41827a65301213c810b?s=96&d=mm&r=g\",\"url\":\"https:\\\/\\\/secure.gravatar.com\\\/avatar\\\/5964256d6c6957de3a3505278957e0fb2a35119ac47ea41827a65301213c810b?s=96&d=mm&r=g\",\"contentUrl\":\"https:\\\/\\\/secure.gravatar.com\\\/avatar\\\/5964256d6c6957de3a3505278957e0fb2a35119ac47ea41827a65301213c810b?s=96&d=mm&r=g\",\"caption\":\"Jacqueline ROTEN\"}}]}<\/script>\n<!-- \/ Yoast SEO plugin. -->","yoast_head_json":{"title":"Felice chi come Rashi... - Institut Europ\u00e9en des Musiques Juives","robots":{"index":"noindex","follow":"follow"},"og_locale":"it_IT","og_type":"article","og_title":"Felice chi come Rashi... - Institut Europ\u00e9en des Musiques Juives","og_description":"CANTI EBRAICI, CANTI FRANCESI : UN&#8217;INTERAZIONE CREATIVA TALMUDIQUES \u2013 DOMENICA 9 E 16 APRILE 2017, FRANCE CULTURE. Marc-Alain Ouaknin riceve Herv\u00e9 Roten per parlare dei fertili incontri tra canzoni ebraiche","og_url":"https:\/\/www.iemj.org\/it\/marc-alain-ouaknin-recoit-herve-roten-dans-talmudiques-sur-france-culture\/","og_site_name":"Institut Europ\u00e9en des Musiques Juives","article_publisher":"https:\/\/www.facebook.com\/MusiquesJuives\/","article_published_time":"2017-03-30T15:45:50+00:00","article_modified_time":"2025-09-29T09:38:12+00:00","og_image":[{"width":300,"height":300,"url":"https:\/\/www.iemj.org\/wp-content\/uploads\/2017\/03\/arton2214.jpg","type":"image\/jpeg"}],"author":"Jacqueline ROTEN","twitter_card":"summary_large_image","twitter_misc":{"Scritto da":"Jacqueline ROTEN","Tempo di lettura stimato":"2 minuti"},"schema":{"@context":"https:\/\/schema.org","@graph":[{"@type":"Article","@id":"https:\/\/www.iemj.org\/it\/marc-alain-ouaknin-recoit-herve-roten-dans-talmudiques-sur-france-culture\/#article","isPartOf":{"@id":"https:\/\/www.iemj.org\/it\/marc-alain-ouaknin-recoit-herve-roten-dans-talmudiques-sur-france-culture\/"},"author":{"name":"Jacqueline ROTEN","@id":"https:\/\/www.iemj.org\/it\/#\/schema\/person\/358e26c18aca017fcc4cc15437f7279c"},"headline":"Felice chi come Rashi&#8230;","datePublished":"2017-03-30T15:45:50+00:00","dateModified":"2025-09-29T09:38:12+00:00","mainEntityOfPage":{"@id":"https:\/\/www.iemj.org\/it\/marc-alain-ouaknin-recoit-herve-roten-dans-talmudiques-sur-france-culture\/"},"wordCount":251,"publisher":{"@id":"https:\/\/www.iemj.org\/it\/#organization"},"image":{"@id":"https:\/\/www.iemj.org\/it\/marc-alain-ouaknin-recoit-herve-roten-dans-talmudiques-sur-france-culture\/#primaryimage"},"thumbnailUrl":"https:\/\/www.iemj.org\/wp-content\/uploads\/2017\/03\/arton2214.jpg","articleSection":["Programmi Marc-Alain Ouaknin","Programmi radiofonici"],"inLanguage":"it-IT"},{"@type":"WebPage","@id":"https:\/\/www.iemj.org\/it\/marc-alain-ouaknin-recoit-herve-roten-dans-talmudiques-sur-france-culture\/","url":"https:\/\/www.iemj.org\/it\/marc-alain-ouaknin-recoit-herve-roten-dans-talmudiques-sur-france-culture\/","name":"Felice chi come Rashi... - Institut Europ\u00e9en des Musiques Juives","isPartOf":{"@id":"https:\/\/www.iemj.org\/it\/#website"},"primaryImageOfPage":{"@id":"https:\/\/www.iemj.org\/it\/marc-alain-ouaknin-recoit-herve-roten-dans-talmudiques-sur-france-culture\/#primaryimage"},"image":{"@id":"https:\/\/www.iemj.org\/it\/marc-alain-ouaknin-recoit-herve-roten-dans-talmudiques-sur-france-culture\/#primaryimage"},"thumbnailUrl":"https:\/\/www.iemj.org\/wp-content\/uploads\/2017\/03\/arton2214.jpg","datePublished":"2017-03-30T15:45:50+00:00","dateModified":"2025-09-29T09:38:12+00:00","breadcrumb":{"@id":"https:\/\/www.iemj.org\/it\/marc-alain-ouaknin-recoit-herve-roten-dans-talmudiques-sur-france-culture\/#breadcrumb"},"inLanguage":"it-IT","potentialAction":[{"@type":"ReadAction","target":["https:\/\/www.iemj.org\/it\/marc-alain-ouaknin-recoit-herve-roten-dans-talmudiques-sur-france-culture\/"]}]},{"@type":"ImageObject","inLanguage":"it-IT","@id":"https:\/\/www.iemj.org\/it\/marc-alain-ouaknin-recoit-herve-roten-dans-talmudiques-sur-france-culture\/#primaryimage","url":"https:\/\/www.iemj.org\/wp-content\/uploads\/2017\/03\/arton2214.jpg","contentUrl":"https:\/\/www.iemj.org\/wp-content\/uploads\/2017\/03\/arton2214.jpg","width":300,"height":300},{"@type":"BreadcrumbList","@id":"https:\/\/www.iemj.org\/it\/marc-alain-ouaknin-recoit-herve-roten-dans-talmudiques-sur-france-culture\/#breadcrumb","itemListElement":[{"@type":"ListItem","position":1,"name":"Accueil","item":"https:\/\/www.iemj.org\/it\/"},{"@type":"ListItem","position":2,"name":"Felice chi come Rashi&#8230;"}]},{"@type":"WebSite","@id":"https:\/\/www.iemj.org\/it\/#website","url":"https:\/\/www.iemj.org\/it\/","name":"Institut Europ\u00e9en des Musiques Juives","description":"Des traditions musicales \u00e0 la port\u00e9e de tous","publisher":{"@id":"https:\/\/www.iemj.org\/it\/#organization"},"potentialAction":[{"@type":"SearchAction","target":{"@type":"EntryPoint","urlTemplate":"https:\/\/www.iemj.org\/it\/?s={search_term_string}"},"query-input":{"@type":"PropertyValueSpecification","valueRequired":true,"valueName":"search_term_string"}}],"inLanguage":"it-IT"},{"@type":"Organization","@id":"https:\/\/www.iemj.org\/it\/#organization","name":"Institut Europ\u00e9en des Musiques Juives","url":"https:\/\/www.iemj.org\/it\/","logo":{"@type":"ImageObject","inLanguage":"it-IT","@id":"https:\/\/www.iemj.org\/it\/#\/schema\/logo\/image\/","url":"https:\/\/www.iemj.org\/wp-content\/uploads\/2021\/09\/Logo-IEMJ-Paypal.jpg","contentUrl":"https:\/\/www.iemj.org\/wp-content\/uploads\/2021\/09\/Logo-IEMJ-Paypal.jpg","width":150,"height":50,"caption":"Institut Europ\u00e9en des Musiques Juives"},"image":{"@id":"https:\/\/www.iemj.org\/it\/#\/schema\/logo\/image\/"},"sameAs":["https:\/\/www.facebook.com\/MusiquesJuives\/","https:\/\/www.instagram.com\/musiquesjuives\/","https:\/\/www.youtube.com\/user\/musiquesjuives"]},{"@type":"Person","@id":"https:\/\/www.iemj.org\/it\/#\/schema\/person\/358e26c18aca017fcc4cc15437f7279c","name":"Jacqueline ROTEN","image":{"@type":"ImageObject","inLanguage":"it-IT","@id":"https:\/\/secure.gravatar.com\/avatar\/5964256d6c6957de3a3505278957e0fb2a35119ac47ea41827a65301213c810b?s=96&d=mm&r=g","url":"https:\/\/secure.gravatar.com\/avatar\/5964256d6c6957de3a3505278957e0fb2a35119ac47ea41827a65301213c810b?s=96&d=mm&r=g","contentUrl":"https:\/\/secure.gravatar.com\/avatar\/5964256d6c6957de3a3505278957e0fb2a35119ac47ea41827a65301213c810b?s=96&d=mm&r=g","caption":"Jacqueline ROTEN"}}]}},"_links":{"self":[{"href":"https:\/\/www.iemj.org\/it\/wp-json\/wp\/v2\/posts\/98488","targetHints":{"allow":["GET"]}}],"collection":[{"href":"https:\/\/www.iemj.org\/it\/wp-json\/wp\/v2\/posts"}],"about":[{"href":"https:\/\/www.iemj.org\/it\/wp-json\/wp\/v2\/types\/post"}],"author":[{"embeddable":true,"href":"https:\/\/www.iemj.org\/it\/wp-json\/wp\/v2\/users\/5"}],"replies":[{"embeddable":true,"href":"https:\/\/www.iemj.org\/it\/wp-json\/wp\/v2\/comments?post=98488"}],"version-history":[{"count":0,"href":"https:\/\/www.iemj.org\/it\/wp-json\/wp\/v2\/posts\/98488\/revisions"}],"wp:featuredmedia":[{"embeddable":true,"href":"https:\/\/www.iemj.org\/it\/wp-json\/wp\/v2\/media\/98489"}],"wp:attachment":[{"href":"https:\/\/www.iemj.org\/it\/wp-json\/wp\/v2\/media?parent=98488"}],"wp:term":[{"taxonomy":"category","embeddable":true,"href":"https:\/\/www.iemj.org\/it\/wp-json\/wp\/v2\/categories?post=98488"},{"taxonomy":"post_tag","embeddable":true,"href":"https:\/\/www.iemj.org\/it\/wp-json\/wp\/v2\/tags?post=98488"},{"taxonomy":"technique","embeddable":true,"href":"https:\/\/www.iemj.org\/it\/wp-json\/wp\/v2\/technique?post=98488"},{"taxonomy":"squelettes","embeddable":true,"href":"https:\/\/www.iemj.org\/it\/wp-json\/wp\/v2\/squelettes?post=98488"},{"taxonomy":"sujet","embeddable":true,"href":"https:\/\/www.iemj.org\/it\/wp-json\/wp\/v2\/sujet?post=98488"},{"taxonomy":"formation","embeddable":true,"href":"https:\/\/www.iemj.org\/it\/wp-json\/wp\/v2\/formation?post=98488"},{"taxonomy":"genre","embeddable":true,"href":"https:\/\/www.iemj.org\/it\/wp-json\/wp\/v2\/genre?post=98488"},{"taxonomy":"fonds","embeddable":true,"href":"https:\/\/www.iemj.org\/it\/wp-json\/wp\/v2\/fonds?post=98488"},{"taxonomy":"tradition","embeddable":true,"href":"https:\/\/www.iemj.org\/it\/wp-json\/wp\/v2\/tradition?post=98488"},{"taxonomy":"type-de-contenu","embeddable":true,"href":"https:\/\/www.iemj.org\/it\/wp-json\/wp\/v2\/type-de-contenu?post=98488"},{"taxonomy":"interprete-compositeur","embeddable":true,"href":"https:\/\/www.iemj.org\/it\/wp-json\/wp\/v2\/interprete-compositeur?post=98488"},{"taxonomy":"frise","embeddable":true,"href":"https:\/\/www.iemj.org\/it\/wp-json\/wp\/v2\/frise?post=98488"},{"taxonomy":"type-devenement","embeddable":true,"href":"https:\/\/www.iemj.org\/it\/wp-json\/wp\/v2\/type-devenement?post=98488"},{"taxonomy":"tableaux-liens-externes","embeddable":true,"href":"https:\/\/www.iemj.org\/it\/wp-json\/wp\/v2\/tableaux-liens-externes?post=98488"}],"curies":[{"name":"wp","href":"https:\/\/api.w.org\/{rel}","templated":true}]}}