{"id":98676,"date":"2013-06-28T17:04:00","date_gmt":"2013-06-28T15:04:00","guid":{"rendered":"https:\/\/www.iemj.org\/deuxieme-universite-dete-judeo-espagnole-a-paris\/"},"modified":"2023-06-28T10:20:25","modified_gmt":"2023-06-28T08:20:25","slug":"deuxieme-universite-dete-judeo-espagnole-a-paris","status":"publish","type":"post","link":"https:\/\/www.iemj.org\/it\/deuxieme-universite-dete-judeo-espagnole-a-paris\/","title":{"rendered":"Seconda Universit\u00e0 estiva ebraico-spagnola a Parigi"},"content":{"rendered":"<p><strong>Dal 7 al 12 LUGLIO 2013 al Centro Edmond Safra \u2013 6 bis rue Michel-Ange \u2013 Parigi 16e<\/strong><\/p>\n<p><!--more--><\/p>\n<p>Nel luglio 2012, la prima Universit\u00e0 estiva giudeo-spagnola, organizzata da Aki Estamos, l\u2019IAU, l\u2019IEMJ e l\u2019INALCO, ha riunito pi\u00f9 di 130 partecipanti intorno alla cultura giudeo-spagnola.<\/p>\n<p>Nel 2013, la seconda Universit\u00e0 estiva ebraico-spagnola offre nuove attivit\u00e0 e nuovi temi. Tra i soggetti proposti quest&#8217;anno, l&#8217;avventura marrana occupa un posto importante. La Turchia, la Spagna ed il Marocco saranno ugualmente abbordati attraverso gli interventi degli ospiti, senza dimenticare l&#8217;immancabile lavoro di memoria e genealogia per meglio proiettarsi nel futuro.<\/p>\n<p>Musica e canti saranno presenti con laboratori in mattinata, tre conferenze e cinque serate concerto.<\/p>\n<p>L&#8217;Istituto Europeo di Musiche Ebraiche, partner dell&#8217;evento, sar\u00e0 presente attraverso la comunicazione del suo direttore Herv\u00e9 Roten, su \u201cLa tradizione musicale delle comunit\u00e0 marrane del sud-ovest della Francia\u201d, nel corso della la tavola rotonda \u201cTraiettorie e singolarit\u00e0 marrane\u201d dell&#8217;8 luglio 2013.<\/p>\n<p>Ricordiamo che l&#8217;Universit\u00e0 estiva giudeo-spagnola \u00e8 aperta a tutti su semplice registrazione.<\/p>\n<p>PAF : da 1 a 5 giorni: da 50 a 200 \u20ac<\/p>\n<p><object id=\"_fp_0.18288300931453705\" data=\"http:\/\/www.akadem.org\/public\/video-embed\/flowplayer\/flowplayer.commercial-3.2.16.swf\" type=\"application\/x-shockwave-flash\" name=\"player\" width=\"555\" height=\"416\"><param value=\"true\" name=\"allowfullscreen\" \/><param value=\"always\" name=\"allowscriptaccess\" \/><param value=\"transparent\" name=\"wmode\" \/><param value=\"high\" name=\"quality\" \/><param name=\"movie\" value=\"http:\/\/www.akadem.org\/public\/video-embed\/flowplayer\/flowplayer.commercial-3.2.16.swf\" \/><param value=\"config=%7B%22clip%22%3A%7B%22autoPlay%22%3Atrue%2C%22scaling%22%3A%22fit%22%2C%22url%22%3A%22mp4%3A2455_BC_MULTI.mp4%22%2C%22provider%22%3A%22rtmp%22%7D%2C%22key%22%3A%22%23%24eb18927a7b324f257ba%22%2C%22logo%22%3A%7B%22linkUrl%22%3A%22%22%2C%22width%22%3A100%2C%22left%22%3A5%2C%22url%22%3A%22http%3A\/\/www.akadem.org\/public\/video-embed\/logo-akadem-videoplayer.png%22%2C%22height%22%3A25%2C%22fullscreenOnly%22%3Afalse%2C%22top%22%3A10%2C%22displayTime%22%3A100%7D%2C%22plugins%22%3A%7B%22sharing%22%3A%7B%22twitter%22%3Afalse%2C%22buttons%22%3A%7B%22overColor%22%3A%22%23ff0000%22%7D%2C%22embed%22%3Afalse%2C%22email%22%3Afalse%2C%22facebook%22%3Afalse%2C%22callType%22%3A%22default%22%2C%22share%22%3Afalse%2C%22url%22%3A%22http%3A\/\/www.akadem.org\/public\/video-embed\/flowplayer.sharing-3.2.8.swf%22%7D%2C%22rtmp%22%3A%7B%22callType%22%3A%22default%22%2C%22netConnectionUrl%22%3A%22rtmp%3A\/\/akadem-vod.streaminternet.com\/vod%22%2C%22url%22%3A%22flowplayer.rtmp-3.2.3.swf%22%7D%2C%22controls%22%3A%7B%22url%22%3A%22org.flowplayer.controls.Controls%22%2C%22callType%22%3A%22default%22%7D%2C%22dock%22%3A%7B%22autoHide%22%3A%7B%22fullscreenOnly%22%3Afalse%2C%22hideDelay%22%3A100%7D%2C%22horizontal%22%3Afalse%2C%22right%22%3A15%2C%22width%22%3A%2210pct%22%7D%7D%2C%22playlist%22%3A%5B%7B%22autoPlay%22%3Atrue%2C%22scaling%22%3A%22fit%22%2C%22url%22%3A%22mp4%3A2455_BC_MULTI.mp4%22%2C%22ipadUrl%22%3A%22http%3A\/\/akadem-vod.streaminternet.com\/vod\/2455_BC_MULTI.mp4%22%2C%22provider%22%3A%22rtmp%22%7D%5D%7D\" name=\"flashvars\" \/><video controls=\"controls\" width=\"555\" height=\"416\"><source src=\"http:\/\/akadem-vod.streaminternet.com\/vod\/2455_BC_MULTI.mp4\" \/><\/video><\/object><span style=\"color: #6e6e6e; font-size: 11px; font-family: arial; display: block; margin-top: 8px;\">In collaborazione con <a style=\"color: #ad0800;\" href=\"http:\/\/www.akadem.org\/_articles\/830\/53830.php\" target=\"_blank\" rel=\"noopener noreferrer\">akadem<\/a><\/span><br \/>\n<a href=\"https:\/\/www.iemj.org\/wp-content\/uploads\/2013\/06\/brochure_ueje_2013.pdf\" target=\"_blank\" rel=\"noopener\">Consultare la Brochure UEJE 2013<\/a><\/p>\n","protected":false},"excerpt":{"rendered":"<p>Dal 7 al 12 LUGLIO 2013 al Centro Edmond Safra \u2013 6 bis rue Michel-Ange \u2013 Parigi 16e<\/p>\n","protected":false},"author":1045,"featured_media":98677,"comment_status":"closed","ping_status":"closed","sticky":false,"template":"","format":"standard","meta":{"_acf_changed":false,"footnotes":""},"categories":[1419,1371],"tags":[3421],"technique":[],"squelettes":[],"sujet":[],"formation":[],"genre":[],"fonds":[],"tradition":[],"type-de-contenu":[],"interprete-compositeur":[],"frise":[],"type-devenement":[],"tableaux-liens-externes":[],"class_list":["post-98676","post","type-post","status-publish","format-standard","has-post-thumbnail","hentry","category-corsi-conferenze-2-it","category-manifestazioni-it","tag-eventi-partner-it"],"acf":[],"yoast_head":"<!-- This site is optimized with the Yoast SEO plugin v27.3 - https:\/\/yoast.com\/product\/yoast-seo-wordpress\/ -->\n<title>Seconda Universit\u00e0 estiva ebraico-spagnola a Parigi - Institut Europ\u00e9en des Musiques Juives<\/title>\n<meta name=\"robots\" content=\"index, follow, max-snippet:-1, max-image-preview:large, max-video-preview:-1\" \/>\n<link rel=\"canonical\" href=\"https:\/\/www.iemj.org\/it\/deuxieme-universite-dete-judeo-espagnole-a-paris\/\" \/>\n<meta property=\"og:locale\" content=\"it_IT\" \/>\n<meta property=\"og:type\" content=\"article\" \/>\n<meta property=\"og:title\" content=\"Seconda Universit\u00e0 estiva ebraico-spagnola a Parigi - Institut Europ\u00e9en des Musiques Juives\" \/>\n<meta property=\"og:description\" content=\"Dal 7 al 12 LUGLIO 2013 al Centro Edmond Safra \u2013 6 bis rue Michel-Ange \u2013 Parigi 16e\" \/>\n<meta property=\"og:url\" content=\"https:\/\/www.iemj.org\/it\/deuxieme-universite-dete-judeo-espagnole-a-paris\/\" \/>\n<meta property=\"og:site_name\" content=\"Institut Europ\u00e9en des Musiques Juives\" \/>\n<meta property=\"article:publisher\" content=\"https:\/\/www.facebook.com\/MusiquesJuives\/\" \/>\n<meta property=\"article:published_time\" content=\"2013-06-28T15:04:00+00:00\" \/>\n<meta property=\"article:modified_time\" content=\"2023-06-28T08:20:25+00:00\" \/>\n<meta property=\"og:image\" content=\"https:\/\/www.iemj.org\/wp-content\/uploads\/2013\/06\/arton722.jpg\" \/>\n\t<meta property=\"og:image:width\" content=\"377\" \/>\n\t<meta property=\"og:image:height\" content=\"567\" \/>\n\t<meta property=\"og:image:type\" content=\"image\/jpeg\" \/>\n<meta name=\"author\" content=\"Herv\u00e9 Roten\" \/>\n<meta name=\"twitter:card\" content=\"summary_large_image\" \/>\n<meta name=\"twitter:label1\" content=\"Scritto da\" \/>\n\t<meta name=\"twitter:data1\" content=\"Herv\u00e9 Roten\" \/>\n\t<meta name=\"twitter:label2\" content=\"Tempo di lettura stimato\" \/>\n\t<meta name=\"twitter:data2\" content=\"1 minuto\" \/>\n<script type=\"application\/ld+json\" class=\"yoast-schema-graph\">{\"@context\":\"https:\\\/\\\/schema.org\",\"@graph\":[{\"@type\":\"Article\",\"@id\":\"https:\\\/\\\/www.iemj.org\\\/it\\\/deuxieme-universite-dete-judeo-espagnole-a-paris\\\/#article\",\"isPartOf\":{\"@id\":\"https:\\\/\\\/www.iemj.org\\\/it\\\/deuxieme-universite-dete-judeo-espagnole-a-paris\\\/\"},\"author\":{\"name\":\"Herv\u00e9 Roten\",\"@id\":\"https:\\\/\\\/www.iemj.org\\\/it\\\/#\\\/schema\\\/person\\\/906134402c29d5c76e7b726261dd4bbd\"},\"headline\":\"Seconda Universit\u00e0 estiva ebraico-spagnola a Parigi\",\"datePublished\":\"2013-06-28T15:04:00+00:00\",\"dateModified\":\"2023-06-28T08:20:25+00:00\",\"mainEntityOfPage\":{\"@id\":\"https:\\\/\\\/www.iemj.org\\\/it\\\/deuxieme-universite-dete-judeo-espagnole-a-paris\\\/\"},\"wordCount\":182,\"publisher\":{\"@id\":\"https:\\\/\\\/www.iemj.org\\\/it\\\/#organization\"},\"image\":{\"@id\":\"https:\\\/\\\/www.iemj.org\\\/it\\\/deuxieme-universite-dete-judeo-espagnole-a-paris\\\/#primaryimage\"},\"thumbnailUrl\":\"https:\\\/\\\/www.iemj.org\\\/wp-content\\\/uploads\\\/2013\\\/06\\\/arton722.jpg\",\"keywords\":[\"Eventi partner\"],\"articleSection\":[\"Corsi \\\/ Conferenze\",\"Manifestazioni\"],\"inLanguage\":\"it-IT\"},{\"@type\":\"WebPage\",\"@id\":\"https:\\\/\\\/www.iemj.org\\\/it\\\/deuxieme-universite-dete-judeo-espagnole-a-paris\\\/\",\"url\":\"https:\\\/\\\/www.iemj.org\\\/it\\\/deuxieme-universite-dete-judeo-espagnole-a-paris\\\/\",\"name\":\"Seconda Universit\u00e0 estiva ebraico-spagnola a Parigi - Institut Europ\u00e9en des Musiques Juives\",\"isPartOf\":{\"@id\":\"https:\\\/\\\/www.iemj.org\\\/it\\\/#website\"},\"primaryImageOfPage\":{\"@id\":\"https:\\\/\\\/www.iemj.org\\\/it\\\/deuxieme-universite-dete-judeo-espagnole-a-paris\\\/#primaryimage\"},\"image\":{\"@id\":\"https:\\\/\\\/www.iemj.org\\\/it\\\/deuxieme-universite-dete-judeo-espagnole-a-paris\\\/#primaryimage\"},\"thumbnailUrl\":\"https:\\\/\\\/www.iemj.org\\\/wp-content\\\/uploads\\\/2013\\\/06\\\/arton722.jpg\",\"datePublished\":\"2013-06-28T15:04:00+00:00\",\"dateModified\":\"2023-06-28T08:20:25+00:00\",\"breadcrumb\":{\"@id\":\"https:\\\/\\\/www.iemj.org\\\/it\\\/deuxieme-universite-dete-judeo-espagnole-a-paris\\\/#breadcrumb\"},\"inLanguage\":\"it-IT\",\"potentialAction\":[{\"@type\":\"ReadAction\",\"target\":[\"https:\\\/\\\/www.iemj.org\\\/it\\\/deuxieme-universite-dete-judeo-espagnole-a-paris\\\/\"]}]},{\"@type\":\"ImageObject\",\"inLanguage\":\"it-IT\",\"@id\":\"https:\\\/\\\/www.iemj.org\\\/it\\\/deuxieme-universite-dete-judeo-espagnole-a-paris\\\/#primaryimage\",\"url\":\"https:\\\/\\\/www.iemj.org\\\/wp-content\\\/uploads\\\/2013\\\/06\\\/arton722.jpg\",\"contentUrl\":\"https:\\\/\\\/www.iemj.org\\\/wp-content\\\/uploads\\\/2013\\\/06\\\/arton722.jpg\",\"width\":377,\"height\":567},{\"@type\":\"BreadcrumbList\",\"@id\":\"https:\\\/\\\/www.iemj.org\\\/it\\\/deuxieme-universite-dete-judeo-espagnole-a-paris\\\/#breadcrumb\",\"itemListElement\":[{\"@type\":\"ListItem\",\"position\":1,\"name\":\"Accueil\",\"item\":\"https:\\\/\\\/www.iemj.org\\\/it\\\/\"},{\"@type\":\"ListItem\",\"position\":2,\"name\":\"Seconda Universit\u00e0 estiva ebraico-spagnola a Parigi\"}]},{\"@type\":\"WebSite\",\"@id\":\"https:\\\/\\\/www.iemj.org\\\/it\\\/#website\",\"url\":\"https:\\\/\\\/www.iemj.org\\\/it\\\/\",\"name\":\"Institut Europ\u00e9en des Musiques Juives\",\"description\":\"Des traditions musicales \u00e0 la port\u00e9e de tous\",\"publisher\":{\"@id\":\"https:\\\/\\\/www.iemj.org\\\/it\\\/#organization\"},\"potentialAction\":[{\"@type\":\"SearchAction\",\"target\":{\"@type\":\"EntryPoint\",\"urlTemplate\":\"https:\\\/\\\/www.iemj.org\\\/it\\\/?s={search_term_string}\"},\"query-input\":{\"@type\":\"PropertyValueSpecification\",\"valueRequired\":true,\"valueName\":\"search_term_string\"}}],\"inLanguage\":\"it-IT\"},{\"@type\":\"Organization\",\"@id\":\"https:\\\/\\\/www.iemj.org\\\/it\\\/#organization\",\"name\":\"Institut Europ\u00e9en des Musiques Juives\",\"url\":\"https:\\\/\\\/www.iemj.org\\\/it\\\/\",\"logo\":{\"@type\":\"ImageObject\",\"inLanguage\":\"it-IT\",\"@id\":\"https:\\\/\\\/www.iemj.org\\\/it\\\/#\\\/schema\\\/logo\\\/image\\\/\",\"url\":\"https:\\\/\\\/www.iemj.org\\\/wp-content\\\/uploads\\\/2021\\\/09\\\/Logo-IEMJ-Paypal.jpg\",\"contentUrl\":\"https:\\\/\\\/www.iemj.org\\\/wp-content\\\/uploads\\\/2021\\\/09\\\/Logo-IEMJ-Paypal.jpg\",\"width\":150,\"height\":50,\"caption\":\"Institut Europ\u00e9en des Musiques Juives\"},\"image\":{\"@id\":\"https:\\\/\\\/www.iemj.org\\\/it\\\/#\\\/schema\\\/logo\\\/image\\\/\"},\"sameAs\":[\"https:\\\/\\\/www.facebook.com\\\/MusiquesJuives\\\/\",\"https:\\\/\\\/www.instagram.com\\\/musiquesjuives\\\/\",\"https:\\\/\\\/www.youtube.com\\\/user\\\/musiquesjuives\"]},{\"@type\":\"Person\",\"@id\":\"https:\\\/\\\/www.iemj.org\\\/it\\\/#\\\/schema\\\/person\\\/906134402c29d5c76e7b726261dd4bbd\",\"name\":\"Herv\u00e9 Roten\",\"image\":{\"@type\":\"ImageObject\",\"inLanguage\":\"it-IT\",\"@id\":\"https:\\\/\\\/secure.gravatar.com\\\/avatar\\\/f96ad2db538a26481f18384936b5cd0610c92d390c4dc382209216d455f685ff?s=96&d=mm&r=g\",\"url\":\"https:\\\/\\\/secure.gravatar.com\\\/avatar\\\/f96ad2db538a26481f18384936b5cd0610c92d390c4dc382209216d455f685ff?s=96&d=mm&r=g\",\"contentUrl\":\"https:\\\/\\\/secure.gravatar.com\\\/avatar\\\/f96ad2db538a26481f18384936b5cd0610c92d390c4dc382209216d455f685ff?s=96&d=mm&r=g\",\"caption\":\"Herv\u00e9 Roten\"}}]}<\/script>\n<!-- \/ Yoast SEO plugin. -->","yoast_head_json":{"title":"Seconda Universit\u00e0 estiva ebraico-spagnola a Parigi - Institut Europ\u00e9en des Musiques Juives","robots":{"index":"index","follow":"follow","max-snippet":"max-snippet:-1","max-image-preview":"max-image-preview:large","max-video-preview":"max-video-preview:-1"},"canonical":"https:\/\/www.iemj.org\/it\/deuxieme-universite-dete-judeo-espagnole-a-paris\/","og_locale":"it_IT","og_type":"article","og_title":"Seconda Universit\u00e0 estiva ebraico-spagnola a Parigi - Institut Europ\u00e9en des Musiques Juives","og_description":"Dal 7 al 12 LUGLIO 2013 al Centro Edmond Safra \u2013 6 bis rue Michel-Ange \u2013 Parigi 16e","og_url":"https:\/\/www.iemj.org\/it\/deuxieme-universite-dete-judeo-espagnole-a-paris\/","og_site_name":"Institut Europ\u00e9en des Musiques Juives","article_publisher":"https:\/\/www.facebook.com\/MusiquesJuives\/","article_published_time":"2013-06-28T15:04:00+00:00","article_modified_time":"2023-06-28T08:20:25+00:00","og_image":[{"width":377,"height":567,"url":"https:\/\/www.iemj.org\/wp-content\/uploads\/2013\/06\/arton722.jpg","type":"image\/jpeg"}],"author":"Herv\u00e9 Roten","twitter_card":"summary_large_image","twitter_misc":{"Scritto da":"Herv\u00e9 Roten","Tempo di lettura stimato":"1 minuto"},"schema":{"@context":"https:\/\/schema.org","@graph":[{"@type":"Article","@id":"https:\/\/www.iemj.org\/it\/deuxieme-universite-dete-judeo-espagnole-a-paris\/#article","isPartOf":{"@id":"https:\/\/www.iemj.org\/it\/deuxieme-universite-dete-judeo-espagnole-a-paris\/"},"author":{"name":"Herv\u00e9 Roten","@id":"https:\/\/www.iemj.org\/it\/#\/schema\/person\/906134402c29d5c76e7b726261dd4bbd"},"headline":"Seconda Universit\u00e0 estiva ebraico-spagnola a Parigi","datePublished":"2013-06-28T15:04:00+00:00","dateModified":"2023-06-28T08:20:25+00:00","mainEntityOfPage":{"@id":"https:\/\/www.iemj.org\/it\/deuxieme-universite-dete-judeo-espagnole-a-paris\/"},"wordCount":182,"publisher":{"@id":"https:\/\/www.iemj.org\/it\/#organization"},"image":{"@id":"https:\/\/www.iemj.org\/it\/deuxieme-universite-dete-judeo-espagnole-a-paris\/#primaryimage"},"thumbnailUrl":"https:\/\/www.iemj.org\/wp-content\/uploads\/2013\/06\/arton722.jpg","keywords":["Eventi partner"],"articleSection":["Corsi \/ Conferenze","Manifestazioni"],"inLanguage":"it-IT"},{"@type":"WebPage","@id":"https:\/\/www.iemj.org\/it\/deuxieme-universite-dete-judeo-espagnole-a-paris\/","url":"https:\/\/www.iemj.org\/it\/deuxieme-universite-dete-judeo-espagnole-a-paris\/","name":"Seconda Universit\u00e0 estiva ebraico-spagnola a Parigi - Institut Europ\u00e9en des Musiques Juives","isPartOf":{"@id":"https:\/\/www.iemj.org\/it\/#website"},"primaryImageOfPage":{"@id":"https:\/\/www.iemj.org\/it\/deuxieme-universite-dete-judeo-espagnole-a-paris\/#primaryimage"},"image":{"@id":"https:\/\/www.iemj.org\/it\/deuxieme-universite-dete-judeo-espagnole-a-paris\/#primaryimage"},"thumbnailUrl":"https:\/\/www.iemj.org\/wp-content\/uploads\/2013\/06\/arton722.jpg","datePublished":"2013-06-28T15:04:00+00:00","dateModified":"2023-06-28T08:20:25+00:00","breadcrumb":{"@id":"https:\/\/www.iemj.org\/it\/deuxieme-universite-dete-judeo-espagnole-a-paris\/#breadcrumb"},"inLanguage":"it-IT","potentialAction":[{"@type":"ReadAction","target":["https:\/\/www.iemj.org\/it\/deuxieme-universite-dete-judeo-espagnole-a-paris\/"]}]},{"@type":"ImageObject","inLanguage":"it-IT","@id":"https:\/\/www.iemj.org\/it\/deuxieme-universite-dete-judeo-espagnole-a-paris\/#primaryimage","url":"https:\/\/www.iemj.org\/wp-content\/uploads\/2013\/06\/arton722.jpg","contentUrl":"https:\/\/www.iemj.org\/wp-content\/uploads\/2013\/06\/arton722.jpg","width":377,"height":567},{"@type":"BreadcrumbList","@id":"https:\/\/www.iemj.org\/it\/deuxieme-universite-dete-judeo-espagnole-a-paris\/#breadcrumb","itemListElement":[{"@type":"ListItem","position":1,"name":"Accueil","item":"https:\/\/www.iemj.org\/it\/"},{"@type":"ListItem","position":2,"name":"Seconda Universit\u00e0 estiva ebraico-spagnola a Parigi"}]},{"@type":"WebSite","@id":"https:\/\/www.iemj.org\/it\/#website","url":"https:\/\/www.iemj.org\/it\/","name":"Institut Europ\u00e9en des Musiques Juives","description":"Des traditions musicales \u00e0 la port\u00e9e de tous","publisher":{"@id":"https:\/\/www.iemj.org\/it\/#organization"},"potentialAction":[{"@type":"SearchAction","target":{"@type":"EntryPoint","urlTemplate":"https:\/\/www.iemj.org\/it\/?s={search_term_string}"},"query-input":{"@type":"PropertyValueSpecification","valueRequired":true,"valueName":"search_term_string"}}],"inLanguage":"it-IT"},{"@type":"Organization","@id":"https:\/\/www.iemj.org\/it\/#organization","name":"Institut Europ\u00e9en des Musiques Juives","url":"https:\/\/www.iemj.org\/it\/","logo":{"@type":"ImageObject","inLanguage":"it-IT","@id":"https:\/\/www.iemj.org\/it\/#\/schema\/logo\/image\/","url":"https:\/\/www.iemj.org\/wp-content\/uploads\/2021\/09\/Logo-IEMJ-Paypal.jpg","contentUrl":"https:\/\/www.iemj.org\/wp-content\/uploads\/2021\/09\/Logo-IEMJ-Paypal.jpg","width":150,"height":50,"caption":"Institut Europ\u00e9en des Musiques Juives"},"image":{"@id":"https:\/\/www.iemj.org\/it\/#\/schema\/logo\/image\/"},"sameAs":["https:\/\/www.facebook.com\/MusiquesJuives\/","https:\/\/www.instagram.com\/musiquesjuives\/","https:\/\/www.youtube.com\/user\/musiquesjuives"]},{"@type":"Person","@id":"https:\/\/www.iemj.org\/it\/#\/schema\/person\/906134402c29d5c76e7b726261dd4bbd","name":"Herv\u00e9 Roten","image":{"@type":"ImageObject","inLanguage":"it-IT","@id":"https:\/\/secure.gravatar.com\/avatar\/f96ad2db538a26481f18384936b5cd0610c92d390c4dc382209216d455f685ff?s=96&d=mm&r=g","url":"https:\/\/secure.gravatar.com\/avatar\/f96ad2db538a26481f18384936b5cd0610c92d390c4dc382209216d455f685ff?s=96&d=mm&r=g","contentUrl":"https:\/\/secure.gravatar.com\/avatar\/f96ad2db538a26481f18384936b5cd0610c92d390c4dc382209216d455f685ff?s=96&d=mm&r=g","caption":"Herv\u00e9 Roten"}}]}},"_links":{"self":[{"href":"https:\/\/www.iemj.org\/it\/wp-json\/wp\/v2\/posts\/98676","targetHints":{"allow":["GET"]}}],"collection":[{"href":"https:\/\/www.iemj.org\/it\/wp-json\/wp\/v2\/posts"}],"about":[{"href":"https:\/\/www.iemj.org\/it\/wp-json\/wp\/v2\/types\/post"}],"author":[{"embeddable":true,"href":"https:\/\/www.iemj.org\/it\/wp-json\/wp\/v2\/users\/1045"}],"replies":[{"embeddable":true,"href":"https:\/\/www.iemj.org\/it\/wp-json\/wp\/v2\/comments?post=98676"}],"version-history":[{"count":0,"href":"https:\/\/www.iemj.org\/it\/wp-json\/wp\/v2\/posts\/98676\/revisions"}],"wp:featuredmedia":[{"embeddable":true,"href":"https:\/\/www.iemj.org\/it\/wp-json\/wp\/v2\/media\/98677"}],"wp:attachment":[{"href":"https:\/\/www.iemj.org\/it\/wp-json\/wp\/v2\/media?parent=98676"}],"wp:term":[{"taxonomy":"category","embeddable":true,"href":"https:\/\/www.iemj.org\/it\/wp-json\/wp\/v2\/categories?post=98676"},{"taxonomy":"post_tag","embeddable":true,"href":"https:\/\/www.iemj.org\/it\/wp-json\/wp\/v2\/tags?post=98676"},{"taxonomy":"technique","embeddable":true,"href":"https:\/\/www.iemj.org\/it\/wp-json\/wp\/v2\/technique?post=98676"},{"taxonomy":"squelettes","embeddable":true,"href":"https:\/\/www.iemj.org\/it\/wp-json\/wp\/v2\/squelettes?post=98676"},{"taxonomy":"sujet","embeddable":true,"href":"https:\/\/www.iemj.org\/it\/wp-json\/wp\/v2\/sujet?post=98676"},{"taxonomy":"formation","embeddable":true,"href":"https:\/\/www.iemj.org\/it\/wp-json\/wp\/v2\/formation?post=98676"},{"taxonomy":"genre","embeddable":true,"href":"https:\/\/www.iemj.org\/it\/wp-json\/wp\/v2\/genre?post=98676"},{"taxonomy":"fonds","embeddable":true,"href":"https:\/\/www.iemj.org\/it\/wp-json\/wp\/v2\/fonds?post=98676"},{"taxonomy":"tradition","embeddable":true,"href":"https:\/\/www.iemj.org\/it\/wp-json\/wp\/v2\/tradition?post=98676"},{"taxonomy":"type-de-contenu","embeddable":true,"href":"https:\/\/www.iemj.org\/it\/wp-json\/wp\/v2\/type-de-contenu?post=98676"},{"taxonomy":"interprete-compositeur","embeddable":true,"href":"https:\/\/www.iemj.org\/it\/wp-json\/wp\/v2\/interprete-compositeur?post=98676"},{"taxonomy":"frise","embeddable":true,"href":"https:\/\/www.iemj.org\/it\/wp-json\/wp\/v2\/frise?post=98676"},{"taxonomy":"type-devenement","embeddable":true,"href":"https:\/\/www.iemj.org\/it\/wp-json\/wp\/v2\/type-devenement?post=98676"},{"taxonomy":"tableaux-liens-externes","embeddable":true,"href":"https:\/\/www.iemj.org\/it\/wp-json\/wp\/v2\/tableaux-liens-externes?post=98676"}],"curies":[{"name":"wp","href":"https:\/\/api.w.org\/{rel}","templated":true}]}}