{"id":98692,"date":"2018-10-10T16:34:33","date_gmt":"2018-10-10T14:34:33","guid":{"rendered":"https:\/\/www.iemj.org\/colloque-concert-isaac-strauss-musicien-et-collectionneur-sous-le-second-empire\/"},"modified":"2023-06-28T11:13:42","modified_gmt":"2023-06-28T09:13:42","slug":"colloque-concert-isaac-strauss-musicien-et-collectionneur-sous-le-second-empire","status":"publish","type":"post","link":"https:\/\/www.iemj.org\/it\/colloque-concert-isaac-strauss-musicien-et-collectionneur-sous-le-second-empire\/","title":{"rendered":"Colloquio \/ concerto: Isaac Strauss, musicista e collezionista sotto il Secondo Impero"},"content":{"rendered":"<h2><em>Programma radiofonico e video su Isaac Strauss in calce<\/em><\/h2>\n<p>Con la partecipazione di <strong>Dominique Jarrass\u00e9<\/strong>, Universit\u00e0 di Bordeaux III; <strong>C\u00e9dric Kleinklaus<\/strong>, musicista; <strong>Corinne Legoy<\/strong>, Universit\u00e0 di Orl\u00e9ans; <strong>Xavier Mauduit<\/strong>, storico e editorialista su Arte; <strong>Laure Schnapper<\/strong> e <strong>Jean Claude Yon<\/strong><\/p>\n<p><strong>Isaac Strauss<\/strong> (1806-1888), bisnonno di Claude L\u00e9vi-Strauss, ha costituito un&#8217;importante collezione d\u2019opere e d\u2019oggetti d&#8217;arte nel XIX secolo, nella quale i \u00ab\u00a0giudaica\u00a0\u00bb sono all&#8217;origine della collezione del MAHJ. Ha potuto assecondare la sua passione per il collezionismo grazie ad una eccezionale carriera musicale.<\/p>\n<p>Vicino all&#8217;imperatrice Eugenia, lo &#8220;Strauss di Parigi&#8221;, in un primo tempo violinista, diventa noto come direttore d&#8217;orchestra, compositore ed imprenditore di concerti, in particolare a Vichy ed all&#8217;Opera di Parigi, fino alla fine del Secondo Impero.<\/p>\n<p>La sua carriera di direttore d&#8217;orchestra e la musica che ha composto per i balli non sono mai state studiate sino ad ora.<\/p>\n<p><strong><a href=\"https:\/\/www.iemj.org\/concert-isaac-strauss-par-lorchestre-eugenie\/\">Colloquio seguito da un concerto alle 17:30.<\/a><\/strong><\/p>\n<p>A cura dell&#8217;<strong>Orchestra Eug\u00e9nie<\/strong>, orchestra da salotto di tradizione parigina<\/p>\n<p>Direzione musicale di <strong>Marc-Antoine Pingeon<\/strong><\/p>\n<p>Pianoforte, violino, violoncello, oboe, cornetta, contrabbasso, percussioni<\/p>\n<p>Questa giornata si concluder\u00e0 con un concerto che permetter\u00e0 di ascoltare brani (valzer, marce, quadriglie, polke, romanze) dell&#8217;immenso catalogo di Isaac Strauss, ed in particolare La Marche imperiale, che apriva ogni ballo ufficiale alle Tuileries come altre composizioni di suoi contemporanei ed eredi.<\/p>\n<p>Fa eco all&#8217;incontro \u201cDalla collezione Isaac Strauss al mahJ\u201d, gioved\u00ec 11 ottobre 2018 alle 19:30<\/p>\n<p><strong>Programma<\/strong><\/p>\n<p>&gt; <strong>10h30<\/strong><br \/>\nGli splendori del Secondo Impero<br \/>\nJean-Claude Yon, Universi\u00e0 di Versailles-Saint-Quentin-en-Yvelines, EPHE<br \/>\n&gt; <strong>11h<\/strong><br \/>\nLa carrierad\u2019Isaac Strauss. Elementi biografici<br \/>\nLaure Schnapper, EHESS<br \/>\n&gt; <strong>11h30<\/strong><br \/>\nLe collezioni d\u2019Isaac Strauss<br \/>\nDominique Jarrass\u00e9, Universit\u00e0 di Bordeaux III<br \/>\n&gt; <strong>12h<\/strong><br \/>\nDibattito con il pubblico<\/p>\n<p>Pausa pasto<\/p>\n<p>&gt; <strong>14h<\/strong><br \/>\nIl servizio della musica della cappella e della camera nella Casa dell&#8217;Imperatore<\/p>\n<p>Xavier Mauduit, storico e editorialista su Arte<br \/>\n&gt; <strong>14h30<\/strong><br \/>\n\u00ab Musard est mort : viva Strauss ! \u00bb, i balli dell\u2019Op\u00e9ra, dal Napoleone della contraddanza al Tamerlano del valzer<br \/>\nCorinne Legoy, universit\u00e9 d\u2019Orl\u00e9ans<br \/>\n&gt; <strong>15h<\/strong><br \/>\nStrauss imprenditore di concerti<br \/>\nLaure Schnapper, EHESS, et C\u00e9dric Kleinklaus, musicien<br \/>\n&gt; <strong>15h30<\/strong><br \/>\nStrauss compositeur<br \/>\nLaure Schnapper et C\u00e9dric Kleinklaus<br \/>\n&gt; <strong>16h<\/strong><br \/>\nDibattito con il pubblico<\/p>\n<p>Con il sostegno dell&#8217;EHESS, dell&#8217;EPHE, del laboratorio SAPRAT, dell&#8217;Universit\u00e0 di Versailles Saint-Quentin-en-Yvelines e dell&#8217;Istituto Europeo di Musiche Ebraiche.<\/p>\n<p><strong><em>Gratuito su prenotazione nei limiti dei posti disponibili<\/em><\/strong><\/p>\n<p><a href=\"http:\/\/www.akadem.org\/sommaire\/colloques\/isaac-strauss-musicien-et-collectionneur-sous-le-second-empire\/isaac-strauss-musicien-et-collectionneur-14-12-2018-106504_4820.php\">Guardare la video sulla giornata di studio Isaac Strauss<\/a><\/p>\n<p><a href=\"https:\/\/www.iemj.org\/classique-vous-avez-dit-classique-isaac-strauss\/\">Ascoltare il programma radiofonico di Laure Schnapper su Isaac Strauss<\/a><\/p>\n","protected":false},"excerpt":{"rendered":"<p>Programma radiofonico e video su Isaac Strauss in calce Con la partecipazione di Dominique Jarrass\u00e9, Universit\u00e0 di Bordeaux III; C\u00e9dric Kleinklaus, musicista; Corinne Legoy, Universit\u00e0 di Orl\u00e9ans; Xavier Mauduit, storico<\/p>\n","protected":false},"author":5,"featured_media":98693,"comment_status":"closed","ping_status":"open","sticky":false,"template":"","format":"standard","meta":{"_acf_changed":false,"footnotes":""},"categories":[1375,1371],"tags":[3421],"technique":[],"squelettes":[],"sujet":[],"formation":[],"genre":[],"fonds":[],"tradition":[],"type-de-contenu":[],"interprete-compositeur":[],"frise":[],"type-devenement":[],"tableaux-liens-externes":[],"class_list":["post-98692","post","type-post","status-publish","format-standard","has-post-thumbnail","hentry","category-colloquio-it","category-manifestazioni-it","tag-eventi-partner-it"],"acf":[],"yoast_head":"<!-- This site is optimized with the Yoast SEO plugin v27.3 - https:\/\/yoast.com\/product\/yoast-seo-wordpress\/ -->\n<title>Colloquio \/ concerto: Isaac Strauss, musicista e collezionista sotto il Secondo Impero - Institut Europ\u00e9en des Musiques Juives<\/title>\n<meta name=\"robots\" content=\"index, follow, max-snippet:-1, max-image-preview:large, max-video-preview:-1\" \/>\n<link rel=\"canonical\" href=\"https:\/\/www.iemj.org\/it\/colloque-concert-isaac-strauss-musicien-et-collectionneur-sous-le-second-empire\/\" \/>\n<meta property=\"og:locale\" content=\"it_IT\" \/>\n<meta property=\"og:type\" content=\"article\" \/>\n<meta property=\"og:title\" content=\"Colloquio \/ concerto: Isaac Strauss, musicista e collezionista sotto il Secondo Impero - Institut Europ\u00e9en des Musiques Juives\" \/>\n<meta property=\"og:description\" content=\"Programma radiofonico e video su Isaac Strauss in calce Con la partecipazione di Dominique Jarrass\u00e9, Universit\u00e0 di Bordeaux III; C\u00e9dric Kleinklaus, musicista; Corinne Legoy, Universit\u00e0 di Orl\u00e9ans; Xavier Mauduit, storico\" \/>\n<meta property=\"og:url\" content=\"https:\/\/www.iemj.org\/it\/colloque-concert-isaac-strauss-musicien-et-collectionneur-sous-le-second-empire\/\" \/>\n<meta property=\"og:site_name\" content=\"Institut Europ\u00e9en des Musiques Juives\" \/>\n<meta property=\"article:publisher\" content=\"https:\/\/www.facebook.com\/MusiquesJuives\/\" \/>\n<meta property=\"article:published_time\" content=\"2018-10-10T14:34:33+00:00\" \/>\n<meta property=\"article:modified_time\" content=\"2023-06-28T09:13:42+00:00\" \/>\n<meta property=\"og:image\" content=\"https:\/\/www.iemj.org\/wp-content\/uploads\/2018\/10\/arton3666.jpg\" \/>\n\t<meta property=\"og:image:width\" content=\"322\" \/>\n\t<meta property=\"og:image:height\" content=\"448\" \/>\n\t<meta property=\"og:image:type\" content=\"image\/jpeg\" \/>\n<meta name=\"author\" content=\"Jacqueline ROTEN\" \/>\n<meta name=\"twitter:card\" content=\"summary_large_image\" \/>\n<meta name=\"twitter:label1\" content=\"Scritto da\" \/>\n\t<meta name=\"twitter:data1\" content=\"Jacqueline ROTEN\" \/>\n\t<meta name=\"twitter:label2\" content=\"Tempo di lettura stimato\" \/>\n\t<meta name=\"twitter:data2\" content=\"2 minuti\" \/>\n<script type=\"application\/ld+json\" class=\"yoast-schema-graph\">{\"@context\":\"https:\\\/\\\/schema.org\",\"@graph\":[{\"@type\":\"Article\",\"@id\":\"https:\\\/\\\/www.iemj.org\\\/it\\\/colloque-concert-isaac-strauss-musicien-et-collectionneur-sous-le-second-empire\\\/#article\",\"isPartOf\":{\"@id\":\"https:\\\/\\\/www.iemj.org\\\/it\\\/colloque-concert-isaac-strauss-musicien-et-collectionneur-sous-le-second-empire\\\/\"},\"author\":{\"name\":\"Jacqueline ROTEN\",\"@id\":\"https:\\\/\\\/www.iemj.org\\\/it\\\/#\\\/schema\\\/person\\\/358e26c18aca017fcc4cc15437f7279c\"},\"headline\":\"Colloquio \\\/ concerto: Isaac Strauss, musicista e collezionista sotto il Secondo Impero\",\"datePublished\":\"2018-10-10T14:34:33+00:00\",\"dateModified\":\"2023-06-28T09:13:42+00:00\",\"mainEntityOfPage\":{\"@id\":\"https:\\\/\\\/www.iemj.org\\\/it\\\/colloque-concert-isaac-strauss-musicien-et-collectionneur-sous-le-second-empire\\\/\"},\"wordCount\":425,\"publisher\":{\"@id\":\"https:\\\/\\\/www.iemj.org\\\/it\\\/#organization\"},\"image\":{\"@id\":\"https:\\\/\\\/www.iemj.org\\\/it\\\/colloque-concert-isaac-strauss-musicien-et-collectionneur-sous-le-second-empire\\\/#primaryimage\"},\"thumbnailUrl\":\"https:\\\/\\\/www.iemj.org\\\/wp-content\\\/uploads\\\/2018\\\/10\\\/arton3666.jpg\",\"keywords\":[\"Eventi partner\"],\"articleSection\":[\"Colloquio\",\"Manifestazioni\"],\"inLanguage\":\"it-IT\"},{\"@type\":\"WebPage\",\"@id\":\"https:\\\/\\\/www.iemj.org\\\/it\\\/colloque-concert-isaac-strauss-musicien-et-collectionneur-sous-le-second-empire\\\/\",\"url\":\"https:\\\/\\\/www.iemj.org\\\/it\\\/colloque-concert-isaac-strauss-musicien-et-collectionneur-sous-le-second-empire\\\/\",\"name\":\"Colloquio \\\/ concerto: Isaac Strauss, musicista e collezionista sotto il Secondo Impero - Institut Europ\u00e9en des Musiques Juives\",\"isPartOf\":{\"@id\":\"https:\\\/\\\/www.iemj.org\\\/it\\\/#website\"},\"primaryImageOfPage\":{\"@id\":\"https:\\\/\\\/www.iemj.org\\\/it\\\/colloque-concert-isaac-strauss-musicien-et-collectionneur-sous-le-second-empire\\\/#primaryimage\"},\"image\":{\"@id\":\"https:\\\/\\\/www.iemj.org\\\/it\\\/colloque-concert-isaac-strauss-musicien-et-collectionneur-sous-le-second-empire\\\/#primaryimage\"},\"thumbnailUrl\":\"https:\\\/\\\/www.iemj.org\\\/wp-content\\\/uploads\\\/2018\\\/10\\\/arton3666.jpg\",\"datePublished\":\"2018-10-10T14:34:33+00:00\",\"dateModified\":\"2023-06-28T09:13:42+00:00\",\"breadcrumb\":{\"@id\":\"https:\\\/\\\/www.iemj.org\\\/it\\\/colloque-concert-isaac-strauss-musicien-et-collectionneur-sous-le-second-empire\\\/#breadcrumb\"},\"inLanguage\":\"it-IT\",\"potentialAction\":[{\"@type\":\"ReadAction\",\"target\":[\"https:\\\/\\\/www.iemj.org\\\/it\\\/colloque-concert-isaac-strauss-musicien-et-collectionneur-sous-le-second-empire\\\/\"]}]},{\"@type\":\"ImageObject\",\"inLanguage\":\"it-IT\",\"@id\":\"https:\\\/\\\/www.iemj.org\\\/it\\\/colloque-concert-isaac-strauss-musicien-et-collectionneur-sous-le-second-empire\\\/#primaryimage\",\"url\":\"https:\\\/\\\/www.iemj.org\\\/wp-content\\\/uploads\\\/2018\\\/10\\\/arton3666.jpg\",\"contentUrl\":\"https:\\\/\\\/www.iemj.org\\\/wp-content\\\/uploads\\\/2018\\\/10\\\/arton3666.jpg\",\"width\":322,\"height\":448},{\"@type\":\"BreadcrumbList\",\"@id\":\"https:\\\/\\\/www.iemj.org\\\/it\\\/colloque-concert-isaac-strauss-musicien-et-collectionneur-sous-le-second-empire\\\/#breadcrumb\",\"itemListElement\":[{\"@type\":\"ListItem\",\"position\":1,\"name\":\"Accueil\",\"item\":\"https:\\\/\\\/www.iemj.org\\\/it\\\/\"},{\"@type\":\"ListItem\",\"position\":2,\"name\":\"Colloquio \\\/ concerto: Isaac Strauss, musicista e collezionista sotto il Secondo Impero\"}]},{\"@type\":\"WebSite\",\"@id\":\"https:\\\/\\\/www.iemj.org\\\/it\\\/#website\",\"url\":\"https:\\\/\\\/www.iemj.org\\\/it\\\/\",\"name\":\"Institut Europ\u00e9en des Musiques Juives\",\"description\":\"Des traditions musicales \u00e0 la port\u00e9e de tous\",\"publisher\":{\"@id\":\"https:\\\/\\\/www.iemj.org\\\/it\\\/#organization\"},\"potentialAction\":[{\"@type\":\"SearchAction\",\"target\":{\"@type\":\"EntryPoint\",\"urlTemplate\":\"https:\\\/\\\/www.iemj.org\\\/it\\\/?s={search_term_string}\"},\"query-input\":{\"@type\":\"PropertyValueSpecification\",\"valueRequired\":true,\"valueName\":\"search_term_string\"}}],\"inLanguage\":\"it-IT\"},{\"@type\":\"Organization\",\"@id\":\"https:\\\/\\\/www.iemj.org\\\/it\\\/#organization\",\"name\":\"Institut Europ\u00e9en des Musiques Juives\",\"url\":\"https:\\\/\\\/www.iemj.org\\\/it\\\/\",\"logo\":{\"@type\":\"ImageObject\",\"inLanguage\":\"it-IT\",\"@id\":\"https:\\\/\\\/www.iemj.org\\\/it\\\/#\\\/schema\\\/logo\\\/image\\\/\",\"url\":\"https:\\\/\\\/www.iemj.org\\\/wp-content\\\/uploads\\\/2021\\\/09\\\/Logo-IEMJ-Paypal.jpg\",\"contentUrl\":\"https:\\\/\\\/www.iemj.org\\\/wp-content\\\/uploads\\\/2021\\\/09\\\/Logo-IEMJ-Paypal.jpg\",\"width\":150,\"height\":50,\"caption\":\"Institut Europ\u00e9en des Musiques Juives\"},\"image\":{\"@id\":\"https:\\\/\\\/www.iemj.org\\\/it\\\/#\\\/schema\\\/logo\\\/image\\\/\"},\"sameAs\":[\"https:\\\/\\\/www.facebook.com\\\/MusiquesJuives\\\/\",\"https:\\\/\\\/www.instagram.com\\\/musiquesjuives\\\/\",\"https:\\\/\\\/www.youtube.com\\\/user\\\/musiquesjuives\"]},{\"@type\":\"Person\",\"@id\":\"https:\\\/\\\/www.iemj.org\\\/it\\\/#\\\/schema\\\/person\\\/358e26c18aca017fcc4cc15437f7279c\",\"name\":\"Jacqueline ROTEN\",\"image\":{\"@type\":\"ImageObject\",\"inLanguage\":\"it-IT\",\"@id\":\"https:\\\/\\\/secure.gravatar.com\\\/avatar\\\/5964256d6c6957de3a3505278957e0fb2a35119ac47ea41827a65301213c810b?s=96&d=mm&r=g\",\"url\":\"https:\\\/\\\/secure.gravatar.com\\\/avatar\\\/5964256d6c6957de3a3505278957e0fb2a35119ac47ea41827a65301213c810b?s=96&d=mm&r=g\",\"contentUrl\":\"https:\\\/\\\/secure.gravatar.com\\\/avatar\\\/5964256d6c6957de3a3505278957e0fb2a35119ac47ea41827a65301213c810b?s=96&d=mm&r=g\",\"caption\":\"Jacqueline ROTEN\"}}]}<\/script>\n<!-- \/ Yoast SEO plugin. -->","yoast_head_json":{"title":"Colloquio \/ concerto: Isaac Strauss, musicista e collezionista sotto il Secondo Impero - Institut Europ\u00e9en des Musiques Juives","robots":{"index":"index","follow":"follow","max-snippet":"max-snippet:-1","max-image-preview":"max-image-preview:large","max-video-preview":"max-video-preview:-1"},"canonical":"https:\/\/www.iemj.org\/it\/colloque-concert-isaac-strauss-musicien-et-collectionneur-sous-le-second-empire\/","og_locale":"it_IT","og_type":"article","og_title":"Colloquio \/ concerto: Isaac Strauss, musicista e collezionista sotto il Secondo Impero - Institut Europ\u00e9en des Musiques Juives","og_description":"Programma radiofonico e video su Isaac Strauss in calce Con la partecipazione di Dominique Jarrass\u00e9, Universit\u00e0 di Bordeaux III; C\u00e9dric Kleinklaus, musicista; Corinne Legoy, Universit\u00e0 di Orl\u00e9ans; Xavier Mauduit, storico","og_url":"https:\/\/www.iemj.org\/it\/colloque-concert-isaac-strauss-musicien-et-collectionneur-sous-le-second-empire\/","og_site_name":"Institut Europ\u00e9en des Musiques Juives","article_publisher":"https:\/\/www.facebook.com\/MusiquesJuives\/","article_published_time":"2018-10-10T14:34:33+00:00","article_modified_time":"2023-06-28T09:13:42+00:00","og_image":[{"width":322,"height":448,"url":"https:\/\/www.iemj.org\/wp-content\/uploads\/2018\/10\/arton3666.jpg","type":"image\/jpeg"}],"author":"Jacqueline ROTEN","twitter_card":"summary_large_image","twitter_misc":{"Scritto da":"Jacqueline ROTEN","Tempo di lettura stimato":"2 minuti"},"schema":{"@context":"https:\/\/schema.org","@graph":[{"@type":"Article","@id":"https:\/\/www.iemj.org\/it\/colloque-concert-isaac-strauss-musicien-et-collectionneur-sous-le-second-empire\/#article","isPartOf":{"@id":"https:\/\/www.iemj.org\/it\/colloque-concert-isaac-strauss-musicien-et-collectionneur-sous-le-second-empire\/"},"author":{"name":"Jacqueline ROTEN","@id":"https:\/\/www.iemj.org\/it\/#\/schema\/person\/358e26c18aca017fcc4cc15437f7279c"},"headline":"Colloquio \/ concerto: Isaac Strauss, musicista e collezionista sotto il Secondo Impero","datePublished":"2018-10-10T14:34:33+00:00","dateModified":"2023-06-28T09:13:42+00:00","mainEntityOfPage":{"@id":"https:\/\/www.iemj.org\/it\/colloque-concert-isaac-strauss-musicien-et-collectionneur-sous-le-second-empire\/"},"wordCount":425,"publisher":{"@id":"https:\/\/www.iemj.org\/it\/#organization"},"image":{"@id":"https:\/\/www.iemj.org\/it\/colloque-concert-isaac-strauss-musicien-et-collectionneur-sous-le-second-empire\/#primaryimage"},"thumbnailUrl":"https:\/\/www.iemj.org\/wp-content\/uploads\/2018\/10\/arton3666.jpg","keywords":["Eventi partner"],"articleSection":["Colloquio","Manifestazioni"],"inLanguage":"it-IT"},{"@type":"WebPage","@id":"https:\/\/www.iemj.org\/it\/colloque-concert-isaac-strauss-musicien-et-collectionneur-sous-le-second-empire\/","url":"https:\/\/www.iemj.org\/it\/colloque-concert-isaac-strauss-musicien-et-collectionneur-sous-le-second-empire\/","name":"Colloquio \/ concerto: Isaac Strauss, musicista e collezionista sotto il Secondo Impero - Institut Europ\u00e9en des Musiques Juives","isPartOf":{"@id":"https:\/\/www.iemj.org\/it\/#website"},"primaryImageOfPage":{"@id":"https:\/\/www.iemj.org\/it\/colloque-concert-isaac-strauss-musicien-et-collectionneur-sous-le-second-empire\/#primaryimage"},"image":{"@id":"https:\/\/www.iemj.org\/it\/colloque-concert-isaac-strauss-musicien-et-collectionneur-sous-le-second-empire\/#primaryimage"},"thumbnailUrl":"https:\/\/www.iemj.org\/wp-content\/uploads\/2018\/10\/arton3666.jpg","datePublished":"2018-10-10T14:34:33+00:00","dateModified":"2023-06-28T09:13:42+00:00","breadcrumb":{"@id":"https:\/\/www.iemj.org\/it\/colloque-concert-isaac-strauss-musicien-et-collectionneur-sous-le-second-empire\/#breadcrumb"},"inLanguage":"it-IT","potentialAction":[{"@type":"ReadAction","target":["https:\/\/www.iemj.org\/it\/colloque-concert-isaac-strauss-musicien-et-collectionneur-sous-le-second-empire\/"]}]},{"@type":"ImageObject","inLanguage":"it-IT","@id":"https:\/\/www.iemj.org\/it\/colloque-concert-isaac-strauss-musicien-et-collectionneur-sous-le-second-empire\/#primaryimage","url":"https:\/\/www.iemj.org\/wp-content\/uploads\/2018\/10\/arton3666.jpg","contentUrl":"https:\/\/www.iemj.org\/wp-content\/uploads\/2018\/10\/arton3666.jpg","width":322,"height":448},{"@type":"BreadcrumbList","@id":"https:\/\/www.iemj.org\/it\/colloque-concert-isaac-strauss-musicien-et-collectionneur-sous-le-second-empire\/#breadcrumb","itemListElement":[{"@type":"ListItem","position":1,"name":"Accueil","item":"https:\/\/www.iemj.org\/it\/"},{"@type":"ListItem","position":2,"name":"Colloquio \/ concerto: Isaac Strauss, musicista e collezionista sotto il Secondo Impero"}]},{"@type":"WebSite","@id":"https:\/\/www.iemj.org\/it\/#website","url":"https:\/\/www.iemj.org\/it\/","name":"Institut Europ\u00e9en des Musiques Juives","description":"Des traditions musicales \u00e0 la port\u00e9e de tous","publisher":{"@id":"https:\/\/www.iemj.org\/it\/#organization"},"potentialAction":[{"@type":"SearchAction","target":{"@type":"EntryPoint","urlTemplate":"https:\/\/www.iemj.org\/it\/?s={search_term_string}"},"query-input":{"@type":"PropertyValueSpecification","valueRequired":true,"valueName":"search_term_string"}}],"inLanguage":"it-IT"},{"@type":"Organization","@id":"https:\/\/www.iemj.org\/it\/#organization","name":"Institut Europ\u00e9en des Musiques Juives","url":"https:\/\/www.iemj.org\/it\/","logo":{"@type":"ImageObject","inLanguage":"it-IT","@id":"https:\/\/www.iemj.org\/it\/#\/schema\/logo\/image\/","url":"https:\/\/www.iemj.org\/wp-content\/uploads\/2021\/09\/Logo-IEMJ-Paypal.jpg","contentUrl":"https:\/\/www.iemj.org\/wp-content\/uploads\/2021\/09\/Logo-IEMJ-Paypal.jpg","width":150,"height":50,"caption":"Institut Europ\u00e9en des Musiques Juives"},"image":{"@id":"https:\/\/www.iemj.org\/it\/#\/schema\/logo\/image\/"},"sameAs":["https:\/\/www.facebook.com\/MusiquesJuives\/","https:\/\/www.instagram.com\/musiquesjuives\/","https:\/\/www.youtube.com\/user\/musiquesjuives"]},{"@type":"Person","@id":"https:\/\/www.iemj.org\/it\/#\/schema\/person\/358e26c18aca017fcc4cc15437f7279c","name":"Jacqueline ROTEN","image":{"@type":"ImageObject","inLanguage":"it-IT","@id":"https:\/\/secure.gravatar.com\/avatar\/5964256d6c6957de3a3505278957e0fb2a35119ac47ea41827a65301213c810b?s=96&d=mm&r=g","url":"https:\/\/secure.gravatar.com\/avatar\/5964256d6c6957de3a3505278957e0fb2a35119ac47ea41827a65301213c810b?s=96&d=mm&r=g","contentUrl":"https:\/\/secure.gravatar.com\/avatar\/5964256d6c6957de3a3505278957e0fb2a35119ac47ea41827a65301213c810b?s=96&d=mm&r=g","caption":"Jacqueline ROTEN"}}]}},"_links":{"self":[{"href":"https:\/\/www.iemj.org\/it\/wp-json\/wp\/v2\/posts\/98692","targetHints":{"allow":["GET"]}}],"collection":[{"href":"https:\/\/www.iemj.org\/it\/wp-json\/wp\/v2\/posts"}],"about":[{"href":"https:\/\/www.iemj.org\/it\/wp-json\/wp\/v2\/types\/post"}],"author":[{"embeddable":true,"href":"https:\/\/www.iemj.org\/it\/wp-json\/wp\/v2\/users\/5"}],"replies":[{"embeddable":true,"href":"https:\/\/www.iemj.org\/it\/wp-json\/wp\/v2\/comments?post=98692"}],"version-history":[{"count":0,"href":"https:\/\/www.iemj.org\/it\/wp-json\/wp\/v2\/posts\/98692\/revisions"}],"wp:featuredmedia":[{"embeddable":true,"href":"https:\/\/www.iemj.org\/it\/wp-json\/wp\/v2\/media\/98693"}],"wp:attachment":[{"href":"https:\/\/www.iemj.org\/it\/wp-json\/wp\/v2\/media?parent=98692"}],"wp:term":[{"taxonomy":"category","embeddable":true,"href":"https:\/\/www.iemj.org\/it\/wp-json\/wp\/v2\/categories?post=98692"},{"taxonomy":"post_tag","embeddable":true,"href":"https:\/\/www.iemj.org\/it\/wp-json\/wp\/v2\/tags?post=98692"},{"taxonomy":"technique","embeddable":true,"href":"https:\/\/www.iemj.org\/it\/wp-json\/wp\/v2\/technique?post=98692"},{"taxonomy":"squelettes","embeddable":true,"href":"https:\/\/www.iemj.org\/it\/wp-json\/wp\/v2\/squelettes?post=98692"},{"taxonomy":"sujet","embeddable":true,"href":"https:\/\/www.iemj.org\/it\/wp-json\/wp\/v2\/sujet?post=98692"},{"taxonomy":"formation","embeddable":true,"href":"https:\/\/www.iemj.org\/it\/wp-json\/wp\/v2\/formation?post=98692"},{"taxonomy":"genre","embeddable":true,"href":"https:\/\/www.iemj.org\/it\/wp-json\/wp\/v2\/genre?post=98692"},{"taxonomy":"fonds","embeddable":true,"href":"https:\/\/www.iemj.org\/it\/wp-json\/wp\/v2\/fonds?post=98692"},{"taxonomy":"tradition","embeddable":true,"href":"https:\/\/www.iemj.org\/it\/wp-json\/wp\/v2\/tradition?post=98692"},{"taxonomy":"type-de-contenu","embeddable":true,"href":"https:\/\/www.iemj.org\/it\/wp-json\/wp\/v2\/type-de-contenu?post=98692"},{"taxonomy":"interprete-compositeur","embeddable":true,"href":"https:\/\/www.iemj.org\/it\/wp-json\/wp\/v2\/interprete-compositeur?post=98692"},{"taxonomy":"frise","embeddable":true,"href":"https:\/\/www.iemj.org\/it\/wp-json\/wp\/v2\/frise?post=98692"},{"taxonomy":"type-devenement","embeddable":true,"href":"https:\/\/www.iemj.org\/it\/wp-json\/wp\/v2\/type-devenement?post=98692"},{"taxonomy":"tableaux-liens-externes","embeddable":true,"href":"https:\/\/www.iemj.org\/it\/wp-json\/wp\/v2\/tableaux-liens-externes?post=98692"}],"curies":[{"name":"wp","href":"https:\/\/api.w.org\/{rel}","templated":true}]}}