{"id":98714,"date":"2018-07-03T15:58:30","date_gmt":"2018-07-03T13:58:30","guid":{"rendered":"https:\/\/www.iemj.org\/concert-de-gala-de-linstitut-europeen-des-musiques-juives-4e-edition\/"},"modified":"2023-06-28T11:52:05","modified_gmt":"2023-06-28T09:52:05","slug":"concert-de-gala-de-linstitut-europeen-des-musiques-juives-4e-edition","status":"publish","type":"post","link":"https:\/\/www.iemj.org\/it\/concert-de-gala-de-linstitut-europeen-des-musiques-juives-4e-edition\/","title":{"rendered":"Concerto di Gala dell&#8217;Istituto Europeo di Musiche Ebraiche \u2013 IV edizione"},"content":{"rendered":"<p style=\"text-align: center;\">\n<h3>Organizzato dalla Fondazione Henriette Halphen, sotto l&#8217;egida della Fondazione del Giudaismo Francese<\/h3>\n<p><!--more--><\/p>\n<h3 style=\"text-align: center;\">DOMENICA 11 NOVEMBRE 2018 ore 17:30,<\/h3>\n<h3 style=\"text-align: center;\">Sala Cortot &#8211; 78 rue Cardinet, 75017 Paris<\/h3>\n<h3 style=\"text-align: center;\">L&#8217;Istituto Europeo di Musiche Ebraiche \u00e8 lieto di invitarvi al suo Concerto di Gala<\/h3>\n<p style=\"text-align: center;\">\n<h3 style=\"text-align: center;\">\u201cLa musica ebraica in tutte le sue forme\u201d \u2013 4a edizione<\/h3>\n<p><center><strong>\u00a0<\/strong><\/center><center><strong>\u00a0<\/strong><\/center><center><\/center><center><strong>\u00a0<\/strong><\/center><center><strong>\u00a0<\/strong><\/center><center><center><strong>\u00a0<\/strong><\/center><center><strong>\u00a0<\/strong><\/center><center><\/center><strong>\u00a0<\/strong><\/center><center><center><\/center><center><strong>\u00a0<\/strong><\/center><center><\/center><center><strong>\u00a0<\/strong><\/center><center><strong>\u00a0<\/strong><\/center><center><strong>\u00a0<\/strong><\/center><\/center><center><strong>\u00a0<\/strong><\/center><center><strong>PROGRAMMA :<\/strong><\/center><center><\/center><center><\/center><center><\/center><center><strong>prima parte<\/strong><\/p>\n<p><\/center><center><strong>Fran\u00e7oise Atlan, accompagnata dai suoi musicisti orientali (qanoun, oud, percussione)<\/strong><br \/>\n<strong>Tuffo nel repertorio giudeo-marocchino, nei canti tipici del hawzi alg\u00e9rien ed in quelli della celebre cantante ebrea tunisina Habiba Msika<\/strong><\/center><center><\/p>\n<p style=\"text-align: left;\">Fran\u00e7oise Atlan, con la sua voce radiosa, crea un ricamo poetico e musicale mescolando culture arabe, ebraiche, castigliane e giudeo-spagnole attraverso canti nuziali, ninne nanne, canzoni d&#8217;amore mistiche e profane, decisamente mediterranee.<\/p>\n<p><\/center><center><strong>seconda parte<\/strong><\/p>\n<p><\/center><center><strong>L\u2019Ensemble Choral Copernic<\/strong><\/center><center><strong>Un repertorio variegato che combina canti yiddish e cori liturgici del XIX e XX secolo<\/strong><\/p>\n<p><\/center><center><\/p>\n<p style=\"text-align: left;\"><a style=\"font-size: inherit;\" href=\"https:\/\/copernic.paris\/fr\/activites\/chorales\/\"><strong>L\u2019Ensemble Choral Copernic<\/strong><\/a>, diretto da <a style=\"font-size: inherit;\" href=\"https:\/\/www.iemj.org\/it\/daniel-itai-1967\/\">Ita\u00ef Daniel<\/a>, canta brani del grande repertorio della musica ebraica, liturgica o profana, mantenendo cos\u00ec l&#8217;alta tradizione musicale di cui si nutre la liturgia di Copernic.<\/p>\n<p><img fetchpriority=\"high\" decoding=\"async\" src=\"https:\/\/www.iemj.org\/wp-content\/uploads\/2018\/07\/bandeau_artiste_gala_2018_pour_site_tiree_du_flyer_de_n._claveau.jpg\" alt=\"bandeau_artiste_gala_2018_pour_site_tiree_du_flyer_de_n._claveau.jpg\" width=\"966\" height=\"313\" align=\"center\" \/><\/p>\n<h2><strong><em>ACQUISTATE SUBITO I VOSTRI POSTI\u00a0!<\/em><\/strong><\/h2>\n<p><\/center>Questo concerto sar\u00e0 seguito da un <strong>brindisi dell\u2019amicizia<\/strong> con gli artisti (riservato solo ai <strong>posti oro, argento e platino<\/strong>).<\/p>\n<p><strong>Prezzo del biglietto :<\/strong> 15 \u20ac* \u2013 25 \u20ac \u2013 50 \u20ac** \u2013 100 \u20ac** \u2013 200 \u20ac** \u2013 500 \u20ac**<br \/>\n* Tariffa aderenti IEMJ in regola con il pagamento della quota 2018 (posti limitati) \u2013 <em>Posti da pagare esclusivamente tramite assegno all\u2019ordine di IEMJ, 29 rue Marcel Duchamp \u2013 75013 Paris<\/em><br \/>\n** con ricevuta Cerfa sulla parte donazione, la donazione rappresentando il prezzo del biglietto ridotto di 15 \u20ac<br \/>\n(Esempio: per un posto a 100 \u20ac, sar\u00e0 rilasciato un Cerfa di 85 \u20ac)<\/p>\n<p><strong><em>Biglietti in vendita in loco, il giorno del concerto, APERTURA DELLE CASSE dalle ore 16:45<\/em><\/strong><\/p>\n<p>Potete anche\u00a0<a href=\"https:\/\/www.iemj.org\/it\/produit\/dons\/\" target=\"_blank\" rel=\"noopener\"><u>sostenere l&#8217;Istituto Europeo di Musiche Ebraiche<\/u><\/a> effettuando un <a href=\"https:\/\/www.iemj.org\/it\/produit\/dons\/\" target=\"_blank\" rel=\"noopener\">dono online<\/a>. Una ricevuta Cerfa vi sar\u00e0 inviata.<\/p>\n<p><a href=\"https:\/\/www.iemj.org\/it\/fare-un-dono\/\"><img decoding=\"async\" class=\"alignright\" src=\"https:\/\/www.iemj.org\/wp-content\/uploads\/2017\/07\/logo_faire_un_don-2.jpg\" alt=\"logo_faire_un_don-2.jpg\" width=\"262\" height=\"123\" align=\"left\" \/><\/a><\/p>\n<p><strong>Informazioni pratiche :<\/strong><\/p>\n<p><strong>SALLE CORTOT<\/strong>, Ecole Normale de Musique de Paris, 78 rue Cardinet, 75017 Paris<br \/>\nT\u00e9l : (0)1 47 63 47 48<\/p>\n<ul>\n<li><a href=\"salle.cortot@ecolenormalecortot.com\">salle.cortot@ecolenormalecortot.com<\/a><\/li>\n<li><a href=\"http:\/\/www.sallecortot.com\/\">http:\/\/www.sallecortot.com\/<\/a><\/li>\n<li><a href=\"http:\/\/www.sallecortot.com\/infos_pratiques.htm\">http:\/\/www.sallecortot.com\/infos_pratiques.htm<\/a><\/li>\n<\/ul>\n<p><strong>Accesso :<\/strong><br \/>\nMetropolitana : linea 3, stazione Malesherbes | linea 2, stazione MonceauMetropolitana : linea 3, stazione Malesherbes | linea 2, stazione Monceau<br \/>\nAutobus : linee 31, 94 | Parcheggio macchine : parking Villiers, 14 avenue de Villiers |<\/p>\n<p>Taxi : stazione al 155 bd Malesherbes<br \/>\nVelib\u2019 : 64 rue de Tocqueville oppure 20 rue de Phalsbourg | Autolib\u2019 : 46 Avenue de Villiers | 22bis rue Legendre<\/p>\n<p><a href=\"https:\/\/www.iemj.org\/wp-content\/uploads\/2018\/07\/communique_de_presse_gala_iemj_2018.pdf\" target=\"_blank\" rel=\"noopener\">Scaricare il comunicato stampa<\/a><\/p>\n<h2><a href=\"https:\/\/www.iemj.org\/it\/videos-du-concert-de-gala-de-linstitut-europeen-des-musiques-juives-edition-2018\/\" target=\"_blank\" rel=\"noopener\">Visionare un estratto video del concerto<\/a><\/h2>\n","protected":false},"excerpt":{"rendered":"<p>Organizzato dalla Fondazione Henriette Halphen, sotto l&#8217;egida della Fondazione del Giudaismo Francese<\/p>\n","protected":false},"author":5,"featured_media":98715,"comment_status":"closed","ping_status":"open","sticky":false,"template":"","format":"standard","meta":{"_acf_changed":false,"footnotes":""},"categories":[1379,1371],"tags":[2224],"technique":[],"squelettes":[],"sujet":[],"formation":[],"genre":[],"fonds":[],"tradition":[],"type-de-contenu":[],"interprete-compositeur":[],"frise":[],"type-devenement":[],"tableaux-liens-externes":[],"class_list":["post-98714","post","type-post","status-publish","format-standard","has-post-thumbnail","hentry","category-concerti-manifestazioni-it","category-manifestazioni-it","tag-eventi-iemj-it"],"acf":[],"yoast_head":"<!-- This site is optimized with the Yoast SEO plugin v27.3 - https:\/\/yoast.com\/product\/yoast-seo-wordpress\/ -->\n<title>Concerto di Gala dell&#039;Istituto Europeo di Musiche Ebraiche \u2013 IV edizione - Institut Europ\u00e9en des Musiques Juives<\/title>\n<meta name=\"robots\" content=\"noindex, follow\" \/>\n<meta property=\"og:locale\" content=\"it_IT\" \/>\n<meta property=\"og:type\" content=\"article\" \/>\n<meta property=\"og:title\" content=\"Concerto di Gala dell&#039;Istituto Europeo di Musiche Ebraiche \u2013 IV edizione - Institut Europ\u00e9en des Musiques Juives\" \/>\n<meta property=\"og:description\" content=\"Organizzato dalla Fondazione Henriette Halphen, sotto l&#8217;egida della Fondazione del Giudaismo Francese\" \/>\n<meta property=\"og:url\" content=\"https:\/\/www.iemj.org\/it\/concert-de-gala-de-linstitut-europeen-des-musiques-juives-4e-edition\/\" \/>\n<meta property=\"og:site_name\" content=\"Institut Europ\u00e9en des Musiques Juives\" \/>\n<meta property=\"article:publisher\" content=\"https:\/\/www.facebook.com\/MusiquesJuives\/\" \/>\n<meta property=\"article:published_time\" content=\"2018-07-03T13:58:30+00:00\" \/>\n<meta property=\"article:modified_time\" content=\"2023-06-28T09:52:05+00:00\" \/>\n<meta property=\"og:image\" content=\"https:\/\/www.iemj.org\/wp-content\/uploads\/2018\/07\/arton3543-e1619450786703.jpg\" \/>\n\t<meta property=\"og:image:width\" content=\"350\" \/>\n\t<meta property=\"og:image:height\" content=\"495\" \/>\n\t<meta property=\"og:image:type\" content=\"image\/jpeg\" \/>\n<meta name=\"author\" content=\"Jacqueline ROTEN\" \/>\n<meta name=\"twitter:card\" content=\"summary_large_image\" \/>\n<meta name=\"twitter:label1\" content=\"Scritto da\" \/>\n\t<meta name=\"twitter:data1\" content=\"Jacqueline ROTEN\" \/>\n\t<meta name=\"twitter:label2\" content=\"Tempo di lettura stimato\" \/>\n\t<meta name=\"twitter:data2\" content=\"2 minuti\" \/>\n<script type=\"application\/ld+json\" class=\"yoast-schema-graph\">{\"@context\":\"https:\\\/\\\/schema.org\",\"@graph\":[{\"@type\":\"Article\",\"@id\":\"https:\\\/\\\/www.iemj.org\\\/it\\\/concert-de-gala-de-linstitut-europeen-des-musiques-juives-4e-edition\\\/#article\",\"isPartOf\":{\"@id\":\"https:\\\/\\\/www.iemj.org\\\/it\\\/concert-de-gala-de-linstitut-europeen-des-musiques-juives-4e-edition\\\/\"},\"author\":{\"name\":\"Jacqueline ROTEN\",\"@id\":\"https:\\\/\\\/www.iemj.org\\\/it\\\/#\\\/schema\\\/person\\\/358e26c18aca017fcc4cc15437f7279c\"},\"headline\":\"Concerto di Gala dell&#8217;Istituto Europeo di Musiche Ebraiche \u2013 IV edizione\",\"datePublished\":\"2018-07-03T13:58:30+00:00\",\"dateModified\":\"2023-06-28T09:52:05+00:00\",\"mainEntityOfPage\":{\"@id\":\"https:\\\/\\\/www.iemj.org\\\/it\\\/concert-de-gala-de-linstitut-europeen-des-musiques-juives-4e-edition\\\/\"},\"wordCount\":375,\"publisher\":{\"@id\":\"https:\\\/\\\/www.iemj.org\\\/it\\\/#organization\"},\"image\":{\"@id\":\"https:\\\/\\\/www.iemj.org\\\/it\\\/concert-de-gala-de-linstitut-europeen-des-musiques-juives-4e-edition\\\/#primaryimage\"},\"thumbnailUrl\":\"https:\\\/\\\/www.iemj.org\\\/wp-content\\\/uploads\\\/2018\\\/07\\\/arton3543-e1619450786703.jpg\",\"keywords\":[\"Eventi IEMJ\"],\"articleSection\":[\"Concerti\",\"Manifestazioni\"],\"inLanguage\":\"it-IT\"},{\"@type\":\"WebPage\",\"@id\":\"https:\\\/\\\/www.iemj.org\\\/it\\\/concert-de-gala-de-linstitut-europeen-des-musiques-juives-4e-edition\\\/\",\"url\":\"https:\\\/\\\/www.iemj.org\\\/it\\\/concert-de-gala-de-linstitut-europeen-des-musiques-juives-4e-edition\\\/\",\"name\":\"Concerto di Gala dell'Istituto Europeo di Musiche Ebraiche \u2013 IV edizione - Institut Europ\u00e9en des Musiques Juives\",\"isPartOf\":{\"@id\":\"https:\\\/\\\/www.iemj.org\\\/it\\\/#website\"},\"primaryImageOfPage\":{\"@id\":\"https:\\\/\\\/www.iemj.org\\\/it\\\/concert-de-gala-de-linstitut-europeen-des-musiques-juives-4e-edition\\\/#primaryimage\"},\"image\":{\"@id\":\"https:\\\/\\\/www.iemj.org\\\/it\\\/concert-de-gala-de-linstitut-europeen-des-musiques-juives-4e-edition\\\/#primaryimage\"},\"thumbnailUrl\":\"https:\\\/\\\/www.iemj.org\\\/wp-content\\\/uploads\\\/2018\\\/07\\\/arton3543-e1619450786703.jpg\",\"datePublished\":\"2018-07-03T13:58:30+00:00\",\"dateModified\":\"2023-06-28T09:52:05+00:00\",\"breadcrumb\":{\"@id\":\"https:\\\/\\\/www.iemj.org\\\/it\\\/concert-de-gala-de-linstitut-europeen-des-musiques-juives-4e-edition\\\/#breadcrumb\"},\"inLanguage\":\"it-IT\",\"potentialAction\":[{\"@type\":\"ReadAction\",\"target\":[\"https:\\\/\\\/www.iemj.org\\\/it\\\/concert-de-gala-de-linstitut-europeen-des-musiques-juives-4e-edition\\\/\"]}]},{\"@type\":\"ImageObject\",\"inLanguage\":\"it-IT\",\"@id\":\"https:\\\/\\\/www.iemj.org\\\/it\\\/concert-de-gala-de-linstitut-europeen-des-musiques-juives-4e-edition\\\/#primaryimage\",\"url\":\"https:\\\/\\\/www.iemj.org\\\/wp-content\\\/uploads\\\/2018\\\/07\\\/arton3543-e1619450786703.jpg\",\"contentUrl\":\"https:\\\/\\\/www.iemj.org\\\/wp-content\\\/uploads\\\/2018\\\/07\\\/arton3543-e1619450786703.jpg\",\"width\":350,\"height\":495},{\"@type\":\"BreadcrumbList\",\"@id\":\"https:\\\/\\\/www.iemj.org\\\/it\\\/concert-de-gala-de-linstitut-europeen-des-musiques-juives-4e-edition\\\/#breadcrumb\",\"itemListElement\":[{\"@type\":\"ListItem\",\"position\":1,\"name\":\"Accueil\",\"item\":\"https:\\\/\\\/www.iemj.org\\\/it\\\/\"},{\"@type\":\"ListItem\",\"position\":2,\"name\":\"Concerto di Gala dell&#8217;Istituto Europeo di Musiche Ebraiche \u2013 IV edizione\"}]},{\"@type\":\"WebSite\",\"@id\":\"https:\\\/\\\/www.iemj.org\\\/it\\\/#website\",\"url\":\"https:\\\/\\\/www.iemj.org\\\/it\\\/\",\"name\":\"Institut Europ\u00e9en des Musiques Juives\",\"description\":\"Des traditions musicales \u00e0 la port\u00e9e de tous\",\"publisher\":{\"@id\":\"https:\\\/\\\/www.iemj.org\\\/it\\\/#organization\"},\"potentialAction\":[{\"@type\":\"SearchAction\",\"target\":{\"@type\":\"EntryPoint\",\"urlTemplate\":\"https:\\\/\\\/www.iemj.org\\\/it\\\/?s={search_term_string}\"},\"query-input\":{\"@type\":\"PropertyValueSpecification\",\"valueRequired\":true,\"valueName\":\"search_term_string\"}}],\"inLanguage\":\"it-IT\"},{\"@type\":\"Organization\",\"@id\":\"https:\\\/\\\/www.iemj.org\\\/it\\\/#organization\",\"name\":\"Institut Europ\u00e9en des Musiques Juives\",\"url\":\"https:\\\/\\\/www.iemj.org\\\/it\\\/\",\"logo\":{\"@type\":\"ImageObject\",\"inLanguage\":\"it-IT\",\"@id\":\"https:\\\/\\\/www.iemj.org\\\/it\\\/#\\\/schema\\\/logo\\\/image\\\/\",\"url\":\"https:\\\/\\\/www.iemj.org\\\/wp-content\\\/uploads\\\/2021\\\/09\\\/Logo-IEMJ-Paypal.jpg\",\"contentUrl\":\"https:\\\/\\\/www.iemj.org\\\/wp-content\\\/uploads\\\/2021\\\/09\\\/Logo-IEMJ-Paypal.jpg\",\"width\":150,\"height\":50,\"caption\":\"Institut Europ\u00e9en des Musiques Juives\"},\"image\":{\"@id\":\"https:\\\/\\\/www.iemj.org\\\/it\\\/#\\\/schema\\\/logo\\\/image\\\/\"},\"sameAs\":[\"https:\\\/\\\/www.facebook.com\\\/MusiquesJuives\\\/\",\"https:\\\/\\\/www.instagram.com\\\/musiquesjuives\\\/\",\"https:\\\/\\\/www.youtube.com\\\/user\\\/musiquesjuives\"]},{\"@type\":\"Person\",\"@id\":\"https:\\\/\\\/www.iemj.org\\\/it\\\/#\\\/schema\\\/person\\\/358e26c18aca017fcc4cc15437f7279c\",\"name\":\"Jacqueline ROTEN\",\"image\":{\"@type\":\"ImageObject\",\"inLanguage\":\"it-IT\",\"@id\":\"https:\\\/\\\/secure.gravatar.com\\\/avatar\\\/5964256d6c6957de3a3505278957e0fb2a35119ac47ea41827a65301213c810b?s=96&d=mm&r=g\",\"url\":\"https:\\\/\\\/secure.gravatar.com\\\/avatar\\\/5964256d6c6957de3a3505278957e0fb2a35119ac47ea41827a65301213c810b?s=96&d=mm&r=g\",\"contentUrl\":\"https:\\\/\\\/secure.gravatar.com\\\/avatar\\\/5964256d6c6957de3a3505278957e0fb2a35119ac47ea41827a65301213c810b?s=96&d=mm&r=g\",\"caption\":\"Jacqueline ROTEN\"}}]}<\/script>\n<!-- \/ Yoast SEO plugin. -->","yoast_head_json":{"title":"Concerto di Gala dell'Istituto Europeo di Musiche Ebraiche \u2013 IV edizione - Institut Europ\u00e9en des Musiques Juives","robots":{"index":"noindex","follow":"follow"},"og_locale":"it_IT","og_type":"article","og_title":"Concerto di Gala dell'Istituto Europeo di Musiche Ebraiche \u2013 IV edizione - Institut Europ\u00e9en des Musiques Juives","og_description":"Organizzato dalla Fondazione Henriette Halphen, sotto l&#8217;egida della Fondazione del Giudaismo Francese","og_url":"https:\/\/www.iemj.org\/it\/concert-de-gala-de-linstitut-europeen-des-musiques-juives-4e-edition\/","og_site_name":"Institut Europ\u00e9en des Musiques Juives","article_publisher":"https:\/\/www.facebook.com\/MusiquesJuives\/","article_published_time":"2018-07-03T13:58:30+00:00","article_modified_time":"2023-06-28T09:52:05+00:00","og_image":[{"width":350,"height":495,"url":"https:\/\/www.iemj.org\/wp-content\/uploads\/2018\/07\/arton3543-e1619450786703.jpg","type":"image\/jpeg"}],"author":"Jacqueline ROTEN","twitter_card":"summary_large_image","twitter_misc":{"Scritto da":"Jacqueline ROTEN","Tempo di lettura stimato":"2 minuti"},"schema":{"@context":"https:\/\/schema.org","@graph":[{"@type":"Article","@id":"https:\/\/www.iemj.org\/it\/concert-de-gala-de-linstitut-europeen-des-musiques-juives-4e-edition\/#article","isPartOf":{"@id":"https:\/\/www.iemj.org\/it\/concert-de-gala-de-linstitut-europeen-des-musiques-juives-4e-edition\/"},"author":{"name":"Jacqueline ROTEN","@id":"https:\/\/www.iemj.org\/it\/#\/schema\/person\/358e26c18aca017fcc4cc15437f7279c"},"headline":"Concerto di Gala dell&#8217;Istituto Europeo di Musiche Ebraiche \u2013 IV edizione","datePublished":"2018-07-03T13:58:30+00:00","dateModified":"2023-06-28T09:52:05+00:00","mainEntityOfPage":{"@id":"https:\/\/www.iemj.org\/it\/concert-de-gala-de-linstitut-europeen-des-musiques-juives-4e-edition\/"},"wordCount":375,"publisher":{"@id":"https:\/\/www.iemj.org\/it\/#organization"},"image":{"@id":"https:\/\/www.iemj.org\/it\/concert-de-gala-de-linstitut-europeen-des-musiques-juives-4e-edition\/#primaryimage"},"thumbnailUrl":"https:\/\/www.iemj.org\/wp-content\/uploads\/2018\/07\/arton3543-e1619450786703.jpg","keywords":["Eventi IEMJ"],"articleSection":["Concerti","Manifestazioni"],"inLanguage":"it-IT"},{"@type":"WebPage","@id":"https:\/\/www.iemj.org\/it\/concert-de-gala-de-linstitut-europeen-des-musiques-juives-4e-edition\/","url":"https:\/\/www.iemj.org\/it\/concert-de-gala-de-linstitut-europeen-des-musiques-juives-4e-edition\/","name":"Concerto di Gala dell'Istituto Europeo di Musiche Ebraiche \u2013 IV edizione - Institut Europ\u00e9en des Musiques Juives","isPartOf":{"@id":"https:\/\/www.iemj.org\/it\/#website"},"primaryImageOfPage":{"@id":"https:\/\/www.iemj.org\/it\/concert-de-gala-de-linstitut-europeen-des-musiques-juives-4e-edition\/#primaryimage"},"image":{"@id":"https:\/\/www.iemj.org\/it\/concert-de-gala-de-linstitut-europeen-des-musiques-juives-4e-edition\/#primaryimage"},"thumbnailUrl":"https:\/\/www.iemj.org\/wp-content\/uploads\/2018\/07\/arton3543-e1619450786703.jpg","datePublished":"2018-07-03T13:58:30+00:00","dateModified":"2023-06-28T09:52:05+00:00","breadcrumb":{"@id":"https:\/\/www.iemj.org\/it\/concert-de-gala-de-linstitut-europeen-des-musiques-juives-4e-edition\/#breadcrumb"},"inLanguage":"it-IT","potentialAction":[{"@type":"ReadAction","target":["https:\/\/www.iemj.org\/it\/concert-de-gala-de-linstitut-europeen-des-musiques-juives-4e-edition\/"]}]},{"@type":"ImageObject","inLanguage":"it-IT","@id":"https:\/\/www.iemj.org\/it\/concert-de-gala-de-linstitut-europeen-des-musiques-juives-4e-edition\/#primaryimage","url":"https:\/\/www.iemj.org\/wp-content\/uploads\/2018\/07\/arton3543-e1619450786703.jpg","contentUrl":"https:\/\/www.iemj.org\/wp-content\/uploads\/2018\/07\/arton3543-e1619450786703.jpg","width":350,"height":495},{"@type":"BreadcrumbList","@id":"https:\/\/www.iemj.org\/it\/concert-de-gala-de-linstitut-europeen-des-musiques-juives-4e-edition\/#breadcrumb","itemListElement":[{"@type":"ListItem","position":1,"name":"Accueil","item":"https:\/\/www.iemj.org\/it\/"},{"@type":"ListItem","position":2,"name":"Concerto di Gala dell&#8217;Istituto Europeo di Musiche Ebraiche \u2013 IV edizione"}]},{"@type":"WebSite","@id":"https:\/\/www.iemj.org\/it\/#website","url":"https:\/\/www.iemj.org\/it\/","name":"Institut Europ\u00e9en des Musiques Juives","description":"Des traditions musicales \u00e0 la port\u00e9e de tous","publisher":{"@id":"https:\/\/www.iemj.org\/it\/#organization"},"potentialAction":[{"@type":"SearchAction","target":{"@type":"EntryPoint","urlTemplate":"https:\/\/www.iemj.org\/it\/?s={search_term_string}"},"query-input":{"@type":"PropertyValueSpecification","valueRequired":true,"valueName":"search_term_string"}}],"inLanguage":"it-IT"},{"@type":"Organization","@id":"https:\/\/www.iemj.org\/it\/#organization","name":"Institut Europ\u00e9en des Musiques Juives","url":"https:\/\/www.iemj.org\/it\/","logo":{"@type":"ImageObject","inLanguage":"it-IT","@id":"https:\/\/www.iemj.org\/it\/#\/schema\/logo\/image\/","url":"https:\/\/www.iemj.org\/wp-content\/uploads\/2021\/09\/Logo-IEMJ-Paypal.jpg","contentUrl":"https:\/\/www.iemj.org\/wp-content\/uploads\/2021\/09\/Logo-IEMJ-Paypal.jpg","width":150,"height":50,"caption":"Institut Europ\u00e9en des Musiques Juives"},"image":{"@id":"https:\/\/www.iemj.org\/it\/#\/schema\/logo\/image\/"},"sameAs":["https:\/\/www.facebook.com\/MusiquesJuives\/","https:\/\/www.instagram.com\/musiquesjuives\/","https:\/\/www.youtube.com\/user\/musiquesjuives"]},{"@type":"Person","@id":"https:\/\/www.iemj.org\/it\/#\/schema\/person\/358e26c18aca017fcc4cc15437f7279c","name":"Jacqueline ROTEN","image":{"@type":"ImageObject","inLanguage":"it-IT","@id":"https:\/\/secure.gravatar.com\/avatar\/5964256d6c6957de3a3505278957e0fb2a35119ac47ea41827a65301213c810b?s=96&d=mm&r=g","url":"https:\/\/secure.gravatar.com\/avatar\/5964256d6c6957de3a3505278957e0fb2a35119ac47ea41827a65301213c810b?s=96&d=mm&r=g","contentUrl":"https:\/\/secure.gravatar.com\/avatar\/5964256d6c6957de3a3505278957e0fb2a35119ac47ea41827a65301213c810b?s=96&d=mm&r=g","caption":"Jacqueline ROTEN"}}]}},"_links":{"self":[{"href":"https:\/\/www.iemj.org\/it\/wp-json\/wp\/v2\/posts\/98714","targetHints":{"allow":["GET"]}}],"collection":[{"href":"https:\/\/www.iemj.org\/it\/wp-json\/wp\/v2\/posts"}],"about":[{"href":"https:\/\/www.iemj.org\/it\/wp-json\/wp\/v2\/types\/post"}],"author":[{"embeddable":true,"href":"https:\/\/www.iemj.org\/it\/wp-json\/wp\/v2\/users\/5"}],"replies":[{"embeddable":true,"href":"https:\/\/www.iemj.org\/it\/wp-json\/wp\/v2\/comments?post=98714"}],"version-history":[{"count":0,"href":"https:\/\/www.iemj.org\/it\/wp-json\/wp\/v2\/posts\/98714\/revisions"}],"wp:featuredmedia":[{"embeddable":true,"href":"https:\/\/www.iemj.org\/it\/wp-json\/wp\/v2\/media\/98715"}],"wp:attachment":[{"href":"https:\/\/www.iemj.org\/it\/wp-json\/wp\/v2\/media?parent=98714"}],"wp:term":[{"taxonomy":"category","embeddable":true,"href":"https:\/\/www.iemj.org\/it\/wp-json\/wp\/v2\/categories?post=98714"},{"taxonomy":"post_tag","embeddable":true,"href":"https:\/\/www.iemj.org\/it\/wp-json\/wp\/v2\/tags?post=98714"},{"taxonomy":"technique","embeddable":true,"href":"https:\/\/www.iemj.org\/it\/wp-json\/wp\/v2\/technique?post=98714"},{"taxonomy":"squelettes","embeddable":true,"href":"https:\/\/www.iemj.org\/it\/wp-json\/wp\/v2\/squelettes?post=98714"},{"taxonomy":"sujet","embeddable":true,"href":"https:\/\/www.iemj.org\/it\/wp-json\/wp\/v2\/sujet?post=98714"},{"taxonomy":"formation","embeddable":true,"href":"https:\/\/www.iemj.org\/it\/wp-json\/wp\/v2\/formation?post=98714"},{"taxonomy":"genre","embeddable":true,"href":"https:\/\/www.iemj.org\/it\/wp-json\/wp\/v2\/genre?post=98714"},{"taxonomy":"fonds","embeddable":true,"href":"https:\/\/www.iemj.org\/it\/wp-json\/wp\/v2\/fonds?post=98714"},{"taxonomy":"tradition","embeddable":true,"href":"https:\/\/www.iemj.org\/it\/wp-json\/wp\/v2\/tradition?post=98714"},{"taxonomy":"type-de-contenu","embeddable":true,"href":"https:\/\/www.iemj.org\/it\/wp-json\/wp\/v2\/type-de-contenu?post=98714"},{"taxonomy":"interprete-compositeur","embeddable":true,"href":"https:\/\/www.iemj.org\/it\/wp-json\/wp\/v2\/interprete-compositeur?post=98714"},{"taxonomy":"frise","embeddable":true,"href":"https:\/\/www.iemj.org\/it\/wp-json\/wp\/v2\/frise?post=98714"},{"taxonomy":"type-devenement","embeddable":true,"href":"https:\/\/www.iemj.org\/it\/wp-json\/wp\/v2\/type-devenement?post=98714"},{"taxonomy":"tableaux-liens-externes","embeddable":true,"href":"https:\/\/www.iemj.org\/it\/wp-json\/wp\/v2\/tableaux-liens-externes?post=98714"}],"curies":[{"name":"wp","href":"https:\/\/api.w.org\/{rel}","templated":true}]}}